{"id":30420,"date":"2025-08-26T11:49:39","date_gmt":"2025-08-26T11:49:39","guid":{"rendered":"https:\/\/lequotidien.mr\/?p=30420"},"modified":"2025-08-26T11:49:39","modified_gmt":"2025-08-26T11:49:39","slug":"port-autonome-de-nouakchott-la-vaccination-comme-ecran-de-fumee-dune-gestion-calamiteuse","status":"publish","type":"post","link":"https:\/\/lequotidien.mr\/?p=30420&lang=fr","title":{"rendered":"Port autonome de Nouakchott : la vaccination comme \u00e9cran de fum\u00e9e d\u2019une gestion calamiteuse"},"content":{"rendered":"<p>Ce lundi matin, le Port autonome de Nouakchott a lanc\u00e9 en grande pompe une campagne de d\u00e9pistage et de vaccination contre l\u2019h\u00e9patite virale, \u00e0 l\u2019occasion de la journ\u00e9e mondiale consacr\u00e9e \u00e0 cette maladie. Derri\u00e8re les sourires officiels, les photos bien cadr\u00e9es et les discours convenus, se cache pourtant une autre r\u00e9alit\u00e9 : celle d\u2019une infrastructure strat\u00e9gique mal g\u00e9r\u00e9e, gangren\u00e9e par les lenteurs, les surco\u00fbts, et un m\u00e9pris persistant pour les conditions de travail des dockers.<\/p>\n<p><strong>Une op\u00e9ration sanitaire instrumentalis\u00e9e<\/strong><\/p>\n<p>La vaccination est \u00e9videmment une initiative louable. Personne ne contestera l\u2019importance de prot\u00e9ger les travailleurs portuaires contre une maladie silencieuse mais grave. Mais \u00e0 quel moment le port a-t-il r\u00e9ellement pris soin de sa main-d\u2019\u0153uvre ? Ces m\u00eames dockers, aujourd\u2019hui invit\u00e9s devant les cam\u00e9ras pour tendre le bras \u00e0 une seringue, sont les premiers \u00e0 se plaindre de conditions de travail pr\u00e9caires : absence d\u2019assurance maladie, \u00e9quipements de protection inexistants, salaires irr\u00e9guliers, accidents pass\u00e9s sous silence.<\/p>\n<p>D\u00e8s lors, cette campagne n\u2019appara\u00eet pas comme un v\u00e9ritable tournant social, mais comme une op\u00e9ration de communication. Une mani\u00e8re habile de vernir l\u2019image d\u2019un \u00e9tablissement r\u00e9guli\u00e8rement point\u00e9 du doigt pour ses d\u00e9rives, et de d\u00e9tourner l\u2019attention des \u00e9checs criants dans la gestion quotidienne du port.<\/p>\n<p><strong>Le vrai mal du port : la gouvernance<\/strong><\/p>\n<p>Au-del\u00e0 de l\u2019\u00e9pisode sanitaire, le Port de Nouakchott souffre d\u2019un mal bien plus profond : la mauvaise gouvernance. Ce qui devrait \u00eatre un poumon \u00e9conomique vital pour la Mauritanie est devenu un symbole de gaspillage et d\u2019inefficacit\u00e9.<\/p>\n<ul>\n<li><strong>Infrastructures obsol\u00e8tes<\/strong> : les quais satur\u00e9s, les retards d\u2019accostage, les ruptures de services restent le lot quotidien.<\/li>\n<li><strong>Co\u00fbts exorbitants<\/strong> : les op\u00e9rateurs \u00e9conomiques d\u00e9noncent r\u00e9guli\u00e8rement des frais portuaires parmi les plus \u00e9lev\u00e9s de la sous-r\u00e9gion, grevant la comp\u00e9titivit\u00e9 nationale.<\/li>\n<li><strong>Corruption et client\u00e9lisme<\/strong> : recrutements opaques, march\u00e9s attribu\u00e9s sans transparence, et pratiques douteuses qui alimentent un cercle vicieux d\u2019inefficacit\u00e9.<\/li>\n<li><strong>Impact sur le consommateur<\/strong> : chaque retard et chaque surco\u00fbt au port se r\u00e9percute directement sur les prix dans les march\u00e9s, aggravant la chert\u00e9 de la vie pour les m\u00e9nages mauritaniens.<\/li>\n<\/ul>\n<p><strong>Quand la sant\u00e9 masque l\u2019\u00e9chec \u00e9conomique<\/strong><\/p>\n<p>Pr\u00e9senter une campagne de vaccination comme \u00ab contribution \u00e0 la politique sanitaire nationale \u00bb ne peut masquer une \u00e9vidence : le port peine \u00e0 remplir sa mission essentielle, celle d\u2019assurer la fluidit\u00e9 des \u00e9changes commerciaux et de soutenir l\u2019\u00e9conomie nationale. Alors que la Mauritanie d\u00e9pend \u00e0 plus de 70 % de ses importations alimentaires, la moindre congestion au port entra\u00eene une flamb\u00e9e imm\u00e9diate des prix du riz, du sucre, de l\u2019huile ou du ciment.<\/p>\n<p>Il est donc l\u00e9gitime de d\u00e9noncer ce double langage : d\u2019un c\u00f4t\u00e9, on vaccine quelques centaines de dockers sous les cam\u00e9ras ; de l\u2019autre, on laisse pourrir une situation structurelle qui p\u00e9nalise toute la nation.<\/p>\n<p>La sant\u00e9 des travailleurs est pr\u00e9cieuse, mais elle ne doit pas servir de paravent \u00e0 une gouvernance d\u00e9faillante. Tant que le Port autonome de Nouakchott continuera d\u2019\u00eatre g\u00e9r\u00e9 comme une caisse opaque et une sc\u00e8ne de communication politique, aucune seringue, si utile soit-elle, ne pourra gu\u00e9rir ses v\u00e9ritables maladies : la corruption, l\u2019inefficacit\u00e9 et le m\u00e9pris du bien public.<\/p>\n<p>&nbsp;<\/p>\n","protected":false},"excerpt":{"rendered":"<p>Ce lundi matin, le Port autonome de Nouakchott a lanc\u00e9 en grande pompe une campagne de d\u00e9pistage et de vaccination contre l\u2019h\u00e9patite virale, \u00e0 l\u2019occasion de la journ\u00e9e mondiale consacr\u00e9e \u00e0 cette maladie. Derri\u00e8re les sourires officiels, les photos bien cadr\u00e9es et les discours convenus, se cache pourtant une autre r\u00e9alit\u00e9 : celle d\u2019une infrastructure&#8230;..<\/p>\n","protected":false},"author":4,"featured_media":30421,"comment_status":"open","ping_status":"open","sticky":false,"template":"","format":"standard","meta":{"footnotes":""},"categories":[23,49,57],"tags":[],"class_list":["post-30420","post","type-post","status-publish","format-standard","has-post-thumbnail","hentry","category-actualite","category-economie","category-couverture-specilale"],"yoast_head":"<!-- This site is optimized with the Yoast SEO plugin v27.5 - https:\/\/yoast.com\/product\/yoast-seo-wordpress\/ -->\n<title>Port autonome de Nouakchott : la vaccination comme \u00e9cran de fum\u00e9e d\u2019une gestion calamiteuse - Le Quotidien de Nouakchott<\/title>\n<meta name=\"robots\" content=\"index, follow, max-snippet:-1, max-image-preview:large, max-video-preview:-1\" \/>\n<link rel=\"canonical\" href=\"https:\/\/lequotidien.mr\/?p=30420&lang=fr\" \/>\n<meta property=\"og:locale\" content=\"ar_AR\" \/>\n<meta property=\"og:type\" content=\"article\" \/>\n<meta property=\"og:title\" content=\"Port autonome de Nouakchott : la vaccination comme \u00e9cran de fum\u00e9e d\u2019une gestion calamiteuse - Le Quotidien de Nouakchott\" \/>\n<meta property=\"og:description\" content=\"Ce lundi matin, le Port autonome de Nouakchott a lanc\u00e9 en grande pompe une campagne de d\u00e9pistage et de vaccination contre l\u2019h\u00e9patite virale, \u00e0 l\u2019occasion de la journ\u00e9e mondiale consacr\u00e9e \u00e0 cette maladie. Derri\u00e8re les sourires officiels, les photos bien cadr\u00e9es et les discours convenus, se cache pourtant une autre r\u00e9alit\u00e9 : celle d\u2019une infrastructure.....\" \/>\n<meta property=\"og:url\" content=\"https:\/\/lequotidien.mr\/?p=30420&amp;lang=fr\" \/>\n<meta property=\"og:site_name\" content=\"Le Quotidien de Nouakchott\" \/>\n<meta property=\"article:publisher\" content=\"https:\/\/web.facebook.com\/lequotidienmr\" \/>\n<meta property=\"article:published_time\" content=\"2025-08-26T11:49:39+00:00\" \/>\n<meta property=\"og:image\" content=\"https:\/\/lequotidien.mr\/wp-content\/uploads\/2025\/08\/port.jpg\" \/>\n\t<meta property=\"og:image:width\" content=\"2048\" \/>\n\t<meta property=\"og:image:height\" content=\"1536\" \/>\n\t<meta property=\"og:image:type\" content=\"image\/jpeg\" \/>\n<meta name=\"author\" content=\"Le Quotidien\" \/>\n<meta name=\"twitter:card\" content=\"summary_large_image\" \/>\n<meta name=\"twitter:creator\" content=\"@lequotidienmr\" \/>\n<meta name=\"twitter:site\" content=\"@lequotidienmr\" \/>\n<meta name=\"twitter:label1\" content=\"\u0643\u064f\u062a\u0628 \u0628\u0648\u0627\u0633\u0637\u0629\" \/>\n\t<meta name=\"twitter:data1\" content=\"Le Quotidien\" \/>\n\t<meta name=\"twitter:label2\" content=\"\u0648\u0642\u062a \u0627\u0644\u0642\u0631\u0627\u0621\u0629 \u0627\u0644\u0645\u064f\u0642\u062f\u0651\u0631\" \/>\n\t<meta name=\"twitter:data2\" content=\"4 \u062f\u0642\u0627\u0626\u0642\" \/>\n<script type=\"application\/ld+json\" class=\"yoast-schema-graph\">{\"@context\":\"https:\\\/\\\/schema.org\",\"@graph\":[{\"@type\":\"Article\",\"@id\":\"https:\\\/\\\/lequotidien.mr\\\/?p=30420&lang=fr#article\",\"isPartOf\":{\"@id\":\"https:\\\/\\\/lequotidien.mr\\\/?p=30420&lang=fr\"},\"author\":{\"name\":\"Le Quotidien\",\"@id\":\"https:\\\/\\\/lequotidien.mr\\\/#\\\/schema\\\/person\\\/f90fcdaa970c60288de4ed2e64a56472\"},\"headline\":\"Port autonome de Nouakchott : la vaccination comme \u00e9cran de fum\u00e9e d\u2019une gestion calamiteuse\",\"datePublished\":\"2025-08-26T11:49:39+00:00\",\"mainEntityOfPage\":{\"@id\":\"https:\\\/\\\/lequotidien.mr\\\/?p=30420&lang=fr\"},\"wordCount\":588,\"commentCount\":0,\"publisher\":{\"@id\":\"https:\\\/\\\/lequotidien.mr\\\/#organization\"},\"image\":{\"@id\":\"https:\\\/\\\/lequotidien.mr\\\/?p=30420&lang=fr#primaryimage\"},\"thumbnailUrl\":\"https:\\\/\\\/lequotidien.mr\\\/wp-content\\\/uploads\\\/2025\\\/08\\\/port.jpg\",\"articleSection\":[\"ACTUALIT\u00c9\",\"Economie\",\"Couverture sp\u00e9cilale\"],\"inLanguage\":\"ar\",\"potentialAction\":[{\"@type\":\"CommentAction\",\"name\":\"Comment\",\"target\":[\"https:\\\/\\\/lequotidien.mr\\\/?p=30420&lang=fr#respond\"]}]},{\"@type\":\"WebPage\",\"@id\":\"https:\\\/\\\/lequotidien.mr\\\/?p=30420&lang=fr\",\"url\":\"https:\\\/\\\/lequotidien.mr\\\/?p=30420&lang=fr\",\"name\":\"Port autonome de Nouakchott : la vaccination comme \u00e9cran de fum\u00e9e d\u2019une gestion calamiteuse - Le Quotidien de Nouakchott\",\"isPartOf\":{\"@id\":\"https:\\\/\\\/lequotidien.mr\\\/#website\"},\"primaryImageOfPage\":{\"@id\":\"https:\\\/\\\/lequotidien.mr\\\/?p=30420&lang=fr#primaryimage\"},\"image\":{\"@id\":\"https:\\\/\\\/lequotidien.mr\\\/?p=30420&lang=fr#primaryimage\"},\"thumbnailUrl\":\"https:\\\/\\\/lequotidien.mr\\\/wp-content\\\/uploads\\\/2025\\\/08\\\/port.jpg\",\"datePublished\":\"2025-08-26T11:49:39+00:00\",\"breadcrumb\":{\"@id\":\"https:\\\/\\\/lequotidien.mr\\\/?p=30420&lang=fr#breadcrumb\"},\"inLanguage\":\"ar\",\"potentialAction\":[{\"@type\":\"ReadAction\",\"target\":[\"https:\\\/\\\/lequotidien.mr\\\/?p=30420&lang=fr\"]}]},{\"@type\":\"ImageObject\",\"inLanguage\":\"ar\",\"@id\":\"https:\\\/\\\/lequotidien.mr\\\/?p=30420&lang=fr#primaryimage\",\"url\":\"https:\\\/\\\/lequotidien.mr\\\/wp-content\\\/uploads\\\/2025\\\/08\\\/port.jpg\",\"contentUrl\":\"https:\\\/\\\/lequotidien.mr\\\/wp-content\\\/uploads\\\/2025\\\/08\\\/port.jpg\",\"width\":2048,\"height\":1536},{\"@type\":\"BreadcrumbList\",\"@id\":\"https:\\\/\\\/lequotidien.mr\\\/?p=30420&lang=fr#breadcrumb\",\"itemListElement\":[{\"@type\":\"ListItem\",\"position\":1,\"name\":\"Home\",\"item\":\"https:\\\/\\\/lequotidien.mr\\\/\"},{\"@type\":\"ListItem\",\"position\":2,\"name\":\"Port autonome de Nouakchott : la vaccination comme \u00e9cran de fum\u00e9e d\u2019une gestion calamiteuse\"}]},{\"@type\":\"WebSite\",\"@id\":\"https:\\\/\\\/lequotidien.mr\\\/#website\",\"url\":\"https:\\\/\\\/lequotidien.mr\\\/\",\"name\":\"Le Quotidien de Nouakchott\",\"description\":\"\u0625\u062e\u0628\u0627\u0631\u064a\u0629 \u0645\u0633\u062a\u0642\u0644\u0629 \u0644\u0644\u0623\u0646\u0628\u0627\u0621 \u0627\u0644\u0639\u0627\u0645\u0629\",\"publisher\":{\"@id\":\"https:\\\/\\\/lequotidien.mr\\\/#organization\"},\"potentialAction\":[{\"@type\":\"SearchAction\",\"target\":{\"@type\":\"EntryPoint\",\"urlTemplate\":\"https:\\\/\\\/lequotidien.mr\\\/?s={search_term_string}\"},\"query-input\":{\"@type\":\"PropertyValueSpecification\",\"valueRequired\":true,\"valueName\":\"search_term_string\"}}],\"inLanguage\":\"ar\"},{\"@type\":\"Organization\",\"@id\":\"https:\\\/\\\/lequotidien.mr\\\/#organization\",\"name\":\"Le Quotidien de Nouakchott\",\"url\":\"https:\\\/\\\/lequotidien.mr\\\/\",\"logo\":{\"@type\":\"ImageObject\",\"inLanguage\":\"ar\",\"@id\":\"https:\\\/\\\/lequotidien.mr\\\/#\\\/schema\\\/logo\\\/image\\\/\",\"url\":\"https:\\\/\\\/lequotidien.mr\\\/wp-content\\\/uploads\\\/2022\\\/11\\\/logolequotidien.jpg\",\"contentUrl\":\"https:\\\/\\\/lequotidien.mr\\\/wp-content\\\/uploads\\\/2022\\\/11\\\/logolequotidien.jpg\",\"width\":290,\"height\":65,\"caption\":\"Le Quotidien de Nouakchott\"},\"image\":{\"@id\":\"https:\\\/\\\/lequotidien.mr\\\/#\\\/schema\\\/logo\\\/image\\\/\"},\"sameAs\":[\"https:\\\/\\\/web.facebook.com\\\/lequotidienmr\",\"https:\\\/\\\/x.com\\\/lequotidienmr\"]},{\"@type\":\"Person\",\"@id\":\"https:\\\/\\\/lequotidien.mr\\\/#\\\/schema\\\/person\\\/f90fcdaa970c60288de4ed2e64a56472\",\"name\":\"Le Quotidien\",\"image\":{\"@type\":\"ImageObject\",\"inLanguage\":\"ar\",\"@id\":\"https:\\\/\\\/secure.gravatar.com\\\/avatar\\\/374cb39a1a458a912465a93e5a3ce6546886fc3da809a1f10c63e4e8fcbca30f?s=96&d=mm&r=g\",\"url\":\"https:\\\/\\\/secure.gravatar.com\\\/avatar\\\/374cb39a1a458a912465a93e5a3ce6546886fc3da809a1f10c63e4e8fcbca30f?s=96&d=mm&r=g\",\"contentUrl\":\"https:\\\/\\\/secure.gravatar.com\\\/avatar\\\/374cb39a1a458a912465a93e5a3ce6546886fc3da809a1f10c63e4e8fcbca30f?s=96&d=mm&r=g\",\"caption\":\"Le Quotidien\"},\"sameAs\":[\"https:\\\/\\\/lequotidien.mr\\\/\"],\"url\":\"https:\\\/\\\/lequotidien.mr\\\/?author=4\"}]}<\/script>\n<!-- \/ Yoast SEO plugin. -->","yoast_head_json":{"title":"Port autonome de Nouakchott : la vaccination comme \u00e9cran de fum\u00e9e d\u2019une gestion calamiteuse - Le Quotidien de Nouakchott","robots":{"index":"index","follow":"follow","max-snippet":"max-snippet:-1","max-image-preview":"max-image-preview:large","max-video-preview":"max-video-preview:-1"},"canonical":"https:\/\/lequotidien.mr\/?p=30420&lang=fr","og_locale":"ar_AR","og_type":"article","og_title":"Port autonome de Nouakchott : la vaccination comme \u00e9cran de fum\u00e9e d\u2019une gestion calamiteuse - Le Quotidien de Nouakchott","og_description":"Ce lundi matin, le Port autonome de Nouakchott a lanc\u00e9 en grande pompe une campagne de d\u00e9pistage et de vaccination contre l\u2019h\u00e9patite virale, \u00e0 l\u2019occasion de la journ\u00e9e mondiale consacr\u00e9e \u00e0 cette maladie. Derri\u00e8re les sourires officiels, les photos bien cadr\u00e9es et les discours convenus, se cache pourtant une autre r\u00e9alit\u00e9 : celle d\u2019une infrastructure.....","og_url":"https:\/\/lequotidien.mr\/?p=30420&lang=fr","og_site_name":"Le Quotidien de Nouakchott","article_publisher":"https:\/\/web.facebook.com\/lequotidienmr","article_published_time":"2025-08-26T11:49:39+00:00","og_image":[{"width":2048,"height":1536,"url":"https:\/\/lequotidien.mr\/wp-content\/uploads\/2025\/08\/port.jpg","type":"image\/jpeg"}],"author":"Le Quotidien","twitter_card":"summary_large_image","twitter_creator":"@lequotidienmr","twitter_site":"@lequotidienmr","twitter_misc":{"\u0643\u064f\u062a\u0628 \u0628\u0648\u0627\u0633\u0637\u0629":"Le Quotidien","\u0648\u0642\u062a \u0627\u0644\u0642\u0631\u0627\u0621\u0629 \u0627\u0644\u0645\u064f\u0642\u062f\u0651\u0631":"4 \u062f\u0642\u0627\u0626\u0642"},"schema":{"@context":"https:\/\/schema.org","@graph":[{"@type":"Article","@id":"https:\/\/lequotidien.mr\/?p=30420&lang=fr#article","isPartOf":{"@id":"https:\/\/lequotidien.mr\/?p=30420&lang=fr"},"author":{"name":"Le Quotidien","@id":"https:\/\/lequotidien.mr\/#\/schema\/person\/f90fcdaa970c60288de4ed2e64a56472"},"headline":"Port autonome de Nouakchott : la vaccination comme \u00e9cran de fum\u00e9e d\u2019une gestion calamiteuse","datePublished":"2025-08-26T11:49:39+00:00","mainEntityOfPage":{"@id":"https:\/\/lequotidien.mr\/?p=30420&lang=fr"},"wordCount":588,"commentCount":0,"publisher":{"@id":"https:\/\/lequotidien.mr\/#organization"},"image":{"@id":"https:\/\/lequotidien.mr\/?p=30420&lang=fr#primaryimage"},"thumbnailUrl":"https:\/\/lequotidien.mr\/wp-content\/uploads\/2025\/08\/port.jpg","articleSection":["ACTUALIT\u00c9","Economie","Couverture sp\u00e9cilale"],"inLanguage":"ar","potentialAction":[{"@type":"CommentAction","name":"Comment","target":["https:\/\/lequotidien.mr\/?p=30420&lang=fr#respond"]}]},{"@type":"WebPage","@id":"https:\/\/lequotidien.mr\/?p=30420&lang=fr","url":"https:\/\/lequotidien.mr\/?p=30420&lang=fr","name":"Port autonome de Nouakchott : la vaccination comme \u00e9cran de fum\u00e9e d\u2019une gestion calamiteuse - Le Quotidien de Nouakchott","isPartOf":{"@id":"https:\/\/lequotidien.mr\/#website"},"primaryImageOfPage":{"@id":"https:\/\/lequotidien.mr\/?p=30420&lang=fr#primaryimage"},"image":{"@id":"https:\/\/lequotidien.mr\/?p=30420&lang=fr#primaryimage"},"thumbnailUrl":"https:\/\/lequotidien.mr\/wp-content\/uploads\/2025\/08\/port.jpg","datePublished":"2025-08-26T11:49:39+00:00","breadcrumb":{"@id":"https:\/\/lequotidien.mr\/?p=30420&lang=fr#breadcrumb"},"inLanguage":"ar","potentialAction":[{"@type":"ReadAction","target":["https:\/\/lequotidien.mr\/?p=30420&lang=fr"]}]},{"@type":"ImageObject","inLanguage":"ar","@id":"https:\/\/lequotidien.mr\/?p=30420&lang=fr#primaryimage","url":"https:\/\/lequotidien.mr\/wp-content\/uploads\/2025\/08\/port.jpg","contentUrl":"https:\/\/lequotidien.mr\/wp-content\/uploads\/2025\/08\/port.jpg","width":2048,"height":1536},{"@type":"BreadcrumbList","@id":"https:\/\/lequotidien.mr\/?p=30420&lang=fr#breadcrumb","itemListElement":[{"@type":"ListItem","position":1,"name":"Home","item":"https:\/\/lequotidien.mr\/"},{"@type":"ListItem","position":2,"name":"Port autonome de Nouakchott : la vaccination comme \u00e9cran de fum\u00e9e d\u2019une gestion calamiteuse"}]},{"@type":"WebSite","@id":"https:\/\/lequotidien.mr\/#website","url":"https:\/\/lequotidien.mr\/","name":"Le Quotidien de Nouakchott","description":"\u0625\u062e\u0628\u0627\u0631\u064a\u0629 \u0645\u0633\u062a\u0642\u0644\u0629 \u0644\u0644\u0623\u0646\u0628\u0627\u0621 \u0627\u0644\u0639\u0627\u0645\u0629","publisher":{"@id":"https:\/\/lequotidien.mr\/#organization"},"potentialAction":[{"@type":"SearchAction","target":{"@type":"EntryPoint","urlTemplate":"https:\/\/lequotidien.mr\/?s={search_term_string}"},"query-input":{"@type":"PropertyValueSpecification","valueRequired":true,"valueName":"search_term_string"}}],"inLanguage":"ar"},{"@type":"Organization","@id":"https:\/\/lequotidien.mr\/#organization","name":"Le Quotidien de Nouakchott","url":"https:\/\/lequotidien.mr\/","logo":{"@type":"ImageObject","inLanguage":"ar","@id":"https:\/\/lequotidien.mr\/#\/schema\/logo\/image\/","url":"https:\/\/lequotidien.mr\/wp-content\/uploads\/2022\/11\/logolequotidien.jpg","contentUrl":"https:\/\/lequotidien.mr\/wp-content\/uploads\/2022\/11\/logolequotidien.jpg","width":290,"height":65,"caption":"Le Quotidien de Nouakchott"},"image":{"@id":"https:\/\/lequotidien.mr\/#\/schema\/logo\/image\/"},"sameAs":["https:\/\/web.facebook.com\/lequotidienmr","https:\/\/x.com\/lequotidienmr"]},{"@type":"Person","@id":"https:\/\/lequotidien.mr\/#\/schema\/person\/f90fcdaa970c60288de4ed2e64a56472","name":"Le Quotidien","image":{"@type":"ImageObject","inLanguage":"ar","@id":"https:\/\/secure.gravatar.com\/avatar\/374cb39a1a458a912465a93e5a3ce6546886fc3da809a1f10c63e4e8fcbca30f?s=96&d=mm&r=g","url":"https:\/\/secure.gravatar.com\/avatar\/374cb39a1a458a912465a93e5a3ce6546886fc3da809a1f10c63e4e8fcbca30f?s=96&d=mm&r=g","contentUrl":"https:\/\/secure.gravatar.com\/avatar\/374cb39a1a458a912465a93e5a3ce6546886fc3da809a1f10c63e4e8fcbca30f?s=96&d=mm&r=g","caption":"Le Quotidien"},"sameAs":["https:\/\/lequotidien.mr\/"],"url":"https:\/\/lequotidien.mr\/?author=4"}]}},"_links":{"self":[{"href":"https:\/\/lequotidien.mr\/index.php?rest_route=\/wp\/v2\/posts\/30420","targetHints":{"allow":["GET"]}}],"collection":[{"href":"https:\/\/lequotidien.mr\/index.php?rest_route=\/wp\/v2\/posts"}],"about":[{"href":"https:\/\/lequotidien.mr\/index.php?rest_route=\/wp\/v2\/types\/post"}],"author":[{"embeddable":true,"href":"https:\/\/lequotidien.mr\/index.php?rest_route=\/wp\/v2\/users\/4"}],"replies":[{"embeddable":true,"href":"https:\/\/lequotidien.mr\/index.php?rest_route=%2Fwp%2Fv2%2Fcomments&post=30420"}],"version-history":[{"count":1,"href":"https:\/\/lequotidien.mr\/index.php?rest_route=\/wp\/v2\/posts\/30420\/revisions"}],"predecessor-version":[{"id":30424,"href":"https:\/\/lequotidien.mr\/index.php?rest_route=\/wp\/v2\/posts\/30420\/revisions\/30424"}],"wp:featuredmedia":[{"embeddable":true,"href":"https:\/\/lequotidien.mr\/index.php?rest_route=\/wp\/v2\/media\/30421"}],"wp:attachment":[{"href":"https:\/\/lequotidien.mr\/index.php?rest_route=%2Fwp%2Fv2%2Fmedia&parent=30420"}],"wp:term":[{"taxonomy":"category","embeddable":true,"href":"https:\/\/lequotidien.mr\/index.php?rest_route=%2Fwp%2Fv2%2Fcategories&post=30420"},{"taxonomy":"post_tag","embeddable":true,"href":"https:\/\/lequotidien.mr\/index.php?rest_route=%2Fwp%2Fv2%2Ftags&post=30420"}],"curies":[{"name":"wp","href":"https:\/\/api.w.org\/{rel}","templated":true}]}}