{"id":30381,"date":"2025-08-24T23:53:54","date_gmt":"2025-08-24T23:53:54","guid":{"rendered":"https:\/\/lequotidien.mr\/?p=30381"},"modified":"2025-08-24T23:53:54","modified_gmt":"2025-08-24T23:53:54","slug":"cloture-de-la-ticad-9-le-ministre-de-leconomie-et-des-finances-sentretient-avec-le-directeur-de-lonudi-sur-la-creation-dun-centre-specialise-de-formation-professi","status":"publish","type":"post","link":"https:\/\/lequotidien.mr\/?p=30381&lang=fr","title":{"rendered":"Cl\u00f4ture de la TICAD 9 : Le ministre de l\u2019\u00c9conomie et des Finances s\u2019entretient avec le Directeur de l\u2019ONUDI sur la cr\u00e9ation d\u2019un centre sp\u00e9cialis\u00e9 de formation professionnelle et technique en Mauritanie"},"content":{"rendered":"<p>Le ministre de l\u2019\u00c9conomie et des Finances, <strong>M. Sid\u2019Ahmed Bouh<\/strong>, a pris part, vendredi \u00e0 Yokohama, aux travaux de la s\u00e9ance de cl\u00f4ture de la 9e Conf\u00e9rence internationale de Tokyo sur le d\u00e9veloppement de l\u2019Afrique (TICAD 9). Cette session s\u2019est conclue par l\u2019adoption de la D\u00e9claration de Yokohama, qui met l\u2019accent sur la promotion de la coop\u00e9ration \u00e9conomique, le d\u00e9veloppement du capital humain et l\u2019approfondissement des partenariats dans l\u2019\u00e9conomie num\u00e9rique.<\/p>\n<p>Plus t\u00f4t dans la m\u00eame ville, le ministre Bouh s\u2019est entretenu avec <strong>M. Yuko Yasunaga<\/strong>, directeur g\u00e9n\u00e9ral adjoint de <strong>l\u2019Organisation des Nations Unies pour le d\u00e9veloppement industriel (ONUDI)<\/strong>. Cette r\u00e9union de haut niveau s\u2019est d\u00e9roul\u00e9e en pr\u00e9sence du ministre des P\u00eaches et des Infrastructures maritimes et portuaires, <strong>M. El Vadil Sidaty<\/strong>, de l\u2019ambassadeur de Mauritanie au Japon, <strong>M. Abdallahi Kebd<\/strong>, et de <strong>M. Mohamed Salem Nany<\/strong>, directeur g\u00e9n\u00e9ral des Financements et de la Coop\u00e9ration \u00e9conomique.<\/p>\n<p>Au c\u0153ur des discussions figurait le renforcement de la coop\u00e9ration entre la Mauritanie et l\u2019ONUDI, avec un projet phare : la cr\u00e9ation potentielle d\u2019un centre sp\u00e9cialis\u00e9 de formation professionnelle et technique en Mauritanie. Ce centre est destin\u00e9 \u00e0 couvrir plusieurs domaines strat\u00e9giques, notamment les secteurs minier, m\u00e9tallurgique et halieutique, identifi\u00e9s comme des piliers de l\u2019\u00e9conomie nationale et porteurs d\u2019importantes potentialit\u00e9s de valorisation.<\/p>\n<p>La d\u00e9l\u00e9gation mauritanienne a soulign\u00e9 l\u2019importance cruciale de b\u00e9n\u00e9ficier de l\u2019expertise de l\u2019ONUDI en mati\u00e8re de d\u00e9veloppement industriel durable. Cette orientation s\u2019inscrit parfaitement dans la vision gouvernementale visant \u00e0 promouvoir les industries de transformation et \u00e0 accro\u00eetre la valeur ajout\u00e9e des ressources naturelles du pays.<\/p>\n<p>\u00c0 l\u2019issue des \u00e9changes, les deux parties sont convenues d\u2019un accord de principe pour l\u2019\u00e9tablissement d\u2019un programme de coop\u00e9ration permanent. Ce programme sera ax\u00e9 sur le d\u00e9veloppement des comp\u00e9tences nationales et le renforcement de l\u2019expertise technique dans les secteurs strat\u00e9giques, avec un accent particulier mis sur le transfert de technologies et la diffusion des meilleures pratiques industrielles.<\/p>\n<p>Ces engagements s\u2019inscrivent dans la d\u00e9marche plus large de la Mauritanie, qui vise \u00e0 diversifier ses partenariats internationaux et \u00e0 consolider ses capacit\u00e9s de d\u00e9veloppement \u00e0 travers l\u2019investissement dans le capital humain et les technologies avanc\u00e9es. Ils t\u00e9moignent \u00e9galement de l\u2019engagement commun des deux parties \u00e0 \u0153uvrer de concert pour la r\u00e9alisation des Objectifs de d\u00e9veloppement durable (ODD).<\/p>\n","protected":false},"excerpt":{"rendered":"<p>Le ministre de l\u2019\u00c9conomie et des Finances, M. Sid\u2019Ahmed Bouh, a pris part, vendredi \u00e0 Yokohama, aux travaux de la s\u00e9ance de cl\u00f4ture de la 9e Conf\u00e9rence internationale de Tokyo sur le d\u00e9veloppement de l\u2019Afrique (TICAD 9). Cette session s\u2019est conclue par l\u2019adoption de la D\u00e9claration de Yokohama, qui met l\u2019accent sur la promotion de&#8230;..<\/p>\n","protected":false},"author":12,"featured_media":30382,"comment_status":"open","ping_status":"open","sticky":false,"template":"","format":"standard","meta":{"footnotes":""},"categories":[23,49],"tags":[],"class_list":["post-30381","post","type-post","status-publish","format-standard","has-post-thumbnail","hentry","category-actualite","category-economie"],"yoast_head":"<!-- This site is optimized with the Yoast SEO plugin v27.5 - https:\/\/yoast.com\/product\/yoast-seo-wordpress\/ -->\n<title>Cl\u00f4ture de la TICAD 9 : Le ministre de l\u2019\u00c9conomie et des Finances s\u2019entretient avec le Directeur de l\u2019ONUDI sur la cr\u00e9ation d\u2019un centre sp\u00e9cialis\u00e9 de formation professionnelle et technique en Mauritanie - Le Quotidien de Nouakchott<\/title>\n<meta name=\"robots\" content=\"index, follow, max-snippet:-1, max-image-preview:large, max-video-preview:-1\" \/>\n<link rel=\"canonical\" href=\"https:\/\/lequotidien.mr\/?p=30381&lang=fr\" \/>\n<meta property=\"og:locale\" content=\"ar_AR\" \/>\n<meta property=\"og:type\" content=\"article\" \/>\n<meta property=\"og:title\" content=\"Cl\u00f4ture de la TICAD 9 : Le ministre de l\u2019\u00c9conomie et des Finances s\u2019entretient avec le Directeur de l\u2019ONUDI sur la cr\u00e9ation d\u2019un centre sp\u00e9cialis\u00e9 de formation professionnelle et technique en Mauritanie - Le Quotidien de Nouakchott\" \/>\n<meta property=\"og:description\" content=\"Le ministre de l\u2019\u00c9conomie et des Finances, M. Sid\u2019Ahmed Bouh, a pris part, vendredi \u00e0 Yokohama, aux travaux de la s\u00e9ance de cl\u00f4ture de la 9e Conf\u00e9rence internationale de Tokyo sur le d\u00e9veloppement de l\u2019Afrique (TICAD 9). Cette session s\u2019est conclue par l\u2019adoption de la D\u00e9claration de Yokohama, qui met l\u2019accent sur la promotion de.....\" \/>\n<meta property=\"og:url\" content=\"https:\/\/lequotidien.mr\/?p=30381&amp;lang=fr\" \/>\n<meta property=\"og:site_name\" content=\"Le Quotidien de Nouakchott\" \/>\n<meta property=\"article:publisher\" content=\"https:\/\/web.facebook.com\/lequotidienmr\" \/>\n<meta property=\"article:published_time\" content=\"2025-08-24T23:53:54+00:00\" \/>\n<meta property=\"og:image\" content=\"https:\/\/lequotidien.mr\/wp-content\/uploads\/2025\/08\/photo-Mnstre-economie-ONUDI.gif\" \/>\n\t<meta property=\"og:image:width\" content=\"1400\" \/>\n\t<meta property=\"og:image:height\" content=\"428\" \/>\n\t<meta property=\"og:image:type\" content=\"image\/gif\" \/>\n<meta name=\"author\" content=\"Med Ahmed\" \/>\n<meta name=\"twitter:card\" content=\"summary_large_image\" \/>\n<meta name=\"twitter:creator\" content=\"@lequotidienmr\" \/>\n<meta name=\"twitter:site\" content=\"@lequotidienmr\" \/>\n<meta name=\"twitter:label1\" content=\"\u0643\u064f\u062a\u0628 \u0628\u0648\u0627\u0633\u0637\u0629\" \/>\n\t<meta name=\"twitter:data1\" content=\"Med Ahmed\" \/>\n\t<meta name=\"twitter:label2\" content=\"\u0648\u0642\u062a \u0627\u0644\u0642\u0631\u0627\u0621\u0629 \u0627\u0644\u0645\u064f\u0642\u062f\u0651\u0631\" \/>\n\t<meta name=\"twitter:data2\" content=\"3 \u062f\u0642\u0627\u0626\u0642\" \/>\n<script type=\"application\/ld+json\" class=\"yoast-schema-graph\">{\"@context\":\"https:\\\/\\\/schema.org\",\"@graph\":[{\"@type\":\"Article\",\"@id\":\"https:\\\/\\\/lequotidien.mr\\\/?p=30381&lang=fr#article\",\"isPartOf\":{\"@id\":\"https:\\\/\\\/lequotidien.mr\\\/?p=30381&lang=fr\"},\"author\":{\"name\":\"Med Ahmed\",\"@id\":\"https:\\\/\\\/lequotidien.mr\\\/#\\\/schema\\\/person\\\/d2d350202a4d599685ed8abc25f97596\"},\"headline\":\"Cl\u00f4ture de la TICAD 9 : Le ministre de l\u2019\u00c9conomie et des Finances s\u2019entretient avec le Directeur de l\u2019ONUDI sur la cr\u00e9ation d\u2019un centre sp\u00e9cialis\u00e9 de formation professionnelle et technique en Mauritanie\",\"datePublished\":\"2025-08-24T23:53:54+00:00\",\"mainEntityOfPage\":{\"@id\":\"https:\\\/\\\/lequotidien.mr\\\/?p=30381&lang=fr\"},\"wordCount\":469,\"commentCount\":0,\"publisher\":{\"@id\":\"https:\\\/\\\/lequotidien.mr\\\/#organization\"},\"image\":{\"@id\":\"https:\\\/\\\/lequotidien.mr\\\/?p=30381&lang=fr#primaryimage\"},\"thumbnailUrl\":\"https:\\\/\\\/lequotidien.mr\\\/wp-content\\\/uploads\\\/2025\\\/08\\\/photo-Mnstre-economie-ONUDI.gif\",\"articleSection\":[\"ACTUALIT\u00c9\",\"Economie\"],\"inLanguage\":\"ar\",\"potentialAction\":[{\"@type\":\"CommentAction\",\"name\":\"Comment\",\"target\":[\"https:\\\/\\\/lequotidien.mr\\\/?p=30381&lang=fr#respond\"]}]},{\"@type\":\"WebPage\",\"@id\":\"https:\\\/\\\/lequotidien.mr\\\/?p=30381&lang=fr\",\"url\":\"https:\\\/\\\/lequotidien.mr\\\/?p=30381&lang=fr\",\"name\":\"Cl\u00f4ture de la TICAD 9 : Le ministre de l\u2019\u00c9conomie et des Finances s\u2019entretient avec le Directeur de l\u2019ONUDI sur la cr\u00e9ation d\u2019un centre sp\u00e9cialis\u00e9 de formation professionnelle et technique en Mauritanie - Le Quotidien de Nouakchott\",\"isPartOf\":{\"@id\":\"https:\\\/\\\/lequotidien.mr\\\/#website\"},\"primaryImageOfPage\":{\"@id\":\"https:\\\/\\\/lequotidien.mr\\\/?p=30381&lang=fr#primaryimage\"},\"image\":{\"@id\":\"https:\\\/\\\/lequotidien.mr\\\/?p=30381&lang=fr#primaryimage\"},\"thumbnailUrl\":\"https:\\\/\\\/lequotidien.mr\\\/wp-content\\\/uploads\\\/2025\\\/08\\\/photo-Mnstre-economie-ONUDI.gif\",\"datePublished\":\"2025-08-24T23:53:54+00:00\",\"breadcrumb\":{\"@id\":\"https:\\\/\\\/lequotidien.mr\\\/?p=30381&lang=fr#breadcrumb\"},\"inLanguage\":\"ar\",\"potentialAction\":[{\"@type\":\"ReadAction\",\"target\":[\"https:\\\/\\\/lequotidien.mr\\\/?p=30381&lang=fr\"]}]},{\"@type\":\"ImageObject\",\"inLanguage\":\"ar\",\"@id\":\"https:\\\/\\\/lequotidien.mr\\\/?p=30381&lang=fr#primaryimage\",\"url\":\"https:\\\/\\\/lequotidien.mr\\\/wp-content\\\/uploads\\\/2025\\\/08\\\/photo-Mnstre-economie-ONUDI.gif\",\"contentUrl\":\"https:\\\/\\\/lequotidien.mr\\\/wp-content\\\/uploads\\\/2025\\\/08\\\/photo-Mnstre-economie-ONUDI.gif\",\"width\":1400,\"height\":428},{\"@type\":\"BreadcrumbList\",\"@id\":\"https:\\\/\\\/lequotidien.mr\\\/?p=30381&lang=fr#breadcrumb\",\"itemListElement\":[{\"@type\":\"ListItem\",\"position\":1,\"name\":\"Home\",\"item\":\"https:\\\/\\\/lequotidien.mr\\\/\"},{\"@type\":\"ListItem\",\"position\":2,\"name\":\"Cl\u00f4ture de la TICAD 9 : Le ministre de l\u2019\u00c9conomie et des Finances s\u2019entretient avec le Directeur de l\u2019ONUDI sur la cr\u00e9ation d\u2019un centre sp\u00e9cialis\u00e9 de formation professionnelle et technique en Mauritanie\"}]},{\"@type\":\"WebSite\",\"@id\":\"https:\\\/\\\/lequotidien.mr\\\/#website\",\"url\":\"https:\\\/\\\/lequotidien.mr\\\/\",\"name\":\"Le Quotidien de Nouakchott\",\"description\":\"\u0625\u062e\u0628\u0627\u0631\u064a\u0629 \u0645\u0633\u062a\u0642\u0644\u0629 \u0644\u0644\u0623\u0646\u0628\u0627\u0621 \u0627\u0644\u0639\u0627\u0645\u0629\",\"publisher\":{\"@id\":\"https:\\\/\\\/lequotidien.mr\\\/#organization\"},\"potentialAction\":[{\"@type\":\"SearchAction\",\"target\":{\"@type\":\"EntryPoint\",\"urlTemplate\":\"https:\\\/\\\/lequotidien.mr\\\/?s={search_term_string}\"},\"query-input\":{\"@type\":\"PropertyValueSpecification\",\"valueRequired\":true,\"valueName\":\"search_term_string\"}}],\"inLanguage\":\"ar\"},{\"@type\":\"Organization\",\"@id\":\"https:\\\/\\\/lequotidien.mr\\\/#organization\",\"name\":\"Le Quotidien de Nouakchott\",\"url\":\"https:\\\/\\\/lequotidien.mr\\\/\",\"logo\":{\"@type\":\"ImageObject\",\"inLanguage\":\"ar\",\"@id\":\"https:\\\/\\\/lequotidien.mr\\\/#\\\/schema\\\/logo\\\/image\\\/\",\"url\":\"https:\\\/\\\/lequotidien.mr\\\/wp-content\\\/uploads\\\/2022\\\/11\\\/logolequotidien.jpg\",\"contentUrl\":\"https:\\\/\\\/lequotidien.mr\\\/wp-content\\\/uploads\\\/2022\\\/11\\\/logolequotidien.jpg\",\"width\":290,\"height\":65,\"caption\":\"Le Quotidien de Nouakchott\"},\"image\":{\"@id\":\"https:\\\/\\\/lequotidien.mr\\\/#\\\/schema\\\/logo\\\/image\\\/\"},\"sameAs\":[\"https:\\\/\\\/web.facebook.com\\\/lequotidienmr\",\"https:\\\/\\\/x.com\\\/lequotidienmr\"]},{\"@type\":\"Person\",\"@id\":\"https:\\\/\\\/lequotidien.mr\\\/#\\\/schema\\\/person\\\/d2d350202a4d599685ed8abc25f97596\",\"name\":\"Med Ahmed\",\"image\":{\"@type\":\"ImageObject\",\"inLanguage\":\"ar\",\"@id\":\"https:\\\/\\\/secure.gravatar.com\\\/avatar\\\/fd2acc62ed50732923d1d39c17172c9b04149f142be92310ecc69e1358f94b52?s=96&d=mm&r=g\",\"url\":\"https:\\\/\\\/secure.gravatar.com\\\/avatar\\\/fd2acc62ed50732923d1d39c17172c9b04149f142be92310ecc69e1358f94b52?s=96&d=mm&r=g\",\"contentUrl\":\"https:\\\/\\\/secure.gravatar.com\\\/avatar\\\/fd2acc62ed50732923d1d39c17172c9b04149f142be92310ecc69e1358f94b52?s=96&d=mm&r=g\",\"caption\":\"Med Ahmed\"},\"url\":\"https:\\\/\\\/lequotidien.mr\\\/?author=12\"}]}<\/script>\n<!-- \/ Yoast SEO plugin. -->","yoast_head_json":{"title":"Cl\u00f4ture de la TICAD 9 : Le ministre de l\u2019\u00c9conomie et des Finances s\u2019entretient avec le Directeur de l\u2019ONUDI sur la cr\u00e9ation d\u2019un centre sp\u00e9cialis\u00e9 de formation professionnelle et technique en Mauritanie - Le Quotidien de Nouakchott","robots":{"index":"index","follow":"follow","max-snippet":"max-snippet:-1","max-image-preview":"max-image-preview:large","max-video-preview":"max-video-preview:-1"},"canonical":"https:\/\/lequotidien.mr\/?p=30381&lang=fr","og_locale":"ar_AR","og_type":"article","og_title":"Cl\u00f4ture de la TICAD 9 : Le ministre de l\u2019\u00c9conomie et des Finances s\u2019entretient avec le Directeur de l\u2019ONUDI sur la cr\u00e9ation d\u2019un centre sp\u00e9cialis\u00e9 de formation professionnelle et technique en Mauritanie - Le Quotidien de Nouakchott","og_description":"Le ministre de l\u2019\u00c9conomie et des Finances, M. Sid\u2019Ahmed Bouh, a pris part, vendredi \u00e0 Yokohama, aux travaux de la s\u00e9ance de cl\u00f4ture de la 9e Conf\u00e9rence internationale de Tokyo sur le d\u00e9veloppement de l\u2019Afrique (TICAD 9). Cette session s\u2019est conclue par l\u2019adoption de la D\u00e9claration de Yokohama, qui met l\u2019accent sur la promotion de.....","og_url":"https:\/\/lequotidien.mr\/?p=30381&lang=fr","og_site_name":"Le Quotidien de Nouakchott","article_publisher":"https:\/\/web.facebook.com\/lequotidienmr","article_published_time":"2025-08-24T23:53:54+00:00","og_image":[{"width":1400,"height":428,"url":"https:\/\/lequotidien.mr\/wp-content\/uploads\/2025\/08\/photo-Mnstre-economie-ONUDI.gif","type":"image\/gif"}],"author":"Med Ahmed","twitter_card":"summary_large_image","twitter_creator":"@lequotidienmr","twitter_site":"@lequotidienmr","twitter_misc":{"\u0643\u064f\u062a\u0628 \u0628\u0648\u0627\u0633\u0637\u0629":"Med Ahmed","\u0648\u0642\u062a \u0627\u0644\u0642\u0631\u0627\u0621\u0629 \u0627\u0644\u0645\u064f\u0642\u062f\u0651\u0631":"3 \u062f\u0642\u0627\u0626\u0642"},"schema":{"@context":"https:\/\/schema.org","@graph":[{"@type":"Article","@id":"https:\/\/lequotidien.mr\/?p=30381&lang=fr#article","isPartOf":{"@id":"https:\/\/lequotidien.mr\/?p=30381&lang=fr"},"author":{"name":"Med Ahmed","@id":"https:\/\/lequotidien.mr\/#\/schema\/person\/d2d350202a4d599685ed8abc25f97596"},"headline":"Cl\u00f4ture de la TICAD 9 : Le ministre de l\u2019\u00c9conomie et des Finances s\u2019entretient avec le Directeur de l\u2019ONUDI sur la cr\u00e9ation d\u2019un centre sp\u00e9cialis\u00e9 de formation professionnelle et technique en Mauritanie","datePublished":"2025-08-24T23:53:54+00:00","mainEntityOfPage":{"@id":"https:\/\/lequotidien.mr\/?p=30381&lang=fr"},"wordCount":469,"commentCount":0,"publisher":{"@id":"https:\/\/lequotidien.mr\/#organization"},"image":{"@id":"https:\/\/lequotidien.mr\/?p=30381&lang=fr#primaryimage"},"thumbnailUrl":"https:\/\/lequotidien.mr\/wp-content\/uploads\/2025\/08\/photo-Mnstre-economie-ONUDI.gif","articleSection":["ACTUALIT\u00c9","Economie"],"inLanguage":"ar","potentialAction":[{"@type":"CommentAction","name":"Comment","target":["https:\/\/lequotidien.mr\/?p=30381&lang=fr#respond"]}]},{"@type":"WebPage","@id":"https:\/\/lequotidien.mr\/?p=30381&lang=fr","url":"https:\/\/lequotidien.mr\/?p=30381&lang=fr","name":"Cl\u00f4ture de la TICAD 9 : Le ministre de l\u2019\u00c9conomie et des Finances s\u2019entretient avec le Directeur de l\u2019ONUDI sur la cr\u00e9ation d\u2019un centre sp\u00e9cialis\u00e9 de formation professionnelle et technique en Mauritanie - Le Quotidien de Nouakchott","isPartOf":{"@id":"https:\/\/lequotidien.mr\/#website"},"primaryImageOfPage":{"@id":"https:\/\/lequotidien.mr\/?p=30381&lang=fr#primaryimage"},"image":{"@id":"https:\/\/lequotidien.mr\/?p=30381&lang=fr#primaryimage"},"thumbnailUrl":"https:\/\/lequotidien.mr\/wp-content\/uploads\/2025\/08\/photo-Mnstre-economie-ONUDI.gif","datePublished":"2025-08-24T23:53:54+00:00","breadcrumb":{"@id":"https:\/\/lequotidien.mr\/?p=30381&lang=fr#breadcrumb"},"inLanguage":"ar","potentialAction":[{"@type":"ReadAction","target":["https:\/\/lequotidien.mr\/?p=30381&lang=fr"]}]},{"@type":"ImageObject","inLanguage":"ar","@id":"https:\/\/lequotidien.mr\/?p=30381&lang=fr#primaryimage","url":"https:\/\/lequotidien.mr\/wp-content\/uploads\/2025\/08\/photo-Mnstre-economie-ONUDI.gif","contentUrl":"https:\/\/lequotidien.mr\/wp-content\/uploads\/2025\/08\/photo-Mnstre-economie-ONUDI.gif","width":1400,"height":428},{"@type":"BreadcrumbList","@id":"https:\/\/lequotidien.mr\/?p=30381&lang=fr#breadcrumb","itemListElement":[{"@type":"ListItem","position":1,"name":"Home","item":"https:\/\/lequotidien.mr\/"},{"@type":"ListItem","position":2,"name":"Cl\u00f4ture de la TICAD 9 : Le ministre de l\u2019\u00c9conomie et des Finances s\u2019entretient avec le Directeur de l\u2019ONUDI sur la cr\u00e9ation d\u2019un centre sp\u00e9cialis\u00e9 de formation professionnelle et technique en Mauritanie"}]},{"@type":"WebSite","@id":"https:\/\/lequotidien.mr\/#website","url":"https:\/\/lequotidien.mr\/","name":"Le Quotidien de Nouakchott","description":"\u0625\u062e\u0628\u0627\u0631\u064a\u0629 \u0645\u0633\u062a\u0642\u0644\u0629 \u0644\u0644\u0623\u0646\u0628\u0627\u0621 \u0627\u0644\u0639\u0627\u0645\u0629","publisher":{"@id":"https:\/\/lequotidien.mr\/#organization"},"potentialAction":[{"@type":"SearchAction","target":{"@type":"EntryPoint","urlTemplate":"https:\/\/lequotidien.mr\/?s={search_term_string}"},"query-input":{"@type":"PropertyValueSpecification","valueRequired":true,"valueName":"search_term_string"}}],"inLanguage":"ar"},{"@type":"Organization","@id":"https:\/\/lequotidien.mr\/#organization","name":"Le Quotidien de Nouakchott","url":"https:\/\/lequotidien.mr\/","logo":{"@type":"ImageObject","inLanguage":"ar","@id":"https:\/\/lequotidien.mr\/#\/schema\/logo\/image\/","url":"https:\/\/lequotidien.mr\/wp-content\/uploads\/2022\/11\/logolequotidien.jpg","contentUrl":"https:\/\/lequotidien.mr\/wp-content\/uploads\/2022\/11\/logolequotidien.jpg","width":290,"height":65,"caption":"Le Quotidien de Nouakchott"},"image":{"@id":"https:\/\/lequotidien.mr\/#\/schema\/logo\/image\/"},"sameAs":["https:\/\/web.facebook.com\/lequotidienmr","https:\/\/x.com\/lequotidienmr"]},{"@type":"Person","@id":"https:\/\/lequotidien.mr\/#\/schema\/person\/d2d350202a4d599685ed8abc25f97596","name":"Med Ahmed","image":{"@type":"ImageObject","inLanguage":"ar","@id":"https:\/\/secure.gravatar.com\/avatar\/fd2acc62ed50732923d1d39c17172c9b04149f142be92310ecc69e1358f94b52?s=96&d=mm&r=g","url":"https:\/\/secure.gravatar.com\/avatar\/fd2acc62ed50732923d1d39c17172c9b04149f142be92310ecc69e1358f94b52?s=96&d=mm&r=g","contentUrl":"https:\/\/secure.gravatar.com\/avatar\/fd2acc62ed50732923d1d39c17172c9b04149f142be92310ecc69e1358f94b52?s=96&d=mm&r=g","caption":"Med Ahmed"},"url":"https:\/\/lequotidien.mr\/?author=12"}]}},"_links":{"self":[{"href":"https:\/\/lequotidien.mr\/index.php?rest_route=\/wp\/v2\/posts\/30381","targetHints":{"allow":["GET"]}}],"collection":[{"href":"https:\/\/lequotidien.mr\/index.php?rest_route=\/wp\/v2\/posts"}],"about":[{"href":"https:\/\/lequotidien.mr\/index.php?rest_route=\/wp\/v2\/types\/post"}],"author":[{"embeddable":true,"href":"https:\/\/lequotidien.mr\/index.php?rest_route=\/wp\/v2\/users\/12"}],"replies":[{"embeddable":true,"href":"https:\/\/lequotidien.mr\/index.php?rest_route=%2Fwp%2Fv2%2Fcomments&post=30381"}],"version-history":[{"count":1,"href":"https:\/\/lequotidien.mr\/index.php?rest_route=\/wp\/v2\/posts\/30381\/revisions"}],"predecessor-version":[{"id":30383,"href":"https:\/\/lequotidien.mr\/index.php?rest_route=\/wp\/v2\/posts\/30381\/revisions\/30383"}],"wp:featuredmedia":[{"embeddable":true,"href":"https:\/\/lequotidien.mr\/index.php?rest_route=\/wp\/v2\/media\/30382"}],"wp:attachment":[{"href":"https:\/\/lequotidien.mr\/index.php?rest_route=%2Fwp%2Fv2%2Fmedia&parent=30381"}],"wp:term":[{"taxonomy":"category","embeddable":true,"href":"https:\/\/lequotidien.mr\/index.php?rest_route=%2Fwp%2Fv2%2Fcategories&post=30381"},{"taxonomy":"post_tag","embeddable":true,"href":"https:\/\/lequotidien.mr\/index.php?rest_route=%2Fwp%2Fv2%2Ftags&post=30381"}],"curies":[{"name":"wp","href":"https:\/\/api.w.org\/{rel}","templated":true}]}}