{"id":30372,"date":"2025-08-24T14:17:01","date_gmt":"2025-08-24T14:17:01","guid":{"rendered":"https:\/\/lequotidien.mr\/?p=30372"},"modified":"2025-08-24T14:17:01","modified_gmt":"2025-08-24T14:17:01","slug":"le-premier-ministre-recoit-lambassadeur-du-koweit-cap-sur-un-partenariat-renforce","status":"publish","type":"post","link":"https:\/\/lequotidien.mr\/?p=30372&lang=fr","title":{"rendered":"Le Premier ministre re\u00e7oit l\u2019ambassadeur du Kowe\u00eft : cap sur un partenariat renforc\u00e9"},"content":{"rendered":"<p>Le Premier ministre, M. Moctar Djay, a re\u00e7u, vendredi dernier, dans son bureau au Premier minist\u00e8re, l\u2019ambassadeur de l\u2019\u00c9tat fr\u00e8re du Kowe\u00eft accr\u00e9dit\u00e9 en Mauritanie, M. Ibdah Makad Al Dosari.<\/p>\n<p data-start=\"513\" data-end=\"896\">Cette audience a \u00e9t\u00e9 l\u2019occasion d\u2019\u00e9voquer les relations de coop\u00e9ration entre Nouakchott et Kowe\u00eft City, ainsi que les perspectives de leur renforcement dans divers domaines strat\u00e9giques. Les deux responsables ont soulign\u00e9 la profondeur des liens fraternels et historiques qui unissent les deux pays, et la n\u00e9cessit\u00e9 de les consolider pour r\u00e9pondre aux aspirations des deux peuples.<\/p>\n<p><strong>Une coop\u00e9ration multiforme<\/strong><\/p>\n<p data-start=\"946\" data-end=\"1350\">Les relations entre la Mauritanie et le Kowe\u00eft se sont distingu\u00e9es depuis plusieurs d\u00e9cennies par une solidarit\u00e9 constante. Le Kowe\u00eft a jou\u00e9 un r\u00f4le de premier plan dans le financement de projets structurants en Mauritanie, notamment \u00e0 travers le Fonds kowe\u00eftien pour le d\u00e9veloppement \u00e9conomique arabe, qui a contribu\u00e9 au financement d\u2019infrastructures routi\u00e8res, \u00e9nerg\u00e9tiques et sanitaires.<\/p>\n<p data-start=\"1352\" data-end=\"1612\">Au-del\u00e0 du domaine \u00e9conomique, les deux pays entretiennent une coop\u00e9ration dynamique dans les secteurs de l\u2019\u00e9ducation, de la culture et des affaires sociales, traduisant une volont\u00e9 partag\u00e9e de b\u00e2tir un partenariat durable au service du d\u00e9veloppement humain.<\/p>\n<p>Lors de la rencontre, le Premier ministre et l\u2019ambassadeur ont \u00e9chang\u00e9 sur les opportunit\u00e9s d\u2019\u00e9largissement de cette coop\u00e9ration \u00e0 de nouveaux secteurs tels que les \u00e9nergies renouvelables, la p\u00eache, l\u2019agriculture et les investissements priv\u00e9s. Le contexte actuel, marqu\u00e9 par les d\u00e9fis \u00e9conomiques et environnementaux, offre des perspectives de collaboration renforc\u00e9e, avec un accent particulier sur l\u2019accompagnement du d\u00e9veloppement durable en Mauritanie.<\/p>\n<p><strong>Un dialogue politique r\u00e9gulier<\/strong><\/p>\n<p data-start=\"2142\" data-end=\"2493\">Cette entrevue s\u2019inscrit dans une dynamique de concertations permanentes entre les deux pays, refl\u00e9tant une volont\u00e9 politique commune d\u2019\u00e9lever le niveau du partenariat mauritano-kowe\u00eftien. Elle confirme par ailleurs le r\u00f4le central de la diplomatie dans la pr\u00e9servation et l\u2019\u00e9largissement des relations entre la Mauritanie et ses partenaires arabes.<\/p>\n<p data-start=\"2495\" data-end=\"2754\">En recevant l\u2019ambassadeur M. Ibdah Makad Al Dosari, le Premier ministre a r\u00e9affirm\u00e9 l\u2019attachement de la Mauritanie \u00e0 renforcer sa coop\u00e9ration avec l\u2019\u00c9tat fr\u00e8re du Kowe\u00eft, dans le respect de leurs valeurs partag\u00e9es et de leurs ambitions de d\u00e9veloppement commun.<\/p>\n","protected":false},"excerpt":{"rendered":"<p>Le Premier ministre, M. Moctar Djay, a re\u00e7u, vendredi dernier, dans son bureau au Premier minist\u00e8re, l\u2019ambassadeur de l\u2019\u00c9tat fr\u00e8re du Kowe\u00eft accr\u00e9dit\u00e9 en Mauritanie, M. Ibdah Makad Al Dosari. Cette audience a \u00e9t\u00e9 l\u2019occasion d\u2019\u00e9voquer les relations de coop\u00e9ration entre Nouakchott et Kowe\u00eft City, ainsi que les perspectives de leur renforcement dans divers domaines&#8230;..<\/p>\n","protected":false},"author":12,"featured_media":30373,"comment_status":"open","ping_status":"open","sticky":false,"template":"","format":"standard","meta":{"footnotes":""},"categories":[23,49],"tags":[],"class_list":["post-30372","post","type-post","status-publish","format-standard","has-post-thumbnail","hentry","category-actualite","category-economie"],"yoast_head":"<!-- This site is optimized with the Yoast SEO plugin v27.5 - https:\/\/yoast.com\/product\/yoast-seo-wordpress\/ -->\n<title>Le Premier ministre re\u00e7oit l\u2019ambassadeur du Kowe\u00eft : cap sur un partenariat renforc\u00e9 - Le Quotidien de Nouakchott<\/title>\n<meta name=\"robots\" content=\"index, follow, max-snippet:-1, max-image-preview:large, max-video-preview:-1\" \/>\n<link rel=\"canonical\" href=\"https:\/\/lequotidien.mr\/?p=30372&lang=fr\" \/>\n<meta property=\"og:locale\" content=\"ar_AR\" \/>\n<meta property=\"og:type\" content=\"article\" \/>\n<meta property=\"og:title\" content=\"Le Premier ministre re\u00e7oit l\u2019ambassadeur du Kowe\u00eft : cap sur un partenariat renforc\u00e9 - Le Quotidien de Nouakchott\" \/>\n<meta property=\"og:description\" content=\"Le Premier ministre, M. Moctar Djay, a re\u00e7u, vendredi dernier, dans son bureau au Premier minist\u00e8re, l\u2019ambassadeur de l\u2019\u00c9tat fr\u00e8re du Kowe\u00eft accr\u00e9dit\u00e9 en Mauritanie, M. Ibdah Makad Al Dosari. Cette audience a \u00e9t\u00e9 l\u2019occasion d\u2019\u00e9voquer les relations de coop\u00e9ration entre Nouakchott et Kowe\u00eft City, ainsi que les perspectives de leur renforcement dans divers domaines.....\" \/>\n<meta property=\"og:url\" content=\"https:\/\/lequotidien.mr\/?p=30372&amp;lang=fr\" \/>\n<meta property=\"og:site_name\" content=\"Le Quotidien de Nouakchott\" \/>\n<meta property=\"article:publisher\" content=\"https:\/\/web.facebook.com\/lequotidienmr\" \/>\n<meta property=\"article:published_time\" content=\"2025-08-24T14:17:01+00:00\" \/>\n<meta property=\"og:image\" content=\"https:\/\/lequotidien.mr\/wp-content\/uploads\/2025\/08\/photo-PM-_-Amb-Koweit.gif\" \/>\n\t<meta property=\"og:image:width\" content=\"640\" \/>\n\t<meta property=\"og:image:height\" content=\"288\" \/>\n\t<meta property=\"og:image:type\" content=\"image\/gif\" \/>\n<meta name=\"author\" content=\"Med Ahmed\" \/>\n<meta name=\"twitter:card\" content=\"summary_large_image\" \/>\n<meta name=\"twitter:creator\" content=\"@lequotidienmr\" \/>\n<meta name=\"twitter:site\" content=\"@lequotidienmr\" \/>\n<meta name=\"twitter:label1\" content=\"\u0643\u064f\u062a\u0628 \u0628\u0648\u0627\u0633\u0637\u0629\" \/>\n\t<meta name=\"twitter:data1\" content=\"Med Ahmed\" \/>\n\t<meta name=\"twitter:label2\" content=\"\u0648\u0642\u062a \u0627\u0644\u0642\u0631\u0627\u0621\u0629 \u0627\u0644\u0645\u064f\u0642\u062f\u0651\u0631\" \/>\n\t<meta name=\"twitter:data2\" content=\"3 \u062f\u0642\u0627\u0626\u0642\" \/>\n<script type=\"application\/ld+json\" class=\"yoast-schema-graph\">{\"@context\":\"https:\\\/\\\/schema.org\",\"@graph\":[{\"@type\":\"Article\",\"@id\":\"https:\\\/\\\/lequotidien.mr\\\/?p=30372&lang=fr#article\",\"isPartOf\":{\"@id\":\"https:\\\/\\\/lequotidien.mr\\\/?p=30372&lang=fr\"},\"author\":{\"name\":\"Med Ahmed\",\"@id\":\"https:\\\/\\\/lequotidien.mr\\\/#\\\/schema\\\/person\\\/d2d350202a4d599685ed8abc25f97596\"},\"headline\":\"Le Premier ministre re\u00e7oit l\u2019ambassadeur du Kowe\u00eft : cap sur un partenariat renforc\u00e9\",\"datePublished\":\"2025-08-24T14:17:01+00:00\",\"mainEntityOfPage\":{\"@id\":\"https:\\\/\\\/lequotidien.mr\\\/?p=30372&lang=fr\"},\"wordCount\":405,\"commentCount\":0,\"publisher\":{\"@id\":\"https:\\\/\\\/lequotidien.mr\\\/#organization\"},\"image\":{\"@id\":\"https:\\\/\\\/lequotidien.mr\\\/?p=30372&lang=fr#primaryimage\"},\"thumbnailUrl\":\"https:\\\/\\\/lequotidien.mr\\\/wp-content\\\/uploads\\\/2025\\\/08\\\/photo-PM-_-Amb-Koweit.gif\",\"articleSection\":[\"ACTUALIT\u00c9\",\"Economie\"],\"inLanguage\":\"ar\",\"potentialAction\":[{\"@type\":\"CommentAction\",\"name\":\"Comment\",\"target\":[\"https:\\\/\\\/lequotidien.mr\\\/?p=30372&lang=fr#respond\"]}]},{\"@type\":\"WebPage\",\"@id\":\"https:\\\/\\\/lequotidien.mr\\\/?p=30372&lang=fr\",\"url\":\"https:\\\/\\\/lequotidien.mr\\\/?p=30372&lang=fr\",\"name\":\"Le Premier ministre re\u00e7oit l\u2019ambassadeur du Kowe\u00eft : cap sur un partenariat renforc\u00e9 - Le Quotidien de Nouakchott\",\"isPartOf\":{\"@id\":\"https:\\\/\\\/lequotidien.mr\\\/#website\"},\"primaryImageOfPage\":{\"@id\":\"https:\\\/\\\/lequotidien.mr\\\/?p=30372&lang=fr#primaryimage\"},\"image\":{\"@id\":\"https:\\\/\\\/lequotidien.mr\\\/?p=30372&lang=fr#primaryimage\"},\"thumbnailUrl\":\"https:\\\/\\\/lequotidien.mr\\\/wp-content\\\/uploads\\\/2025\\\/08\\\/photo-PM-_-Amb-Koweit.gif\",\"datePublished\":\"2025-08-24T14:17:01+00:00\",\"breadcrumb\":{\"@id\":\"https:\\\/\\\/lequotidien.mr\\\/?p=30372&lang=fr#breadcrumb\"},\"inLanguage\":\"ar\",\"potentialAction\":[{\"@type\":\"ReadAction\",\"target\":[\"https:\\\/\\\/lequotidien.mr\\\/?p=30372&lang=fr\"]}]},{\"@type\":\"ImageObject\",\"inLanguage\":\"ar\",\"@id\":\"https:\\\/\\\/lequotidien.mr\\\/?p=30372&lang=fr#primaryimage\",\"url\":\"https:\\\/\\\/lequotidien.mr\\\/wp-content\\\/uploads\\\/2025\\\/08\\\/photo-PM-_-Amb-Koweit.gif\",\"contentUrl\":\"https:\\\/\\\/lequotidien.mr\\\/wp-content\\\/uploads\\\/2025\\\/08\\\/photo-PM-_-Amb-Koweit.gif\",\"width\":640,\"height\":288},{\"@type\":\"BreadcrumbList\",\"@id\":\"https:\\\/\\\/lequotidien.mr\\\/?p=30372&lang=fr#breadcrumb\",\"itemListElement\":[{\"@type\":\"ListItem\",\"position\":1,\"name\":\"Home\",\"item\":\"https:\\\/\\\/lequotidien.mr\\\/\"},{\"@type\":\"ListItem\",\"position\":2,\"name\":\"Le Premier ministre re\u00e7oit l\u2019ambassadeur du Kowe\u00eft : cap sur un partenariat renforc\u00e9\"}]},{\"@type\":\"WebSite\",\"@id\":\"https:\\\/\\\/lequotidien.mr\\\/#website\",\"url\":\"https:\\\/\\\/lequotidien.mr\\\/\",\"name\":\"Le Quotidien de Nouakchott\",\"description\":\"\u0625\u062e\u0628\u0627\u0631\u064a\u0629 \u0645\u0633\u062a\u0642\u0644\u0629 \u0644\u0644\u0623\u0646\u0628\u0627\u0621 \u0627\u0644\u0639\u0627\u0645\u0629\",\"publisher\":{\"@id\":\"https:\\\/\\\/lequotidien.mr\\\/#organization\"},\"potentialAction\":[{\"@type\":\"SearchAction\",\"target\":{\"@type\":\"EntryPoint\",\"urlTemplate\":\"https:\\\/\\\/lequotidien.mr\\\/?s={search_term_string}\"},\"query-input\":{\"@type\":\"PropertyValueSpecification\",\"valueRequired\":true,\"valueName\":\"search_term_string\"}}],\"inLanguage\":\"ar\"},{\"@type\":\"Organization\",\"@id\":\"https:\\\/\\\/lequotidien.mr\\\/#organization\",\"name\":\"Le Quotidien de Nouakchott\",\"url\":\"https:\\\/\\\/lequotidien.mr\\\/\",\"logo\":{\"@type\":\"ImageObject\",\"inLanguage\":\"ar\",\"@id\":\"https:\\\/\\\/lequotidien.mr\\\/#\\\/schema\\\/logo\\\/image\\\/\",\"url\":\"https:\\\/\\\/lequotidien.mr\\\/wp-content\\\/uploads\\\/2022\\\/11\\\/logolequotidien.jpg\",\"contentUrl\":\"https:\\\/\\\/lequotidien.mr\\\/wp-content\\\/uploads\\\/2022\\\/11\\\/logolequotidien.jpg\",\"width\":290,\"height\":65,\"caption\":\"Le Quotidien de Nouakchott\"},\"image\":{\"@id\":\"https:\\\/\\\/lequotidien.mr\\\/#\\\/schema\\\/logo\\\/image\\\/\"},\"sameAs\":[\"https:\\\/\\\/web.facebook.com\\\/lequotidienmr\",\"https:\\\/\\\/x.com\\\/lequotidienmr\"]},{\"@type\":\"Person\",\"@id\":\"https:\\\/\\\/lequotidien.mr\\\/#\\\/schema\\\/person\\\/d2d350202a4d599685ed8abc25f97596\",\"name\":\"Med Ahmed\",\"image\":{\"@type\":\"ImageObject\",\"inLanguage\":\"ar\",\"@id\":\"https:\\\/\\\/secure.gravatar.com\\\/avatar\\\/fd2acc62ed50732923d1d39c17172c9b04149f142be92310ecc69e1358f94b52?s=96&d=mm&r=g\",\"url\":\"https:\\\/\\\/secure.gravatar.com\\\/avatar\\\/fd2acc62ed50732923d1d39c17172c9b04149f142be92310ecc69e1358f94b52?s=96&d=mm&r=g\",\"contentUrl\":\"https:\\\/\\\/secure.gravatar.com\\\/avatar\\\/fd2acc62ed50732923d1d39c17172c9b04149f142be92310ecc69e1358f94b52?s=96&d=mm&r=g\",\"caption\":\"Med Ahmed\"},\"url\":\"https:\\\/\\\/lequotidien.mr\\\/?author=12\"}]}<\/script>\n<!-- \/ Yoast SEO plugin. -->","yoast_head_json":{"title":"Le Premier ministre re\u00e7oit l\u2019ambassadeur du Kowe\u00eft : cap sur un partenariat renforc\u00e9 - Le Quotidien de Nouakchott","robots":{"index":"index","follow":"follow","max-snippet":"max-snippet:-1","max-image-preview":"max-image-preview:large","max-video-preview":"max-video-preview:-1"},"canonical":"https:\/\/lequotidien.mr\/?p=30372&lang=fr","og_locale":"ar_AR","og_type":"article","og_title":"Le Premier ministre re\u00e7oit l\u2019ambassadeur du Kowe\u00eft : cap sur un partenariat renforc\u00e9 - Le Quotidien de Nouakchott","og_description":"Le Premier ministre, M. Moctar Djay, a re\u00e7u, vendredi dernier, dans son bureau au Premier minist\u00e8re, l\u2019ambassadeur de l\u2019\u00c9tat fr\u00e8re du Kowe\u00eft accr\u00e9dit\u00e9 en Mauritanie, M. Ibdah Makad Al Dosari. Cette audience a \u00e9t\u00e9 l\u2019occasion d\u2019\u00e9voquer les relations de coop\u00e9ration entre Nouakchott et Kowe\u00eft City, ainsi que les perspectives de leur renforcement dans divers domaines.....","og_url":"https:\/\/lequotidien.mr\/?p=30372&lang=fr","og_site_name":"Le Quotidien de Nouakchott","article_publisher":"https:\/\/web.facebook.com\/lequotidienmr","article_published_time":"2025-08-24T14:17:01+00:00","og_image":[{"width":640,"height":288,"url":"https:\/\/lequotidien.mr\/wp-content\/uploads\/2025\/08\/photo-PM-_-Amb-Koweit.gif","type":"image\/gif"}],"author":"Med Ahmed","twitter_card":"summary_large_image","twitter_creator":"@lequotidienmr","twitter_site":"@lequotidienmr","twitter_misc":{"\u0643\u064f\u062a\u0628 \u0628\u0648\u0627\u0633\u0637\u0629":"Med Ahmed","\u0648\u0642\u062a \u0627\u0644\u0642\u0631\u0627\u0621\u0629 \u0627\u0644\u0645\u064f\u0642\u062f\u0651\u0631":"3 \u062f\u0642\u0627\u0626\u0642"},"schema":{"@context":"https:\/\/schema.org","@graph":[{"@type":"Article","@id":"https:\/\/lequotidien.mr\/?p=30372&lang=fr#article","isPartOf":{"@id":"https:\/\/lequotidien.mr\/?p=30372&lang=fr"},"author":{"name":"Med Ahmed","@id":"https:\/\/lequotidien.mr\/#\/schema\/person\/d2d350202a4d599685ed8abc25f97596"},"headline":"Le Premier ministre re\u00e7oit l\u2019ambassadeur du Kowe\u00eft : cap sur un partenariat renforc\u00e9","datePublished":"2025-08-24T14:17:01+00:00","mainEntityOfPage":{"@id":"https:\/\/lequotidien.mr\/?p=30372&lang=fr"},"wordCount":405,"commentCount":0,"publisher":{"@id":"https:\/\/lequotidien.mr\/#organization"},"image":{"@id":"https:\/\/lequotidien.mr\/?p=30372&lang=fr#primaryimage"},"thumbnailUrl":"https:\/\/lequotidien.mr\/wp-content\/uploads\/2025\/08\/photo-PM-_-Amb-Koweit.gif","articleSection":["ACTUALIT\u00c9","Economie"],"inLanguage":"ar","potentialAction":[{"@type":"CommentAction","name":"Comment","target":["https:\/\/lequotidien.mr\/?p=30372&lang=fr#respond"]}]},{"@type":"WebPage","@id":"https:\/\/lequotidien.mr\/?p=30372&lang=fr","url":"https:\/\/lequotidien.mr\/?p=30372&lang=fr","name":"Le Premier ministre re\u00e7oit l\u2019ambassadeur du Kowe\u00eft : cap sur un partenariat renforc\u00e9 - Le Quotidien de Nouakchott","isPartOf":{"@id":"https:\/\/lequotidien.mr\/#website"},"primaryImageOfPage":{"@id":"https:\/\/lequotidien.mr\/?p=30372&lang=fr#primaryimage"},"image":{"@id":"https:\/\/lequotidien.mr\/?p=30372&lang=fr#primaryimage"},"thumbnailUrl":"https:\/\/lequotidien.mr\/wp-content\/uploads\/2025\/08\/photo-PM-_-Amb-Koweit.gif","datePublished":"2025-08-24T14:17:01+00:00","breadcrumb":{"@id":"https:\/\/lequotidien.mr\/?p=30372&lang=fr#breadcrumb"},"inLanguage":"ar","potentialAction":[{"@type":"ReadAction","target":["https:\/\/lequotidien.mr\/?p=30372&lang=fr"]}]},{"@type":"ImageObject","inLanguage":"ar","@id":"https:\/\/lequotidien.mr\/?p=30372&lang=fr#primaryimage","url":"https:\/\/lequotidien.mr\/wp-content\/uploads\/2025\/08\/photo-PM-_-Amb-Koweit.gif","contentUrl":"https:\/\/lequotidien.mr\/wp-content\/uploads\/2025\/08\/photo-PM-_-Amb-Koweit.gif","width":640,"height":288},{"@type":"BreadcrumbList","@id":"https:\/\/lequotidien.mr\/?p=30372&lang=fr#breadcrumb","itemListElement":[{"@type":"ListItem","position":1,"name":"Home","item":"https:\/\/lequotidien.mr\/"},{"@type":"ListItem","position":2,"name":"Le Premier ministre re\u00e7oit l\u2019ambassadeur du Kowe\u00eft : cap sur un partenariat renforc\u00e9"}]},{"@type":"WebSite","@id":"https:\/\/lequotidien.mr\/#website","url":"https:\/\/lequotidien.mr\/","name":"Le Quotidien de Nouakchott","description":"\u0625\u062e\u0628\u0627\u0631\u064a\u0629 \u0645\u0633\u062a\u0642\u0644\u0629 \u0644\u0644\u0623\u0646\u0628\u0627\u0621 \u0627\u0644\u0639\u0627\u0645\u0629","publisher":{"@id":"https:\/\/lequotidien.mr\/#organization"},"potentialAction":[{"@type":"SearchAction","target":{"@type":"EntryPoint","urlTemplate":"https:\/\/lequotidien.mr\/?s={search_term_string}"},"query-input":{"@type":"PropertyValueSpecification","valueRequired":true,"valueName":"search_term_string"}}],"inLanguage":"ar"},{"@type":"Organization","@id":"https:\/\/lequotidien.mr\/#organization","name":"Le Quotidien de Nouakchott","url":"https:\/\/lequotidien.mr\/","logo":{"@type":"ImageObject","inLanguage":"ar","@id":"https:\/\/lequotidien.mr\/#\/schema\/logo\/image\/","url":"https:\/\/lequotidien.mr\/wp-content\/uploads\/2022\/11\/logolequotidien.jpg","contentUrl":"https:\/\/lequotidien.mr\/wp-content\/uploads\/2022\/11\/logolequotidien.jpg","width":290,"height":65,"caption":"Le Quotidien de Nouakchott"},"image":{"@id":"https:\/\/lequotidien.mr\/#\/schema\/logo\/image\/"},"sameAs":["https:\/\/web.facebook.com\/lequotidienmr","https:\/\/x.com\/lequotidienmr"]},{"@type":"Person","@id":"https:\/\/lequotidien.mr\/#\/schema\/person\/d2d350202a4d599685ed8abc25f97596","name":"Med Ahmed","image":{"@type":"ImageObject","inLanguage":"ar","@id":"https:\/\/secure.gravatar.com\/avatar\/fd2acc62ed50732923d1d39c17172c9b04149f142be92310ecc69e1358f94b52?s=96&d=mm&r=g","url":"https:\/\/secure.gravatar.com\/avatar\/fd2acc62ed50732923d1d39c17172c9b04149f142be92310ecc69e1358f94b52?s=96&d=mm&r=g","contentUrl":"https:\/\/secure.gravatar.com\/avatar\/fd2acc62ed50732923d1d39c17172c9b04149f142be92310ecc69e1358f94b52?s=96&d=mm&r=g","caption":"Med Ahmed"},"url":"https:\/\/lequotidien.mr\/?author=12"}]}},"_links":{"self":[{"href":"https:\/\/lequotidien.mr\/index.php?rest_route=\/wp\/v2\/posts\/30372","targetHints":{"allow":["GET"]}}],"collection":[{"href":"https:\/\/lequotidien.mr\/index.php?rest_route=\/wp\/v2\/posts"}],"about":[{"href":"https:\/\/lequotidien.mr\/index.php?rest_route=\/wp\/v2\/types\/post"}],"author":[{"embeddable":true,"href":"https:\/\/lequotidien.mr\/index.php?rest_route=\/wp\/v2\/users\/12"}],"replies":[{"embeddable":true,"href":"https:\/\/lequotidien.mr\/index.php?rest_route=%2Fwp%2Fv2%2Fcomments&post=30372"}],"version-history":[{"count":1,"href":"https:\/\/lequotidien.mr\/index.php?rest_route=\/wp\/v2\/posts\/30372\/revisions"}],"predecessor-version":[{"id":30374,"href":"https:\/\/lequotidien.mr\/index.php?rest_route=\/wp\/v2\/posts\/30372\/revisions\/30374"}],"wp:featuredmedia":[{"embeddable":true,"href":"https:\/\/lequotidien.mr\/index.php?rest_route=\/wp\/v2\/media\/30373"}],"wp:attachment":[{"href":"https:\/\/lequotidien.mr\/index.php?rest_route=%2Fwp%2Fv2%2Fmedia&parent=30372"}],"wp:term":[{"taxonomy":"category","embeddable":true,"href":"https:\/\/lequotidien.mr\/index.php?rest_route=%2Fwp%2Fv2%2Fcategories&post=30372"},{"taxonomy":"post_tag","embeddable":true,"href":"https:\/\/lequotidien.mr\/index.php?rest_route=%2Fwp%2Fv2%2Ftags&post=30372"}],"curies":[{"name":"wp","href":"https:\/\/api.w.org\/{rel}","templated":true}]}}