{"id":30369,"date":"2025-08-24T13:55:40","date_gmt":"2025-08-24T13:55:40","guid":{"rendered":"https:\/\/lequotidien.mr\/?p=30369"},"modified":"2025-08-24T13:55:40","modified_gmt":"2025-08-24T13:55:40","slug":"assemblee-nationale-rencontre-strategique-sur-les-enjeux-environnementaux-avec-greenpeace-et-long-zakia","status":"publish","type":"post","link":"https:\/\/lequotidien.mr\/?p=30369&lang=fr","title":{"rendered":"Assembl\u00e9e Nationale : Rencontre strat\u00e9gique sur les enjeux environnementaux avec Greenpeace et l\u2019ONG ZAKIA"},"content":{"rendered":"<p>Le Premier Vice-Pr\u00e9sident de l\u2019Assembl\u00e9e nationale, Monsieur Sidney Dramane Sokhona, a accord\u00e9 une audience, ce jeudi, \u00e0 une d\u00e9l\u00e9gation de la soci\u00e9t\u00e9 civile emmen\u00e9e par Madame Assietou Cissokho, Coordinatrice sous-r\u00e9gionale de Greenpeace pour l\u2019Afrique de l\u2019Ouest, et comprenant des repr\u00e9sentants de l\u2019ONG mauritanienne ZAKIA.<\/p>\n<p>Cette rencontre, qui s\u2019est d\u00e9roul\u00e9e en pr\u00e9sence de plusieurs d\u00e9put\u00e9s membres du groupe parlementaire charg\u00e9 de l\u2019environnement et du Secr\u00e9taire g\u00e9n\u00e9ral adjoint de l\u2019Assembl\u00e9e nationale, Monsieur Dieh M\u2019Hamed Kleib, s\u2019inscrit dans la dynamique de renforcement du dialogue entre l\u2019institution l\u00e9gislative et les acteurs de la soci\u00e9t\u00e9 civile.<\/p>\n<p><strong>Coop\u00e9ration et d\u00e9fis environnementaux au c\u0153ur des \u00e9changes<\/strong><\/p>\n<p>Les discussions ont port\u00e9 sur l\u2019\u00e9tat de la coop\u00e9ration entre l\u2019Assembl\u00e9e nationale, Greenpeace et ZAKIA, et les moyens de la consolider pour une action plus efficace. Le dialogue s\u2019est ensuite concentr\u00e9 sur les d\u00e9fis environnementaux critiques auxquels la Mauritanie est confront\u00e9e, avec un accent particulier sur l\u2019impact des usines de farine et d\u2019huile de poisson. Ces installations, souvent d\u00e9cri\u00e9es pour leur pression sur les ressources halieutiques et leur impact socio-\u00e9conomique sur les communaut\u00e9s c\u00f4ti\u00e8res, repr\u00e9sentent un enjeu majeur de gouvernance environnementale.<\/p>\n<p><strong>Des recommandations r\u00e9it\u00e9r\u00e9es pour une action forte<\/strong><\/p>\n<p>\u00c0 cette occasion, les repr\u00e9sentantes de Greenpeace et de ZAKIA ont r\u00e9it\u00e9r\u00e9 un certain nombre de recommandations cl\u00e9s aux parlementaires. Elles ont notamment plaid\u00e9 pour :<\/p>\n<p><strong>-La publication de l\u2019arr\u00eat\u00e9 interdisant l\u2019implantation de nouvelles unit\u00e9s de production<\/strong>\u00a0de farine et d\u2019huile de poisson, une mesure attendue pour freiner l&#8217;expansion de cette industrie\u00a0;<\/p>\n<p><strong>-L\u2019harmonisation des l\u00e9gislations au niveau sous-r\u00e9gional<\/strong>\u00a0(Afrique de l\u2019Ouest) afin de cr\u00e9er un front commun contre la surp\u00eache et la p\u00eache illicite, des fl\u00e9aux qui d\u00e9passent les fronti\u00e8res nationales\u00a0;<\/p>\n<p><strong>-Le renforcement des dispositifs de contr\u00f4le<\/strong>\u00a0pour une application stricte des lois en vigueur et une lutte plus efficace contre la p\u00eache INN (Illicite, Non d\u00e9clar\u00e9e, Non r\u00e9glement\u00e9e).<\/p>\n<p><strong>Vers un dialogue parlementaire-civil renforc\u00e9<\/strong><\/p>\n<p>Cette audience t\u00e9moigne de la volont\u00e9 de l\u2019Assembl\u00e9e nationale d\u2019\u00e9couter les pr\u00e9occupations des organisations de la soci\u00e9t\u00e9 civile et de les int\u00e9grer dans le processus l\u00e9gislatif. Elle s\u2019inscrit dans une vision visant \u00e0 promouvoir la protection de l\u2019environnement et \u00e0 pr\u00e9server les int\u00e9r\u00eats des communaut\u00e9s c\u00f4ti\u00e8res, dont les moyens de subsistance sont directement li\u00e9s \u00e0 la sant\u00e9 des \u00e9cosyst\u00e8mes marins.<\/p>\n<p>La pr\u00e9sence des d\u00e9put\u00e9s sp\u00e9cialis\u00e9s sur les questions environnementales assure une continuit\u00e9 dans le suivi de ces dossiers sensibles, laissant pr\u00e9sager un traitement parlementaire attentif aux recommandations formul\u00e9es.<\/p>\n<p>&nbsp;<\/p>\n","protected":false},"excerpt":{"rendered":"<p>Le Premier Vice-Pr\u00e9sident de l\u2019Assembl\u00e9e nationale, Monsieur Sidney Dramane Sokhona, a accord\u00e9 une audience, ce jeudi, \u00e0 une d\u00e9l\u00e9gation de la soci\u00e9t\u00e9 civile emmen\u00e9e par Madame Assietou Cissokho, Coordinatrice sous-r\u00e9gionale de Greenpeace pour l\u2019Afrique de l\u2019Ouest, et comprenant des repr\u00e9sentants de l\u2019ONG mauritanienne ZAKIA. Cette rencontre, qui s\u2019est d\u00e9roul\u00e9e en pr\u00e9sence de plusieurs d\u00e9put\u00e9s membres&#8230;..<\/p>\n","protected":false},"author":12,"featured_media":30370,"comment_status":"open","ping_status":"open","sticky":false,"template":"","format":"standard","meta":{"footnotes":""},"categories":[23,49],"tags":[],"class_list":["post-30369","post","type-post","status-publish","format-standard","has-post-thumbnail","hentry","category-actualite","category-economie"],"yoast_head":"<!-- This site is optimized with the Yoast SEO plugin v27.5 - https:\/\/yoast.com\/product\/yoast-seo-wordpress\/ -->\n<title>Assembl\u00e9e Nationale : Rencontre strat\u00e9gique sur les enjeux environnementaux avec Greenpeace et l\u2019ONG ZAKIA - Le Quotidien de Nouakchott<\/title>\n<meta name=\"robots\" content=\"index, follow, max-snippet:-1, max-image-preview:large, max-video-preview:-1\" \/>\n<link rel=\"canonical\" href=\"https:\/\/lequotidien.mr\/?p=30369&lang=fr\" \/>\n<meta property=\"og:locale\" content=\"ar_AR\" \/>\n<meta property=\"og:type\" content=\"article\" \/>\n<meta property=\"og:title\" content=\"Assembl\u00e9e Nationale : Rencontre strat\u00e9gique sur les enjeux environnementaux avec Greenpeace et l\u2019ONG ZAKIA - Le Quotidien de Nouakchott\" \/>\n<meta property=\"og:description\" content=\"Le Premier Vice-Pr\u00e9sident de l\u2019Assembl\u00e9e nationale, Monsieur Sidney Dramane Sokhona, a accord\u00e9 une audience, ce jeudi, \u00e0 une d\u00e9l\u00e9gation de la soci\u00e9t\u00e9 civile emmen\u00e9e par Madame Assietou Cissokho, Coordinatrice sous-r\u00e9gionale de Greenpeace pour l\u2019Afrique de l\u2019Ouest, et comprenant des repr\u00e9sentants de l\u2019ONG mauritanienne ZAKIA. Cette rencontre, qui s\u2019est d\u00e9roul\u00e9e en pr\u00e9sence de plusieurs d\u00e9put\u00e9s membres.....\" \/>\n<meta property=\"og:url\" content=\"https:\/\/lequotidien.mr\/?p=30369&amp;lang=fr\" \/>\n<meta property=\"og:site_name\" content=\"Le Quotidien de Nouakchott\" \/>\n<meta property=\"article:publisher\" content=\"https:\/\/web.facebook.com\/lequotidienmr\" \/>\n<meta property=\"article:published_time\" content=\"2025-08-24T13:55:40+00:00\" \/>\n<meta property=\"og:image\" content=\"https:\/\/lequotidien.mr\/wp-content\/uploads\/2025\/08\/photo-AN-Greenpeace.gif\" \/>\n\t<meta property=\"og:image:width\" content=\"640\" \/>\n\t<meta property=\"og:image:height\" content=\"288\" \/>\n\t<meta property=\"og:image:type\" content=\"image\/gif\" \/>\n<meta name=\"author\" content=\"Med Ahmed\" \/>\n<meta name=\"twitter:card\" content=\"summary_large_image\" \/>\n<meta name=\"twitter:creator\" content=\"@lequotidienmr\" \/>\n<meta name=\"twitter:site\" content=\"@lequotidienmr\" \/>\n<meta name=\"twitter:label1\" content=\"\u0643\u064f\u062a\u0628 \u0628\u0648\u0627\u0633\u0637\u0629\" \/>\n\t<meta name=\"twitter:data1\" content=\"Med Ahmed\" \/>\n\t<meta name=\"twitter:label2\" content=\"\u0648\u0642\u062a \u0627\u0644\u0642\u0631\u0627\u0621\u0629 \u0627\u0644\u0645\u064f\u0642\u062f\u0651\u0631\" \/>\n\t<meta name=\"twitter:data2\" content=\"4 \u062f\u0642\u0627\u0626\u0642\" \/>\n<script type=\"application\/ld+json\" class=\"yoast-schema-graph\">{\"@context\":\"https:\\\/\\\/schema.org\",\"@graph\":[{\"@type\":\"Article\",\"@id\":\"https:\\\/\\\/lequotidien.mr\\\/?p=30369&lang=fr#article\",\"isPartOf\":{\"@id\":\"https:\\\/\\\/lequotidien.mr\\\/?p=30369&lang=fr\"},\"author\":{\"name\":\"Med Ahmed\",\"@id\":\"https:\\\/\\\/lequotidien.mr\\\/#\\\/schema\\\/person\\\/d2d350202a4d599685ed8abc25f97596\"},\"headline\":\"Assembl\u00e9e Nationale : Rencontre strat\u00e9gique sur les enjeux environnementaux avec Greenpeace et l\u2019ONG ZAKIA\",\"datePublished\":\"2025-08-24T13:55:40+00:00\",\"mainEntityOfPage\":{\"@id\":\"https:\\\/\\\/lequotidien.mr\\\/?p=30369&lang=fr\"},\"wordCount\":502,\"commentCount\":0,\"publisher\":{\"@id\":\"https:\\\/\\\/lequotidien.mr\\\/#organization\"},\"image\":{\"@id\":\"https:\\\/\\\/lequotidien.mr\\\/?p=30369&lang=fr#primaryimage\"},\"thumbnailUrl\":\"https:\\\/\\\/lequotidien.mr\\\/wp-content\\\/uploads\\\/2025\\\/08\\\/photo-AN-Greenpeace.gif\",\"articleSection\":[\"ACTUALIT\u00c9\",\"Economie\"],\"inLanguage\":\"ar\",\"potentialAction\":[{\"@type\":\"CommentAction\",\"name\":\"Comment\",\"target\":[\"https:\\\/\\\/lequotidien.mr\\\/?p=30369&lang=fr#respond\"]}]},{\"@type\":\"WebPage\",\"@id\":\"https:\\\/\\\/lequotidien.mr\\\/?p=30369&lang=fr\",\"url\":\"https:\\\/\\\/lequotidien.mr\\\/?p=30369&lang=fr\",\"name\":\"Assembl\u00e9e Nationale : Rencontre strat\u00e9gique sur les enjeux environnementaux avec Greenpeace et l\u2019ONG ZAKIA - Le Quotidien de Nouakchott\",\"isPartOf\":{\"@id\":\"https:\\\/\\\/lequotidien.mr\\\/#website\"},\"primaryImageOfPage\":{\"@id\":\"https:\\\/\\\/lequotidien.mr\\\/?p=30369&lang=fr#primaryimage\"},\"image\":{\"@id\":\"https:\\\/\\\/lequotidien.mr\\\/?p=30369&lang=fr#primaryimage\"},\"thumbnailUrl\":\"https:\\\/\\\/lequotidien.mr\\\/wp-content\\\/uploads\\\/2025\\\/08\\\/photo-AN-Greenpeace.gif\",\"datePublished\":\"2025-08-24T13:55:40+00:00\",\"breadcrumb\":{\"@id\":\"https:\\\/\\\/lequotidien.mr\\\/?p=30369&lang=fr#breadcrumb\"},\"inLanguage\":\"ar\",\"potentialAction\":[{\"@type\":\"ReadAction\",\"target\":[\"https:\\\/\\\/lequotidien.mr\\\/?p=30369&lang=fr\"]}]},{\"@type\":\"ImageObject\",\"inLanguage\":\"ar\",\"@id\":\"https:\\\/\\\/lequotidien.mr\\\/?p=30369&lang=fr#primaryimage\",\"url\":\"https:\\\/\\\/lequotidien.mr\\\/wp-content\\\/uploads\\\/2025\\\/08\\\/photo-AN-Greenpeace.gif\",\"contentUrl\":\"https:\\\/\\\/lequotidien.mr\\\/wp-content\\\/uploads\\\/2025\\\/08\\\/photo-AN-Greenpeace.gif\",\"width\":640,\"height\":288},{\"@type\":\"BreadcrumbList\",\"@id\":\"https:\\\/\\\/lequotidien.mr\\\/?p=30369&lang=fr#breadcrumb\",\"itemListElement\":[{\"@type\":\"ListItem\",\"position\":1,\"name\":\"Home\",\"item\":\"https:\\\/\\\/lequotidien.mr\\\/\"},{\"@type\":\"ListItem\",\"position\":2,\"name\":\"Assembl\u00e9e Nationale : Rencontre strat\u00e9gique sur les enjeux environnementaux avec Greenpeace et l\u2019ONG ZAKIA\"}]},{\"@type\":\"WebSite\",\"@id\":\"https:\\\/\\\/lequotidien.mr\\\/#website\",\"url\":\"https:\\\/\\\/lequotidien.mr\\\/\",\"name\":\"Le Quotidien de Nouakchott\",\"description\":\"\u0625\u062e\u0628\u0627\u0631\u064a\u0629 \u0645\u0633\u062a\u0642\u0644\u0629 \u0644\u0644\u0623\u0646\u0628\u0627\u0621 \u0627\u0644\u0639\u0627\u0645\u0629\",\"publisher\":{\"@id\":\"https:\\\/\\\/lequotidien.mr\\\/#organization\"},\"potentialAction\":[{\"@type\":\"SearchAction\",\"target\":{\"@type\":\"EntryPoint\",\"urlTemplate\":\"https:\\\/\\\/lequotidien.mr\\\/?s={search_term_string}\"},\"query-input\":{\"@type\":\"PropertyValueSpecification\",\"valueRequired\":true,\"valueName\":\"search_term_string\"}}],\"inLanguage\":\"ar\"},{\"@type\":\"Organization\",\"@id\":\"https:\\\/\\\/lequotidien.mr\\\/#organization\",\"name\":\"Le Quotidien de Nouakchott\",\"url\":\"https:\\\/\\\/lequotidien.mr\\\/\",\"logo\":{\"@type\":\"ImageObject\",\"inLanguage\":\"ar\",\"@id\":\"https:\\\/\\\/lequotidien.mr\\\/#\\\/schema\\\/logo\\\/image\\\/\",\"url\":\"https:\\\/\\\/lequotidien.mr\\\/wp-content\\\/uploads\\\/2022\\\/11\\\/logolequotidien.jpg\",\"contentUrl\":\"https:\\\/\\\/lequotidien.mr\\\/wp-content\\\/uploads\\\/2022\\\/11\\\/logolequotidien.jpg\",\"width\":290,\"height\":65,\"caption\":\"Le Quotidien de Nouakchott\"},\"image\":{\"@id\":\"https:\\\/\\\/lequotidien.mr\\\/#\\\/schema\\\/logo\\\/image\\\/\"},\"sameAs\":[\"https:\\\/\\\/web.facebook.com\\\/lequotidienmr\",\"https:\\\/\\\/x.com\\\/lequotidienmr\"]},{\"@type\":\"Person\",\"@id\":\"https:\\\/\\\/lequotidien.mr\\\/#\\\/schema\\\/person\\\/d2d350202a4d599685ed8abc25f97596\",\"name\":\"Med Ahmed\",\"image\":{\"@type\":\"ImageObject\",\"inLanguage\":\"ar\",\"@id\":\"https:\\\/\\\/secure.gravatar.com\\\/avatar\\\/fd2acc62ed50732923d1d39c17172c9b04149f142be92310ecc69e1358f94b52?s=96&d=mm&r=g\",\"url\":\"https:\\\/\\\/secure.gravatar.com\\\/avatar\\\/fd2acc62ed50732923d1d39c17172c9b04149f142be92310ecc69e1358f94b52?s=96&d=mm&r=g\",\"contentUrl\":\"https:\\\/\\\/secure.gravatar.com\\\/avatar\\\/fd2acc62ed50732923d1d39c17172c9b04149f142be92310ecc69e1358f94b52?s=96&d=mm&r=g\",\"caption\":\"Med Ahmed\"},\"url\":\"https:\\\/\\\/lequotidien.mr\\\/?author=12\"}]}<\/script>\n<!-- \/ Yoast SEO plugin. -->","yoast_head_json":{"title":"Assembl\u00e9e Nationale : Rencontre strat\u00e9gique sur les enjeux environnementaux avec Greenpeace et l\u2019ONG ZAKIA - Le Quotidien de Nouakchott","robots":{"index":"index","follow":"follow","max-snippet":"max-snippet:-1","max-image-preview":"max-image-preview:large","max-video-preview":"max-video-preview:-1"},"canonical":"https:\/\/lequotidien.mr\/?p=30369&lang=fr","og_locale":"ar_AR","og_type":"article","og_title":"Assembl\u00e9e Nationale : Rencontre strat\u00e9gique sur les enjeux environnementaux avec Greenpeace et l\u2019ONG ZAKIA - Le Quotidien de Nouakchott","og_description":"Le Premier Vice-Pr\u00e9sident de l\u2019Assembl\u00e9e nationale, Monsieur Sidney Dramane Sokhona, a accord\u00e9 une audience, ce jeudi, \u00e0 une d\u00e9l\u00e9gation de la soci\u00e9t\u00e9 civile emmen\u00e9e par Madame Assietou Cissokho, Coordinatrice sous-r\u00e9gionale de Greenpeace pour l\u2019Afrique de l\u2019Ouest, et comprenant des repr\u00e9sentants de l\u2019ONG mauritanienne ZAKIA. Cette rencontre, qui s\u2019est d\u00e9roul\u00e9e en pr\u00e9sence de plusieurs d\u00e9put\u00e9s membres.....","og_url":"https:\/\/lequotidien.mr\/?p=30369&lang=fr","og_site_name":"Le Quotidien de Nouakchott","article_publisher":"https:\/\/web.facebook.com\/lequotidienmr","article_published_time":"2025-08-24T13:55:40+00:00","og_image":[{"width":640,"height":288,"url":"https:\/\/lequotidien.mr\/wp-content\/uploads\/2025\/08\/photo-AN-Greenpeace.gif","type":"image\/gif"}],"author":"Med Ahmed","twitter_card":"summary_large_image","twitter_creator":"@lequotidienmr","twitter_site":"@lequotidienmr","twitter_misc":{"\u0643\u064f\u062a\u0628 \u0628\u0648\u0627\u0633\u0637\u0629":"Med Ahmed","\u0648\u0642\u062a \u0627\u0644\u0642\u0631\u0627\u0621\u0629 \u0627\u0644\u0645\u064f\u0642\u062f\u0651\u0631":"4 \u062f\u0642\u0627\u0626\u0642"},"schema":{"@context":"https:\/\/schema.org","@graph":[{"@type":"Article","@id":"https:\/\/lequotidien.mr\/?p=30369&lang=fr#article","isPartOf":{"@id":"https:\/\/lequotidien.mr\/?p=30369&lang=fr"},"author":{"name":"Med Ahmed","@id":"https:\/\/lequotidien.mr\/#\/schema\/person\/d2d350202a4d599685ed8abc25f97596"},"headline":"Assembl\u00e9e Nationale : Rencontre strat\u00e9gique sur les enjeux environnementaux avec Greenpeace et l\u2019ONG ZAKIA","datePublished":"2025-08-24T13:55:40+00:00","mainEntityOfPage":{"@id":"https:\/\/lequotidien.mr\/?p=30369&lang=fr"},"wordCount":502,"commentCount":0,"publisher":{"@id":"https:\/\/lequotidien.mr\/#organization"},"image":{"@id":"https:\/\/lequotidien.mr\/?p=30369&lang=fr#primaryimage"},"thumbnailUrl":"https:\/\/lequotidien.mr\/wp-content\/uploads\/2025\/08\/photo-AN-Greenpeace.gif","articleSection":["ACTUALIT\u00c9","Economie"],"inLanguage":"ar","potentialAction":[{"@type":"CommentAction","name":"Comment","target":["https:\/\/lequotidien.mr\/?p=30369&lang=fr#respond"]}]},{"@type":"WebPage","@id":"https:\/\/lequotidien.mr\/?p=30369&lang=fr","url":"https:\/\/lequotidien.mr\/?p=30369&lang=fr","name":"Assembl\u00e9e Nationale : Rencontre strat\u00e9gique sur les enjeux environnementaux avec Greenpeace et l\u2019ONG ZAKIA - Le Quotidien de Nouakchott","isPartOf":{"@id":"https:\/\/lequotidien.mr\/#website"},"primaryImageOfPage":{"@id":"https:\/\/lequotidien.mr\/?p=30369&lang=fr#primaryimage"},"image":{"@id":"https:\/\/lequotidien.mr\/?p=30369&lang=fr#primaryimage"},"thumbnailUrl":"https:\/\/lequotidien.mr\/wp-content\/uploads\/2025\/08\/photo-AN-Greenpeace.gif","datePublished":"2025-08-24T13:55:40+00:00","breadcrumb":{"@id":"https:\/\/lequotidien.mr\/?p=30369&lang=fr#breadcrumb"},"inLanguage":"ar","potentialAction":[{"@type":"ReadAction","target":["https:\/\/lequotidien.mr\/?p=30369&lang=fr"]}]},{"@type":"ImageObject","inLanguage":"ar","@id":"https:\/\/lequotidien.mr\/?p=30369&lang=fr#primaryimage","url":"https:\/\/lequotidien.mr\/wp-content\/uploads\/2025\/08\/photo-AN-Greenpeace.gif","contentUrl":"https:\/\/lequotidien.mr\/wp-content\/uploads\/2025\/08\/photo-AN-Greenpeace.gif","width":640,"height":288},{"@type":"BreadcrumbList","@id":"https:\/\/lequotidien.mr\/?p=30369&lang=fr#breadcrumb","itemListElement":[{"@type":"ListItem","position":1,"name":"Home","item":"https:\/\/lequotidien.mr\/"},{"@type":"ListItem","position":2,"name":"Assembl\u00e9e Nationale : Rencontre strat\u00e9gique sur les enjeux environnementaux avec Greenpeace et l\u2019ONG ZAKIA"}]},{"@type":"WebSite","@id":"https:\/\/lequotidien.mr\/#website","url":"https:\/\/lequotidien.mr\/","name":"Le Quotidien de Nouakchott","description":"\u0625\u062e\u0628\u0627\u0631\u064a\u0629 \u0645\u0633\u062a\u0642\u0644\u0629 \u0644\u0644\u0623\u0646\u0628\u0627\u0621 \u0627\u0644\u0639\u0627\u0645\u0629","publisher":{"@id":"https:\/\/lequotidien.mr\/#organization"},"potentialAction":[{"@type":"SearchAction","target":{"@type":"EntryPoint","urlTemplate":"https:\/\/lequotidien.mr\/?s={search_term_string}"},"query-input":{"@type":"PropertyValueSpecification","valueRequired":true,"valueName":"search_term_string"}}],"inLanguage":"ar"},{"@type":"Organization","@id":"https:\/\/lequotidien.mr\/#organization","name":"Le Quotidien de Nouakchott","url":"https:\/\/lequotidien.mr\/","logo":{"@type":"ImageObject","inLanguage":"ar","@id":"https:\/\/lequotidien.mr\/#\/schema\/logo\/image\/","url":"https:\/\/lequotidien.mr\/wp-content\/uploads\/2022\/11\/logolequotidien.jpg","contentUrl":"https:\/\/lequotidien.mr\/wp-content\/uploads\/2022\/11\/logolequotidien.jpg","width":290,"height":65,"caption":"Le Quotidien de Nouakchott"},"image":{"@id":"https:\/\/lequotidien.mr\/#\/schema\/logo\/image\/"},"sameAs":["https:\/\/web.facebook.com\/lequotidienmr","https:\/\/x.com\/lequotidienmr"]},{"@type":"Person","@id":"https:\/\/lequotidien.mr\/#\/schema\/person\/d2d350202a4d599685ed8abc25f97596","name":"Med Ahmed","image":{"@type":"ImageObject","inLanguage":"ar","@id":"https:\/\/secure.gravatar.com\/avatar\/fd2acc62ed50732923d1d39c17172c9b04149f142be92310ecc69e1358f94b52?s=96&d=mm&r=g","url":"https:\/\/secure.gravatar.com\/avatar\/fd2acc62ed50732923d1d39c17172c9b04149f142be92310ecc69e1358f94b52?s=96&d=mm&r=g","contentUrl":"https:\/\/secure.gravatar.com\/avatar\/fd2acc62ed50732923d1d39c17172c9b04149f142be92310ecc69e1358f94b52?s=96&d=mm&r=g","caption":"Med Ahmed"},"url":"https:\/\/lequotidien.mr\/?author=12"}]}},"_links":{"self":[{"href":"https:\/\/lequotidien.mr\/index.php?rest_route=\/wp\/v2\/posts\/30369","targetHints":{"allow":["GET"]}}],"collection":[{"href":"https:\/\/lequotidien.mr\/index.php?rest_route=\/wp\/v2\/posts"}],"about":[{"href":"https:\/\/lequotidien.mr\/index.php?rest_route=\/wp\/v2\/types\/post"}],"author":[{"embeddable":true,"href":"https:\/\/lequotidien.mr\/index.php?rest_route=\/wp\/v2\/users\/12"}],"replies":[{"embeddable":true,"href":"https:\/\/lequotidien.mr\/index.php?rest_route=%2Fwp%2Fv2%2Fcomments&post=30369"}],"version-history":[{"count":1,"href":"https:\/\/lequotidien.mr\/index.php?rest_route=\/wp\/v2\/posts\/30369\/revisions"}],"predecessor-version":[{"id":30371,"href":"https:\/\/lequotidien.mr\/index.php?rest_route=\/wp\/v2\/posts\/30369\/revisions\/30371"}],"wp:featuredmedia":[{"embeddable":true,"href":"https:\/\/lequotidien.mr\/index.php?rest_route=\/wp\/v2\/media\/30370"}],"wp:attachment":[{"href":"https:\/\/lequotidien.mr\/index.php?rest_route=%2Fwp%2Fv2%2Fmedia&parent=30369"}],"wp:term":[{"taxonomy":"category","embeddable":true,"href":"https:\/\/lequotidien.mr\/index.php?rest_route=%2Fwp%2Fv2%2Fcategories&post=30369"},{"taxonomy":"post_tag","embeddable":true,"href":"https:\/\/lequotidien.mr\/index.php?rest_route=%2Fwp%2Fv2%2Ftags&post=30369"}],"curies":[{"name":"wp","href":"https:\/\/api.w.org\/{rel}","templated":true}]}}