{"id":30366,"date":"2025-08-24T13:27:53","date_gmt":"2025-08-24T13:27:53","guid":{"rendered":"https:\/\/lequotidien.mr\/?p=30366"},"modified":"2025-08-24T13:27:53","modified_gmt":"2025-08-24T13:27:53","slug":"mauritanie-japon-une-cooperation-renforcee-grace-a-la-qualification-aux-financements-concessionnels-de-la-jica","status":"publish","type":"post","link":"https:\/\/lequotidien.mr\/?p=30366&lang=fr","title":{"rendered":"Mauritanie-Japon : Une coop\u00e9ration renforc\u00e9e gr\u00e2ce \u00e0 la qualification aux financements concessionnels de la JICA"},"content":{"rendered":"<p class=\"ds-markdown-paragraph\" style=\"line-height: 17.9pt; background: white; margin: 8.6pt 0cm 8.6pt 0cm;\"><span style=\"font-size: 10.0pt; font-family: 'Segoe UI','sans-serif'; color: #404040;\">Une s\u00e9ance de travail de haut niveau s\u2019est tenue ce jeudi \u00e0 Tokyo entre une d\u00e9l\u00e9gation minist\u00e9rielle mauritanienne et les responsables de l\u2019Agence Japonaise de Coop\u00e9ration Internationale (JICA). Cette rencontre marque un tournant significatif dans les relations \u00e9conomiques entre la Mauritanie et le Japon.<\/span><\/p>\n<p class=\"ds-markdown-paragraph\" style=\"line-height: 17.9pt; background: white; font-variant-ligatures: normal; font-variant-caps: normal; orphans: 2; text-align: start; widows: 2; -webkit-text-stroke-width: 0px; text-decoration-thickness: initial; text-decoration-style: initial; text-decoration-color: initial; word-spacing: 0px; margin: 8.6pt 0cm 8.6pt 0cm;\"><span style=\"font-size: 10.0pt; font-family: 'Segoe UI','sans-serif'; color: #404040;\">La d\u00e9l\u00e9gation mauritanienne \u00e9tait conduite par le Ministre de l\u2019\u00c9conomie et des Finances, M. Sid Ahmed Bouh, et le Ministre de la P\u00eache, des Infrastructures maritimes et portuaires, M. El Fadhil Sidaty Ould Ahmed Louly. Ils ont rencontr\u00e9 M. Ando Naoki, Vice-Pr\u00e9sident de la JICA, en pr\u00e9sence de l&#8217;Ambassadeur de Mauritanie au Japon, Son Excellence M. Abdellahi Kebd.<\/span><\/p>\n<h4 style=\"line-height: 17.9pt; background: white; font-variant-ligatures: normal; font-variant-caps: normal; orphans: 2; text-align: start; widows: 2; -webkit-text-stroke-width: 0px; text-decoration-thickness: initial; text-decoration-style: initial; text-decoration-color: initial; word-spacing: 0px; margin: 11.45pt 0cm 8.6pt 0cm;\"><strong><span style=\"font-size: 10.0pt; font-family: 'Segoe UI','sans-serif'; color: #404040; font-style: normal;\">Un saut qualitatif dans le cadre bilat\u00e9ral<\/span><\/strong><\/h4>\n<p class=\"ds-markdown-paragraph\" style=\"line-height: 17.9pt; background: white; font-variant-ligatures: normal; font-variant-caps: normal; orphans: 2; text-align: start; widows: 2; -webkit-text-stroke-width: 0px; text-decoration-thickness: initial; text-decoration-style: initial; text-decoration-color: initial; word-spacing: 0px; margin: 8.6pt 0cm 8.6pt 0cm;\"><span style=\"font-size: 10.0pt; font-family: 'Segoe UI','sans-serif'; color: #404040;\">Au c\u0153ur des discussions figurait l\u2019examen des moyens de renforcer et de d\u00e9velopper les relations de coop\u00e9ration dans le domaine du d\u00e9veloppement, afin d\u2019ouvrir de plus larges perspectives de partenariat. Cette r\u00e9union rev\u00eat une importance particuli\u00e8re puisqu\u2019elle intervient dans le contexte historique de la qualification,\u00a0<strong><span style=\"font-family: 'Segoe UI','sans-serif';\">pour la premi\u00e8re fois<\/span><\/strong>, de la Mauritanie \u00e0 b\u00e9n\u00e9ficier de financements concessionnels de la JICA.<\/span><\/p>\n<p class=\"ds-markdown-paragraph\" style=\"line-height: 17.9pt; background: white; font-variant-ligatures: normal; font-variant-caps: normal; orphans: 2; text-align: start; widows: 2; -webkit-text-stroke-width: 0px; text-decoration-thickness: initial; text-decoration-style: initial; text-decoration-color: initial; word-spacing: 0px; margin: 8.6pt 0cm 8.6pt 0cm;\"><span style=\"font-size: 10.0pt; font-family: 'Segoe UI','sans-serif'; color: #404040;\">Ce statut repr\u00e9sente un saut qualitatif majeur. Il offre \u00e0 la Nouakchott un acc\u00e8s privil\u00e9gi\u00e9 \u00e0 des pr\u00eats \u00e0 des conditions tr\u00e8s favorables (taux d&#8217;int\u00e9r\u00eat bas, d\u00e9lais de gr\u00e2ce prolong\u00e9s), essentiels pour financer de grands projets d&#8217;infrastructure sans alourdir la dette publique.<\/span><\/p>\n<h4 style=\"line-height: 17.9pt; background: white; font-variant-ligatures: normal; font-variant-caps: normal; orphans: 2; text-align: start; widows: 2; -webkit-text-stroke-width: 0px; text-decoration-thickness: initial; text-decoration-style: initial; text-decoration-color: initial; word-spacing: 0px; margin: 11.45pt 0cm 8.6pt 0cm;\"><strong><span style=\"font-size: 10.0pt; font-family: 'Segoe UI','sans-serif'; color: #404040; font-style: normal;\">Des projets concrets sur la table<\/span><\/strong><\/h4>\n<p class=\"ds-markdown-paragraph\" style=\"line-height: 17.9pt; background: white; font-variant-ligatures: normal; font-variant-caps: normal; orphans: 2; text-align: start; widows: 2; -webkit-text-stroke-width: 0px; text-decoration-thickness: initial; text-decoration-style: initial; text-decoration-color: initial; word-spacing: 0px; margin: 8.6pt 0cm 8.6pt 0cm;\"><span style=\"font-size: 10.0pt; font-family: 'Segoe UI','sans-serif'; color: #404040;\">Les discussions se sont concr\u00e9tis\u00e9es autour de plusieurs projets prioritaires. Les deux parties ont \u00e9voqu\u00e9 la contribution de la JICA au financement du\u00a0<strong><span style=\"font-family: 'Segoe UI','sans-serif';\">projet de ligne \u00e9lectrique \u00e0 haute tension entre Nouakchott et N\u00e9ma<\/span><\/strong>. Ce projet crucial pour le d\u00e9veloppement des infrastructures \u00e9nerg\u00e9tiques nationales est pr\u00e9sent\u00e9 comme la premi\u00e8re \u00e9tape d\u2019un portefeuille de projets plus large que l\u2019Agence japonaise compte financer en Mauritanie.<\/span><\/p>\n<p class=\"ds-markdown-paragraph\" style=\"line-height: 17.9pt; background: white; font-variant-ligatures: normal; font-variant-caps: normal; orphans: 2; text-align: start; widows: 2; -webkit-text-stroke-width: 0px; text-decoration-thickness: initial; text-decoration-style: initial; text-decoration-color: initial; word-spacing: 0px; margin: 8.6pt 0cm 8.6pt 0cm;\"><span style=\"font-size: 10.0pt; font-family: 'Segoe UI','sans-serif'; color: #404040;\">Le secteur de la p\u00eache, pilier de l&#8217;\u00e9conomie mauritanienne, a \u00e9galement \u00e9t\u00e9 au centre des \u00e9changes. Le ministre El Fadhil Sidaty a pu aborder les pistes de coop\u00e9ration et de soutien technique de la JICA pour moderniser et d\u00e9velopper les infrastructures maritimes et portuaires du pays.<\/span><\/p>\n<h4 style=\"line-height: 17.9pt; background: white; font-variant-ligatures: normal; font-variant-caps: normal; orphans: 2; text-align: start; widows: 2; -webkit-text-stroke-width: 0px; text-decoration-thickness: initial; text-decoration-style: initial; text-decoration-color: initial; word-spacing: 0px; margin: 11.45pt 0cm 8.6pt 0cm;\"><strong><span style=\"font-size: 10.0pt; font-family: 'Segoe UI','sans-serif'; color: #404040; font-style: normal;\">Une qualification m\u00e9rit\u00e9e<\/span><\/strong><\/h4>\n<p class=\"ds-markdown-paragraph\" style=\"line-height: 17.9pt; background: white; font-variant-ligatures: normal; font-variant-caps: normal; orphans: 2; text-align: start; widows: 2; -webkit-text-stroke-width: 0px; text-decoration-thickness: initial; text-decoration-style: initial; text-decoration-color: initial; word-spacing: 0px; margin: 8.6pt 0cm 8.6pt 0cm;\"><span style=\"font-size: 10.0pt; font-family: 'Segoe UI','sans-serif'; color: #404040;\">Les interlocuteurs ont soulign\u00e9 que cette qualification aux financements concessionnels est le fruit direct des\u00a0<span style=\"font-family: 'Segoe UI','sans-serif';\">succ\u00e8s remarquables<\/span>\u00a0obtenus par la Mauritanie dans la gestion de son dossier de la dette ext\u00e9rieure et de la politique \u00e9conomique sage qu\u2019elle a adopt\u00e9e ces derni\u00e8res ann\u00e9es.<\/span><\/p>\n<p class=\"ds-markdown-paragraph\" style=\"line-height: 17.9pt; background: white; font-variant-ligatures: normal; font-variant-caps: normal; orphans: 2; text-align: start; widows: 2; -webkit-text-stroke-width: 0px; text-decoration-thickness: initial; text-decoration-style: initial; text-decoration-color: initial; word-spacing: 0px; margin: 8.6pt 0cm 8.6pt 0cm;\"><span style=\"font-size: 10.0pt; font-family: 'Segoe UI','sans-serif'; color: #404040;\">Ces efforts, salu\u00e9s par les institutions financi\u00e8res internationales, ont consid\u00e9rablement\u00a0<span style=\"font-family: 'Segoe UI','sans-serif';\">am\u00e9lior\u00e9 la position de n\u00e9gociation<\/span>\u00a0du pays et lui ont offert l\u2019opportunit\u00e9 de b\u00e9n\u00e9ficier de ces instruments financiers avantageux, gage de confiance de la part des partenaires comme le Japon.<\/span><\/p>\n<p class=\"ds-markdown-paragraph\" style=\"margin-top: 8.6pt; line-height: 17.9pt; background: white; font-variant-ligatures: normal; font-variant-caps: normal; orphans: 2; text-align: start; widows: 2; -webkit-text-stroke-width: 0px; text-decoration-thickness: initial; text-decoration-style: initial; text-decoration-color: initial; word-spacing: 0px;\"><span style=\"font-size: 10.0pt; font-family: 'Segoe UI','sans-serif'; color: #404040;\">Cette rencontre \u00e0 Tokyo ouvre ainsi une nouvelle \u00e8re de coop\u00e9ration entre la Mauritanie et le Japon, prometteuse pour le financement de projets structurants qui accompagneront le d\u00e9veloppement \u00e9conomique et social du pays.<\/span><\/p>\n<p style=\"margin: 0cm 0cm 10.65pt 0cm;\"><span style=\"font-size: 10.0pt; font-family: 'Louguiya Bold','serif'; color: black;\">\u00a0<\/span><\/p>\n","protected":false},"excerpt":{"rendered":"<p>Une s\u00e9ance de travail de haut niveau s\u2019est tenue ce jeudi \u00e0 Tokyo entre une d\u00e9l\u00e9gation minist\u00e9rielle mauritanienne et les responsables de l\u2019Agence Japonaise de Coop\u00e9ration Internationale (JICA). Cette rencontre marque un tournant significatif dans les relations \u00e9conomiques entre la Mauritanie et le Japon. La d\u00e9l\u00e9gation mauritanienne \u00e9tait conduite par le Ministre de l\u2019\u00c9conomie et&#8230;..<\/p>\n","protected":false},"author":12,"featured_media":30367,"comment_status":"open","ping_status":"open","sticky":false,"template":"","format":"standard","meta":{"footnotes":""},"categories":[23,49],"tags":[],"class_list":["post-30366","post","type-post","status-publish","format-standard","has-post-thumbnail","hentry","category-actualite","category-economie"],"yoast_head":"<!-- This site is optimized with the Yoast SEO plugin v27.5 - https:\/\/yoast.com\/product\/yoast-seo-wordpress\/ -->\n<title>Mauritanie-Japon : Une coop\u00e9ration renforc\u00e9e gr\u00e2ce \u00e0 la qualification aux financements concessionnels de la JICA - Le Quotidien de Nouakchott<\/title>\n<meta name=\"robots\" content=\"index, follow, max-snippet:-1, max-image-preview:large, max-video-preview:-1\" \/>\n<link rel=\"canonical\" href=\"https:\/\/lequotidien.mr\/?p=30366&lang=fr\" \/>\n<meta property=\"og:locale\" content=\"ar_AR\" \/>\n<meta property=\"og:type\" content=\"article\" \/>\n<meta property=\"og:title\" content=\"Mauritanie-Japon : Une coop\u00e9ration renforc\u00e9e gr\u00e2ce \u00e0 la qualification aux financements concessionnels de la JICA - Le Quotidien de Nouakchott\" \/>\n<meta property=\"og:description\" content=\"Une s\u00e9ance de travail de haut niveau s\u2019est tenue ce jeudi \u00e0 Tokyo entre une d\u00e9l\u00e9gation minist\u00e9rielle mauritanienne et les responsables de l\u2019Agence Japonaise de Coop\u00e9ration Internationale (JICA). Cette rencontre marque un tournant significatif dans les relations \u00e9conomiques entre la Mauritanie et le Japon. La d\u00e9l\u00e9gation mauritanienne \u00e9tait conduite par le Ministre de l\u2019\u00c9conomie et.....\" \/>\n<meta property=\"og:url\" content=\"https:\/\/lequotidien.mr\/?p=30366&amp;lang=fr\" \/>\n<meta property=\"og:site_name\" content=\"Le Quotidien de Nouakchott\" \/>\n<meta property=\"article:publisher\" content=\"https:\/\/web.facebook.com\/lequotidienmr\" \/>\n<meta property=\"article:published_time\" content=\"2025-08-24T13:27:53+00:00\" \/>\n<meta property=\"og:image\" content=\"https:\/\/lequotidien.mr\/wp-content\/uploads\/2025\/08\/photo-Mnstres-ecom-et-peche-_-Agce-jqponaise.gif\" \/>\n\t<meta property=\"og:image:width\" content=\"1400\" \/>\n\t<meta property=\"og:image:height\" content=\"630\" \/>\n\t<meta property=\"og:image:type\" content=\"image\/gif\" \/>\n<meta name=\"author\" content=\"Med Ahmed\" \/>\n<meta name=\"twitter:card\" content=\"summary_large_image\" \/>\n<meta name=\"twitter:creator\" content=\"@lequotidienmr\" \/>\n<meta name=\"twitter:site\" content=\"@lequotidienmr\" \/>\n<meta name=\"twitter:label1\" content=\"\u0643\u064f\u062a\u0628 \u0628\u0648\u0627\u0633\u0637\u0629\" \/>\n\t<meta name=\"twitter:data1\" content=\"Med Ahmed\" \/>\n\t<meta name=\"twitter:label2\" content=\"\u0648\u0642\u062a \u0627\u0644\u0642\u0631\u0627\u0621\u0629 \u0627\u0644\u0645\u064f\u0642\u062f\u0651\u0631\" \/>\n\t<meta name=\"twitter:data2\" content=\"4 \u062f\u0642\u0627\u0626\u0642\" \/>\n<script type=\"application\/ld+json\" class=\"yoast-schema-graph\">{\"@context\":\"https:\\\/\\\/schema.org\",\"@graph\":[{\"@type\":\"Article\",\"@id\":\"https:\\\/\\\/lequotidien.mr\\\/?p=30366&lang=fr#article\",\"isPartOf\":{\"@id\":\"https:\\\/\\\/lequotidien.mr\\\/?p=30366&lang=fr\"},\"author\":{\"name\":\"Med Ahmed\",\"@id\":\"https:\\\/\\\/lequotidien.mr\\\/#\\\/schema\\\/person\\\/d2d350202a4d599685ed8abc25f97596\"},\"headline\":\"Mauritanie-Japon : Une coop\u00e9ration renforc\u00e9e gr\u00e2ce \u00e0 la qualification aux financements concessionnels de la JICA\",\"datePublished\":\"2025-08-24T13:27:53+00:00\",\"mainEntityOfPage\":{\"@id\":\"https:\\\/\\\/lequotidien.mr\\\/?p=30366&lang=fr\"},\"wordCount\":525,\"commentCount\":0,\"publisher\":{\"@id\":\"https:\\\/\\\/lequotidien.mr\\\/#organization\"},\"image\":{\"@id\":\"https:\\\/\\\/lequotidien.mr\\\/?p=30366&lang=fr#primaryimage\"},\"thumbnailUrl\":\"https:\\\/\\\/lequotidien.mr\\\/wp-content\\\/uploads\\\/2025\\\/08\\\/photo-Mnstres-ecom-et-peche-_-Agce-jqponaise.gif\",\"articleSection\":[\"ACTUALIT\u00c9\",\"Economie\"],\"inLanguage\":\"ar\",\"potentialAction\":[{\"@type\":\"CommentAction\",\"name\":\"Comment\",\"target\":[\"https:\\\/\\\/lequotidien.mr\\\/?p=30366&lang=fr#respond\"]}]},{\"@type\":\"WebPage\",\"@id\":\"https:\\\/\\\/lequotidien.mr\\\/?p=30366&lang=fr\",\"url\":\"https:\\\/\\\/lequotidien.mr\\\/?p=30366&lang=fr\",\"name\":\"Mauritanie-Japon : Une coop\u00e9ration renforc\u00e9e gr\u00e2ce \u00e0 la qualification aux financements concessionnels de la JICA - Le Quotidien de Nouakchott\",\"isPartOf\":{\"@id\":\"https:\\\/\\\/lequotidien.mr\\\/#website\"},\"primaryImageOfPage\":{\"@id\":\"https:\\\/\\\/lequotidien.mr\\\/?p=30366&lang=fr#primaryimage\"},\"image\":{\"@id\":\"https:\\\/\\\/lequotidien.mr\\\/?p=30366&lang=fr#primaryimage\"},\"thumbnailUrl\":\"https:\\\/\\\/lequotidien.mr\\\/wp-content\\\/uploads\\\/2025\\\/08\\\/photo-Mnstres-ecom-et-peche-_-Agce-jqponaise.gif\",\"datePublished\":\"2025-08-24T13:27:53+00:00\",\"breadcrumb\":{\"@id\":\"https:\\\/\\\/lequotidien.mr\\\/?p=30366&lang=fr#breadcrumb\"},\"inLanguage\":\"ar\",\"potentialAction\":[{\"@type\":\"ReadAction\",\"target\":[\"https:\\\/\\\/lequotidien.mr\\\/?p=30366&lang=fr\"]}]},{\"@type\":\"ImageObject\",\"inLanguage\":\"ar\",\"@id\":\"https:\\\/\\\/lequotidien.mr\\\/?p=30366&lang=fr#primaryimage\",\"url\":\"https:\\\/\\\/lequotidien.mr\\\/wp-content\\\/uploads\\\/2025\\\/08\\\/photo-Mnstres-ecom-et-peche-_-Agce-jqponaise.gif\",\"contentUrl\":\"https:\\\/\\\/lequotidien.mr\\\/wp-content\\\/uploads\\\/2025\\\/08\\\/photo-Mnstres-ecom-et-peche-_-Agce-jqponaise.gif\",\"width\":1400,\"height\":630},{\"@type\":\"BreadcrumbList\",\"@id\":\"https:\\\/\\\/lequotidien.mr\\\/?p=30366&lang=fr#breadcrumb\",\"itemListElement\":[{\"@type\":\"ListItem\",\"position\":1,\"name\":\"Home\",\"item\":\"https:\\\/\\\/lequotidien.mr\\\/\"},{\"@type\":\"ListItem\",\"position\":2,\"name\":\"Mauritanie-Japon : Une coop\u00e9ration renforc\u00e9e gr\u00e2ce \u00e0 la qualification aux financements concessionnels de la JICA\"}]},{\"@type\":\"WebSite\",\"@id\":\"https:\\\/\\\/lequotidien.mr\\\/#website\",\"url\":\"https:\\\/\\\/lequotidien.mr\\\/\",\"name\":\"Le Quotidien de Nouakchott\",\"description\":\"\u0625\u062e\u0628\u0627\u0631\u064a\u0629 \u0645\u0633\u062a\u0642\u0644\u0629 \u0644\u0644\u0623\u0646\u0628\u0627\u0621 \u0627\u0644\u0639\u0627\u0645\u0629\",\"publisher\":{\"@id\":\"https:\\\/\\\/lequotidien.mr\\\/#organization\"},\"potentialAction\":[{\"@type\":\"SearchAction\",\"target\":{\"@type\":\"EntryPoint\",\"urlTemplate\":\"https:\\\/\\\/lequotidien.mr\\\/?s={search_term_string}\"},\"query-input\":{\"@type\":\"PropertyValueSpecification\",\"valueRequired\":true,\"valueName\":\"search_term_string\"}}],\"inLanguage\":\"ar\"},{\"@type\":\"Organization\",\"@id\":\"https:\\\/\\\/lequotidien.mr\\\/#organization\",\"name\":\"Le Quotidien de Nouakchott\",\"url\":\"https:\\\/\\\/lequotidien.mr\\\/\",\"logo\":{\"@type\":\"ImageObject\",\"inLanguage\":\"ar\",\"@id\":\"https:\\\/\\\/lequotidien.mr\\\/#\\\/schema\\\/logo\\\/image\\\/\",\"url\":\"https:\\\/\\\/lequotidien.mr\\\/wp-content\\\/uploads\\\/2022\\\/11\\\/logolequotidien.jpg\",\"contentUrl\":\"https:\\\/\\\/lequotidien.mr\\\/wp-content\\\/uploads\\\/2022\\\/11\\\/logolequotidien.jpg\",\"width\":290,\"height\":65,\"caption\":\"Le Quotidien de Nouakchott\"},\"image\":{\"@id\":\"https:\\\/\\\/lequotidien.mr\\\/#\\\/schema\\\/logo\\\/image\\\/\"},\"sameAs\":[\"https:\\\/\\\/web.facebook.com\\\/lequotidienmr\",\"https:\\\/\\\/x.com\\\/lequotidienmr\"]},{\"@type\":\"Person\",\"@id\":\"https:\\\/\\\/lequotidien.mr\\\/#\\\/schema\\\/person\\\/d2d350202a4d599685ed8abc25f97596\",\"name\":\"Med Ahmed\",\"image\":{\"@type\":\"ImageObject\",\"inLanguage\":\"ar\",\"@id\":\"https:\\\/\\\/secure.gravatar.com\\\/avatar\\\/fd2acc62ed50732923d1d39c17172c9b04149f142be92310ecc69e1358f94b52?s=96&d=mm&r=g\",\"url\":\"https:\\\/\\\/secure.gravatar.com\\\/avatar\\\/fd2acc62ed50732923d1d39c17172c9b04149f142be92310ecc69e1358f94b52?s=96&d=mm&r=g\",\"contentUrl\":\"https:\\\/\\\/secure.gravatar.com\\\/avatar\\\/fd2acc62ed50732923d1d39c17172c9b04149f142be92310ecc69e1358f94b52?s=96&d=mm&r=g\",\"caption\":\"Med Ahmed\"},\"url\":\"https:\\\/\\\/lequotidien.mr\\\/?author=12\"}]}<\/script>\n<!-- \/ Yoast SEO plugin. -->","yoast_head_json":{"title":"Mauritanie-Japon : Une coop\u00e9ration renforc\u00e9e gr\u00e2ce \u00e0 la qualification aux financements concessionnels de la JICA - Le Quotidien de Nouakchott","robots":{"index":"index","follow":"follow","max-snippet":"max-snippet:-1","max-image-preview":"max-image-preview:large","max-video-preview":"max-video-preview:-1"},"canonical":"https:\/\/lequotidien.mr\/?p=30366&lang=fr","og_locale":"ar_AR","og_type":"article","og_title":"Mauritanie-Japon : Une coop\u00e9ration renforc\u00e9e gr\u00e2ce \u00e0 la qualification aux financements concessionnels de la JICA - Le Quotidien de Nouakchott","og_description":"Une s\u00e9ance de travail de haut niveau s\u2019est tenue ce jeudi \u00e0 Tokyo entre une d\u00e9l\u00e9gation minist\u00e9rielle mauritanienne et les responsables de l\u2019Agence Japonaise de Coop\u00e9ration Internationale (JICA). Cette rencontre marque un tournant significatif dans les relations \u00e9conomiques entre la Mauritanie et le Japon. La d\u00e9l\u00e9gation mauritanienne \u00e9tait conduite par le Ministre de l\u2019\u00c9conomie et.....","og_url":"https:\/\/lequotidien.mr\/?p=30366&lang=fr","og_site_name":"Le Quotidien de Nouakchott","article_publisher":"https:\/\/web.facebook.com\/lequotidienmr","article_published_time":"2025-08-24T13:27:53+00:00","og_image":[{"width":1400,"height":630,"url":"https:\/\/lequotidien.mr\/wp-content\/uploads\/2025\/08\/photo-Mnstres-ecom-et-peche-_-Agce-jqponaise.gif","type":"image\/gif"}],"author":"Med Ahmed","twitter_card":"summary_large_image","twitter_creator":"@lequotidienmr","twitter_site":"@lequotidienmr","twitter_misc":{"\u0643\u064f\u062a\u0628 \u0628\u0648\u0627\u0633\u0637\u0629":"Med Ahmed","\u0648\u0642\u062a \u0627\u0644\u0642\u0631\u0627\u0621\u0629 \u0627\u0644\u0645\u064f\u0642\u062f\u0651\u0631":"4 \u062f\u0642\u0627\u0626\u0642"},"schema":{"@context":"https:\/\/schema.org","@graph":[{"@type":"Article","@id":"https:\/\/lequotidien.mr\/?p=30366&lang=fr#article","isPartOf":{"@id":"https:\/\/lequotidien.mr\/?p=30366&lang=fr"},"author":{"name":"Med Ahmed","@id":"https:\/\/lequotidien.mr\/#\/schema\/person\/d2d350202a4d599685ed8abc25f97596"},"headline":"Mauritanie-Japon : Une coop\u00e9ration renforc\u00e9e gr\u00e2ce \u00e0 la qualification aux financements concessionnels de la JICA","datePublished":"2025-08-24T13:27:53+00:00","mainEntityOfPage":{"@id":"https:\/\/lequotidien.mr\/?p=30366&lang=fr"},"wordCount":525,"commentCount":0,"publisher":{"@id":"https:\/\/lequotidien.mr\/#organization"},"image":{"@id":"https:\/\/lequotidien.mr\/?p=30366&lang=fr#primaryimage"},"thumbnailUrl":"https:\/\/lequotidien.mr\/wp-content\/uploads\/2025\/08\/photo-Mnstres-ecom-et-peche-_-Agce-jqponaise.gif","articleSection":["ACTUALIT\u00c9","Economie"],"inLanguage":"ar","potentialAction":[{"@type":"CommentAction","name":"Comment","target":["https:\/\/lequotidien.mr\/?p=30366&lang=fr#respond"]}]},{"@type":"WebPage","@id":"https:\/\/lequotidien.mr\/?p=30366&lang=fr","url":"https:\/\/lequotidien.mr\/?p=30366&lang=fr","name":"Mauritanie-Japon : Une coop\u00e9ration renforc\u00e9e gr\u00e2ce \u00e0 la qualification aux financements concessionnels de la JICA - Le Quotidien de Nouakchott","isPartOf":{"@id":"https:\/\/lequotidien.mr\/#website"},"primaryImageOfPage":{"@id":"https:\/\/lequotidien.mr\/?p=30366&lang=fr#primaryimage"},"image":{"@id":"https:\/\/lequotidien.mr\/?p=30366&lang=fr#primaryimage"},"thumbnailUrl":"https:\/\/lequotidien.mr\/wp-content\/uploads\/2025\/08\/photo-Mnstres-ecom-et-peche-_-Agce-jqponaise.gif","datePublished":"2025-08-24T13:27:53+00:00","breadcrumb":{"@id":"https:\/\/lequotidien.mr\/?p=30366&lang=fr#breadcrumb"},"inLanguage":"ar","potentialAction":[{"@type":"ReadAction","target":["https:\/\/lequotidien.mr\/?p=30366&lang=fr"]}]},{"@type":"ImageObject","inLanguage":"ar","@id":"https:\/\/lequotidien.mr\/?p=30366&lang=fr#primaryimage","url":"https:\/\/lequotidien.mr\/wp-content\/uploads\/2025\/08\/photo-Mnstres-ecom-et-peche-_-Agce-jqponaise.gif","contentUrl":"https:\/\/lequotidien.mr\/wp-content\/uploads\/2025\/08\/photo-Mnstres-ecom-et-peche-_-Agce-jqponaise.gif","width":1400,"height":630},{"@type":"BreadcrumbList","@id":"https:\/\/lequotidien.mr\/?p=30366&lang=fr#breadcrumb","itemListElement":[{"@type":"ListItem","position":1,"name":"Home","item":"https:\/\/lequotidien.mr\/"},{"@type":"ListItem","position":2,"name":"Mauritanie-Japon : Une coop\u00e9ration renforc\u00e9e gr\u00e2ce \u00e0 la qualification aux financements concessionnels de la JICA"}]},{"@type":"WebSite","@id":"https:\/\/lequotidien.mr\/#website","url":"https:\/\/lequotidien.mr\/","name":"Le Quotidien de Nouakchott","description":"\u0625\u062e\u0628\u0627\u0631\u064a\u0629 \u0645\u0633\u062a\u0642\u0644\u0629 \u0644\u0644\u0623\u0646\u0628\u0627\u0621 \u0627\u0644\u0639\u0627\u0645\u0629","publisher":{"@id":"https:\/\/lequotidien.mr\/#organization"},"potentialAction":[{"@type":"SearchAction","target":{"@type":"EntryPoint","urlTemplate":"https:\/\/lequotidien.mr\/?s={search_term_string}"},"query-input":{"@type":"PropertyValueSpecification","valueRequired":true,"valueName":"search_term_string"}}],"inLanguage":"ar"},{"@type":"Organization","@id":"https:\/\/lequotidien.mr\/#organization","name":"Le Quotidien de Nouakchott","url":"https:\/\/lequotidien.mr\/","logo":{"@type":"ImageObject","inLanguage":"ar","@id":"https:\/\/lequotidien.mr\/#\/schema\/logo\/image\/","url":"https:\/\/lequotidien.mr\/wp-content\/uploads\/2022\/11\/logolequotidien.jpg","contentUrl":"https:\/\/lequotidien.mr\/wp-content\/uploads\/2022\/11\/logolequotidien.jpg","width":290,"height":65,"caption":"Le Quotidien de Nouakchott"},"image":{"@id":"https:\/\/lequotidien.mr\/#\/schema\/logo\/image\/"},"sameAs":["https:\/\/web.facebook.com\/lequotidienmr","https:\/\/x.com\/lequotidienmr"]},{"@type":"Person","@id":"https:\/\/lequotidien.mr\/#\/schema\/person\/d2d350202a4d599685ed8abc25f97596","name":"Med Ahmed","image":{"@type":"ImageObject","inLanguage":"ar","@id":"https:\/\/secure.gravatar.com\/avatar\/fd2acc62ed50732923d1d39c17172c9b04149f142be92310ecc69e1358f94b52?s=96&d=mm&r=g","url":"https:\/\/secure.gravatar.com\/avatar\/fd2acc62ed50732923d1d39c17172c9b04149f142be92310ecc69e1358f94b52?s=96&d=mm&r=g","contentUrl":"https:\/\/secure.gravatar.com\/avatar\/fd2acc62ed50732923d1d39c17172c9b04149f142be92310ecc69e1358f94b52?s=96&d=mm&r=g","caption":"Med Ahmed"},"url":"https:\/\/lequotidien.mr\/?author=12"}]}},"_links":{"self":[{"href":"https:\/\/lequotidien.mr\/index.php?rest_route=\/wp\/v2\/posts\/30366","targetHints":{"allow":["GET"]}}],"collection":[{"href":"https:\/\/lequotidien.mr\/index.php?rest_route=\/wp\/v2\/posts"}],"about":[{"href":"https:\/\/lequotidien.mr\/index.php?rest_route=\/wp\/v2\/types\/post"}],"author":[{"embeddable":true,"href":"https:\/\/lequotidien.mr\/index.php?rest_route=\/wp\/v2\/users\/12"}],"replies":[{"embeddable":true,"href":"https:\/\/lequotidien.mr\/index.php?rest_route=%2Fwp%2Fv2%2Fcomments&post=30366"}],"version-history":[{"count":1,"href":"https:\/\/lequotidien.mr\/index.php?rest_route=\/wp\/v2\/posts\/30366\/revisions"}],"predecessor-version":[{"id":30368,"href":"https:\/\/lequotidien.mr\/index.php?rest_route=\/wp\/v2\/posts\/30366\/revisions\/30368"}],"wp:featuredmedia":[{"embeddable":true,"href":"https:\/\/lequotidien.mr\/index.php?rest_route=\/wp\/v2\/media\/30367"}],"wp:attachment":[{"href":"https:\/\/lequotidien.mr\/index.php?rest_route=%2Fwp%2Fv2%2Fmedia&parent=30366"}],"wp:term":[{"taxonomy":"category","embeddable":true,"href":"https:\/\/lequotidien.mr\/index.php?rest_route=%2Fwp%2Fv2%2Fcategories&post=30366"},{"taxonomy":"post_tag","embeddable":true,"href":"https:\/\/lequotidien.mr\/index.php?rest_route=%2Fwp%2Fv2%2Ftags&post=30366"}],"curies":[{"name":"wp","href":"https:\/\/api.w.org\/{rel}","templated":true}]}}