{"id":30319,"date":"2025-08-21T21:51:11","date_gmt":"2025-08-21T21:51:11","guid":{"rendered":"https:\/\/lequotidien.mr\/?p=30319"},"modified":"2025-08-21T21:51:11","modified_gmt":"2025-08-21T21:51:11","slug":"mauritanie-japon-vers-un-nouveau-cap-dans-la-cooperation-economique","status":"publish","type":"post","link":"https:\/\/lequotidien.mr\/?p=30319&lang=fr","title":{"rendered":"Mauritanie &#8211; Japon : Vers un nouveau cap dans la coop\u00e9ration \u00e9conomique"},"content":{"rendered":"<p>Une d\u00e9l\u00e9gation mauritanienne de haut niveau, conduite par le Ministre de l\u2019\u00c9conomie et des Finances, <strong>M. Sid Ahmed Bouh<\/strong>, et le Ministre de la P\u00eache, des Infrastructures maritimes et portuaires, <strong>M. El Fadhil Sidaty Ahmed Louly<\/strong>, a tenu une s\u00e9ance de travail ce jeudi avec le Vice-Pr\u00e9sident de l\u2019Agence Japonaise de Coop\u00e9ration Internationale (JICA), <strong>M. Ando Naoki<\/strong>.<\/p>\n<p data-start=\"561\" data-end=\"900\">La rencontre a \u00e9t\u00e9 l\u2019occasion d\u2019examiner les moyens de consolider et de diversifier la coop\u00e9ration entre la Mauritanie et le Japon, notamment dans les domaines du d\u00e9veloppement \u00e9conomique, des infrastructures et de la p\u00eache. Les deux parties ont exprim\u00e9 une volont\u00e9 commune d\u2019ouvrir de nouvelles perspectives de partenariat \u00e0 long terme.<\/p>\n<p><strong>Une avanc\u00e9e notable dans les relations bilat\u00e9rales<\/strong><\/p>\n<p data-start=\"888\" data-end=\"1253\">La r\u00e9union intervient \u00e0 un moment charni\u00e8re pour la Mauritanie, r\u00e9cemment qualifi\u00e9e \u2014 pour la premi\u00e8re fois \u2014 \u00e0 b\u00e9n\u00e9ficier des financements concessionnels de la JICA. Cette reconnaissance marque un tournant majeur dans les relations \u00e9conomiques entre les deux pays, traduisant la confiance croissante accord\u00e9e \u00e0 la Mauritanie sur la sc\u00e8ne financi\u00e8re internationale.<\/p>\n<p data-start=\"1255\" data-end=\"1547\">Cette qualification est le fruit des efforts soutenus du gouvernement mauritanien en mati\u00e8re de gestion rigoureuse de la dette ext\u00e9rieure et de mise en \u0153uvre d\u2019une politique \u00e9conomique prudente, qui ont permis d&#8217;am\u00e9liorer consid\u00e9rablement la cr\u00e9dibilit\u00e9 du pays aupr\u00e8s des bailleurs de fonds.<\/p>\n<p><strong>Un portefeuille ambitieux de projets<\/strong><\/p>\n<p data-start=\"1591\" data-end=\"1967\">Au c\u0153ur des discussions figurait la contribution de la JICA au financement d\u2019un projet structurant : la construction d\u2019une ligne \u00e9lectrique \u00e0 haute tension reliant Nouakchott \u00e0 N\u00e9ma. Ce projet \u00e9nerg\u00e9tique, consid\u00e9r\u00e9 comme une priorit\u00e9 nationale, constitue la premi\u00e8re \u00e9tape d\u2019un portefeuille plus large de projets en cours de pr\u00e9paration avec le soutien de l\u2019Agence japonaise.<\/p>\n<p data-start=\"1969\" data-end=\"2211\">Les \u00e9changes ont \u00e9galement port\u00e9 sur l\u2019appui au secteur de la p\u00eache, un pilier essentiel de l\u2019\u00e9conomie mauritanienne, dans lequel le Japon a historiquement jou\u00e9 un r\u00f4le actif \u00e0 travers divers programmes de coop\u00e9ration technique et financi\u00e8re.<\/p>\n<p>La r\u00e9union s\u2019est tenue en pr\u00e9sence de l\u2019ambassadeur de Mauritanie \u00e0 Tokyo, <strong>M. Abdellahi Kebd<\/strong>, soulignant l\u2019engagement diplomatique constant des autorit\u00e9s mauritaniennes pour renforcer les partenariats \u00e9conomiques avec le Japon.<\/p>\n<p data-start=\"2482\" data-end=\"2709\">Cette dynamique renouvel\u00e9e entre la Mauritanie et la JICA ouvre la voie \u00e0 une coop\u00e9ration plus diversifi\u00e9e et \u00e0 des investissements cibl\u00e9s, capables de soutenir durablement la croissance et la transformation \u00e9conomique du pays.<\/p>\n","protected":false},"excerpt":{"rendered":"<p>Une d\u00e9l\u00e9gation mauritanienne de haut niveau, conduite par le Ministre de l\u2019\u00c9conomie et des Finances, M. Sid Ahmed Bouh, et le Ministre de la P\u00eache, des Infrastructures maritimes et portuaires, M. El Fadhil Sidaty Ahmed Louly, a tenu une s\u00e9ance de travail ce jeudi avec le Vice-Pr\u00e9sident de l\u2019Agence Japonaise de Coop\u00e9ration Internationale (JICA), M&#8230;&#8230;<\/p>\n","protected":false},"author":12,"featured_media":30320,"comment_status":"open","ping_status":"open","sticky":false,"template":"","format":"standard","meta":{"footnotes":""},"categories":[23,49],"tags":[],"class_list":["post-30319","post","type-post","status-publish","format-standard","has-post-thumbnail","hentry","category-actualite","category-economie"],"yoast_head":"<!-- This site is optimized with the Yoast SEO plugin v27.5 - https:\/\/yoast.com\/product\/yoast-seo-wordpress\/ -->\n<title>Mauritanie - Japon : Vers un nouveau cap dans la coop\u00e9ration \u00e9conomique - Le Quotidien de Nouakchott<\/title>\n<meta name=\"robots\" content=\"index, follow, max-snippet:-1, max-image-preview:large, max-video-preview:-1\" \/>\n<link rel=\"canonical\" href=\"https:\/\/lequotidien.mr\/?p=30319&lang=fr\" \/>\n<meta property=\"og:locale\" content=\"ar_AR\" \/>\n<meta property=\"og:type\" content=\"article\" \/>\n<meta property=\"og:title\" content=\"Mauritanie - Japon : Vers un nouveau cap dans la coop\u00e9ration \u00e9conomique - Le Quotidien de Nouakchott\" \/>\n<meta property=\"og:description\" content=\"Une d\u00e9l\u00e9gation mauritanienne de haut niveau, conduite par le Ministre de l\u2019\u00c9conomie et des Finances, M. Sid Ahmed Bouh, et le Ministre de la P\u00eache, des Infrastructures maritimes et portuaires, M. El Fadhil Sidaty Ahmed Louly, a tenu une s\u00e9ance de travail ce jeudi avec le Vice-Pr\u00e9sident de l\u2019Agence Japonaise de Coop\u00e9ration Internationale (JICA), M......\" \/>\n<meta property=\"og:url\" content=\"https:\/\/lequotidien.mr\/?p=30319&amp;lang=fr\" \/>\n<meta property=\"og:site_name\" content=\"Le Quotidien de Nouakchott\" \/>\n<meta property=\"article:publisher\" content=\"https:\/\/web.facebook.com\/lequotidienmr\" \/>\n<meta property=\"article:published_time\" content=\"2025-08-21T21:51:11+00:00\" \/>\n<meta property=\"og:image\" content=\"https:\/\/lequotidien.mr\/wp-content\/uploads\/2025\/08\/photo-Mnstres-fces-et-peche-_-Japon.gif\" \/>\n\t<meta property=\"og:image:width\" content=\"640\" \/>\n\t<meta property=\"og:image:height\" content=\"479\" \/>\n\t<meta property=\"og:image:type\" content=\"image\/gif\" \/>\n<meta name=\"author\" content=\"Med Ahmed\" \/>\n<meta name=\"twitter:card\" content=\"summary_large_image\" \/>\n<meta name=\"twitter:creator\" content=\"@lequotidienmr\" \/>\n<meta name=\"twitter:site\" content=\"@lequotidienmr\" \/>\n<meta name=\"twitter:label1\" content=\"\u0643\u064f\u062a\u0628 \u0628\u0648\u0627\u0633\u0637\u0629\" \/>\n\t<meta name=\"twitter:data1\" content=\"Med Ahmed\" \/>\n\t<meta name=\"twitter:label2\" content=\"\u0648\u0642\u062a \u0627\u0644\u0642\u0631\u0627\u0621\u0629 \u0627\u0644\u0645\u064f\u0642\u062f\u0651\u0631\" \/>\n\t<meta name=\"twitter:data2\" content=\"3 \u062f\u0642\u0627\u0626\u0642\" \/>\n<script type=\"application\/ld+json\" class=\"yoast-schema-graph\">{\"@context\":\"https:\\\/\\\/schema.org\",\"@graph\":[{\"@type\":\"Article\",\"@id\":\"https:\\\/\\\/lequotidien.mr\\\/?p=30319&lang=fr#article\",\"isPartOf\":{\"@id\":\"https:\\\/\\\/lequotidien.mr\\\/?p=30319&lang=fr\"},\"author\":{\"name\":\"Med Ahmed\",\"@id\":\"https:\\\/\\\/lequotidien.mr\\\/#\\\/schema\\\/person\\\/d2d350202a4d599685ed8abc25f97596\"},\"headline\":\"Mauritanie &#8211; Japon : Vers un nouveau cap dans la coop\u00e9ration \u00e9conomique\",\"datePublished\":\"2025-08-21T21:51:11+00:00\",\"mainEntityOfPage\":{\"@id\":\"https:\\\/\\\/lequotidien.mr\\\/?p=30319&lang=fr\"},\"wordCount\":432,\"commentCount\":0,\"publisher\":{\"@id\":\"https:\\\/\\\/lequotidien.mr\\\/#organization\"},\"image\":{\"@id\":\"https:\\\/\\\/lequotidien.mr\\\/?p=30319&lang=fr#primaryimage\"},\"thumbnailUrl\":\"https:\\\/\\\/lequotidien.mr\\\/wp-content\\\/uploads\\\/2025\\\/08\\\/photo-Mnstres-fces-et-peche-_-Japon.gif\",\"articleSection\":[\"ACTUALIT\u00c9\",\"Economie\"],\"inLanguage\":\"ar\",\"potentialAction\":[{\"@type\":\"CommentAction\",\"name\":\"Comment\",\"target\":[\"https:\\\/\\\/lequotidien.mr\\\/?p=30319&lang=fr#respond\"]}]},{\"@type\":\"WebPage\",\"@id\":\"https:\\\/\\\/lequotidien.mr\\\/?p=30319&lang=fr\",\"url\":\"https:\\\/\\\/lequotidien.mr\\\/?p=30319&lang=fr\",\"name\":\"Mauritanie - Japon : Vers un nouveau cap dans la coop\u00e9ration \u00e9conomique - Le Quotidien de Nouakchott\",\"isPartOf\":{\"@id\":\"https:\\\/\\\/lequotidien.mr\\\/#website\"},\"primaryImageOfPage\":{\"@id\":\"https:\\\/\\\/lequotidien.mr\\\/?p=30319&lang=fr#primaryimage\"},\"image\":{\"@id\":\"https:\\\/\\\/lequotidien.mr\\\/?p=30319&lang=fr#primaryimage\"},\"thumbnailUrl\":\"https:\\\/\\\/lequotidien.mr\\\/wp-content\\\/uploads\\\/2025\\\/08\\\/photo-Mnstres-fces-et-peche-_-Japon.gif\",\"datePublished\":\"2025-08-21T21:51:11+00:00\",\"breadcrumb\":{\"@id\":\"https:\\\/\\\/lequotidien.mr\\\/?p=30319&lang=fr#breadcrumb\"},\"inLanguage\":\"ar\",\"potentialAction\":[{\"@type\":\"ReadAction\",\"target\":[\"https:\\\/\\\/lequotidien.mr\\\/?p=30319&lang=fr\"]}]},{\"@type\":\"ImageObject\",\"inLanguage\":\"ar\",\"@id\":\"https:\\\/\\\/lequotidien.mr\\\/?p=30319&lang=fr#primaryimage\",\"url\":\"https:\\\/\\\/lequotidien.mr\\\/wp-content\\\/uploads\\\/2025\\\/08\\\/photo-Mnstres-fces-et-peche-_-Japon.gif\",\"contentUrl\":\"https:\\\/\\\/lequotidien.mr\\\/wp-content\\\/uploads\\\/2025\\\/08\\\/photo-Mnstres-fces-et-peche-_-Japon.gif\",\"width\":640,\"height\":479},{\"@type\":\"BreadcrumbList\",\"@id\":\"https:\\\/\\\/lequotidien.mr\\\/?p=30319&lang=fr#breadcrumb\",\"itemListElement\":[{\"@type\":\"ListItem\",\"position\":1,\"name\":\"Home\",\"item\":\"https:\\\/\\\/lequotidien.mr\\\/\"},{\"@type\":\"ListItem\",\"position\":2,\"name\":\"Mauritanie &#8211; Japon : Vers un nouveau cap dans la coop\u00e9ration \u00e9conomique\"}]},{\"@type\":\"WebSite\",\"@id\":\"https:\\\/\\\/lequotidien.mr\\\/#website\",\"url\":\"https:\\\/\\\/lequotidien.mr\\\/\",\"name\":\"Le Quotidien de Nouakchott\",\"description\":\"\u0625\u062e\u0628\u0627\u0631\u064a\u0629 \u0645\u0633\u062a\u0642\u0644\u0629 \u0644\u0644\u0623\u0646\u0628\u0627\u0621 \u0627\u0644\u0639\u0627\u0645\u0629\",\"publisher\":{\"@id\":\"https:\\\/\\\/lequotidien.mr\\\/#organization\"},\"potentialAction\":[{\"@type\":\"SearchAction\",\"target\":{\"@type\":\"EntryPoint\",\"urlTemplate\":\"https:\\\/\\\/lequotidien.mr\\\/?s={search_term_string}\"},\"query-input\":{\"@type\":\"PropertyValueSpecification\",\"valueRequired\":true,\"valueName\":\"search_term_string\"}}],\"inLanguage\":\"ar\"},{\"@type\":\"Organization\",\"@id\":\"https:\\\/\\\/lequotidien.mr\\\/#organization\",\"name\":\"Le Quotidien de Nouakchott\",\"url\":\"https:\\\/\\\/lequotidien.mr\\\/\",\"logo\":{\"@type\":\"ImageObject\",\"inLanguage\":\"ar\",\"@id\":\"https:\\\/\\\/lequotidien.mr\\\/#\\\/schema\\\/logo\\\/image\\\/\",\"url\":\"https:\\\/\\\/lequotidien.mr\\\/wp-content\\\/uploads\\\/2022\\\/11\\\/logolequotidien.jpg\",\"contentUrl\":\"https:\\\/\\\/lequotidien.mr\\\/wp-content\\\/uploads\\\/2022\\\/11\\\/logolequotidien.jpg\",\"width\":290,\"height\":65,\"caption\":\"Le Quotidien de Nouakchott\"},\"image\":{\"@id\":\"https:\\\/\\\/lequotidien.mr\\\/#\\\/schema\\\/logo\\\/image\\\/\"},\"sameAs\":[\"https:\\\/\\\/web.facebook.com\\\/lequotidienmr\",\"https:\\\/\\\/x.com\\\/lequotidienmr\"]},{\"@type\":\"Person\",\"@id\":\"https:\\\/\\\/lequotidien.mr\\\/#\\\/schema\\\/person\\\/d2d350202a4d599685ed8abc25f97596\",\"name\":\"Med Ahmed\",\"image\":{\"@type\":\"ImageObject\",\"inLanguage\":\"ar\",\"@id\":\"https:\\\/\\\/secure.gravatar.com\\\/avatar\\\/fd2acc62ed50732923d1d39c17172c9b04149f142be92310ecc69e1358f94b52?s=96&d=mm&r=g\",\"url\":\"https:\\\/\\\/secure.gravatar.com\\\/avatar\\\/fd2acc62ed50732923d1d39c17172c9b04149f142be92310ecc69e1358f94b52?s=96&d=mm&r=g\",\"contentUrl\":\"https:\\\/\\\/secure.gravatar.com\\\/avatar\\\/fd2acc62ed50732923d1d39c17172c9b04149f142be92310ecc69e1358f94b52?s=96&d=mm&r=g\",\"caption\":\"Med Ahmed\"},\"url\":\"https:\\\/\\\/lequotidien.mr\\\/?author=12\"}]}<\/script>\n<!-- \/ Yoast SEO plugin. -->","yoast_head_json":{"title":"Mauritanie - Japon : Vers un nouveau cap dans la coop\u00e9ration \u00e9conomique - Le Quotidien de Nouakchott","robots":{"index":"index","follow":"follow","max-snippet":"max-snippet:-1","max-image-preview":"max-image-preview:large","max-video-preview":"max-video-preview:-1"},"canonical":"https:\/\/lequotidien.mr\/?p=30319&lang=fr","og_locale":"ar_AR","og_type":"article","og_title":"Mauritanie - Japon : Vers un nouveau cap dans la coop\u00e9ration \u00e9conomique - Le Quotidien de Nouakchott","og_description":"Une d\u00e9l\u00e9gation mauritanienne de haut niveau, conduite par le Ministre de l\u2019\u00c9conomie et des Finances, M. Sid Ahmed Bouh, et le Ministre de la P\u00eache, des Infrastructures maritimes et portuaires, M. El Fadhil Sidaty Ahmed Louly, a tenu une s\u00e9ance de travail ce jeudi avec le Vice-Pr\u00e9sident de l\u2019Agence Japonaise de Coop\u00e9ration Internationale (JICA), M......","og_url":"https:\/\/lequotidien.mr\/?p=30319&lang=fr","og_site_name":"Le Quotidien de Nouakchott","article_publisher":"https:\/\/web.facebook.com\/lequotidienmr","article_published_time":"2025-08-21T21:51:11+00:00","og_image":[{"width":640,"height":479,"url":"https:\/\/lequotidien.mr\/wp-content\/uploads\/2025\/08\/photo-Mnstres-fces-et-peche-_-Japon.gif","type":"image\/gif"}],"author":"Med Ahmed","twitter_card":"summary_large_image","twitter_creator":"@lequotidienmr","twitter_site":"@lequotidienmr","twitter_misc":{"\u0643\u064f\u062a\u0628 \u0628\u0648\u0627\u0633\u0637\u0629":"Med Ahmed","\u0648\u0642\u062a \u0627\u0644\u0642\u0631\u0627\u0621\u0629 \u0627\u0644\u0645\u064f\u0642\u062f\u0651\u0631":"3 \u062f\u0642\u0627\u0626\u0642"},"schema":{"@context":"https:\/\/schema.org","@graph":[{"@type":"Article","@id":"https:\/\/lequotidien.mr\/?p=30319&lang=fr#article","isPartOf":{"@id":"https:\/\/lequotidien.mr\/?p=30319&lang=fr"},"author":{"name":"Med Ahmed","@id":"https:\/\/lequotidien.mr\/#\/schema\/person\/d2d350202a4d599685ed8abc25f97596"},"headline":"Mauritanie &#8211; Japon : Vers un nouveau cap dans la coop\u00e9ration \u00e9conomique","datePublished":"2025-08-21T21:51:11+00:00","mainEntityOfPage":{"@id":"https:\/\/lequotidien.mr\/?p=30319&lang=fr"},"wordCount":432,"commentCount":0,"publisher":{"@id":"https:\/\/lequotidien.mr\/#organization"},"image":{"@id":"https:\/\/lequotidien.mr\/?p=30319&lang=fr#primaryimage"},"thumbnailUrl":"https:\/\/lequotidien.mr\/wp-content\/uploads\/2025\/08\/photo-Mnstres-fces-et-peche-_-Japon.gif","articleSection":["ACTUALIT\u00c9","Economie"],"inLanguage":"ar","potentialAction":[{"@type":"CommentAction","name":"Comment","target":["https:\/\/lequotidien.mr\/?p=30319&lang=fr#respond"]}]},{"@type":"WebPage","@id":"https:\/\/lequotidien.mr\/?p=30319&lang=fr","url":"https:\/\/lequotidien.mr\/?p=30319&lang=fr","name":"Mauritanie - Japon : Vers un nouveau cap dans la coop\u00e9ration \u00e9conomique - Le Quotidien de Nouakchott","isPartOf":{"@id":"https:\/\/lequotidien.mr\/#website"},"primaryImageOfPage":{"@id":"https:\/\/lequotidien.mr\/?p=30319&lang=fr#primaryimage"},"image":{"@id":"https:\/\/lequotidien.mr\/?p=30319&lang=fr#primaryimage"},"thumbnailUrl":"https:\/\/lequotidien.mr\/wp-content\/uploads\/2025\/08\/photo-Mnstres-fces-et-peche-_-Japon.gif","datePublished":"2025-08-21T21:51:11+00:00","breadcrumb":{"@id":"https:\/\/lequotidien.mr\/?p=30319&lang=fr#breadcrumb"},"inLanguage":"ar","potentialAction":[{"@type":"ReadAction","target":["https:\/\/lequotidien.mr\/?p=30319&lang=fr"]}]},{"@type":"ImageObject","inLanguage":"ar","@id":"https:\/\/lequotidien.mr\/?p=30319&lang=fr#primaryimage","url":"https:\/\/lequotidien.mr\/wp-content\/uploads\/2025\/08\/photo-Mnstres-fces-et-peche-_-Japon.gif","contentUrl":"https:\/\/lequotidien.mr\/wp-content\/uploads\/2025\/08\/photo-Mnstres-fces-et-peche-_-Japon.gif","width":640,"height":479},{"@type":"BreadcrumbList","@id":"https:\/\/lequotidien.mr\/?p=30319&lang=fr#breadcrumb","itemListElement":[{"@type":"ListItem","position":1,"name":"Home","item":"https:\/\/lequotidien.mr\/"},{"@type":"ListItem","position":2,"name":"Mauritanie &#8211; Japon : Vers un nouveau cap dans la coop\u00e9ration \u00e9conomique"}]},{"@type":"WebSite","@id":"https:\/\/lequotidien.mr\/#website","url":"https:\/\/lequotidien.mr\/","name":"Le Quotidien de Nouakchott","description":"\u0625\u062e\u0628\u0627\u0631\u064a\u0629 \u0645\u0633\u062a\u0642\u0644\u0629 \u0644\u0644\u0623\u0646\u0628\u0627\u0621 \u0627\u0644\u0639\u0627\u0645\u0629","publisher":{"@id":"https:\/\/lequotidien.mr\/#organization"},"potentialAction":[{"@type":"SearchAction","target":{"@type":"EntryPoint","urlTemplate":"https:\/\/lequotidien.mr\/?s={search_term_string}"},"query-input":{"@type":"PropertyValueSpecification","valueRequired":true,"valueName":"search_term_string"}}],"inLanguage":"ar"},{"@type":"Organization","@id":"https:\/\/lequotidien.mr\/#organization","name":"Le Quotidien de Nouakchott","url":"https:\/\/lequotidien.mr\/","logo":{"@type":"ImageObject","inLanguage":"ar","@id":"https:\/\/lequotidien.mr\/#\/schema\/logo\/image\/","url":"https:\/\/lequotidien.mr\/wp-content\/uploads\/2022\/11\/logolequotidien.jpg","contentUrl":"https:\/\/lequotidien.mr\/wp-content\/uploads\/2022\/11\/logolequotidien.jpg","width":290,"height":65,"caption":"Le Quotidien de Nouakchott"},"image":{"@id":"https:\/\/lequotidien.mr\/#\/schema\/logo\/image\/"},"sameAs":["https:\/\/web.facebook.com\/lequotidienmr","https:\/\/x.com\/lequotidienmr"]},{"@type":"Person","@id":"https:\/\/lequotidien.mr\/#\/schema\/person\/d2d350202a4d599685ed8abc25f97596","name":"Med Ahmed","image":{"@type":"ImageObject","inLanguage":"ar","@id":"https:\/\/secure.gravatar.com\/avatar\/fd2acc62ed50732923d1d39c17172c9b04149f142be92310ecc69e1358f94b52?s=96&d=mm&r=g","url":"https:\/\/secure.gravatar.com\/avatar\/fd2acc62ed50732923d1d39c17172c9b04149f142be92310ecc69e1358f94b52?s=96&d=mm&r=g","contentUrl":"https:\/\/secure.gravatar.com\/avatar\/fd2acc62ed50732923d1d39c17172c9b04149f142be92310ecc69e1358f94b52?s=96&d=mm&r=g","caption":"Med Ahmed"},"url":"https:\/\/lequotidien.mr\/?author=12"}]}},"_links":{"self":[{"href":"https:\/\/lequotidien.mr\/index.php?rest_route=\/wp\/v2\/posts\/30319","targetHints":{"allow":["GET"]}}],"collection":[{"href":"https:\/\/lequotidien.mr\/index.php?rest_route=\/wp\/v2\/posts"}],"about":[{"href":"https:\/\/lequotidien.mr\/index.php?rest_route=\/wp\/v2\/types\/post"}],"author":[{"embeddable":true,"href":"https:\/\/lequotidien.mr\/index.php?rest_route=\/wp\/v2\/users\/12"}],"replies":[{"embeddable":true,"href":"https:\/\/lequotidien.mr\/index.php?rest_route=%2Fwp%2Fv2%2Fcomments&post=30319"}],"version-history":[{"count":1,"href":"https:\/\/lequotidien.mr\/index.php?rest_route=\/wp\/v2\/posts\/30319\/revisions"}],"predecessor-version":[{"id":30321,"href":"https:\/\/lequotidien.mr\/index.php?rest_route=\/wp\/v2\/posts\/30319\/revisions\/30321"}],"wp:featuredmedia":[{"embeddable":true,"href":"https:\/\/lequotidien.mr\/index.php?rest_route=\/wp\/v2\/media\/30320"}],"wp:attachment":[{"href":"https:\/\/lequotidien.mr\/index.php?rest_route=%2Fwp%2Fv2%2Fmedia&parent=30319"}],"wp:term":[{"taxonomy":"category","embeddable":true,"href":"https:\/\/lequotidien.mr\/index.php?rest_route=%2Fwp%2Fv2%2Fcategories&post=30319"},{"taxonomy":"post_tag","embeddable":true,"href":"https:\/\/lequotidien.mr\/index.php?rest_route=%2Fwp%2Fv2%2Ftags&post=30319"}],"curies":[{"name":"wp","href":"https:\/\/api.w.org\/{rel}","templated":true}]}}