{"id":30312,"date":"2025-08-21T20:53:28","date_gmt":"2025-08-21T20:53:28","guid":{"rendered":"https:\/\/lequotidien.mr\/?p=30312"},"modified":"2025-08-21T20:56:00","modified_gmt":"2025-08-21T20:56:00","slug":"gaza-et-la-cisjordanie-lurgence-dune-action-decisive-du-camp-des-droits-humains-de-la-liberte-et-de-la-dignite","status":"publish","type":"post","link":"https:\/\/lequotidien.mr\/?p=30312&lang=fr","title":{"rendered":"Gaza et Cisjordanie : L\u2019urgence d\u2019une action d\u00e9cisive du camp des droits humains, de la libert\u00e9, et de la dignit\u00e9"},"content":{"rendered":"<p>Depuis 76 ans, le peuple palestinien endure l\u2019occupation, la colonisation, l\u2019exil, et la violence. Des centaines de milliers de martyrs, des g\u00e9n\u00e9rations priv\u00e9es de paix et de dignit\u00e9, et des territoires morcel\u00e9s sous l\u2019\u0153il d\u2019une communaut\u00e9 internationale souvent silencieuse. Aujourd\u2019hui, la situation \u00e0 Gaza et en Cisjordanie atteint un niveau critique. L\u2019heure n\u2019est plus aux d\u00e9clarations, mais \u00e0 une action concr\u00e8te, d\u00e9termin\u00e9e et unifi\u00e9e.<\/p>\n<p>Face \u00e0 l\u2019occupation persistante, \u00e0 l\u2019expansion continue des colonies, et \u00e0 l\u2019agression militaire d\u00e9vastatrice contre Gaza, les pays arabes et leurs alli\u00e9s doivent faire plus que condamner : ils doivent agir. Laisser les Palestiniens seuls face \u00e0 une puissance militaire \u00e9crasante revient \u00e0 trahir les principes de justice, de souverainet\u00e9, et de solidarit\u00e9 qui sont au c\u0153ur de tout ordre international fond\u00e9 sur le droit.<\/p>\n<p>Les manifestations massives en Isra\u00ebl m\u00eame \u2014 o\u00f9 un quart de la population conteste la politique de Benjamin Netanyahou \u2014 montrent que le consensus en faveur de la guerre n\u2019existe pas. Une br\u00e8che s\u2019est ouverte. Elle r\u00e9v\u00e8le un d\u00e9saccord profond au sein de la soci\u00e9t\u00e9 isra\u00e9lienne, et elle co\u00efncide avec une prise de conscience globale : la jeunesse du monde entier, de l\u2019Am\u00e9rique latine \u00e0 l\u2019Europe, de l\u2019Afrique au Moyen-Orient, se range aujourd\u2019hui du c\u00f4t\u00e9 du peuple palestinien. Pas par id\u00e9ologie, mais par humanit\u00e9.<\/p>\n<p>Le r\u00e9gime de Netanyahou, enferm\u00e9 dans une logique de fuite en avant, mise sur la division, la peur et la force brute. Mais face \u00e0 cela se dresse aujourd\u2019hui un autre camp : celui des droits humains, de la libert\u00e9, de la dignit\u00e9, bref le camp de la justice.<\/p>\n<p><strong>Une sympathie mondiale pour la cause palestinienne qui trouve \u00e9cho dans la jeunesse<\/strong><\/p>\n<p>Partout dans le monde, et particuli\u00e8rement parmi les jeunes g\u00e9n\u00e9rations, une vague de sympathie sans pr\u00e9c\u00e9dent d\u00e9ferle en faveur du peuple palestinien. Sur les campus universitaires, dans les rues des capitales et sur les r\u00e9seaux sociaux, la cause palestinienne est per\u00e7ue \u00e0 travers le prisme de la justice, des droits humains et de la d\u00e9colonisation. Cette mobilisation, pacifique dans sa grande majorit\u00e9, exerce une pression morale croissante sur les gouvernements pour qu&#8217;ils agissent concr\u00e8tement en faveur de la cr\u00e9ation d&#8217;un \u00c9tat palestinien viable et souverain.<\/p>\n<p>Le consensus international, incarn\u00e9 par la position de longue date de l&#8217;ONU, repose sur la solution \u00e0 deux \u00c9tats. Pourtant, sur le terrain, cette solution semble s&#8217;\u00e9loigner chaque jour un peu plus avec l&#8217;expansion continue des colonies isra\u00e9liennes en Cisjordanie, qui fragmente et morc\u00e8le le territoire palestinien potentiel.<\/p>\n<p><strong>76 ans de souffrance : l&#8217;imp\u00e9ratif moral de changer de paradigme<\/strong><\/p>\n<p>Soixante-seize ans de d\u00e9placement, d&#8217;occupation, de blocus et de cycles de violence r\u00e9p\u00e9t\u00e9s ont engendr\u00e9 des centaines de milliers de victimes palestiniennes et isra\u00e9liennes. Le co\u00fbt humain est trop lourd. La logique de la force, de la r\u00e9ponse s\u00e9curitaire et de la escalade militaire a montr\u00e9 ses limites tragiques : elle n&#8217;a apport\u00e9 ni s\u00e9curit\u00e9 durable pour Isra\u00ebl, ni libert\u00e9 pour les Palestiniens.<\/p>\n<p>Appeler \u00e0 une nouvelle guerre r\u00e9gionale, comme certains le sugg\u00e8rent dans leur col\u00e8re et leur d\u00e9sespoir, serait une catastrophe aux proportions inimaginables. Une telle conflagration menacerait non seulement d&#8217;an\u00e9antir toute une g\u00e9n\u00e9ration dans la r\u00e9gion, mais aussi de d\u00e9stabiliser le monde entier. L&#8217;histoire nous apprend que la guerre n\u2019engendre que davantage de haine, de destruction et de martyrs, perp\u00e9tuant le cycle de la vengeance pour les d\u00e9cennies \u00e0 venir.<\/p>\n<p><strong>La voie \u00e0 suivre : une pression diplomatique multilat\u00e9rale et incontournable<\/strong><\/p>\n<p>La seule issue viable, bien que difficile, reste la diplomatie. Mais elle ne peut plus se contenter de d\u00e9clarations d&#8217;intention. Elle doit \u00eatre port\u00e9e par une pression internationale concert\u00e9e et d\u00e9termin\u00e9e.<\/p>\n<p><strong>Un cessez-le-feu imm\u00e9diat et durable<\/strong>\u00a0: C&#8217;est la premi\u00e8re \u00e9tape humanitaire non-n\u00e9gociable pour arr\u00eater \u00a0l&#8217;h\u00e9morragie, permettre l&#8217;acheminement de l&#8217;aide \u00e0 grande \u00e9chelle et entamer tout un processus pour la paix\u00a0;<\/p>\n<p><strong>Une conf\u00e9rence internationale de paix contraignante<\/strong>\u00a0: Sous l&#8217;\u00e9gide de l&#8217;ONU, avec la participation de toutes les parties concern\u00e9es, y compris les pays arabes mod\u00e9r\u00e9s et les alli\u00e9s mondiaux. L&#8217;objectif doit \u00eatre la relance concr\u00e8te du processus vers la solution \u00e0 deux \u00c9tats, avec des engagements v\u00e9rifiables et un calendrier strict\u00a0;<\/p>\n<p><strong>La reconnaissance de l&#8217;\u00c9tat de Palestine<\/strong>\u00a0: Le mouvement croissant de reconnaissance par les \u00c9tats membres de l&#8217;ONU n&#8217;est pas un acte symbolique. C&#8217;est un levier juridique et politique crucial pour r\u00e9tablir un \u00e9quilibre des n\u00e9gociations et donner une voix \u00e9gale aux Palestiniens \u00e0 la table des discussions\u00a0;<\/p>\n<p><strong>Pression sur toutes les parties<\/strong>\u00a0: La communaut\u00e9 internationale doit exercer des pressions claires, y compris par des sanctions cibl\u00e9es, sur les actions qui entravent la paix, qu&#8217;il s&#8217;agisse de l\u2019expansion des colonies ou des attaques du Hamas.<\/p>\n<p>La situation exige non pas des armes, mais un courage politique immense. Le cri de d\u00e9tresse de Gaza et le d\u00e9sir de paix d&#8217;une partie de la soci\u00e9t\u00e9 isra\u00e9lienne convergent vers la m\u00eame conclusion : il est temps que la communaut\u00e9 internationale assume ses responsabilit\u00e9s et impose la paix, sinon, \u00a0les seuls vainqueurs de la guerre seront toujours le chaos et la barbarie.<\/p>\n","protected":false},"excerpt":{"rendered":"<p>Depuis 76 ans, le peuple palestinien endure l\u2019occupation, la colonisation, l\u2019exil, et la violence. Des centaines de milliers de martyrs, des g\u00e9n\u00e9rations priv\u00e9es de paix et de dignit\u00e9, et des territoires morcel\u00e9s sous l\u2019\u0153il d\u2019une communaut\u00e9 internationale souvent silencieuse. Aujourd\u2019hui, la situation \u00e0 Gaza et en Cisjordanie atteint un niveau critique. L\u2019heure n\u2019est plus aux&#8230;..<\/p>\n","protected":false},"author":12,"featured_media":30313,"comment_status":"open","ping_status":"open","sticky":false,"template":"","format":"standard","meta":{"footnotes":""},"categories":[23,49],"tags":[],"class_list":["post-30312","post","type-post","status-publish","format-standard","has-post-thumbnail","hentry","category-actualite","category-economie"],"yoast_head":"<!-- This site is optimized with the Yoast SEO plugin v27.5 - https:\/\/yoast.com\/product\/yoast-seo-wordpress\/ -->\n<title>Gaza et Cisjordanie : L\u2019urgence d\u2019une action d\u00e9cisive du camp des droits humains, de la libert\u00e9, et de la dignit\u00e9 - Le Quotidien de Nouakchott<\/title>\n<meta name=\"robots\" content=\"index, follow, max-snippet:-1, max-image-preview:large, max-video-preview:-1\" \/>\n<link rel=\"canonical\" href=\"https:\/\/lequotidien.mr\/?p=30312&lang=fr\" \/>\n<meta property=\"og:locale\" content=\"ar_AR\" \/>\n<meta property=\"og:type\" content=\"article\" \/>\n<meta property=\"og:title\" content=\"Gaza et Cisjordanie : L\u2019urgence d\u2019une action d\u00e9cisive du camp des droits humains, de la libert\u00e9, et de la dignit\u00e9 - Le Quotidien de Nouakchott\" \/>\n<meta property=\"og:description\" content=\"Depuis 76 ans, le peuple palestinien endure l\u2019occupation, la colonisation, l\u2019exil, et la violence. Des centaines de milliers de martyrs, des g\u00e9n\u00e9rations priv\u00e9es de paix et de dignit\u00e9, et des territoires morcel\u00e9s sous l\u2019\u0153il d\u2019une communaut\u00e9 internationale souvent silencieuse. Aujourd\u2019hui, la situation \u00e0 Gaza et en Cisjordanie atteint un niveau critique. L\u2019heure n\u2019est plus aux.....\" \/>\n<meta property=\"og:url\" content=\"https:\/\/lequotidien.mr\/?p=30312&amp;lang=fr\" \/>\n<meta property=\"og:site_name\" content=\"Le Quotidien de Nouakchott\" \/>\n<meta property=\"article:publisher\" content=\"https:\/\/web.facebook.com\/lequotidienmr\" \/>\n<meta property=\"article:published_time\" content=\"2025-08-21T20:53:28+00:00\" \/>\n<meta property=\"article:modified_time\" content=\"2025-08-21T20:56:00+00:00\" \/>\n<meta property=\"og:image\" content=\"https:\/\/lequotidien.mr\/wp-content\/uploads\/2025\/08\/photo-offensive-sur-Gaza.jpeg\" \/>\n\t<meta property=\"og:image:width\" content=\"640\" \/>\n\t<meta property=\"og:image:height\" content=\"426\" \/>\n\t<meta property=\"og:image:type\" content=\"image\/jpeg\" \/>\n<meta name=\"author\" content=\"Med Ahmed\" \/>\n<meta name=\"twitter:card\" content=\"summary_large_image\" \/>\n<meta name=\"twitter:creator\" content=\"@lequotidienmr\" \/>\n<meta name=\"twitter:site\" content=\"@lequotidienmr\" \/>\n<meta name=\"twitter:label1\" content=\"\u0643\u064f\u062a\u0628 \u0628\u0648\u0627\u0633\u0637\u0629\" \/>\n\t<meta name=\"twitter:data1\" content=\"Med Ahmed\" \/>\n\t<meta name=\"twitter:label2\" content=\"\u0648\u0642\u062a \u0627\u0644\u0642\u0631\u0627\u0621\u0629 \u0627\u0644\u0645\u064f\u0642\u062f\u0651\u0631\" \/>\n\t<meta name=\"twitter:data2\" content=\"7 \u062f\u0642\u0627\u0626\u0642\" \/>\n<script type=\"application\/ld+json\" class=\"yoast-schema-graph\">{\"@context\":\"https:\\\/\\\/schema.org\",\"@graph\":[{\"@type\":\"Article\",\"@id\":\"https:\\\/\\\/lequotidien.mr\\\/?p=30312&lang=fr#article\",\"isPartOf\":{\"@id\":\"https:\\\/\\\/lequotidien.mr\\\/?p=30312&lang=fr\"},\"author\":{\"name\":\"Med Ahmed\",\"@id\":\"https:\\\/\\\/lequotidien.mr\\\/#\\\/schema\\\/person\\\/d2d350202a4d599685ed8abc25f97596\"},\"headline\":\"Gaza et Cisjordanie : L\u2019urgence d\u2019une action d\u00e9cisive du camp des droits humains, de la libert\u00e9, et de la dignit\u00e9\",\"datePublished\":\"2025-08-21T20:53:28+00:00\",\"dateModified\":\"2025-08-21T20:56:00+00:00\",\"mainEntityOfPage\":{\"@id\":\"https:\\\/\\\/lequotidien.mr\\\/?p=30312&lang=fr\"},\"wordCount\":944,\"commentCount\":0,\"publisher\":{\"@id\":\"https:\\\/\\\/lequotidien.mr\\\/#organization\"},\"image\":{\"@id\":\"https:\\\/\\\/lequotidien.mr\\\/?p=30312&lang=fr#primaryimage\"},\"thumbnailUrl\":\"https:\\\/\\\/lequotidien.mr\\\/wp-content\\\/uploads\\\/2025\\\/08\\\/photo-offensive-sur-Gaza.jpeg\",\"articleSection\":[\"ACTUALIT\u00c9\",\"Economie\"],\"inLanguage\":\"ar\",\"potentialAction\":[{\"@type\":\"CommentAction\",\"name\":\"Comment\",\"target\":[\"https:\\\/\\\/lequotidien.mr\\\/?p=30312&lang=fr#respond\"]}]},{\"@type\":\"WebPage\",\"@id\":\"https:\\\/\\\/lequotidien.mr\\\/?p=30312&lang=fr\",\"url\":\"https:\\\/\\\/lequotidien.mr\\\/?p=30312&lang=fr\",\"name\":\"Gaza et Cisjordanie : L\u2019urgence d\u2019une action d\u00e9cisive du camp des droits humains, de la libert\u00e9, et de la dignit\u00e9 - Le Quotidien de Nouakchott\",\"isPartOf\":{\"@id\":\"https:\\\/\\\/lequotidien.mr\\\/#website\"},\"primaryImageOfPage\":{\"@id\":\"https:\\\/\\\/lequotidien.mr\\\/?p=30312&lang=fr#primaryimage\"},\"image\":{\"@id\":\"https:\\\/\\\/lequotidien.mr\\\/?p=30312&lang=fr#primaryimage\"},\"thumbnailUrl\":\"https:\\\/\\\/lequotidien.mr\\\/wp-content\\\/uploads\\\/2025\\\/08\\\/photo-offensive-sur-Gaza.jpeg\",\"datePublished\":\"2025-08-21T20:53:28+00:00\",\"dateModified\":\"2025-08-21T20:56:00+00:00\",\"breadcrumb\":{\"@id\":\"https:\\\/\\\/lequotidien.mr\\\/?p=30312&lang=fr#breadcrumb\"},\"inLanguage\":\"ar\",\"potentialAction\":[{\"@type\":\"ReadAction\",\"target\":[\"https:\\\/\\\/lequotidien.mr\\\/?p=30312&lang=fr\"]}]},{\"@type\":\"ImageObject\",\"inLanguage\":\"ar\",\"@id\":\"https:\\\/\\\/lequotidien.mr\\\/?p=30312&lang=fr#primaryimage\",\"url\":\"https:\\\/\\\/lequotidien.mr\\\/wp-content\\\/uploads\\\/2025\\\/08\\\/photo-offensive-sur-Gaza.jpeg\",\"contentUrl\":\"https:\\\/\\\/lequotidien.mr\\\/wp-content\\\/uploads\\\/2025\\\/08\\\/photo-offensive-sur-Gaza.jpeg\",\"width\":640,\"height\":426},{\"@type\":\"BreadcrumbList\",\"@id\":\"https:\\\/\\\/lequotidien.mr\\\/?p=30312&lang=fr#breadcrumb\",\"itemListElement\":[{\"@type\":\"ListItem\",\"position\":1,\"name\":\"Home\",\"item\":\"https:\\\/\\\/lequotidien.mr\\\/\"},{\"@type\":\"ListItem\",\"position\":2,\"name\":\"Gaza et Cisjordanie : L\u2019urgence d\u2019une action d\u00e9cisive du camp des droits humains, de la libert\u00e9, et de la dignit\u00e9\"}]},{\"@type\":\"WebSite\",\"@id\":\"https:\\\/\\\/lequotidien.mr\\\/#website\",\"url\":\"https:\\\/\\\/lequotidien.mr\\\/\",\"name\":\"Le Quotidien de Nouakchott\",\"description\":\"\u0625\u062e\u0628\u0627\u0631\u064a\u0629 \u0645\u0633\u062a\u0642\u0644\u0629 \u0644\u0644\u0623\u0646\u0628\u0627\u0621 \u0627\u0644\u0639\u0627\u0645\u0629\",\"publisher\":{\"@id\":\"https:\\\/\\\/lequotidien.mr\\\/#organization\"},\"potentialAction\":[{\"@type\":\"SearchAction\",\"target\":{\"@type\":\"EntryPoint\",\"urlTemplate\":\"https:\\\/\\\/lequotidien.mr\\\/?s={search_term_string}\"},\"query-input\":{\"@type\":\"PropertyValueSpecification\",\"valueRequired\":true,\"valueName\":\"search_term_string\"}}],\"inLanguage\":\"ar\"},{\"@type\":\"Organization\",\"@id\":\"https:\\\/\\\/lequotidien.mr\\\/#organization\",\"name\":\"Le Quotidien de Nouakchott\",\"url\":\"https:\\\/\\\/lequotidien.mr\\\/\",\"logo\":{\"@type\":\"ImageObject\",\"inLanguage\":\"ar\",\"@id\":\"https:\\\/\\\/lequotidien.mr\\\/#\\\/schema\\\/logo\\\/image\\\/\",\"url\":\"https:\\\/\\\/lequotidien.mr\\\/wp-content\\\/uploads\\\/2022\\\/11\\\/logolequotidien.jpg\",\"contentUrl\":\"https:\\\/\\\/lequotidien.mr\\\/wp-content\\\/uploads\\\/2022\\\/11\\\/logolequotidien.jpg\",\"width\":290,\"height\":65,\"caption\":\"Le Quotidien de Nouakchott\"},\"image\":{\"@id\":\"https:\\\/\\\/lequotidien.mr\\\/#\\\/schema\\\/logo\\\/image\\\/\"},\"sameAs\":[\"https:\\\/\\\/web.facebook.com\\\/lequotidienmr\",\"https:\\\/\\\/x.com\\\/lequotidienmr\"]},{\"@type\":\"Person\",\"@id\":\"https:\\\/\\\/lequotidien.mr\\\/#\\\/schema\\\/person\\\/d2d350202a4d599685ed8abc25f97596\",\"name\":\"Med Ahmed\",\"image\":{\"@type\":\"ImageObject\",\"inLanguage\":\"ar\",\"@id\":\"https:\\\/\\\/secure.gravatar.com\\\/avatar\\\/fd2acc62ed50732923d1d39c17172c9b04149f142be92310ecc69e1358f94b52?s=96&d=mm&r=g\",\"url\":\"https:\\\/\\\/secure.gravatar.com\\\/avatar\\\/fd2acc62ed50732923d1d39c17172c9b04149f142be92310ecc69e1358f94b52?s=96&d=mm&r=g\",\"contentUrl\":\"https:\\\/\\\/secure.gravatar.com\\\/avatar\\\/fd2acc62ed50732923d1d39c17172c9b04149f142be92310ecc69e1358f94b52?s=96&d=mm&r=g\",\"caption\":\"Med Ahmed\"},\"url\":\"https:\\\/\\\/lequotidien.mr\\\/?author=12\"}]}<\/script>\n<!-- \/ Yoast SEO plugin. -->","yoast_head_json":{"title":"Gaza et Cisjordanie : L\u2019urgence d\u2019une action d\u00e9cisive du camp des droits humains, de la libert\u00e9, et de la dignit\u00e9 - Le Quotidien de Nouakchott","robots":{"index":"index","follow":"follow","max-snippet":"max-snippet:-1","max-image-preview":"max-image-preview:large","max-video-preview":"max-video-preview:-1"},"canonical":"https:\/\/lequotidien.mr\/?p=30312&lang=fr","og_locale":"ar_AR","og_type":"article","og_title":"Gaza et Cisjordanie : L\u2019urgence d\u2019une action d\u00e9cisive du camp des droits humains, de la libert\u00e9, et de la dignit\u00e9 - Le Quotidien de Nouakchott","og_description":"Depuis 76 ans, le peuple palestinien endure l\u2019occupation, la colonisation, l\u2019exil, et la violence. Des centaines de milliers de martyrs, des g\u00e9n\u00e9rations priv\u00e9es de paix et de dignit\u00e9, et des territoires morcel\u00e9s sous l\u2019\u0153il d\u2019une communaut\u00e9 internationale souvent silencieuse. Aujourd\u2019hui, la situation \u00e0 Gaza et en Cisjordanie atteint un niveau critique. L\u2019heure n\u2019est plus aux.....","og_url":"https:\/\/lequotidien.mr\/?p=30312&lang=fr","og_site_name":"Le Quotidien de Nouakchott","article_publisher":"https:\/\/web.facebook.com\/lequotidienmr","article_published_time":"2025-08-21T20:53:28+00:00","article_modified_time":"2025-08-21T20:56:00+00:00","og_image":[{"width":640,"height":426,"url":"https:\/\/lequotidien.mr\/wp-content\/uploads\/2025\/08\/photo-offensive-sur-Gaza.jpeg","type":"image\/jpeg"}],"author":"Med Ahmed","twitter_card":"summary_large_image","twitter_creator":"@lequotidienmr","twitter_site":"@lequotidienmr","twitter_misc":{"\u0643\u064f\u062a\u0628 \u0628\u0648\u0627\u0633\u0637\u0629":"Med Ahmed","\u0648\u0642\u062a \u0627\u0644\u0642\u0631\u0627\u0621\u0629 \u0627\u0644\u0645\u064f\u0642\u062f\u0651\u0631":"7 \u062f\u0642\u0627\u0626\u0642"},"schema":{"@context":"https:\/\/schema.org","@graph":[{"@type":"Article","@id":"https:\/\/lequotidien.mr\/?p=30312&lang=fr#article","isPartOf":{"@id":"https:\/\/lequotidien.mr\/?p=30312&lang=fr"},"author":{"name":"Med Ahmed","@id":"https:\/\/lequotidien.mr\/#\/schema\/person\/d2d350202a4d599685ed8abc25f97596"},"headline":"Gaza et Cisjordanie : L\u2019urgence d\u2019une action d\u00e9cisive du camp des droits humains, de la libert\u00e9, et de la dignit\u00e9","datePublished":"2025-08-21T20:53:28+00:00","dateModified":"2025-08-21T20:56:00+00:00","mainEntityOfPage":{"@id":"https:\/\/lequotidien.mr\/?p=30312&lang=fr"},"wordCount":944,"commentCount":0,"publisher":{"@id":"https:\/\/lequotidien.mr\/#organization"},"image":{"@id":"https:\/\/lequotidien.mr\/?p=30312&lang=fr#primaryimage"},"thumbnailUrl":"https:\/\/lequotidien.mr\/wp-content\/uploads\/2025\/08\/photo-offensive-sur-Gaza.jpeg","articleSection":["ACTUALIT\u00c9","Economie"],"inLanguage":"ar","potentialAction":[{"@type":"CommentAction","name":"Comment","target":["https:\/\/lequotidien.mr\/?p=30312&lang=fr#respond"]}]},{"@type":"WebPage","@id":"https:\/\/lequotidien.mr\/?p=30312&lang=fr","url":"https:\/\/lequotidien.mr\/?p=30312&lang=fr","name":"Gaza et Cisjordanie : L\u2019urgence d\u2019une action d\u00e9cisive du camp des droits humains, de la libert\u00e9, et de la dignit\u00e9 - Le Quotidien de Nouakchott","isPartOf":{"@id":"https:\/\/lequotidien.mr\/#website"},"primaryImageOfPage":{"@id":"https:\/\/lequotidien.mr\/?p=30312&lang=fr#primaryimage"},"image":{"@id":"https:\/\/lequotidien.mr\/?p=30312&lang=fr#primaryimage"},"thumbnailUrl":"https:\/\/lequotidien.mr\/wp-content\/uploads\/2025\/08\/photo-offensive-sur-Gaza.jpeg","datePublished":"2025-08-21T20:53:28+00:00","dateModified":"2025-08-21T20:56:00+00:00","breadcrumb":{"@id":"https:\/\/lequotidien.mr\/?p=30312&lang=fr#breadcrumb"},"inLanguage":"ar","potentialAction":[{"@type":"ReadAction","target":["https:\/\/lequotidien.mr\/?p=30312&lang=fr"]}]},{"@type":"ImageObject","inLanguage":"ar","@id":"https:\/\/lequotidien.mr\/?p=30312&lang=fr#primaryimage","url":"https:\/\/lequotidien.mr\/wp-content\/uploads\/2025\/08\/photo-offensive-sur-Gaza.jpeg","contentUrl":"https:\/\/lequotidien.mr\/wp-content\/uploads\/2025\/08\/photo-offensive-sur-Gaza.jpeg","width":640,"height":426},{"@type":"BreadcrumbList","@id":"https:\/\/lequotidien.mr\/?p=30312&lang=fr#breadcrumb","itemListElement":[{"@type":"ListItem","position":1,"name":"Home","item":"https:\/\/lequotidien.mr\/"},{"@type":"ListItem","position":2,"name":"Gaza et Cisjordanie : L\u2019urgence d\u2019une action d\u00e9cisive du camp des droits humains, de la libert\u00e9, et de la dignit\u00e9"}]},{"@type":"WebSite","@id":"https:\/\/lequotidien.mr\/#website","url":"https:\/\/lequotidien.mr\/","name":"Le Quotidien de Nouakchott","description":"\u0625\u062e\u0628\u0627\u0631\u064a\u0629 \u0645\u0633\u062a\u0642\u0644\u0629 \u0644\u0644\u0623\u0646\u0628\u0627\u0621 \u0627\u0644\u0639\u0627\u0645\u0629","publisher":{"@id":"https:\/\/lequotidien.mr\/#organization"},"potentialAction":[{"@type":"SearchAction","target":{"@type":"EntryPoint","urlTemplate":"https:\/\/lequotidien.mr\/?s={search_term_string}"},"query-input":{"@type":"PropertyValueSpecification","valueRequired":true,"valueName":"search_term_string"}}],"inLanguage":"ar"},{"@type":"Organization","@id":"https:\/\/lequotidien.mr\/#organization","name":"Le Quotidien de Nouakchott","url":"https:\/\/lequotidien.mr\/","logo":{"@type":"ImageObject","inLanguage":"ar","@id":"https:\/\/lequotidien.mr\/#\/schema\/logo\/image\/","url":"https:\/\/lequotidien.mr\/wp-content\/uploads\/2022\/11\/logolequotidien.jpg","contentUrl":"https:\/\/lequotidien.mr\/wp-content\/uploads\/2022\/11\/logolequotidien.jpg","width":290,"height":65,"caption":"Le Quotidien de Nouakchott"},"image":{"@id":"https:\/\/lequotidien.mr\/#\/schema\/logo\/image\/"},"sameAs":["https:\/\/web.facebook.com\/lequotidienmr","https:\/\/x.com\/lequotidienmr"]},{"@type":"Person","@id":"https:\/\/lequotidien.mr\/#\/schema\/person\/d2d350202a4d599685ed8abc25f97596","name":"Med Ahmed","image":{"@type":"ImageObject","inLanguage":"ar","@id":"https:\/\/secure.gravatar.com\/avatar\/fd2acc62ed50732923d1d39c17172c9b04149f142be92310ecc69e1358f94b52?s=96&d=mm&r=g","url":"https:\/\/secure.gravatar.com\/avatar\/fd2acc62ed50732923d1d39c17172c9b04149f142be92310ecc69e1358f94b52?s=96&d=mm&r=g","contentUrl":"https:\/\/secure.gravatar.com\/avatar\/fd2acc62ed50732923d1d39c17172c9b04149f142be92310ecc69e1358f94b52?s=96&d=mm&r=g","caption":"Med Ahmed"},"url":"https:\/\/lequotidien.mr\/?author=12"}]}},"_links":{"self":[{"href":"https:\/\/lequotidien.mr\/index.php?rest_route=\/wp\/v2\/posts\/30312","targetHints":{"allow":["GET"]}}],"collection":[{"href":"https:\/\/lequotidien.mr\/index.php?rest_route=\/wp\/v2\/posts"}],"about":[{"href":"https:\/\/lequotidien.mr\/index.php?rest_route=\/wp\/v2\/types\/post"}],"author":[{"embeddable":true,"href":"https:\/\/lequotidien.mr\/index.php?rest_route=\/wp\/v2\/users\/12"}],"replies":[{"embeddable":true,"href":"https:\/\/lequotidien.mr\/index.php?rest_route=%2Fwp%2Fv2%2Fcomments&post=30312"}],"version-history":[{"count":2,"href":"https:\/\/lequotidien.mr\/index.php?rest_route=\/wp\/v2\/posts\/30312\/revisions"}],"predecessor-version":[{"id":30315,"href":"https:\/\/lequotidien.mr\/index.php?rest_route=\/wp\/v2\/posts\/30312\/revisions\/30315"}],"wp:featuredmedia":[{"embeddable":true,"href":"https:\/\/lequotidien.mr\/index.php?rest_route=\/wp\/v2\/media\/30313"}],"wp:attachment":[{"href":"https:\/\/lequotidien.mr\/index.php?rest_route=%2Fwp%2Fv2%2Fmedia&parent=30312"}],"wp:term":[{"taxonomy":"category","embeddable":true,"href":"https:\/\/lequotidien.mr\/index.php?rest_route=%2Fwp%2Fv2%2Fcategories&post=30312"},{"taxonomy":"post_tag","embeddable":true,"href":"https:\/\/lequotidien.mr\/index.php?rest_route=%2Fwp%2Fv2%2Ftags&post=30312"}],"curies":[{"name":"wp","href":"https:\/\/api.w.org\/{rel}","templated":true}]}}