{"id":30309,"date":"2025-08-21T18:58:58","date_gmt":"2025-08-21T18:58:58","guid":{"rendered":"https:\/\/lequotidien.mr\/?p=30309"},"modified":"2025-08-21T18:58:58","modified_gmt":"2025-08-21T18:58:58","slug":"ticad-9-le-president-el-ghazouani-sentretient-avec-le-premier-ministre-japonais-m-shigeru-ishiba","status":"publish","type":"post","link":"https:\/\/lequotidien.mr\/?p=30309&lang=fr","title":{"rendered":"TICAD 9 : Le Pr\u00e9sident El Ghazouani s\u2019entretient avec le Premier ministre japonais, M. Shigeru Ishiba"},"content":{"rendered":"<p>Pour rappel, le Pr\u00e9sident de la R\u00e9publique, <strong>M. Mohamed Cheikh El Ghazouani<\/strong>, avait pris part, mercredi dernier, \u00e0 la s\u00e9ance d\u2019ouverture de la 9e \u00e9dition du Forum international de Tokyo sur le d\u00e9veloppement de l\u2019Afrique (TICAD 9), qui s\u2019est d\u00e9roul\u00e9e dans la ville japonaise de Yokohama.<\/p>\n<p>En marge de cet important forum, le chef de l\u2019\u00c9tat s\u2019est entretenu avec le Premier ministre japonais, <strong data-start=\"1814\" data-end=\"1835\">M. Shigeru Ishiba<\/strong>. Cette rencontre bilat\u00e9rale a \u00e9t\u00e9 l\u2019occasion d\u2019\u00e9changer sur les moyens de renforcer les relations de coop\u00e9ration entre la Mauritanie et le Japon, notamment dans les domaines de l\u2019\u00e9nergie, des infrastructures, de la formation professionnelle et de la s\u00e9curit\u00e9 alimentaire.<\/p>\n<p data-start=\"2109\" data-end=\"2364\" data-is-last-node=\"\" data-is-only-node=\"\">Plac\u00e9e sous le th\u00e8me <strong data-start=\"480\" data-end=\"536\"><em>\u00ab Co-cr\u00e9er des solutions innovantes avec l\u2019Afrique \u00bb<\/em><\/strong>, cette \u00e9dition du forum repr\u00e9sente une plateforme strat\u00e9gique pour renforcer la coop\u00e9ration entre le Japon et le continent africain. L&#8217;\u00e9v\u00e9nement r\u00e9unit des chefs d&#8217;\u00c9tat, des leaders \u00e9conomiques, des organisations internationales ainsi que des repr\u00e9sentants de la soci\u00e9t\u00e9 civile autour de l\u2019ambition commune de construire un avenir prosp\u00e8re et durable pour l\u2019Afrique et le reste du monde.<\/p>\n<p data-start=\"926\" data-end=\"1001\">Les travaux de cette conf\u00e9rence s\u2019articulaient autour de trois axes majeurs :<\/p>\n<p data-start=\"1004\" data-end=\"1093\"><strong data-start=\"1004\" data-end=\"1048\">-Le renforcement du r\u00f4le du secteur priv\u00e9<\/strong> dans la promotion d\u2019une croissance durable ;<\/p>\n<p data-start=\"1096\" data-end=\"1201\"><strong data-start=\"1096\" data-end=\"1141\">-L\u2019autonomisation des jeunes et des femmes<\/strong>, en tant que piliers essentiels du d\u00e9veloppement africain ;<\/p>\n<p data-start=\"1204\" data-end=\"1310\"><strong data-start=\"1204\" data-end=\"1250\">-Le renforcement de l\u2019int\u00e9gration r\u00e9gionale<\/strong>, levier cl\u00e9 pour une Afrique plus unie et plus comp\u00e9titive.<\/p>\n<p data-start=\"1312\" data-end=\"1711\">Dans ce cadre, le Pr\u00e9sident El Ghazouani a r\u00e9affirm\u00e9 l\u2019engagement de la Mauritanie en faveur de la coop\u00e9ration internationale, saluant les efforts du Japon dans l\u2019accompagnement des politiques de d\u00e9veloppement sur le continent africain. Il a mis en lumi\u00e8re les initiatives nationales visant \u00e0 promouvoir l\u2019entrepreneuriat, l\u2019\u00e9ducation et l\u2019int\u00e9gration r\u00e9gionale, en phase avec les priorit\u00e9s de TICAD 9.<\/p>\n<p data-start=\"1713\" data-end=\"2107\">La participation du Pr\u00e9sident El Ghazouani \u00e0 ce forum illustre la volont\u00e9 de la Mauritanie de jouer un r\u00f4le actif sur la sc\u00e8ne internationale et de contribuer \u00e0 l\u2019\u00e9laboration de solutions innovantes aux d\u00e9fis communs auxquels fait face le continent africain.<\/p>\n","protected":false},"excerpt":{"rendered":"<p>Pour rappel, le Pr\u00e9sident de la R\u00e9publique, M. Mohamed Cheikh El Ghazouani, avait pris part, mercredi dernier, \u00e0 la s\u00e9ance d\u2019ouverture de la 9e \u00e9dition du Forum international de Tokyo sur le d\u00e9veloppement de l\u2019Afrique (TICAD 9), qui s\u2019est d\u00e9roul\u00e9e dans la ville japonaise de Yokohama. En marge de cet important forum, le chef de&#8230;..<\/p>\n","protected":false},"author":12,"featured_media":30310,"comment_status":"open","ping_status":"open","sticky":false,"template":"","format":"standard","meta":{"footnotes":""},"categories":[23,49],"tags":[],"class_list":["post-30309","post","type-post","status-publish","format-standard","has-post-thumbnail","hentry","category-actualite","category-economie"],"yoast_head":"<!-- This site is optimized with the Yoast SEO plugin v27.5 - https:\/\/yoast.com\/product\/yoast-seo-wordpress\/ -->\n<title>TICAD 9 : Le Pr\u00e9sident El Ghazouani s\u2019entretient avec le Premier ministre japonais, M. Shigeru Ishiba - Le Quotidien de Nouakchott<\/title>\n<meta name=\"robots\" content=\"index, follow, max-snippet:-1, max-image-preview:large, max-video-preview:-1\" \/>\n<link rel=\"canonical\" href=\"https:\/\/lequotidien.mr\/?p=30309&lang=fr\" \/>\n<meta property=\"og:locale\" content=\"ar_AR\" \/>\n<meta property=\"og:type\" content=\"article\" \/>\n<meta property=\"og:title\" content=\"TICAD 9 : Le Pr\u00e9sident El Ghazouani s\u2019entretient avec le Premier ministre japonais, M. Shigeru Ishiba - Le Quotidien de Nouakchott\" \/>\n<meta property=\"og:description\" content=\"Pour rappel, le Pr\u00e9sident de la R\u00e9publique, M. Mohamed Cheikh El Ghazouani, avait pris part, mercredi dernier, \u00e0 la s\u00e9ance d\u2019ouverture de la 9e \u00e9dition du Forum international de Tokyo sur le d\u00e9veloppement de l\u2019Afrique (TICAD 9), qui s\u2019est d\u00e9roul\u00e9e dans la ville japonaise de Yokohama. En marge de cet important forum, le chef de.....\" \/>\n<meta property=\"og:url\" content=\"https:\/\/lequotidien.mr\/?p=30309&amp;lang=fr\" \/>\n<meta property=\"og:site_name\" content=\"Le Quotidien de Nouakchott\" \/>\n<meta property=\"article:publisher\" content=\"https:\/\/web.facebook.com\/lequotidienmr\" \/>\n<meta property=\"article:published_time\" content=\"2025-08-21T18:58:58+00:00\" \/>\n<meta property=\"og:image\" content=\"https:\/\/lequotidien.mr\/wp-content\/uploads\/2025\/08\/photo-Ghazouani-1er-Mstre-japonais.jpg\" \/>\n\t<meta property=\"og:image:width\" content=\"750\" \/>\n\t<meta property=\"og:image:height\" content=\"430\" \/>\n\t<meta property=\"og:image:type\" content=\"image\/jpeg\" \/>\n<meta name=\"author\" content=\"Med Ahmed\" \/>\n<meta name=\"twitter:card\" content=\"summary_large_image\" \/>\n<meta name=\"twitter:creator\" content=\"@lequotidienmr\" \/>\n<meta name=\"twitter:site\" content=\"@lequotidienmr\" \/>\n<meta name=\"twitter:label1\" content=\"\u0643\u064f\u062a\u0628 \u0628\u0648\u0627\u0633\u0637\u0629\" \/>\n\t<meta name=\"twitter:data1\" content=\"Med Ahmed\" \/>\n\t<meta name=\"twitter:label2\" content=\"\u0648\u0642\u062a \u0627\u0644\u0642\u0631\u0627\u0621\u0629 \u0627\u0644\u0645\u064f\u0642\u062f\u0651\u0631\" \/>\n\t<meta name=\"twitter:data2\" content=\"3 \u062f\u0642\u0627\u0626\u0642\" \/>\n<script type=\"application\/ld+json\" class=\"yoast-schema-graph\">{\"@context\":\"https:\\\/\\\/schema.org\",\"@graph\":[{\"@type\":\"Article\",\"@id\":\"https:\\\/\\\/lequotidien.mr\\\/?p=30309&lang=fr#article\",\"isPartOf\":{\"@id\":\"https:\\\/\\\/lequotidien.mr\\\/?p=30309&lang=fr\"},\"author\":{\"name\":\"Med Ahmed\",\"@id\":\"https:\\\/\\\/lequotidien.mr\\\/#\\\/schema\\\/person\\\/d2d350202a4d599685ed8abc25f97596\"},\"headline\":\"TICAD 9 : Le Pr\u00e9sident El Ghazouani s\u2019entretient avec le Premier ministre japonais, M. Shigeru Ishiba\",\"datePublished\":\"2025-08-21T18:58:58+00:00\",\"mainEntityOfPage\":{\"@id\":\"https:\\\/\\\/lequotidien.mr\\\/?p=30309&lang=fr\"},\"wordCount\":394,\"commentCount\":0,\"publisher\":{\"@id\":\"https:\\\/\\\/lequotidien.mr\\\/#organization\"},\"image\":{\"@id\":\"https:\\\/\\\/lequotidien.mr\\\/?p=30309&lang=fr#primaryimage\"},\"thumbnailUrl\":\"https:\\\/\\\/lequotidien.mr\\\/wp-content\\\/uploads\\\/2025\\\/08\\\/photo-Ghazouani-1er-Mstre-japonais.jpg\",\"articleSection\":[\"ACTUALIT\u00c9\",\"Economie\"],\"inLanguage\":\"ar\",\"potentialAction\":[{\"@type\":\"CommentAction\",\"name\":\"Comment\",\"target\":[\"https:\\\/\\\/lequotidien.mr\\\/?p=30309&lang=fr#respond\"]}]},{\"@type\":\"WebPage\",\"@id\":\"https:\\\/\\\/lequotidien.mr\\\/?p=30309&lang=fr\",\"url\":\"https:\\\/\\\/lequotidien.mr\\\/?p=30309&lang=fr\",\"name\":\"TICAD 9 : Le Pr\u00e9sident El Ghazouani s\u2019entretient avec le Premier ministre japonais, M. Shigeru Ishiba - Le Quotidien de Nouakchott\",\"isPartOf\":{\"@id\":\"https:\\\/\\\/lequotidien.mr\\\/#website\"},\"primaryImageOfPage\":{\"@id\":\"https:\\\/\\\/lequotidien.mr\\\/?p=30309&lang=fr#primaryimage\"},\"image\":{\"@id\":\"https:\\\/\\\/lequotidien.mr\\\/?p=30309&lang=fr#primaryimage\"},\"thumbnailUrl\":\"https:\\\/\\\/lequotidien.mr\\\/wp-content\\\/uploads\\\/2025\\\/08\\\/photo-Ghazouani-1er-Mstre-japonais.jpg\",\"datePublished\":\"2025-08-21T18:58:58+00:00\",\"breadcrumb\":{\"@id\":\"https:\\\/\\\/lequotidien.mr\\\/?p=30309&lang=fr#breadcrumb\"},\"inLanguage\":\"ar\",\"potentialAction\":[{\"@type\":\"ReadAction\",\"target\":[\"https:\\\/\\\/lequotidien.mr\\\/?p=30309&lang=fr\"]}]},{\"@type\":\"ImageObject\",\"inLanguage\":\"ar\",\"@id\":\"https:\\\/\\\/lequotidien.mr\\\/?p=30309&lang=fr#primaryimage\",\"url\":\"https:\\\/\\\/lequotidien.mr\\\/wp-content\\\/uploads\\\/2025\\\/08\\\/photo-Ghazouani-1er-Mstre-japonais.jpg\",\"contentUrl\":\"https:\\\/\\\/lequotidien.mr\\\/wp-content\\\/uploads\\\/2025\\\/08\\\/photo-Ghazouani-1er-Mstre-japonais.jpg\",\"width\":750,\"height\":430},{\"@type\":\"BreadcrumbList\",\"@id\":\"https:\\\/\\\/lequotidien.mr\\\/?p=30309&lang=fr#breadcrumb\",\"itemListElement\":[{\"@type\":\"ListItem\",\"position\":1,\"name\":\"Home\",\"item\":\"https:\\\/\\\/lequotidien.mr\\\/\"},{\"@type\":\"ListItem\",\"position\":2,\"name\":\"TICAD 9 : Le Pr\u00e9sident El Ghazouani s\u2019entretient avec le Premier ministre japonais, M. Shigeru Ishiba\"}]},{\"@type\":\"WebSite\",\"@id\":\"https:\\\/\\\/lequotidien.mr\\\/#website\",\"url\":\"https:\\\/\\\/lequotidien.mr\\\/\",\"name\":\"Le Quotidien de Nouakchott\",\"description\":\"\u0625\u062e\u0628\u0627\u0631\u064a\u0629 \u0645\u0633\u062a\u0642\u0644\u0629 \u0644\u0644\u0623\u0646\u0628\u0627\u0621 \u0627\u0644\u0639\u0627\u0645\u0629\",\"publisher\":{\"@id\":\"https:\\\/\\\/lequotidien.mr\\\/#organization\"},\"potentialAction\":[{\"@type\":\"SearchAction\",\"target\":{\"@type\":\"EntryPoint\",\"urlTemplate\":\"https:\\\/\\\/lequotidien.mr\\\/?s={search_term_string}\"},\"query-input\":{\"@type\":\"PropertyValueSpecification\",\"valueRequired\":true,\"valueName\":\"search_term_string\"}}],\"inLanguage\":\"ar\"},{\"@type\":\"Organization\",\"@id\":\"https:\\\/\\\/lequotidien.mr\\\/#organization\",\"name\":\"Le Quotidien de Nouakchott\",\"url\":\"https:\\\/\\\/lequotidien.mr\\\/\",\"logo\":{\"@type\":\"ImageObject\",\"inLanguage\":\"ar\",\"@id\":\"https:\\\/\\\/lequotidien.mr\\\/#\\\/schema\\\/logo\\\/image\\\/\",\"url\":\"https:\\\/\\\/lequotidien.mr\\\/wp-content\\\/uploads\\\/2022\\\/11\\\/logolequotidien.jpg\",\"contentUrl\":\"https:\\\/\\\/lequotidien.mr\\\/wp-content\\\/uploads\\\/2022\\\/11\\\/logolequotidien.jpg\",\"width\":290,\"height\":65,\"caption\":\"Le Quotidien de Nouakchott\"},\"image\":{\"@id\":\"https:\\\/\\\/lequotidien.mr\\\/#\\\/schema\\\/logo\\\/image\\\/\"},\"sameAs\":[\"https:\\\/\\\/web.facebook.com\\\/lequotidienmr\",\"https:\\\/\\\/x.com\\\/lequotidienmr\"]},{\"@type\":\"Person\",\"@id\":\"https:\\\/\\\/lequotidien.mr\\\/#\\\/schema\\\/person\\\/d2d350202a4d599685ed8abc25f97596\",\"name\":\"Med Ahmed\",\"image\":{\"@type\":\"ImageObject\",\"inLanguage\":\"ar\",\"@id\":\"https:\\\/\\\/secure.gravatar.com\\\/avatar\\\/fd2acc62ed50732923d1d39c17172c9b04149f142be92310ecc69e1358f94b52?s=96&d=mm&r=g\",\"url\":\"https:\\\/\\\/secure.gravatar.com\\\/avatar\\\/fd2acc62ed50732923d1d39c17172c9b04149f142be92310ecc69e1358f94b52?s=96&d=mm&r=g\",\"contentUrl\":\"https:\\\/\\\/secure.gravatar.com\\\/avatar\\\/fd2acc62ed50732923d1d39c17172c9b04149f142be92310ecc69e1358f94b52?s=96&d=mm&r=g\",\"caption\":\"Med Ahmed\"},\"url\":\"https:\\\/\\\/lequotidien.mr\\\/?author=12\"}]}<\/script>\n<!-- \/ Yoast SEO plugin. -->","yoast_head_json":{"title":"TICAD 9 : Le Pr\u00e9sident El Ghazouani s\u2019entretient avec le Premier ministre japonais, M. Shigeru Ishiba - Le Quotidien de Nouakchott","robots":{"index":"index","follow":"follow","max-snippet":"max-snippet:-1","max-image-preview":"max-image-preview:large","max-video-preview":"max-video-preview:-1"},"canonical":"https:\/\/lequotidien.mr\/?p=30309&lang=fr","og_locale":"ar_AR","og_type":"article","og_title":"TICAD 9 : Le Pr\u00e9sident El Ghazouani s\u2019entretient avec le Premier ministre japonais, M. Shigeru Ishiba - Le Quotidien de Nouakchott","og_description":"Pour rappel, le Pr\u00e9sident de la R\u00e9publique, M. Mohamed Cheikh El Ghazouani, avait pris part, mercredi dernier, \u00e0 la s\u00e9ance d\u2019ouverture de la 9e \u00e9dition du Forum international de Tokyo sur le d\u00e9veloppement de l\u2019Afrique (TICAD 9), qui s\u2019est d\u00e9roul\u00e9e dans la ville japonaise de Yokohama. En marge de cet important forum, le chef de.....","og_url":"https:\/\/lequotidien.mr\/?p=30309&lang=fr","og_site_name":"Le Quotidien de Nouakchott","article_publisher":"https:\/\/web.facebook.com\/lequotidienmr","article_published_time":"2025-08-21T18:58:58+00:00","og_image":[{"width":750,"height":430,"url":"https:\/\/lequotidien.mr\/wp-content\/uploads\/2025\/08\/photo-Ghazouani-1er-Mstre-japonais.jpg","type":"image\/jpeg"}],"author":"Med Ahmed","twitter_card":"summary_large_image","twitter_creator":"@lequotidienmr","twitter_site":"@lequotidienmr","twitter_misc":{"\u0643\u064f\u062a\u0628 \u0628\u0648\u0627\u0633\u0637\u0629":"Med Ahmed","\u0648\u0642\u062a \u0627\u0644\u0642\u0631\u0627\u0621\u0629 \u0627\u0644\u0645\u064f\u0642\u062f\u0651\u0631":"3 \u062f\u0642\u0627\u0626\u0642"},"schema":{"@context":"https:\/\/schema.org","@graph":[{"@type":"Article","@id":"https:\/\/lequotidien.mr\/?p=30309&lang=fr#article","isPartOf":{"@id":"https:\/\/lequotidien.mr\/?p=30309&lang=fr"},"author":{"name":"Med Ahmed","@id":"https:\/\/lequotidien.mr\/#\/schema\/person\/d2d350202a4d599685ed8abc25f97596"},"headline":"TICAD 9 : Le Pr\u00e9sident El Ghazouani s\u2019entretient avec le Premier ministre japonais, M. Shigeru Ishiba","datePublished":"2025-08-21T18:58:58+00:00","mainEntityOfPage":{"@id":"https:\/\/lequotidien.mr\/?p=30309&lang=fr"},"wordCount":394,"commentCount":0,"publisher":{"@id":"https:\/\/lequotidien.mr\/#organization"},"image":{"@id":"https:\/\/lequotidien.mr\/?p=30309&lang=fr#primaryimage"},"thumbnailUrl":"https:\/\/lequotidien.mr\/wp-content\/uploads\/2025\/08\/photo-Ghazouani-1er-Mstre-japonais.jpg","articleSection":["ACTUALIT\u00c9","Economie"],"inLanguage":"ar","potentialAction":[{"@type":"CommentAction","name":"Comment","target":["https:\/\/lequotidien.mr\/?p=30309&lang=fr#respond"]}]},{"@type":"WebPage","@id":"https:\/\/lequotidien.mr\/?p=30309&lang=fr","url":"https:\/\/lequotidien.mr\/?p=30309&lang=fr","name":"TICAD 9 : Le Pr\u00e9sident El Ghazouani s\u2019entretient avec le Premier ministre japonais, M. Shigeru Ishiba - Le Quotidien de Nouakchott","isPartOf":{"@id":"https:\/\/lequotidien.mr\/#website"},"primaryImageOfPage":{"@id":"https:\/\/lequotidien.mr\/?p=30309&lang=fr#primaryimage"},"image":{"@id":"https:\/\/lequotidien.mr\/?p=30309&lang=fr#primaryimage"},"thumbnailUrl":"https:\/\/lequotidien.mr\/wp-content\/uploads\/2025\/08\/photo-Ghazouani-1er-Mstre-japonais.jpg","datePublished":"2025-08-21T18:58:58+00:00","breadcrumb":{"@id":"https:\/\/lequotidien.mr\/?p=30309&lang=fr#breadcrumb"},"inLanguage":"ar","potentialAction":[{"@type":"ReadAction","target":["https:\/\/lequotidien.mr\/?p=30309&lang=fr"]}]},{"@type":"ImageObject","inLanguage":"ar","@id":"https:\/\/lequotidien.mr\/?p=30309&lang=fr#primaryimage","url":"https:\/\/lequotidien.mr\/wp-content\/uploads\/2025\/08\/photo-Ghazouani-1er-Mstre-japonais.jpg","contentUrl":"https:\/\/lequotidien.mr\/wp-content\/uploads\/2025\/08\/photo-Ghazouani-1er-Mstre-japonais.jpg","width":750,"height":430},{"@type":"BreadcrumbList","@id":"https:\/\/lequotidien.mr\/?p=30309&lang=fr#breadcrumb","itemListElement":[{"@type":"ListItem","position":1,"name":"Home","item":"https:\/\/lequotidien.mr\/"},{"@type":"ListItem","position":2,"name":"TICAD 9 : Le Pr\u00e9sident El Ghazouani s\u2019entretient avec le Premier ministre japonais, M. Shigeru Ishiba"}]},{"@type":"WebSite","@id":"https:\/\/lequotidien.mr\/#website","url":"https:\/\/lequotidien.mr\/","name":"Le Quotidien de Nouakchott","description":"\u0625\u062e\u0628\u0627\u0631\u064a\u0629 \u0645\u0633\u062a\u0642\u0644\u0629 \u0644\u0644\u0623\u0646\u0628\u0627\u0621 \u0627\u0644\u0639\u0627\u0645\u0629","publisher":{"@id":"https:\/\/lequotidien.mr\/#organization"},"potentialAction":[{"@type":"SearchAction","target":{"@type":"EntryPoint","urlTemplate":"https:\/\/lequotidien.mr\/?s={search_term_string}"},"query-input":{"@type":"PropertyValueSpecification","valueRequired":true,"valueName":"search_term_string"}}],"inLanguage":"ar"},{"@type":"Organization","@id":"https:\/\/lequotidien.mr\/#organization","name":"Le Quotidien de Nouakchott","url":"https:\/\/lequotidien.mr\/","logo":{"@type":"ImageObject","inLanguage":"ar","@id":"https:\/\/lequotidien.mr\/#\/schema\/logo\/image\/","url":"https:\/\/lequotidien.mr\/wp-content\/uploads\/2022\/11\/logolequotidien.jpg","contentUrl":"https:\/\/lequotidien.mr\/wp-content\/uploads\/2022\/11\/logolequotidien.jpg","width":290,"height":65,"caption":"Le Quotidien de Nouakchott"},"image":{"@id":"https:\/\/lequotidien.mr\/#\/schema\/logo\/image\/"},"sameAs":["https:\/\/web.facebook.com\/lequotidienmr","https:\/\/x.com\/lequotidienmr"]},{"@type":"Person","@id":"https:\/\/lequotidien.mr\/#\/schema\/person\/d2d350202a4d599685ed8abc25f97596","name":"Med Ahmed","image":{"@type":"ImageObject","inLanguage":"ar","@id":"https:\/\/secure.gravatar.com\/avatar\/fd2acc62ed50732923d1d39c17172c9b04149f142be92310ecc69e1358f94b52?s=96&d=mm&r=g","url":"https:\/\/secure.gravatar.com\/avatar\/fd2acc62ed50732923d1d39c17172c9b04149f142be92310ecc69e1358f94b52?s=96&d=mm&r=g","contentUrl":"https:\/\/secure.gravatar.com\/avatar\/fd2acc62ed50732923d1d39c17172c9b04149f142be92310ecc69e1358f94b52?s=96&d=mm&r=g","caption":"Med Ahmed"},"url":"https:\/\/lequotidien.mr\/?author=12"}]}},"_links":{"self":[{"href":"https:\/\/lequotidien.mr\/index.php?rest_route=\/wp\/v2\/posts\/30309","targetHints":{"allow":["GET"]}}],"collection":[{"href":"https:\/\/lequotidien.mr\/index.php?rest_route=\/wp\/v2\/posts"}],"about":[{"href":"https:\/\/lequotidien.mr\/index.php?rest_route=\/wp\/v2\/types\/post"}],"author":[{"embeddable":true,"href":"https:\/\/lequotidien.mr\/index.php?rest_route=\/wp\/v2\/users\/12"}],"replies":[{"embeddable":true,"href":"https:\/\/lequotidien.mr\/index.php?rest_route=%2Fwp%2Fv2%2Fcomments&post=30309"}],"version-history":[{"count":1,"href":"https:\/\/lequotidien.mr\/index.php?rest_route=\/wp\/v2\/posts\/30309\/revisions"}],"predecessor-version":[{"id":30311,"href":"https:\/\/lequotidien.mr\/index.php?rest_route=\/wp\/v2\/posts\/30309\/revisions\/30311"}],"wp:featuredmedia":[{"embeddable":true,"href":"https:\/\/lequotidien.mr\/index.php?rest_route=\/wp\/v2\/media\/30310"}],"wp:attachment":[{"href":"https:\/\/lequotidien.mr\/index.php?rest_route=%2Fwp%2Fv2%2Fmedia&parent=30309"}],"wp:term":[{"taxonomy":"category","embeddable":true,"href":"https:\/\/lequotidien.mr\/index.php?rest_route=%2Fwp%2Fv2%2Fcategories&post=30309"},{"taxonomy":"post_tag","embeddable":true,"href":"https:\/\/lequotidien.mr\/index.php?rest_route=%2Fwp%2Fv2%2Ftags&post=30309"}],"curies":[{"name":"wp","href":"https:\/\/api.w.org\/{rel}","templated":true}]}}