{"id":30280,"date":"2025-08-20T23:50:31","date_gmt":"2025-08-20T23:50:31","guid":{"rendered":"https:\/\/lequotidien.mr\/?p=30280"},"modified":"2025-08-20T23:50:31","modified_gmt":"2025-08-20T23:50:31","slug":"yokohama-japon-le-president-el-ghazouani-appelle-a-une-solidarite-internationale-renforcee-face-a-la-crise-des-refugies","status":"publish","type":"post","link":"https:\/\/lequotidien.mr\/?p=30280&lang=fr","title":{"rendered":"Yokohama\/Japon : Le Pr\u00e9sident El Ghazouani appelle \u00e0 une solidarit\u00e9 internationale renforc\u00e9e face \u00e0 la crise des r\u00e9fugi\u00e9s"},"content":{"rendered":"<p>\u00c0 l&#8217;occasion d\u2019un s\u00e9minaire de haut niveau organis\u00e9 \u00e0 Yokohama par l\u2019Agence japonaise de coop\u00e9ration internationale (JICA) et le Haut-Commissariat des Nations unies pour les r\u00e9fugi\u00e9s (HCR), Son Excellence le Pr\u00e9sident de la R\u00e9publique, Monsieur Mohamed Cheikh El Ghazouani, a livr\u00e9 un discours fort et empreint d\u2019humanit\u00e9 sur la situation des r\u00e9fugi\u00e9s en Mauritanie et sur les d\u00e9fis que cela pose \u00e0 l\u2019\u00e9chelle africaine et mondiale.<\/p>\n<p><strong>Une terre d\u2019accueil malgr\u00e9 des moyens limit\u00e9s<\/strong><\/p>\n<p data-start=\"625\" data-end=\"980\">Le Pr\u00e9sident El Ghazouani a rappel\u00e9 que la Mauritanie, connue pour sa stabilit\u00e9, son hospitalit\u00e9 et son attachement \u00e0 la paix, fait face depuis plusieurs ann\u00e9es \u00e0 un afflux croissant de r\u00e9fugi\u00e9s. Malgr\u00e9 ses ressources limit\u00e9es, le pays a choisi de maintenir ses portes ouvertes, en coh\u00e9rence avec les valeurs de solidarit\u00e9 africaine et de fraternit\u00e9 humaine.<\/p>\n<p data-start=\"982\" data-end=\"1194\"><em>\u00ab Nous avons fait le choix d&#8217;accueillir ceux qui fuient les violences et les pers\u00e9cutions, tout en poursuivant nos efforts pour assurer un d\u00e9veloppement durable \u00e0 notre population \u00bb<\/em>, a d\u00e9clar\u00e9 le Chef de l\u2019\u00c9tat.<\/p>\n<p data-start=\"1196\" data-end=\"1543\">La Mauritanie abrite aujourd\u2019hui plus de <strong data-start=\"1237\" data-end=\"1257\">309 000 r\u00e9fugi\u00e9s<\/strong>, dont <strong data-start=\"1264\" data-end=\"1283\">plus de 120 000<\/strong> dans le <strong data-start=\"1292\" data-end=\"1310\">camp de M\u2019bera<\/strong>, situ\u00e9 dans la r\u00e9gion du Hodh Charghi, qui a largement d\u00e9pass\u00e9 sa capacit\u00e9 initiale de 70 000 personnes. Ce camp est d\u00e9sormais <strong data-start=\"1438\" data-end=\"1504\">la deuxi\u00e8me plus grande agglom\u00e9ration du pays apr\u00e8s Nouakchott<\/strong>, illustrant l\u2019ampleur de la situation.<\/p>\n<p><strong>Des communaut\u00e9s d\u2019accueil g\u00e9n\u00e9reuses mais sous pression<\/strong><\/p>\n<p data-start=\"1606\" data-end=\"1928\">En plus du camp de M\u2019bera, <strong data-start=\"1633\" data-end=\"1712\">plus de 173 000 r\u00e9fugi\u00e9s vivent int\u00e9gr\u00e9s dans 76 communes \u00e0 travers le pays<\/strong>, souvent plus nombreux que les populations locales dans certains villages. Le Pr\u00e9sident Ghazouani a salu\u00e9 la solidarit\u00e9 exemplaire des communaut\u00e9s d\u2019accueil, tout en soulignant le <strong data-start=\"1893\" data-end=\"1907\">co\u00fbt \u00e9lev\u00e9<\/strong> de cette g\u00e9n\u00e9rosit\u00e9.<\/p>\n<p data-start=\"1930\" data-end=\"2128\">Il a alert\u00e9 sur l\u2019augmentation constante des besoins fondamentaux (eau, sant\u00e9, \u00e9ducation) face \u00e0 une diminution inqui\u00e9tante des ressources disponibles, appelant \u00e0 un soutien international accru.<\/p>\n<p><strong>Un appel pressant \u00e0 la responsabilit\u00e9 collective<\/strong><\/p>\n<p data-start=\"2184\" data-end=\"2442\">Le Pr\u00e9sident a profit\u00e9 de cette tribune internationale pour adresser un appel clair et urgent \u00e0 la communaut\u00e9 internationale<strong>.<\/strong> Il a insist\u00e9 sur le fait que la crise des r\u00e9fugi\u00e9s est un d\u00e9fi mondial et non une charge exclusive pour les pays d\u2019accueil.<\/p>\n<p data-start=\"2444\" data-end=\"2774\">\u00ab En 2024, le nombre de r\u00e9fugi\u00e9s dans le monde a d\u00e9pass\u00e9 les <strong data-start=\"2505\" data-end=\"2521\">120 millions<\/strong>. Et pourtant, les ressources mobilis\u00e9es pour les aider restent largement insuffisantes \u00bb, a-t-il d\u00e9nonc\u00e9. Cela aggrave la pr\u00e9carit\u00e9 des r\u00e9fugi\u00e9s, augmente la pression sur les pays d\u2019accueil et freine les efforts pour garantir leurs droits fondamentaux.<\/p>\n<p data-start=\"2776\" data-end=\"3012\">Le Pr\u00e9sident Ghazouani a \u00e9galement soulign\u00e9 la n\u00e9cessit\u00e9 d\u2019agir sur les causes profondes de l\u2019exil, telles que les conflits arm\u00e9s, l\u2019ins\u00e9curit\u00e9 et l\u2019injustice, appelant \u00e0 une mobilisation collective pour pr\u00e9venir ces drames humains.<\/p>\n<p>Enfin, le Pr\u00e9sident a salu\u00e9 l\u2019organisation du s\u00e9minaire comme une opportunit\u00e9 importante de dialogue et de r\u00e9flexion, exprimant l\u2019espoir que cette rencontre permettra de renforcer les services de base, soutenir les communaut\u00e9s d\u2019accueil et b\u00e2tir une r\u00e9ponse humanitaire plus \u00e9quitable et plus efficace.<\/p>\n<p data-start=\"3378\" data-end=\"3692\">\u00c0 travers cette intervention, le Pr\u00e9sident Mohamed Cheikh El Ghazouani a port\u00e9 haut la voix de la Mauritanie sur la sc\u00e8ne internationale, r\u00e9affirmant son engagement humanitaire, tout en exhortant le monde \u00e0 ne pas d\u00e9tourner le regard de la r\u00e9alit\u00e9 v\u00e9cue par des millions de r\u00e9fugi\u00e9s en Afrique et ailleurs.<\/p>\n","protected":false},"excerpt":{"rendered":"<p>\u00c0 l&#8217;occasion d\u2019un s\u00e9minaire de haut niveau organis\u00e9 \u00e0 Yokohama par l\u2019Agence japonaise de coop\u00e9ration internationale (JICA) et le Haut-Commissariat des Nations unies pour les r\u00e9fugi\u00e9s (HCR), Son Excellence le Pr\u00e9sident de la R\u00e9publique, Monsieur Mohamed Cheikh El Ghazouani, a livr\u00e9 un discours fort et empreint d\u2019humanit\u00e9 sur la situation des r\u00e9fugi\u00e9s en Mauritanie et&#8230;..<\/p>\n","protected":false},"author":12,"featured_media":30281,"comment_status":"open","ping_status":"open","sticky":false,"template":"","format":"standard","meta":{"footnotes":""},"categories":[23,49],"tags":[],"class_list":["post-30280","post","type-post","status-publish","format-standard","has-post-thumbnail","hentry","category-actualite","category-economie"],"yoast_head":"<!-- This site is optimized with the Yoast SEO plugin v27.5 - https:\/\/yoast.com\/product\/yoast-seo-wordpress\/ -->\n<title>Yokohama\/Japon : Le Pr\u00e9sident El Ghazouani appelle \u00e0 une solidarit\u00e9 internationale renforc\u00e9e face \u00e0 la crise des r\u00e9fugi\u00e9s - Le Quotidien de Nouakchott<\/title>\n<meta name=\"robots\" content=\"index, follow, max-snippet:-1, max-image-preview:large, max-video-preview:-1\" \/>\n<link rel=\"canonical\" href=\"https:\/\/lequotidien.mr\/?p=30280&lang=fr\" \/>\n<meta property=\"og:locale\" content=\"ar_AR\" \/>\n<meta property=\"og:type\" content=\"article\" \/>\n<meta property=\"og:title\" content=\"Yokohama\/Japon : Le Pr\u00e9sident El Ghazouani appelle \u00e0 une solidarit\u00e9 internationale renforc\u00e9e face \u00e0 la crise des r\u00e9fugi\u00e9s - Le Quotidien de Nouakchott\" \/>\n<meta property=\"og:description\" content=\"\u00c0 l&#8217;occasion d\u2019un s\u00e9minaire de haut niveau organis\u00e9 \u00e0 Yokohama par l\u2019Agence japonaise de coop\u00e9ration internationale (JICA) et le Haut-Commissariat des Nations unies pour les r\u00e9fugi\u00e9s (HCR), Son Excellence le Pr\u00e9sident de la R\u00e9publique, Monsieur Mohamed Cheikh El Ghazouani, a livr\u00e9 un discours fort et empreint d\u2019humanit\u00e9 sur la situation des r\u00e9fugi\u00e9s en Mauritanie et.....\" \/>\n<meta property=\"og:url\" content=\"https:\/\/lequotidien.mr\/?p=30280&amp;lang=fr\" \/>\n<meta property=\"og:site_name\" content=\"Le Quotidien de Nouakchott\" \/>\n<meta property=\"article:publisher\" content=\"https:\/\/web.facebook.com\/lequotidienmr\" \/>\n<meta property=\"article:published_time\" content=\"2025-08-20T23:50:31+00:00\" \/>\n<meta property=\"og:image\" content=\"https:\/\/lequotidien.mr\/wp-content\/uploads\/2025\/08\/photo-Ghazouani-Japon.jpg\" \/>\n\t<meta property=\"og:image:width\" content=\"750\" \/>\n\t<meta property=\"og:image:height\" content=\"430\" \/>\n\t<meta property=\"og:image:type\" content=\"image\/jpeg\" \/>\n<meta name=\"author\" content=\"Med Ahmed\" \/>\n<meta name=\"twitter:card\" content=\"summary_large_image\" \/>\n<meta name=\"twitter:creator\" content=\"@lequotidienmr\" \/>\n<meta name=\"twitter:site\" content=\"@lequotidienmr\" \/>\n<meta name=\"twitter:label1\" content=\"\u0643\u064f\u062a\u0628 \u0628\u0648\u0627\u0633\u0637\u0629\" \/>\n\t<meta name=\"twitter:data1\" content=\"Med Ahmed\" \/>\n\t<meta name=\"twitter:label2\" content=\"\u0648\u0642\u062a \u0627\u0644\u0642\u0631\u0627\u0621\u0629 \u0627\u0644\u0645\u064f\u0642\u062f\u0651\u0631\" \/>\n\t<meta name=\"twitter:data2\" content=\"5 \u062f\u0642\u0627\u0626\u0642\" \/>\n<script type=\"application\/ld+json\" class=\"yoast-schema-graph\">{\"@context\":\"https:\\\/\\\/schema.org\",\"@graph\":[{\"@type\":\"Article\",\"@id\":\"https:\\\/\\\/lequotidien.mr\\\/?p=30280&lang=fr#article\",\"isPartOf\":{\"@id\":\"https:\\\/\\\/lequotidien.mr\\\/?p=30280&lang=fr\"},\"author\":{\"name\":\"Med Ahmed\",\"@id\":\"https:\\\/\\\/lequotidien.mr\\\/#\\\/schema\\\/person\\\/d2d350202a4d599685ed8abc25f97596\"},\"headline\":\"Yokohama\\\/Japon : Le Pr\u00e9sident El Ghazouani appelle \u00e0 une solidarit\u00e9 internationale renforc\u00e9e face \u00e0 la crise des r\u00e9fugi\u00e9s\",\"datePublished\":\"2025-08-20T23:50:31+00:00\",\"mainEntityOfPage\":{\"@id\":\"https:\\\/\\\/lequotidien.mr\\\/?p=30280&lang=fr\"},\"wordCount\":616,\"commentCount\":0,\"publisher\":{\"@id\":\"https:\\\/\\\/lequotidien.mr\\\/#organization\"},\"image\":{\"@id\":\"https:\\\/\\\/lequotidien.mr\\\/?p=30280&lang=fr#primaryimage\"},\"thumbnailUrl\":\"https:\\\/\\\/lequotidien.mr\\\/wp-content\\\/uploads\\\/2025\\\/08\\\/photo-Ghazouani-Japon.jpg\",\"articleSection\":[\"ACTUALIT\u00c9\",\"Economie\"],\"inLanguage\":\"ar\",\"potentialAction\":[{\"@type\":\"CommentAction\",\"name\":\"Comment\",\"target\":[\"https:\\\/\\\/lequotidien.mr\\\/?p=30280&lang=fr#respond\"]}]},{\"@type\":\"WebPage\",\"@id\":\"https:\\\/\\\/lequotidien.mr\\\/?p=30280&lang=fr\",\"url\":\"https:\\\/\\\/lequotidien.mr\\\/?p=30280&lang=fr\",\"name\":\"Yokohama\\\/Japon : Le Pr\u00e9sident El Ghazouani appelle \u00e0 une solidarit\u00e9 internationale renforc\u00e9e face \u00e0 la crise des r\u00e9fugi\u00e9s - Le Quotidien de Nouakchott\",\"isPartOf\":{\"@id\":\"https:\\\/\\\/lequotidien.mr\\\/#website\"},\"primaryImageOfPage\":{\"@id\":\"https:\\\/\\\/lequotidien.mr\\\/?p=30280&lang=fr#primaryimage\"},\"image\":{\"@id\":\"https:\\\/\\\/lequotidien.mr\\\/?p=30280&lang=fr#primaryimage\"},\"thumbnailUrl\":\"https:\\\/\\\/lequotidien.mr\\\/wp-content\\\/uploads\\\/2025\\\/08\\\/photo-Ghazouani-Japon.jpg\",\"datePublished\":\"2025-08-20T23:50:31+00:00\",\"breadcrumb\":{\"@id\":\"https:\\\/\\\/lequotidien.mr\\\/?p=30280&lang=fr#breadcrumb\"},\"inLanguage\":\"ar\",\"potentialAction\":[{\"@type\":\"ReadAction\",\"target\":[\"https:\\\/\\\/lequotidien.mr\\\/?p=30280&lang=fr\"]}]},{\"@type\":\"ImageObject\",\"inLanguage\":\"ar\",\"@id\":\"https:\\\/\\\/lequotidien.mr\\\/?p=30280&lang=fr#primaryimage\",\"url\":\"https:\\\/\\\/lequotidien.mr\\\/wp-content\\\/uploads\\\/2025\\\/08\\\/photo-Ghazouani-Japon.jpg\",\"contentUrl\":\"https:\\\/\\\/lequotidien.mr\\\/wp-content\\\/uploads\\\/2025\\\/08\\\/photo-Ghazouani-Japon.jpg\",\"width\":750,\"height\":430},{\"@type\":\"BreadcrumbList\",\"@id\":\"https:\\\/\\\/lequotidien.mr\\\/?p=30280&lang=fr#breadcrumb\",\"itemListElement\":[{\"@type\":\"ListItem\",\"position\":1,\"name\":\"Home\",\"item\":\"https:\\\/\\\/lequotidien.mr\\\/\"},{\"@type\":\"ListItem\",\"position\":2,\"name\":\"Yokohama\\\/Japon : Le Pr\u00e9sident El Ghazouani appelle \u00e0 une solidarit\u00e9 internationale renforc\u00e9e face \u00e0 la crise des r\u00e9fugi\u00e9s\"}]},{\"@type\":\"WebSite\",\"@id\":\"https:\\\/\\\/lequotidien.mr\\\/#website\",\"url\":\"https:\\\/\\\/lequotidien.mr\\\/\",\"name\":\"Le Quotidien de Nouakchott\",\"description\":\"\u0625\u062e\u0628\u0627\u0631\u064a\u0629 \u0645\u0633\u062a\u0642\u0644\u0629 \u0644\u0644\u0623\u0646\u0628\u0627\u0621 \u0627\u0644\u0639\u0627\u0645\u0629\",\"publisher\":{\"@id\":\"https:\\\/\\\/lequotidien.mr\\\/#organization\"},\"potentialAction\":[{\"@type\":\"SearchAction\",\"target\":{\"@type\":\"EntryPoint\",\"urlTemplate\":\"https:\\\/\\\/lequotidien.mr\\\/?s={search_term_string}\"},\"query-input\":{\"@type\":\"PropertyValueSpecification\",\"valueRequired\":true,\"valueName\":\"search_term_string\"}}],\"inLanguage\":\"ar\"},{\"@type\":\"Organization\",\"@id\":\"https:\\\/\\\/lequotidien.mr\\\/#organization\",\"name\":\"Le Quotidien de Nouakchott\",\"url\":\"https:\\\/\\\/lequotidien.mr\\\/\",\"logo\":{\"@type\":\"ImageObject\",\"inLanguage\":\"ar\",\"@id\":\"https:\\\/\\\/lequotidien.mr\\\/#\\\/schema\\\/logo\\\/image\\\/\",\"url\":\"https:\\\/\\\/lequotidien.mr\\\/wp-content\\\/uploads\\\/2022\\\/11\\\/logolequotidien.jpg\",\"contentUrl\":\"https:\\\/\\\/lequotidien.mr\\\/wp-content\\\/uploads\\\/2022\\\/11\\\/logolequotidien.jpg\",\"width\":290,\"height\":65,\"caption\":\"Le Quotidien de Nouakchott\"},\"image\":{\"@id\":\"https:\\\/\\\/lequotidien.mr\\\/#\\\/schema\\\/logo\\\/image\\\/\"},\"sameAs\":[\"https:\\\/\\\/web.facebook.com\\\/lequotidienmr\",\"https:\\\/\\\/x.com\\\/lequotidienmr\"]},{\"@type\":\"Person\",\"@id\":\"https:\\\/\\\/lequotidien.mr\\\/#\\\/schema\\\/person\\\/d2d350202a4d599685ed8abc25f97596\",\"name\":\"Med Ahmed\",\"image\":{\"@type\":\"ImageObject\",\"inLanguage\":\"ar\",\"@id\":\"https:\\\/\\\/secure.gravatar.com\\\/avatar\\\/fd2acc62ed50732923d1d39c17172c9b04149f142be92310ecc69e1358f94b52?s=96&d=mm&r=g\",\"url\":\"https:\\\/\\\/secure.gravatar.com\\\/avatar\\\/fd2acc62ed50732923d1d39c17172c9b04149f142be92310ecc69e1358f94b52?s=96&d=mm&r=g\",\"contentUrl\":\"https:\\\/\\\/secure.gravatar.com\\\/avatar\\\/fd2acc62ed50732923d1d39c17172c9b04149f142be92310ecc69e1358f94b52?s=96&d=mm&r=g\",\"caption\":\"Med Ahmed\"},\"url\":\"https:\\\/\\\/lequotidien.mr\\\/?author=12\"}]}<\/script>\n<!-- \/ Yoast SEO plugin. -->","yoast_head_json":{"title":"Yokohama\/Japon : Le Pr\u00e9sident El Ghazouani appelle \u00e0 une solidarit\u00e9 internationale renforc\u00e9e face \u00e0 la crise des r\u00e9fugi\u00e9s - Le Quotidien de Nouakchott","robots":{"index":"index","follow":"follow","max-snippet":"max-snippet:-1","max-image-preview":"max-image-preview:large","max-video-preview":"max-video-preview:-1"},"canonical":"https:\/\/lequotidien.mr\/?p=30280&lang=fr","og_locale":"ar_AR","og_type":"article","og_title":"Yokohama\/Japon : Le Pr\u00e9sident El Ghazouani appelle \u00e0 une solidarit\u00e9 internationale renforc\u00e9e face \u00e0 la crise des r\u00e9fugi\u00e9s - Le Quotidien de Nouakchott","og_description":"\u00c0 l&#8217;occasion d\u2019un s\u00e9minaire de haut niveau organis\u00e9 \u00e0 Yokohama par l\u2019Agence japonaise de coop\u00e9ration internationale (JICA) et le Haut-Commissariat des Nations unies pour les r\u00e9fugi\u00e9s (HCR), Son Excellence le Pr\u00e9sident de la R\u00e9publique, Monsieur Mohamed Cheikh El Ghazouani, a livr\u00e9 un discours fort et empreint d\u2019humanit\u00e9 sur la situation des r\u00e9fugi\u00e9s en Mauritanie et.....","og_url":"https:\/\/lequotidien.mr\/?p=30280&lang=fr","og_site_name":"Le Quotidien de Nouakchott","article_publisher":"https:\/\/web.facebook.com\/lequotidienmr","article_published_time":"2025-08-20T23:50:31+00:00","og_image":[{"width":750,"height":430,"url":"https:\/\/lequotidien.mr\/wp-content\/uploads\/2025\/08\/photo-Ghazouani-Japon.jpg","type":"image\/jpeg"}],"author":"Med Ahmed","twitter_card":"summary_large_image","twitter_creator":"@lequotidienmr","twitter_site":"@lequotidienmr","twitter_misc":{"\u0643\u064f\u062a\u0628 \u0628\u0648\u0627\u0633\u0637\u0629":"Med Ahmed","\u0648\u0642\u062a \u0627\u0644\u0642\u0631\u0627\u0621\u0629 \u0627\u0644\u0645\u064f\u0642\u062f\u0651\u0631":"5 \u062f\u0642\u0627\u0626\u0642"},"schema":{"@context":"https:\/\/schema.org","@graph":[{"@type":"Article","@id":"https:\/\/lequotidien.mr\/?p=30280&lang=fr#article","isPartOf":{"@id":"https:\/\/lequotidien.mr\/?p=30280&lang=fr"},"author":{"name":"Med Ahmed","@id":"https:\/\/lequotidien.mr\/#\/schema\/person\/d2d350202a4d599685ed8abc25f97596"},"headline":"Yokohama\/Japon : Le Pr\u00e9sident El Ghazouani appelle \u00e0 une solidarit\u00e9 internationale renforc\u00e9e face \u00e0 la crise des r\u00e9fugi\u00e9s","datePublished":"2025-08-20T23:50:31+00:00","mainEntityOfPage":{"@id":"https:\/\/lequotidien.mr\/?p=30280&lang=fr"},"wordCount":616,"commentCount":0,"publisher":{"@id":"https:\/\/lequotidien.mr\/#organization"},"image":{"@id":"https:\/\/lequotidien.mr\/?p=30280&lang=fr#primaryimage"},"thumbnailUrl":"https:\/\/lequotidien.mr\/wp-content\/uploads\/2025\/08\/photo-Ghazouani-Japon.jpg","articleSection":["ACTUALIT\u00c9","Economie"],"inLanguage":"ar","potentialAction":[{"@type":"CommentAction","name":"Comment","target":["https:\/\/lequotidien.mr\/?p=30280&lang=fr#respond"]}]},{"@type":"WebPage","@id":"https:\/\/lequotidien.mr\/?p=30280&lang=fr","url":"https:\/\/lequotidien.mr\/?p=30280&lang=fr","name":"Yokohama\/Japon : Le Pr\u00e9sident El Ghazouani appelle \u00e0 une solidarit\u00e9 internationale renforc\u00e9e face \u00e0 la crise des r\u00e9fugi\u00e9s - Le Quotidien de Nouakchott","isPartOf":{"@id":"https:\/\/lequotidien.mr\/#website"},"primaryImageOfPage":{"@id":"https:\/\/lequotidien.mr\/?p=30280&lang=fr#primaryimage"},"image":{"@id":"https:\/\/lequotidien.mr\/?p=30280&lang=fr#primaryimage"},"thumbnailUrl":"https:\/\/lequotidien.mr\/wp-content\/uploads\/2025\/08\/photo-Ghazouani-Japon.jpg","datePublished":"2025-08-20T23:50:31+00:00","breadcrumb":{"@id":"https:\/\/lequotidien.mr\/?p=30280&lang=fr#breadcrumb"},"inLanguage":"ar","potentialAction":[{"@type":"ReadAction","target":["https:\/\/lequotidien.mr\/?p=30280&lang=fr"]}]},{"@type":"ImageObject","inLanguage":"ar","@id":"https:\/\/lequotidien.mr\/?p=30280&lang=fr#primaryimage","url":"https:\/\/lequotidien.mr\/wp-content\/uploads\/2025\/08\/photo-Ghazouani-Japon.jpg","contentUrl":"https:\/\/lequotidien.mr\/wp-content\/uploads\/2025\/08\/photo-Ghazouani-Japon.jpg","width":750,"height":430},{"@type":"BreadcrumbList","@id":"https:\/\/lequotidien.mr\/?p=30280&lang=fr#breadcrumb","itemListElement":[{"@type":"ListItem","position":1,"name":"Home","item":"https:\/\/lequotidien.mr\/"},{"@type":"ListItem","position":2,"name":"Yokohama\/Japon : Le Pr\u00e9sident El Ghazouani appelle \u00e0 une solidarit\u00e9 internationale renforc\u00e9e face \u00e0 la crise des r\u00e9fugi\u00e9s"}]},{"@type":"WebSite","@id":"https:\/\/lequotidien.mr\/#website","url":"https:\/\/lequotidien.mr\/","name":"Le Quotidien de Nouakchott","description":"\u0625\u062e\u0628\u0627\u0631\u064a\u0629 \u0645\u0633\u062a\u0642\u0644\u0629 \u0644\u0644\u0623\u0646\u0628\u0627\u0621 \u0627\u0644\u0639\u0627\u0645\u0629","publisher":{"@id":"https:\/\/lequotidien.mr\/#organization"},"potentialAction":[{"@type":"SearchAction","target":{"@type":"EntryPoint","urlTemplate":"https:\/\/lequotidien.mr\/?s={search_term_string}"},"query-input":{"@type":"PropertyValueSpecification","valueRequired":true,"valueName":"search_term_string"}}],"inLanguage":"ar"},{"@type":"Organization","@id":"https:\/\/lequotidien.mr\/#organization","name":"Le Quotidien de Nouakchott","url":"https:\/\/lequotidien.mr\/","logo":{"@type":"ImageObject","inLanguage":"ar","@id":"https:\/\/lequotidien.mr\/#\/schema\/logo\/image\/","url":"https:\/\/lequotidien.mr\/wp-content\/uploads\/2022\/11\/logolequotidien.jpg","contentUrl":"https:\/\/lequotidien.mr\/wp-content\/uploads\/2022\/11\/logolequotidien.jpg","width":290,"height":65,"caption":"Le Quotidien de Nouakchott"},"image":{"@id":"https:\/\/lequotidien.mr\/#\/schema\/logo\/image\/"},"sameAs":["https:\/\/web.facebook.com\/lequotidienmr","https:\/\/x.com\/lequotidienmr"]},{"@type":"Person","@id":"https:\/\/lequotidien.mr\/#\/schema\/person\/d2d350202a4d599685ed8abc25f97596","name":"Med Ahmed","image":{"@type":"ImageObject","inLanguage":"ar","@id":"https:\/\/secure.gravatar.com\/avatar\/fd2acc62ed50732923d1d39c17172c9b04149f142be92310ecc69e1358f94b52?s=96&d=mm&r=g","url":"https:\/\/secure.gravatar.com\/avatar\/fd2acc62ed50732923d1d39c17172c9b04149f142be92310ecc69e1358f94b52?s=96&d=mm&r=g","contentUrl":"https:\/\/secure.gravatar.com\/avatar\/fd2acc62ed50732923d1d39c17172c9b04149f142be92310ecc69e1358f94b52?s=96&d=mm&r=g","caption":"Med Ahmed"},"url":"https:\/\/lequotidien.mr\/?author=12"}]}},"_links":{"self":[{"href":"https:\/\/lequotidien.mr\/index.php?rest_route=\/wp\/v2\/posts\/30280","targetHints":{"allow":["GET"]}}],"collection":[{"href":"https:\/\/lequotidien.mr\/index.php?rest_route=\/wp\/v2\/posts"}],"about":[{"href":"https:\/\/lequotidien.mr\/index.php?rest_route=\/wp\/v2\/types\/post"}],"author":[{"embeddable":true,"href":"https:\/\/lequotidien.mr\/index.php?rest_route=\/wp\/v2\/users\/12"}],"replies":[{"embeddable":true,"href":"https:\/\/lequotidien.mr\/index.php?rest_route=%2Fwp%2Fv2%2Fcomments&post=30280"}],"version-history":[{"count":1,"href":"https:\/\/lequotidien.mr\/index.php?rest_route=\/wp\/v2\/posts\/30280\/revisions"}],"predecessor-version":[{"id":30282,"href":"https:\/\/lequotidien.mr\/index.php?rest_route=\/wp\/v2\/posts\/30280\/revisions\/30282"}],"wp:featuredmedia":[{"embeddable":true,"href":"https:\/\/lequotidien.mr\/index.php?rest_route=\/wp\/v2\/media\/30281"}],"wp:attachment":[{"href":"https:\/\/lequotidien.mr\/index.php?rest_route=%2Fwp%2Fv2%2Fmedia&parent=30280"}],"wp:term":[{"taxonomy":"category","embeddable":true,"href":"https:\/\/lequotidien.mr\/index.php?rest_route=%2Fwp%2Fv2%2Fcategories&post=30280"},{"taxonomy":"post_tag","embeddable":true,"href":"https:\/\/lequotidien.mr\/index.php?rest_route=%2Fwp%2Fv2%2Ftags&post=30280"}],"curies":[{"name":"wp","href":"https:\/\/api.w.org\/{rel}","templated":true}]}}