{"id":30277,"date":"2025-08-20T23:31:19","date_gmt":"2025-08-20T23:31:19","guid":{"rendered":"https:\/\/lequotidien.mr\/?p=30277"},"modified":"2025-08-20T23:31:19","modified_gmt":"2025-08-20T23:31:19","slug":"le-president-el-ghazouani-conclut-une-visite-fructueuse-au-japon-rencontre-avec-les-parlementaires-amis-de-lafrique-et-avancees-diplomatiques-majeures","status":"publish","type":"post","link":"https:\/\/lequotidien.mr\/?p=30277&lang=fr","title":{"rendered":"Le Pr\u00e9sident El Ghazouani conclut une visite fructueuse au Japon : Rencontre avec les &#8220;Parlementaires amis de l\u2019Afrique&#8221; et avanc\u00e9es diplomatiques majeures"},"content":{"rendered":"<p>En marge de sa participation \u00e0 la neuvi\u00e8me \u00e9dition de la Conf\u00e9rence internationale de Tokyo sur le d\u00e9veloppement de l\u2019Afrique (TICAD 9), qui se tient \u00e0 Yokohama, le Pr\u00e9sident de la R\u00e9publique, Monsieur Mohamed Cheikh El Ghazouani, a rencontr\u00e9 mercredi une d\u00e9l\u00e9gation du groupe des \u00ab Parlementaires amis de l\u2019Afrique \u00bb. Cette rencontre s&#8217;inscrit dans une s\u00e9rie d&#8217;\u00e9changes strat\u00e9giques men\u00e9s par le Chef de l\u2019\u00c9tat dans le cadre de son d\u00e9placement officiel au Japon.<\/p>\n<p><strong>Renforcement du dialogue parlementaire avec le Japon<\/strong><\/p>\n<p data-start=\"696\" data-end=\"1160\">La r\u00e9union avec les \u00ab Parlementaires amis de l\u2019Afrique \u00bb a permis de discuter des moyens de renforcer la coop\u00e9ration parlementaire entre la Mauritanie et le Japon, en favorisant un dialogue politique constructif et un appui accru aux projets de d\u00e9veloppement communs. Ces \u00e9changes t\u00e9moignent de l\u2019int\u00e9r\u00eat croissant des responsables japonais pour le continent africain, et en particulier pour la Mauritanie, en tant que partenaire strat\u00e9gique en Afrique de l\u2019Ouest.<\/p>\n<p><strong>Une visite diplomatique et \u00e9conomique de haut niveau<\/strong><\/p>\n<p data-start=\"1220\" data-end=\"1841\">La participation du Pr\u00e9sident El Ghazouani \u00e0 la TICAD 9 a \u00e9t\u00e9 marqu\u00e9e par une intense activit\u00e9 diplomatique. Le Chef de l\u2019\u00c9tat a encha\u00een\u00e9 des r\u00e9unions bilat\u00e9rales avec de hauts responsables japonais et internationaux, dont le pr\u00e9sident de l\u2019Agence japonaise de coop\u00e9ration internationale (JICA), des chefs d\u2019entreprise, ainsi que des leaders politiques. Ces rencontres ont permis d\u2019approfondir les relations bilat\u00e9rales entre la Mauritanie et le Japon, d\u2019ouvrir de nouvelles pistes de coop\u00e9ration \u00e9conomique, et de signer des accords majeurs, notamment dans les domaines de l\u2019eau, des infrastructures et de l\u2019investissement.<\/p>\n<p>Le Pr\u00e9sident de la R\u00e9publique a conclu jeudi sa visite officielle au Japon et a pris le chemin du retour vers Nouakchott. Cette mission, men\u00e9e dans le cadre de la TICAD 9, repr\u00e9sente une avanc\u00e9e notable pour la diplomatie mauritanienne. Elle a renforc\u00e9 la visibilit\u00e9 et la cr\u00e9dibilit\u00e9 de la Mauritanie sur la sc\u00e8ne internationale et jet\u00e9 les bases d\u2019un partenariat renouvel\u00e9 et ambitieux avec le Japon.<\/p>\n<p data-start=\"2298\" data-end=\"2518\">Par son engagement actif et sa diplomatie pragmatique, le Pr\u00e9sident El Ghazouani confirme la volont\u00e9 de la Mauritanie de s\u2019impliquer pleinement dans les grandes dynamiques internationales de d\u00e9veloppement et de coop\u00e9ration.<\/p>\n<p>&nbsp;<\/p>\n","protected":false},"excerpt":{"rendered":"<p>En marge de sa participation \u00e0 la neuvi\u00e8me \u00e9dition de la Conf\u00e9rence internationale de Tokyo sur le d\u00e9veloppement de l\u2019Afrique (TICAD 9), qui se tient \u00e0 Yokohama, le Pr\u00e9sident de la R\u00e9publique, Monsieur Mohamed Cheikh El Ghazouani, a rencontr\u00e9 mercredi une d\u00e9l\u00e9gation du groupe des \u00ab Parlementaires amis de l\u2019Afrique \u00bb. Cette rencontre s&#8217;inscrit dans&#8230;..<\/p>\n","protected":false},"author":12,"featured_media":30278,"comment_status":"open","ping_status":"open","sticky":false,"template":"","format":"standard","meta":{"footnotes":""},"categories":[23,49],"tags":[],"class_list":["post-30277","post","type-post","status-publish","format-standard","has-post-thumbnail","hentry","category-actualite","category-economie"],"yoast_head":"<!-- This site is optimized with the Yoast SEO plugin v27.5 - https:\/\/yoast.com\/product\/yoast-seo-wordpress\/ -->\n<title>Le Pr\u00e9sident El Ghazouani conclut une visite fructueuse au Japon : Rencontre avec les &quot;Parlementaires amis de l\u2019Afrique&quot; et avanc\u00e9es diplomatiques majeures - Le Quotidien de Nouakchott<\/title>\n<meta name=\"robots\" content=\"index, follow, max-snippet:-1, max-image-preview:large, max-video-preview:-1\" \/>\n<link rel=\"canonical\" href=\"https:\/\/lequotidien.mr\/?p=30277&lang=fr\" \/>\n<meta property=\"og:locale\" content=\"ar_AR\" \/>\n<meta property=\"og:type\" content=\"article\" \/>\n<meta property=\"og:title\" content=\"Le Pr\u00e9sident El Ghazouani conclut une visite fructueuse au Japon : Rencontre avec les &quot;Parlementaires amis de l\u2019Afrique&quot; et avanc\u00e9es diplomatiques majeures - Le Quotidien de Nouakchott\" \/>\n<meta property=\"og:description\" content=\"En marge de sa participation \u00e0 la neuvi\u00e8me \u00e9dition de la Conf\u00e9rence internationale de Tokyo sur le d\u00e9veloppement de l\u2019Afrique (TICAD 9), qui se tient \u00e0 Yokohama, le Pr\u00e9sident de la R\u00e9publique, Monsieur Mohamed Cheikh El Ghazouani, a rencontr\u00e9 mercredi une d\u00e9l\u00e9gation du groupe des \u00ab Parlementaires amis de l\u2019Afrique \u00bb. Cette rencontre s&#8217;inscrit dans.....\" \/>\n<meta property=\"og:url\" content=\"https:\/\/lequotidien.mr\/?p=30277&amp;lang=fr\" \/>\n<meta property=\"og:site_name\" content=\"Le Quotidien de Nouakchott\" \/>\n<meta property=\"article:publisher\" content=\"https:\/\/web.facebook.com\/lequotidienmr\" \/>\n<meta property=\"article:published_time\" content=\"2025-08-20T23:31:19+00:00\" \/>\n<meta property=\"og:image\" content=\"https:\/\/lequotidien.mr\/wp-content\/uploads\/2025\/08\/photo-palmtaires-amis-Afrique.jpg\" \/>\n\t<meta property=\"og:image:width\" content=\"750\" \/>\n\t<meta property=\"og:image:height\" content=\"430\" \/>\n\t<meta property=\"og:image:type\" content=\"image\/jpeg\" \/>\n<meta name=\"author\" content=\"Med Ahmed\" \/>\n<meta name=\"twitter:card\" content=\"summary_large_image\" \/>\n<meta name=\"twitter:creator\" content=\"@lequotidienmr\" \/>\n<meta name=\"twitter:site\" content=\"@lequotidienmr\" \/>\n<meta name=\"twitter:label1\" content=\"\u0643\u064f\u062a\u0628 \u0628\u0648\u0627\u0633\u0637\u0629\" \/>\n\t<meta name=\"twitter:data1\" content=\"Med Ahmed\" \/>\n\t<meta name=\"twitter:label2\" content=\"\u0648\u0642\u062a \u0627\u0644\u0642\u0631\u0627\u0621\u0629 \u0627\u0644\u0645\u064f\u0642\u062f\u0651\u0631\" \/>\n\t<meta name=\"twitter:data2\" content=\"3 \u062f\u0642\u0627\u0626\u0642\" \/>\n<script type=\"application\/ld+json\" class=\"yoast-schema-graph\">{\"@context\":\"https:\\\/\\\/schema.org\",\"@graph\":[{\"@type\":\"Article\",\"@id\":\"https:\\\/\\\/lequotidien.mr\\\/?p=30277&lang=fr#article\",\"isPartOf\":{\"@id\":\"https:\\\/\\\/lequotidien.mr\\\/?p=30277&lang=fr\"},\"author\":{\"name\":\"Med Ahmed\",\"@id\":\"https:\\\/\\\/lequotidien.mr\\\/#\\\/schema\\\/person\\\/d2d350202a4d599685ed8abc25f97596\"},\"headline\":\"Le Pr\u00e9sident El Ghazouani conclut une visite fructueuse au Japon : Rencontre avec les &#8220;Parlementaires amis de l\u2019Afrique&#8221; et avanc\u00e9es diplomatiques majeures\",\"datePublished\":\"2025-08-20T23:31:19+00:00\",\"mainEntityOfPage\":{\"@id\":\"https:\\\/\\\/lequotidien.mr\\\/?p=30277&lang=fr\"},\"wordCount\":416,\"commentCount\":0,\"publisher\":{\"@id\":\"https:\\\/\\\/lequotidien.mr\\\/#organization\"},\"image\":{\"@id\":\"https:\\\/\\\/lequotidien.mr\\\/?p=30277&lang=fr#primaryimage\"},\"thumbnailUrl\":\"https:\\\/\\\/lequotidien.mr\\\/wp-content\\\/uploads\\\/2025\\\/08\\\/photo-palmtaires-amis-Afrique.jpg\",\"articleSection\":[\"ACTUALIT\u00c9\",\"Economie\"],\"inLanguage\":\"ar\",\"potentialAction\":[{\"@type\":\"CommentAction\",\"name\":\"Comment\",\"target\":[\"https:\\\/\\\/lequotidien.mr\\\/?p=30277&lang=fr#respond\"]}]},{\"@type\":\"WebPage\",\"@id\":\"https:\\\/\\\/lequotidien.mr\\\/?p=30277&lang=fr\",\"url\":\"https:\\\/\\\/lequotidien.mr\\\/?p=30277&lang=fr\",\"name\":\"Le Pr\u00e9sident El Ghazouani conclut une visite fructueuse au Japon : Rencontre avec les \\\"Parlementaires amis de l\u2019Afrique\\\" et avanc\u00e9es diplomatiques majeures - Le Quotidien de Nouakchott\",\"isPartOf\":{\"@id\":\"https:\\\/\\\/lequotidien.mr\\\/#website\"},\"primaryImageOfPage\":{\"@id\":\"https:\\\/\\\/lequotidien.mr\\\/?p=30277&lang=fr#primaryimage\"},\"image\":{\"@id\":\"https:\\\/\\\/lequotidien.mr\\\/?p=30277&lang=fr#primaryimage\"},\"thumbnailUrl\":\"https:\\\/\\\/lequotidien.mr\\\/wp-content\\\/uploads\\\/2025\\\/08\\\/photo-palmtaires-amis-Afrique.jpg\",\"datePublished\":\"2025-08-20T23:31:19+00:00\",\"breadcrumb\":{\"@id\":\"https:\\\/\\\/lequotidien.mr\\\/?p=30277&lang=fr#breadcrumb\"},\"inLanguage\":\"ar\",\"potentialAction\":[{\"@type\":\"ReadAction\",\"target\":[\"https:\\\/\\\/lequotidien.mr\\\/?p=30277&lang=fr\"]}]},{\"@type\":\"ImageObject\",\"inLanguage\":\"ar\",\"@id\":\"https:\\\/\\\/lequotidien.mr\\\/?p=30277&lang=fr#primaryimage\",\"url\":\"https:\\\/\\\/lequotidien.mr\\\/wp-content\\\/uploads\\\/2025\\\/08\\\/photo-palmtaires-amis-Afrique.jpg\",\"contentUrl\":\"https:\\\/\\\/lequotidien.mr\\\/wp-content\\\/uploads\\\/2025\\\/08\\\/photo-palmtaires-amis-Afrique.jpg\",\"width\":750,\"height\":430},{\"@type\":\"BreadcrumbList\",\"@id\":\"https:\\\/\\\/lequotidien.mr\\\/?p=30277&lang=fr#breadcrumb\",\"itemListElement\":[{\"@type\":\"ListItem\",\"position\":1,\"name\":\"Home\",\"item\":\"https:\\\/\\\/lequotidien.mr\\\/\"},{\"@type\":\"ListItem\",\"position\":2,\"name\":\"Le Pr\u00e9sident El Ghazouani conclut une visite fructueuse au Japon : Rencontre avec les \u00ab\u00a0Parlementaires amis de l\u2019Afrique\u00a0\u00bb et avanc\u00e9es diplomatiques majeures\"}]},{\"@type\":\"WebSite\",\"@id\":\"https:\\\/\\\/lequotidien.mr\\\/#website\",\"url\":\"https:\\\/\\\/lequotidien.mr\\\/\",\"name\":\"Le Quotidien de Nouakchott\",\"description\":\"\u0625\u062e\u0628\u0627\u0631\u064a\u0629 \u0645\u0633\u062a\u0642\u0644\u0629 \u0644\u0644\u0623\u0646\u0628\u0627\u0621 \u0627\u0644\u0639\u0627\u0645\u0629\",\"publisher\":{\"@id\":\"https:\\\/\\\/lequotidien.mr\\\/#organization\"},\"potentialAction\":[{\"@type\":\"SearchAction\",\"target\":{\"@type\":\"EntryPoint\",\"urlTemplate\":\"https:\\\/\\\/lequotidien.mr\\\/?s={search_term_string}\"},\"query-input\":{\"@type\":\"PropertyValueSpecification\",\"valueRequired\":true,\"valueName\":\"search_term_string\"}}],\"inLanguage\":\"ar\"},{\"@type\":\"Organization\",\"@id\":\"https:\\\/\\\/lequotidien.mr\\\/#organization\",\"name\":\"Le Quotidien de Nouakchott\",\"url\":\"https:\\\/\\\/lequotidien.mr\\\/\",\"logo\":{\"@type\":\"ImageObject\",\"inLanguage\":\"ar\",\"@id\":\"https:\\\/\\\/lequotidien.mr\\\/#\\\/schema\\\/logo\\\/image\\\/\",\"url\":\"https:\\\/\\\/lequotidien.mr\\\/wp-content\\\/uploads\\\/2022\\\/11\\\/logolequotidien.jpg\",\"contentUrl\":\"https:\\\/\\\/lequotidien.mr\\\/wp-content\\\/uploads\\\/2022\\\/11\\\/logolequotidien.jpg\",\"width\":290,\"height\":65,\"caption\":\"Le Quotidien de Nouakchott\"},\"image\":{\"@id\":\"https:\\\/\\\/lequotidien.mr\\\/#\\\/schema\\\/logo\\\/image\\\/\"},\"sameAs\":[\"https:\\\/\\\/web.facebook.com\\\/lequotidienmr\",\"https:\\\/\\\/x.com\\\/lequotidienmr\"]},{\"@type\":\"Person\",\"@id\":\"https:\\\/\\\/lequotidien.mr\\\/#\\\/schema\\\/person\\\/d2d350202a4d599685ed8abc25f97596\",\"name\":\"Med Ahmed\",\"image\":{\"@type\":\"ImageObject\",\"inLanguage\":\"ar\",\"@id\":\"https:\\\/\\\/secure.gravatar.com\\\/avatar\\\/fd2acc62ed50732923d1d39c17172c9b04149f142be92310ecc69e1358f94b52?s=96&d=mm&r=g\",\"url\":\"https:\\\/\\\/secure.gravatar.com\\\/avatar\\\/fd2acc62ed50732923d1d39c17172c9b04149f142be92310ecc69e1358f94b52?s=96&d=mm&r=g\",\"contentUrl\":\"https:\\\/\\\/secure.gravatar.com\\\/avatar\\\/fd2acc62ed50732923d1d39c17172c9b04149f142be92310ecc69e1358f94b52?s=96&d=mm&r=g\",\"caption\":\"Med Ahmed\"},\"url\":\"https:\\\/\\\/lequotidien.mr\\\/?author=12\"}]}<\/script>\n<!-- \/ Yoast SEO plugin. -->","yoast_head_json":{"title":"Le Pr\u00e9sident El Ghazouani conclut une visite fructueuse au Japon : Rencontre avec les \"Parlementaires amis de l\u2019Afrique\" et avanc\u00e9es diplomatiques majeures - Le Quotidien de Nouakchott","robots":{"index":"index","follow":"follow","max-snippet":"max-snippet:-1","max-image-preview":"max-image-preview:large","max-video-preview":"max-video-preview:-1"},"canonical":"https:\/\/lequotidien.mr\/?p=30277&lang=fr","og_locale":"ar_AR","og_type":"article","og_title":"Le Pr\u00e9sident El Ghazouani conclut une visite fructueuse au Japon : Rencontre avec les \"Parlementaires amis de l\u2019Afrique\" et avanc\u00e9es diplomatiques majeures - Le Quotidien de Nouakchott","og_description":"En marge de sa participation \u00e0 la neuvi\u00e8me \u00e9dition de la Conf\u00e9rence internationale de Tokyo sur le d\u00e9veloppement de l\u2019Afrique (TICAD 9), qui se tient \u00e0 Yokohama, le Pr\u00e9sident de la R\u00e9publique, Monsieur Mohamed Cheikh El Ghazouani, a rencontr\u00e9 mercredi une d\u00e9l\u00e9gation du groupe des \u00ab Parlementaires amis de l\u2019Afrique \u00bb. Cette rencontre s&#8217;inscrit dans.....","og_url":"https:\/\/lequotidien.mr\/?p=30277&lang=fr","og_site_name":"Le Quotidien de Nouakchott","article_publisher":"https:\/\/web.facebook.com\/lequotidienmr","article_published_time":"2025-08-20T23:31:19+00:00","og_image":[{"width":750,"height":430,"url":"https:\/\/lequotidien.mr\/wp-content\/uploads\/2025\/08\/photo-palmtaires-amis-Afrique.jpg","type":"image\/jpeg"}],"author":"Med Ahmed","twitter_card":"summary_large_image","twitter_creator":"@lequotidienmr","twitter_site":"@lequotidienmr","twitter_misc":{"\u0643\u064f\u062a\u0628 \u0628\u0648\u0627\u0633\u0637\u0629":"Med Ahmed","\u0648\u0642\u062a \u0627\u0644\u0642\u0631\u0627\u0621\u0629 \u0627\u0644\u0645\u064f\u0642\u062f\u0651\u0631":"3 \u062f\u0642\u0627\u0626\u0642"},"schema":{"@context":"https:\/\/schema.org","@graph":[{"@type":"Article","@id":"https:\/\/lequotidien.mr\/?p=30277&lang=fr#article","isPartOf":{"@id":"https:\/\/lequotidien.mr\/?p=30277&lang=fr"},"author":{"name":"Med Ahmed","@id":"https:\/\/lequotidien.mr\/#\/schema\/person\/d2d350202a4d599685ed8abc25f97596"},"headline":"Le Pr\u00e9sident El Ghazouani conclut une visite fructueuse au Japon : Rencontre avec les &#8220;Parlementaires amis de l\u2019Afrique&#8221; et avanc\u00e9es diplomatiques majeures","datePublished":"2025-08-20T23:31:19+00:00","mainEntityOfPage":{"@id":"https:\/\/lequotidien.mr\/?p=30277&lang=fr"},"wordCount":416,"commentCount":0,"publisher":{"@id":"https:\/\/lequotidien.mr\/#organization"},"image":{"@id":"https:\/\/lequotidien.mr\/?p=30277&lang=fr#primaryimage"},"thumbnailUrl":"https:\/\/lequotidien.mr\/wp-content\/uploads\/2025\/08\/photo-palmtaires-amis-Afrique.jpg","articleSection":["ACTUALIT\u00c9","Economie"],"inLanguage":"ar","potentialAction":[{"@type":"CommentAction","name":"Comment","target":["https:\/\/lequotidien.mr\/?p=30277&lang=fr#respond"]}]},{"@type":"WebPage","@id":"https:\/\/lequotidien.mr\/?p=30277&lang=fr","url":"https:\/\/lequotidien.mr\/?p=30277&lang=fr","name":"Le Pr\u00e9sident El Ghazouani conclut une visite fructueuse au Japon : Rencontre avec les \"Parlementaires amis de l\u2019Afrique\" et avanc\u00e9es diplomatiques majeures - Le Quotidien de Nouakchott","isPartOf":{"@id":"https:\/\/lequotidien.mr\/#website"},"primaryImageOfPage":{"@id":"https:\/\/lequotidien.mr\/?p=30277&lang=fr#primaryimage"},"image":{"@id":"https:\/\/lequotidien.mr\/?p=30277&lang=fr#primaryimage"},"thumbnailUrl":"https:\/\/lequotidien.mr\/wp-content\/uploads\/2025\/08\/photo-palmtaires-amis-Afrique.jpg","datePublished":"2025-08-20T23:31:19+00:00","breadcrumb":{"@id":"https:\/\/lequotidien.mr\/?p=30277&lang=fr#breadcrumb"},"inLanguage":"ar","potentialAction":[{"@type":"ReadAction","target":["https:\/\/lequotidien.mr\/?p=30277&lang=fr"]}]},{"@type":"ImageObject","inLanguage":"ar","@id":"https:\/\/lequotidien.mr\/?p=30277&lang=fr#primaryimage","url":"https:\/\/lequotidien.mr\/wp-content\/uploads\/2025\/08\/photo-palmtaires-amis-Afrique.jpg","contentUrl":"https:\/\/lequotidien.mr\/wp-content\/uploads\/2025\/08\/photo-palmtaires-amis-Afrique.jpg","width":750,"height":430},{"@type":"BreadcrumbList","@id":"https:\/\/lequotidien.mr\/?p=30277&lang=fr#breadcrumb","itemListElement":[{"@type":"ListItem","position":1,"name":"Home","item":"https:\/\/lequotidien.mr\/"},{"@type":"ListItem","position":2,"name":"Le Pr\u00e9sident El Ghazouani conclut une visite fructueuse au Japon : Rencontre avec les \u00ab\u00a0Parlementaires amis de l\u2019Afrique\u00a0\u00bb et avanc\u00e9es diplomatiques majeures"}]},{"@type":"WebSite","@id":"https:\/\/lequotidien.mr\/#website","url":"https:\/\/lequotidien.mr\/","name":"Le Quotidien de Nouakchott","description":"\u0625\u062e\u0628\u0627\u0631\u064a\u0629 \u0645\u0633\u062a\u0642\u0644\u0629 \u0644\u0644\u0623\u0646\u0628\u0627\u0621 \u0627\u0644\u0639\u0627\u0645\u0629","publisher":{"@id":"https:\/\/lequotidien.mr\/#organization"},"potentialAction":[{"@type":"SearchAction","target":{"@type":"EntryPoint","urlTemplate":"https:\/\/lequotidien.mr\/?s={search_term_string}"},"query-input":{"@type":"PropertyValueSpecification","valueRequired":true,"valueName":"search_term_string"}}],"inLanguage":"ar"},{"@type":"Organization","@id":"https:\/\/lequotidien.mr\/#organization","name":"Le Quotidien de Nouakchott","url":"https:\/\/lequotidien.mr\/","logo":{"@type":"ImageObject","inLanguage":"ar","@id":"https:\/\/lequotidien.mr\/#\/schema\/logo\/image\/","url":"https:\/\/lequotidien.mr\/wp-content\/uploads\/2022\/11\/logolequotidien.jpg","contentUrl":"https:\/\/lequotidien.mr\/wp-content\/uploads\/2022\/11\/logolequotidien.jpg","width":290,"height":65,"caption":"Le Quotidien de Nouakchott"},"image":{"@id":"https:\/\/lequotidien.mr\/#\/schema\/logo\/image\/"},"sameAs":["https:\/\/web.facebook.com\/lequotidienmr","https:\/\/x.com\/lequotidienmr"]},{"@type":"Person","@id":"https:\/\/lequotidien.mr\/#\/schema\/person\/d2d350202a4d599685ed8abc25f97596","name":"Med Ahmed","image":{"@type":"ImageObject","inLanguage":"ar","@id":"https:\/\/secure.gravatar.com\/avatar\/fd2acc62ed50732923d1d39c17172c9b04149f142be92310ecc69e1358f94b52?s=96&d=mm&r=g","url":"https:\/\/secure.gravatar.com\/avatar\/fd2acc62ed50732923d1d39c17172c9b04149f142be92310ecc69e1358f94b52?s=96&d=mm&r=g","contentUrl":"https:\/\/secure.gravatar.com\/avatar\/fd2acc62ed50732923d1d39c17172c9b04149f142be92310ecc69e1358f94b52?s=96&d=mm&r=g","caption":"Med Ahmed"},"url":"https:\/\/lequotidien.mr\/?author=12"}]}},"_links":{"self":[{"href":"https:\/\/lequotidien.mr\/index.php?rest_route=\/wp\/v2\/posts\/30277","targetHints":{"allow":["GET"]}}],"collection":[{"href":"https:\/\/lequotidien.mr\/index.php?rest_route=\/wp\/v2\/posts"}],"about":[{"href":"https:\/\/lequotidien.mr\/index.php?rest_route=\/wp\/v2\/types\/post"}],"author":[{"embeddable":true,"href":"https:\/\/lequotidien.mr\/index.php?rest_route=\/wp\/v2\/users\/12"}],"replies":[{"embeddable":true,"href":"https:\/\/lequotidien.mr\/index.php?rest_route=%2Fwp%2Fv2%2Fcomments&post=30277"}],"version-history":[{"count":1,"href":"https:\/\/lequotidien.mr\/index.php?rest_route=\/wp\/v2\/posts\/30277\/revisions"}],"predecessor-version":[{"id":30279,"href":"https:\/\/lequotidien.mr\/index.php?rest_route=\/wp\/v2\/posts\/30277\/revisions\/30279"}],"wp:featuredmedia":[{"embeddable":true,"href":"https:\/\/lequotidien.mr\/index.php?rest_route=\/wp\/v2\/media\/30278"}],"wp:attachment":[{"href":"https:\/\/lequotidien.mr\/index.php?rest_route=%2Fwp%2Fv2%2Fmedia&parent=30277"}],"wp:term":[{"taxonomy":"category","embeddable":true,"href":"https:\/\/lequotidien.mr\/index.php?rest_route=%2Fwp%2Fv2%2Fcategories&post=30277"},{"taxonomy":"post_tag","embeddable":true,"href":"https:\/\/lequotidien.mr\/index.php?rest_route=%2Fwp%2Fv2%2Ftags&post=30277"}],"curies":[{"name":"wp","href":"https:\/\/api.w.org\/{rel}","templated":true}]}}