{"id":30274,"date":"2025-08-20T23:18:53","date_gmt":"2025-08-20T23:18:53","guid":{"rendered":"https:\/\/lequotidien.mr\/?p=30274"},"modified":"2025-08-20T23:18:53","modified_gmt":"2025-08-20T23:18:53","slug":"renforcement-du-partenariat-mauritanie-japon-le-president-el-ghazouani-en-action-a-la-ticad-9","status":"publish","type":"post","link":"https:\/\/lequotidien.mr\/?p=30274&lang=fr","title":{"rendered":"Renforcement du Partenariat Mauritanie-Japon : Le Pr\u00e9sident El Ghazouani en action \u00e0 la TICAD 9"},"content":{"rendered":"<p>Le Pr\u00e9sident de la R\u00e9publique, Monsieur Mohamed Cheikh El Ghazouani, a tenu ce mercredi une r\u00e9union importante avec M. Tanaka Akihiko, pr\u00e9sident de l\u2019Agence japonaise de coop\u00e9ration internationale (JICA), en marge de la 9e \u00e9dition du Sommet international de Tokyo sur le d\u00e9veloppement de l\u2019Afrique (TICAD 9), qui se d\u00e9roule dans la ville japonaise de Yokohama.<\/p>\n<p data-start=\"475\" data-end=\"863\">Cette rencontre, \u00e0 laquelle ont assist\u00e9 plusieurs hauts responsables de la JICA, notamment des vice-pr\u00e9sidents et des directeurs, a port\u00e9 sur les perspectives de renforcement de la coop\u00e9ration bilat\u00e9rale entre la Mauritanie et le Japon. Elle s\u2019inscrit dans une dynamique de partenariat strat\u00e9gique visant \u00e0 promouvoir un d\u00e9veloppement durable et mutuellement b\u00e9n\u00e9fique pour les deux pays.<\/p>\n<p><strong>Un dialogue \u00e9conomique renforc\u00e9 avec le secteur priv\u00e9 japonais<\/strong><\/p>\n<p data-start=\"933\" data-end=\"1392\">En marge de sa participation \u00e0 la TICAD 9, le Pr\u00e9sident Ghazouani a \u00e9galement rencontr\u00e9 plusieurs pr\u00e9sidents et directeurs de grandes entreprises japonaises, parmi lesquelles \u00ab Saraya \u00bb, Hanawa Kogyo, Japan Tuna, ainsi que la soci\u00e9t\u00e9 \u00ab Toyota Tsusho \u00bb. Ces \u00e9changes ont permis de discuter des opportunit\u00e9s d\u2019investissement dans des secteurs porteurs pour l\u2019\u00e9conomie mauritanienne, notamment les infrastructures, l\u2019eau, la p\u00eache, et les \u00e9nergies renouvelables.<\/p>\n<p><strong>Signature d\u2019un protocole d\u2019accord strat\u00e9gique<\/strong><\/p>\n<p data-start=\"1445\" data-end=\"1925\">L\u2019un des moments forts de cette mission pr\u00e9sidentielle a \u00e9t\u00e9 la signature d\u2019un protocole d\u2019accord avec la soci\u00e9t\u00e9 \u00ab Toyota Tsusho \u00bb pour la construction d\u2019une station de dessalement d\u2019eau de mer \u00e0 Nouadhibou. Cette station aura une capacit\u00e9 de production de 50 000 m\u00e8tres cubes par jour. Ce projet structurant s\u2019inscrit dans le cadre des accords de coop\u00e9ration entre la Mauritanie et le Japon, et repr\u00e9sente une avanc\u00e9e majeure pour la s\u00e9curit\u00e9 hydrique de la r\u00e9gion nord du pays.<\/p>\n<p data-start=\"1927\" data-end=\"2136\">En plus de son impact direct sur l\u2019approvisionnement en eau potable, ce projet contribuera \u00e0 dynamiser l\u2019\u00e9conomie locale, favoriser l\u2019emploi et renforcer la r\u00e9silience face aux effets du changement climatique.<\/p>\n<p><strong>Un engagement renouvel\u00e9 pour le d\u00e9veloppement<\/strong><\/p>\n<p data-start=\"2189\" data-end=\"2476\">\u00c0 travers ces diff\u00e9rentes initiatives, la participation active du Pr\u00e9sident Ghazouani \u00e0 la TICAD 9 t\u00e9moigne de la volont\u00e9 de la Mauritanie de s\u2019ouvrir \u00e0 des partenariats innovants, de renforcer sa coop\u00e9ration internationale, et de capter des investissements structurants pour son avenir.<\/p>\n<p data-start=\"2478\" data-end=\"2685\">Le sommet de Yokohama marque ainsi une \u00e9tape importante dans la consolidation des relations mauritano-japonaises, dans une logique de coop\u00e9ration gagnant-gagnant tourn\u00e9e vers le progr\u00e8s \u00e9conomique et social.<\/p>\n","protected":false},"excerpt":{"rendered":"<p>Le Pr\u00e9sident de la R\u00e9publique, Monsieur Mohamed Cheikh El Ghazouani, a tenu ce mercredi une r\u00e9union importante avec M. Tanaka Akihiko, pr\u00e9sident de l\u2019Agence japonaise de coop\u00e9ration internationale (JICA), en marge de la 9e \u00e9dition du Sommet international de Tokyo sur le d\u00e9veloppement de l\u2019Afrique (TICAD 9), qui se d\u00e9roule dans la ville japonaise de&#8230;..<\/p>\n","protected":false},"author":12,"featured_media":30275,"comment_status":"open","ping_status":"open","sticky":false,"template":"","format":"standard","meta":{"footnotes":""},"categories":[23,49],"tags":[],"class_list":["post-30274","post","type-post","status-publish","format-standard","has-post-thumbnail","hentry","category-actualite","category-economie"],"yoast_head":"<!-- This site is optimized with the Yoast SEO plugin v27.5 - https:\/\/yoast.com\/product\/yoast-seo-wordpress\/ -->\n<title>Renforcement du Partenariat Mauritanie-Japon : Le Pr\u00e9sident El Ghazouani en action \u00e0 la TICAD 9 - Le Quotidien de Nouakchott<\/title>\n<meta name=\"robots\" content=\"index, follow, max-snippet:-1, max-image-preview:large, max-video-preview:-1\" \/>\n<link rel=\"canonical\" href=\"https:\/\/lequotidien.mr\/?p=30274&lang=fr\" \/>\n<meta property=\"og:locale\" content=\"ar_AR\" \/>\n<meta property=\"og:type\" content=\"article\" \/>\n<meta property=\"og:title\" content=\"Renforcement du Partenariat Mauritanie-Japon : Le Pr\u00e9sident El Ghazouani en action \u00e0 la TICAD 9 - Le Quotidien de Nouakchott\" \/>\n<meta property=\"og:description\" content=\"Le Pr\u00e9sident de la R\u00e9publique, Monsieur Mohamed Cheikh El Ghazouani, a tenu ce mercredi une r\u00e9union importante avec M. Tanaka Akihiko, pr\u00e9sident de l\u2019Agence japonaise de coop\u00e9ration internationale (JICA), en marge de la 9e \u00e9dition du Sommet international de Tokyo sur le d\u00e9veloppement de l\u2019Afrique (TICAD 9), qui se d\u00e9roule dans la ville japonaise de.....\" \/>\n<meta property=\"og:url\" content=\"https:\/\/lequotidien.mr\/?p=30274&amp;lang=fr\" \/>\n<meta property=\"og:site_name\" content=\"Le Quotidien de Nouakchott\" \/>\n<meta property=\"article:publisher\" content=\"https:\/\/web.facebook.com\/lequotidienmr\" \/>\n<meta property=\"article:published_time\" content=\"2025-08-20T23:18:53+00:00\" \/>\n<meta property=\"og:image\" content=\"https:\/\/lequotidien.mr\/wp-content\/uploads\/2025\/08\/photo-Ghazouani-Agce-internationale-Japon.jpg\" \/>\n\t<meta property=\"og:image:width\" content=\"750\" \/>\n\t<meta property=\"og:image:height\" content=\"430\" \/>\n\t<meta property=\"og:image:type\" content=\"image\/jpeg\" \/>\n<meta name=\"author\" content=\"Med Ahmed\" \/>\n<meta name=\"twitter:card\" content=\"summary_large_image\" \/>\n<meta name=\"twitter:creator\" content=\"@lequotidienmr\" \/>\n<meta name=\"twitter:site\" content=\"@lequotidienmr\" \/>\n<meta name=\"twitter:label1\" content=\"\u0643\u064f\u062a\u0628 \u0628\u0648\u0627\u0633\u0637\u0629\" \/>\n\t<meta name=\"twitter:data1\" content=\"Med Ahmed\" \/>\n\t<meta name=\"twitter:label2\" content=\"\u0648\u0642\u062a \u0627\u0644\u0642\u0631\u0627\u0621\u0629 \u0627\u0644\u0645\u064f\u0642\u062f\u0651\u0631\" \/>\n\t<meta name=\"twitter:data2\" content=\"3 \u062f\u0642\u0627\u0626\u0642\" \/>\n<script type=\"application\/ld+json\" class=\"yoast-schema-graph\">{\"@context\":\"https:\\\/\\\/schema.org\",\"@graph\":[{\"@type\":\"Article\",\"@id\":\"https:\\\/\\\/lequotidien.mr\\\/?p=30274&lang=fr#article\",\"isPartOf\":{\"@id\":\"https:\\\/\\\/lequotidien.mr\\\/?p=30274&lang=fr\"},\"author\":{\"name\":\"Med Ahmed\",\"@id\":\"https:\\\/\\\/lequotidien.mr\\\/#\\\/schema\\\/person\\\/d2d350202a4d599685ed8abc25f97596\"},\"headline\":\"Renforcement du Partenariat Mauritanie-Japon : Le Pr\u00e9sident El Ghazouani en action \u00e0 la TICAD 9\",\"datePublished\":\"2025-08-20T23:18:53+00:00\",\"mainEntityOfPage\":{\"@id\":\"https:\\\/\\\/lequotidien.mr\\\/?p=30274&lang=fr\"},\"wordCount\":427,\"commentCount\":0,\"publisher\":{\"@id\":\"https:\\\/\\\/lequotidien.mr\\\/#organization\"},\"image\":{\"@id\":\"https:\\\/\\\/lequotidien.mr\\\/?p=30274&lang=fr#primaryimage\"},\"thumbnailUrl\":\"https:\\\/\\\/lequotidien.mr\\\/wp-content\\\/uploads\\\/2025\\\/08\\\/photo-Ghazouani-Agce-internationale-Japon.jpg\",\"articleSection\":[\"ACTUALIT\u00c9\",\"Economie\"],\"inLanguage\":\"ar\",\"potentialAction\":[{\"@type\":\"CommentAction\",\"name\":\"Comment\",\"target\":[\"https:\\\/\\\/lequotidien.mr\\\/?p=30274&lang=fr#respond\"]}]},{\"@type\":\"WebPage\",\"@id\":\"https:\\\/\\\/lequotidien.mr\\\/?p=30274&lang=fr\",\"url\":\"https:\\\/\\\/lequotidien.mr\\\/?p=30274&lang=fr\",\"name\":\"Renforcement du Partenariat Mauritanie-Japon : Le Pr\u00e9sident El Ghazouani en action \u00e0 la TICAD 9 - Le Quotidien de Nouakchott\",\"isPartOf\":{\"@id\":\"https:\\\/\\\/lequotidien.mr\\\/#website\"},\"primaryImageOfPage\":{\"@id\":\"https:\\\/\\\/lequotidien.mr\\\/?p=30274&lang=fr#primaryimage\"},\"image\":{\"@id\":\"https:\\\/\\\/lequotidien.mr\\\/?p=30274&lang=fr#primaryimage\"},\"thumbnailUrl\":\"https:\\\/\\\/lequotidien.mr\\\/wp-content\\\/uploads\\\/2025\\\/08\\\/photo-Ghazouani-Agce-internationale-Japon.jpg\",\"datePublished\":\"2025-08-20T23:18:53+00:00\",\"breadcrumb\":{\"@id\":\"https:\\\/\\\/lequotidien.mr\\\/?p=30274&lang=fr#breadcrumb\"},\"inLanguage\":\"ar\",\"potentialAction\":[{\"@type\":\"ReadAction\",\"target\":[\"https:\\\/\\\/lequotidien.mr\\\/?p=30274&lang=fr\"]}]},{\"@type\":\"ImageObject\",\"inLanguage\":\"ar\",\"@id\":\"https:\\\/\\\/lequotidien.mr\\\/?p=30274&lang=fr#primaryimage\",\"url\":\"https:\\\/\\\/lequotidien.mr\\\/wp-content\\\/uploads\\\/2025\\\/08\\\/photo-Ghazouani-Agce-internationale-Japon.jpg\",\"contentUrl\":\"https:\\\/\\\/lequotidien.mr\\\/wp-content\\\/uploads\\\/2025\\\/08\\\/photo-Ghazouani-Agce-internationale-Japon.jpg\",\"width\":750,\"height\":430},{\"@type\":\"BreadcrumbList\",\"@id\":\"https:\\\/\\\/lequotidien.mr\\\/?p=30274&lang=fr#breadcrumb\",\"itemListElement\":[{\"@type\":\"ListItem\",\"position\":1,\"name\":\"Home\",\"item\":\"https:\\\/\\\/lequotidien.mr\\\/\"},{\"@type\":\"ListItem\",\"position\":2,\"name\":\"Renforcement du Partenariat Mauritanie-Japon : Le Pr\u00e9sident El Ghazouani en action \u00e0 la TICAD 9\"}]},{\"@type\":\"WebSite\",\"@id\":\"https:\\\/\\\/lequotidien.mr\\\/#website\",\"url\":\"https:\\\/\\\/lequotidien.mr\\\/\",\"name\":\"Le Quotidien de Nouakchott\",\"description\":\"\u0625\u062e\u0628\u0627\u0631\u064a\u0629 \u0645\u0633\u062a\u0642\u0644\u0629 \u0644\u0644\u0623\u0646\u0628\u0627\u0621 \u0627\u0644\u0639\u0627\u0645\u0629\",\"publisher\":{\"@id\":\"https:\\\/\\\/lequotidien.mr\\\/#organization\"},\"potentialAction\":[{\"@type\":\"SearchAction\",\"target\":{\"@type\":\"EntryPoint\",\"urlTemplate\":\"https:\\\/\\\/lequotidien.mr\\\/?s={search_term_string}\"},\"query-input\":{\"@type\":\"PropertyValueSpecification\",\"valueRequired\":true,\"valueName\":\"search_term_string\"}}],\"inLanguage\":\"ar\"},{\"@type\":\"Organization\",\"@id\":\"https:\\\/\\\/lequotidien.mr\\\/#organization\",\"name\":\"Le Quotidien de Nouakchott\",\"url\":\"https:\\\/\\\/lequotidien.mr\\\/\",\"logo\":{\"@type\":\"ImageObject\",\"inLanguage\":\"ar\",\"@id\":\"https:\\\/\\\/lequotidien.mr\\\/#\\\/schema\\\/logo\\\/image\\\/\",\"url\":\"https:\\\/\\\/lequotidien.mr\\\/wp-content\\\/uploads\\\/2022\\\/11\\\/logolequotidien.jpg\",\"contentUrl\":\"https:\\\/\\\/lequotidien.mr\\\/wp-content\\\/uploads\\\/2022\\\/11\\\/logolequotidien.jpg\",\"width\":290,\"height\":65,\"caption\":\"Le Quotidien de Nouakchott\"},\"image\":{\"@id\":\"https:\\\/\\\/lequotidien.mr\\\/#\\\/schema\\\/logo\\\/image\\\/\"},\"sameAs\":[\"https:\\\/\\\/web.facebook.com\\\/lequotidienmr\",\"https:\\\/\\\/x.com\\\/lequotidienmr\"]},{\"@type\":\"Person\",\"@id\":\"https:\\\/\\\/lequotidien.mr\\\/#\\\/schema\\\/person\\\/d2d350202a4d599685ed8abc25f97596\",\"name\":\"Med Ahmed\",\"image\":{\"@type\":\"ImageObject\",\"inLanguage\":\"ar\",\"@id\":\"https:\\\/\\\/secure.gravatar.com\\\/avatar\\\/fd2acc62ed50732923d1d39c17172c9b04149f142be92310ecc69e1358f94b52?s=96&d=mm&r=g\",\"url\":\"https:\\\/\\\/secure.gravatar.com\\\/avatar\\\/fd2acc62ed50732923d1d39c17172c9b04149f142be92310ecc69e1358f94b52?s=96&d=mm&r=g\",\"contentUrl\":\"https:\\\/\\\/secure.gravatar.com\\\/avatar\\\/fd2acc62ed50732923d1d39c17172c9b04149f142be92310ecc69e1358f94b52?s=96&d=mm&r=g\",\"caption\":\"Med Ahmed\"},\"url\":\"https:\\\/\\\/lequotidien.mr\\\/?author=12\"}]}<\/script>\n<!-- \/ Yoast SEO plugin. -->","yoast_head_json":{"title":"Renforcement du Partenariat Mauritanie-Japon : Le Pr\u00e9sident El Ghazouani en action \u00e0 la TICAD 9 - Le Quotidien de Nouakchott","robots":{"index":"index","follow":"follow","max-snippet":"max-snippet:-1","max-image-preview":"max-image-preview:large","max-video-preview":"max-video-preview:-1"},"canonical":"https:\/\/lequotidien.mr\/?p=30274&lang=fr","og_locale":"ar_AR","og_type":"article","og_title":"Renforcement du Partenariat Mauritanie-Japon : Le Pr\u00e9sident El Ghazouani en action \u00e0 la TICAD 9 - Le Quotidien de Nouakchott","og_description":"Le Pr\u00e9sident de la R\u00e9publique, Monsieur Mohamed Cheikh El Ghazouani, a tenu ce mercredi une r\u00e9union importante avec M. Tanaka Akihiko, pr\u00e9sident de l\u2019Agence japonaise de coop\u00e9ration internationale (JICA), en marge de la 9e \u00e9dition du Sommet international de Tokyo sur le d\u00e9veloppement de l\u2019Afrique (TICAD 9), qui se d\u00e9roule dans la ville japonaise de.....","og_url":"https:\/\/lequotidien.mr\/?p=30274&lang=fr","og_site_name":"Le Quotidien de Nouakchott","article_publisher":"https:\/\/web.facebook.com\/lequotidienmr","article_published_time":"2025-08-20T23:18:53+00:00","og_image":[{"width":750,"height":430,"url":"https:\/\/lequotidien.mr\/wp-content\/uploads\/2025\/08\/photo-Ghazouani-Agce-internationale-Japon.jpg","type":"image\/jpeg"}],"author":"Med Ahmed","twitter_card":"summary_large_image","twitter_creator":"@lequotidienmr","twitter_site":"@lequotidienmr","twitter_misc":{"\u0643\u064f\u062a\u0628 \u0628\u0648\u0627\u0633\u0637\u0629":"Med Ahmed","\u0648\u0642\u062a \u0627\u0644\u0642\u0631\u0627\u0621\u0629 \u0627\u0644\u0645\u064f\u0642\u062f\u0651\u0631":"3 \u062f\u0642\u0627\u0626\u0642"},"schema":{"@context":"https:\/\/schema.org","@graph":[{"@type":"Article","@id":"https:\/\/lequotidien.mr\/?p=30274&lang=fr#article","isPartOf":{"@id":"https:\/\/lequotidien.mr\/?p=30274&lang=fr"},"author":{"name":"Med Ahmed","@id":"https:\/\/lequotidien.mr\/#\/schema\/person\/d2d350202a4d599685ed8abc25f97596"},"headline":"Renforcement du Partenariat Mauritanie-Japon : Le Pr\u00e9sident El Ghazouani en action \u00e0 la TICAD 9","datePublished":"2025-08-20T23:18:53+00:00","mainEntityOfPage":{"@id":"https:\/\/lequotidien.mr\/?p=30274&lang=fr"},"wordCount":427,"commentCount":0,"publisher":{"@id":"https:\/\/lequotidien.mr\/#organization"},"image":{"@id":"https:\/\/lequotidien.mr\/?p=30274&lang=fr#primaryimage"},"thumbnailUrl":"https:\/\/lequotidien.mr\/wp-content\/uploads\/2025\/08\/photo-Ghazouani-Agce-internationale-Japon.jpg","articleSection":["ACTUALIT\u00c9","Economie"],"inLanguage":"ar","potentialAction":[{"@type":"CommentAction","name":"Comment","target":["https:\/\/lequotidien.mr\/?p=30274&lang=fr#respond"]}]},{"@type":"WebPage","@id":"https:\/\/lequotidien.mr\/?p=30274&lang=fr","url":"https:\/\/lequotidien.mr\/?p=30274&lang=fr","name":"Renforcement du Partenariat Mauritanie-Japon : Le Pr\u00e9sident El Ghazouani en action \u00e0 la TICAD 9 - Le Quotidien de Nouakchott","isPartOf":{"@id":"https:\/\/lequotidien.mr\/#website"},"primaryImageOfPage":{"@id":"https:\/\/lequotidien.mr\/?p=30274&lang=fr#primaryimage"},"image":{"@id":"https:\/\/lequotidien.mr\/?p=30274&lang=fr#primaryimage"},"thumbnailUrl":"https:\/\/lequotidien.mr\/wp-content\/uploads\/2025\/08\/photo-Ghazouani-Agce-internationale-Japon.jpg","datePublished":"2025-08-20T23:18:53+00:00","breadcrumb":{"@id":"https:\/\/lequotidien.mr\/?p=30274&lang=fr#breadcrumb"},"inLanguage":"ar","potentialAction":[{"@type":"ReadAction","target":["https:\/\/lequotidien.mr\/?p=30274&lang=fr"]}]},{"@type":"ImageObject","inLanguage":"ar","@id":"https:\/\/lequotidien.mr\/?p=30274&lang=fr#primaryimage","url":"https:\/\/lequotidien.mr\/wp-content\/uploads\/2025\/08\/photo-Ghazouani-Agce-internationale-Japon.jpg","contentUrl":"https:\/\/lequotidien.mr\/wp-content\/uploads\/2025\/08\/photo-Ghazouani-Agce-internationale-Japon.jpg","width":750,"height":430},{"@type":"BreadcrumbList","@id":"https:\/\/lequotidien.mr\/?p=30274&lang=fr#breadcrumb","itemListElement":[{"@type":"ListItem","position":1,"name":"Home","item":"https:\/\/lequotidien.mr\/"},{"@type":"ListItem","position":2,"name":"Renforcement du Partenariat Mauritanie-Japon : Le Pr\u00e9sident El Ghazouani en action \u00e0 la TICAD 9"}]},{"@type":"WebSite","@id":"https:\/\/lequotidien.mr\/#website","url":"https:\/\/lequotidien.mr\/","name":"Le Quotidien de Nouakchott","description":"\u0625\u062e\u0628\u0627\u0631\u064a\u0629 \u0645\u0633\u062a\u0642\u0644\u0629 \u0644\u0644\u0623\u0646\u0628\u0627\u0621 \u0627\u0644\u0639\u0627\u0645\u0629","publisher":{"@id":"https:\/\/lequotidien.mr\/#organization"},"potentialAction":[{"@type":"SearchAction","target":{"@type":"EntryPoint","urlTemplate":"https:\/\/lequotidien.mr\/?s={search_term_string}"},"query-input":{"@type":"PropertyValueSpecification","valueRequired":true,"valueName":"search_term_string"}}],"inLanguage":"ar"},{"@type":"Organization","@id":"https:\/\/lequotidien.mr\/#organization","name":"Le Quotidien de Nouakchott","url":"https:\/\/lequotidien.mr\/","logo":{"@type":"ImageObject","inLanguage":"ar","@id":"https:\/\/lequotidien.mr\/#\/schema\/logo\/image\/","url":"https:\/\/lequotidien.mr\/wp-content\/uploads\/2022\/11\/logolequotidien.jpg","contentUrl":"https:\/\/lequotidien.mr\/wp-content\/uploads\/2022\/11\/logolequotidien.jpg","width":290,"height":65,"caption":"Le Quotidien de Nouakchott"},"image":{"@id":"https:\/\/lequotidien.mr\/#\/schema\/logo\/image\/"},"sameAs":["https:\/\/web.facebook.com\/lequotidienmr","https:\/\/x.com\/lequotidienmr"]},{"@type":"Person","@id":"https:\/\/lequotidien.mr\/#\/schema\/person\/d2d350202a4d599685ed8abc25f97596","name":"Med Ahmed","image":{"@type":"ImageObject","inLanguage":"ar","@id":"https:\/\/secure.gravatar.com\/avatar\/fd2acc62ed50732923d1d39c17172c9b04149f142be92310ecc69e1358f94b52?s=96&d=mm&r=g","url":"https:\/\/secure.gravatar.com\/avatar\/fd2acc62ed50732923d1d39c17172c9b04149f142be92310ecc69e1358f94b52?s=96&d=mm&r=g","contentUrl":"https:\/\/secure.gravatar.com\/avatar\/fd2acc62ed50732923d1d39c17172c9b04149f142be92310ecc69e1358f94b52?s=96&d=mm&r=g","caption":"Med Ahmed"},"url":"https:\/\/lequotidien.mr\/?author=12"}]}},"_links":{"self":[{"href":"https:\/\/lequotidien.mr\/index.php?rest_route=\/wp\/v2\/posts\/30274","targetHints":{"allow":["GET"]}}],"collection":[{"href":"https:\/\/lequotidien.mr\/index.php?rest_route=\/wp\/v2\/posts"}],"about":[{"href":"https:\/\/lequotidien.mr\/index.php?rest_route=\/wp\/v2\/types\/post"}],"author":[{"embeddable":true,"href":"https:\/\/lequotidien.mr\/index.php?rest_route=\/wp\/v2\/users\/12"}],"replies":[{"embeddable":true,"href":"https:\/\/lequotidien.mr\/index.php?rest_route=%2Fwp%2Fv2%2Fcomments&post=30274"}],"version-history":[{"count":1,"href":"https:\/\/lequotidien.mr\/index.php?rest_route=\/wp\/v2\/posts\/30274\/revisions"}],"predecessor-version":[{"id":30276,"href":"https:\/\/lequotidien.mr\/index.php?rest_route=\/wp\/v2\/posts\/30274\/revisions\/30276"}],"wp:featuredmedia":[{"embeddable":true,"href":"https:\/\/lequotidien.mr\/index.php?rest_route=\/wp\/v2\/media\/30275"}],"wp:attachment":[{"href":"https:\/\/lequotidien.mr\/index.php?rest_route=%2Fwp%2Fv2%2Fmedia&parent=30274"}],"wp:term":[{"taxonomy":"category","embeddable":true,"href":"https:\/\/lequotidien.mr\/index.php?rest_route=%2Fwp%2Fv2%2Fcategories&post=30274"},{"taxonomy":"post_tag","embeddable":true,"href":"https:\/\/lequotidien.mr\/index.php?rest_route=%2Fwp%2Fv2%2Ftags&post=30274"}],"curies":[{"name":"wp","href":"https:\/\/api.w.org\/{rel}","templated":true}]}}