{"id":30246,"date":"2025-08-19T20:42:57","date_gmt":"2025-08-19T20:42:57","guid":{"rendered":"https:\/\/lequotidien.mr\/?p=30246"},"modified":"2025-08-19T20:42:57","modified_gmt":"2025-08-19T20:42:57","slug":"tidjikja-lancement-dun-atelier-de-formation-pour-les-comites-de-gestion-des-ecoles-primaires-du-tagant","status":"publish","type":"post","link":"https:\/\/lequotidien.mr\/?p=30246&lang=fr","title":{"rendered":"Tidjikja : Lancement d\u2019un atelier de formation pour les comit\u00e9s de gestion des \u00e9coles primaires du Tagant"},"content":{"rendered":"<p>Le wali mou\u00e7aid du Tagant, <strong>M. Abdelfattah Ahmed Hmeyti<\/strong>, a pr\u00e9sid\u00e9 mardi \u00e0 Tidjikja l\u2019ouverture officielle d\u2019un <strong>atelier de formation destin\u00e9 \u00e0<\/strong> <strong>36 responsables de comit\u00e9s de gestion des \u00e9coles primaires de la wilaya<\/strong>. Cet atelier marque une nouvelle \u00e9tape dans le cadre des efforts nationaux et internationaux visant \u00e0 renforcer la gouvernance locale du syst\u00e8me \u00e9ducatif de base.<\/p>\n<p><strong>Une initiative appuy\u00e9e par un partenariat international<\/strong><\/p>\n<p data-start=\"594\" data-end=\"995\">L\u2019atelier est organis\u00e9 par l\u2019organisation nationale <strong>Acodev<\/strong>, en collaboration avec l\u2019organisation am\u00e9ricaine <strong>Counterpart International<\/strong>, et b\u00e9n\u00e9ficie d\u2019un financement du minist\u00e8re de l\u2019Agriculture des \u00c9tats-Unis. Il s\u2019inscrit dans le cadre du Projet d\u2019appui \u00e0 l\u2019\u00e9ducation de base, une initiative qui vise \u00e0 am\u00e9liorer la qualit\u00e9 de l\u2019\u00e9ducation dans les zones les plus vuln\u00e9rables du pays.<\/p>\n<p data-start=\"997\" data-end=\"1108\">Durant quatre jours, les participants b\u00e9n\u00e9ficieront de formations pratiques et th\u00e9oriques portant sur :<\/p>\n<p data-start=\"1111\" data-end=\"1151\">-Le concept de l\u2019\u00c9cole r\u00e9publicaine ;<\/p>\n<p data-start=\"1154\" data-end=\"1210\">-La gestion administrative et financi\u00e8re des \u00e9coles ;<\/p>\n<p data-start=\"1213\" data-end=\"1278\">-L\u2019\u00e9laboration de plans d\u2019action adapt\u00e9s aux r\u00e9alit\u00e9s locales.<\/p>\n<p><strong>Un soutien \u00e0 la r\u00e9ussite de l\u2019\u00c9cole r\u00e9publicaine<\/strong><\/p>\n<p data-start=\"1339\" data-end=\"1768\">Dans son discours inaugural, le wali mou\u00e7aid a salu\u00e9 la tenue de cet atelier, soulignant qu\u2019il s\u2019inscrit pleinement dans les priorit\u00e9s nationales de renforcement de l\u2019\u00c9cole r\u00e9publicaine, une r\u00e9forme strat\u00e9gique port\u00e9e par les hautes autorit\u00e9s du pays. Il a \u00e9galement mis en avant le partenariat solide entre la Mauritanie et les \u00c9tats-Unis, qui soutiennent de nombreux projets structurants dans le domaine de l\u2019\u00e9ducation.<\/p>\n<p data-start=\"1770\" data-end=\"2008\">Le wali a exhort\u00e9 les participants \u00e0 tirer pleinement profit des sessions de formation, notamment sur les r\u00f4les et responsabilit\u00e9s des comit\u00e9s de gestion, la cr\u00e9ation d\u2019associations scolaires et la planification participative.<\/p>\n<p><strong>Une formation aux effets durables pour les \u00e9coles du Tagant<\/strong><\/p>\n<p data-start=\"2080\" data-end=\"2330\">Pour sa part, le maire de Tidjikja, <strong>M. Jiddou Manaba<\/strong>, a exprim\u00e9 sa satisfaction face \u00e0 cette initiative, mettant en lumi\u00e8re son impact positif attendu sur la performance des \u00e9coles et sur la mobilisation des communaut\u00e9s autour de l\u2019\u00e9ducation.<\/p>\n<p data-start=\"2332\" data-end=\"2808\">Le responsable du projet <em>\u201cPont vers l\u2019avenir\u201d<\/em>, <strong>M. M\u2019barek Mohamed Abdallahi<\/strong>, a d\u00e9taill\u00e9 les objectifs de cette session. Il a notamment insist\u00e9 sur le renforcement des capacit\u00e9s des responsables locaux, ainsi que sur le soutien \u00e0 la scolarisation des filles, un axe prioritaire du projet. Il a pr\u00e9cis\u00e9 que l\u2019initiative vise \u00e0 couvrir 86 \u00e9coles publiques de la wilaya du Tagant sur une p\u00e9riode de quatre ans, avec un appui technique et financier continu.<\/p>\n<p data-start=\"2887\" data-end=\"3210\">L\u2019atelier a \u00e9t\u00e9 lanc\u00e9 en pr\u00e9sence de plusieurs autorit\u00e9s administratives et \u00e9ducatives, dont le hakem mou\u00e7aid de la moughataa de Tidjikja, <strong>M. Khattar Ahmed Salem El-Keihel<\/strong>, ainsi que le directeur r\u00e9gional adjoint du minist\u00e8re de l\u2019\u00c9ducation nationale et de la R\u00e9forme de l\u2019Enseignement, <strong>M. Mohamed Mahmoud Zerrough<\/strong>.<\/p>\n<p data-start=\"3212\" data-end=\"3488\" data-is-last-node=\"\" data-is-only-node=\"\">Cette session marque ainsi le d\u00e9but d\u2019une s\u00e9rie d\u2019actions structurantes en faveur de l\u2019\u00e9ducation dans le Tagant, visant \u00e0 doter les \u00e9coles primaires d\u2019une gestion plus efficace, participative et inclusive, en phase avec les objectifs de l\u2019\u00c9cole r\u00e9publicaine mauritanienne.<\/p>\n","protected":false},"excerpt":{"rendered":"<p>Le wali mou\u00e7aid du Tagant, M. Abdelfattah Ahmed Hmeyti, a pr\u00e9sid\u00e9 mardi \u00e0 Tidjikja l\u2019ouverture officielle d\u2019un atelier de formation destin\u00e9 \u00e0 36 responsables de comit\u00e9s de gestion des \u00e9coles primaires de la wilaya. Cet atelier marque une nouvelle \u00e9tape dans le cadre des efforts nationaux et internationaux visant \u00e0 renforcer la gouvernance locale du&#8230;..<\/p>\n","protected":false},"author":12,"featured_media":30247,"comment_status":"open","ping_status":"open","sticky":false,"template":"","format":"standard","meta":{"footnotes":""},"categories":[23,55],"tags":[],"class_list":["post-30246","post","type-post","status-publish","format-standard","has-post-thumbnail","hentry","category-actualite","category-culture"],"yoast_head":"<!-- This site is optimized with the Yoast SEO plugin v27.5 - https:\/\/yoast.com\/product\/yoast-seo-wordpress\/ -->\n<title>Tidjikja : Lancement d\u2019un atelier de formation pour les comit\u00e9s de gestion des \u00e9coles primaires du Tagant - Le Quotidien de Nouakchott<\/title>\n<meta name=\"robots\" content=\"index, follow, max-snippet:-1, max-image-preview:large, max-video-preview:-1\" \/>\n<link rel=\"canonical\" href=\"https:\/\/lequotidien.mr\/?p=30246&lang=fr\" \/>\n<meta property=\"og:locale\" content=\"ar_AR\" \/>\n<meta property=\"og:type\" content=\"article\" \/>\n<meta property=\"og:title\" content=\"Tidjikja : Lancement d\u2019un atelier de formation pour les comit\u00e9s de gestion des \u00e9coles primaires du Tagant - Le Quotidien de Nouakchott\" \/>\n<meta property=\"og:description\" content=\"Le wali mou\u00e7aid du Tagant, M. Abdelfattah Ahmed Hmeyti, a pr\u00e9sid\u00e9 mardi \u00e0 Tidjikja l\u2019ouverture officielle d\u2019un atelier de formation destin\u00e9 \u00e0 36 responsables de comit\u00e9s de gestion des \u00e9coles primaires de la wilaya. Cet atelier marque une nouvelle \u00e9tape dans le cadre des efforts nationaux et internationaux visant \u00e0 renforcer la gouvernance locale du.....\" \/>\n<meta property=\"og:url\" content=\"https:\/\/lequotidien.mr\/?p=30246&amp;lang=fr\" \/>\n<meta property=\"og:site_name\" content=\"Le Quotidien de Nouakchott\" \/>\n<meta property=\"article:publisher\" content=\"https:\/\/web.facebook.com\/lequotidienmr\" \/>\n<meta property=\"article:published_time\" content=\"2025-08-19T20:42:57+00:00\" \/>\n<meta property=\"og:image\" content=\"https:\/\/lequotidien.mr\/wp-content\/uploads\/2025\/08\/photo-comite-gestion-ecoles.jpg\" \/>\n\t<meta property=\"og:image:width\" content=\"750\" \/>\n\t<meta property=\"og:image:height\" content=\"430\" \/>\n\t<meta property=\"og:image:type\" content=\"image\/jpeg\" \/>\n<meta name=\"author\" content=\"Med Ahmed\" \/>\n<meta name=\"twitter:card\" content=\"summary_large_image\" \/>\n<meta name=\"twitter:creator\" content=\"@lequotidienmr\" \/>\n<meta name=\"twitter:site\" content=\"@lequotidienmr\" \/>\n<meta name=\"twitter:label1\" content=\"\u0643\u064f\u062a\u0628 \u0628\u0648\u0627\u0633\u0637\u0629\" \/>\n\t<meta name=\"twitter:data1\" content=\"Med Ahmed\" \/>\n\t<meta name=\"twitter:label2\" content=\"\u0648\u0642\u062a \u0627\u0644\u0642\u0631\u0627\u0621\u0629 \u0627\u0644\u0645\u064f\u0642\u062f\u0651\u0631\" \/>\n\t<meta name=\"twitter:data2\" content=\"4 \u062f\u0642\u0627\u0626\u0642\" \/>\n<script type=\"application\/ld+json\" class=\"yoast-schema-graph\">{\"@context\":\"https:\\\/\\\/schema.org\",\"@graph\":[{\"@type\":\"Article\",\"@id\":\"https:\\\/\\\/lequotidien.mr\\\/?p=30246&lang=fr#article\",\"isPartOf\":{\"@id\":\"https:\\\/\\\/lequotidien.mr\\\/?p=30246&lang=fr\"},\"author\":{\"name\":\"Med Ahmed\",\"@id\":\"https:\\\/\\\/lequotidien.mr\\\/#\\\/schema\\\/person\\\/d2d350202a4d599685ed8abc25f97596\"},\"headline\":\"Tidjikja : Lancement d\u2019un atelier de formation pour les comit\u00e9s de gestion des \u00e9coles primaires du Tagant\",\"datePublished\":\"2025-08-19T20:42:57+00:00\",\"mainEntityOfPage\":{\"@id\":\"https:\\\/\\\/lequotidien.mr\\\/?p=30246&lang=fr\"},\"wordCount\":549,\"commentCount\":0,\"publisher\":{\"@id\":\"https:\\\/\\\/lequotidien.mr\\\/#organization\"},\"image\":{\"@id\":\"https:\\\/\\\/lequotidien.mr\\\/?p=30246&lang=fr#primaryimage\"},\"thumbnailUrl\":\"https:\\\/\\\/lequotidien.mr\\\/wp-content\\\/uploads\\\/2025\\\/08\\\/photo-comite-gestion-ecoles.jpg\",\"articleSection\":[\"ACTUALIT\u00c9\",\"Culture\"],\"inLanguage\":\"ar\",\"potentialAction\":[{\"@type\":\"CommentAction\",\"name\":\"Comment\",\"target\":[\"https:\\\/\\\/lequotidien.mr\\\/?p=30246&lang=fr#respond\"]}]},{\"@type\":\"WebPage\",\"@id\":\"https:\\\/\\\/lequotidien.mr\\\/?p=30246&lang=fr\",\"url\":\"https:\\\/\\\/lequotidien.mr\\\/?p=30246&lang=fr\",\"name\":\"Tidjikja : Lancement d\u2019un atelier de formation pour les comit\u00e9s de gestion des \u00e9coles primaires du Tagant - Le Quotidien de Nouakchott\",\"isPartOf\":{\"@id\":\"https:\\\/\\\/lequotidien.mr\\\/#website\"},\"primaryImageOfPage\":{\"@id\":\"https:\\\/\\\/lequotidien.mr\\\/?p=30246&lang=fr#primaryimage\"},\"image\":{\"@id\":\"https:\\\/\\\/lequotidien.mr\\\/?p=30246&lang=fr#primaryimage\"},\"thumbnailUrl\":\"https:\\\/\\\/lequotidien.mr\\\/wp-content\\\/uploads\\\/2025\\\/08\\\/photo-comite-gestion-ecoles.jpg\",\"datePublished\":\"2025-08-19T20:42:57+00:00\",\"breadcrumb\":{\"@id\":\"https:\\\/\\\/lequotidien.mr\\\/?p=30246&lang=fr#breadcrumb\"},\"inLanguage\":\"ar\",\"potentialAction\":[{\"@type\":\"ReadAction\",\"target\":[\"https:\\\/\\\/lequotidien.mr\\\/?p=30246&lang=fr\"]}]},{\"@type\":\"ImageObject\",\"inLanguage\":\"ar\",\"@id\":\"https:\\\/\\\/lequotidien.mr\\\/?p=30246&lang=fr#primaryimage\",\"url\":\"https:\\\/\\\/lequotidien.mr\\\/wp-content\\\/uploads\\\/2025\\\/08\\\/photo-comite-gestion-ecoles.jpg\",\"contentUrl\":\"https:\\\/\\\/lequotidien.mr\\\/wp-content\\\/uploads\\\/2025\\\/08\\\/photo-comite-gestion-ecoles.jpg\",\"width\":750,\"height\":430},{\"@type\":\"BreadcrumbList\",\"@id\":\"https:\\\/\\\/lequotidien.mr\\\/?p=30246&lang=fr#breadcrumb\",\"itemListElement\":[{\"@type\":\"ListItem\",\"position\":1,\"name\":\"Home\",\"item\":\"https:\\\/\\\/lequotidien.mr\\\/\"},{\"@type\":\"ListItem\",\"position\":2,\"name\":\"Tidjikja : Lancement d\u2019un atelier de formation pour les comit\u00e9s de gestion des \u00e9coles primaires du Tagant\"}]},{\"@type\":\"WebSite\",\"@id\":\"https:\\\/\\\/lequotidien.mr\\\/#website\",\"url\":\"https:\\\/\\\/lequotidien.mr\\\/\",\"name\":\"Le Quotidien de Nouakchott\",\"description\":\"\u0625\u062e\u0628\u0627\u0631\u064a\u0629 \u0645\u0633\u062a\u0642\u0644\u0629 \u0644\u0644\u0623\u0646\u0628\u0627\u0621 \u0627\u0644\u0639\u0627\u0645\u0629\",\"publisher\":{\"@id\":\"https:\\\/\\\/lequotidien.mr\\\/#organization\"},\"potentialAction\":[{\"@type\":\"SearchAction\",\"target\":{\"@type\":\"EntryPoint\",\"urlTemplate\":\"https:\\\/\\\/lequotidien.mr\\\/?s={search_term_string}\"},\"query-input\":{\"@type\":\"PropertyValueSpecification\",\"valueRequired\":true,\"valueName\":\"search_term_string\"}}],\"inLanguage\":\"ar\"},{\"@type\":\"Organization\",\"@id\":\"https:\\\/\\\/lequotidien.mr\\\/#organization\",\"name\":\"Le Quotidien de Nouakchott\",\"url\":\"https:\\\/\\\/lequotidien.mr\\\/\",\"logo\":{\"@type\":\"ImageObject\",\"inLanguage\":\"ar\",\"@id\":\"https:\\\/\\\/lequotidien.mr\\\/#\\\/schema\\\/logo\\\/image\\\/\",\"url\":\"https:\\\/\\\/lequotidien.mr\\\/wp-content\\\/uploads\\\/2022\\\/11\\\/logolequotidien.jpg\",\"contentUrl\":\"https:\\\/\\\/lequotidien.mr\\\/wp-content\\\/uploads\\\/2022\\\/11\\\/logolequotidien.jpg\",\"width\":290,\"height\":65,\"caption\":\"Le Quotidien de Nouakchott\"},\"image\":{\"@id\":\"https:\\\/\\\/lequotidien.mr\\\/#\\\/schema\\\/logo\\\/image\\\/\"},\"sameAs\":[\"https:\\\/\\\/web.facebook.com\\\/lequotidienmr\",\"https:\\\/\\\/x.com\\\/lequotidienmr\"]},{\"@type\":\"Person\",\"@id\":\"https:\\\/\\\/lequotidien.mr\\\/#\\\/schema\\\/person\\\/d2d350202a4d599685ed8abc25f97596\",\"name\":\"Med Ahmed\",\"image\":{\"@type\":\"ImageObject\",\"inLanguage\":\"ar\",\"@id\":\"https:\\\/\\\/secure.gravatar.com\\\/avatar\\\/fd2acc62ed50732923d1d39c17172c9b04149f142be92310ecc69e1358f94b52?s=96&d=mm&r=g\",\"url\":\"https:\\\/\\\/secure.gravatar.com\\\/avatar\\\/fd2acc62ed50732923d1d39c17172c9b04149f142be92310ecc69e1358f94b52?s=96&d=mm&r=g\",\"contentUrl\":\"https:\\\/\\\/secure.gravatar.com\\\/avatar\\\/fd2acc62ed50732923d1d39c17172c9b04149f142be92310ecc69e1358f94b52?s=96&d=mm&r=g\",\"caption\":\"Med Ahmed\"},\"url\":\"https:\\\/\\\/lequotidien.mr\\\/?author=12\"}]}<\/script>\n<!-- \/ Yoast SEO plugin. -->","yoast_head_json":{"title":"Tidjikja : Lancement d\u2019un atelier de formation pour les comit\u00e9s de gestion des \u00e9coles primaires du Tagant - Le Quotidien de Nouakchott","robots":{"index":"index","follow":"follow","max-snippet":"max-snippet:-1","max-image-preview":"max-image-preview:large","max-video-preview":"max-video-preview:-1"},"canonical":"https:\/\/lequotidien.mr\/?p=30246&lang=fr","og_locale":"ar_AR","og_type":"article","og_title":"Tidjikja : Lancement d\u2019un atelier de formation pour les comit\u00e9s de gestion des \u00e9coles primaires du Tagant - Le Quotidien de Nouakchott","og_description":"Le wali mou\u00e7aid du Tagant, M. Abdelfattah Ahmed Hmeyti, a pr\u00e9sid\u00e9 mardi \u00e0 Tidjikja l\u2019ouverture officielle d\u2019un atelier de formation destin\u00e9 \u00e0 36 responsables de comit\u00e9s de gestion des \u00e9coles primaires de la wilaya. Cet atelier marque une nouvelle \u00e9tape dans le cadre des efforts nationaux et internationaux visant \u00e0 renforcer la gouvernance locale du.....","og_url":"https:\/\/lequotidien.mr\/?p=30246&lang=fr","og_site_name":"Le Quotidien de Nouakchott","article_publisher":"https:\/\/web.facebook.com\/lequotidienmr","article_published_time":"2025-08-19T20:42:57+00:00","og_image":[{"width":750,"height":430,"url":"https:\/\/lequotidien.mr\/wp-content\/uploads\/2025\/08\/photo-comite-gestion-ecoles.jpg","type":"image\/jpeg"}],"author":"Med Ahmed","twitter_card":"summary_large_image","twitter_creator":"@lequotidienmr","twitter_site":"@lequotidienmr","twitter_misc":{"\u0643\u064f\u062a\u0628 \u0628\u0648\u0627\u0633\u0637\u0629":"Med Ahmed","\u0648\u0642\u062a \u0627\u0644\u0642\u0631\u0627\u0621\u0629 \u0627\u0644\u0645\u064f\u0642\u062f\u0651\u0631":"4 \u062f\u0642\u0627\u0626\u0642"},"schema":{"@context":"https:\/\/schema.org","@graph":[{"@type":"Article","@id":"https:\/\/lequotidien.mr\/?p=30246&lang=fr#article","isPartOf":{"@id":"https:\/\/lequotidien.mr\/?p=30246&lang=fr"},"author":{"name":"Med Ahmed","@id":"https:\/\/lequotidien.mr\/#\/schema\/person\/d2d350202a4d599685ed8abc25f97596"},"headline":"Tidjikja : Lancement d\u2019un atelier de formation pour les comit\u00e9s de gestion des \u00e9coles primaires du Tagant","datePublished":"2025-08-19T20:42:57+00:00","mainEntityOfPage":{"@id":"https:\/\/lequotidien.mr\/?p=30246&lang=fr"},"wordCount":549,"commentCount":0,"publisher":{"@id":"https:\/\/lequotidien.mr\/#organization"},"image":{"@id":"https:\/\/lequotidien.mr\/?p=30246&lang=fr#primaryimage"},"thumbnailUrl":"https:\/\/lequotidien.mr\/wp-content\/uploads\/2025\/08\/photo-comite-gestion-ecoles.jpg","articleSection":["ACTUALIT\u00c9","Culture"],"inLanguage":"ar","potentialAction":[{"@type":"CommentAction","name":"Comment","target":["https:\/\/lequotidien.mr\/?p=30246&lang=fr#respond"]}]},{"@type":"WebPage","@id":"https:\/\/lequotidien.mr\/?p=30246&lang=fr","url":"https:\/\/lequotidien.mr\/?p=30246&lang=fr","name":"Tidjikja : Lancement d\u2019un atelier de formation pour les comit\u00e9s de gestion des \u00e9coles primaires du Tagant - Le Quotidien de Nouakchott","isPartOf":{"@id":"https:\/\/lequotidien.mr\/#website"},"primaryImageOfPage":{"@id":"https:\/\/lequotidien.mr\/?p=30246&lang=fr#primaryimage"},"image":{"@id":"https:\/\/lequotidien.mr\/?p=30246&lang=fr#primaryimage"},"thumbnailUrl":"https:\/\/lequotidien.mr\/wp-content\/uploads\/2025\/08\/photo-comite-gestion-ecoles.jpg","datePublished":"2025-08-19T20:42:57+00:00","breadcrumb":{"@id":"https:\/\/lequotidien.mr\/?p=30246&lang=fr#breadcrumb"},"inLanguage":"ar","potentialAction":[{"@type":"ReadAction","target":["https:\/\/lequotidien.mr\/?p=30246&lang=fr"]}]},{"@type":"ImageObject","inLanguage":"ar","@id":"https:\/\/lequotidien.mr\/?p=30246&lang=fr#primaryimage","url":"https:\/\/lequotidien.mr\/wp-content\/uploads\/2025\/08\/photo-comite-gestion-ecoles.jpg","contentUrl":"https:\/\/lequotidien.mr\/wp-content\/uploads\/2025\/08\/photo-comite-gestion-ecoles.jpg","width":750,"height":430},{"@type":"BreadcrumbList","@id":"https:\/\/lequotidien.mr\/?p=30246&lang=fr#breadcrumb","itemListElement":[{"@type":"ListItem","position":1,"name":"Home","item":"https:\/\/lequotidien.mr\/"},{"@type":"ListItem","position":2,"name":"Tidjikja : Lancement d\u2019un atelier de formation pour les comit\u00e9s de gestion des \u00e9coles primaires du Tagant"}]},{"@type":"WebSite","@id":"https:\/\/lequotidien.mr\/#website","url":"https:\/\/lequotidien.mr\/","name":"Le Quotidien de Nouakchott","description":"\u0625\u062e\u0628\u0627\u0631\u064a\u0629 \u0645\u0633\u062a\u0642\u0644\u0629 \u0644\u0644\u0623\u0646\u0628\u0627\u0621 \u0627\u0644\u0639\u0627\u0645\u0629","publisher":{"@id":"https:\/\/lequotidien.mr\/#organization"},"potentialAction":[{"@type":"SearchAction","target":{"@type":"EntryPoint","urlTemplate":"https:\/\/lequotidien.mr\/?s={search_term_string}"},"query-input":{"@type":"PropertyValueSpecification","valueRequired":true,"valueName":"search_term_string"}}],"inLanguage":"ar"},{"@type":"Organization","@id":"https:\/\/lequotidien.mr\/#organization","name":"Le Quotidien de Nouakchott","url":"https:\/\/lequotidien.mr\/","logo":{"@type":"ImageObject","inLanguage":"ar","@id":"https:\/\/lequotidien.mr\/#\/schema\/logo\/image\/","url":"https:\/\/lequotidien.mr\/wp-content\/uploads\/2022\/11\/logolequotidien.jpg","contentUrl":"https:\/\/lequotidien.mr\/wp-content\/uploads\/2022\/11\/logolequotidien.jpg","width":290,"height":65,"caption":"Le Quotidien de Nouakchott"},"image":{"@id":"https:\/\/lequotidien.mr\/#\/schema\/logo\/image\/"},"sameAs":["https:\/\/web.facebook.com\/lequotidienmr","https:\/\/x.com\/lequotidienmr"]},{"@type":"Person","@id":"https:\/\/lequotidien.mr\/#\/schema\/person\/d2d350202a4d599685ed8abc25f97596","name":"Med Ahmed","image":{"@type":"ImageObject","inLanguage":"ar","@id":"https:\/\/secure.gravatar.com\/avatar\/fd2acc62ed50732923d1d39c17172c9b04149f142be92310ecc69e1358f94b52?s=96&d=mm&r=g","url":"https:\/\/secure.gravatar.com\/avatar\/fd2acc62ed50732923d1d39c17172c9b04149f142be92310ecc69e1358f94b52?s=96&d=mm&r=g","contentUrl":"https:\/\/secure.gravatar.com\/avatar\/fd2acc62ed50732923d1d39c17172c9b04149f142be92310ecc69e1358f94b52?s=96&d=mm&r=g","caption":"Med Ahmed"},"url":"https:\/\/lequotidien.mr\/?author=12"}]}},"_links":{"self":[{"href":"https:\/\/lequotidien.mr\/index.php?rest_route=\/wp\/v2\/posts\/30246","targetHints":{"allow":["GET"]}}],"collection":[{"href":"https:\/\/lequotidien.mr\/index.php?rest_route=\/wp\/v2\/posts"}],"about":[{"href":"https:\/\/lequotidien.mr\/index.php?rest_route=\/wp\/v2\/types\/post"}],"author":[{"embeddable":true,"href":"https:\/\/lequotidien.mr\/index.php?rest_route=\/wp\/v2\/users\/12"}],"replies":[{"embeddable":true,"href":"https:\/\/lequotidien.mr\/index.php?rest_route=%2Fwp%2Fv2%2Fcomments&post=30246"}],"version-history":[{"count":1,"href":"https:\/\/lequotidien.mr\/index.php?rest_route=\/wp\/v2\/posts\/30246\/revisions"}],"predecessor-version":[{"id":30248,"href":"https:\/\/lequotidien.mr\/index.php?rest_route=\/wp\/v2\/posts\/30246\/revisions\/30248"}],"wp:featuredmedia":[{"embeddable":true,"href":"https:\/\/lequotidien.mr\/index.php?rest_route=\/wp\/v2\/media\/30247"}],"wp:attachment":[{"href":"https:\/\/lequotidien.mr\/index.php?rest_route=%2Fwp%2Fv2%2Fmedia&parent=30246"}],"wp:term":[{"taxonomy":"category","embeddable":true,"href":"https:\/\/lequotidien.mr\/index.php?rest_route=%2Fwp%2Fv2%2Fcategories&post=30246"},{"taxonomy":"post_tag","embeddable":true,"href":"https:\/\/lequotidien.mr\/index.php?rest_route=%2Fwp%2Fv2%2Ftags&post=30246"}],"curies":[{"name":"wp","href":"https:\/\/api.w.org\/{rel}","templated":true}]}}