{"id":30243,"date":"2025-08-19T20:22:55","date_gmt":"2025-08-19T20:22:55","guid":{"rendered":"https:\/\/lequotidien.mr\/?p=30243"},"modified":"2025-08-19T20:22:55","modified_gmt":"2025-08-19T20:22:55","slug":"nouakchott-abrite-latelier-du-comite-des-villes-et-le-developpement-durable-de-laimf","status":"publish","type":"post","link":"https:\/\/lequotidien.mr\/?p=30243&lang=fr","title":{"rendered":"Nouakchott abrite l\u2019atelier du Comit\u00e9 des villes et le d\u00e9veloppement durable de l\u2019AIMF"},"content":{"rendered":"<p>La pr\u00e9sidente de la R\u00e9gion de Nouakchott, <strong>Mme<\/strong> <strong data-start=\"171\" data-end=\"197\">Fatimetou Abdel Maleck<\/strong>, a supervis\u00e9 ce mardi matin l\u2019ouverture officielle de l\u2019atelier de terrain du <strong data-start=\"276\" data-end=\"325\">Comit\u00e9 des Villes et du D\u00e9veloppement durable<\/strong> de l\u2019<strong data-start=\"331\" data-end=\"392\">Association Internationale des Maires Francophones (AIMF)<\/strong>, en pr\u00e9sence de plusieurs maires et repr\u00e9sentants de villes francophones engag\u00e9s dans les enjeux du d\u00e9veloppement durable.<\/p>\n<p><strong>Un espace d\u2019\u00e9change sur les enjeux climatiques<\/strong><\/p>\n<p data-start=\"574\" data-end=\"919\">Organis\u00e9 sur deux jours, cet atelier vise \u00e0 favoriser l\u2019\u00e9change d\u2019expertise et de bonnes pratiques entre les villes membres de l\u2019AIMF. Les discussions porteront sur des th\u00e9matiques essentielles telles que le changement climatique, la planification urbaine durable, la r\u00e9silience urbaine et les strat\u00e9gies d\u2019adaptation aux effets climatiques.<\/p>\n<p data-start=\"921\" data-end=\"1321\">Dans son allocution d\u2019ouverture, la pr\u00e9sidente de la R\u00e9gion de Nouakchott a salu\u00e9 la tenue de cet \u00e9v\u00e9nement qui constitue, selon elle, \u00ab la premi\u00e8re activit\u00e9 organis\u00e9e dans le cadre des r\u00e9centes r\u00e9formes structurelles des commissions de l\u2019AIMF \u00bb, lesquelles ont permis \u00e0 Nouakchott de devenir <strong data-start=\"1214\" data-end=\"1309\">co-pr\u00e9sidente du Comit\u00e9 \u201cVilles et d\u00e9veloppement durable\u201d <\/strong>aux c\u00f4t\u00e9s de la ville de Lausanne, en Suisse.<\/p>\n<p><strong>Nouakchott : un r\u00f4le central dans la dynamique francophone<\/strong><\/p>\n<p data-start=\"1392\" data-end=\"1845\">Fatimetou Abdel Maleck a soulign\u00e9 l\u2019importance de cette co-pr\u00e9sidence pour la r\u00e9gion de Nouakchott, qui renforce ainsi sa visibilit\u00e9 sur la sc\u00e8ne internationale en mati\u00e8re de gouvernance urbaine durable. Elle a rappel\u00e9 que cet atelier s\u2019inscrit dans la continuit\u00e9 des efforts d\u00e9ploy\u00e9s par le comit\u00e9, et repr\u00e9sente une opportunit\u00e9 pour les participants de d\u00e9couvrir l\u2019exp\u00e9rience locale de Nouakchott dans la lutte contre le changement climatique.<\/p>\n<p data-start=\"1847\" data-end=\"2101\">Les participants auront ainsi acc\u00e8s \u00e0 des pr\u00e9sentations de projets mod\u00e8les men\u00e9s dans la capitale mauritanienne, touchant aussi bien aux volets th\u00e9oriques que pratiques, avec une attention particuli\u00e8re port\u00e9e aux initiatives concr\u00e8tes sur le terrain.<\/p>\n<p><strong>Un partenariat exemplaire entre Nouakchott et Lausanne<\/strong><\/p>\n<p data-start=\"2168\" data-end=\"2657\">Prenant la parole \u00e0 son tour, <strong>M.<\/strong> <strong data-start=\"2198\" data-end=\"2216\">Gr\u00e9goire Junod<\/strong>, maire de Lausanne et co-pr\u00e9sident de la commission, a salu\u00e9 la qualit\u00e9 de la coop\u00e9ration entre sa ville et la r\u00e9gion de Nouakchott. Il a rappel\u00e9 que ce partenariat, qui dure depuis <strong data-start=\"2399\" data-end=\"2417\">plus de 16 ans<\/strong>, constitue un exemple inspirant de collaboration d\u00e9centralis\u00e9e, notamment dans des secteurs essentiels tels que l\u2019approvisionnement en eau potable et l\u2019assainissement dans les quartiers d\u00e9favoris\u00e9s de la capitale mauritanienne.<\/p>\n<p>M. Junod a pr\u00e9cis\u00e9 que l\u2019atelier permettra \u00e0 Nouakchott de renforcer son expertise en mati\u00e8re de planification climatique, gr\u00e2ce \u00e0 des projets concrets comme :<\/p>\n<p data-start=\"2825\" data-end=\"2876\">La <strong data-start=\"2828\" data-end=\"2860\">pr\u00e9paration d\u2019un plan climat<\/strong> pour la ville ;<\/p>\n<p data-start=\"2879\" data-end=\"2958\">La <strong data-start=\"2882\" data-end=\"2931\">mise en \u0153uvre de projets pilotes d\u2019adaptation<\/strong> au changement climatique ;<\/p>\n<p data-start=\"2961\" data-end=\"3017\">L\u2019\u00e9laboration d\u2019un <strong data-start=\"2980\" data-end=\"3016\">plan de mobilit\u00e9 urbaine durable<\/strong>.<\/p>\n","protected":false},"excerpt":{"rendered":"<p>La pr\u00e9sidente de la R\u00e9gion de Nouakchott, Mme Fatimetou Abdel Maleck, a supervis\u00e9 ce mardi matin l\u2019ouverture officielle de l\u2019atelier de terrain du Comit\u00e9 des Villes et du D\u00e9veloppement durable de l\u2019Association Internationale des Maires Francophones (AIMF), en pr\u00e9sence de plusieurs maires et repr\u00e9sentants de villes francophones engag\u00e9s dans les enjeux du d\u00e9veloppement durable. Un&#8230;..<\/p>\n","protected":false},"author":12,"featured_media":30244,"comment_status":"open","ping_status":"open","sticky":false,"template":"","format":"standard","meta":{"footnotes":""},"categories":[23,49,55],"tags":[],"class_list":["post-30243","post","type-post","status-publish","format-standard","has-post-thumbnail","hentry","category-actualite","category-economie","category-culture"],"yoast_head":"<!-- This site is optimized with the Yoast SEO plugin v27.5 - https:\/\/yoast.com\/product\/yoast-seo-wordpress\/ -->\n<title>Nouakchott abrite l\u2019atelier du Comit\u00e9 des villes et le d\u00e9veloppement durable de l\u2019AIMF - Le Quotidien de Nouakchott<\/title>\n<meta name=\"robots\" content=\"index, follow, max-snippet:-1, max-image-preview:large, max-video-preview:-1\" \/>\n<link rel=\"canonical\" href=\"https:\/\/lequotidien.mr\/?p=30243&lang=fr\" \/>\n<meta property=\"og:locale\" content=\"ar_AR\" \/>\n<meta property=\"og:type\" content=\"article\" \/>\n<meta property=\"og:title\" content=\"Nouakchott abrite l\u2019atelier du Comit\u00e9 des villes et le d\u00e9veloppement durable de l\u2019AIMF - Le Quotidien de Nouakchott\" \/>\n<meta property=\"og:description\" content=\"La pr\u00e9sidente de la R\u00e9gion de Nouakchott, Mme Fatimetou Abdel Maleck, a supervis\u00e9 ce mardi matin l\u2019ouverture officielle de l\u2019atelier de terrain du Comit\u00e9 des Villes et du D\u00e9veloppement durable de l\u2019Association Internationale des Maires Francophones (AIMF), en pr\u00e9sence de plusieurs maires et repr\u00e9sentants de villes francophones engag\u00e9s dans les enjeux du d\u00e9veloppement durable. Un.....\" \/>\n<meta property=\"og:url\" content=\"https:\/\/lequotidien.mr\/?p=30243&amp;lang=fr\" \/>\n<meta property=\"og:site_name\" content=\"Le Quotidien de Nouakchott\" \/>\n<meta property=\"article:publisher\" content=\"https:\/\/web.facebook.com\/lequotidienmr\" \/>\n<meta property=\"article:published_time\" content=\"2025-08-19T20:22:55+00:00\" \/>\n<meta property=\"og:image\" content=\"https:\/\/lequotidien.mr\/wp-content\/uploads\/2025\/08\/photo-AIMF.jpg\" \/>\n\t<meta property=\"og:image:width\" content=\"644\" \/>\n\t<meta property=\"og:image:height\" content=\"430\" \/>\n\t<meta property=\"og:image:type\" content=\"image\/jpeg\" \/>\n<meta name=\"author\" content=\"Med Ahmed\" \/>\n<meta name=\"twitter:card\" content=\"summary_large_image\" \/>\n<meta name=\"twitter:creator\" content=\"@lequotidienmr\" \/>\n<meta name=\"twitter:site\" content=\"@lequotidienmr\" \/>\n<meta name=\"twitter:label1\" content=\"\u0643\u064f\u062a\u0628 \u0628\u0648\u0627\u0633\u0637\u0629\" \/>\n\t<meta name=\"twitter:data1\" content=\"Med Ahmed\" \/>\n\t<meta name=\"twitter:label2\" content=\"\u0648\u0642\u062a \u0627\u0644\u0642\u0631\u0627\u0621\u0629 \u0627\u0644\u0645\u064f\u0642\u062f\u0651\u0631\" \/>\n\t<meta name=\"twitter:data2\" content=\"3 \u062f\u0642\u0627\u0626\u0642\" \/>\n<script type=\"application\/ld+json\" class=\"yoast-schema-graph\">{\"@context\":\"https:\\\/\\\/schema.org\",\"@graph\":[{\"@type\":\"Article\",\"@id\":\"https:\\\/\\\/lequotidien.mr\\\/?p=30243&lang=fr#article\",\"isPartOf\":{\"@id\":\"https:\\\/\\\/lequotidien.mr\\\/?p=30243&lang=fr\"},\"author\":{\"name\":\"Med Ahmed\",\"@id\":\"https:\\\/\\\/lequotidien.mr\\\/#\\\/schema\\\/person\\\/d2d350202a4d599685ed8abc25f97596\"},\"headline\":\"Nouakchott abrite l\u2019atelier du Comit\u00e9 des villes et le d\u00e9veloppement durable de l\u2019AIMF\",\"datePublished\":\"2025-08-19T20:22:55+00:00\",\"mainEntityOfPage\":{\"@id\":\"https:\\\/\\\/lequotidien.mr\\\/?p=30243&lang=fr\"},\"wordCount\":486,\"commentCount\":0,\"publisher\":{\"@id\":\"https:\\\/\\\/lequotidien.mr\\\/#organization\"},\"image\":{\"@id\":\"https:\\\/\\\/lequotidien.mr\\\/?p=30243&lang=fr#primaryimage\"},\"thumbnailUrl\":\"https:\\\/\\\/lequotidien.mr\\\/wp-content\\\/uploads\\\/2025\\\/08\\\/photo-AIMF.jpg\",\"articleSection\":[\"ACTUALIT\u00c9\",\"Economie\",\"Culture\"],\"inLanguage\":\"ar\",\"potentialAction\":[{\"@type\":\"CommentAction\",\"name\":\"Comment\",\"target\":[\"https:\\\/\\\/lequotidien.mr\\\/?p=30243&lang=fr#respond\"]}]},{\"@type\":\"WebPage\",\"@id\":\"https:\\\/\\\/lequotidien.mr\\\/?p=30243&lang=fr\",\"url\":\"https:\\\/\\\/lequotidien.mr\\\/?p=30243&lang=fr\",\"name\":\"Nouakchott abrite l\u2019atelier du Comit\u00e9 des villes et le d\u00e9veloppement durable de l\u2019AIMF - Le Quotidien de Nouakchott\",\"isPartOf\":{\"@id\":\"https:\\\/\\\/lequotidien.mr\\\/#website\"},\"primaryImageOfPage\":{\"@id\":\"https:\\\/\\\/lequotidien.mr\\\/?p=30243&lang=fr#primaryimage\"},\"image\":{\"@id\":\"https:\\\/\\\/lequotidien.mr\\\/?p=30243&lang=fr#primaryimage\"},\"thumbnailUrl\":\"https:\\\/\\\/lequotidien.mr\\\/wp-content\\\/uploads\\\/2025\\\/08\\\/photo-AIMF.jpg\",\"datePublished\":\"2025-08-19T20:22:55+00:00\",\"breadcrumb\":{\"@id\":\"https:\\\/\\\/lequotidien.mr\\\/?p=30243&lang=fr#breadcrumb\"},\"inLanguage\":\"ar\",\"potentialAction\":[{\"@type\":\"ReadAction\",\"target\":[\"https:\\\/\\\/lequotidien.mr\\\/?p=30243&lang=fr\"]}]},{\"@type\":\"ImageObject\",\"inLanguage\":\"ar\",\"@id\":\"https:\\\/\\\/lequotidien.mr\\\/?p=30243&lang=fr#primaryimage\",\"url\":\"https:\\\/\\\/lequotidien.mr\\\/wp-content\\\/uploads\\\/2025\\\/08\\\/photo-AIMF.jpg\",\"contentUrl\":\"https:\\\/\\\/lequotidien.mr\\\/wp-content\\\/uploads\\\/2025\\\/08\\\/photo-AIMF.jpg\",\"width\":644,\"height\":430},{\"@type\":\"BreadcrumbList\",\"@id\":\"https:\\\/\\\/lequotidien.mr\\\/?p=30243&lang=fr#breadcrumb\",\"itemListElement\":[{\"@type\":\"ListItem\",\"position\":1,\"name\":\"Home\",\"item\":\"https:\\\/\\\/lequotidien.mr\\\/\"},{\"@type\":\"ListItem\",\"position\":2,\"name\":\"Nouakchott abrite l\u2019atelier du Comit\u00e9 des villes et le d\u00e9veloppement durable de l\u2019AIMF\"}]},{\"@type\":\"WebSite\",\"@id\":\"https:\\\/\\\/lequotidien.mr\\\/#website\",\"url\":\"https:\\\/\\\/lequotidien.mr\\\/\",\"name\":\"Le Quotidien de Nouakchott\",\"description\":\"\u0625\u062e\u0628\u0627\u0631\u064a\u0629 \u0645\u0633\u062a\u0642\u0644\u0629 \u0644\u0644\u0623\u0646\u0628\u0627\u0621 \u0627\u0644\u0639\u0627\u0645\u0629\",\"publisher\":{\"@id\":\"https:\\\/\\\/lequotidien.mr\\\/#organization\"},\"potentialAction\":[{\"@type\":\"SearchAction\",\"target\":{\"@type\":\"EntryPoint\",\"urlTemplate\":\"https:\\\/\\\/lequotidien.mr\\\/?s={search_term_string}\"},\"query-input\":{\"@type\":\"PropertyValueSpecification\",\"valueRequired\":true,\"valueName\":\"search_term_string\"}}],\"inLanguage\":\"ar\"},{\"@type\":\"Organization\",\"@id\":\"https:\\\/\\\/lequotidien.mr\\\/#organization\",\"name\":\"Le Quotidien de Nouakchott\",\"url\":\"https:\\\/\\\/lequotidien.mr\\\/\",\"logo\":{\"@type\":\"ImageObject\",\"inLanguage\":\"ar\",\"@id\":\"https:\\\/\\\/lequotidien.mr\\\/#\\\/schema\\\/logo\\\/image\\\/\",\"url\":\"https:\\\/\\\/lequotidien.mr\\\/wp-content\\\/uploads\\\/2022\\\/11\\\/logolequotidien.jpg\",\"contentUrl\":\"https:\\\/\\\/lequotidien.mr\\\/wp-content\\\/uploads\\\/2022\\\/11\\\/logolequotidien.jpg\",\"width\":290,\"height\":65,\"caption\":\"Le Quotidien de Nouakchott\"},\"image\":{\"@id\":\"https:\\\/\\\/lequotidien.mr\\\/#\\\/schema\\\/logo\\\/image\\\/\"},\"sameAs\":[\"https:\\\/\\\/web.facebook.com\\\/lequotidienmr\",\"https:\\\/\\\/x.com\\\/lequotidienmr\"]},{\"@type\":\"Person\",\"@id\":\"https:\\\/\\\/lequotidien.mr\\\/#\\\/schema\\\/person\\\/d2d350202a4d599685ed8abc25f97596\",\"name\":\"Med Ahmed\",\"image\":{\"@type\":\"ImageObject\",\"inLanguage\":\"ar\",\"@id\":\"https:\\\/\\\/secure.gravatar.com\\\/avatar\\\/fd2acc62ed50732923d1d39c17172c9b04149f142be92310ecc69e1358f94b52?s=96&d=mm&r=g\",\"url\":\"https:\\\/\\\/secure.gravatar.com\\\/avatar\\\/fd2acc62ed50732923d1d39c17172c9b04149f142be92310ecc69e1358f94b52?s=96&d=mm&r=g\",\"contentUrl\":\"https:\\\/\\\/secure.gravatar.com\\\/avatar\\\/fd2acc62ed50732923d1d39c17172c9b04149f142be92310ecc69e1358f94b52?s=96&d=mm&r=g\",\"caption\":\"Med Ahmed\"},\"url\":\"https:\\\/\\\/lequotidien.mr\\\/?author=12\"}]}<\/script>\n<!-- \/ Yoast SEO plugin. -->","yoast_head_json":{"title":"Nouakchott abrite l\u2019atelier du Comit\u00e9 des villes et le d\u00e9veloppement durable de l\u2019AIMF - Le Quotidien de Nouakchott","robots":{"index":"index","follow":"follow","max-snippet":"max-snippet:-1","max-image-preview":"max-image-preview:large","max-video-preview":"max-video-preview:-1"},"canonical":"https:\/\/lequotidien.mr\/?p=30243&lang=fr","og_locale":"ar_AR","og_type":"article","og_title":"Nouakchott abrite l\u2019atelier du Comit\u00e9 des villes et le d\u00e9veloppement durable de l\u2019AIMF - Le Quotidien de Nouakchott","og_description":"La pr\u00e9sidente de la R\u00e9gion de Nouakchott, Mme Fatimetou Abdel Maleck, a supervis\u00e9 ce mardi matin l\u2019ouverture officielle de l\u2019atelier de terrain du Comit\u00e9 des Villes et du D\u00e9veloppement durable de l\u2019Association Internationale des Maires Francophones (AIMF), en pr\u00e9sence de plusieurs maires et repr\u00e9sentants de villes francophones engag\u00e9s dans les enjeux du d\u00e9veloppement durable. Un.....","og_url":"https:\/\/lequotidien.mr\/?p=30243&lang=fr","og_site_name":"Le Quotidien de Nouakchott","article_publisher":"https:\/\/web.facebook.com\/lequotidienmr","article_published_time":"2025-08-19T20:22:55+00:00","og_image":[{"width":644,"height":430,"url":"https:\/\/lequotidien.mr\/wp-content\/uploads\/2025\/08\/photo-AIMF.jpg","type":"image\/jpeg"}],"author":"Med Ahmed","twitter_card":"summary_large_image","twitter_creator":"@lequotidienmr","twitter_site":"@lequotidienmr","twitter_misc":{"\u0643\u064f\u062a\u0628 \u0628\u0648\u0627\u0633\u0637\u0629":"Med Ahmed","\u0648\u0642\u062a \u0627\u0644\u0642\u0631\u0627\u0621\u0629 \u0627\u0644\u0645\u064f\u0642\u062f\u0651\u0631":"3 \u062f\u0642\u0627\u0626\u0642"},"schema":{"@context":"https:\/\/schema.org","@graph":[{"@type":"Article","@id":"https:\/\/lequotidien.mr\/?p=30243&lang=fr#article","isPartOf":{"@id":"https:\/\/lequotidien.mr\/?p=30243&lang=fr"},"author":{"name":"Med Ahmed","@id":"https:\/\/lequotidien.mr\/#\/schema\/person\/d2d350202a4d599685ed8abc25f97596"},"headline":"Nouakchott abrite l\u2019atelier du Comit\u00e9 des villes et le d\u00e9veloppement durable de l\u2019AIMF","datePublished":"2025-08-19T20:22:55+00:00","mainEntityOfPage":{"@id":"https:\/\/lequotidien.mr\/?p=30243&lang=fr"},"wordCount":486,"commentCount":0,"publisher":{"@id":"https:\/\/lequotidien.mr\/#organization"},"image":{"@id":"https:\/\/lequotidien.mr\/?p=30243&lang=fr#primaryimage"},"thumbnailUrl":"https:\/\/lequotidien.mr\/wp-content\/uploads\/2025\/08\/photo-AIMF.jpg","articleSection":["ACTUALIT\u00c9","Economie","Culture"],"inLanguage":"ar","potentialAction":[{"@type":"CommentAction","name":"Comment","target":["https:\/\/lequotidien.mr\/?p=30243&lang=fr#respond"]}]},{"@type":"WebPage","@id":"https:\/\/lequotidien.mr\/?p=30243&lang=fr","url":"https:\/\/lequotidien.mr\/?p=30243&lang=fr","name":"Nouakchott abrite l\u2019atelier du Comit\u00e9 des villes et le d\u00e9veloppement durable de l\u2019AIMF - Le Quotidien de Nouakchott","isPartOf":{"@id":"https:\/\/lequotidien.mr\/#website"},"primaryImageOfPage":{"@id":"https:\/\/lequotidien.mr\/?p=30243&lang=fr#primaryimage"},"image":{"@id":"https:\/\/lequotidien.mr\/?p=30243&lang=fr#primaryimage"},"thumbnailUrl":"https:\/\/lequotidien.mr\/wp-content\/uploads\/2025\/08\/photo-AIMF.jpg","datePublished":"2025-08-19T20:22:55+00:00","breadcrumb":{"@id":"https:\/\/lequotidien.mr\/?p=30243&lang=fr#breadcrumb"},"inLanguage":"ar","potentialAction":[{"@type":"ReadAction","target":["https:\/\/lequotidien.mr\/?p=30243&lang=fr"]}]},{"@type":"ImageObject","inLanguage":"ar","@id":"https:\/\/lequotidien.mr\/?p=30243&lang=fr#primaryimage","url":"https:\/\/lequotidien.mr\/wp-content\/uploads\/2025\/08\/photo-AIMF.jpg","contentUrl":"https:\/\/lequotidien.mr\/wp-content\/uploads\/2025\/08\/photo-AIMF.jpg","width":644,"height":430},{"@type":"BreadcrumbList","@id":"https:\/\/lequotidien.mr\/?p=30243&lang=fr#breadcrumb","itemListElement":[{"@type":"ListItem","position":1,"name":"Home","item":"https:\/\/lequotidien.mr\/"},{"@type":"ListItem","position":2,"name":"Nouakchott abrite l\u2019atelier du Comit\u00e9 des villes et le d\u00e9veloppement durable de l\u2019AIMF"}]},{"@type":"WebSite","@id":"https:\/\/lequotidien.mr\/#website","url":"https:\/\/lequotidien.mr\/","name":"Le Quotidien de Nouakchott","description":"\u0625\u062e\u0628\u0627\u0631\u064a\u0629 \u0645\u0633\u062a\u0642\u0644\u0629 \u0644\u0644\u0623\u0646\u0628\u0627\u0621 \u0627\u0644\u0639\u0627\u0645\u0629","publisher":{"@id":"https:\/\/lequotidien.mr\/#organization"},"potentialAction":[{"@type":"SearchAction","target":{"@type":"EntryPoint","urlTemplate":"https:\/\/lequotidien.mr\/?s={search_term_string}"},"query-input":{"@type":"PropertyValueSpecification","valueRequired":true,"valueName":"search_term_string"}}],"inLanguage":"ar"},{"@type":"Organization","@id":"https:\/\/lequotidien.mr\/#organization","name":"Le Quotidien de Nouakchott","url":"https:\/\/lequotidien.mr\/","logo":{"@type":"ImageObject","inLanguage":"ar","@id":"https:\/\/lequotidien.mr\/#\/schema\/logo\/image\/","url":"https:\/\/lequotidien.mr\/wp-content\/uploads\/2022\/11\/logolequotidien.jpg","contentUrl":"https:\/\/lequotidien.mr\/wp-content\/uploads\/2022\/11\/logolequotidien.jpg","width":290,"height":65,"caption":"Le Quotidien de Nouakchott"},"image":{"@id":"https:\/\/lequotidien.mr\/#\/schema\/logo\/image\/"},"sameAs":["https:\/\/web.facebook.com\/lequotidienmr","https:\/\/x.com\/lequotidienmr"]},{"@type":"Person","@id":"https:\/\/lequotidien.mr\/#\/schema\/person\/d2d350202a4d599685ed8abc25f97596","name":"Med Ahmed","image":{"@type":"ImageObject","inLanguage":"ar","@id":"https:\/\/secure.gravatar.com\/avatar\/fd2acc62ed50732923d1d39c17172c9b04149f142be92310ecc69e1358f94b52?s=96&d=mm&r=g","url":"https:\/\/secure.gravatar.com\/avatar\/fd2acc62ed50732923d1d39c17172c9b04149f142be92310ecc69e1358f94b52?s=96&d=mm&r=g","contentUrl":"https:\/\/secure.gravatar.com\/avatar\/fd2acc62ed50732923d1d39c17172c9b04149f142be92310ecc69e1358f94b52?s=96&d=mm&r=g","caption":"Med Ahmed"},"url":"https:\/\/lequotidien.mr\/?author=12"}]}},"_links":{"self":[{"href":"https:\/\/lequotidien.mr\/index.php?rest_route=\/wp\/v2\/posts\/30243","targetHints":{"allow":["GET"]}}],"collection":[{"href":"https:\/\/lequotidien.mr\/index.php?rest_route=\/wp\/v2\/posts"}],"about":[{"href":"https:\/\/lequotidien.mr\/index.php?rest_route=\/wp\/v2\/types\/post"}],"author":[{"embeddable":true,"href":"https:\/\/lequotidien.mr\/index.php?rest_route=\/wp\/v2\/users\/12"}],"replies":[{"embeddable":true,"href":"https:\/\/lequotidien.mr\/index.php?rest_route=%2Fwp%2Fv2%2Fcomments&post=30243"}],"version-history":[{"count":1,"href":"https:\/\/lequotidien.mr\/index.php?rest_route=\/wp\/v2\/posts\/30243\/revisions"}],"predecessor-version":[{"id":30245,"href":"https:\/\/lequotidien.mr\/index.php?rest_route=\/wp\/v2\/posts\/30243\/revisions\/30245"}],"wp:featuredmedia":[{"embeddable":true,"href":"https:\/\/lequotidien.mr\/index.php?rest_route=\/wp\/v2\/media\/30244"}],"wp:attachment":[{"href":"https:\/\/lequotidien.mr\/index.php?rest_route=%2Fwp%2Fv2%2Fmedia&parent=30243"}],"wp:term":[{"taxonomy":"category","embeddable":true,"href":"https:\/\/lequotidien.mr\/index.php?rest_route=%2Fwp%2Fv2%2Fcategories&post=30243"},{"taxonomy":"post_tag","embeddable":true,"href":"https:\/\/lequotidien.mr\/index.php?rest_route=%2Fwp%2Fv2%2Ftags&post=30243"}],"curies":[{"name":"wp","href":"https:\/\/api.w.org\/{rel}","templated":true}]}}