{"id":30212,"date":"2025-08-18T23:48:40","date_gmt":"2025-08-18T23:48:40","guid":{"rendered":"https:\/\/lequotidien.mr\/?p=30212"},"modified":"2025-08-18T23:48:40","modified_gmt":"2025-08-18T23:48:40","slug":"le-ministre-de-la-culture-supervise-le-lancement-de-la-premiere-edition-du-moussem-daleg-pour-promouvoir-la-citoyennete-encourager-la-creativite-et-soutenir-le-developpement-local","status":"publish","type":"post","link":"https:\/\/lequotidien.mr\/?p=30212&lang=fr","title":{"rendered":"Le ministre de la culture supervise le lancement de la premi\u00e8re \u00e9dition du Moussem d\u2019Aleg pour promouvoir la citoyennet\u00e9, encourager la cr\u00e9ativit\u00e9 et soutenir le d\u00e9veloppement local"},"content":{"rendered":"<p>Le ministre de la Culture, des Arts, de la Communication et des Relations avec le Parlement, porte-parole du gouvernement, <strong data-start=\"278\" data-end=\"300\">M. Houssein Meddou<\/strong>, a supervis\u00e9 hier soir, aux c\u00f4t\u00e9s du wali adjoint du Brakna<strong>,<\/strong> <strong data-start=\"366\" data-end=\"406\">M. Sidi Mohamed Abdallahi El Bounani<\/strong>, le lancement officiel de la premi\u00e8re \u00e9dition du Moussem d\u2019Aleg, un \u00e9v\u00e9nement culturel in\u00e9dit dans la r\u00e9gion.<\/p>\n<p><strong>Un festival au service de la citoyennet\u00e9 et du d\u00e9veloppement<\/strong><\/p>\n<p data-start=\"593\" data-end=\"899\">Organis\u00e9 par l\u2019Association Al-Wasit pour la lutte contre la pauvret\u00e9 et le soutien au d\u00e9veloppement, en partenariat avec la r\u00e9gion du Brakna et la commune d\u2019Aleg, le Moussem d\u2019Aleg se veut une plateforme de promotion de la citoyennet\u00e9, de la cr\u00e9ativit\u00e9 artistique et du d\u00e9veloppement local.<\/p>\n<p data-start=\"901\" data-end=\"1228\">Dans son discours inaugural, le ministre Houssein Meddou a salu\u00e9 l\u2019importance de ce rendez-vous culturel, qu\u2019il a qualifi\u00e9 de <strong data-start=\"1027\" data-end=\"1077\">\u00ab c\u00e9l\u00e9bration de la culture et de l\u2019histoire \u00bb<\/strong>, mais aussi d\u2019occasion de reconna\u00eetre les efforts d\u00e9ploy\u00e9s par la wilaya du Brakna dans de nombreux domaines \u00e9conomiques, culturels et militaires.<\/p>\n<p><strong>Aleg : symbole de civilisation et d\u2019unit\u00e9 nationale<\/strong><\/p>\n<p data-start=\"1292\" data-end=\"1655\">Le ministre a mis en lumi\u00e8re le r\u00f4le historique de la ville d\u2019Aleg, d\u00e9crite comme <strong data-start=\"1374\" data-end=\"1448\">\u00ab capitale de civilisation et de rayonnement culturel et identitaire \u00bb<\/strong>. Il a soulign\u00e9 que cette ville a tr\u00e8s t\u00f4t port\u00e9 la voix du patriotisme, contribuant \u00e0 fa\u00e7onner une identit\u00e9 nationale unifi\u00e9e, enracin\u00e9e dans la diversit\u00e9 culturelle, linguistique et historique du pays.<\/p>\n<p data-start=\"1659\" data-end=\"1838\">\u00ab Aleg est l\u2019un de ces lieux o\u00f9 toutes les composantes mauritaniennes se sont retrouv\u00e9es, unies autour des valeurs de fraternit\u00e9, de solidarit\u00e9 et de g\u00e9n\u00e9rosit\u00e9 \u00bb, a-t-il affirm\u00e9.<\/p>\n<p><strong>Un patrimoine vivant au c\u0153ur d\u2019un projet politique<\/strong><\/p>\n<p data-start=\"1902\" data-end=\"2168\">Le ministre Meddou a \u00e9galement rappel\u00e9 que la saison d\u2019Aleg est une opportunit\u00e9 pour mettre en valeur un patrimoine riche, t\u00e9moin d\u2019un savoir-faire communautaire transmis de g\u00e9n\u00e9ration en g\u00e9n\u00e9ration, et profond\u00e9ment li\u00e9 aux coutumes et traditions nationales.<\/p>\n<p data-start=\"2170\" data-end=\"2457\">Il a insist\u00e9 sur le r\u00f4le central accord\u00e9 \u00e0 la culture par le <strong data-start=\"2231\" data-end=\"2293\">Pr\u00e9sident de la R\u00e9publique, M. Mohamed Cheikh El Ghazouani<\/strong>, qui en fait un pilier fondamental de son projet de soci\u00e9t\u00e9, en raison de sa capacit\u00e9 \u00e0 transformer les consciences et \u00e0 renforcer le sentiment d\u2019appartenance.<\/p>\n<p data-start=\"2459\" data-end=\"2713\">Le ministre a soulign\u00e9 que le gouvernement travaille activement \u00e0 la mise en \u0153uvre de cette vision pr\u00e9sidentielle \u00e0 travers des politiques culturelles coh\u00e9rentes, qui valorisent la diversit\u00e9 culturelle et renforcent le lien entre les g\u00e9n\u00e9rations.<\/p>\n<p>Prenant la parole \u00e0 son tour, le pr\u00e9sident de la r\u00e9gion du Brakna, <strong data-start=\"2850\" data-end=\"2882\">M. Moustapha Mohamed Mahmoud<\/strong>, a mis en exergue l\u2019importance de ce festival qui incarne les valeurs profondes du patrimoine r\u00e9gional, tout en r\u00e9unissant les jeunes, les cadres et les \u00e9lus autour de d\u00e9bats constructifs sur l\u2019avenir du territoire.<\/p>\n<p data-start=\"3112\" data-end=\"3487\">Le pr\u00e9sident de l\u2019association des maires du Brakna, <strong data-start=\"3168\" data-end=\"3197\">M. Baba Moustapha El Alem<\/strong>, et le <strong data-start=\"3205\" data-end=\"3221\">maire d\u2019Aleg<\/strong>, <strong data-start=\"3223\" data-end=\"3252\">M. Youssef Cheikh Al-Qadi<\/strong>, ont soulign\u00e9 la concordance parfaite entre la vision pr\u00e9sidentielle et l\u2019objectif de la saison d\u2019Aleg, notamment en ce qui concerne la <strong data-start=\"3393\" data-end=\"3427\">promotion du tourisme national<\/strong> et le <strong data-start=\"3434\" data-end=\"3486\">d\u00e9veloppement culturel des collectivit\u00e9s locales<\/strong>.<\/p>\n<p data-start=\"3489\" data-end=\"3801\">Quant \u00e0 <strong data-start=\"3497\" data-end=\"3526\">Mme Aicha Islam Soueidatt<\/strong>, pr\u00e9sidente de l\u2019Association des m\u00e9diateurs pour la lutte contre la pauvret\u00e9 et le soutien au d\u00e9veloppement, elle a pr\u00e9sent\u00e9 les grandes lignes de la saison d\u2019Aleg, ses objectifs, ainsi que son r\u00f4le dans la revitalisation de la sc\u00e8ne culturelle et artistique locale.<\/p>\n<p data-start=\"3803\" data-end=\"4008\">Elle a exprim\u00e9 sa reconnaissance au Pr\u00e9sident de la R\u00e9publique pour son soutien constant au secteur culturel, et a remerci\u00e9 tous les partenaires ayant contribu\u00e9 au succ\u00e8s de cette premi\u00e8re \u00e9dition.<\/p>\n<p><strong>Une ouverture festive et populaire<\/strong><\/p>\n<p data-start=\"4055\" data-end=\"4455\">La soir\u00e9e d\u2019ouverture du Moussem a \u00e9t\u00e9 rythm\u00e9e par des repr\u00e9sentations artistiques et th\u00e9\u00e2trales, des chants traditionnels, et une forte affluence populaire. L\u2019\u00e9v\u00e9nement a r\u00e9uni de nombreuses personnalit\u00e9s, dont le hakem de la moughataa d\u2019Aleg, <strong data-start=\"4316\" data-end=\"4346\">M. Mohamed El-Houssein Dey<\/strong>, ainsi que plusieurs<strong> responsables administratifs, notables locaux, autorit\u00e9s s\u00e9curitaires et militaires.<\/strong><\/p>\n<p>Avec cette premi\u00e8re \u00e9dition r\u00e9ussie, le Moussem d\u2019Aleg s\u2019annonce comme un rendez-vous incontournable du calendrier culturel mauritanien. Il porte l\u2019espoir d\u2019une institutionnalisation durable, au service de la consolidation de l\u2019unit\u00e9 nationale, de la pr\u00e9servation du patrimoine culturel et du soutien au d\u00e9veloppement communautaire.<\/p>\n<p data-start=\"4865\" data-end=\"4965\" data-is-last-node=\"\" data-is-only-node=\"\">Une nouvelle dynamique est en marche \u00e0 Aleg, sous le signe de la culture, de l\u2019unit\u00e9 et de l\u2019espoir.<\/p>\n","protected":false},"excerpt":{"rendered":"<p>Le ministre de la Culture, des Arts, de la Communication et des Relations avec le Parlement, porte-parole du gouvernement, M. Houssein Meddou, a supervis\u00e9 hier soir, aux c\u00f4t\u00e9s du wali adjoint du Brakna, M. Sidi Mohamed Abdallahi El Bounani, le lancement officiel de la premi\u00e8re \u00e9dition du Moussem d\u2019Aleg, un \u00e9v\u00e9nement culturel in\u00e9dit dans la&#8230;..<\/p>\n","protected":false},"author":12,"featured_media":30213,"comment_status":"open","ping_status":"open","sticky":false,"template":"","format":"standard","meta":{"footnotes":""},"categories":[23,55],"tags":[],"class_list":["post-30212","post","type-post","status-publish","format-standard","has-post-thumbnail","hentry","category-actualite","category-culture"],"yoast_head":"<!-- This site is optimized with the Yoast SEO plugin v27.5 - https:\/\/yoast.com\/product\/yoast-seo-wordpress\/ -->\n<title>Le ministre de la culture supervise le lancement de la premi\u00e8re \u00e9dition du Moussem d\u2019Aleg pour promouvoir la citoyennet\u00e9, encourager la cr\u00e9ativit\u00e9 et soutenir le d\u00e9veloppement local - Le Quotidien de Nouakchott<\/title>\n<meta name=\"robots\" content=\"index, follow, max-snippet:-1, max-image-preview:large, max-video-preview:-1\" \/>\n<link rel=\"canonical\" href=\"https:\/\/lequotidien.mr\/?p=30212&lang=fr\" \/>\n<meta property=\"og:locale\" content=\"ar_AR\" \/>\n<meta property=\"og:type\" content=\"article\" \/>\n<meta property=\"og:title\" content=\"Le ministre de la culture supervise le lancement de la premi\u00e8re \u00e9dition du Moussem d\u2019Aleg pour promouvoir la citoyennet\u00e9, encourager la cr\u00e9ativit\u00e9 et soutenir le d\u00e9veloppement local - Le Quotidien de Nouakchott\" \/>\n<meta property=\"og:description\" content=\"Le ministre de la Culture, des Arts, de la Communication et des Relations avec le Parlement, porte-parole du gouvernement, M. Houssein Meddou, a supervis\u00e9 hier soir, aux c\u00f4t\u00e9s du wali adjoint du Brakna, M. Sidi Mohamed Abdallahi El Bounani, le lancement officiel de la premi\u00e8re \u00e9dition du Moussem d\u2019Aleg, un \u00e9v\u00e9nement culturel in\u00e9dit dans la.....\" \/>\n<meta property=\"og:url\" content=\"https:\/\/lequotidien.mr\/?p=30212&amp;lang=fr\" \/>\n<meta property=\"og:site_name\" content=\"Le Quotidien de Nouakchott\" \/>\n<meta property=\"article:publisher\" content=\"https:\/\/web.facebook.com\/lequotidienmr\" \/>\n<meta property=\"article:published_time\" content=\"2025-08-18T23:48:40+00:00\" \/>\n<meta property=\"og:image\" content=\"https:\/\/lequotidien.mr\/wp-content\/uploads\/2025\/08\/photo-Mossem-Aleg.jpg\" \/>\n\t<meta property=\"og:image:width\" content=\"750\" \/>\n\t<meta property=\"og:image:height\" content=\"430\" \/>\n\t<meta property=\"og:image:type\" content=\"image\/jpeg\" \/>\n<meta name=\"author\" content=\"Med Ahmed\" \/>\n<meta name=\"twitter:card\" content=\"summary_large_image\" \/>\n<meta name=\"twitter:creator\" content=\"@lequotidienmr\" \/>\n<meta name=\"twitter:site\" content=\"@lequotidienmr\" \/>\n<meta name=\"twitter:label1\" content=\"\u0643\u064f\u062a\u0628 \u0628\u0648\u0627\u0633\u0637\u0629\" \/>\n\t<meta name=\"twitter:data1\" content=\"Med Ahmed\" \/>\n\t<meta name=\"twitter:label2\" content=\"\u0648\u0642\u062a \u0627\u0644\u0642\u0631\u0627\u0621\u0629 \u0627\u0644\u0645\u064f\u0642\u062f\u0651\u0631\" \/>\n\t<meta name=\"twitter:data2\" content=\"6 \u062f\u0642\u0627\u0626\u0642\" \/>\n<script type=\"application\/ld+json\" class=\"yoast-schema-graph\">{\"@context\":\"https:\\\/\\\/schema.org\",\"@graph\":[{\"@type\":\"Article\",\"@id\":\"https:\\\/\\\/lequotidien.mr\\\/?p=30212&lang=fr#article\",\"isPartOf\":{\"@id\":\"https:\\\/\\\/lequotidien.mr\\\/?p=30212&lang=fr\"},\"author\":{\"name\":\"Med Ahmed\",\"@id\":\"https:\\\/\\\/lequotidien.mr\\\/#\\\/schema\\\/person\\\/d2d350202a4d599685ed8abc25f97596\"},\"headline\":\"Le ministre de la culture supervise le lancement de la premi\u00e8re \u00e9dition du Moussem d\u2019Aleg pour promouvoir la citoyennet\u00e9, encourager la cr\u00e9ativit\u00e9 et soutenir le d\u00e9veloppement local\",\"datePublished\":\"2025-08-18T23:48:40+00:00\",\"mainEntityOfPage\":{\"@id\":\"https:\\\/\\\/lequotidien.mr\\\/?p=30212&lang=fr\"},\"wordCount\":806,\"commentCount\":0,\"publisher\":{\"@id\":\"https:\\\/\\\/lequotidien.mr\\\/#organization\"},\"image\":{\"@id\":\"https:\\\/\\\/lequotidien.mr\\\/?p=30212&lang=fr#primaryimage\"},\"thumbnailUrl\":\"https:\\\/\\\/lequotidien.mr\\\/wp-content\\\/uploads\\\/2025\\\/08\\\/photo-Mossem-Aleg.jpg\",\"articleSection\":[\"ACTUALIT\u00c9\",\"Culture\"],\"inLanguage\":\"ar\",\"potentialAction\":[{\"@type\":\"CommentAction\",\"name\":\"Comment\",\"target\":[\"https:\\\/\\\/lequotidien.mr\\\/?p=30212&lang=fr#respond\"]}]},{\"@type\":\"WebPage\",\"@id\":\"https:\\\/\\\/lequotidien.mr\\\/?p=30212&lang=fr\",\"url\":\"https:\\\/\\\/lequotidien.mr\\\/?p=30212&lang=fr\",\"name\":\"Le ministre de la culture supervise le lancement de la premi\u00e8re \u00e9dition du Moussem d\u2019Aleg pour promouvoir la citoyennet\u00e9, encourager la cr\u00e9ativit\u00e9 et soutenir le d\u00e9veloppement local - Le Quotidien de Nouakchott\",\"isPartOf\":{\"@id\":\"https:\\\/\\\/lequotidien.mr\\\/#website\"},\"primaryImageOfPage\":{\"@id\":\"https:\\\/\\\/lequotidien.mr\\\/?p=30212&lang=fr#primaryimage\"},\"image\":{\"@id\":\"https:\\\/\\\/lequotidien.mr\\\/?p=30212&lang=fr#primaryimage\"},\"thumbnailUrl\":\"https:\\\/\\\/lequotidien.mr\\\/wp-content\\\/uploads\\\/2025\\\/08\\\/photo-Mossem-Aleg.jpg\",\"datePublished\":\"2025-08-18T23:48:40+00:00\",\"breadcrumb\":{\"@id\":\"https:\\\/\\\/lequotidien.mr\\\/?p=30212&lang=fr#breadcrumb\"},\"inLanguage\":\"ar\",\"potentialAction\":[{\"@type\":\"ReadAction\",\"target\":[\"https:\\\/\\\/lequotidien.mr\\\/?p=30212&lang=fr\"]}]},{\"@type\":\"ImageObject\",\"inLanguage\":\"ar\",\"@id\":\"https:\\\/\\\/lequotidien.mr\\\/?p=30212&lang=fr#primaryimage\",\"url\":\"https:\\\/\\\/lequotidien.mr\\\/wp-content\\\/uploads\\\/2025\\\/08\\\/photo-Mossem-Aleg.jpg\",\"contentUrl\":\"https:\\\/\\\/lequotidien.mr\\\/wp-content\\\/uploads\\\/2025\\\/08\\\/photo-Mossem-Aleg.jpg\",\"width\":750,\"height\":430},{\"@type\":\"BreadcrumbList\",\"@id\":\"https:\\\/\\\/lequotidien.mr\\\/?p=30212&lang=fr#breadcrumb\",\"itemListElement\":[{\"@type\":\"ListItem\",\"position\":1,\"name\":\"Home\",\"item\":\"https:\\\/\\\/lequotidien.mr\\\/\"},{\"@type\":\"ListItem\",\"position\":2,\"name\":\"Le ministre de la culture supervise le lancement de la premi\u00e8re \u00e9dition du Moussem d\u2019Aleg pour promouvoir la citoyennet\u00e9, encourager la cr\u00e9ativit\u00e9 et soutenir le d\u00e9veloppement local\"}]},{\"@type\":\"WebSite\",\"@id\":\"https:\\\/\\\/lequotidien.mr\\\/#website\",\"url\":\"https:\\\/\\\/lequotidien.mr\\\/\",\"name\":\"Le Quotidien de Nouakchott\",\"description\":\"\u0625\u062e\u0628\u0627\u0631\u064a\u0629 \u0645\u0633\u062a\u0642\u0644\u0629 \u0644\u0644\u0623\u0646\u0628\u0627\u0621 \u0627\u0644\u0639\u0627\u0645\u0629\",\"publisher\":{\"@id\":\"https:\\\/\\\/lequotidien.mr\\\/#organization\"},\"potentialAction\":[{\"@type\":\"SearchAction\",\"target\":{\"@type\":\"EntryPoint\",\"urlTemplate\":\"https:\\\/\\\/lequotidien.mr\\\/?s={search_term_string}\"},\"query-input\":{\"@type\":\"PropertyValueSpecification\",\"valueRequired\":true,\"valueName\":\"search_term_string\"}}],\"inLanguage\":\"ar\"},{\"@type\":\"Organization\",\"@id\":\"https:\\\/\\\/lequotidien.mr\\\/#organization\",\"name\":\"Le Quotidien de Nouakchott\",\"url\":\"https:\\\/\\\/lequotidien.mr\\\/\",\"logo\":{\"@type\":\"ImageObject\",\"inLanguage\":\"ar\",\"@id\":\"https:\\\/\\\/lequotidien.mr\\\/#\\\/schema\\\/logo\\\/image\\\/\",\"url\":\"https:\\\/\\\/lequotidien.mr\\\/wp-content\\\/uploads\\\/2022\\\/11\\\/logolequotidien.jpg\",\"contentUrl\":\"https:\\\/\\\/lequotidien.mr\\\/wp-content\\\/uploads\\\/2022\\\/11\\\/logolequotidien.jpg\",\"width\":290,\"height\":65,\"caption\":\"Le Quotidien de Nouakchott\"},\"image\":{\"@id\":\"https:\\\/\\\/lequotidien.mr\\\/#\\\/schema\\\/logo\\\/image\\\/\"},\"sameAs\":[\"https:\\\/\\\/web.facebook.com\\\/lequotidienmr\",\"https:\\\/\\\/x.com\\\/lequotidienmr\"]},{\"@type\":\"Person\",\"@id\":\"https:\\\/\\\/lequotidien.mr\\\/#\\\/schema\\\/person\\\/d2d350202a4d599685ed8abc25f97596\",\"name\":\"Med Ahmed\",\"image\":{\"@type\":\"ImageObject\",\"inLanguage\":\"ar\",\"@id\":\"https:\\\/\\\/secure.gravatar.com\\\/avatar\\\/fd2acc62ed50732923d1d39c17172c9b04149f142be92310ecc69e1358f94b52?s=96&d=mm&r=g\",\"url\":\"https:\\\/\\\/secure.gravatar.com\\\/avatar\\\/fd2acc62ed50732923d1d39c17172c9b04149f142be92310ecc69e1358f94b52?s=96&d=mm&r=g\",\"contentUrl\":\"https:\\\/\\\/secure.gravatar.com\\\/avatar\\\/fd2acc62ed50732923d1d39c17172c9b04149f142be92310ecc69e1358f94b52?s=96&d=mm&r=g\",\"caption\":\"Med Ahmed\"},\"url\":\"https:\\\/\\\/lequotidien.mr\\\/?author=12\"}]}<\/script>\n<!-- \/ Yoast SEO plugin. -->","yoast_head_json":{"title":"Le ministre de la culture supervise le lancement de la premi\u00e8re \u00e9dition du Moussem d\u2019Aleg pour promouvoir la citoyennet\u00e9, encourager la cr\u00e9ativit\u00e9 et soutenir le d\u00e9veloppement local - Le Quotidien de Nouakchott","robots":{"index":"index","follow":"follow","max-snippet":"max-snippet:-1","max-image-preview":"max-image-preview:large","max-video-preview":"max-video-preview:-1"},"canonical":"https:\/\/lequotidien.mr\/?p=30212&lang=fr","og_locale":"ar_AR","og_type":"article","og_title":"Le ministre de la culture supervise le lancement de la premi\u00e8re \u00e9dition du Moussem d\u2019Aleg pour promouvoir la citoyennet\u00e9, encourager la cr\u00e9ativit\u00e9 et soutenir le d\u00e9veloppement local - Le Quotidien de Nouakchott","og_description":"Le ministre de la Culture, des Arts, de la Communication et des Relations avec le Parlement, porte-parole du gouvernement, M. Houssein Meddou, a supervis\u00e9 hier soir, aux c\u00f4t\u00e9s du wali adjoint du Brakna, M. Sidi Mohamed Abdallahi El Bounani, le lancement officiel de la premi\u00e8re \u00e9dition du Moussem d\u2019Aleg, un \u00e9v\u00e9nement culturel in\u00e9dit dans la.....","og_url":"https:\/\/lequotidien.mr\/?p=30212&lang=fr","og_site_name":"Le Quotidien de Nouakchott","article_publisher":"https:\/\/web.facebook.com\/lequotidienmr","article_published_time":"2025-08-18T23:48:40+00:00","og_image":[{"width":750,"height":430,"url":"https:\/\/lequotidien.mr\/wp-content\/uploads\/2025\/08\/photo-Mossem-Aleg.jpg","type":"image\/jpeg"}],"author":"Med Ahmed","twitter_card":"summary_large_image","twitter_creator":"@lequotidienmr","twitter_site":"@lequotidienmr","twitter_misc":{"\u0643\u064f\u062a\u0628 \u0628\u0648\u0627\u0633\u0637\u0629":"Med Ahmed","\u0648\u0642\u062a \u0627\u0644\u0642\u0631\u0627\u0621\u0629 \u0627\u0644\u0645\u064f\u0642\u062f\u0651\u0631":"6 \u062f\u0642\u0627\u0626\u0642"},"schema":{"@context":"https:\/\/schema.org","@graph":[{"@type":"Article","@id":"https:\/\/lequotidien.mr\/?p=30212&lang=fr#article","isPartOf":{"@id":"https:\/\/lequotidien.mr\/?p=30212&lang=fr"},"author":{"name":"Med Ahmed","@id":"https:\/\/lequotidien.mr\/#\/schema\/person\/d2d350202a4d599685ed8abc25f97596"},"headline":"Le ministre de la culture supervise le lancement de la premi\u00e8re \u00e9dition du Moussem d\u2019Aleg pour promouvoir la citoyennet\u00e9, encourager la cr\u00e9ativit\u00e9 et soutenir le d\u00e9veloppement local","datePublished":"2025-08-18T23:48:40+00:00","mainEntityOfPage":{"@id":"https:\/\/lequotidien.mr\/?p=30212&lang=fr"},"wordCount":806,"commentCount":0,"publisher":{"@id":"https:\/\/lequotidien.mr\/#organization"},"image":{"@id":"https:\/\/lequotidien.mr\/?p=30212&lang=fr#primaryimage"},"thumbnailUrl":"https:\/\/lequotidien.mr\/wp-content\/uploads\/2025\/08\/photo-Mossem-Aleg.jpg","articleSection":["ACTUALIT\u00c9","Culture"],"inLanguage":"ar","potentialAction":[{"@type":"CommentAction","name":"Comment","target":["https:\/\/lequotidien.mr\/?p=30212&lang=fr#respond"]}]},{"@type":"WebPage","@id":"https:\/\/lequotidien.mr\/?p=30212&lang=fr","url":"https:\/\/lequotidien.mr\/?p=30212&lang=fr","name":"Le ministre de la culture supervise le lancement de la premi\u00e8re \u00e9dition du Moussem d\u2019Aleg pour promouvoir la citoyennet\u00e9, encourager la cr\u00e9ativit\u00e9 et soutenir le d\u00e9veloppement local - Le Quotidien de Nouakchott","isPartOf":{"@id":"https:\/\/lequotidien.mr\/#website"},"primaryImageOfPage":{"@id":"https:\/\/lequotidien.mr\/?p=30212&lang=fr#primaryimage"},"image":{"@id":"https:\/\/lequotidien.mr\/?p=30212&lang=fr#primaryimage"},"thumbnailUrl":"https:\/\/lequotidien.mr\/wp-content\/uploads\/2025\/08\/photo-Mossem-Aleg.jpg","datePublished":"2025-08-18T23:48:40+00:00","breadcrumb":{"@id":"https:\/\/lequotidien.mr\/?p=30212&lang=fr#breadcrumb"},"inLanguage":"ar","potentialAction":[{"@type":"ReadAction","target":["https:\/\/lequotidien.mr\/?p=30212&lang=fr"]}]},{"@type":"ImageObject","inLanguage":"ar","@id":"https:\/\/lequotidien.mr\/?p=30212&lang=fr#primaryimage","url":"https:\/\/lequotidien.mr\/wp-content\/uploads\/2025\/08\/photo-Mossem-Aleg.jpg","contentUrl":"https:\/\/lequotidien.mr\/wp-content\/uploads\/2025\/08\/photo-Mossem-Aleg.jpg","width":750,"height":430},{"@type":"BreadcrumbList","@id":"https:\/\/lequotidien.mr\/?p=30212&lang=fr#breadcrumb","itemListElement":[{"@type":"ListItem","position":1,"name":"Home","item":"https:\/\/lequotidien.mr\/"},{"@type":"ListItem","position":2,"name":"Le ministre de la culture supervise le lancement de la premi\u00e8re \u00e9dition du Moussem d\u2019Aleg pour promouvoir la citoyennet\u00e9, encourager la cr\u00e9ativit\u00e9 et soutenir le d\u00e9veloppement local"}]},{"@type":"WebSite","@id":"https:\/\/lequotidien.mr\/#website","url":"https:\/\/lequotidien.mr\/","name":"Le Quotidien de Nouakchott","description":"\u0625\u062e\u0628\u0627\u0631\u064a\u0629 \u0645\u0633\u062a\u0642\u0644\u0629 \u0644\u0644\u0623\u0646\u0628\u0627\u0621 \u0627\u0644\u0639\u0627\u0645\u0629","publisher":{"@id":"https:\/\/lequotidien.mr\/#organization"},"potentialAction":[{"@type":"SearchAction","target":{"@type":"EntryPoint","urlTemplate":"https:\/\/lequotidien.mr\/?s={search_term_string}"},"query-input":{"@type":"PropertyValueSpecification","valueRequired":true,"valueName":"search_term_string"}}],"inLanguage":"ar"},{"@type":"Organization","@id":"https:\/\/lequotidien.mr\/#organization","name":"Le Quotidien de Nouakchott","url":"https:\/\/lequotidien.mr\/","logo":{"@type":"ImageObject","inLanguage":"ar","@id":"https:\/\/lequotidien.mr\/#\/schema\/logo\/image\/","url":"https:\/\/lequotidien.mr\/wp-content\/uploads\/2022\/11\/logolequotidien.jpg","contentUrl":"https:\/\/lequotidien.mr\/wp-content\/uploads\/2022\/11\/logolequotidien.jpg","width":290,"height":65,"caption":"Le Quotidien de Nouakchott"},"image":{"@id":"https:\/\/lequotidien.mr\/#\/schema\/logo\/image\/"},"sameAs":["https:\/\/web.facebook.com\/lequotidienmr","https:\/\/x.com\/lequotidienmr"]},{"@type":"Person","@id":"https:\/\/lequotidien.mr\/#\/schema\/person\/d2d350202a4d599685ed8abc25f97596","name":"Med Ahmed","image":{"@type":"ImageObject","inLanguage":"ar","@id":"https:\/\/secure.gravatar.com\/avatar\/fd2acc62ed50732923d1d39c17172c9b04149f142be92310ecc69e1358f94b52?s=96&d=mm&r=g","url":"https:\/\/secure.gravatar.com\/avatar\/fd2acc62ed50732923d1d39c17172c9b04149f142be92310ecc69e1358f94b52?s=96&d=mm&r=g","contentUrl":"https:\/\/secure.gravatar.com\/avatar\/fd2acc62ed50732923d1d39c17172c9b04149f142be92310ecc69e1358f94b52?s=96&d=mm&r=g","caption":"Med Ahmed"},"url":"https:\/\/lequotidien.mr\/?author=12"}]}},"_links":{"self":[{"href":"https:\/\/lequotidien.mr\/index.php?rest_route=\/wp\/v2\/posts\/30212","targetHints":{"allow":["GET"]}}],"collection":[{"href":"https:\/\/lequotidien.mr\/index.php?rest_route=\/wp\/v2\/posts"}],"about":[{"href":"https:\/\/lequotidien.mr\/index.php?rest_route=\/wp\/v2\/types\/post"}],"author":[{"embeddable":true,"href":"https:\/\/lequotidien.mr\/index.php?rest_route=\/wp\/v2\/users\/12"}],"replies":[{"embeddable":true,"href":"https:\/\/lequotidien.mr\/index.php?rest_route=%2Fwp%2Fv2%2Fcomments&post=30212"}],"version-history":[{"count":1,"href":"https:\/\/lequotidien.mr\/index.php?rest_route=\/wp\/v2\/posts\/30212\/revisions"}],"predecessor-version":[{"id":30214,"href":"https:\/\/lequotidien.mr\/index.php?rest_route=\/wp\/v2\/posts\/30212\/revisions\/30214"}],"wp:featuredmedia":[{"embeddable":true,"href":"https:\/\/lequotidien.mr\/index.php?rest_route=\/wp\/v2\/media\/30213"}],"wp:attachment":[{"href":"https:\/\/lequotidien.mr\/index.php?rest_route=%2Fwp%2Fv2%2Fmedia&parent=30212"}],"wp:term":[{"taxonomy":"category","embeddable":true,"href":"https:\/\/lequotidien.mr\/index.php?rest_route=%2Fwp%2Fv2%2Fcategories&post=30212"},{"taxonomy":"post_tag","embeddable":true,"href":"https:\/\/lequotidien.mr\/index.php?rest_route=%2Fwp%2Fv2%2Ftags&post=30212"}],"curies":[{"name":"wp","href":"https:\/\/api.w.org\/{rel}","templated":true}]}}