{"id":30209,"date":"2025-08-18T23:17:31","date_gmt":"2025-08-18T23:17:31","guid":{"rendered":"https:\/\/lequotidien.mr\/?p=30209"},"modified":"2025-08-18T23:17:31","modified_gmt":"2025-08-18T23:17:31","slug":"la-mauritanie-participe-a-la-neuvieme-conference-internationale-de-tokyo-sur-le-developpement-de-lafrique-ticad-9-a-yokohama","status":"publish","type":"post","link":"https:\/\/lequotidien.mr\/?p=30209&lang=fr","title":{"rendered":"La Mauritanie participe \u00e0 la Neuvi\u00e8me Conf\u00e9rence internationale de Tokyo sur le d\u00e9veloppement de l&#8217;Afrique (TICAD 9) \u00e0 Yokohama"},"content":{"rendered":"<p>La <strong data-start=\"521\" data-end=\"530\">TICAD<\/strong> est une plateforme de dialogue politique sur le d\u00e9veloppement de l\u2019Afrique, lanc\u00e9e en <strong data-start=\"617\" data-end=\"625\">1993<\/strong> \u00e0 l\u2019initiative du <strong data-start=\"644\" data-end=\"669\">gouvernement japonais<\/strong>. Elle est co-organis\u00e9e par les <strong data-start=\"701\" data-end=\"718\">Nations Unies<\/strong>, le <strong data-start=\"723\" data-end=\"783\">Programme des Nations Unies pour le d\u00e9veloppement (PNUD)<\/strong>, la <strong data-start=\"788\" data-end=\"807\">Banque mondiale<\/strong> et la <strong data-start=\"814\" data-end=\"855\">Commission de l&#8217;Union africaine (CUA)<\/strong>.<\/p>\n<p data-start=\"858\" data-end=\"1149\">Cette neuvi\u00e8me \u00e9dition r\u00e9unira plusieurs chefs d\u2019\u00c9tat africains, des responsables d\u2019organisations internationales ainsi que des\u00a0partenaires bilat\u00e9raux et multilat\u00e9raux, pour discuter des priorit\u00e9s de d\u00e9veloppement du continent dans un contexte mondial en constante \u00e9volution.<\/p>\n<p><strong>Une d\u00e9l\u00e9gation de haut niveau accompagne le Pr\u00e9sident<\/strong><\/p>\n<p data-start=\"1215\" data-end=\"1450\">Le Pr\u00e9sident de la R\u00e9publique, M. Mohamed Cheikh El Ghazouani est accompagn\u00e9 d\u2019une importante d\u00e9l\u00e9gation gouvernementale et diplomatique, t\u00e9moignant de l\u2019importance accord\u00e9e \u00e0 cet \u00e9v\u00e9nement strat\u00e9gique pour la Mauritanie. Parmi les membres de cette d\u00e9l\u00e9gation figurent : <strong>M. Nani Chrougha<\/strong>, ministre charg\u00e9 de cabinet du Pr\u00e9sident de la R\u00e9publique ; <strong>M. Sid\u2019Ahmed Bouh<\/strong>, ministre de l\u2019\u00c9conomie et des Finances ; <strong>M. El Fadil Sidati Ahmed Louly<\/strong>, ministre de la P\u00eache et des Infrastructures maritimes et portuaires ; <strong>Mme Amal Maouloud<\/strong>, ministre de l\u2019Hydraulique et de l\u2019Assainissement ; <strong>M. Abdallahi Kebd<\/strong>, ambassadeur de Mauritanie \u00e0 Tokyo ; <strong>Mme A\u00efssatou Daouda Diallo<\/strong>, conseill\u00e8re \u00e0 la Pr\u00e9sidence de la R\u00e9publique ; <strong>M. Sidi Moulay Zeine<\/strong>, conseiller \u00e0 la Pr\u00e9sidence de la R\u00e9publique ; <strong>M. Lemrabott Benahi<\/strong>, charg\u00e9 de mission \u00e0 la Pr\u00e9sidence de la R\u00e9publique ; et <strong>M. El Hassan Ahmed<\/strong>, directeur g\u00e9n\u00e9ral du protocole d\u2019\u00c9tat.<\/p>\n<p><strong>La Mauritanie engag\u00e9e pour un d\u00e9veloppement durable et inclusif<\/strong><\/p>\n<p data-start=\"3131\" data-end=\"3393\">La participation de la Mauritanie \u00e0 la <strong data-start=\"3170\" data-end=\"3181\">TICAD 9<\/strong> s\u2019inscrit dans le cadre de son engagement en faveur d\u2019un <strong data-start=\"3239\" data-end=\"3264\">d\u00e9veloppement durable<\/strong>, d\u2019une <strong data-start=\"3272\" data-end=\"3305\">coop\u00e9ration sud-sud renforc\u00e9e<\/strong> et d\u2019un <strong data-start=\"3314\" data-end=\"3355\">partenariat strat\u00e9gique avec le Japon<\/strong> et les autres acteurs internationaux.<\/p>\n<p data-start=\"3395\" data-end=\"3694\">Le Chef de l\u2019\u00c9tat saisira cette opportunit\u00e9 pour renforcer les liens bilat\u00e9raux, attirer des investissements et promouvoir les priorit\u00e9s nationales de d\u00e9veloppement, notamment dans les secteurs des infrastructures, de l\u2019eau, de la p\u00eache, de la formation, et de la transition \u00e9nerg\u00e9tique.<\/p>\n<p><strong>Yokohama 2025<\/strong> se profile ainsi comme une \u00e9tape cruciale pour les ambitions africaines, et la Mauritanie y compte jouer pleinement son r\u00f4le.<\/p>\n","protected":false},"excerpt":{"rendered":"<p>La TICAD est une plateforme de dialogue politique sur le d\u00e9veloppement de l\u2019Afrique, lanc\u00e9e en 1993 \u00e0 l\u2019initiative du gouvernement japonais. Elle est co-organis\u00e9e par les Nations Unies, le Programme des Nations Unies pour le d\u00e9veloppement (PNUD), la Banque mondiale et la Commission de l&#8217;Union africaine (CUA). Cette neuvi\u00e8me \u00e9dition r\u00e9unira plusieurs chefs d\u2019\u00c9tat africains,&#8230;..<\/p>\n","protected":false},"author":12,"featured_media":30210,"comment_status":"open","ping_status":"open","sticky":false,"template":"","format":"standard","meta":{"footnotes":""},"categories":[23,49],"tags":[],"class_list":["post-30209","post","type-post","status-publish","format-standard","has-post-thumbnail","hentry","category-actualite","category-economie"],"yoast_head":"<!-- This site is optimized with the Yoast SEO plugin v27.5 - https:\/\/yoast.com\/product\/yoast-seo-wordpress\/ -->\n<title>La Mauritanie participe \u00e0 la Neuvi\u00e8me Conf\u00e9rence internationale de Tokyo sur le d\u00e9veloppement de l&#039;Afrique (TICAD 9) \u00e0 Yokohama - Le Quotidien de Nouakchott<\/title>\n<meta name=\"robots\" content=\"index, follow, max-snippet:-1, max-image-preview:large, max-video-preview:-1\" \/>\n<link rel=\"canonical\" href=\"https:\/\/lequotidien.mr\/?p=30209&lang=fr\" \/>\n<meta property=\"og:locale\" content=\"ar_AR\" \/>\n<meta property=\"og:type\" content=\"article\" \/>\n<meta property=\"og:title\" content=\"La Mauritanie participe \u00e0 la Neuvi\u00e8me Conf\u00e9rence internationale de Tokyo sur le d\u00e9veloppement de l&#039;Afrique (TICAD 9) \u00e0 Yokohama - Le Quotidien de Nouakchott\" \/>\n<meta property=\"og:description\" content=\"La TICAD est une plateforme de dialogue politique sur le d\u00e9veloppement de l\u2019Afrique, lanc\u00e9e en 1993 \u00e0 l\u2019initiative du gouvernement japonais. Elle est co-organis\u00e9e par les Nations Unies, le Programme des Nations Unies pour le d\u00e9veloppement (PNUD), la Banque mondiale et la Commission de l&#8217;Union africaine (CUA). Cette neuvi\u00e8me \u00e9dition r\u00e9unira plusieurs chefs d\u2019\u00c9tat africains,.....\" \/>\n<meta property=\"og:url\" content=\"https:\/\/lequotidien.mr\/?p=30209&amp;lang=fr\" \/>\n<meta property=\"og:site_name\" content=\"Le Quotidien de Nouakchott\" \/>\n<meta property=\"article:publisher\" content=\"https:\/\/web.facebook.com\/lequotidienmr\" \/>\n<meta property=\"article:published_time\" content=\"2025-08-18T23:17:31+00:00\" \/>\n<meta property=\"og:image\" content=\"https:\/\/lequotidien.mr\/wp-content\/uploads\/2025\/08\/photo-TICAD-9.jpeg\" \/>\n\t<meta property=\"og:image:width\" content=\"534\" \/>\n\t<meta property=\"og:image:height\" content=\"480\" \/>\n\t<meta property=\"og:image:type\" content=\"image\/jpeg\" \/>\n<meta name=\"author\" content=\"Med Ahmed\" \/>\n<meta name=\"twitter:card\" content=\"summary_large_image\" \/>\n<meta name=\"twitter:creator\" content=\"@lequotidienmr\" \/>\n<meta name=\"twitter:site\" content=\"@lequotidienmr\" \/>\n<meta name=\"twitter:label1\" content=\"\u0643\u064f\u062a\u0628 \u0628\u0648\u0627\u0633\u0637\u0629\" \/>\n\t<meta name=\"twitter:data1\" content=\"Med Ahmed\" \/>\n\t<meta name=\"twitter:label2\" content=\"\u0648\u0642\u062a \u0627\u0644\u0642\u0631\u0627\u0621\u0629 \u0627\u0644\u0645\u064f\u0642\u062f\u0651\u0631\" \/>\n\t<meta name=\"twitter:data2\" content=\"3 \u062f\u0642\u0627\u0626\u0642\" \/>\n<script type=\"application\/ld+json\" class=\"yoast-schema-graph\">{\"@context\":\"https:\\\/\\\/schema.org\",\"@graph\":[{\"@type\":\"Article\",\"@id\":\"https:\\\/\\\/lequotidien.mr\\\/?p=30209&lang=fr#article\",\"isPartOf\":{\"@id\":\"https:\\\/\\\/lequotidien.mr\\\/?p=30209&lang=fr\"},\"author\":{\"name\":\"Med Ahmed\",\"@id\":\"https:\\\/\\\/lequotidien.mr\\\/#\\\/schema\\\/person\\\/d2d350202a4d599685ed8abc25f97596\"},\"headline\":\"La Mauritanie participe \u00e0 la Neuvi\u00e8me Conf\u00e9rence internationale de Tokyo sur le d\u00e9veloppement de l&#8217;Afrique (TICAD 9) \u00e0 Yokohama\",\"datePublished\":\"2025-08-18T23:17:31+00:00\",\"mainEntityOfPage\":{\"@id\":\"https:\\\/\\\/lequotidien.mr\\\/?p=30209&lang=fr\"},\"wordCount\":408,\"commentCount\":0,\"publisher\":{\"@id\":\"https:\\\/\\\/lequotidien.mr\\\/#organization\"},\"image\":{\"@id\":\"https:\\\/\\\/lequotidien.mr\\\/?p=30209&lang=fr#primaryimage\"},\"thumbnailUrl\":\"https:\\\/\\\/lequotidien.mr\\\/wp-content\\\/uploads\\\/2025\\\/08\\\/photo-TICAD-9.jpeg\",\"articleSection\":[\"ACTUALIT\u00c9\",\"Economie\"],\"inLanguage\":\"ar\",\"potentialAction\":[{\"@type\":\"CommentAction\",\"name\":\"Comment\",\"target\":[\"https:\\\/\\\/lequotidien.mr\\\/?p=30209&lang=fr#respond\"]}]},{\"@type\":\"WebPage\",\"@id\":\"https:\\\/\\\/lequotidien.mr\\\/?p=30209&lang=fr\",\"url\":\"https:\\\/\\\/lequotidien.mr\\\/?p=30209&lang=fr\",\"name\":\"La Mauritanie participe \u00e0 la Neuvi\u00e8me Conf\u00e9rence internationale de Tokyo sur le d\u00e9veloppement de l'Afrique (TICAD 9) \u00e0 Yokohama - Le Quotidien de Nouakchott\",\"isPartOf\":{\"@id\":\"https:\\\/\\\/lequotidien.mr\\\/#website\"},\"primaryImageOfPage\":{\"@id\":\"https:\\\/\\\/lequotidien.mr\\\/?p=30209&lang=fr#primaryimage\"},\"image\":{\"@id\":\"https:\\\/\\\/lequotidien.mr\\\/?p=30209&lang=fr#primaryimage\"},\"thumbnailUrl\":\"https:\\\/\\\/lequotidien.mr\\\/wp-content\\\/uploads\\\/2025\\\/08\\\/photo-TICAD-9.jpeg\",\"datePublished\":\"2025-08-18T23:17:31+00:00\",\"breadcrumb\":{\"@id\":\"https:\\\/\\\/lequotidien.mr\\\/?p=30209&lang=fr#breadcrumb\"},\"inLanguage\":\"ar\",\"potentialAction\":[{\"@type\":\"ReadAction\",\"target\":[\"https:\\\/\\\/lequotidien.mr\\\/?p=30209&lang=fr\"]}]},{\"@type\":\"ImageObject\",\"inLanguage\":\"ar\",\"@id\":\"https:\\\/\\\/lequotidien.mr\\\/?p=30209&lang=fr#primaryimage\",\"url\":\"https:\\\/\\\/lequotidien.mr\\\/wp-content\\\/uploads\\\/2025\\\/08\\\/photo-TICAD-9.jpeg\",\"contentUrl\":\"https:\\\/\\\/lequotidien.mr\\\/wp-content\\\/uploads\\\/2025\\\/08\\\/photo-TICAD-9.jpeg\",\"width\":534,\"height\":480},{\"@type\":\"BreadcrumbList\",\"@id\":\"https:\\\/\\\/lequotidien.mr\\\/?p=30209&lang=fr#breadcrumb\",\"itemListElement\":[{\"@type\":\"ListItem\",\"position\":1,\"name\":\"Home\",\"item\":\"https:\\\/\\\/lequotidien.mr\\\/\"},{\"@type\":\"ListItem\",\"position\":2,\"name\":\"La Mauritanie participe \u00e0 la Neuvi\u00e8me Conf\u00e9rence internationale de Tokyo sur le d\u00e9veloppement de l&rsquo;Afrique (TICAD 9) \u00e0 Yokohama\"}]},{\"@type\":\"WebSite\",\"@id\":\"https:\\\/\\\/lequotidien.mr\\\/#website\",\"url\":\"https:\\\/\\\/lequotidien.mr\\\/\",\"name\":\"Le Quotidien de Nouakchott\",\"description\":\"\u0625\u062e\u0628\u0627\u0631\u064a\u0629 \u0645\u0633\u062a\u0642\u0644\u0629 \u0644\u0644\u0623\u0646\u0628\u0627\u0621 \u0627\u0644\u0639\u0627\u0645\u0629\",\"publisher\":{\"@id\":\"https:\\\/\\\/lequotidien.mr\\\/#organization\"},\"potentialAction\":[{\"@type\":\"SearchAction\",\"target\":{\"@type\":\"EntryPoint\",\"urlTemplate\":\"https:\\\/\\\/lequotidien.mr\\\/?s={search_term_string}\"},\"query-input\":{\"@type\":\"PropertyValueSpecification\",\"valueRequired\":true,\"valueName\":\"search_term_string\"}}],\"inLanguage\":\"ar\"},{\"@type\":\"Organization\",\"@id\":\"https:\\\/\\\/lequotidien.mr\\\/#organization\",\"name\":\"Le Quotidien de Nouakchott\",\"url\":\"https:\\\/\\\/lequotidien.mr\\\/\",\"logo\":{\"@type\":\"ImageObject\",\"inLanguage\":\"ar\",\"@id\":\"https:\\\/\\\/lequotidien.mr\\\/#\\\/schema\\\/logo\\\/image\\\/\",\"url\":\"https:\\\/\\\/lequotidien.mr\\\/wp-content\\\/uploads\\\/2022\\\/11\\\/logolequotidien.jpg\",\"contentUrl\":\"https:\\\/\\\/lequotidien.mr\\\/wp-content\\\/uploads\\\/2022\\\/11\\\/logolequotidien.jpg\",\"width\":290,\"height\":65,\"caption\":\"Le Quotidien de Nouakchott\"},\"image\":{\"@id\":\"https:\\\/\\\/lequotidien.mr\\\/#\\\/schema\\\/logo\\\/image\\\/\"},\"sameAs\":[\"https:\\\/\\\/web.facebook.com\\\/lequotidienmr\",\"https:\\\/\\\/x.com\\\/lequotidienmr\"]},{\"@type\":\"Person\",\"@id\":\"https:\\\/\\\/lequotidien.mr\\\/#\\\/schema\\\/person\\\/d2d350202a4d599685ed8abc25f97596\",\"name\":\"Med Ahmed\",\"image\":{\"@type\":\"ImageObject\",\"inLanguage\":\"ar\",\"@id\":\"https:\\\/\\\/secure.gravatar.com\\\/avatar\\\/fd2acc62ed50732923d1d39c17172c9b04149f142be92310ecc69e1358f94b52?s=96&d=mm&r=g\",\"url\":\"https:\\\/\\\/secure.gravatar.com\\\/avatar\\\/fd2acc62ed50732923d1d39c17172c9b04149f142be92310ecc69e1358f94b52?s=96&d=mm&r=g\",\"contentUrl\":\"https:\\\/\\\/secure.gravatar.com\\\/avatar\\\/fd2acc62ed50732923d1d39c17172c9b04149f142be92310ecc69e1358f94b52?s=96&d=mm&r=g\",\"caption\":\"Med Ahmed\"},\"url\":\"https:\\\/\\\/lequotidien.mr\\\/?author=12\"}]}<\/script>\n<!-- \/ Yoast SEO plugin. -->","yoast_head_json":{"title":"La Mauritanie participe \u00e0 la Neuvi\u00e8me Conf\u00e9rence internationale de Tokyo sur le d\u00e9veloppement de l'Afrique (TICAD 9) \u00e0 Yokohama - Le Quotidien de Nouakchott","robots":{"index":"index","follow":"follow","max-snippet":"max-snippet:-1","max-image-preview":"max-image-preview:large","max-video-preview":"max-video-preview:-1"},"canonical":"https:\/\/lequotidien.mr\/?p=30209&lang=fr","og_locale":"ar_AR","og_type":"article","og_title":"La Mauritanie participe \u00e0 la Neuvi\u00e8me Conf\u00e9rence internationale de Tokyo sur le d\u00e9veloppement de l'Afrique (TICAD 9) \u00e0 Yokohama - Le Quotidien de Nouakchott","og_description":"La TICAD est une plateforme de dialogue politique sur le d\u00e9veloppement de l\u2019Afrique, lanc\u00e9e en 1993 \u00e0 l\u2019initiative du gouvernement japonais. Elle est co-organis\u00e9e par les Nations Unies, le Programme des Nations Unies pour le d\u00e9veloppement (PNUD), la Banque mondiale et la Commission de l&#8217;Union africaine (CUA). Cette neuvi\u00e8me \u00e9dition r\u00e9unira plusieurs chefs d\u2019\u00c9tat africains,.....","og_url":"https:\/\/lequotidien.mr\/?p=30209&lang=fr","og_site_name":"Le Quotidien de Nouakchott","article_publisher":"https:\/\/web.facebook.com\/lequotidienmr","article_published_time":"2025-08-18T23:17:31+00:00","og_image":[{"width":534,"height":480,"url":"https:\/\/lequotidien.mr\/wp-content\/uploads\/2025\/08\/photo-TICAD-9.jpeg","type":"image\/jpeg"}],"author":"Med Ahmed","twitter_card":"summary_large_image","twitter_creator":"@lequotidienmr","twitter_site":"@lequotidienmr","twitter_misc":{"\u0643\u064f\u062a\u0628 \u0628\u0648\u0627\u0633\u0637\u0629":"Med Ahmed","\u0648\u0642\u062a \u0627\u0644\u0642\u0631\u0627\u0621\u0629 \u0627\u0644\u0645\u064f\u0642\u062f\u0651\u0631":"3 \u062f\u0642\u0627\u0626\u0642"},"schema":{"@context":"https:\/\/schema.org","@graph":[{"@type":"Article","@id":"https:\/\/lequotidien.mr\/?p=30209&lang=fr#article","isPartOf":{"@id":"https:\/\/lequotidien.mr\/?p=30209&lang=fr"},"author":{"name":"Med Ahmed","@id":"https:\/\/lequotidien.mr\/#\/schema\/person\/d2d350202a4d599685ed8abc25f97596"},"headline":"La Mauritanie participe \u00e0 la Neuvi\u00e8me Conf\u00e9rence internationale de Tokyo sur le d\u00e9veloppement de l&#8217;Afrique (TICAD 9) \u00e0 Yokohama","datePublished":"2025-08-18T23:17:31+00:00","mainEntityOfPage":{"@id":"https:\/\/lequotidien.mr\/?p=30209&lang=fr"},"wordCount":408,"commentCount":0,"publisher":{"@id":"https:\/\/lequotidien.mr\/#organization"},"image":{"@id":"https:\/\/lequotidien.mr\/?p=30209&lang=fr#primaryimage"},"thumbnailUrl":"https:\/\/lequotidien.mr\/wp-content\/uploads\/2025\/08\/photo-TICAD-9.jpeg","articleSection":["ACTUALIT\u00c9","Economie"],"inLanguage":"ar","potentialAction":[{"@type":"CommentAction","name":"Comment","target":["https:\/\/lequotidien.mr\/?p=30209&lang=fr#respond"]}]},{"@type":"WebPage","@id":"https:\/\/lequotidien.mr\/?p=30209&lang=fr","url":"https:\/\/lequotidien.mr\/?p=30209&lang=fr","name":"La Mauritanie participe \u00e0 la Neuvi\u00e8me Conf\u00e9rence internationale de Tokyo sur le d\u00e9veloppement de l'Afrique (TICAD 9) \u00e0 Yokohama - Le Quotidien de Nouakchott","isPartOf":{"@id":"https:\/\/lequotidien.mr\/#website"},"primaryImageOfPage":{"@id":"https:\/\/lequotidien.mr\/?p=30209&lang=fr#primaryimage"},"image":{"@id":"https:\/\/lequotidien.mr\/?p=30209&lang=fr#primaryimage"},"thumbnailUrl":"https:\/\/lequotidien.mr\/wp-content\/uploads\/2025\/08\/photo-TICAD-9.jpeg","datePublished":"2025-08-18T23:17:31+00:00","breadcrumb":{"@id":"https:\/\/lequotidien.mr\/?p=30209&lang=fr#breadcrumb"},"inLanguage":"ar","potentialAction":[{"@type":"ReadAction","target":["https:\/\/lequotidien.mr\/?p=30209&lang=fr"]}]},{"@type":"ImageObject","inLanguage":"ar","@id":"https:\/\/lequotidien.mr\/?p=30209&lang=fr#primaryimage","url":"https:\/\/lequotidien.mr\/wp-content\/uploads\/2025\/08\/photo-TICAD-9.jpeg","contentUrl":"https:\/\/lequotidien.mr\/wp-content\/uploads\/2025\/08\/photo-TICAD-9.jpeg","width":534,"height":480},{"@type":"BreadcrumbList","@id":"https:\/\/lequotidien.mr\/?p=30209&lang=fr#breadcrumb","itemListElement":[{"@type":"ListItem","position":1,"name":"Home","item":"https:\/\/lequotidien.mr\/"},{"@type":"ListItem","position":2,"name":"La Mauritanie participe \u00e0 la Neuvi\u00e8me Conf\u00e9rence internationale de Tokyo sur le d\u00e9veloppement de l&rsquo;Afrique (TICAD 9) \u00e0 Yokohama"}]},{"@type":"WebSite","@id":"https:\/\/lequotidien.mr\/#website","url":"https:\/\/lequotidien.mr\/","name":"Le Quotidien de Nouakchott","description":"\u0625\u062e\u0628\u0627\u0631\u064a\u0629 \u0645\u0633\u062a\u0642\u0644\u0629 \u0644\u0644\u0623\u0646\u0628\u0627\u0621 \u0627\u0644\u0639\u0627\u0645\u0629","publisher":{"@id":"https:\/\/lequotidien.mr\/#organization"},"potentialAction":[{"@type":"SearchAction","target":{"@type":"EntryPoint","urlTemplate":"https:\/\/lequotidien.mr\/?s={search_term_string}"},"query-input":{"@type":"PropertyValueSpecification","valueRequired":true,"valueName":"search_term_string"}}],"inLanguage":"ar"},{"@type":"Organization","@id":"https:\/\/lequotidien.mr\/#organization","name":"Le Quotidien de Nouakchott","url":"https:\/\/lequotidien.mr\/","logo":{"@type":"ImageObject","inLanguage":"ar","@id":"https:\/\/lequotidien.mr\/#\/schema\/logo\/image\/","url":"https:\/\/lequotidien.mr\/wp-content\/uploads\/2022\/11\/logolequotidien.jpg","contentUrl":"https:\/\/lequotidien.mr\/wp-content\/uploads\/2022\/11\/logolequotidien.jpg","width":290,"height":65,"caption":"Le Quotidien de Nouakchott"},"image":{"@id":"https:\/\/lequotidien.mr\/#\/schema\/logo\/image\/"},"sameAs":["https:\/\/web.facebook.com\/lequotidienmr","https:\/\/x.com\/lequotidienmr"]},{"@type":"Person","@id":"https:\/\/lequotidien.mr\/#\/schema\/person\/d2d350202a4d599685ed8abc25f97596","name":"Med Ahmed","image":{"@type":"ImageObject","inLanguage":"ar","@id":"https:\/\/secure.gravatar.com\/avatar\/fd2acc62ed50732923d1d39c17172c9b04149f142be92310ecc69e1358f94b52?s=96&d=mm&r=g","url":"https:\/\/secure.gravatar.com\/avatar\/fd2acc62ed50732923d1d39c17172c9b04149f142be92310ecc69e1358f94b52?s=96&d=mm&r=g","contentUrl":"https:\/\/secure.gravatar.com\/avatar\/fd2acc62ed50732923d1d39c17172c9b04149f142be92310ecc69e1358f94b52?s=96&d=mm&r=g","caption":"Med Ahmed"},"url":"https:\/\/lequotidien.mr\/?author=12"}]}},"_links":{"self":[{"href":"https:\/\/lequotidien.mr\/index.php?rest_route=\/wp\/v2\/posts\/30209","targetHints":{"allow":["GET"]}}],"collection":[{"href":"https:\/\/lequotidien.mr\/index.php?rest_route=\/wp\/v2\/posts"}],"about":[{"href":"https:\/\/lequotidien.mr\/index.php?rest_route=\/wp\/v2\/types\/post"}],"author":[{"embeddable":true,"href":"https:\/\/lequotidien.mr\/index.php?rest_route=\/wp\/v2\/users\/12"}],"replies":[{"embeddable":true,"href":"https:\/\/lequotidien.mr\/index.php?rest_route=%2Fwp%2Fv2%2Fcomments&post=30209"}],"version-history":[{"count":1,"href":"https:\/\/lequotidien.mr\/index.php?rest_route=\/wp\/v2\/posts\/30209\/revisions"}],"predecessor-version":[{"id":30211,"href":"https:\/\/lequotidien.mr\/index.php?rest_route=\/wp\/v2\/posts\/30209\/revisions\/30211"}],"wp:featuredmedia":[{"embeddable":true,"href":"https:\/\/lequotidien.mr\/index.php?rest_route=\/wp\/v2\/media\/30210"}],"wp:attachment":[{"href":"https:\/\/lequotidien.mr\/index.php?rest_route=%2Fwp%2Fv2%2Fmedia&parent=30209"}],"wp:term":[{"taxonomy":"category","embeddable":true,"href":"https:\/\/lequotidien.mr\/index.php?rest_route=%2Fwp%2Fv2%2Fcategories&post=30209"},{"taxonomy":"post_tag","embeddable":true,"href":"https:\/\/lequotidien.mr\/index.php?rest_route=%2Fwp%2Fv2%2Ftags&post=30209"}],"curies":[{"name":"wp","href":"https:\/\/api.w.org\/{rel}","templated":true}]}}