{"id":30176,"date":"2025-08-17T18:22:30","date_gmt":"2025-08-17T18:22:30","guid":{"rendered":"https:\/\/lequotidien.mr\/?p=30176"},"modified":"2025-08-17T18:22:30","modified_gmt":"2025-08-17T18:22:30","slug":"renforcement-strategique-moscou-et-laes-intensifient-leur-cooperation-militaire","status":"publish","type":"post","link":"https:\/\/lequotidien.mr\/?p=30176&lang=fr","title":{"rendered":"Renforcement strat\u00e9gique : Moscou et l\u2019AES intensifient leur coop\u00e9ration militaire"},"content":{"rendered":"<p data-start=\"283\" data-end=\"865\"><strong data-start=\"283\" data-end=\"295\">Moscou \u2013<\/strong> Dans un contexte r\u00e9gional marqu\u00e9 par des d\u00e9fis s\u00e9curitaires persistants, les ministres de la D\u00e9fense du Mali, du Burkina Faso et du Niger ont particip\u00e9, jeudi 14 ao\u00fbt, \u00e0 Moscou, \u00e0 une s\u00e9rie de consultations de haut niveau avec leur homologue russe. Ces rencontres, organis\u00e9es \u00e0 l\u2019invitation de la Russie, visent \u00e0 renforcer le partenariat strat\u00e9gique entre la F\u00e9d\u00e9ration de Russie et la Conf\u00e9d\u00e9ration des \u00c9tats du Sahel (AES), et \u00e0 consolider la coop\u00e9ration militaire face aux menaces terroristes et aux groupes arm\u00e9s ill\u00e9gaux qui s\u00e9vissent dans la r\u00e9gion sah\u00e9lienne.<\/p>\n<h2 data-start=\"872\" data-end=\"945\"><strong data-start=\"875\" data-end=\"943\">Un dialogue multilat\u00e9ral inscrit dans la continuit\u00e9 des \u00e9changes<\/strong><\/h2>\n<p data-start=\"946\" data-end=\"1491\">La d\u00e9l\u00e9gation malienne, conduite par le g\u00e9n\u00e9ral de corps d\u2019arm\u00e9e Sadio Camara, ministre de la D\u00e9fense et des Anciens combattants, \u00e9tait accompagn\u00e9e de ses homologues burkinab\u00e8 et nig\u00e9rien, respectivement le g\u00e9n\u00e9ral Celestin Simpone et le g\u00e9n\u00e9ral Salifou Modi. Les consultations du 14 ao\u00fbt prolongent les discussions entam\u00e9es le 11 mai dernier, \u00e0 l\u2019occasion des comm\u00e9morations du 80\u1d49 anniversaire de la victoire sovi\u00e9tique sur le nazisme, qui avaient d\u00e9j\u00e0 constitu\u00e9 une premi\u00e8re \u00e9tape de rapprochement entre Moscou et les pays membres de l\u2019AES.<\/p>\n<p data-start=\"1493\" data-end=\"1800\">Lors de cette pr\u00e9c\u00e9dente rencontre, chaque d\u00e9l\u00e9gation sah\u00e9lienne avait \u00e9t\u00e9 re\u00e7ue s\u00e9par\u00e9ment par le ministre russe de la D\u00e9fense, Andrei Belousov, et des \u00e9changes avaient permis de poser les bases d\u2019une coop\u00e9ration militaire plus structur\u00e9e et d\u2019identifier les axes prioritaires pour la s\u00e9curit\u00e9 r\u00e9gionale.<\/p>\n<h2 data-start=\"1807\" data-end=\"1863\"><strong data-start=\"1810\" data-end=\"1861\">Objectifs et enjeux des consultations de Moscou<\/strong><\/h2>\n<p data-start=\"1864\" data-end=\"2291\">Selon le minist\u00e8re malien de la D\u00e9fense, l\u2019objectif de la visite \u00e9tait de renforcer le partenariat strat\u00e9gique Russie\u2013AES afin de r\u00e9pondre aux d\u00e9fis s\u00e9curitaires croissants dans la r\u00e9gion. Une s\u00e9ance de travail approfondie a \u00e9t\u00e9 consacr\u00e9e \u00e0 l\u2019\u00e9laboration de m\u00e9canismes concrets de coop\u00e9ration militaire, en coh\u00e9rence avec la vision commune des pr\u00e9sidents Vladimir Poutine, Assimi Go\u00efta, Abdourahamane Tiani et Ibrahim Traor\u00e9.<\/p>\n<p data-start=\"2293\" data-end=\"2721\">Pour la Russie, ces consultations repr\u00e9sentent la premi\u00e8re initiative \u00e0 ce niveau avec l\u2019AES, mettant en lumi\u00e8re l\u2019importance strat\u00e9gique de la r\u00e9gion sah\u00e9lienne. Le ministre Belousov a rappel\u00e9 que l\u2019AES venait de c\u00e9l\u00e9brer sa premi\u00e8re ann\u00e9e d\u2019existence et que la F\u00e9d\u00e9ration de Russie \u00e9tait pr\u00eate \u00e0 fournir une assistance compl\u00e8te pour garantir la stabilit\u00e9, renforcer la s\u00e9curit\u00e9 et prot\u00e9ger la souverainet\u00e9 des \u00c9tats membres.<\/p>\n<h2 data-start=\"2728\" data-end=\"2773\"><strong data-start=\"2731\" data-end=\"2771\">Une coop\u00e9ration militaire formalis\u00e9e<\/strong><\/h2>\n<p data-start=\"2774\" data-end=\"3178\">\u00c0 l\u2019issue des discussions, les ministres ont sign\u00e9 une <strong data-start=\"2829\" data-end=\"2854\">d\u00e9claration conjointe<\/strong> ainsi qu\u2019un <strong data-start=\"2867\" data-end=\"2891\">m\u00e9morandum d\u2019entente<\/strong> entre les minist\u00e8res de la D\u00e9fense de la Russie et de l\u2019AES. Ces accords formalisent les engagements r\u00e9ciproques et \u00e9tablissent un cadre clair pour la coordination des activit\u00e9s militaires et de s\u00e9curit\u00e9, incluant la formation, l\u2019\u00e9quipement, et le partage d\u2019informations strat\u00e9giques.<\/p>\n<p data-start=\"3180\" data-end=\"3426\">Le document sign\u00e9 souligne \u00e9galement l\u2019importance du dialogue quadrilat\u00e9ral comme instrument privil\u00e9gi\u00e9 pour d\u00e9velopper la coop\u00e9ration en mati\u00e8re de d\u00e9fense et pour r\u00e9pondre de mani\u00e8re coordonn\u00e9e aux menaces qui p\u00e8sent sur la r\u00e9gion sah\u00e9lienne.<\/p>\n<h2 data-start=\"3433\" data-end=\"3499\"><strong data-start=\"3436\" data-end=\"3497\">Rencontres bilat\u00e9rales avec chaque ministre de la D\u00e9fense<\/strong><\/h2>\n<p data-start=\"3500\" data-end=\"3654\">Au cours de la visite, des entretiens bilat\u00e9raux ont \u00e9t\u00e9 men\u00e9s avec chaque ministre sah\u00e9lien afin de traiter les aspects sp\u00e9cifiques de la coop\u00e9ration :<\/p>\n<ul data-start=\"3656\" data-end=\"4882\">\n<li data-start=\"3656\" data-end=\"4041\">\n<p data-start=\"3658\" data-end=\"4041\"><strong data-start=\"3658\" data-end=\"3698\">Avec le g\u00e9n\u00e9ral Salifou Modi (Niger)<\/strong> : M. Belousov a soulign\u00e9 l\u2019importance de l\u2019AES comme instrument d\u2019architecture s\u00e9curitaire r\u00e9gionale, affirmant la volont\u00e9 de Moscou d\u2019\u00e9tendre la coop\u00e9ration militaire avec Niamey. Le ministre nig\u00e9rien a soulign\u00e9 l\u2019importance de renforcer l\u2019autonomie strat\u00e9gique de son pays et de b\u00e2tir des partenariats solides pour la stabilit\u00e9 r\u00e9gionale.<\/p>\n<\/li>\n<li data-start=\"4043\" data-end=\"4484\">\n<p data-start=\"4045\" data-end=\"4484\"><strong data-start=\"4045\" data-end=\"4084\">Avec le g\u00e9n\u00e9ral Sadio Camara (Mali)<\/strong> : Les discussions ont port\u00e9 sur le renforcement de la coop\u00e9ration strat\u00e9gique et la consolidation des capacit\u00e9s militaires maliennes. Le ministre malien a transmis les f\u00e9licitations du pr\u00e9sident Assimi Go\u00efta pour l\u2019anniversaire de la victoire sovi\u00e9tique et a exprim\u00e9 le soutien du Mali \u00e0 certaines op\u00e9rations militaires russes, mettant en avant le r\u00f4le inspirant de la bravoure des soldats russes.<\/p>\n<\/li>\n<li data-start=\"4486\" data-end=\"4882\">\n<p data-start=\"4488\" data-end=\"4882\"><strong data-start=\"4488\" data-end=\"4539\">Avec le g\u00e9n\u00e9ral Celestin Simpone (Burkina Faso)<\/strong> : Les entretiens ont mis l\u2019accent sur le renforcement de la capacit\u00e9 de combat de l\u2019arm\u00e9e burkinab\u00e8 et sur la consolidation des liens d\u2019amiti\u00e9 et de coop\u00e9ration entre les deux pays. Le ministre burkinab\u00e8 a exprim\u00e9 sa gratitude pour le soutien apport\u00e9 par la Russie et a insist\u00e9 sur l\u2019importance des relations fraternelles entre les peuples.<\/p>\n<\/li>\n<\/ul>\n<h2 data-start=\"4889\" data-end=\"4971\"><strong data-start=\"4892\" data-end=\"4969\">Une intensification de la coop\u00e9ration militaire dans la r\u00e9gion sah\u00e9lienne<\/strong><\/h2>\n<p data-start=\"4972\" data-end=\"5492\">Les deux s\u00e9quences diplomatiques \u2013 celles du 11 mai et du 14 ao\u00fbt \u2013 traduisent une volont\u00e9 manifeste d\u2019intensifier les \u00e9changes militaires entre la Russie et les \u00c9tats membres de l\u2019AES. Dans un contexte marqu\u00e9 par des menaces terroristes persistantes, ces consultations et accords refl\u00e8tent la dynamique de s\u00e9curisation de la r\u00e9gion, l\u2019importance des partenariats strat\u00e9giques internationaux, ainsi que la volont\u00e9 des pays sah\u00e9liens de consolider leur autonomie et leur coop\u00e9ration multilat\u00e9rale en mati\u00e8re de d\u00e9fense.<\/p>\n<p data-start=\"5494\" data-end=\"5741\">Les experts consid\u00e8rent cette initiative comme un signal fort de Moscou sur l\u2019engagement \u00e0 long terme dans le Sahel et un exemple de diplomatie militaire proactive visant \u00e0 stabiliser une zone strat\u00e9gique sur le plan g\u00e9opolitique et s\u00e9curitaire.<\/p>\n","protected":false},"excerpt":{"rendered":"<p>Moscou \u2013 Dans un contexte r\u00e9gional marqu\u00e9 par des d\u00e9fis s\u00e9curitaires persistants, les ministres de la D\u00e9fense du Mali, du Burkina Faso et du Niger ont particip\u00e9, jeudi 14 ao\u00fbt, \u00e0 Moscou, \u00e0 une s\u00e9rie de consultations de haut niveau avec leur homologue russe. Ces rencontres, organis\u00e9es \u00e0 l\u2019invitation de la Russie, visent \u00e0 renforcer&#8230;..<\/p>\n","protected":false},"author":13,"featured_media":30177,"comment_status":"open","ping_status":"open","sticky":false,"template":"","format":"standard","meta":{"footnotes":""},"categories":[23,57],"tags":[],"class_list":["post-30176","post","type-post","status-publish","format-standard","has-post-thumbnail","hentry","category-actualite","category-couverture-specilale"],"yoast_head":"<!-- This site is optimized with the Yoast SEO plugin v27.5 - https:\/\/yoast.com\/product\/yoast-seo-wordpress\/ -->\n<title>Renforcement strat\u00e9gique : Moscou et l\u2019AES intensifient leur coop\u00e9ration militaire - Le Quotidien de Nouakchott<\/title>\n<meta name=\"robots\" content=\"index, follow, max-snippet:-1, max-image-preview:large, max-video-preview:-1\" \/>\n<link rel=\"canonical\" href=\"https:\/\/lequotidien.mr\/?p=30176&lang=fr\" \/>\n<meta property=\"og:locale\" content=\"ar_AR\" \/>\n<meta property=\"og:type\" content=\"article\" \/>\n<meta property=\"og:title\" content=\"Renforcement strat\u00e9gique : Moscou et l\u2019AES intensifient leur coop\u00e9ration militaire - Le Quotidien de Nouakchott\" \/>\n<meta property=\"og:description\" content=\"Moscou \u2013 Dans un contexte r\u00e9gional marqu\u00e9 par des d\u00e9fis s\u00e9curitaires persistants, les ministres de la D\u00e9fense du Mali, du Burkina Faso et du Niger ont particip\u00e9, jeudi 14 ao\u00fbt, \u00e0 Moscou, \u00e0 une s\u00e9rie de consultations de haut niveau avec leur homologue russe. Ces rencontres, organis\u00e9es \u00e0 l\u2019invitation de la Russie, visent \u00e0 renforcer.....\" \/>\n<meta property=\"og:url\" content=\"https:\/\/lequotidien.mr\/?p=30176&amp;lang=fr\" \/>\n<meta property=\"og:site_name\" content=\"Le Quotidien de Nouakchott\" \/>\n<meta property=\"article:publisher\" content=\"https:\/\/web.facebook.com\/lequotidienmr\" \/>\n<meta property=\"article:published_time\" content=\"2025-08-17T18:22:30+00:00\" \/>\n<meta property=\"og:image\" content=\"https:\/\/lequotidien.mr\/wp-content\/uploads\/2025\/08\/689e06196f7ccc4bdb3a5e2c-1024x576.png\" \/>\n\t<meta property=\"og:image:width\" content=\"1024\" \/>\n\t<meta property=\"og:image:height\" content=\"576\" \/>\n\t<meta property=\"og:image:type\" content=\"image\/png\" \/>\n<meta name=\"author\" content=\"Fatimetou Ethemane\" \/>\n<meta name=\"twitter:card\" content=\"summary_large_image\" \/>\n<meta name=\"twitter:creator\" content=\"@lequotidienmr\" \/>\n<meta name=\"twitter:site\" content=\"@lequotidienmr\" \/>\n<meta name=\"twitter:label1\" content=\"\u0643\u064f\u062a\u0628 \u0628\u0648\u0627\u0633\u0637\u0629\" \/>\n\t<meta name=\"twitter:data1\" content=\"Fatimetou Ethemane\" \/>\n\t<meta name=\"twitter:label2\" content=\"\u0648\u0642\u062a \u0627\u0644\u0642\u0631\u0627\u0621\u0629 \u0627\u0644\u0645\u064f\u0642\u062f\u0651\u0631\" \/>\n\t<meta name=\"twitter:data2\" content=\"6 \u062f\u0642\u0627\u0626\u0642\" \/>\n<script type=\"application\/ld+json\" class=\"yoast-schema-graph\">{\"@context\":\"https:\\\/\\\/schema.org\",\"@graph\":[{\"@type\":\"Article\",\"@id\":\"https:\\\/\\\/lequotidien.mr\\\/?p=30176&lang=fr#article\",\"isPartOf\":{\"@id\":\"https:\\\/\\\/lequotidien.mr\\\/?p=30176&lang=fr\"},\"author\":{\"name\":\"Fatimetou Ethemane\",\"@id\":\"https:\\\/\\\/lequotidien.mr\\\/#\\\/schema\\\/person\\\/0926dbaf41ffa88b64cf66855b9b2826\"},\"headline\":\"Renforcement strat\u00e9gique : Moscou et l\u2019AES intensifient leur coop\u00e9ration militaire\",\"datePublished\":\"2025-08-17T18:22:30+00:00\",\"mainEntityOfPage\":{\"@id\":\"https:\\\/\\\/lequotidien.mr\\\/?p=30176&lang=fr\"},\"wordCount\":964,\"commentCount\":0,\"publisher\":{\"@id\":\"https:\\\/\\\/lequotidien.mr\\\/#organization\"},\"image\":{\"@id\":\"https:\\\/\\\/lequotidien.mr\\\/?p=30176&lang=fr#primaryimage\"},\"thumbnailUrl\":\"https:\\\/\\\/lequotidien.mr\\\/wp-content\\\/uploads\\\/2025\\\/08\\\/689e06196f7ccc4bdb3a5e2c.png\",\"articleSection\":[\"ACTUALIT\u00c9\",\"Couverture sp\u00e9cilale\"],\"inLanguage\":\"ar\",\"potentialAction\":[{\"@type\":\"CommentAction\",\"name\":\"Comment\",\"target\":[\"https:\\\/\\\/lequotidien.mr\\\/?p=30176&lang=fr#respond\"]}]},{\"@type\":\"WebPage\",\"@id\":\"https:\\\/\\\/lequotidien.mr\\\/?p=30176&lang=fr\",\"url\":\"https:\\\/\\\/lequotidien.mr\\\/?p=30176&lang=fr\",\"name\":\"Renforcement strat\u00e9gique : Moscou et l\u2019AES intensifient leur coop\u00e9ration militaire - Le Quotidien de Nouakchott\",\"isPartOf\":{\"@id\":\"https:\\\/\\\/lequotidien.mr\\\/#website\"},\"primaryImageOfPage\":{\"@id\":\"https:\\\/\\\/lequotidien.mr\\\/?p=30176&lang=fr#primaryimage\"},\"image\":{\"@id\":\"https:\\\/\\\/lequotidien.mr\\\/?p=30176&lang=fr#primaryimage\"},\"thumbnailUrl\":\"https:\\\/\\\/lequotidien.mr\\\/wp-content\\\/uploads\\\/2025\\\/08\\\/689e06196f7ccc4bdb3a5e2c.png\",\"datePublished\":\"2025-08-17T18:22:30+00:00\",\"breadcrumb\":{\"@id\":\"https:\\\/\\\/lequotidien.mr\\\/?p=30176&lang=fr#breadcrumb\"},\"inLanguage\":\"ar\",\"potentialAction\":[{\"@type\":\"ReadAction\",\"target\":[\"https:\\\/\\\/lequotidien.mr\\\/?p=30176&lang=fr\"]}]},{\"@type\":\"ImageObject\",\"inLanguage\":\"ar\",\"@id\":\"https:\\\/\\\/lequotidien.mr\\\/?p=30176&lang=fr#primaryimage\",\"url\":\"https:\\\/\\\/lequotidien.mr\\\/wp-content\\\/uploads\\\/2025\\\/08\\\/689e06196f7ccc4bdb3a5e2c.png\",\"contentUrl\":\"https:\\\/\\\/lequotidien.mr\\\/wp-content\\\/uploads\\\/2025\\\/08\\\/689e06196f7ccc4bdb3a5e2c.png\",\"width\":1920,\"height\":1080},{\"@type\":\"BreadcrumbList\",\"@id\":\"https:\\\/\\\/lequotidien.mr\\\/?p=30176&lang=fr#breadcrumb\",\"itemListElement\":[{\"@type\":\"ListItem\",\"position\":1,\"name\":\"Home\",\"item\":\"https:\\\/\\\/lequotidien.mr\\\/\"},{\"@type\":\"ListItem\",\"position\":2,\"name\":\"Renforcement strat\u00e9gique : Moscou et l\u2019AES intensifient leur coop\u00e9ration militaire\"}]},{\"@type\":\"WebSite\",\"@id\":\"https:\\\/\\\/lequotidien.mr\\\/#website\",\"url\":\"https:\\\/\\\/lequotidien.mr\\\/\",\"name\":\"Le Quotidien de Nouakchott\",\"description\":\"\u0625\u062e\u0628\u0627\u0631\u064a\u0629 \u0645\u0633\u062a\u0642\u0644\u0629 \u0644\u0644\u0623\u0646\u0628\u0627\u0621 \u0627\u0644\u0639\u0627\u0645\u0629\",\"publisher\":{\"@id\":\"https:\\\/\\\/lequotidien.mr\\\/#organization\"},\"potentialAction\":[{\"@type\":\"SearchAction\",\"target\":{\"@type\":\"EntryPoint\",\"urlTemplate\":\"https:\\\/\\\/lequotidien.mr\\\/?s={search_term_string}\"},\"query-input\":{\"@type\":\"PropertyValueSpecification\",\"valueRequired\":true,\"valueName\":\"search_term_string\"}}],\"inLanguage\":\"ar\"},{\"@type\":\"Organization\",\"@id\":\"https:\\\/\\\/lequotidien.mr\\\/#organization\",\"name\":\"Le Quotidien de Nouakchott\",\"url\":\"https:\\\/\\\/lequotidien.mr\\\/\",\"logo\":{\"@type\":\"ImageObject\",\"inLanguage\":\"ar\",\"@id\":\"https:\\\/\\\/lequotidien.mr\\\/#\\\/schema\\\/logo\\\/image\\\/\",\"url\":\"https:\\\/\\\/lequotidien.mr\\\/wp-content\\\/uploads\\\/2022\\\/11\\\/logolequotidien.jpg\",\"contentUrl\":\"https:\\\/\\\/lequotidien.mr\\\/wp-content\\\/uploads\\\/2022\\\/11\\\/logolequotidien.jpg\",\"width\":290,\"height\":65,\"caption\":\"Le Quotidien de Nouakchott\"},\"image\":{\"@id\":\"https:\\\/\\\/lequotidien.mr\\\/#\\\/schema\\\/logo\\\/image\\\/\"},\"sameAs\":[\"https:\\\/\\\/web.facebook.com\\\/lequotidienmr\",\"https:\\\/\\\/x.com\\\/lequotidienmr\"]},{\"@type\":\"Person\",\"@id\":\"https:\\\/\\\/lequotidien.mr\\\/#\\\/schema\\\/person\\\/0926dbaf41ffa88b64cf66855b9b2826\",\"name\":\"Fatimetou Ethemane\",\"image\":{\"@type\":\"ImageObject\",\"inLanguage\":\"ar\",\"@id\":\"https:\\\/\\\/secure.gravatar.com\\\/avatar\\\/38fea9097a5e574debe9801202088f6f4429fdac0912587175811aad50d9706e?s=96&d=mm&r=g\",\"url\":\"https:\\\/\\\/secure.gravatar.com\\\/avatar\\\/38fea9097a5e574debe9801202088f6f4429fdac0912587175811aad50d9706e?s=96&d=mm&r=g\",\"contentUrl\":\"https:\\\/\\\/secure.gravatar.com\\\/avatar\\\/38fea9097a5e574debe9801202088f6f4429fdac0912587175811aad50d9706e?s=96&d=mm&r=g\",\"caption\":\"Fatimetou Ethemane\"},\"sameAs\":[\"http:\\\/\\\/lequotidien.mr\"],\"url\":\"https:\\\/\\\/lequotidien.mr\\\/?author=13\"}]}<\/script>\n<!-- \/ Yoast SEO plugin. -->","yoast_head_json":{"title":"Renforcement strat\u00e9gique : Moscou et l\u2019AES intensifient leur coop\u00e9ration militaire - Le Quotidien de Nouakchott","robots":{"index":"index","follow":"follow","max-snippet":"max-snippet:-1","max-image-preview":"max-image-preview:large","max-video-preview":"max-video-preview:-1"},"canonical":"https:\/\/lequotidien.mr\/?p=30176&lang=fr","og_locale":"ar_AR","og_type":"article","og_title":"Renforcement strat\u00e9gique : Moscou et l\u2019AES intensifient leur coop\u00e9ration militaire - Le Quotidien de Nouakchott","og_description":"Moscou \u2013 Dans un contexte r\u00e9gional marqu\u00e9 par des d\u00e9fis s\u00e9curitaires persistants, les ministres de la D\u00e9fense du Mali, du Burkina Faso et du Niger ont particip\u00e9, jeudi 14 ao\u00fbt, \u00e0 Moscou, \u00e0 une s\u00e9rie de consultations de haut niveau avec leur homologue russe. Ces rencontres, organis\u00e9es \u00e0 l\u2019invitation de la Russie, visent \u00e0 renforcer.....","og_url":"https:\/\/lequotidien.mr\/?p=30176&lang=fr","og_site_name":"Le Quotidien de Nouakchott","article_publisher":"https:\/\/web.facebook.com\/lequotidienmr","article_published_time":"2025-08-17T18:22:30+00:00","og_image":[{"width":1024,"height":576,"url":"https:\/\/lequotidien.mr\/wp-content\/uploads\/2025\/08\/689e06196f7ccc4bdb3a5e2c-1024x576.png","type":"image\/png"}],"author":"Fatimetou Ethemane","twitter_card":"summary_large_image","twitter_creator":"@lequotidienmr","twitter_site":"@lequotidienmr","twitter_misc":{"\u0643\u064f\u062a\u0628 \u0628\u0648\u0627\u0633\u0637\u0629":"Fatimetou Ethemane","\u0648\u0642\u062a \u0627\u0644\u0642\u0631\u0627\u0621\u0629 \u0627\u0644\u0645\u064f\u0642\u062f\u0651\u0631":"6 \u062f\u0642\u0627\u0626\u0642"},"schema":{"@context":"https:\/\/schema.org","@graph":[{"@type":"Article","@id":"https:\/\/lequotidien.mr\/?p=30176&lang=fr#article","isPartOf":{"@id":"https:\/\/lequotidien.mr\/?p=30176&lang=fr"},"author":{"name":"Fatimetou Ethemane","@id":"https:\/\/lequotidien.mr\/#\/schema\/person\/0926dbaf41ffa88b64cf66855b9b2826"},"headline":"Renforcement strat\u00e9gique : Moscou et l\u2019AES intensifient leur coop\u00e9ration militaire","datePublished":"2025-08-17T18:22:30+00:00","mainEntityOfPage":{"@id":"https:\/\/lequotidien.mr\/?p=30176&lang=fr"},"wordCount":964,"commentCount":0,"publisher":{"@id":"https:\/\/lequotidien.mr\/#organization"},"image":{"@id":"https:\/\/lequotidien.mr\/?p=30176&lang=fr#primaryimage"},"thumbnailUrl":"https:\/\/lequotidien.mr\/wp-content\/uploads\/2025\/08\/689e06196f7ccc4bdb3a5e2c.png","articleSection":["ACTUALIT\u00c9","Couverture sp\u00e9cilale"],"inLanguage":"ar","potentialAction":[{"@type":"CommentAction","name":"Comment","target":["https:\/\/lequotidien.mr\/?p=30176&lang=fr#respond"]}]},{"@type":"WebPage","@id":"https:\/\/lequotidien.mr\/?p=30176&lang=fr","url":"https:\/\/lequotidien.mr\/?p=30176&lang=fr","name":"Renforcement strat\u00e9gique : Moscou et l\u2019AES intensifient leur coop\u00e9ration militaire - Le Quotidien de Nouakchott","isPartOf":{"@id":"https:\/\/lequotidien.mr\/#website"},"primaryImageOfPage":{"@id":"https:\/\/lequotidien.mr\/?p=30176&lang=fr#primaryimage"},"image":{"@id":"https:\/\/lequotidien.mr\/?p=30176&lang=fr#primaryimage"},"thumbnailUrl":"https:\/\/lequotidien.mr\/wp-content\/uploads\/2025\/08\/689e06196f7ccc4bdb3a5e2c.png","datePublished":"2025-08-17T18:22:30+00:00","breadcrumb":{"@id":"https:\/\/lequotidien.mr\/?p=30176&lang=fr#breadcrumb"},"inLanguage":"ar","potentialAction":[{"@type":"ReadAction","target":["https:\/\/lequotidien.mr\/?p=30176&lang=fr"]}]},{"@type":"ImageObject","inLanguage":"ar","@id":"https:\/\/lequotidien.mr\/?p=30176&lang=fr#primaryimage","url":"https:\/\/lequotidien.mr\/wp-content\/uploads\/2025\/08\/689e06196f7ccc4bdb3a5e2c.png","contentUrl":"https:\/\/lequotidien.mr\/wp-content\/uploads\/2025\/08\/689e06196f7ccc4bdb3a5e2c.png","width":1920,"height":1080},{"@type":"BreadcrumbList","@id":"https:\/\/lequotidien.mr\/?p=30176&lang=fr#breadcrumb","itemListElement":[{"@type":"ListItem","position":1,"name":"Home","item":"https:\/\/lequotidien.mr\/"},{"@type":"ListItem","position":2,"name":"Renforcement strat\u00e9gique : Moscou et l\u2019AES intensifient leur coop\u00e9ration militaire"}]},{"@type":"WebSite","@id":"https:\/\/lequotidien.mr\/#website","url":"https:\/\/lequotidien.mr\/","name":"Le Quotidien de Nouakchott","description":"\u0625\u062e\u0628\u0627\u0631\u064a\u0629 \u0645\u0633\u062a\u0642\u0644\u0629 \u0644\u0644\u0623\u0646\u0628\u0627\u0621 \u0627\u0644\u0639\u0627\u0645\u0629","publisher":{"@id":"https:\/\/lequotidien.mr\/#organization"},"potentialAction":[{"@type":"SearchAction","target":{"@type":"EntryPoint","urlTemplate":"https:\/\/lequotidien.mr\/?s={search_term_string}"},"query-input":{"@type":"PropertyValueSpecification","valueRequired":true,"valueName":"search_term_string"}}],"inLanguage":"ar"},{"@type":"Organization","@id":"https:\/\/lequotidien.mr\/#organization","name":"Le Quotidien de Nouakchott","url":"https:\/\/lequotidien.mr\/","logo":{"@type":"ImageObject","inLanguage":"ar","@id":"https:\/\/lequotidien.mr\/#\/schema\/logo\/image\/","url":"https:\/\/lequotidien.mr\/wp-content\/uploads\/2022\/11\/logolequotidien.jpg","contentUrl":"https:\/\/lequotidien.mr\/wp-content\/uploads\/2022\/11\/logolequotidien.jpg","width":290,"height":65,"caption":"Le Quotidien de Nouakchott"},"image":{"@id":"https:\/\/lequotidien.mr\/#\/schema\/logo\/image\/"},"sameAs":["https:\/\/web.facebook.com\/lequotidienmr","https:\/\/x.com\/lequotidienmr"]},{"@type":"Person","@id":"https:\/\/lequotidien.mr\/#\/schema\/person\/0926dbaf41ffa88b64cf66855b9b2826","name":"Fatimetou Ethemane","image":{"@type":"ImageObject","inLanguage":"ar","@id":"https:\/\/secure.gravatar.com\/avatar\/38fea9097a5e574debe9801202088f6f4429fdac0912587175811aad50d9706e?s=96&d=mm&r=g","url":"https:\/\/secure.gravatar.com\/avatar\/38fea9097a5e574debe9801202088f6f4429fdac0912587175811aad50d9706e?s=96&d=mm&r=g","contentUrl":"https:\/\/secure.gravatar.com\/avatar\/38fea9097a5e574debe9801202088f6f4429fdac0912587175811aad50d9706e?s=96&d=mm&r=g","caption":"Fatimetou Ethemane"},"sameAs":["http:\/\/lequotidien.mr"],"url":"https:\/\/lequotidien.mr\/?author=13"}]}},"_links":{"self":[{"href":"https:\/\/lequotidien.mr\/index.php?rest_route=\/wp\/v2\/posts\/30176","targetHints":{"allow":["GET"]}}],"collection":[{"href":"https:\/\/lequotidien.mr\/index.php?rest_route=\/wp\/v2\/posts"}],"about":[{"href":"https:\/\/lequotidien.mr\/index.php?rest_route=\/wp\/v2\/types\/post"}],"author":[{"embeddable":true,"href":"https:\/\/lequotidien.mr\/index.php?rest_route=\/wp\/v2\/users\/13"}],"replies":[{"embeddable":true,"href":"https:\/\/lequotidien.mr\/index.php?rest_route=%2Fwp%2Fv2%2Fcomments&post=30176"}],"version-history":[{"count":1,"href":"https:\/\/lequotidien.mr\/index.php?rest_route=\/wp\/v2\/posts\/30176\/revisions"}],"predecessor-version":[{"id":30178,"href":"https:\/\/lequotidien.mr\/index.php?rest_route=\/wp\/v2\/posts\/30176\/revisions\/30178"}],"wp:featuredmedia":[{"embeddable":true,"href":"https:\/\/lequotidien.mr\/index.php?rest_route=\/wp\/v2\/media\/30177"}],"wp:attachment":[{"href":"https:\/\/lequotidien.mr\/index.php?rest_route=%2Fwp%2Fv2%2Fmedia&parent=30176"}],"wp:term":[{"taxonomy":"category","embeddable":true,"href":"https:\/\/lequotidien.mr\/index.php?rest_route=%2Fwp%2Fv2%2Fcategories&post=30176"},{"taxonomy":"post_tag","embeddable":true,"href":"https:\/\/lequotidien.mr\/index.php?rest_route=%2Fwp%2Fv2%2Ftags&post=30176"}],"curies":[{"name":"wp","href":"https:\/\/api.w.org\/{rel}","templated":true}]}}