{"id":30171,"date":"2025-08-17T13:51:38","date_gmt":"2025-08-17T13:51:38","guid":{"rendered":"https:\/\/lequotidien.mr\/?p=30171"},"modified":"2025-08-17T13:51:38","modified_gmt":"2025-08-17T13:51:38","slug":"banque-centrale-un-taux-directeur-a-6-une-decision-en-decalage-avec-la-realite-economique","status":"publish","type":"post","link":"https:\/\/lequotidien.mr\/?p=30171&lang=fr","title":{"rendered":"Banque centrale : un taux directeur \u00e0 6 %, une d\u00e9cision en d\u00e9calage avec la r\u00e9alit\u00e9 \u00e9conomique"},"content":{"rendered":"<p>Le <strong>Conseil de politique mon\u00e9taire de la Banque centrale de Mauritanie<\/strong> a d\u00e9cid\u00e9 de maintenir le <strong>taux directeur \u00e0 6 %<\/strong>, avec un taux des facilit\u00e9s de pr\u00eat \u00e0 6,5 % et celui des d\u00e9p\u00f4ts \u00e0 2 %. Pr\u00e9sent\u00e9e comme une d\u00e9cision \u201cresponsable\u201d visant \u00e0 stabiliser l\u2019\u00e9conomie, cette orientation illustre au contraire une <strong>soumission totale<\/strong> aux recettes pr\u00f4n\u00e9es par le <strong>Fonds mon\u00e9taire international (FMI)<\/strong> et la <strong>Banque mondiale<\/strong>.<\/p>\n<h3>Des chiffres qui masquent la r\u00e9alit\u00e9<\/h3>\n<p>La Banque centrale se f\u00e9licite de la baisse de l\u2019inflation (de 3 % en 2024 \u00e0 1,3 % en 2025) et du \u201cmaintien des \u00e9quilibres macro\u00e9conomiques\u201d. Mais ces indicateurs n\u2019ont de sens que pour les institutions de Bretton Woods et leurs tableaux Excel.<br \/>\nDans les march\u00e9s, les prix des denr\u00e9es alimentaires, du logement et du transport continuent de flamber. Les m\u00e9nages paient au quotidien la d\u00e9pendance aux importations et l\u2019absence de protection sociale.<\/p>\n<p>La <strong>fausse stabilit\u00e9<\/strong> vant\u00e9e par la BCM ne fait que servir le discours attendu par les bailleurs de fonds internationaux, qui exigent discipline budg\u00e9taire et orthodoxie mon\u00e9taire, sans se soucier du co\u00fbt social pour les Mauritaniens. Car pendant que le gouverneur parle de confiance, la r\u00e9alit\u00e9 frappe : <strong data-start=\"620\" data-end=\"706\">le taux de change de l\u2019ouguiya face au dollar et \u00e0 l\u2019euro a battu tous les records<\/strong>, r\u00e9duisant le pouvoir d\u2019achat et rench\u00e9rissant les importations. Une <strong data-start=\"776\" data-end=\"814\">d\u00e9valuation qui ne dit pas son nom<\/strong>, masqu\u00e9e par des communiqu\u00e9s triomphants.<\/p>\n<h3>Une Banque centrale transform\u00e9e en guichet des bailleurs<\/h3>\n<p>Depuis plusieurs ann\u00e9es, la Banque centrale semble avoir renonc\u00e9 \u00e0 toute mission de r\u00e9gulation en faveur du d\u00e9veloppement national. Elle s\u2019est mu\u00e9e en <strong>courroie de transmission des dogmes impos\u00e9s de l\u2019ext\u00e9rieur<\/strong> : rigueur mon\u00e9taire, plafonnement du cr\u00e9dit, aust\u00e9rit\u00e9 sous toutes ses formes.<br \/>\nR\u00e9sultat :<\/p>\n<ul>\n<li>Les <strong>PME locales<\/strong> restent exclues de l\u2019acc\u00e8s au financement.<\/li>\n<li>Le cr\u00e9dit productif n\u2019existe pas, quand le sp\u00e9culatif prosp\u00e8re.<\/li>\n<li>Le syst\u00e8me bancaire demeure r\u00e9serv\u00e9 \u00e0 une \u00e9lite proche du pouvoir, verrouillant toute inclusion financi\u00e8re.<\/li>\n<\/ul>\n<h3>Le scandale du microcr\u00e9dit \u00e9touff\u00e9<\/h3>\n<p>Pire encore : la Banque centrale ferme les yeux sur le <strong>d\u00e9sastre du microcr\u00e9dit en Mauritanie<\/strong>.<br \/>\nDe nombreuses institutions, pr\u00e9sent\u00e9es nagu\u00e8re comme des leviers d\u2019inclusion financi\u00e8re et soutenues par l\u2019\u00c9tat, se sont effondr\u00e9es dans le silence g\u00e9n\u00e9ral. R\u00e9sultat : des milliers de familles pauvres ont vu leurs maigres \u00e9conomies englouties.<br \/>\nAu lieu de prot\u00e9ger les \u00e9pargnants et de tirer les le\u00e7ons de ces faillites en cascade, la BCM a choisi le silence \u2014 un silence coupable, synonyme d\u2019abandon des plus vuln\u00e9rables.<\/p>\n<h3>Une orthodoxie \u00e9conomique contre le peuple<\/h3>\n<p>En maintenant son taux directeur \u00e0 6 %, la Banque centrale envoie un signal clair : <strong>ce n\u2019est pas la population qu\u2019elle prot\u00e8ge, mais la confiance des bailleurs<\/strong>. Or, cette orthodoxie mon\u00e9taire ne r\u00e9pond ni aux besoins d\u2019investissement du pays, ni aux urgences sociales, ni \u00e0 la n\u00e9cessit\u00e9 de cr\u00e9er un tissu productif autonome.<\/p>\n<p>\u00c0 force de privil\u00e9gier les \u00e9quilibres macro\u00e9conomiques dict\u00e9s de l\u2019ext\u00e9rieur, la Mauritanie sacrifie sa souverainet\u00e9 mon\u00e9taire et financi\u00e8re. Elle perp\u00e9tue un syst\u00e8me o\u00f9 l\u2019\u00e9conomie r\u00e9elle est asphyxi\u00e9e, et o\u00f9 les plus pauvres paient le prix fort : inflation subie, absence de cr\u00e9dit, faillite des dispositifs de microfinance.<\/p>\n<h3><\/h3>\n<p>La question n\u2019est donc pas de savoir si le taux directeur est \u00e0 6 % ou \u00e0 5 %. Elle est bien plus fondamentale :<\/p>\n<ul>\n<li>La Banque centrale doit-elle continuer \u00e0 servir de <strong>bureau d\u2019ex\u00e9cution des recettes du FMI et de la Banque mondiale<\/strong> ?<\/li>\n<li>Ou doit-elle redevenir un outil de r\u00e9gulation au service des Mauritaniens, prot\u00e9geant les \u00e9pargnants, soutenant les producteurs locaux et facilitant l\u2019acc\u00e8s des citoyens au cr\u00e9dit et en maintenant les prix?<\/li>\n<\/ul>\n<p>Tant que cette question restera sans r\u00e9ponse, chaque annonce de la BCM ne sera qu\u2019une <strong>mise en sc\u00e8ne technocratique<\/strong>, d\u00e9connect\u00e9e des r\u00e9alit\u00e9s, et complice d\u2019un syst\u00e8me o\u00f9 la pauvret\u00e9 et la d\u00e9pendance deviennent les seuls indicateurs r\u00e9ellement stables.<\/p>\n<p>&nbsp;<\/p>\n<p>&nbsp;<\/p>\n","protected":false},"excerpt":{"rendered":"<p>Le Conseil de politique mon\u00e9taire de la Banque centrale de Mauritanie a d\u00e9cid\u00e9 de maintenir le taux directeur \u00e0 6 %, avec un taux des facilit\u00e9s de pr\u00eat \u00e0 6,5 % et celui des d\u00e9p\u00f4ts \u00e0 2 %. Pr\u00e9sent\u00e9e comme une d\u00e9cision \u201cresponsable\u201d visant \u00e0 stabiliser l\u2019\u00e9conomie, cette orientation illustre au contraire une soumission totale&#8230;..<\/p>\n","protected":false},"author":4,"featured_media":30172,"comment_status":"open","ping_status":"open","sticky":false,"template":"","format":"standard","meta":{"footnotes":""},"categories":[23,49,57],"tags":[],"class_list":["post-30171","post","type-post","status-publish","format-standard","has-post-thumbnail","hentry","category-actualite","category-economie","category-couverture-specilale"],"yoast_head":"<!-- This site is optimized with the Yoast SEO plugin v27.5 - https:\/\/yoast.com\/product\/yoast-seo-wordpress\/ -->\n<title>Banque centrale : un taux directeur \u00e0 6 %, une d\u00e9cision en d\u00e9calage avec la r\u00e9alit\u00e9 \u00e9conomique - Le Quotidien de Nouakchott<\/title>\n<meta name=\"robots\" content=\"index, follow, max-snippet:-1, max-image-preview:large, max-video-preview:-1\" \/>\n<link rel=\"canonical\" href=\"https:\/\/lequotidien.mr\/?p=30171&lang=fr\" \/>\n<meta property=\"og:locale\" content=\"ar_AR\" \/>\n<meta property=\"og:type\" content=\"article\" \/>\n<meta property=\"og:title\" content=\"Banque centrale : un taux directeur \u00e0 6 %, une d\u00e9cision en d\u00e9calage avec la r\u00e9alit\u00e9 \u00e9conomique - Le Quotidien de Nouakchott\" \/>\n<meta property=\"og:description\" content=\"Le Conseil de politique mon\u00e9taire de la Banque centrale de Mauritanie a d\u00e9cid\u00e9 de maintenir le taux directeur \u00e0 6 %, avec un taux des facilit\u00e9s de pr\u00eat \u00e0 6,5 % et celui des d\u00e9p\u00f4ts \u00e0 2 %. Pr\u00e9sent\u00e9e comme une d\u00e9cision \u201cresponsable\u201d visant \u00e0 stabiliser l\u2019\u00e9conomie, cette orientation illustre au contraire une soumission totale.....\" \/>\n<meta property=\"og:url\" content=\"https:\/\/lequotidien.mr\/?p=30171&amp;lang=fr\" \/>\n<meta property=\"og:site_name\" content=\"Le Quotidien de Nouakchott\" \/>\n<meta property=\"article:publisher\" content=\"https:\/\/web.facebook.com\/lequotidienmr\" \/>\n<meta property=\"article:published_time\" content=\"2025-08-17T13:51:38+00:00\" \/>\n<meta property=\"og:image\" content=\"https:\/\/lequotidien.mr\/wp-content\/uploads\/2025\/08\/9f99997e-6056-402f-905e-cc598ee4a90e.jpeg\" \/>\n\t<meta property=\"og:image:width\" content=\"745\" \/>\n\t<meta property=\"og:image:height\" content=\"405\" \/>\n\t<meta property=\"og:image:type\" content=\"image\/jpeg\" \/>\n<meta name=\"author\" content=\"Le Quotidien\" \/>\n<meta name=\"twitter:card\" content=\"summary_large_image\" \/>\n<meta name=\"twitter:creator\" content=\"@lequotidienmr\" \/>\n<meta name=\"twitter:site\" content=\"@lequotidienmr\" \/>\n<meta name=\"twitter:label1\" content=\"\u0643\u064f\u062a\u0628 \u0628\u0648\u0627\u0633\u0637\u0629\" \/>\n\t<meta name=\"twitter:data1\" content=\"Le Quotidien\" \/>\n\t<meta name=\"twitter:label2\" content=\"\u0648\u0642\u062a \u0627\u0644\u0642\u0631\u0627\u0621\u0629 \u0627\u0644\u0645\u064f\u0642\u062f\u0651\u0631\" \/>\n\t<meta name=\"twitter:data2\" content=\"5 \u062f\u0642\u0627\u0626\u0642\" \/>\n<script type=\"application\/ld+json\" class=\"yoast-schema-graph\">{\"@context\":\"https:\\\/\\\/schema.org\",\"@graph\":[{\"@type\":\"Article\",\"@id\":\"https:\\\/\\\/lequotidien.mr\\\/?p=30171&lang=fr#article\",\"isPartOf\":{\"@id\":\"https:\\\/\\\/lequotidien.mr\\\/?p=30171&lang=fr\"},\"author\":{\"name\":\"Le Quotidien\",\"@id\":\"https:\\\/\\\/lequotidien.mr\\\/#\\\/schema\\\/person\\\/f90fcdaa970c60288de4ed2e64a56472\"},\"headline\":\"Banque centrale : un taux directeur \u00e0 6 %, une d\u00e9cision en d\u00e9calage avec la r\u00e9alit\u00e9 \u00e9conomique\",\"datePublished\":\"2025-08-17T13:51:38+00:00\",\"mainEntityOfPage\":{\"@id\":\"https:\\\/\\\/lequotidien.mr\\\/?p=30171&lang=fr\"},\"wordCount\":715,\"commentCount\":0,\"publisher\":{\"@id\":\"https:\\\/\\\/lequotidien.mr\\\/#organization\"},\"image\":{\"@id\":\"https:\\\/\\\/lequotidien.mr\\\/?p=30171&lang=fr#primaryimage\"},\"thumbnailUrl\":\"https:\\\/\\\/lequotidien.mr\\\/wp-content\\\/uploads\\\/2025\\\/08\\\/9f99997e-6056-402f-905e-cc598ee4a90e.jpeg\",\"articleSection\":[\"ACTUALIT\u00c9\",\"Economie\",\"Couverture sp\u00e9cilale\"],\"inLanguage\":\"ar\",\"potentialAction\":[{\"@type\":\"CommentAction\",\"name\":\"Comment\",\"target\":[\"https:\\\/\\\/lequotidien.mr\\\/?p=30171&lang=fr#respond\"]}]},{\"@type\":\"WebPage\",\"@id\":\"https:\\\/\\\/lequotidien.mr\\\/?p=30171&lang=fr\",\"url\":\"https:\\\/\\\/lequotidien.mr\\\/?p=30171&lang=fr\",\"name\":\"Banque centrale : un taux directeur \u00e0 6 %, une d\u00e9cision en d\u00e9calage avec la r\u00e9alit\u00e9 \u00e9conomique - Le Quotidien de Nouakchott\",\"isPartOf\":{\"@id\":\"https:\\\/\\\/lequotidien.mr\\\/#website\"},\"primaryImageOfPage\":{\"@id\":\"https:\\\/\\\/lequotidien.mr\\\/?p=30171&lang=fr#primaryimage\"},\"image\":{\"@id\":\"https:\\\/\\\/lequotidien.mr\\\/?p=30171&lang=fr#primaryimage\"},\"thumbnailUrl\":\"https:\\\/\\\/lequotidien.mr\\\/wp-content\\\/uploads\\\/2025\\\/08\\\/9f99997e-6056-402f-905e-cc598ee4a90e.jpeg\",\"datePublished\":\"2025-08-17T13:51:38+00:00\",\"breadcrumb\":{\"@id\":\"https:\\\/\\\/lequotidien.mr\\\/?p=30171&lang=fr#breadcrumb\"},\"inLanguage\":\"ar\",\"potentialAction\":[{\"@type\":\"ReadAction\",\"target\":[\"https:\\\/\\\/lequotidien.mr\\\/?p=30171&lang=fr\"]}]},{\"@type\":\"ImageObject\",\"inLanguage\":\"ar\",\"@id\":\"https:\\\/\\\/lequotidien.mr\\\/?p=30171&lang=fr#primaryimage\",\"url\":\"https:\\\/\\\/lequotidien.mr\\\/wp-content\\\/uploads\\\/2025\\\/08\\\/9f99997e-6056-402f-905e-cc598ee4a90e.jpeg\",\"contentUrl\":\"https:\\\/\\\/lequotidien.mr\\\/wp-content\\\/uploads\\\/2025\\\/08\\\/9f99997e-6056-402f-905e-cc598ee4a90e.jpeg\",\"width\":745,\"height\":405},{\"@type\":\"BreadcrumbList\",\"@id\":\"https:\\\/\\\/lequotidien.mr\\\/?p=30171&lang=fr#breadcrumb\",\"itemListElement\":[{\"@type\":\"ListItem\",\"position\":1,\"name\":\"Home\",\"item\":\"https:\\\/\\\/lequotidien.mr\\\/\"},{\"@type\":\"ListItem\",\"position\":2,\"name\":\"Banque centrale : un taux directeur \u00e0 6 %, une d\u00e9cision en d\u00e9calage avec la r\u00e9alit\u00e9 \u00e9conomique\"}]},{\"@type\":\"WebSite\",\"@id\":\"https:\\\/\\\/lequotidien.mr\\\/#website\",\"url\":\"https:\\\/\\\/lequotidien.mr\\\/\",\"name\":\"Le Quotidien de Nouakchott\",\"description\":\"\u0625\u062e\u0628\u0627\u0631\u064a\u0629 \u0645\u0633\u062a\u0642\u0644\u0629 \u0644\u0644\u0623\u0646\u0628\u0627\u0621 \u0627\u0644\u0639\u0627\u0645\u0629\",\"publisher\":{\"@id\":\"https:\\\/\\\/lequotidien.mr\\\/#organization\"},\"potentialAction\":[{\"@type\":\"SearchAction\",\"target\":{\"@type\":\"EntryPoint\",\"urlTemplate\":\"https:\\\/\\\/lequotidien.mr\\\/?s={search_term_string}\"},\"query-input\":{\"@type\":\"PropertyValueSpecification\",\"valueRequired\":true,\"valueName\":\"search_term_string\"}}],\"inLanguage\":\"ar\"},{\"@type\":\"Organization\",\"@id\":\"https:\\\/\\\/lequotidien.mr\\\/#organization\",\"name\":\"Le Quotidien de Nouakchott\",\"url\":\"https:\\\/\\\/lequotidien.mr\\\/\",\"logo\":{\"@type\":\"ImageObject\",\"inLanguage\":\"ar\",\"@id\":\"https:\\\/\\\/lequotidien.mr\\\/#\\\/schema\\\/logo\\\/image\\\/\",\"url\":\"https:\\\/\\\/lequotidien.mr\\\/wp-content\\\/uploads\\\/2022\\\/11\\\/logolequotidien.jpg\",\"contentUrl\":\"https:\\\/\\\/lequotidien.mr\\\/wp-content\\\/uploads\\\/2022\\\/11\\\/logolequotidien.jpg\",\"width\":290,\"height\":65,\"caption\":\"Le Quotidien de Nouakchott\"},\"image\":{\"@id\":\"https:\\\/\\\/lequotidien.mr\\\/#\\\/schema\\\/logo\\\/image\\\/\"},\"sameAs\":[\"https:\\\/\\\/web.facebook.com\\\/lequotidienmr\",\"https:\\\/\\\/x.com\\\/lequotidienmr\"]},{\"@type\":\"Person\",\"@id\":\"https:\\\/\\\/lequotidien.mr\\\/#\\\/schema\\\/person\\\/f90fcdaa970c60288de4ed2e64a56472\",\"name\":\"Le Quotidien\",\"image\":{\"@type\":\"ImageObject\",\"inLanguage\":\"ar\",\"@id\":\"https:\\\/\\\/secure.gravatar.com\\\/avatar\\\/374cb39a1a458a912465a93e5a3ce6546886fc3da809a1f10c63e4e8fcbca30f?s=96&d=mm&r=g\",\"url\":\"https:\\\/\\\/secure.gravatar.com\\\/avatar\\\/374cb39a1a458a912465a93e5a3ce6546886fc3da809a1f10c63e4e8fcbca30f?s=96&d=mm&r=g\",\"contentUrl\":\"https:\\\/\\\/secure.gravatar.com\\\/avatar\\\/374cb39a1a458a912465a93e5a3ce6546886fc3da809a1f10c63e4e8fcbca30f?s=96&d=mm&r=g\",\"caption\":\"Le Quotidien\"},\"sameAs\":[\"https:\\\/\\\/lequotidien.mr\\\/\"],\"url\":\"https:\\\/\\\/lequotidien.mr\\\/?author=4\"}]}<\/script>\n<!-- \/ Yoast SEO plugin. -->","yoast_head_json":{"title":"Banque centrale : un taux directeur \u00e0 6 %, une d\u00e9cision en d\u00e9calage avec la r\u00e9alit\u00e9 \u00e9conomique - Le Quotidien de Nouakchott","robots":{"index":"index","follow":"follow","max-snippet":"max-snippet:-1","max-image-preview":"max-image-preview:large","max-video-preview":"max-video-preview:-1"},"canonical":"https:\/\/lequotidien.mr\/?p=30171&lang=fr","og_locale":"ar_AR","og_type":"article","og_title":"Banque centrale : un taux directeur \u00e0 6 %, une d\u00e9cision en d\u00e9calage avec la r\u00e9alit\u00e9 \u00e9conomique - Le Quotidien de Nouakchott","og_description":"Le Conseil de politique mon\u00e9taire de la Banque centrale de Mauritanie a d\u00e9cid\u00e9 de maintenir le taux directeur \u00e0 6 %, avec un taux des facilit\u00e9s de pr\u00eat \u00e0 6,5 % et celui des d\u00e9p\u00f4ts \u00e0 2 %. Pr\u00e9sent\u00e9e comme une d\u00e9cision \u201cresponsable\u201d visant \u00e0 stabiliser l\u2019\u00e9conomie, cette orientation illustre au contraire une soumission totale.....","og_url":"https:\/\/lequotidien.mr\/?p=30171&lang=fr","og_site_name":"Le Quotidien de Nouakchott","article_publisher":"https:\/\/web.facebook.com\/lequotidienmr","article_published_time":"2025-08-17T13:51:38+00:00","og_image":[{"width":745,"height":405,"url":"https:\/\/lequotidien.mr\/wp-content\/uploads\/2025\/08\/9f99997e-6056-402f-905e-cc598ee4a90e.jpeg","type":"image\/jpeg"}],"author":"Le Quotidien","twitter_card":"summary_large_image","twitter_creator":"@lequotidienmr","twitter_site":"@lequotidienmr","twitter_misc":{"\u0643\u064f\u062a\u0628 \u0628\u0648\u0627\u0633\u0637\u0629":"Le Quotidien","\u0648\u0642\u062a \u0627\u0644\u0642\u0631\u0627\u0621\u0629 \u0627\u0644\u0645\u064f\u0642\u062f\u0651\u0631":"5 \u062f\u0642\u0627\u0626\u0642"},"schema":{"@context":"https:\/\/schema.org","@graph":[{"@type":"Article","@id":"https:\/\/lequotidien.mr\/?p=30171&lang=fr#article","isPartOf":{"@id":"https:\/\/lequotidien.mr\/?p=30171&lang=fr"},"author":{"name":"Le Quotidien","@id":"https:\/\/lequotidien.mr\/#\/schema\/person\/f90fcdaa970c60288de4ed2e64a56472"},"headline":"Banque centrale : un taux directeur \u00e0 6 %, une d\u00e9cision en d\u00e9calage avec la r\u00e9alit\u00e9 \u00e9conomique","datePublished":"2025-08-17T13:51:38+00:00","mainEntityOfPage":{"@id":"https:\/\/lequotidien.mr\/?p=30171&lang=fr"},"wordCount":715,"commentCount":0,"publisher":{"@id":"https:\/\/lequotidien.mr\/#organization"},"image":{"@id":"https:\/\/lequotidien.mr\/?p=30171&lang=fr#primaryimage"},"thumbnailUrl":"https:\/\/lequotidien.mr\/wp-content\/uploads\/2025\/08\/9f99997e-6056-402f-905e-cc598ee4a90e.jpeg","articleSection":["ACTUALIT\u00c9","Economie","Couverture sp\u00e9cilale"],"inLanguage":"ar","potentialAction":[{"@type":"CommentAction","name":"Comment","target":["https:\/\/lequotidien.mr\/?p=30171&lang=fr#respond"]}]},{"@type":"WebPage","@id":"https:\/\/lequotidien.mr\/?p=30171&lang=fr","url":"https:\/\/lequotidien.mr\/?p=30171&lang=fr","name":"Banque centrale : un taux directeur \u00e0 6 %, une d\u00e9cision en d\u00e9calage avec la r\u00e9alit\u00e9 \u00e9conomique - Le Quotidien de Nouakchott","isPartOf":{"@id":"https:\/\/lequotidien.mr\/#website"},"primaryImageOfPage":{"@id":"https:\/\/lequotidien.mr\/?p=30171&lang=fr#primaryimage"},"image":{"@id":"https:\/\/lequotidien.mr\/?p=30171&lang=fr#primaryimage"},"thumbnailUrl":"https:\/\/lequotidien.mr\/wp-content\/uploads\/2025\/08\/9f99997e-6056-402f-905e-cc598ee4a90e.jpeg","datePublished":"2025-08-17T13:51:38+00:00","breadcrumb":{"@id":"https:\/\/lequotidien.mr\/?p=30171&lang=fr#breadcrumb"},"inLanguage":"ar","potentialAction":[{"@type":"ReadAction","target":["https:\/\/lequotidien.mr\/?p=30171&lang=fr"]}]},{"@type":"ImageObject","inLanguage":"ar","@id":"https:\/\/lequotidien.mr\/?p=30171&lang=fr#primaryimage","url":"https:\/\/lequotidien.mr\/wp-content\/uploads\/2025\/08\/9f99997e-6056-402f-905e-cc598ee4a90e.jpeg","contentUrl":"https:\/\/lequotidien.mr\/wp-content\/uploads\/2025\/08\/9f99997e-6056-402f-905e-cc598ee4a90e.jpeg","width":745,"height":405},{"@type":"BreadcrumbList","@id":"https:\/\/lequotidien.mr\/?p=30171&lang=fr#breadcrumb","itemListElement":[{"@type":"ListItem","position":1,"name":"Home","item":"https:\/\/lequotidien.mr\/"},{"@type":"ListItem","position":2,"name":"Banque centrale : un taux directeur \u00e0 6 %, une d\u00e9cision en d\u00e9calage avec la r\u00e9alit\u00e9 \u00e9conomique"}]},{"@type":"WebSite","@id":"https:\/\/lequotidien.mr\/#website","url":"https:\/\/lequotidien.mr\/","name":"Le Quotidien de Nouakchott","description":"\u0625\u062e\u0628\u0627\u0631\u064a\u0629 \u0645\u0633\u062a\u0642\u0644\u0629 \u0644\u0644\u0623\u0646\u0628\u0627\u0621 \u0627\u0644\u0639\u0627\u0645\u0629","publisher":{"@id":"https:\/\/lequotidien.mr\/#organization"},"potentialAction":[{"@type":"SearchAction","target":{"@type":"EntryPoint","urlTemplate":"https:\/\/lequotidien.mr\/?s={search_term_string}"},"query-input":{"@type":"PropertyValueSpecification","valueRequired":true,"valueName":"search_term_string"}}],"inLanguage":"ar"},{"@type":"Organization","@id":"https:\/\/lequotidien.mr\/#organization","name":"Le Quotidien de Nouakchott","url":"https:\/\/lequotidien.mr\/","logo":{"@type":"ImageObject","inLanguage":"ar","@id":"https:\/\/lequotidien.mr\/#\/schema\/logo\/image\/","url":"https:\/\/lequotidien.mr\/wp-content\/uploads\/2022\/11\/logolequotidien.jpg","contentUrl":"https:\/\/lequotidien.mr\/wp-content\/uploads\/2022\/11\/logolequotidien.jpg","width":290,"height":65,"caption":"Le Quotidien de Nouakchott"},"image":{"@id":"https:\/\/lequotidien.mr\/#\/schema\/logo\/image\/"},"sameAs":["https:\/\/web.facebook.com\/lequotidienmr","https:\/\/x.com\/lequotidienmr"]},{"@type":"Person","@id":"https:\/\/lequotidien.mr\/#\/schema\/person\/f90fcdaa970c60288de4ed2e64a56472","name":"Le Quotidien","image":{"@type":"ImageObject","inLanguage":"ar","@id":"https:\/\/secure.gravatar.com\/avatar\/374cb39a1a458a912465a93e5a3ce6546886fc3da809a1f10c63e4e8fcbca30f?s=96&d=mm&r=g","url":"https:\/\/secure.gravatar.com\/avatar\/374cb39a1a458a912465a93e5a3ce6546886fc3da809a1f10c63e4e8fcbca30f?s=96&d=mm&r=g","contentUrl":"https:\/\/secure.gravatar.com\/avatar\/374cb39a1a458a912465a93e5a3ce6546886fc3da809a1f10c63e4e8fcbca30f?s=96&d=mm&r=g","caption":"Le Quotidien"},"sameAs":["https:\/\/lequotidien.mr\/"],"url":"https:\/\/lequotidien.mr\/?author=4"}]}},"_links":{"self":[{"href":"https:\/\/lequotidien.mr\/index.php?rest_route=\/wp\/v2\/posts\/30171","targetHints":{"allow":["GET"]}}],"collection":[{"href":"https:\/\/lequotidien.mr\/index.php?rest_route=\/wp\/v2\/posts"}],"about":[{"href":"https:\/\/lequotidien.mr\/index.php?rest_route=\/wp\/v2\/types\/post"}],"author":[{"embeddable":true,"href":"https:\/\/lequotidien.mr\/index.php?rest_route=\/wp\/v2\/users\/4"}],"replies":[{"embeddable":true,"href":"https:\/\/lequotidien.mr\/index.php?rest_route=%2Fwp%2Fv2%2Fcomments&post=30171"}],"version-history":[{"count":1,"href":"https:\/\/lequotidien.mr\/index.php?rest_route=\/wp\/v2\/posts\/30171\/revisions"}],"predecessor-version":[{"id":30173,"href":"https:\/\/lequotidien.mr\/index.php?rest_route=\/wp\/v2\/posts\/30171\/revisions\/30173"}],"wp:featuredmedia":[{"embeddable":true,"href":"https:\/\/lequotidien.mr\/index.php?rest_route=\/wp\/v2\/media\/30172"}],"wp:attachment":[{"href":"https:\/\/lequotidien.mr\/index.php?rest_route=%2Fwp%2Fv2%2Fmedia&parent=30171"}],"wp:term":[{"taxonomy":"category","embeddable":true,"href":"https:\/\/lequotidien.mr\/index.php?rest_route=%2Fwp%2Fv2%2Fcategories&post=30171"},{"taxonomy":"post_tag","embeddable":true,"href":"https:\/\/lequotidien.mr\/index.php?rest_route=%2Fwp%2Fv2%2Ftags&post=30171"}],"curies":[{"name":"wp","href":"https:\/\/api.w.org\/{rel}","templated":true}]}}