{"id":30165,"date":"2025-08-17T13:48:13","date_gmt":"2025-08-17T13:48:13","guid":{"rendered":"https:\/\/lequotidien.mr\/?p=30165"},"modified":"2025-08-17T13:48:13","modified_gmt":"2025-08-17T13:48:13","slug":"inondations-et-drames-a-repetition-labsence-coupable-de-strategie-face-aux-menaces-climatiques","status":"publish","type":"post","link":"https:\/\/lequotidien.mr\/?p=30165&lang=fr","title":{"rendered":"Inondations et drames \u00e0 r\u00e9p\u00e9tition : l\u2019absence coupable de strat\u00e9gie face aux menaces climatiques"},"content":{"rendered":"<h3>Des drames humains \u00e9vitables<\/h3>\n<p>Le week-end dernier, la Mauritanie a de nouveau \u00e9t\u00e9 frapp\u00e9e par des trag\u00e9dies li\u00e9es aux pluies saisonni\u00e8res.<br \/>\nDans la vall\u00e9e du fleuve, \u00e0 <strong>Keur-Ben\u00e9ba (Gorgol)<\/strong>, un enfant, Miaka El Houssein, a perdu la vie, noy\u00e9 dans une mare form\u00e9e par les crues. La Commission nationale d\u2019urgence a par ailleurs alert\u00e9 sur un <strong>\u201cdanger imminent\u201d<\/strong> mena\u00e7ant plusieurs infrastructures vitales : le tron\u00e7on Kiffa\u2013M\u2019Bout, le pont de Bir Baraka \u00e0 Nirowal, et certaines portions de la route Kiffa\u2013M\u2019Bout.<br \/>\nAu m\u00eame moment, \u00e0 <strong>Lahj (Hodh El Gharbi)<\/strong>, un homme a trouv\u00e9 la mort et une femme a \u00e9t\u00e9 gri\u00e8vement bless\u00e9e dans l\u2019effondrement de leur maison insalubre. Ce sont les habitants eux-m\u00eames qui, faute de secours organis\u00e9s, ont d\u00fb retirer les d\u00e9bris \u00e0 l\u2019aide d\u2019un simple tracteur.<\/p>\n<p>Ces drames, r\u00e9currents, t\u00e9moignent d\u2019un manque criant de pr\u00e9vention et de planification. Chaque ann\u00e9e, les m\u00eames images se r\u00e9p\u00e8tent : routes coup\u00e9es, ponts fragilis\u00e9s, maisons effondr\u00e9es, pertes en vies humaines.<\/p>\n<h3>Des institutions r\u00e9actives, jamais proactives<\/h3>\n<p>Le paradoxe est flagrant. Alors que la <strong>m\u00e9t\u00e9orologie nationale<\/strong> rappelle que 2025 est une ann\u00e9e dite \u201cneutre\u201d, sans exc\u00e8s climatiques particuliers \u2014 ni \u201cEl Ni\u00f1o\u201d ni \u201cLa Ni\u00f1a\u201d \u2014, les autorit\u00e9s semblent d\u00e9couvrir \u00e0 chaque saison les cons\u00e9quences pourtant pr\u00e9visibles des pluies.<br \/>\nLes cumuls annonc\u00e9s par les services m\u00e9t\u00e9orologiques (373 mm \u00e0 Gouraye, 344 mm \u00e0 Gabo, 300 mm \u00e0 Baghad, etc.) \u00e9taient connus, tout comme les zones de vuln\u00e9rabilit\u00e9 chroniques. Pourtant, <strong>aucun plan d\u2019action concret<\/strong> n\u2019a \u00e9t\u00e9 mis en \u0153uvre pour prot\u00e9ger les populations expos\u00e9es.<\/p>\n<p>Les comit\u00e9s de crise se contentent de bulletins d\u2019alerte et d\u2019annonces d\u2019\u201cinterventions urgentes\u201d, alors que la logique exigerait des <strong>programmes pr\u00e9ventifs permanents<\/strong> : curage des lits de rivi\u00e8res, consolidation des ponts, plan d\u2019\u00e9vacuation des zones inondables, construction de logements r\u00e9sistants.<\/p>\n<h3>Une fatalit\u00e9 fabriqu\u00e9e<\/h3>\n<p>L\u2019impression qui domine est celle d\u2019un pays <strong>pris au d\u00e9pourvu chaque saison<\/strong> par des catastrophes pourtant pr\u00e9visibles. Les crues du fleuve S\u00e9n\u00e9gal ne sont pas une surprise, les infiltrations de boues non plus, pas plus que la fragilit\u00e9 structurelle des maisons en banco des quartiers populaires.<br \/>\nCe qui est pr\u00e9sent\u00e9 comme une fatalit\u00e9 climatique est en r\u00e9alit\u00e9 une <strong>faillite de gouvernance<\/strong>. Le manque d\u2019anticipation transforme des \u00e9pisodes pluvieux normaux en catastrophes meurtri\u00e8res.<\/p>\n<h3>L\u2019urgence d\u2019un changement de cap<\/h3>\n<p>Face \u00e0 cette situation, trois priorit\u00e9s s\u2019imposent :<\/p>\n<ol>\n<li><strong>Pr\u00e9vision et planification<\/strong> : \u00e9tablir des plans d\u2019action pluriannuels int\u00e9grant les donn\u00e9es climatiques et hydrologiques, plut\u00f4t que de r\u00e9agir dans l\u2019urgence.<\/li>\n<li><strong>Infrastructures r\u00e9silientes<\/strong> : investir dans des ponts, routes et habitations capables de r\u00e9sister aux intemp\u00e9ries, avec des normes de construction adapt\u00e9es.<\/li>\n<li><strong>Communication et transparence<\/strong> : informer les citoyens en temps r\u00e9el, plut\u00f4t que de laisser circuler rumeurs et improvisations.<\/li>\n<\/ol>\n<p>Sans cette rupture, la Mauritanie restera prisonni\u00e8re d\u2019un cycle de drames \u00e9vitables o\u00f9, chaque ann\u00e9e, les m\u00eames victimes paieront le prix d\u2019un \u00c9tat incapable de pr\u00e9voir l\u2019\u00e9vidence.<\/p>\n<p>&nbsp;<\/p>\n","protected":false},"excerpt":{"rendered":"<p>Des drames humains \u00e9vitables Le week-end dernier, la Mauritanie a de nouveau \u00e9t\u00e9 frapp\u00e9e par des trag\u00e9dies li\u00e9es aux pluies saisonni\u00e8res. Dans la vall\u00e9e du fleuve, \u00e0 Keur-Ben\u00e9ba (Gorgol), un enfant, Miaka El Houssein, a perdu la vie, noy\u00e9 dans une mare form\u00e9e par les crues. La Commission nationale d\u2019urgence a par ailleurs alert\u00e9 sur&#8230;..<\/p>\n","protected":false},"author":4,"featured_media":30166,"comment_status":"open","ping_status":"open","sticky":false,"template":"","format":"standard","meta":{"footnotes":""},"categories":[23,57],"tags":[],"class_list":["post-30165","post","type-post","status-publish","format-standard","has-post-thumbnail","hentry","category-actualite","category-couverture-specilale"],"yoast_head":"<!-- This site is optimized with the Yoast SEO plugin v27.5 - https:\/\/yoast.com\/product\/yoast-seo-wordpress\/ -->\n<title>Inondations et drames \u00e0 r\u00e9p\u00e9tition : l\u2019absence coupable de strat\u00e9gie face aux menaces climatiques - Le Quotidien de Nouakchott<\/title>\n<meta name=\"robots\" content=\"index, follow, max-snippet:-1, max-image-preview:large, max-video-preview:-1\" \/>\n<link rel=\"canonical\" href=\"https:\/\/lequotidien.mr\/?p=30165&lang=fr\" \/>\n<meta property=\"og:locale\" content=\"ar_AR\" \/>\n<meta property=\"og:type\" content=\"article\" \/>\n<meta property=\"og:title\" content=\"Inondations et drames \u00e0 r\u00e9p\u00e9tition : l\u2019absence coupable de strat\u00e9gie face aux menaces climatiques - Le Quotidien de Nouakchott\" \/>\n<meta property=\"og:description\" content=\"Des drames humains \u00e9vitables Le week-end dernier, la Mauritanie a de nouveau \u00e9t\u00e9 frapp\u00e9e par des trag\u00e9dies li\u00e9es aux pluies saisonni\u00e8res. Dans la vall\u00e9e du fleuve, \u00e0 Keur-Ben\u00e9ba (Gorgol), un enfant, Miaka El Houssein, a perdu la vie, noy\u00e9 dans une mare form\u00e9e par les crues. La Commission nationale d\u2019urgence a par ailleurs alert\u00e9 sur.....\" \/>\n<meta property=\"og:url\" content=\"https:\/\/lequotidien.mr\/?p=30165&amp;lang=fr\" \/>\n<meta property=\"og:site_name\" content=\"Le Quotidien de Nouakchott\" \/>\n<meta property=\"article:publisher\" content=\"https:\/\/web.facebook.com\/lequotidienmr\" \/>\n<meta property=\"article:published_time\" content=\"2025-08-17T13:48:13+00:00\" \/>\n<meta property=\"og:image\" content=\"https:\/\/lequotidien.mr\/wp-content\/uploads\/2025\/08\/boghe_WA0149.jpg\" \/>\n\t<meta property=\"og:image:width\" content=\"450\" \/>\n\t<meta property=\"og:image:height\" content=\"338\" \/>\n\t<meta property=\"og:image:type\" content=\"image\/jpeg\" \/>\n<meta name=\"author\" content=\"Le Quotidien\" \/>\n<meta name=\"twitter:card\" content=\"summary_large_image\" \/>\n<meta name=\"twitter:creator\" content=\"@lequotidienmr\" \/>\n<meta name=\"twitter:site\" content=\"@lequotidienmr\" \/>\n<meta name=\"twitter:label1\" content=\"\u0643\u064f\u062a\u0628 \u0628\u0648\u0627\u0633\u0637\u0629\" \/>\n\t<meta name=\"twitter:data1\" content=\"Le Quotidien\" \/>\n\t<meta name=\"twitter:label2\" content=\"\u0648\u0642\u062a \u0627\u0644\u0642\u0631\u0627\u0621\u0629 \u0627\u0644\u0645\u064f\u0642\u062f\u0651\u0631\" \/>\n\t<meta name=\"twitter:data2\" content=\"4 \u062f\u0642\u0627\u0626\u0642\" \/>\n<script type=\"application\/ld+json\" class=\"yoast-schema-graph\">{\"@context\":\"https:\\\/\\\/schema.org\",\"@graph\":[{\"@type\":\"Article\",\"@id\":\"https:\\\/\\\/lequotidien.mr\\\/?p=30165&lang=fr#article\",\"isPartOf\":{\"@id\":\"https:\\\/\\\/lequotidien.mr\\\/?p=30165&lang=fr\"},\"author\":{\"name\":\"Le Quotidien\",\"@id\":\"https:\\\/\\\/lequotidien.mr\\\/#\\\/schema\\\/person\\\/f90fcdaa970c60288de4ed2e64a56472\"},\"headline\":\"Inondations et drames \u00e0 r\u00e9p\u00e9tition : l\u2019absence coupable de strat\u00e9gie face aux menaces climatiques\",\"datePublished\":\"2025-08-17T13:48:13+00:00\",\"mainEntityOfPage\":{\"@id\":\"https:\\\/\\\/lequotidien.mr\\\/?p=30165&lang=fr\"},\"wordCount\":554,\"commentCount\":0,\"publisher\":{\"@id\":\"https:\\\/\\\/lequotidien.mr\\\/#organization\"},\"image\":{\"@id\":\"https:\\\/\\\/lequotidien.mr\\\/?p=30165&lang=fr#primaryimage\"},\"thumbnailUrl\":\"https:\\\/\\\/lequotidien.mr\\\/wp-content\\\/uploads\\\/2025\\\/08\\\/boghe_WA0149.jpg\",\"articleSection\":[\"ACTUALIT\u00c9\",\"Couverture sp\u00e9cilale\"],\"inLanguage\":\"ar\",\"potentialAction\":[{\"@type\":\"CommentAction\",\"name\":\"Comment\",\"target\":[\"https:\\\/\\\/lequotidien.mr\\\/?p=30165&lang=fr#respond\"]}]},{\"@type\":\"WebPage\",\"@id\":\"https:\\\/\\\/lequotidien.mr\\\/?p=30165&lang=fr\",\"url\":\"https:\\\/\\\/lequotidien.mr\\\/?p=30165&lang=fr\",\"name\":\"Inondations et drames \u00e0 r\u00e9p\u00e9tition : l\u2019absence coupable de strat\u00e9gie face aux menaces climatiques - Le Quotidien de Nouakchott\",\"isPartOf\":{\"@id\":\"https:\\\/\\\/lequotidien.mr\\\/#website\"},\"primaryImageOfPage\":{\"@id\":\"https:\\\/\\\/lequotidien.mr\\\/?p=30165&lang=fr#primaryimage\"},\"image\":{\"@id\":\"https:\\\/\\\/lequotidien.mr\\\/?p=30165&lang=fr#primaryimage\"},\"thumbnailUrl\":\"https:\\\/\\\/lequotidien.mr\\\/wp-content\\\/uploads\\\/2025\\\/08\\\/boghe_WA0149.jpg\",\"datePublished\":\"2025-08-17T13:48:13+00:00\",\"breadcrumb\":{\"@id\":\"https:\\\/\\\/lequotidien.mr\\\/?p=30165&lang=fr#breadcrumb\"},\"inLanguage\":\"ar\",\"potentialAction\":[{\"@type\":\"ReadAction\",\"target\":[\"https:\\\/\\\/lequotidien.mr\\\/?p=30165&lang=fr\"]}]},{\"@type\":\"ImageObject\",\"inLanguage\":\"ar\",\"@id\":\"https:\\\/\\\/lequotidien.mr\\\/?p=30165&lang=fr#primaryimage\",\"url\":\"https:\\\/\\\/lequotidien.mr\\\/wp-content\\\/uploads\\\/2025\\\/08\\\/boghe_WA0149.jpg\",\"contentUrl\":\"https:\\\/\\\/lequotidien.mr\\\/wp-content\\\/uploads\\\/2025\\\/08\\\/boghe_WA0149.jpg\",\"width\":450,\"height\":338},{\"@type\":\"BreadcrumbList\",\"@id\":\"https:\\\/\\\/lequotidien.mr\\\/?p=30165&lang=fr#breadcrumb\",\"itemListElement\":[{\"@type\":\"ListItem\",\"position\":1,\"name\":\"Home\",\"item\":\"https:\\\/\\\/lequotidien.mr\\\/\"},{\"@type\":\"ListItem\",\"position\":2,\"name\":\"Inondations et drames \u00e0 r\u00e9p\u00e9tition : l\u2019absence coupable de strat\u00e9gie face aux menaces climatiques\"}]},{\"@type\":\"WebSite\",\"@id\":\"https:\\\/\\\/lequotidien.mr\\\/#website\",\"url\":\"https:\\\/\\\/lequotidien.mr\\\/\",\"name\":\"Le Quotidien de Nouakchott\",\"description\":\"\u0625\u062e\u0628\u0627\u0631\u064a\u0629 \u0645\u0633\u062a\u0642\u0644\u0629 \u0644\u0644\u0623\u0646\u0628\u0627\u0621 \u0627\u0644\u0639\u0627\u0645\u0629\",\"publisher\":{\"@id\":\"https:\\\/\\\/lequotidien.mr\\\/#organization\"},\"potentialAction\":[{\"@type\":\"SearchAction\",\"target\":{\"@type\":\"EntryPoint\",\"urlTemplate\":\"https:\\\/\\\/lequotidien.mr\\\/?s={search_term_string}\"},\"query-input\":{\"@type\":\"PropertyValueSpecification\",\"valueRequired\":true,\"valueName\":\"search_term_string\"}}],\"inLanguage\":\"ar\"},{\"@type\":\"Organization\",\"@id\":\"https:\\\/\\\/lequotidien.mr\\\/#organization\",\"name\":\"Le Quotidien de Nouakchott\",\"url\":\"https:\\\/\\\/lequotidien.mr\\\/\",\"logo\":{\"@type\":\"ImageObject\",\"inLanguage\":\"ar\",\"@id\":\"https:\\\/\\\/lequotidien.mr\\\/#\\\/schema\\\/logo\\\/image\\\/\",\"url\":\"https:\\\/\\\/lequotidien.mr\\\/wp-content\\\/uploads\\\/2022\\\/11\\\/logolequotidien.jpg\",\"contentUrl\":\"https:\\\/\\\/lequotidien.mr\\\/wp-content\\\/uploads\\\/2022\\\/11\\\/logolequotidien.jpg\",\"width\":290,\"height\":65,\"caption\":\"Le Quotidien de Nouakchott\"},\"image\":{\"@id\":\"https:\\\/\\\/lequotidien.mr\\\/#\\\/schema\\\/logo\\\/image\\\/\"},\"sameAs\":[\"https:\\\/\\\/web.facebook.com\\\/lequotidienmr\",\"https:\\\/\\\/x.com\\\/lequotidienmr\"]},{\"@type\":\"Person\",\"@id\":\"https:\\\/\\\/lequotidien.mr\\\/#\\\/schema\\\/person\\\/f90fcdaa970c60288de4ed2e64a56472\",\"name\":\"Le Quotidien\",\"image\":{\"@type\":\"ImageObject\",\"inLanguage\":\"ar\",\"@id\":\"https:\\\/\\\/secure.gravatar.com\\\/avatar\\\/374cb39a1a458a912465a93e5a3ce6546886fc3da809a1f10c63e4e8fcbca30f?s=96&d=mm&r=g\",\"url\":\"https:\\\/\\\/secure.gravatar.com\\\/avatar\\\/374cb39a1a458a912465a93e5a3ce6546886fc3da809a1f10c63e4e8fcbca30f?s=96&d=mm&r=g\",\"contentUrl\":\"https:\\\/\\\/secure.gravatar.com\\\/avatar\\\/374cb39a1a458a912465a93e5a3ce6546886fc3da809a1f10c63e4e8fcbca30f?s=96&d=mm&r=g\",\"caption\":\"Le Quotidien\"},\"sameAs\":[\"https:\\\/\\\/lequotidien.mr\\\/\"],\"url\":\"https:\\\/\\\/lequotidien.mr\\\/?author=4\"}]}<\/script>\n<!-- \/ Yoast SEO plugin. -->","yoast_head_json":{"title":"Inondations et drames \u00e0 r\u00e9p\u00e9tition : l\u2019absence coupable de strat\u00e9gie face aux menaces climatiques - Le Quotidien de Nouakchott","robots":{"index":"index","follow":"follow","max-snippet":"max-snippet:-1","max-image-preview":"max-image-preview:large","max-video-preview":"max-video-preview:-1"},"canonical":"https:\/\/lequotidien.mr\/?p=30165&lang=fr","og_locale":"ar_AR","og_type":"article","og_title":"Inondations et drames \u00e0 r\u00e9p\u00e9tition : l\u2019absence coupable de strat\u00e9gie face aux menaces climatiques - Le Quotidien de Nouakchott","og_description":"Des drames humains \u00e9vitables Le week-end dernier, la Mauritanie a de nouveau \u00e9t\u00e9 frapp\u00e9e par des trag\u00e9dies li\u00e9es aux pluies saisonni\u00e8res. Dans la vall\u00e9e du fleuve, \u00e0 Keur-Ben\u00e9ba (Gorgol), un enfant, Miaka El Houssein, a perdu la vie, noy\u00e9 dans une mare form\u00e9e par les crues. La Commission nationale d\u2019urgence a par ailleurs alert\u00e9 sur.....","og_url":"https:\/\/lequotidien.mr\/?p=30165&lang=fr","og_site_name":"Le Quotidien de Nouakchott","article_publisher":"https:\/\/web.facebook.com\/lequotidienmr","article_published_time":"2025-08-17T13:48:13+00:00","og_image":[{"width":450,"height":338,"url":"https:\/\/lequotidien.mr\/wp-content\/uploads\/2025\/08\/boghe_WA0149.jpg","type":"image\/jpeg"}],"author":"Le Quotidien","twitter_card":"summary_large_image","twitter_creator":"@lequotidienmr","twitter_site":"@lequotidienmr","twitter_misc":{"\u0643\u064f\u062a\u0628 \u0628\u0648\u0627\u0633\u0637\u0629":"Le Quotidien","\u0648\u0642\u062a \u0627\u0644\u0642\u0631\u0627\u0621\u0629 \u0627\u0644\u0645\u064f\u0642\u062f\u0651\u0631":"4 \u062f\u0642\u0627\u0626\u0642"},"schema":{"@context":"https:\/\/schema.org","@graph":[{"@type":"Article","@id":"https:\/\/lequotidien.mr\/?p=30165&lang=fr#article","isPartOf":{"@id":"https:\/\/lequotidien.mr\/?p=30165&lang=fr"},"author":{"name":"Le Quotidien","@id":"https:\/\/lequotidien.mr\/#\/schema\/person\/f90fcdaa970c60288de4ed2e64a56472"},"headline":"Inondations et drames \u00e0 r\u00e9p\u00e9tition : l\u2019absence coupable de strat\u00e9gie face aux menaces climatiques","datePublished":"2025-08-17T13:48:13+00:00","mainEntityOfPage":{"@id":"https:\/\/lequotidien.mr\/?p=30165&lang=fr"},"wordCount":554,"commentCount":0,"publisher":{"@id":"https:\/\/lequotidien.mr\/#organization"},"image":{"@id":"https:\/\/lequotidien.mr\/?p=30165&lang=fr#primaryimage"},"thumbnailUrl":"https:\/\/lequotidien.mr\/wp-content\/uploads\/2025\/08\/boghe_WA0149.jpg","articleSection":["ACTUALIT\u00c9","Couverture sp\u00e9cilale"],"inLanguage":"ar","potentialAction":[{"@type":"CommentAction","name":"Comment","target":["https:\/\/lequotidien.mr\/?p=30165&lang=fr#respond"]}]},{"@type":"WebPage","@id":"https:\/\/lequotidien.mr\/?p=30165&lang=fr","url":"https:\/\/lequotidien.mr\/?p=30165&lang=fr","name":"Inondations et drames \u00e0 r\u00e9p\u00e9tition : l\u2019absence coupable de strat\u00e9gie face aux menaces climatiques - Le Quotidien de Nouakchott","isPartOf":{"@id":"https:\/\/lequotidien.mr\/#website"},"primaryImageOfPage":{"@id":"https:\/\/lequotidien.mr\/?p=30165&lang=fr#primaryimage"},"image":{"@id":"https:\/\/lequotidien.mr\/?p=30165&lang=fr#primaryimage"},"thumbnailUrl":"https:\/\/lequotidien.mr\/wp-content\/uploads\/2025\/08\/boghe_WA0149.jpg","datePublished":"2025-08-17T13:48:13+00:00","breadcrumb":{"@id":"https:\/\/lequotidien.mr\/?p=30165&lang=fr#breadcrumb"},"inLanguage":"ar","potentialAction":[{"@type":"ReadAction","target":["https:\/\/lequotidien.mr\/?p=30165&lang=fr"]}]},{"@type":"ImageObject","inLanguage":"ar","@id":"https:\/\/lequotidien.mr\/?p=30165&lang=fr#primaryimage","url":"https:\/\/lequotidien.mr\/wp-content\/uploads\/2025\/08\/boghe_WA0149.jpg","contentUrl":"https:\/\/lequotidien.mr\/wp-content\/uploads\/2025\/08\/boghe_WA0149.jpg","width":450,"height":338},{"@type":"BreadcrumbList","@id":"https:\/\/lequotidien.mr\/?p=30165&lang=fr#breadcrumb","itemListElement":[{"@type":"ListItem","position":1,"name":"Home","item":"https:\/\/lequotidien.mr\/"},{"@type":"ListItem","position":2,"name":"Inondations et drames \u00e0 r\u00e9p\u00e9tition : l\u2019absence coupable de strat\u00e9gie face aux menaces climatiques"}]},{"@type":"WebSite","@id":"https:\/\/lequotidien.mr\/#website","url":"https:\/\/lequotidien.mr\/","name":"Le Quotidien de Nouakchott","description":"\u0625\u062e\u0628\u0627\u0631\u064a\u0629 \u0645\u0633\u062a\u0642\u0644\u0629 \u0644\u0644\u0623\u0646\u0628\u0627\u0621 \u0627\u0644\u0639\u0627\u0645\u0629","publisher":{"@id":"https:\/\/lequotidien.mr\/#organization"},"potentialAction":[{"@type":"SearchAction","target":{"@type":"EntryPoint","urlTemplate":"https:\/\/lequotidien.mr\/?s={search_term_string}"},"query-input":{"@type":"PropertyValueSpecification","valueRequired":true,"valueName":"search_term_string"}}],"inLanguage":"ar"},{"@type":"Organization","@id":"https:\/\/lequotidien.mr\/#organization","name":"Le Quotidien de Nouakchott","url":"https:\/\/lequotidien.mr\/","logo":{"@type":"ImageObject","inLanguage":"ar","@id":"https:\/\/lequotidien.mr\/#\/schema\/logo\/image\/","url":"https:\/\/lequotidien.mr\/wp-content\/uploads\/2022\/11\/logolequotidien.jpg","contentUrl":"https:\/\/lequotidien.mr\/wp-content\/uploads\/2022\/11\/logolequotidien.jpg","width":290,"height":65,"caption":"Le Quotidien de Nouakchott"},"image":{"@id":"https:\/\/lequotidien.mr\/#\/schema\/logo\/image\/"},"sameAs":["https:\/\/web.facebook.com\/lequotidienmr","https:\/\/x.com\/lequotidienmr"]},{"@type":"Person","@id":"https:\/\/lequotidien.mr\/#\/schema\/person\/f90fcdaa970c60288de4ed2e64a56472","name":"Le Quotidien","image":{"@type":"ImageObject","inLanguage":"ar","@id":"https:\/\/secure.gravatar.com\/avatar\/374cb39a1a458a912465a93e5a3ce6546886fc3da809a1f10c63e4e8fcbca30f?s=96&d=mm&r=g","url":"https:\/\/secure.gravatar.com\/avatar\/374cb39a1a458a912465a93e5a3ce6546886fc3da809a1f10c63e4e8fcbca30f?s=96&d=mm&r=g","contentUrl":"https:\/\/secure.gravatar.com\/avatar\/374cb39a1a458a912465a93e5a3ce6546886fc3da809a1f10c63e4e8fcbca30f?s=96&d=mm&r=g","caption":"Le Quotidien"},"sameAs":["https:\/\/lequotidien.mr\/"],"url":"https:\/\/lequotidien.mr\/?author=4"}]}},"_links":{"self":[{"href":"https:\/\/lequotidien.mr\/index.php?rest_route=\/wp\/v2\/posts\/30165","targetHints":{"allow":["GET"]}}],"collection":[{"href":"https:\/\/lequotidien.mr\/index.php?rest_route=\/wp\/v2\/posts"}],"about":[{"href":"https:\/\/lequotidien.mr\/index.php?rest_route=\/wp\/v2\/types\/post"}],"author":[{"embeddable":true,"href":"https:\/\/lequotidien.mr\/index.php?rest_route=\/wp\/v2\/users\/4"}],"replies":[{"embeddable":true,"href":"https:\/\/lequotidien.mr\/index.php?rest_route=%2Fwp%2Fv2%2Fcomments&post=30165"}],"version-history":[{"count":1,"href":"https:\/\/lequotidien.mr\/index.php?rest_route=\/wp\/v2\/posts\/30165\/revisions"}],"predecessor-version":[{"id":30167,"href":"https:\/\/lequotidien.mr\/index.php?rest_route=\/wp\/v2\/posts\/30165\/revisions\/30167"}],"wp:featuredmedia":[{"embeddable":true,"href":"https:\/\/lequotidien.mr\/index.php?rest_route=\/wp\/v2\/media\/30166"}],"wp:attachment":[{"href":"https:\/\/lequotidien.mr\/index.php?rest_route=%2Fwp%2Fv2%2Fmedia&parent=30165"}],"wp:term":[{"taxonomy":"category","embeddable":true,"href":"https:\/\/lequotidien.mr\/index.php?rest_route=%2Fwp%2Fv2%2Fcategories&post=30165"},{"taxonomy":"post_tag","embeddable":true,"href":"https:\/\/lequotidien.mr\/index.php?rest_route=%2Fwp%2Fv2%2Ftags&post=30165"}],"curies":[{"name":"wp","href":"https:\/\/api.w.org\/{rel}","templated":true}]}}