{"id":30145,"date":"2025-08-16T23:56:48","date_gmt":"2025-08-16T23:56:48","guid":{"rendered":"https:\/\/lequotidien.mr\/?p=30145"},"modified":"2025-08-16T23:56:48","modified_gmt":"2025-08-16T23:56:48","slug":"hodh-el-gharbi-aioun-lancement-du-festival-du-tourisme-et-de-la-semaine-culturelle","status":"publish","type":"post","link":"https:\/\/lequotidien.mr\/?p=30145&lang=fr","title":{"rendered":"Hodh El Gharbi\/Aioun : Lancement du festival du tourisme et de la semaine culturelle"},"content":{"rendered":"<p>Une atmosph\u00e8re festive a r\u00e9gn\u00e9 hier soir \u00e0 Aioun lors de l&#8217;inauguration officielle du\u00a0<strong>Festival du Tourisme<\/strong>\u00a0et du coup d&#8217;envoi de la\u00a0<strong>Semaine Culturelle R\u00e9gionale<\/strong>. Plac\u00e9e sous le haut patronage de Mme Zeinebou Ahmednah, ministre du Commerce et du Tourisme, la c\u00e9r\u00e9monie s&#8217;est d\u00e9roul\u00e9e en pr\u00e9sence de M. El Houssein Meddou, ministre de la Culture, des Arts, de la Communication et des Relations avec le Parlement et Porte-parole du Gouvernement, ainsi que de M. Ahmeda Mamadou Kelly, wali du Hodh El Gharbi.<\/p>\n<p>La c\u00e9r\u00e9monie a d\u00e9but\u00e9 par une visite embl\u00e9matique du\u00a0<strong>village touristique<\/strong>\u00a0\u00e9rig\u00e9 dans le quartier de Saada. Des tentes traditionnelles richement orn\u00e9es, abritant des \u00e9quipements patrimoniaux authentiques, ont offert aux officiels et au public un voyage saisissant dans l&#8217;h\u00e9ritage culturel mauritanien. Cet espace, con\u00e7u comme un hommage vivant aux traditions, illustre le lien profond des populations locales avec leur patrimoine.<\/p>\n<p><strong>Un programme riche pour c\u00e9l\u00e9brer culture et unit\u00e9<\/strong><\/p>\n<p>La Semaine Culturelle R\u00e9gionale promet une diversit\u00e9 d&#8217;activit\u00e9s :<\/p>\n<p><strong>-Repr\u00e9sentations th\u00e9\u00e2trales<\/strong>\u00a0mettant en lumi\u00e8re l&#8217;importance du tourisme int\u00e9rieur\u00a0;<\/p>\n<p><strong>-Conf\u00e9rences<\/strong>\u00a0abordant des th\u00e8mes cruciaux : renforcement de l&#8217;unit\u00e9 nationale, \u00e9radication des disparit\u00e9s sociales, dangers de la drogue et de l&#8217;extr\u00e9misme\u00a0;<\/p>\n<p><strong>-Concours culturels<\/strong>\u00a0valorisant les talents locaux\u00a0;<\/p>\n<p>-Une\u00a0<strong>grande soir\u00e9e culturelle<\/strong>\u00a0de cl\u00f4ture avec remise de prix aux laur\u00e9ats.<\/p>\n<p>Dans son allocution,\u00a0<strong>Mme Zeinebou Ahmednah<\/strong>\u00a0a salu\u00e9 l&#8217;engouement populaire, y voyant une traduction de l&#8217;engagement du Pr\u00e9sident de la R\u00e9publique, M. Mohamed Cheikh El Ghazouani, en faveur des\u00a0<em>&#8220;vacances au bled&#8221;<\/em>. Elle a pr\u00e9sent\u00e9 cette saison d&#8217;hivernage, tr\u00e8s pris\u00e9e des amoureux de nature, comme la\u00a0<em>&#8220;troisi\u00e8me \u00e9tape&#8221;<\/em>\u00a0du programme national\u00a0<em>&#8220;Ma patrie, ma destination&#8221;<\/em>.<br \/>\n<em>&#8220;Le tourisme de l\u2019hivernage stimule l\u2019\u00e9conomie locale en revitalisant les transports, les services, l\u2019h\u00e9bergement, et en cr\u00e9ant des emplois saisonniers&#8221;<\/em>, a-t-elle soulign\u00e9, rappelant \u00e9galement le lancement r\u00e9cent de la saison c\u00f4ti\u00e8re sous le patronage de la Premi\u00e8re Dame.<\/p>\n<p><strong>M. El Houssein Meddou<\/strong>a, quant \u00e0 lui, magnifi\u00e9 le cadre unique offert par le Hodh El Gharbi :\u00a0<em>&#8220;Cette r\u00e9gion offre un paysage naturel captivant, riche d\u2019une histoire de r\u00e9silience humaine&#8230; Elle offre le r\u00e9cit captivant d\u2019un voyage \u00e9ternel \u00e0 travers le d\u00e9sert.&#8221;<\/em>Il a soulign\u00e9 son statut de\u00a0<em>&#8220;destination touristique rare&#8221;<\/em>\u00a0en Mauritanie, mise en valeur par la multitude d&#8217;activit\u00e9s pr\u00e9vues durant la semaine.<\/p>\n<p><strong>Engagement local pour un accueil r\u00e9ussi<\/strong><\/p>\n<p><strong>M. Jemal Mohamed<\/strong>, Pr\u00e9sident de la r\u00e9gion du Hodh El Gharbi, et\u00a0<strong>M. Sidi Mohamed El Bekay<\/strong>, maire d&#8217;Aioun, ont r\u00e9affirm\u00e9 leur engagement collectif \u00e0 offrir un\u00a0<em>&#8220;environnement confortable aux visiteurs&#8221;<\/em>, saluant l&#8217;importance de cet \u00e9v\u00e9nement pour la promotion locale.<\/p>\n<p>L&#8217;ouverture s&#8217;est d\u00e9roul\u00e9e en pr\u00e9sence du hakem d&#8217;Aioun, des chefs des services r\u00e9gionaux et s\u00e9curitaires, marquant le d\u00e9but d&#8217;une semaine d\u00e9di\u00e9e \u00e0 la c\u00e9l\u00e9bration de l&#8217;identit\u00e9 culturelle et des attraits touristiques de cette r\u00e9gion frontali\u00e8re.<\/p>\n<p>&nbsp;<\/p>\n","protected":false},"excerpt":{"rendered":"<p>Une atmosph\u00e8re festive a r\u00e9gn\u00e9 hier soir \u00e0 Aioun lors de l&#8217;inauguration officielle du\u00a0Festival du Tourisme\u00a0et du coup d&#8217;envoi de la\u00a0Semaine Culturelle R\u00e9gionale. Plac\u00e9e sous le haut patronage de Mme Zeinebou Ahmednah, ministre du Commerce et du Tourisme, la c\u00e9r\u00e9monie s&#8217;est d\u00e9roul\u00e9e en pr\u00e9sence de M. El Houssein Meddou, ministre de la Culture, des Arts,&#8230;..<\/p>\n","protected":false},"author":12,"featured_media":30146,"comment_status":"open","ping_status":"open","sticky":false,"template":"","format":"standard","meta":{"footnotes":""},"categories":[23,55],"tags":[],"class_list":["post-30145","post","type-post","status-publish","format-standard","has-post-thumbnail","hentry","category-actualite","category-culture"],"yoast_head":"<!-- This site is optimized with the Yoast SEO plugin v27.5 - https:\/\/yoast.com\/product\/yoast-seo-wordpress\/ -->\n<title>Hodh El Gharbi\/Aioun : Lancement du festival du tourisme et de la semaine culturelle - Le Quotidien de Nouakchott<\/title>\n<meta name=\"robots\" content=\"index, follow, max-snippet:-1, max-image-preview:large, max-video-preview:-1\" \/>\n<link rel=\"canonical\" href=\"https:\/\/lequotidien.mr\/?p=30145&lang=fr\" \/>\n<meta property=\"og:locale\" content=\"ar_AR\" \/>\n<meta property=\"og:type\" content=\"article\" \/>\n<meta property=\"og:title\" content=\"Hodh El Gharbi\/Aioun : Lancement du festival du tourisme et de la semaine culturelle - Le Quotidien de Nouakchott\" \/>\n<meta property=\"og:description\" content=\"Une atmosph\u00e8re festive a r\u00e9gn\u00e9 hier soir \u00e0 Aioun lors de l&#8217;inauguration officielle du\u00a0Festival du Tourisme\u00a0et du coup d&#8217;envoi de la\u00a0Semaine Culturelle R\u00e9gionale. Plac\u00e9e sous le haut patronage de Mme Zeinebou Ahmednah, ministre du Commerce et du Tourisme, la c\u00e9r\u00e9monie s&#8217;est d\u00e9roul\u00e9e en pr\u00e9sence de M. El Houssein Meddou, ministre de la Culture, des Arts,.....\" \/>\n<meta property=\"og:url\" content=\"https:\/\/lequotidien.mr\/?p=30145&amp;lang=fr\" \/>\n<meta property=\"og:site_name\" content=\"Le Quotidien de Nouakchott\" \/>\n<meta property=\"article:publisher\" content=\"https:\/\/web.facebook.com\/lequotidienmr\" \/>\n<meta property=\"article:published_time\" content=\"2025-08-16T23:56:48+00:00\" \/>\n<meta property=\"og:image\" content=\"https:\/\/lequotidien.mr\/wp-content\/uploads\/2025\/08\/photo-festival-Aioun.jpg\" \/>\n\t<meta property=\"og:image:width\" content=\"750\" \/>\n\t<meta property=\"og:image:height\" content=\"430\" \/>\n\t<meta property=\"og:image:type\" content=\"image\/jpeg\" \/>\n<meta name=\"author\" content=\"Med Ahmed\" \/>\n<meta name=\"twitter:card\" content=\"summary_large_image\" \/>\n<meta name=\"twitter:creator\" content=\"@lequotidienmr\" \/>\n<meta name=\"twitter:site\" content=\"@lequotidienmr\" \/>\n<meta name=\"twitter:label1\" content=\"\u0643\u064f\u062a\u0628 \u0628\u0648\u0627\u0633\u0637\u0629\" \/>\n\t<meta name=\"twitter:data1\" content=\"Med Ahmed\" \/>\n\t<meta name=\"twitter:label2\" content=\"\u0648\u0642\u062a \u0627\u0644\u0642\u0631\u0627\u0621\u0629 \u0627\u0644\u0645\u064f\u0642\u062f\u0651\u0631\" \/>\n\t<meta name=\"twitter:data2\" content=\"4 \u062f\u0642\u0627\u0626\u0642\" \/>\n<script type=\"application\/ld+json\" class=\"yoast-schema-graph\">{\"@context\":\"https:\\\/\\\/schema.org\",\"@graph\":[{\"@type\":\"Article\",\"@id\":\"https:\\\/\\\/lequotidien.mr\\\/?p=30145&lang=fr#article\",\"isPartOf\":{\"@id\":\"https:\\\/\\\/lequotidien.mr\\\/?p=30145&lang=fr\"},\"author\":{\"name\":\"Med Ahmed\",\"@id\":\"https:\\\/\\\/lequotidien.mr\\\/#\\\/schema\\\/person\\\/d2d350202a4d599685ed8abc25f97596\"},\"headline\":\"Hodh El Gharbi\\\/Aioun : Lancement du festival du tourisme et de la semaine culturelle\",\"datePublished\":\"2025-08-16T23:56:48+00:00\",\"mainEntityOfPage\":{\"@id\":\"https:\\\/\\\/lequotidien.mr\\\/?p=30145&lang=fr\"},\"wordCount\":544,\"commentCount\":0,\"publisher\":{\"@id\":\"https:\\\/\\\/lequotidien.mr\\\/#organization\"},\"image\":{\"@id\":\"https:\\\/\\\/lequotidien.mr\\\/?p=30145&lang=fr#primaryimage\"},\"thumbnailUrl\":\"https:\\\/\\\/lequotidien.mr\\\/wp-content\\\/uploads\\\/2025\\\/08\\\/photo-festival-Aioun.jpg\",\"articleSection\":[\"ACTUALIT\u00c9\",\"Culture\"],\"inLanguage\":\"ar\",\"potentialAction\":[{\"@type\":\"CommentAction\",\"name\":\"Comment\",\"target\":[\"https:\\\/\\\/lequotidien.mr\\\/?p=30145&lang=fr#respond\"]}]},{\"@type\":\"WebPage\",\"@id\":\"https:\\\/\\\/lequotidien.mr\\\/?p=30145&lang=fr\",\"url\":\"https:\\\/\\\/lequotidien.mr\\\/?p=30145&lang=fr\",\"name\":\"Hodh El Gharbi\\\/Aioun : Lancement du festival du tourisme et de la semaine culturelle - Le Quotidien de Nouakchott\",\"isPartOf\":{\"@id\":\"https:\\\/\\\/lequotidien.mr\\\/#website\"},\"primaryImageOfPage\":{\"@id\":\"https:\\\/\\\/lequotidien.mr\\\/?p=30145&lang=fr#primaryimage\"},\"image\":{\"@id\":\"https:\\\/\\\/lequotidien.mr\\\/?p=30145&lang=fr#primaryimage\"},\"thumbnailUrl\":\"https:\\\/\\\/lequotidien.mr\\\/wp-content\\\/uploads\\\/2025\\\/08\\\/photo-festival-Aioun.jpg\",\"datePublished\":\"2025-08-16T23:56:48+00:00\",\"breadcrumb\":{\"@id\":\"https:\\\/\\\/lequotidien.mr\\\/?p=30145&lang=fr#breadcrumb\"},\"inLanguage\":\"ar\",\"potentialAction\":[{\"@type\":\"ReadAction\",\"target\":[\"https:\\\/\\\/lequotidien.mr\\\/?p=30145&lang=fr\"]}]},{\"@type\":\"ImageObject\",\"inLanguage\":\"ar\",\"@id\":\"https:\\\/\\\/lequotidien.mr\\\/?p=30145&lang=fr#primaryimage\",\"url\":\"https:\\\/\\\/lequotidien.mr\\\/wp-content\\\/uploads\\\/2025\\\/08\\\/photo-festival-Aioun.jpg\",\"contentUrl\":\"https:\\\/\\\/lequotidien.mr\\\/wp-content\\\/uploads\\\/2025\\\/08\\\/photo-festival-Aioun.jpg\",\"width\":750,\"height\":430},{\"@type\":\"BreadcrumbList\",\"@id\":\"https:\\\/\\\/lequotidien.mr\\\/?p=30145&lang=fr#breadcrumb\",\"itemListElement\":[{\"@type\":\"ListItem\",\"position\":1,\"name\":\"Home\",\"item\":\"https:\\\/\\\/lequotidien.mr\\\/\"},{\"@type\":\"ListItem\",\"position\":2,\"name\":\"Hodh El Gharbi\\\/Aioun : Lancement du festival du tourisme et de la semaine culturelle\"}]},{\"@type\":\"WebSite\",\"@id\":\"https:\\\/\\\/lequotidien.mr\\\/#website\",\"url\":\"https:\\\/\\\/lequotidien.mr\\\/\",\"name\":\"Le Quotidien de Nouakchott\",\"description\":\"\u0625\u062e\u0628\u0627\u0631\u064a\u0629 \u0645\u0633\u062a\u0642\u0644\u0629 \u0644\u0644\u0623\u0646\u0628\u0627\u0621 \u0627\u0644\u0639\u0627\u0645\u0629\",\"publisher\":{\"@id\":\"https:\\\/\\\/lequotidien.mr\\\/#organization\"},\"potentialAction\":[{\"@type\":\"SearchAction\",\"target\":{\"@type\":\"EntryPoint\",\"urlTemplate\":\"https:\\\/\\\/lequotidien.mr\\\/?s={search_term_string}\"},\"query-input\":{\"@type\":\"PropertyValueSpecification\",\"valueRequired\":true,\"valueName\":\"search_term_string\"}}],\"inLanguage\":\"ar\"},{\"@type\":\"Organization\",\"@id\":\"https:\\\/\\\/lequotidien.mr\\\/#organization\",\"name\":\"Le Quotidien de Nouakchott\",\"url\":\"https:\\\/\\\/lequotidien.mr\\\/\",\"logo\":{\"@type\":\"ImageObject\",\"inLanguage\":\"ar\",\"@id\":\"https:\\\/\\\/lequotidien.mr\\\/#\\\/schema\\\/logo\\\/image\\\/\",\"url\":\"https:\\\/\\\/lequotidien.mr\\\/wp-content\\\/uploads\\\/2022\\\/11\\\/logolequotidien.jpg\",\"contentUrl\":\"https:\\\/\\\/lequotidien.mr\\\/wp-content\\\/uploads\\\/2022\\\/11\\\/logolequotidien.jpg\",\"width\":290,\"height\":65,\"caption\":\"Le Quotidien de Nouakchott\"},\"image\":{\"@id\":\"https:\\\/\\\/lequotidien.mr\\\/#\\\/schema\\\/logo\\\/image\\\/\"},\"sameAs\":[\"https:\\\/\\\/web.facebook.com\\\/lequotidienmr\",\"https:\\\/\\\/x.com\\\/lequotidienmr\"]},{\"@type\":\"Person\",\"@id\":\"https:\\\/\\\/lequotidien.mr\\\/#\\\/schema\\\/person\\\/d2d350202a4d599685ed8abc25f97596\",\"name\":\"Med Ahmed\",\"image\":{\"@type\":\"ImageObject\",\"inLanguage\":\"ar\",\"@id\":\"https:\\\/\\\/secure.gravatar.com\\\/avatar\\\/fd2acc62ed50732923d1d39c17172c9b04149f142be92310ecc69e1358f94b52?s=96&d=mm&r=g\",\"url\":\"https:\\\/\\\/secure.gravatar.com\\\/avatar\\\/fd2acc62ed50732923d1d39c17172c9b04149f142be92310ecc69e1358f94b52?s=96&d=mm&r=g\",\"contentUrl\":\"https:\\\/\\\/secure.gravatar.com\\\/avatar\\\/fd2acc62ed50732923d1d39c17172c9b04149f142be92310ecc69e1358f94b52?s=96&d=mm&r=g\",\"caption\":\"Med Ahmed\"},\"url\":\"https:\\\/\\\/lequotidien.mr\\\/?author=12\"}]}<\/script>\n<!-- \/ Yoast SEO plugin. -->","yoast_head_json":{"title":"Hodh El Gharbi\/Aioun : Lancement du festival du tourisme et de la semaine culturelle - Le Quotidien de Nouakchott","robots":{"index":"index","follow":"follow","max-snippet":"max-snippet:-1","max-image-preview":"max-image-preview:large","max-video-preview":"max-video-preview:-1"},"canonical":"https:\/\/lequotidien.mr\/?p=30145&lang=fr","og_locale":"ar_AR","og_type":"article","og_title":"Hodh El Gharbi\/Aioun : Lancement du festival du tourisme et de la semaine culturelle - Le Quotidien de Nouakchott","og_description":"Une atmosph\u00e8re festive a r\u00e9gn\u00e9 hier soir \u00e0 Aioun lors de l&#8217;inauguration officielle du\u00a0Festival du Tourisme\u00a0et du coup d&#8217;envoi de la\u00a0Semaine Culturelle R\u00e9gionale. Plac\u00e9e sous le haut patronage de Mme Zeinebou Ahmednah, ministre du Commerce et du Tourisme, la c\u00e9r\u00e9monie s&#8217;est d\u00e9roul\u00e9e en pr\u00e9sence de M. El Houssein Meddou, ministre de la Culture, des Arts,.....","og_url":"https:\/\/lequotidien.mr\/?p=30145&lang=fr","og_site_name":"Le Quotidien de Nouakchott","article_publisher":"https:\/\/web.facebook.com\/lequotidienmr","article_published_time":"2025-08-16T23:56:48+00:00","og_image":[{"width":750,"height":430,"url":"https:\/\/lequotidien.mr\/wp-content\/uploads\/2025\/08\/photo-festival-Aioun.jpg","type":"image\/jpeg"}],"author":"Med Ahmed","twitter_card":"summary_large_image","twitter_creator":"@lequotidienmr","twitter_site":"@lequotidienmr","twitter_misc":{"\u0643\u064f\u062a\u0628 \u0628\u0648\u0627\u0633\u0637\u0629":"Med Ahmed","\u0648\u0642\u062a \u0627\u0644\u0642\u0631\u0627\u0621\u0629 \u0627\u0644\u0645\u064f\u0642\u062f\u0651\u0631":"4 \u062f\u0642\u0627\u0626\u0642"},"schema":{"@context":"https:\/\/schema.org","@graph":[{"@type":"Article","@id":"https:\/\/lequotidien.mr\/?p=30145&lang=fr#article","isPartOf":{"@id":"https:\/\/lequotidien.mr\/?p=30145&lang=fr"},"author":{"name":"Med Ahmed","@id":"https:\/\/lequotidien.mr\/#\/schema\/person\/d2d350202a4d599685ed8abc25f97596"},"headline":"Hodh El Gharbi\/Aioun : Lancement du festival du tourisme et de la semaine culturelle","datePublished":"2025-08-16T23:56:48+00:00","mainEntityOfPage":{"@id":"https:\/\/lequotidien.mr\/?p=30145&lang=fr"},"wordCount":544,"commentCount":0,"publisher":{"@id":"https:\/\/lequotidien.mr\/#organization"},"image":{"@id":"https:\/\/lequotidien.mr\/?p=30145&lang=fr#primaryimage"},"thumbnailUrl":"https:\/\/lequotidien.mr\/wp-content\/uploads\/2025\/08\/photo-festival-Aioun.jpg","articleSection":["ACTUALIT\u00c9","Culture"],"inLanguage":"ar","potentialAction":[{"@type":"CommentAction","name":"Comment","target":["https:\/\/lequotidien.mr\/?p=30145&lang=fr#respond"]}]},{"@type":"WebPage","@id":"https:\/\/lequotidien.mr\/?p=30145&lang=fr","url":"https:\/\/lequotidien.mr\/?p=30145&lang=fr","name":"Hodh El Gharbi\/Aioun : Lancement du festival du tourisme et de la semaine culturelle - Le Quotidien de Nouakchott","isPartOf":{"@id":"https:\/\/lequotidien.mr\/#website"},"primaryImageOfPage":{"@id":"https:\/\/lequotidien.mr\/?p=30145&lang=fr#primaryimage"},"image":{"@id":"https:\/\/lequotidien.mr\/?p=30145&lang=fr#primaryimage"},"thumbnailUrl":"https:\/\/lequotidien.mr\/wp-content\/uploads\/2025\/08\/photo-festival-Aioun.jpg","datePublished":"2025-08-16T23:56:48+00:00","breadcrumb":{"@id":"https:\/\/lequotidien.mr\/?p=30145&lang=fr#breadcrumb"},"inLanguage":"ar","potentialAction":[{"@type":"ReadAction","target":["https:\/\/lequotidien.mr\/?p=30145&lang=fr"]}]},{"@type":"ImageObject","inLanguage":"ar","@id":"https:\/\/lequotidien.mr\/?p=30145&lang=fr#primaryimage","url":"https:\/\/lequotidien.mr\/wp-content\/uploads\/2025\/08\/photo-festival-Aioun.jpg","contentUrl":"https:\/\/lequotidien.mr\/wp-content\/uploads\/2025\/08\/photo-festival-Aioun.jpg","width":750,"height":430},{"@type":"BreadcrumbList","@id":"https:\/\/lequotidien.mr\/?p=30145&lang=fr#breadcrumb","itemListElement":[{"@type":"ListItem","position":1,"name":"Home","item":"https:\/\/lequotidien.mr\/"},{"@type":"ListItem","position":2,"name":"Hodh El Gharbi\/Aioun : Lancement du festival du tourisme et de la semaine culturelle"}]},{"@type":"WebSite","@id":"https:\/\/lequotidien.mr\/#website","url":"https:\/\/lequotidien.mr\/","name":"Le Quotidien de Nouakchott","description":"\u0625\u062e\u0628\u0627\u0631\u064a\u0629 \u0645\u0633\u062a\u0642\u0644\u0629 \u0644\u0644\u0623\u0646\u0628\u0627\u0621 \u0627\u0644\u0639\u0627\u0645\u0629","publisher":{"@id":"https:\/\/lequotidien.mr\/#organization"},"potentialAction":[{"@type":"SearchAction","target":{"@type":"EntryPoint","urlTemplate":"https:\/\/lequotidien.mr\/?s={search_term_string}"},"query-input":{"@type":"PropertyValueSpecification","valueRequired":true,"valueName":"search_term_string"}}],"inLanguage":"ar"},{"@type":"Organization","@id":"https:\/\/lequotidien.mr\/#organization","name":"Le Quotidien de Nouakchott","url":"https:\/\/lequotidien.mr\/","logo":{"@type":"ImageObject","inLanguage":"ar","@id":"https:\/\/lequotidien.mr\/#\/schema\/logo\/image\/","url":"https:\/\/lequotidien.mr\/wp-content\/uploads\/2022\/11\/logolequotidien.jpg","contentUrl":"https:\/\/lequotidien.mr\/wp-content\/uploads\/2022\/11\/logolequotidien.jpg","width":290,"height":65,"caption":"Le Quotidien de Nouakchott"},"image":{"@id":"https:\/\/lequotidien.mr\/#\/schema\/logo\/image\/"},"sameAs":["https:\/\/web.facebook.com\/lequotidienmr","https:\/\/x.com\/lequotidienmr"]},{"@type":"Person","@id":"https:\/\/lequotidien.mr\/#\/schema\/person\/d2d350202a4d599685ed8abc25f97596","name":"Med Ahmed","image":{"@type":"ImageObject","inLanguage":"ar","@id":"https:\/\/secure.gravatar.com\/avatar\/fd2acc62ed50732923d1d39c17172c9b04149f142be92310ecc69e1358f94b52?s=96&d=mm&r=g","url":"https:\/\/secure.gravatar.com\/avatar\/fd2acc62ed50732923d1d39c17172c9b04149f142be92310ecc69e1358f94b52?s=96&d=mm&r=g","contentUrl":"https:\/\/secure.gravatar.com\/avatar\/fd2acc62ed50732923d1d39c17172c9b04149f142be92310ecc69e1358f94b52?s=96&d=mm&r=g","caption":"Med Ahmed"},"url":"https:\/\/lequotidien.mr\/?author=12"}]}},"_links":{"self":[{"href":"https:\/\/lequotidien.mr\/index.php?rest_route=\/wp\/v2\/posts\/30145","targetHints":{"allow":["GET"]}}],"collection":[{"href":"https:\/\/lequotidien.mr\/index.php?rest_route=\/wp\/v2\/posts"}],"about":[{"href":"https:\/\/lequotidien.mr\/index.php?rest_route=\/wp\/v2\/types\/post"}],"author":[{"embeddable":true,"href":"https:\/\/lequotidien.mr\/index.php?rest_route=\/wp\/v2\/users\/12"}],"replies":[{"embeddable":true,"href":"https:\/\/lequotidien.mr\/index.php?rest_route=%2Fwp%2Fv2%2Fcomments&post=30145"}],"version-history":[{"count":1,"href":"https:\/\/lequotidien.mr\/index.php?rest_route=\/wp\/v2\/posts\/30145\/revisions"}],"predecessor-version":[{"id":30147,"href":"https:\/\/lequotidien.mr\/index.php?rest_route=\/wp\/v2\/posts\/30145\/revisions\/30147"}],"wp:featuredmedia":[{"embeddable":true,"href":"https:\/\/lequotidien.mr\/index.php?rest_route=\/wp\/v2\/media\/30146"}],"wp:attachment":[{"href":"https:\/\/lequotidien.mr\/index.php?rest_route=%2Fwp%2Fv2%2Fmedia&parent=30145"}],"wp:term":[{"taxonomy":"category","embeddable":true,"href":"https:\/\/lequotidien.mr\/index.php?rest_route=%2Fwp%2Fv2%2Fcategories&post=30145"},{"taxonomy":"post_tag","embeddable":true,"href":"https:\/\/lequotidien.mr\/index.php?rest_route=%2Fwp%2Fv2%2Ftags&post=30145"}],"curies":[{"name":"wp","href":"https:\/\/api.w.org\/{rel}","templated":true}]}}