{"id":30139,"date":"2025-08-16T23:16:03","date_gmt":"2025-08-16T23:16:03","guid":{"rendered":"https:\/\/lequotidien.mr\/?p=30139"},"modified":"2025-08-16T23:16:03","modified_gmt":"2025-08-16T23:16:03","slug":"aioun-lancement-dune-serie-de-conferences-sur-la-cohesion-nationale-et-la-lutte-contre-les-fleaux-sociaux","status":"publish","type":"post","link":"https:\/\/lequotidien.mr\/?p=30139&lang=fr","title":{"rendered":"Aioun : Lancement d&#8217;une s\u00e9rie de conf\u00e9rences sur la coh\u00e9sion nationale et la lutte contre les fl\u00e9aux sociaux"},"content":{"rendered":"<p>Ce samedi, la ville d&#8217;Aioun a \u00e9t\u00e9 le th\u00e9\u00e2tre du lancement d&#8217;une s\u00e9rie de conf\u00e9rences porteuses de messages forts pour la soci\u00e9t\u00e9 mauritanienne. Plac\u00e9e sous la supervision de M. Cheikh Sidi Mohamed Ghali, D\u00e9l\u00e9gu\u00e9 R\u00e9gional de la Culture, des Arts, de la Communication et des Relations avec le Parlement de la wilaya du Hodh El Gharbi, cette initiative s&#8217;inscrit dans le cadre dynamique de la Semaine culturelle locale.<\/p>\n<p>Ces conf\u00e9rences ambitieuses ont pour objectif central de renforcer la\u00a0<strong>coh\u00e9sion nationale<\/strong>\u00a0et d&#8217;\u0153uvrer \u00e0\u00a0<strong>l&#8217;\u00e9limination des disparit\u00e9s sociales<\/strong>, des piliers essentiels pour la stabilit\u00e9 et le progr\u00e8s du pays. Les intervenants se sont attach\u00e9s \u00e0 d\u00e9finir et \u00e0 promouvoir ce sentiment d&#8217;appartenance \u00e0 la nation, soulignant l&#8217;imp\u00e9rieuse n\u00e9cessit\u00e9 de travailler collectivement pour sa prosp\u00e9rit\u00e9 tout en rejetant fermement tout ce qui pourrait menacer son unit\u00e9, de l&#8217;int\u00e9rieur comme de l&#8217;ext\u00e9rieur.<\/p>\n<p><strong>Trois th\u00e8mes majeurs<\/strong>\u00a0ont structur\u00e9 les d\u00e9bats et les pr\u00e9sentations :<\/p>\n<p><strong>-Le Ciment National :<\/strong>\u00a0Les conf\u00e9renciers ont longuement d\u00e9velopp\u00e9 les concepts de coh\u00e9sion et d&#8217;unit\u00e9 nationale. Ils ont appel\u00e9 de leurs v\u0153ux une consolidation des liens entre tous les citoyens, transcendant les appartenances, pour r\u00e9pandre\u00a0<strong>l&#8217;amour, l&#8217;harmonie et la tol\u00e9rance<\/strong>. Un rejet cat\u00e9gorique des manifestations de\u00a0<strong>violence, de discorde et de d\u00e9saccord<\/strong>\u00a0a \u00e9t\u00e9 unanimement prononc\u00e9, pr\u00e9sent\u00e9 comme un antidote vital aux forces centrifuges.<\/p>\n<p><strong>-Combattre les Fl\u00e9aux Sociaux :<\/strong>\u00a0La lutte contre\u00a0<strong>la drogue<\/strong>\u00a0et\u00a0<strong>l&#8217;extr\u00e9misme violent<\/strong>\u00a0a occup\u00e9 une place pr\u00e9pond\u00e9rante. Les intervenants ont mis en garde contre la dangerosit\u00e9 de l&#8217;extr\u00e9misme, d\u00e9non\u00e7ant ses id\u00e9es et comportements violents comme \u00e9tant en totale contradiction avec les enseignements de tol\u00e9rance de l&#8217;Islam. Les effets d\u00e9vastateurs de ce ph\u00e9nom\u00e8ne sur l&#8217;individu et le tissu social ont \u00e9t\u00e9 explicit\u00e9s. De m\u00eame, les\u00a0<strong>risques sanitaires majeurs<\/strong>\u00a0et les dangers soci\u00e9taux li\u00e9s \u00e0 la consommation de drogues ont \u00e9t\u00e9 clairement expos\u00e9s. Les conf\u00e9renciers ont insist\u00e9 sur le fait que la responsabilit\u00e9 de ce combat incombe \u00e0 une multitude d&#8217;acteurs :\u00a0<strong>institutions publiques, corps enseignant et parents d&#8217;\u00e9l\u00e8ves<\/strong>.<\/p>\n<p><strong>-Valoriser le Patrimoine et les Liens Familiaux :<\/strong>\u00a0Un plaidoyer convaincu a \u00e9t\u00e9 fait pour\u00a0<strong>l&#8217;encouragement du tourisme int\u00e9rieur<\/strong>\u00a0et pour le choix de\u00a0<strong>passer les vacances d&#8217;\u00e9t\u00e9 dans le pays<\/strong>. Les conf\u00e9renciers ont mis en lumi\u00e8re les\u00a0<strong>retomb\u00e9es positives multiples<\/strong>\u00a0de cette pratique : elle contribue significativement au\u00a0<strong>renforcement du d\u00e9veloppement local<\/strong>\u00a0(cr\u00e9ation d&#8217;emplois, valorisation des r\u00e9gions) tout en consolidant\u00a0<strong>les liens familiaux<\/strong>\u00a0et les relations entre les diff\u00e9rentes composantes de la soci\u00e9t\u00e9 mauritanienne.<\/p>\n<p>Le lancement de cette s\u00e9rie de conf\u00e9rences, sous la supervision active du D\u00e9l\u00e9gu\u00e9 R\u00e9gional M. Cheikh Sidi Mohamed Ghali, marque un engagement fort des autorit\u00e9s culturelles et locales du Hodh El Gharbi en faveur d&#8217;un dialogue soci\u00e9tal constructif. Il vise \u00e0 outiller la population face aux d\u00e9fis de la division, des addictions et de l&#8217;obscurantisme, tout en promouvant les valeurs d&#8217;unit\u00e9, de tol\u00e9rance et la d\u00e9couverte des richesses du pays. Ces rencontres se poursuivront dans le cadre de la Semaine culturelle d&#8217;Aioun, offrant une plateforme essentielle pour le d\u00e9bat et la sensibilisation citoyenne.<\/p>\n","protected":false},"excerpt":{"rendered":"<p>Ce samedi, la ville d&#8217;Aioun a \u00e9t\u00e9 le th\u00e9\u00e2tre du lancement d&#8217;une s\u00e9rie de conf\u00e9rences porteuses de messages forts pour la soci\u00e9t\u00e9 mauritanienne. Plac\u00e9e sous la supervision de M. Cheikh Sidi Mohamed Ghali, D\u00e9l\u00e9gu\u00e9 R\u00e9gional de la Culture, des Arts, de la Communication et des Relations avec le Parlement de la wilaya du Hodh El&#8230;..<\/p>\n","protected":false},"author":12,"featured_media":30140,"comment_status":"open","ping_status":"open","sticky":false,"template":"","format":"standard","meta":{"footnotes":""},"categories":[23,55],"tags":[],"class_list":["post-30139","post","type-post","status-publish","format-standard","has-post-thumbnail","hentry","category-actualite","category-culture"],"yoast_head":"<!-- This site is optimized with the Yoast SEO plugin v27.5 - https:\/\/yoast.com\/product\/yoast-seo-wordpress\/ -->\n<title>Aioun : Lancement d&#039;une s\u00e9rie de conf\u00e9rences sur la coh\u00e9sion nationale et la lutte contre les fl\u00e9aux sociaux - Le Quotidien de Nouakchott<\/title>\n<meta name=\"robots\" content=\"index, follow, max-snippet:-1, max-image-preview:large, max-video-preview:-1\" \/>\n<link rel=\"canonical\" href=\"https:\/\/lequotidien.mr\/?p=30139&lang=fr\" \/>\n<meta property=\"og:locale\" content=\"ar_AR\" \/>\n<meta property=\"og:type\" content=\"article\" \/>\n<meta property=\"og:title\" content=\"Aioun : Lancement d&#039;une s\u00e9rie de conf\u00e9rences sur la coh\u00e9sion nationale et la lutte contre les fl\u00e9aux sociaux - Le Quotidien de Nouakchott\" \/>\n<meta property=\"og:description\" content=\"Ce samedi, la ville d&#8217;Aioun a \u00e9t\u00e9 le th\u00e9\u00e2tre du lancement d&#8217;une s\u00e9rie de conf\u00e9rences porteuses de messages forts pour la soci\u00e9t\u00e9 mauritanienne. Plac\u00e9e sous la supervision de M. Cheikh Sidi Mohamed Ghali, D\u00e9l\u00e9gu\u00e9 R\u00e9gional de la Culture, des Arts, de la Communication et des Relations avec le Parlement de la wilaya du Hodh El.....\" \/>\n<meta property=\"og:url\" content=\"https:\/\/lequotidien.mr\/?p=30139&amp;lang=fr\" \/>\n<meta property=\"og:site_name\" content=\"Le Quotidien de Nouakchott\" \/>\n<meta property=\"article:publisher\" content=\"https:\/\/web.facebook.com\/lequotidienmr\" \/>\n<meta property=\"article:published_time\" content=\"2025-08-16T23:16:03+00:00\" \/>\n<meta property=\"og:image\" content=\"https:\/\/lequotidien.mr\/wp-content\/uploads\/2025\/08\/cfece-Aioun.jpg\" \/>\n\t<meta property=\"og:image:width\" content=\"750\" \/>\n\t<meta property=\"og:image:height\" content=\"430\" \/>\n\t<meta property=\"og:image:type\" content=\"image\/jpeg\" \/>\n<meta name=\"author\" content=\"Med Ahmed\" \/>\n<meta name=\"twitter:card\" content=\"summary_large_image\" \/>\n<meta name=\"twitter:creator\" content=\"@lequotidienmr\" \/>\n<meta name=\"twitter:site\" content=\"@lequotidienmr\" \/>\n<meta name=\"twitter:label1\" content=\"\u0643\u064f\u062a\u0628 \u0628\u0648\u0627\u0633\u0637\u0629\" \/>\n\t<meta name=\"twitter:data1\" content=\"Med Ahmed\" \/>\n\t<meta name=\"twitter:label2\" content=\"\u0648\u0642\u062a \u0627\u0644\u0642\u0631\u0627\u0621\u0629 \u0627\u0644\u0645\u064f\u0642\u062f\u0651\u0631\" \/>\n\t<meta name=\"twitter:data2\" content=\"4 \u062f\u0642\u0627\u0626\u0642\" \/>\n<script type=\"application\/ld+json\" class=\"yoast-schema-graph\">{\"@context\":\"https:\\\/\\\/schema.org\",\"@graph\":[{\"@type\":\"Article\",\"@id\":\"https:\\\/\\\/lequotidien.mr\\\/?p=30139&lang=fr#article\",\"isPartOf\":{\"@id\":\"https:\\\/\\\/lequotidien.mr\\\/?p=30139&lang=fr\"},\"author\":{\"name\":\"Med Ahmed\",\"@id\":\"https:\\\/\\\/lequotidien.mr\\\/#\\\/schema\\\/person\\\/d2d350202a4d599685ed8abc25f97596\"},\"headline\":\"Aioun : Lancement d&#8217;une s\u00e9rie de conf\u00e9rences sur la coh\u00e9sion nationale et la lutte contre les fl\u00e9aux sociaux\",\"datePublished\":\"2025-08-16T23:16:03+00:00\",\"mainEntityOfPage\":{\"@id\":\"https:\\\/\\\/lequotidien.mr\\\/?p=30139&lang=fr\"},\"wordCount\":594,\"commentCount\":0,\"publisher\":{\"@id\":\"https:\\\/\\\/lequotidien.mr\\\/#organization\"},\"image\":{\"@id\":\"https:\\\/\\\/lequotidien.mr\\\/?p=30139&lang=fr#primaryimage\"},\"thumbnailUrl\":\"https:\\\/\\\/lequotidien.mr\\\/wp-content\\\/uploads\\\/2025\\\/08\\\/cfece-Aioun.jpg\",\"articleSection\":[\"ACTUALIT\u00c9\",\"Culture\"],\"inLanguage\":\"ar\",\"potentialAction\":[{\"@type\":\"CommentAction\",\"name\":\"Comment\",\"target\":[\"https:\\\/\\\/lequotidien.mr\\\/?p=30139&lang=fr#respond\"]}]},{\"@type\":\"WebPage\",\"@id\":\"https:\\\/\\\/lequotidien.mr\\\/?p=30139&lang=fr\",\"url\":\"https:\\\/\\\/lequotidien.mr\\\/?p=30139&lang=fr\",\"name\":\"Aioun : Lancement d'une s\u00e9rie de conf\u00e9rences sur la coh\u00e9sion nationale et la lutte contre les fl\u00e9aux sociaux - Le Quotidien de Nouakchott\",\"isPartOf\":{\"@id\":\"https:\\\/\\\/lequotidien.mr\\\/#website\"},\"primaryImageOfPage\":{\"@id\":\"https:\\\/\\\/lequotidien.mr\\\/?p=30139&lang=fr#primaryimage\"},\"image\":{\"@id\":\"https:\\\/\\\/lequotidien.mr\\\/?p=30139&lang=fr#primaryimage\"},\"thumbnailUrl\":\"https:\\\/\\\/lequotidien.mr\\\/wp-content\\\/uploads\\\/2025\\\/08\\\/cfece-Aioun.jpg\",\"datePublished\":\"2025-08-16T23:16:03+00:00\",\"breadcrumb\":{\"@id\":\"https:\\\/\\\/lequotidien.mr\\\/?p=30139&lang=fr#breadcrumb\"},\"inLanguage\":\"ar\",\"potentialAction\":[{\"@type\":\"ReadAction\",\"target\":[\"https:\\\/\\\/lequotidien.mr\\\/?p=30139&lang=fr\"]}]},{\"@type\":\"ImageObject\",\"inLanguage\":\"ar\",\"@id\":\"https:\\\/\\\/lequotidien.mr\\\/?p=30139&lang=fr#primaryimage\",\"url\":\"https:\\\/\\\/lequotidien.mr\\\/wp-content\\\/uploads\\\/2025\\\/08\\\/cfece-Aioun.jpg\",\"contentUrl\":\"https:\\\/\\\/lequotidien.mr\\\/wp-content\\\/uploads\\\/2025\\\/08\\\/cfece-Aioun.jpg\",\"width\":750,\"height\":430},{\"@type\":\"BreadcrumbList\",\"@id\":\"https:\\\/\\\/lequotidien.mr\\\/?p=30139&lang=fr#breadcrumb\",\"itemListElement\":[{\"@type\":\"ListItem\",\"position\":1,\"name\":\"Home\",\"item\":\"https:\\\/\\\/lequotidien.mr\\\/\"},{\"@type\":\"ListItem\",\"position\":2,\"name\":\"Aioun : Lancement d&rsquo;une s\u00e9rie de conf\u00e9rences sur la coh\u00e9sion nationale et la lutte contre les fl\u00e9aux sociaux\"}]},{\"@type\":\"WebSite\",\"@id\":\"https:\\\/\\\/lequotidien.mr\\\/#website\",\"url\":\"https:\\\/\\\/lequotidien.mr\\\/\",\"name\":\"Le Quotidien de Nouakchott\",\"description\":\"\u0625\u062e\u0628\u0627\u0631\u064a\u0629 \u0645\u0633\u062a\u0642\u0644\u0629 \u0644\u0644\u0623\u0646\u0628\u0627\u0621 \u0627\u0644\u0639\u0627\u0645\u0629\",\"publisher\":{\"@id\":\"https:\\\/\\\/lequotidien.mr\\\/#organization\"},\"potentialAction\":[{\"@type\":\"SearchAction\",\"target\":{\"@type\":\"EntryPoint\",\"urlTemplate\":\"https:\\\/\\\/lequotidien.mr\\\/?s={search_term_string}\"},\"query-input\":{\"@type\":\"PropertyValueSpecification\",\"valueRequired\":true,\"valueName\":\"search_term_string\"}}],\"inLanguage\":\"ar\"},{\"@type\":\"Organization\",\"@id\":\"https:\\\/\\\/lequotidien.mr\\\/#organization\",\"name\":\"Le Quotidien de Nouakchott\",\"url\":\"https:\\\/\\\/lequotidien.mr\\\/\",\"logo\":{\"@type\":\"ImageObject\",\"inLanguage\":\"ar\",\"@id\":\"https:\\\/\\\/lequotidien.mr\\\/#\\\/schema\\\/logo\\\/image\\\/\",\"url\":\"https:\\\/\\\/lequotidien.mr\\\/wp-content\\\/uploads\\\/2022\\\/11\\\/logolequotidien.jpg\",\"contentUrl\":\"https:\\\/\\\/lequotidien.mr\\\/wp-content\\\/uploads\\\/2022\\\/11\\\/logolequotidien.jpg\",\"width\":290,\"height\":65,\"caption\":\"Le Quotidien de Nouakchott\"},\"image\":{\"@id\":\"https:\\\/\\\/lequotidien.mr\\\/#\\\/schema\\\/logo\\\/image\\\/\"},\"sameAs\":[\"https:\\\/\\\/web.facebook.com\\\/lequotidienmr\",\"https:\\\/\\\/x.com\\\/lequotidienmr\"]},{\"@type\":\"Person\",\"@id\":\"https:\\\/\\\/lequotidien.mr\\\/#\\\/schema\\\/person\\\/d2d350202a4d599685ed8abc25f97596\",\"name\":\"Med Ahmed\",\"image\":{\"@type\":\"ImageObject\",\"inLanguage\":\"ar\",\"@id\":\"https:\\\/\\\/secure.gravatar.com\\\/avatar\\\/fd2acc62ed50732923d1d39c17172c9b04149f142be92310ecc69e1358f94b52?s=96&d=mm&r=g\",\"url\":\"https:\\\/\\\/secure.gravatar.com\\\/avatar\\\/fd2acc62ed50732923d1d39c17172c9b04149f142be92310ecc69e1358f94b52?s=96&d=mm&r=g\",\"contentUrl\":\"https:\\\/\\\/secure.gravatar.com\\\/avatar\\\/fd2acc62ed50732923d1d39c17172c9b04149f142be92310ecc69e1358f94b52?s=96&d=mm&r=g\",\"caption\":\"Med Ahmed\"},\"url\":\"https:\\\/\\\/lequotidien.mr\\\/?author=12\"}]}<\/script>\n<!-- \/ Yoast SEO plugin. -->","yoast_head_json":{"title":"Aioun : Lancement d'une s\u00e9rie de conf\u00e9rences sur la coh\u00e9sion nationale et la lutte contre les fl\u00e9aux sociaux - Le Quotidien de Nouakchott","robots":{"index":"index","follow":"follow","max-snippet":"max-snippet:-1","max-image-preview":"max-image-preview:large","max-video-preview":"max-video-preview:-1"},"canonical":"https:\/\/lequotidien.mr\/?p=30139&lang=fr","og_locale":"ar_AR","og_type":"article","og_title":"Aioun : Lancement d'une s\u00e9rie de conf\u00e9rences sur la coh\u00e9sion nationale et la lutte contre les fl\u00e9aux sociaux - Le Quotidien de Nouakchott","og_description":"Ce samedi, la ville d&#8217;Aioun a \u00e9t\u00e9 le th\u00e9\u00e2tre du lancement d&#8217;une s\u00e9rie de conf\u00e9rences porteuses de messages forts pour la soci\u00e9t\u00e9 mauritanienne. Plac\u00e9e sous la supervision de M. Cheikh Sidi Mohamed Ghali, D\u00e9l\u00e9gu\u00e9 R\u00e9gional de la Culture, des Arts, de la Communication et des Relations avec le Parlement de la wilaya du Hodh El.....","og_url":"https:\/\/lequotidien.mr\/?p=30139&lang=fr","og_site_name":"Le Quotidien de Nouakchott","article_publisher":"https:\/\/web.facebook.com\/lequotidienmr","article_published_time":"2025-08-16T23:16:03+00:00","og_image":[{"width":750,"height":430,"url":"https:\/\/lequotidien.mr\/wp-content\/uploads\/2025\/08\/cfece-Aioun.jpg","type":"image\/jpeg"}],"author":"Med Ahmed","twitter_card":"summary_large_image","twitter_creator":"@lequotidienmr","twitter_site":"@lequotidienmr","twitter_misc":{"\u0643\u064f\u062a\u0628 \u0628\u0648\u0627\u0633\u0637\u0629":"Med Ahmed","\u0648\u0642\u062a \u0627\u0644\u0642\u0631\u0627\u0621\u0629 \u0627\u0644\u0645\u064f\u0642\u062f\u0651\u0631":"4 \u062f\u0642\u0627\u0626\u0642"},"schema":{"@context":"https:\/\/schema.org","@graph":[{"@type":"Article","@id":"https:\/\/lequotidien.mr\/?p=30139&lang=fr#article","isPartOf":{"@id":"https:\/\/lequotidien.mr\/?p=30139&lang=fr"},"author":{"name":"Med Ahmed","@id":"https:\/\/lequotidien.mr\/#\/schema\/person\/d2d350202a4d599685ed8abc25f97596"},"headline":"Aioun : Lancement d&#8217;une s\u00e9rie de conf\u00e9rences sur la coh\u00e9sion nationale et la lutte contre les fl\u00e9aux sociaux","datePublished":"2025-08-16T23:16:03+00:00","mainEntityOfPage":{"@id":"https:\/\/lequotidien.mr\/?p=30139&lang=fr"},"wordCount":594,"commentCount":0,"publisher":{"@id":"https:\/\/lequotidien.mr\/#organization"},"image":{"@id":"https:\/\/lequotidien.mr\/?p=30139&lang=fr#primaryimage"},"thumbnailUrl":"https:\/\/lequotidien.mr\/wp-content\/uploads\/2025\/08\/cfece-Aioun.jpg","articleSection":["ACTUALIT\u00c9","Culture"],"inLanguage":"ar","potentialAction":[{"@type":"CommentAction","name":"Comment","target":["https:\/\/lequotidien.mr\/?p=30139&lang=fr#respond"]}]},{"@type":"WebPage","@id":"https:\/\/lequotidien.mr\/?p=30139&lang=fr","url":"https:\/\/lequotidien.mr\/?p=30139&lang=fr","name":"Aioun : Lancement d'une s\u00e9rie de conf\u00e9rences sur la coh\u00e9sion nationale et la lutte contre les fl\u00e9aux sociaux - Le Quotidien de Nouakchott","isPartOf":{"@id":"https:\/\/lequotidien.mr\/#website"},"primaryImageOfPage":{"@id":"https:\/\/lequotidien.mr\/?p=30139&lang=fr#primaryimage"},"image":{"@id":"https:\/\/lequotidien.mr\/?p=30139&lang=fr#primaryimage"},"thumbnailUrl":"https:\/\/lequotidien.mr\/wp-content\/uploads\/2025\/08\/cfece-Aioun.jpg","datePublished":"2025-08-16T23:16:03+00:00","breadcrumb":{"@id":"https:\/\/lequotidien.mr\/?p=30139&lang=fr#breadcrumb"},"inLanguage":"ar","potentialAction":[{"@type":"ReadAction","target":["https:\/\/lequotidien.mr\/?p=30139&lang=fr"]}]},{"@type":"ImageObject","inLanguage":"ar","@id":"https:\/\/lequotidien.mr\/?p=30139&lang=fr#primaryimage","url":"https:\/\/lequotidien.mr\/wp-content\/uploads\/2025\/08\/cfece-Aioun.jpg","contentUrl":"https:\/\/lequotidien.mr\/wp-content\/uploads\/2025\/08\/cfece-Aioun.jpg","width":750,"height":430},{"@type":"BreadcrumbList","@id":"https:\/\/lequotidien.mr\/?p=30139&lang=fr#breadcrumb","itemListElement":[{"@type":"ListItem","position":1,"name":"Home","item":"https:\/\/lequotidien.mr\/"},{"@type":"ListItem","position":2,"name":"Aioun : Lancement d&rsquo;une s\u00e9rie de conf\u00e9rences sur la coh\u00e9sion nationale et la lutte contre les fl\u00e9aux sociaux"}]},{"@type":"WebSite","@id":"https:\/\/lequotidien.mr\/#website","url":"https:\/\/lequotidien.mr\/","name":"Le Quotidien de Nouakchott","description":"\u0625\u062e\u0628\u0627\u0631\u064a\u0629 \u0645\u0633\u062a\u0642\u0644\u0629 \u0644\u0644\u0623\u0646\u0628\u0627\u0621 \u0627\u0644\u0639\u0627\u0645\u0629","publisher":{"@id":"https:\/\/lequotidien.mr\/#organization"},"potentialAction":[{"@type":"SearchAction","target":{"@type":"EntryPoint","urlTemplate":"https:\/\/lequotidien.mr\/?s={search_term_string}"},"query-input":{"@type":"PropertyValueSpecification","valueRequired":true,"valueName":"search_term_string"}}],"inLanguage":"ar"},{"@type":"Organization","@id":"https:\/\/lequotidien.mr\/#organization","name":"Le Quotidien de Nouakchott","url":"https:\/\/lequotidien.mr\/","logo":{"@type":"ImageObject","inLanguage":"ar","@id":"https:\/\/lequotidien.mr\/#\/schema\/logo\/image\/","url":"https:\/\/lequotidien.mr\/wp-content\/uploads\/2022\/11\/logolequotidien.jpg","contentUrl":"https:\/\/lequotidien.mr\/wp-content\/uploads\/2022\/11\/logolequotidien.jpg","width":290,"height":65,"caption":"Le Quotidien de Nouakchott"},"image":{"@id":"https:\/\/lequotidien.mr\/#\/schema\/logo\/image\/"},"sameAs":["https:\/\/web.facebook.com\/lequotidienmr","https:\/\/x.com\/lequotidienmr"]},{"@type":"Person","@id":"https:\/\/lequotidien.mr\/#\/schema\/person\/d2d350202a4d599685ed8abc25f97596","name":"Med Ahmed","image":{"@type":"ImageObject","inLanguage":"ar","@id":"https:\/\/secure.gravatar.com\/avatar\/fd2acc62ed50732923d1d39c17172c9b04149f142be92310ecc69e1358f94b52?s=96&d=mm&r=g","url":"https:\/\/secure.gravatar.com\/avatar\/fd2acc62ed50732923d1d39c17172c9b04149f142be92310ecc69e1358f94b52?s=96&d=mm&r=g","contentUrl":"https:\/\/secure.gravatar.com\/avatar\/fd2acc62ed50732923d1d39c17172c9b04149f142be92310ecc69e1358f94b52?s=96&d=mm&r=g","caption":"Med Ahmed"},"url":"https:\/\/lequotidien.mr\/?author=12"}]}},"_links":{"self":[{"href":"https:\/\/lequotidien.mr\/index.php?rest_route=\/wp\/v2\/posts\/30139","targetHints":{"allow":["GET"]}}],"collection":[{"href":"https:\/\/lequotidien.mr\/index.php?rest_route=\/wp\/v2\/posts"}],"about":[{"href":"https:\/\/lequotidien.mr\/index.php?rest_route=\/wp\/v2\/types\/post"}],"author":[{"embeddable":true,"href":"https:\/\/lequotidien.mr\/index.php?rest_route=\/wp\/v2\/users\/12"}],"replies":[{"embeddable":true,"href":"https:\/\/lequotidien.mr\/index.php?rest_route=%2Fwp%2Fv2%2Fcomments&post=30139"}],"version-history":[{"count":1,"href":"https:\/\/lequotidien.mr\/index.php?rest_route=\/wp\/v2\/posts\/30139\/revisions"}],"predecessor-version":[{"id":30141,"href":"https:\/\/lequotidien.mr\/index.php?rest_route=\/wp\/v2\/posts\/30139\/revisions\/30141"}],"wp:featuredmedia":[{"embeddable":true,"href":"https:\/\/lequotidien.mr\/index.php?rest_route=\/wp\/v2\/media\/30140"}],"wp:attachment":[{"href":"https:\/\/lequotidien.mr\/index.php?rest_route=%2Fwp%2Fv2%2Fmedia&parent=30139"}],"wp:term":[{"taxonomy":"category","embeddable":true,"href":"https:\/\/lequotidien.mr\/index.php?rest_route=%2Fwp%2Fv2%2Fcategories&post=30139"},{"taxonomy":"post_tag","embeddable":true,"href":"https:\/\/lequotidien.mr\/index.php?rest_route=%2Fwp%2Fv2%2Ftags&post=30139"}],"curies":[{"name":"wp","href":"https:\/\/api.w.org\/{rel}","templated":true}]}}