{"id":30071,"date":"2025-08-13T22:22:55","date_gmt":"2025-08-13T22:22:55","guid":{"rendered":"https:\/\/lequotidien.mr\/?p=30071"},"modified":"2025-08-13T22:22:55","modified_gmt":"2025-08-13T22:22:55","slug":"peche-au-poulpe-formation-de-1000-pecheurs-artisanaux-une-premiere-promotion-diplomee-a-mheijratt","status":"publish","type":"post","link":"https:\/\/lequotidien.mr\/?p=30071&lang=fr","title":{"rendered":"P\u00eache au poulpe : Formation de 1000 p\u00eacheurs artisanaux, une premi\u00e8re promotion dipl\u00f4m\u00e9e \u00e0 M&#8217;heijratt"},"content":{"rendered":"<p>Le ministre de l\u2019Autonomisation des Jeunes, de l\u2019Emploi, des Sports et du Service civique, M. Mohamed Abdallahi Louly, accompagn\u00e9 du ministre de la P\u00eache, des Infrastructures maritimes et portuaires, M. El Fadhil Sidaty, et du wali de l\u2019Inchiri, M. Idriss Demba Korera, a supervis\u00e9 ce mercredi une c\u00e9r\u00e9monie marquante dans la commune de M&#8217;heijratt. L&#8217;\u00e9v\u00e9nement a \u00e9t\u00e9 l&#8217;occasion de remettre les dipl\u00f4mes \u00e0 la premi\u00e8re promotion de 140 p\u00eacheurs sp\u00e9cialis\u00e9s dans la p\u00eache au poulpe et de lancer la formation de 200 nouveaux jeunes. Cette action s&#8217;inscrit dans le cadre d&#8217;un vaste programme visant \u00e0 former et int\u00e9grer 1000 jeunes dans le secteur de la p\u00eache artisanale.<\/p>\n<p>Cette formation, assur\u00e9e par le Centre de Qualification et de Formation aux M\u00e9tiers de la P\u00eache de l&#8217;Acad\u00e9mie Navale, constitue un axe strat\u00e9gique majeur. Elle r\u00e9pond \u00e0 un double objectif : pr\u00e9server le stock de poulpe gr\u00e2ce \u00e0 l&#8217;adoption de techniques modernes et s\u00e9lectives reconnues, et lutter contre le ch\u00f4mage des jeunes en cr\u00e9ant des opportunit\u00e9s d&#8217;emploi durables dans le secteur maritime.<\/p>\n<p>Dans son allocution, le ministre Mohamed Abdallahi Louly a soulign\u00e9 que ce programme concr\u00e9tise les hautes directives du Pr\u00e9sident de la R\u00e9publique, M. Mohamed Cheikh El Ghazouani, pla\u00e7ant l&#8217;emploi des jeunes au sommet des priorit\u00e9s gouvernementales. Il a pr\u00e9cis\u00e9 que la conception du programme, r\u00e9alis\u00e9e sur instruction du Premier ministre M. Moctar Djay, a impliqu\u00e9 une coordination \u00e9troite entre les minist\u00e8res de la Jeunesse et de la P\u00eache, l&#8217;Acad\u00e9mie Navale et le secteur priv\u00e9. Une \u00e9tude de terrain approfondie a pr\u00e9c\u00e9d\u00e9 la signature d&#8217;un accord tripartite entre la direction g\u00e9n\u00e9rale de l\u2019emploi, l\u2019agence mauritanienne des affaires maritimes et les f\u00e9d\u00e9rations de p\u00eache.<\/p>\n<p><strong>Un accompagnement financier et technique renforc\u00e9<\/strong><\/p>\n<p>Pour garantir le succ\u00e8s et l&#8217;attractivit\u00e9 du programme, des mesures incitatives significatives ont \u00e9t\u00e9 mises en place :<\/p>\n<p><strong>-Une bourse mensuelle de 15 000 anciennes ouguiyas pendant la formation (3 mois)\u00a0;<\/strong><\/p>\n<p><strong>-Un soutien financier suppl\u00e9mentaire de 30 000 anciennes ouguiyas pendant les deux premiers mois d&#8217;int\u00e9gration professionnelle pour compenser la production initiale limit\u00e9e\u00a0;<\/strong><\/p>\n<p><strong>-L&#8217;attribution d&#8217;une part compl\u00e8te de la production aux stagiaires d\u00e8s le d\u00e9part, \u00e9quivalente \u00e0 celle des p\u00eacheurs professionnels, gr\u00e2ce \u00e0 une initiative des propri\u00e9taires de bateaux.<\/strong><\/p>\n<p>Un comit\u00e9 de suivi, regroupant les minist\u00e8res concern\u00e9s et les f\u00e9d\u00e9rations de p\u00eache, sera charg\u00e9 d&#8217;accompagner les jeunes sur le terrain, de r\u00e9soudre les d\u00e9fis et d&#8217;assurer leur int\u00e9gration r\u00e9ussie, visant \u00e0 en faire des mod\u00e8les pour le secteur.<\/p>\n<p><strong>Pr\u00e9servation des ressources et coop\u00e9ration<\/strong><\/p>\n<p>Le ministre de la P\u00eache, M. El Fadhil Sidaty, a affirm\u00e9 que former 1000 p\u00eacheurs aux techniques modernes de p\u00eache au poulpe est un choix strat\u00e9gique essentiel pour pr\u00e9server la ressource et \u00e9viter la p\u00eache anarchique. Il a salu\u00e9 le travail collectif et la coop\u00e9ration \u00e9troite entre son minist\u00e8re, celui de la Jeunesse, l&#8217;Acad\u00e9mie Navale, les acteurs du secteur et les bailleurs de fonds, notamment le projet d&#8217;employabilit\u00e9 des jeunes financ\u00e9 par la Banque Mondiale. Il a rappel\u00e9 que cette formation s&#8217;inscrit dans un programme ambitieux visant \u00e0 pallier le manque de main-d&#8217;\u0153uvre qualifi\u00e9e dans la p\u00eache artisanale, mat\u00e9rialis\u00e9 par un accord-cadre entre l&#8217;Institut National de Promotion de la Formation Technique et Professionnelle et l&#8217;Acad\u00e9mie Navale. <em>&#8220;Cette formation incarne les ambitions du Pr\u00e9sident de la R\u00e9publique de promouvoir le secteur de la p\u00eache en qualifiant ses ressources humaines&#8221;<\/em>, a-t-il d\u00e9clar\u00e9.<\/p>\n<p>M. Mohamed Mala\u00efnine Hay, directeur du Centre de Formation, a pr\u00e9sent\u00e9 la remise des dipl\u00f4mes comme le r\u00e9sultat de trois mois de travail acharn\u00e9 et de pers\u00e9v\u00e9rance. Il a soulign\u00e9 que les 140 dipl\u00f4m\u00e9s ont suivi une formation intensive aux normes les plus \u00e9lev\u00e9es, incluant les techniques de p\u00eache responsable, la pr\u00e9servation de l&#8217;environnement marin et la gestion des urgences<em>. &#8220;Ce moment marque une \u00e9tape importante dans la professionnalisation du secteur, la localisation des comp\u00e9tences et l&#8217;\u00e9tablissement d&#8217;une culture de s\u00e9curit\u00e9 maritime&#8221;<\/em>, a-t-il affirm\u00e9.<\/p>\n<p><strong>Engagement des professionnels<\/strong><\/p>\n<p>Le porte-parole des F\u00e9d\u00e9rations Nationales de P\u00eache, M. Mohamed Salem Sidi, a salu\u00e9 l&#8217;importance de cette int\u00e9gration des jeunes dans la vie active. Il a r\u00e9affirm\u00e9 l&#8217;engagement des f\u00e9d\u00e9rations \u00e0 financer et qualifier les jeunes pour leur assurer r\u00e9ussite professionnelle et service \u00e0 la nation.<\/p>\n<p>Tous les intervenants se sont accord\u00e9s sur l&#8217;importance cruciale de ce programme pour cr\u00e9er des emplois et int\u00e9grer les jeunes. Ils ont soulign\u00e9 la n\u00e9cessit\u00e9 d&#8217;une discrimination positive en faveur des habitants de M&#8217;heijratt, notamment pour l&#8217;emploi des jeunes et le soutien aux plus vuln\u00e9rables, saluant les r\u00e9alisations locales accomplies dans le cadre du programme pr\u00e9sidentiel.<\/p>\n<p>La c\u00e9r\u00e9monie s&#8217;est d\u00e9roul\u00e9e en pr\u00e9sence du pr\u00e9sident de la r\u00e9gion de l\u2019Inchiri, du Hakem de la moughataa de Benichab, du chef de l\u2019arrondissement de M\u2019heijrat, du d\u00e9put\u00e9 de Benichab, du maire de la commune de M\u2019heijrat et des chefs des services de s\u00e9curit\u00e9 de la wilaya.<\/p>\n","protected":false},"excerpt":{"rendered":"<p>Le ministre de l\u2019Autonomisation des Jeunes, de l\u2019Emploi, des Sports et du Service civique, M. Mohamed Abdallahi Louly, accompagn\u00e9 du ministre de la P\u00eache, des Infrastructures maritimes et portuaires, M. El Fadhil Sidaty, et du wali de l\u2019Inchiri, M. Idriss Demba Korera, a supervis\u00e9 ce mercredi une c\u00e9r\u00e9monie marquante dans la commune de M&#8217;heijratt. L&#8217;\u00e9v\u00e9nement&#8230;..<\/p>\n","protected":false},"author":12,"featured_media":30072,"comment_status":"open","ping_status":"open","sticky":false,"template":"","format":"standard","meta":{"footnotes":""},"categories":[23,49],"tags":[],"class_list":["post-30071","post","type-post","status-publish","format-standard","has-post-thumbnail","hentry","category-actualite","category-economie"],"yoast_head":"<!-- This site is optimized with the Yoast SEO plugin v27.5 - https:\/\/yoast.com\/product\/yoast-seo-wordpress\/ -->\n<title>P\u00eache au poulpe : Formation de 1000 p\u00eacheurs artisanaux, une premi\u00e8re promotion dipl\u00f4m\u00e9e \u00e0 M&#039;heijratt - Le Quotidien de Nouakchott<\/title>\n<meta name=\"robots\" content=\"index, follow, max-snippet:-1, max-image-preview:large, max-video-preview:-1\" \/>\n<link rel=\"canonical\" href=\"https:\/\/lequotidien.mr\/?p=30071&lang=fr\" \/>\n<meta property=\"og:locale\" content=\"ar_AR\" \/>\n<meta property=\"og:type\" content=\"article\" \/>\n<meta property=\"og:title\" content=\"P\u00eache au poulpe : Formation de 1000 p\u00eacheurs artisanaux, une premi\u00e8re promotion dipl\u00f4m\u00e9e \u00e0 M&#039;heijratt - Le Quotidien de Nouakchott\" \/>\n<meta property=\"og:description\" content=\"Le ministre de l\u2019Autonomisation des Jeunes, de l\u2019Emploi, des Sports et du Service civique, M. Mohamed Abdallahi Louly, accompagn\u00e9 du ministre de la P\u00eache, des Infrastructures maritimes et portuaires, M. El Fadhil Sidaty, et du wali de l\u2019Inchiri, M. Idriss Demba Korera, a supervis\u00e9 ce mercredi une c\u00e9r\u00e9monie marquante dans la commune de M&#8217;heijratt. L&#8217;\u00e9v\u00e9nement.....\" \/>\n<meta property=\"og:url\" content=\"https:\/\/lequotidien.mr\/?p=30071&amp;lang=fr\" \/>\n<meta property=\"og:site_name\" content=\"Le Quotidien de Nouakchott\" \/>\n<meta property=\"article:publisher\" content=\"https:\/\/web.facebook.com\/lequotidienmr\" \/>\n<meta property=\"article:published_time\" content=\"2025-08-13T22:22:55+00:00\" \/>\n<meta property=\"og:image\" content=\"https:\/\/lequotidien.mr\/wp-content\/uploads\/2025\/08\/photo-promotion-peche.jpg\" \/>\n\t<meta property=\"og:image:width\" content=\"750\" \/>\n\t<meta property=\"og:image:height\" content=\"430\" \/>\n\t<meta property=\"og:image:type\" content=\"image\/jpeg\" \/>\n<meta name=\"author\" content=\"Med Ahmed\" \/>\n<meta name=\"twitter:card\" content=\"summary_large_image\" \/>\n<meta name=\"twitter:creator\" content=\"@lequotidienmr\" \/>\n<meta name=\"twitter:site\" content=\"@lequotidienmr\" \/>\n<meta name=\"twitter:label1\" content=\"\u0643\u064f\u062a\u0628 \u0628\u0648\u0627\u0633\u0637\u0629\" \/>\n\t<meta name=\"twitter:data1\" content=\"Med Ahmed\" \/>\n\t<meta name=\"twitter:label2\" content=\"\u0648\u0642\u062a \u0627\u0644\u0642\u0631\u0627\u0621\u0629 \u0627\u0644\u0645\u064f\u0642\u062f\u0651\u0631\" \/>\n\t<meta name=\"twitter:data2\" content=\"6 \u062f\u0642\u0627\u0626\u0642\" \/>\n<script type=\"application\/ld+json\" class=\"yoast-schema-graph\">{\"@context\":\"https:\\\/\\\/schema.org\",\"@graph\":[{\"@type\":\"Article\",\"@id\":\"https:\\\/\\\/lequotidien.mr\\\/?p=30071&lang=fr#article\",\"isPartOf\":{\"@id\":\"https:\\\/\\\/lequotidien.mr\\\/?p=30071&lang=fr\"},\"author\":{\"name\":\"Med Ahmed\",\"@id\":\"https:\\\/\\\/lequotidien.mr\\\/#\\\/schema\\\/person\\\/d2d350202a4d599685ed8abc25f97596\"},\"headline\":\"P\u00eache au poulpe : Formation de 1000 p\u00eacheurs artisanaux, une premi\u00e8re promotion dipl\u00f4m\u00e9e \u00e0 M&#8217;heijratt\",\"datePublished\":\"2025-08-13T22:22:55+00:00\",\"mainEntityOfPage\":{\"@id\":\"https:\\\/\\\/lequotidien.mr\\\/?p=30071&lang=fr\"},\"wordCount\":931,\"commentCount\":0,\"publisher\":{\"@id\":\"https:\\\/\\\/lequotidien.mr\\\/#organization\"},\"image\":{\"@id\":\"https:\\\/\\\/lequotidien.mr\\\/?p=30071&lang=fr#primaryimage\"},\"thumbnailUrl\":\"https:\\\/\\\/lequotidien.mr\\\/wp-content\\\/uploads\\\/2025\\\/08\\\/photo-promotion-peche.jpg\",\"articleSection\":[\"ACTUALIT\u00c9\",\"Economie\"],\"inLanguage\":\"ar\",\"potentialAction\":[{\"@type\":\"CommentAction\",\"name\":\"Comment\",\"target\":[\"https:\\\/\\\/lequotidien.mr\\\/?p=30071&lang=fr#respond\"]}]},{\"@type\":\"WebPage\",\"@id\":\"https:\\\/\\\/lequotidien.mr\\\/?p=30071&lang=fr\",\"url\":\"https:\\\/\\\/lequotidien.mr\\\/?p=30071&lang=fr\",\"name\":\"P\u00eache au poulpe : Formation de 1000 p\u00eacheurs artisanaux, une premi\u00e8re promotion dipl\u00f4m\u00e9e \u00e0 M'heijratt - Le Quotidien de Nouakchott\",\"isPartOf\":{\"@id\":\"https:\\\/\\\/lequotidien.mr\\\/#website\"},\"primaryImageOfPage\":{\"@id\":\"https:\\\/\\\/lequotidien.mr\\\/?p=30071&lang=fr#primaryimage\"},\"image\":{\"@id\":\"https:\\\/\\\/lequotidien.mr\\\/?p=30071&lang=fr#primaryimage\"},\"thumbnailUrl\":\"https:\\\/\\\/lequotidien.mr\\\/wp-content\\\/uploads\\\/2025\\\/08\\\/photo-promotion-peche.jpg\",\"datePublished\":\"2025-08-13T22:22:55+00:00\",\"breadcrumb\":{\"@id\":\"https:\\\/\\\/lequotidien.mr\\\/?p=30071&lang=fr#breadcrumb\"},\"inLanguage\":\"ar\",\"potentialAction\":[{\"@type\":\"ReadAction\",\"target\":[\"https:\\\/\\\/lequotidien.mr\\\/?p=30071&lang=fr\"]}]},{\"@type\":\"ImageObject\",\"inLanguage\":\"ar\",\"@id\":\"https:\\\/\\\/lequotidien.mr\\\/?p=30071&lang=fr#primaryimage\",\"url\":\"https:\\\/\\\/lequotidien.mr\\\/wp-content\\\/uploads\\\/2025\\\/08\\\/photo-promotion-peche.jpg\",\"contentUrl\":\"https:\\\/\\\/lequotidien.mr\\\/wp-content\\\/uploads\\\/2025\\\/08\\\/photo-promotion-peche.jpg\",\"width\":750,\"height\":430},{\"@type\":\"BreadcrumbList\",\"@id\":\"https:\\\/\\\/lequotidien.mr\\\/?p=30071&lang=fr#breadcrumb\",\"itemListElement\":[{\"@type\":\"ListItem\",\"position\":1,\"name\":\"Home\",\"item\":\"https:\\\/\\\/lequotidien.mr\\\/\"},{\"@type\":\"ListItem\",\"position\":2,\"name\":\"P\u00eache au poulpe : Formation de 1000 p\u00eacheurs artisanaux, une premi\u00e8re promotion dipl\u00f4m\u00e9e \u00e0 M&rsquo;heijratt\"}]},{\"@type\":\"WebSite\",\"@id\":\"https:\\\/\\\/lequotidien.mr\\\/#website\",\"url\":\"https:\\\/\\\/lequotidien.mr\\\/\",\"name\":\"Le Quotidien de Nouakchott\",\"description\":\"\u0625\u062e\u0628\u0627\u0631\u064a\u0629 \u0645\u0633\u062a\u0642\u0644\u0629 \u0644\u0644\u0623\u0646\u0628\u0627\u0621 \u0627\u0644\u0639\u0627\u0645\u0629\",\"publisher\":{\"@id\":\"https:\\\/\\\/lequotidien.mr\\\/#organization\"},\"potentialAction\":[{\"@type\":\"SearchAction\",\"target\":{\"@type\":\"EntryPoint\",\"urlTemplate\":\"https:\\\/\\\/lequotidien.mr\\\/?s={search_term_string}\"},\"query-input\":{\"@type\":\"PropertyValueSpecification\",\"valueRequired\":true,\"valueName\":\"search_term_string\"}}],\"inLanguage\":\"ar\"},{\"@type\":\"Organization\",\"@id\":\"https:\\\/\\\/lequotidien.mr\\\/#organization\",\"name\":\"Le Quotidien de Nouakchott\",\"url\":\"https:\\\/\\\/lequotidien.mr\\\/\",\"logo\":{\"@type\":\"ImageObject\",\"inLanguage\":\"ar\",\"@id\":\"https:\\\/\\\/lequotidien.mr\\\/#\\\/schema\\\/logo\\\/image\\\/\",\"url\":\"https:\\\/\\\/lequotidien.mr\\\/wp-content\\\/uploads\\\/2022\\\/11\\\/logolequotidien.jpg\",\"contentUrl\":\"https:\\\/\\\/lequotidien.mr\\\/wp-content\\\/uploads\\\/2022\\\/11\\\/logolequotidien.jpg\",\"width\":290,\"height\":65,\"caption\":\"Le Quotidien de Nouakchott\"},\"image\":{\"@id\":\"https:\\\/\\\/lequotidien.mr\\\/#\\\/schema\\\/logo\\\/image\\\/\"},\"sameAs\":[\"https:\\\/\\\/web.facebook.com\\\/lequotidienmr\",\"https:\\\/\\\/x.com\\\/lequotidienmr\"]},{\"@type\":\"Person\",\"@id\":\"https:\\\/\\\/lequotidien.mr\\\/#\\\/schema\\\/person\\\/d2d350202a4d599685ed8abc25f97596\",\"name\":\"Med Ahmed\",\"image\":{\"@type\":\"ImageObject\",\"inLanguage\":\"ar\",\"@id\":\"https:\\\/\\\/secure.gravatar.com\\\/avatar\\\/fd2acc62ed50732923d1d39c17172c9b04149f142be92310ecc69e1358f94b52?s=96&d=mm&r=g\",\"url\":\"https:\\\/\\\/secure.gravatar.com\\\/avatar\\\/fd2acc62ed50732923d1d39c17172c9b04149f142be92310ecc69e1358f94b52?s=96&d=mm&r=g\",\"contentUrl\":\"https:\\\/\\\/secure.gravatar.com\\\/avatar\\\/fd2acc62ed50732923d1d39c17172c9b04149f142be92310ecc69e1358f94b52?s=96&d=mm&r=g\",\"caption\":\"Med Ahmed\"},\"url\":\"https:\\\/\\\/lequotidien.mr\\\/?author=12\"}]}<\/script>\n<!-- \/ Yoast SEO plugin. -->","yoast_head_json":{"title":"P\u00eache au poulpe : Formation de 1000 p\u00eacheurs artisanaux, une premi\u00e8re promotion dipl\u00f4m\u00e9e \u00e0 M'heijratt - Le Quotidien de Nouakchott","robots":{"index":"index","follow":"follow","max-snippet":"max-snippet:-1","max-image-preview":"max-image-preview:large","max-video-preview":"max-video-preview:-1"},"canonical":"https:\/\/lequotidien.mr\/?p=30071&lang=fr","og_locale":"ar_AR","og_type":"article","og_title":"P\u00eache au poulpe : Formation de 1000 p\u00eacheurs artisanaux, une premi\u00e8re promotion dipl\u00f4m\u00e9e \u00e0 M'heijratt - Le Quotidien de Nouakchott","og_description":"Le ministre de l\u2019Autonomisation des Jeunes, de l\u2019Emploi, des Sports et du Service civique, M. Mohamed Abdallahi Louly, accompagn\u00e9 du ministre de la P\u00eache, des Infrastructures maritimes et portuaires, M. El Fadhil Sidaty, et du wali de l\u2019Inchiri, M. Idriss Demba Korera, a supervis\u00e9 ce mercredi une c\u00e9r\u00e9monie marquante dans la commune de M&#8217;heijratt. L&#8217;\u00e9v\u00e9nement.....","og_url":"https:\/\/lequotidien.mr\/?p=30071&lang=fr","og_site_name":"Le Quotidien de Nouakchott","article_publisher":"https:\/\/web.facebook.com\/lequotidienmr","article_published_time":"2025-08-13T22:22:55+00:00","og_image":[{"width":750,"height":430,"url":"https:\/\/lequotidien.mr\/wp-content\/uploads\/2025\/08\/photo-promotion-peche.jpg","type":"image\/jpeg"}],"author":"Med Ahmed","twitter_card":"summary_large_image","twitter_creator":"@lequotidienmr","twitter_site":"@lequotidienmr","twitter_misc":{"\u0643\u064f\u062a\u0628 \u0628\u0648\u0627\u0633\u0637\u0629":"Med Ahmed","\u0648\u0642\u062a \u0627\u0644\u0642\u0631\u0627\u0621\u0629 \u0627\u0644\u0645\u064f\u0642\u062f\u0651\u0631":"6 \u062f\u0642\u0627\u0626\u0642"},"schema":{"@context":"https:\/\/schema.org","@graph":[{"@type":"Article","@id":"https:\/\/lequotidien.mr\/?p=30071&lang=fr#article","isPartOf":{"@id":"https:\/\/lequotidien.mr\/?p=30071&lang=fr"},"author":{"name":"Med Ahmed","@id":"https:\/\/lequotidien.mr\/#\/schema\/person\/d2d350202a4d599685ed8abc25f97596"},"headline":"P\u00eache au poulpe : Formation de 1000 p\u00eacheurs artisanaux, une premi\u00e8re promotion dipl\u00f4m\u00e9e \u00e0 M&#8217;heijratt","datePublished":"2025-08-13T22:22:55+00:00","mainEntityOfPage":{"@id":"https:\/\/lequotidien.mr\/?p=30071&lang=fr"},"wordCount":931,"commentCount":0,"publisher":{"@id":"https:\/\/lequotidien.mr\/#organization"},"image":{"@id":"https:\/\/lequotidien.mr\/?p=30071&lang=fr#primaryimage"},"thumbnailUrl":"https:\/\/lequotidien.mr\/wp-content\/uploads\/2025\/08\/photo-promotion-peche.jpg","articleSection":["ACTUALIT\u00c9","Economie"],"inLanguage":"ar","potentialAction":[{"@type":"CommentAction","name":"Comment","target":["https:\/\/lequotidien.mr\/?p=30071&lang=fr#respond"]}]},{"@type":"WebPage","@id":"https:\/\/lequotidien.mr\/?p=30071&lang=fr","url":"https:\/\/lequotidien.mr\/?p=30071&lang=fr","name":"P\u00eache au poulpe : Formation de 1000 p\u00eacheurs artisanaux, une premi\u00e8re promotion dipl\u00f4m\u00e9e \u00e0 M'heijratt - Le Quotidien de Nouakchott","isPartOf":{"@id":"https:\/\/lequotidien.mr\/#website"},"primaryImageOfPage":{"@id":"https:\/\/lequotidien.mr\/?p=30071&lang=fr#primaryimage"},"image":{"@id":"https:\/\/lequotidien.mr\/?p=30071&lang=fr#primaryimage"},"thumbnailUrl":"https:\/\/lequotidien.mr\/wp-content\/uploads\/2025\/08\/photo-promotion-peche.jpg","datePublished":"2025-08-13T22:22:55+00:00","breadcrumb":{"@id":"https:\/\/lequotidien.mr\/?p=30071&lang=fr#breadcrumb"},"inLanguage":"ar","potentialAction":[{"@type":"ReadAction","target":["https:\/\/lequotidien.mr\/?p=30071&lang=fr"]}]},{"@type":"ImageObject","inLanguage":"ar","@id":"https:\/\/lequotidien.mr\/?p=30071&lang=fr#primaryimage","url":"https:\/\/lequotidien.mr\/wp-content\/uploads\/2025\/08\/photo-promotion-peche.jpg","contentUrl":"https:\/\/lequotidien.mr\/wp-content\/uploads\/2025\/08\/photo-promotion-peche.jpg","width":750,"height":430},{"@type":"BreadcrumbList","@id":"https:\/\/lequotidien.mr\/?p=30071&lang=fr#breadcrumb","itemListElement":[{"@type":"ListItem","position":1,"name":"Home","item":"https:\/\/lequotidien.mr\/"},{"@type":"ListItem","position":2,"name":"P\u00eache au poulpe : Formation de 1000 p\u00eacheurs artisanaux, une premi\u00e8re promotion dipl\u00f4m\u00e9e \u00e0 M&rsquo;heijratt"}]},{"@type":"WebSite","@id":"https:\/\/lequotidien.mr\/#website","url":"https:\/\/lequotidien.mr\/","name":"Le Quotidien de Nouakchott","description":"\u0625\u062e\u0628\u0627\u0631\u064a\u0629 \u0645\u0633\u062a\u0642\u0644\u0629 \u0644\u0644\u0623\u0646\u0628\u0627\u0621 \u0627\u0644\u0639\u0627\u0645\u0629","publisher":{"@id":"https:\/\/lequotidien.mr\/#organization"},"potentialAction":[{"@type":"SearchAction","target":{"@type":"EntryPoint","urlTemplate":"https:\/\/lequotidien.mr\/?s={search_term_string}"},"query-input":{"@type":"PropertyValueSpecification","valueRequired":true,"valueName":"search_term_string"}}],"inLanguage":"ar"},{"@type":"Organization","@id":"https:\/\/lequotidien.mr\/#organization","name":"Le Quotidien de Nouakchott","url":"https:\/\/lequotidien.mr\/","logo":{"@type":"ImageObject","inLanguage":"ar","@id":"https:\/\/lequotidien.mr\/#\/schema\/logo\/image\/","url":"https:\/\/lequotidien.mr\/wp-content\/uploads\/2022\/11\/logolequotidien.jpg","contentUrl":"https:\/\/lequotidien.mr\/wp-content\/uploads\/2022\/11\/logolequotidien.jpg","width":290,"height":65,"caption":"Le Quotidien de Nouakchott"},"image":{"@id":"https:\/\/lequotidien.mr\/#\/schema\/logo\/image\/"},"sameAs":["https:\/\/web.facebook.com\/lequotidienmr","https:\/\/x.com\/lequotidienmr"]},{"@type":"Person","@id":"https:\/\/lequotidien.mr\/#\/schema\/person\/d2d350202a4d599685ed8abc25f97596","name":"Med Ahmed","image":{"@type":"ImageObject","inLanguage":"ar","@id":"https:\/\/secure.gravatar.com\/avatar\/fd2acc62ed50732923d1d39c17172c9b04149f142be92310ecc69e1358f94b52?s=96&d=mm&r=g","url":"https:\/\/secure.gravatar.com\/avatar\/fd2acc62ed50732923d1d39c17172c9b04149f142be92310ecc69e1358f94b52?s=96&d=mm&r=g","contentUrl":"https:\/\/secure.gravatar.com\/avatar\/fd2acc62ed50732923d1d39c17172c9b04149f142be92310ecc69e1358f94b52?s=96&d=mm&r=g","caption":"Med Ahmed"},"url":"https:\/\/lequotidien.mr\/?author=12"}]}},"_links":{"self":[{"href":"https:\/\/lequotidien.mr\/index.php?rest_route=\/wp\/v2\/posts\/30071","targetHints":{"allow":["GET"]}}],"collection":[{"href":"https:\/\/lequotidien.mr\/index.php?rest_route=\/wp\/v2\/posts"}],"about":[{"href":"https:\/\/lequotidien.mr\/index.php?rest_route=\/wp\/v2\/types\/post"}],"author":[{"embeddable":true,"href":"https:\/\/lequotidien.mr\/index.php?rest_route=\/wp\/v2\/users\/12"}],"replies":[{"embeddable":true,"href":"https:\/\/lequotidien.mr\/index.php?rest_route=%2Fwp%2Fv2%2Fcomments&post=30071"}],"version-history":[{"count":1,"href":"https:\/\/lequotidien.mr\/index.php?rest_route=\/wp\/v2\/posts\/30071\/revisions"}],"predecessor-version":[{"id":30073,"href":"https:\/\/lequotidien.mr\/index.php?rest_route=\/wp\/v2\/posts\/30071\/revisions\/30073"}],"wp:featuredmedia":[{"embeddable":true,"href":"https:\/\/lequotidien.mr\/index.php?rest_route=\/wp\/v2\/media\/30072"}],"wp:attachment":[{"href":"https:\/\/lequotidien.mr\/index.php?rest_route=%2Fwp%2Fv2%2Fmedia&parent=30071"}],"wp:term":[{"taxonomy":"category","embeddable":true,"href":"https:\/\/lequotidien.mr\/index.php?rest_route=%2Fwp%2Fv2%2Fcategories&post=30071"},{"taxonomy":"post_tag","embeddable":true,"href":"https:\/\/lequotidien.mr\/index.php?rest_route=%2Fwp%2Fv2%2Ftags&post=30071"}],"curies":[{"name":"wp","href":"https:\/\/api.w.org\/{rel}","templated":true}]}}