{"id":30037,"date":"2025-08-12T23:47:56","date_gmt":"2025-08-12T23:47:56","guid":{"rendered":"https:\/\/lequotidien.mr\/?p=30037"},"modified":"2025-08-12T23:47:56","modified_gmt":"2025-08-12T23:47:56","slug":"colloque-scientifique-a-nouakchott-le-tourisme-interieur-levier-de-rationalisation-economique-et-de-developpement","status":"publish","type":"post","link":"https:\/\/lequotidien.mr\/?p=30037&lang=fr","title":{"rendered":"Colloque scientifique \u00e0 Nouakchott : Le tourisme int\u00e9rieur, levier de rationalisation \u00e9conomique et de d\u00e9veloppement"},"content":{"rendered":"<p>Le Centre d\u2019\u00c9tudes et d\u2019Information Chinguetti, en partenariat avec l\u2019Office National du Tourisme, a organis\u00e9 ce lundi un colloque scientifique sous le th\u00e8me :\u00a0<em>&#8220;Le tourisme int\u00e9rieur : rationalisation des ressources et levier du d\u00e9veloppement \u00e9conomique&#8221;<\/em>. Cet \u00e9v\u00e9nement strat\u00e9gique a r\u00e9uni universitaires, experts et acteurs institutionnels pour d\u00e9finir les contours d\u2019une politique touristique nationale durable.<\/p>\n<p>Dans son allocution d\u2019ouverture,\u00a0<strong>M. Amadou El Hadj<\/strong>, Secr\u00e9taire G\u00e9n\u00e9ral du minist\u00e8re du Commerce et du Tourisme, a soulign\u00e9 l\u2019ancrage politique de cette r\u00e9flexion :<\/p>\n<p><em>&#8220;Ce symposium s\u2019inscrit dans la vision du Pr\u00e9sident Mohamed Cheikh El Ghazouani, qui place le tourisme au c\u0153ur du processus de d\u00e9veloppement. La Mauritanie, par sa profondeur culturelle, sa beaut\u00e9 naturelle et sa diversit\u00e9 historique, constitue un phare touristique.&#8221;<\/em><\/p>\n<p>Il a rappel\u00e9 les actions concr\u00e8tes engag\u00e9es par le d\u00e9partement :<\/p>\n<p><strong>-\u00c9laboration de politiques sectorielles claires\u00a0;<\/strong><\/p>\n<p><strong>-Valorisation syst\u00e9matique des atouts nationaux\u00a0;<\/strong><\/p>\n<p><strong>-Int\u00e9gration du tourisme dans les strat\u00e9gies de croissance \u00e9conomique.<\/strong><\/p>\n<p><strong>Au-del\u00e0 de l\u2019\u00e9conomie : les dimensions soci\u00e9tales<\/strong><\/p>\n<p><strong>M. Ahmed Mahmoud Fah<\/strong>, Pr\u00e9sident du Centre Chinguetti, a \u00e9largi la perspective :<\/p>\n<p><em>&#8220;Le tourisme int\u00e9rieur transcende la simple logique \u00e9conomique. C\u2019est un outil de coh\u00e9sion nationale qui permet :<\/em><\/p>\n<p><em>-La red\u00e9couverte des tr\u00e9sors patrimoniaux\u00a0;<\/em><\/p>\n<p><em>-Le renforcement de l\u2019appartenance identitaire\u00a0;<\/em><\/p>\n<p><em>-La pr\u00e9servation des ressources environnementales\u00a0;<\/em><\/p>\n<p><em>-L\u2019am\u00e9lioration des services en zones rurales&#8221;.<\/em><\/p>\n<p>Il a salu\u00e9\u00a0<em>&#8220;l\u2019acc\u00e9l\u00e9ration r\u00e9cente des efforts gouvernementaux&#8221;<\/em>\u00a0notant une prise de conscience croissante des citoyens quant \u00e0 l\u2019importance strat\u00e9gique du secteur.<\/p>\n<p><strong>Axes de r\u00e9flexion du colloque<\/strong><\/p>\n<p>Les travaux ont mis en lumi\u00e8re :<\/p>\n<p><strong>Les potentiels inexploit\u00e9s<\/strong>\u00a0:<\/p>\n<p>-Richesse des sites arch\u00e9ologiques et historiques\u00a0;<\/p>\n<p>-Diversit\u00e9 des \u00e9cosyst\u00e8mes (d\u00e9sert, littoral, zones humides).<\/p>\n<p><strong>Les d\u00e9fis structurels<\/strong>\u00a0:<\/p>\n<p>-Am\u00e9lioration des infrastructures d\u2019accueil\u00a0;<\/p>\n<p>-Professionnalisation des m\u00e9tiers du tourisme\u00a0;<\/p>\n<p>-Harmonisation des offres r\u00e9gionales.<\/p>\n<p><strong>Les mod\u00e8les vertueux<\/strong>\u00a0:<\/p>\n<p>-Int\u00e9gration des communaut\u00e9s locales\u00a0;<\/p>\n<p>-Financements innovants pour les projets \u00e9cotouristiques\u00a0;<\/p>\n<p>-Synergies entre tourisme et artisanat traditionnel.<\/p>\n<p><strong>Perspectives op\u00e9rationnelles<\/strong><\/p>\n<p>Le colloque a formul\u00e9 des propositions concr\u00e8tes pour :<\/p>\n<p><strong>-Cr\u00e9er un observatoire national du tourisme durable\u00a0;<\/strong><\/p>\n<p><strong>-\u00c9tablir des circuits th\u00e9matiques interr\u00e9gionaux\u00a0;<\/strong><\/p>\n<p><strong>-D\u00e9velopper un label qualit\u00e9 &#8220;Tourisme mauritanien&#8221;.<\/strong><\/p>\n<p><strong>Renforcer les formations aux m\u00e9tiers de l\u2019h\u00f4tellerie et de l\u2019accompagnement<\/strong><\/p>\n<p>Pr\u00e9sid\u00e9s par\u00a0<strong>M. Mahfoudh Jiyid<\/strong>, Directeur G\u00e9n\u00e9ral de l\u2019Office National du Tourisme, ces travaux marquent une \u00e9tape d\u00e9cisive dans la formalisation d\u2019une feuille de route align\u00e9e sur la vision pr\u00e9sidentielle. Ils confirment la transformation du tourisme int\u00e9rieur en v\u00e9ritable politique publique transversale, conciliant rationalit\u00e9 \u00e9conomique et valorisation du patrimoine national.<\/p>\n<p>&nbsp;<\/p>\n","protected":false},"excerpt":{"rendered":"<p>Le Centre d\u2019\u00c9tudes et d\u2019Information Chinguetti, en partenariat avec l\u2019Office National du Tourisme, a organis\u00e9 ce lundi un colloque scientifique sous le th\u00e8me :\u00a0&#8220;Le tourisme int\u00e9rieur : rationalisation des ressources et levier du d\u00e9veloppement \u00e9conomique&#8221;. Cet \u00e9v\u00e9nement strat\u00e9gique a r\u00e9uni universitaires, experts et acteurs institutionnels pour d\u00e9finir les contours d\u2019une politique touristique nationale durable. Dans&#8230;..<\/p>\n","protected":false},"author":12,"featured_media":30038,"comment_status":"open","ping_status":"open","sticky":false,"template":"","format":"standard","meta":{"footnotes":""},"categories":[23,49,55],"tags":[],"class_list":["post-30037","post","type-post","status-publish","format-standard","has-post-thumbnail","hentry","category-actualite","category-economie","category-culture"],"yoast_head":"<!-- This site is optimized with the Yoast SEO plugin v27.5 - https:\/\/yoast.com\/product\/yoast-seo-wordpress\/ -->\n<title>Colloque scientifique \u00e0 Nouakchott : Le tourisme int\u00e9rieur, levier de rationalisation \u00e9conomique et de d\u00e9veloppement - Le Quotidien de Nouakchott<\/title>\n<meta name=\"robots\" content=\"index, follow, max-snippet:-1, max-image-preview:large, max-video-preview:-1\" \/>\n<link rel=\"canonical\" href=\"https:\/\/lequotidien.mr\/?p=30037&lang=fr\" \/>\n<meta property=\"og:locale\" content=\"ar_AR\" \/>\n<meta property=\"og:type\" content=\"article\" \/>\n<meta property=\"og:title\" content=\"Colloque scientifique \u00e0 Nouakchott : Le tourisme int\u00e9rieur, levier de rationalisation \u00e9conomique et de d\u00e9veloppement - Le Quotidien de Nouakchott\" \/>\n<meta property=\"og:description\" content=\"Le Centre d\u2019\u00c9tudes et d\u2019Information Chinguetti, en partenariat avec l\u2019Office National du Tourisme, a organis\u00e9 ce lundi un colloque scientifique sous le th\u00e8me :\u00a0&#8220;Le tourisme int\u00e9rieur : rationalisation des ressources et levier du d\u00e9veloppement \u00e9conomique&#8221;. Cet \u00e9v\u00e9nement strat\u00e9gique a r\u00e9uni universitaires, experts et acteurs institutionnels pour d\u00e9finir les contours d\u2019une politique touristique nationale durable. Dans.....\" \/>\n<meta property=\"og:url\" content=\"https:\/\/lequotidien.mr\/?p=30037&amp;lang=fr\" \/>\n<meta property=\"og:site_name\" content=\"Le Quotidien de Nouakchott\" \/>\n<meta property=\"article:publisher\" content=\"https:\/\/web.facebook.com\/lequotidienmr\" \/>\n<meta property=\"article:published_time\" content=\"2025-08-12T23:47:56+00:00\" \/>\n<meta property=\"og:image\" content=\"https:\/\/lequotidien.mr\/wp-content\/uploads\/2025\/08\/photo-colloque-scientifique-tourisme-inter.jpg\" \/>\n\t<meta property=\"og:image:width\" content=\"643\" \/>\n\t<meta property=\"og:image:height\" content=\"376\" \/>\n\t<meta property=\"og:image:type\" content=\"image\/jpeg\" \/>\n<meta name=\"author\" content=\"Med Ahmed\" \/>\n<meta name=\"twitter:card\" content=\"summary_large_image\" \/>\n<meta name=\"twitter:creator\" content=\"@lequotidienmr\" \/>\n<meta name=\"twitter:site\" content=\"@lequotidienmr\" \/>\n<meta name=\"twitter:label1\" content=\"\u0643\u064f\u062a\u0628 \u0628\u0648\u0627\u0633\u0637\u0629\" \/>\n\t<meta name=\"twitter:data1\" content=\"Med Ahmed\" \/>\n\t<meta name=\"twitter:label2\" content=\"\u0648\u0642\u062a \u0627\u0644\u0642\u0631\u0627\u0621\u0629 \u0627\u0644\u0645\u064f\u0642\u062f\u0651\u0631\" \/>\n\t<meta name=\"twitter:data2\" content=\"3 \u062f\u0642\u0627\u0626\u0642\" \/>\n<script type=\"application\/ld+json\" class=\"yoast-schema-graph\">{\"@context\":\"https:\\\/\\\/schema.org\",\"@graph\":[{\"@type\":\"Article\",\"@id\":\"https:\\\/\\\/lequotidien.mr\\\/?p=30037&lang=fr#article\",\"isPartOf\":{\"@id\":\"https:\\\/\\\/lequotidien.mr\\\/?p=30037&lang=fr\"},\"author\":{\"name\":\"Med Ahmed\",\"@id\":\"https:\\\/\\\/lequotidien.mr\\\/#\\\/schema\\\/person\\\/d2d350202a4d599685ed8abc25f97596\"},\"headline\":\"Colloque scientifique \u00e0 Nouakchott : Le tourisme int\u00e9rieur, levier de rationalisation \u00e9conomique et de d\u00e9veloppement\",\"datePublished\":\"2025-08-12T23:47:56+00:00\",\"mainEntityOfPage\":{\"@id\":\"https:\\\/\\\/lequotidien.mr\\\/?p=30037&lang=fr\"},\"wordCount\":470,\"commentCount\":0,\"publisher\":{\"@id\":\"https:\\\/\\\/lequotidien.mr\\\/#organization\"},\"image\":{\"@id\":\"https:\\\/\\\/lequotidien.mr\\\/?p=30037&lang=fr#primaryimage\"},\"thumbnailUrl\":\"https:\\\/\\\/lequotidien.mr\\\/wp-content\\\/uploads\\\/2025\\\/08\\\/photo-colloque-scientifique-tourisme-inter.jpg\",\"articleSection\":[\"ACTUALIT\u00c9\",\"Economie\",\"Culture\"],\"inLanguage\":\"ar\",\"potentialAction\":[{\"@type\":\"CommentAction\",\"name\":\"Comment\",\"target\":[\"https:\\\/\\\/lequotidien.mr\\\/?p=30037&lang=fr#respond\"]}]},{\"@type\":\"WebPage\",\"@id\":\"https:\\\/\\\/lequotidien.mr\\\/?p=30037&lang=fr\",\"url\":\"https:\\\/\\\/lequotidien.mr\\\/?p=30037&lang=fr\",\"name\":\"Colloque scientifique \u00e0 Nouakchott : Le tourisme int\u00e9rieur, levier de rationalisation \u00e9conomique et de d\u00e9veloppement - Le Quotidien de Nouakchott\",\"isPartOf\":{\"@id\":\"https:\\\/\\\/lequotidien.mr\\\/#website\"},\"primaryImageOfPage\":{\"@id\":\"https:\\\/\\\/lequotidien.mr\\\/?p=30037&lang=fr#primaryimage\"},\"image\":{\"@id\":\"https:\\\/\\\/lequotidien.mr\\\/?p=30037&lang=fr#primaryimage\"},\"thumbnailUrl\":\"https:\\\/\\\/lequotidien.mr\\\/wp-content\\\/uploads\\\/2025\\\/08\\\/photo-colloque-scientifique-tourisme-inter.jpg\",\"datePublished\":\"2025-08-12T23:47:56+00:00\",\"breadcrumb\":{\"@id\":\"https:\\\/\\\/lequotidien.mr\\\/?p=30037&lang=fr#breadcrumb\"},\"inLanguage\":\"ar\",\"potentialAction\":[{\"@type\":\"ReadAction\",\"target\":[\"https:\\\/\\\/lequotidien.mr\\\/?p=30037&lang=fr\"]}]},{\"@type\":\"ImageObject\",\"inLanguage\":\"ar\",\"@id\":\"https:\\\/\\\/lequotidien.mr\\\/?p=30037&lang=fr#primaryimage\",\"url\":\"https:\\\/\\\/lequotidien.mr\\\/wp-content\\\/uploads\\\/2025\\\/08\\\/photo-colloque-scientifique-tourisme-inter.jpg\",\"contentUrl\":\"https:\\\/\\\/lequotidien.mr\\\/wp-content\\\/uploads\\\/2025\\\/08\\\/photo-colloque-scientifique-tourisme-inter.jpg\",\"width\":643,\"height\":376},{\"@type\":\"BreadcrumbList\",\"@id\":\"https:\\\/\\\/lequotidien.mr\\\/?p=30037&lang=fr#breadcrumb\",\"itemListElement\":[{\"@type\":\"ListItem\",\"position\":1,\"name\":\"Home\",\"item\":\"https:\\\/\\\/lequotidien.mr\\\/\"},{\"@type\":\"ListItem\",\"position\":2,\"name\":\"Colloque scientifique \u00e0 Nouakchott : Le tourisme int\u00e9rieur, levier de rationalisation \u00e9conomique et de d\u00e9veloppement\"}]},{\"@type\":\"WebSite\",\"@id\":\"https:\\\/\\\/lequotidien.mr\\\/#website\",\"url\":\"https:\\\/\\\/lequotidien.mr\\\/\",\"name\":\"Le Quotidien de Nouakchott\",\"description\":\"\u0625\u062e\u0628\u0627\u0631\u064a\u0629 \u0645\u0633\u062a\u0642\u0644\u0629 \u0644\u0644\u0623\u0646\u0628\u0627\u0621 \u0627\u0644\u0639\u0627\u0645\u0629\",\"publisher\":{\"@id\":\"https:\\\/\\\/lequotidien.mr\\\/#organization\"},\"potentialAction\":[{\"@type\":\"SearchAction\",\"target\":{\"@type\":\"EntryPoint\",\"urlTemplate\":\"https:\\\/\\\/lequotidien.mr\\\/?s={search_term_string}\"},\"query-input\":{\"@type\":\"PropertyValueSpecification\",\"valueRequired\":true,\"valueName\":\"search_term_string\"}}],\"inLanguage\":\"ar\"},{\"@type\":\"Organization\",\"@id\":\"https:\\\/\\\/lequotidien.mr\\\/#organization\",\"name\":\"Le Quotidien de Nouakchott\",\"url\":\"https:\\\/\\\/lequotidien.mr\\\/\",\"logo\":{\"@type\":\"ImageObject\",\"inLanguage\":\"ar\",\"@id\":\"https:\\\/\\\/lequotidien.mr\\\/#\\\/schema\\\/logo\\\/image\\\/\",\"url\":\"https:\\\/\\\/lequotidien.mr\\\/wp-content\\\/uploads\\\/2022\\\/11\\\/logolequotidien.jpg\",\"contentUrl\":\"https:\\\/\\\/lequotidien.mr\\\/wp-content\\\/uploads\\\/2022\\\/11\\\/logolequotidien.jpg\",\"width\":290,\"height\":65,\"caption\":\"Le Quotidien de Nouakchott\"},\"image\":{\"@id\":\"https:\\\/\\\/lequotidien.mr\\\/#\\\/schema\\\/logo\\\/image\\\/\"},\"sameAs\":[\"https:\\\/\\\/web.facebook.com\\\/lequotidienmr\",\"https:\\\/\\\/x.com\\\/lequotidienmr\"]},{\"@type\":\"Person\",\"@id\":\"https:\\\/\\\/lequotidien.mr\\\/#\\\/schema\\\/person\\\/d2d350202a4d599685ed8abc25f97596\",\"name\":\"Med Ahmed\",\"image\":{\"@type\":\"ImageObject\",\"inLanguage\":\"ar\",\"@id\":\"https:\\\/\\\/secure.gravatar.com\\\/avatar\\\/fd2acc62ed50732923d1d39c17172c9b04149f142be92310ecc69e1358f94b52?s=96&d=mm&r=g\",\"url\":\"https:\\\/\\\/secure.gravatar.com\\\/avatar\\\/fd2acc62ed50732923d1d39c17172c9b04149f142be92310ecc69e1358f94b52?s=96&d=mm&r=g\",\"contentUrl\":\"https:\\\/\\\/secure.gravatar.com\\\/avatar\\\/fd2acc62ed50732923d1d39c17172c9b04149f142be92310ecc69e1358f94b52?s=96&d=mm&r=g\",\"caption\":\"Med Ahmed\"},\"url\":\"https:\\\/\\\/lequotidien.mr\\\/?author=12\"}]}<\/script>\n<!-- \/ Yoast SEO plugin. -->","yoast_head_json":{"title":"Colloque scientifique \u00e0 Nouakchott : Le tourisme int\u00e9rieur, levier de rationalisation \u00e9conomique et de d\u00e9veloppement - Le Quotidien de Nouakchott","robots":{"index":"index","follow":"follow","max-snippet":"max-snippet:-1","max-image-preview":"max-image-preview:large","max-video-preview":"max-video-preview:-1"},"canonical":"https:\/\/lequotidien.mr\/?p=30037&lang=fr","og_locale":"ar_AR","og_type":"article","og_title":"Colloque scientifique \u00e0 Nouakchott : Le tourisme int\u00e9rieur, levier de rationalisation \u00e9conomique et de d\u00e9veloppement - Le Quotidien de Nouakchott","og_description":"Le Centre d\u2019\u00c9tudes et d\u2019Information Chinguetti, en partenariat avec l\u2019Office National du Tourisme, a organis\u00e9 ce lundi un colloque scientifique sous le th\u00e8me :\u00a0&#8220;Le tourisme int\u00e9rieur : rationalisation des ressources et levier du d\u00e9veloppement \u00e9conomique&#8221;. Cet \u00e9v\u00e9nement strat\u00e9gique a r\u00e9uni universitaires, experts et acteurs institutionnels pour d\u00e9finir les contours d\u2019une politique touristique nationale durable. Dans.....","og_url":"https:\/\/lequotidien.mr\/?p=30037&lang=fr","og_site_name":"Le Quotidien de Nouakchott","article_publisher":"https:\/\/web.facebook.com\/lequotidienmr","article_published_time":"2025-08-12T23:47:56+00:00","og_image":[{"width":643,"height":376,"url":"https:\/\/lequotidien.mr\/wp-content\/uploads\/2025\/08\/photo-colloque-scientifique-tourisme-inter.jpg","type":"image\/jpeg"}],"author":"Med Ahmed","twitter_card":"summary_large_image","twitter_creator":"@lequotidienmr","twitter_site":"@lequotidienmr","twitter_misc":{"\u0643\u064f\u062a\u0628 \u0628\u0648\u0627\u0633\u0637\u0629":"Med Ahmed","\u0648\u0642\u062a \u0627\u0644\u0642\u0631\u0627\u0621\u0629 \u0627\u0644\u0645\u064f\u0642\u062f\u0651\u0631":"3 \u062f\u0642\u0627\u0626\u0642"},"schema":{"@context":"https:\/\/schema.org","@graph":[{"@type":"Article","@id":"https:\/\/lequotidien.mr\/?p=30037&lang=fr#article","isPartOf":{"@id":"https:\/\/lequotidien.mr\/?p=30037&lang=fr"},"author":{"name":"Med Ahmed","@id":"https:\/\/lequotidien.mr\/#\/schema\/person\/d2d350202a4d599685ed8abc25f97596"},"headline":"Colloque scientifique \u00e0 Nouakchott : Le tourisme int\u00e9rieur, levier de rationalisation \u00e9conomique et de d\u00e9veloppement","datePublished":"2025-08-12T23:47:56+00:00","mainEntityOfPage":{"@id":"https:\/\/lequotidien.mr\/?p=30037&lang=fr"},"wordCount":470,"commentCount":0,"publisher":{"@id":"https:\/\/lequotidien.mr\/#organization"},"image":{"@id":"https:\/\/lequotidien.mr\/?p=30037&lang=fr#primaryimage"},"thumbnailUrl":"https:\/\/lequotidien.mr\/wp-content\/uploads\/2025\/08\/photo-colloque-scientifique-tourisme-inter.jpg","articleSection":["ACTUALIT\u00c9","Economie","Culture"],"inLanguage":"ar","potentialAction":[{"@type":"CommentAction","name":"Comment","target":["https:\/\/lequotidien.mr\/?p=30037&lang=fr#respond"]}]},{"@type":"WebPage","@id":"https:\/\/lequotidien.mr\/?p=30037&lang=fr","url":"https:\/\/lequotidien.mr\/?p=30037&lang=fr","name":"Colloque scientifique \u00e0 Nouakchott : Le tourisme int\u00e9rieur, levier de rationalisation \u00e9conomique et de d\u00e9veloppement - Le Quotidien de Nouakchott","isPartOf":{"@id":"https:\/\/lequotidien.mr\/#website"},"primaryImageOfPage":{"@id":"https:\/\/lequotidien.mr\/?p=30037&lang=fr#primaryimage"},"image":{"@id":"https:\/\/lequotidien.mr\/?p=30037&lang=fr#primaryimage"},"thumbnailUrl":"https:\/\/lequotidien.mr\/wp-content\/uploads\/2025\/08\/photo-colloque-scientifique-tourisme-inter.jpg","datePublished":"2025-08-12T23:47:56+00:00","breadcrumb":{"@id":"https:\/\/lequotidien.mr\/?p=30037&lang=fr#breadcrumb"},"inLanguage":"ar","potentialAction":[{"@type":"ReadAction","target":["https:\/\/lequotidien.mr\/?p=30037&lang=fr"]}]},{"@type":"ImageObject","inLanguage":"ar","@id":"https:\/\/lequotidien.mr\/?p=30037&lang=fr#primaryimage","url":"https:\/\/lequotidien.mr\/wp-content\/uploads\/2025\/08\/photo-colloque-scientifique-tourisme-inter.jpg","contentUrl":"https:\/\/lequotidien.mr\/wp-content\/uploads\/2025\/08\/photo-colloque-scientifique-tourisme-inter.jpg","width":643,"height":376},{"@type":"BreadcrumbList","@id":"https:\/\/lequotidien.mr\/?p=30037&lang=fr#breadcrumb","itemListElement":[{"@type":"ListItem","position":1,"name":"Home","item":"https:\/\/lequotidien.mr\/"},{"@type":"ListItem","position":2,"name":"Colloque scientifique \u00e0 Nouakchott : Le tourisme int\u00e9rieur, levier de rationalisation \u00e9conomique et de d\u00e9veloppement"}]},{"@type":"WebSite","@id":"https:\/\/lequotidien.mr\/#website","url":"https:\/\/lequotidien.mr\/","name":"Le Quotidien de Nouakchott","description":"\u0625\u062e\u0628\u0627\u0631\u064a\u0629 \u0645\u0633\u062a\u0642\u0644\u0629 \u0644\u0644\u0623\u0646\u0628\u0627\u0621 \u0627\u0644\u0639\u0627\u0645\u0629","publisher":{"@id":"https:\/\/lequotidien.mr\/#organization"},"potentialAction":[{"@type":"SearchAction","target":{"@type":"EntryPoint","urlTemplate":"https:\/\/lequotidien.mr\/?s={search_term_string}"},"query-input":{"@type":"PropertyValueSpecification","valueRequired":true,"valueName":"search_term_string"}}],"inLanguage":"ar"},{"@type":"Organization","@id":"https:\/\/lequotidien.mr\/#organization","name":"Le Quotidien de Nouakchott","url":"https:\/\/lequotidien.mr\/","logo":{"@type":"ImageObject","inLanguage":"ar","@id":"https:\/\/lequotidien.mr\/#\/schema\/logo\/image\/","url":"https:\/\/lequotidien.mr\/wp-content\/uploads\/2022\/11\/logolequotidien.jpg","contentUrl":"https:\/\/lequotidien.mr\/wp-content\/uploads\/2022\/11\/logolequotidien.jpg","width":290,"height":65,"caption":"Le Quotidien de Nouakchott"},"image":{"@id":"https:\/\/lequotidien.mr\/#\/schema\/logo\/image\/"},"sameAs":["https:\/\/web.facebook.com\/lequotidienmr","https:\/\/x.com\/lequotidienmr"]},{"@type":"Person","@id":"https:\/\/lequotidien.mr\/#\/schema\/person\/d2d350202a4d599685ed8abc25f97596","name":"Med Ahmed","image":{"@type":"ImageObject","inLanguage":"ar","@id":"https:\/\/secure.gravatar.com\/avatar\/fd2acc62ed50732923d1d39c17172c9b04149f142be92310ecc69e1358f94b52?s=96&d=mm&r=g","url":"https:\/\/secure.gravatar.com\/avatar\/fd2acc62ed50732923d1d39c17172c9b04149f142be92310ecc69e1358f94b52?s=96&d=mm&r=g","contentUrl":"https:\/\/secure.gravatar.com\/avatar\/fd2acc62ed50732923d1d39c17172c9b04149f142be92310ecc69e1358f94b52?s=96&d=mm&r=g","caption":"Med Ahmed"},"url":"https:\/\/lequotidien.mr\/?author=12"}]}},"_links":{"self":[{"href":"https:\/\/lequotidien.mr\/index.php?rest_route=\/wp\/v2\/posts\/30037","targetHints":{"allow":["GET"]}}],"collection":[{"href":"https:\/\/lequotidien.mr\/index.php?rest_route=\/wp\/v2\/posts"}],"about":[{"href":"https:\/\/lequotidien.mr\/index.php?rest_route=\/wp\/v2\/types\/post"}],"author":[{"embeddable":true,"href":"https:\/\/lequotidien.mr\/index.php?rest_route=\/wp\/v2\/users\/12"}],"replies":[{"embeddable":true,"href":"https:\/\/lequotidien.mr\/index.php?rest_route=%2Fwp%2Fv2%2Fcomments&post=30037"}],"version-history":[{"count":1,"href":"https:\/\/lequotidien.mr\/index.php?rest_route=\/wp\/v2\/posts\/30037\/revisions"}],"predecessor-version":[{"id":30039,"href":"https:\/\/lequotidien.mr\/index.php?rest_route=\/wp\/v2\/posts\/30037\/revisions\/30039"}],"wp:featuredmedia":[{"embeddable":true,"href":"https:\/\/lequotidien.mr\/index.php?rest_route=\/wp\/v2\/media\/30038"}],"wp:attachment":[{"href":"https:\/\/lequotidien.mr\/index.php?rest_route=%2Fwp%2Fv2%2Fmedia&parent=30037"}],"wp:term":[{"taxonomy":"category","embeddable":true,"href":"https:\/\/lequotidien.mr\/index.php?rest_route=%2Fwp%2Fv2%2Fcategories&post=30037"},{"taxonomy":"post_tag","embeddable":true,"href":"https:\/\/lequotidien.mr\/index.php?rest_route=%2Fwp%2Fv2%2Ftags&post=30037"}],"curies":[{"name":"wp","href":"https:\/\/api.w.org\/{rel}","templated":true}]}}