{"id":30034,"date":"2025-08-12T23:34:18","date_gmt":"2025-08-12T23:34:18","guid":{"rendered":"https:\/\/lequotidien.mr\/?p=30034"},"modified":"2025-08-12T23:34:18","modified_gmt":"2025-08-12T23:34:18","slug":"lancement-officiel-de-la-saison-touristique-cotiere-2025-sous-legide-de-la-premiere-dame","status":"publish","type":"post","link":"https:\/\/lequotidien.mr\/?p=30034&lang=fr","title":{"rendered":"Lancement officiel de la saison touristique c\u00f4ti\u00e8re 2025 sous l&#8217;\u00e9gide de la Premi\u00e8re Dame"},"content":{"rendered":"<p>La Premi\u00e8re Dame de Mauritanie, Dr Mariem Dah, a pr\u00e9sid\u00e9 ce dimanche la c\u00e9r\u00e9monie solennelle de lancement de la saison touristique c\u00f4ti\u00e8re 2025. Plac\u00e9e sous le th\u00e8me \u00e9vocateur &#8220;La C\u00f4te\u2026 Berceau de la nature et espace de d\u00e9couverte&#8221;, cette initiative du minist\u00e8re du Commerce et du Tourisme incarne la vision strat\u00e9gique du Pr\u00e9sident Mohamed Cheikh El Ghazouani pour faire du tourisme un levier de d\u00e9veloppement local et d&#8217;inclusion sociale.<\/p>\n<p><strong>Une c\u00e9l\u00e9bration du patrimoine littoral<\/strong><\/p>\n<p>L&#8217;\u00e9v\u00e9nement au Palais des Congr\u00e8s de Nouakchott a transform\u00e9 l&#8217;espace en vitrine des richesses c\u00f4ti\u00e8res :<\/p>\n<p><strong>Exposition immersive<\/strong>\u00a0: 16 stands pr\u00e9sentant l&#8217;artisanat traditionnel, les r\u00e9serves du Banc d&#8217;Arguin et du Diawling, et les travaux de l&#8217;Institut de recherches oc\u00e9anographiques\u00a0;<\/p>\n<p><strong>Spectacle vivant<\/strong>\u00a0: Parades \u00e9questres, d\u00e9fil\u00e9 de dromadaires et animations folkloriques\u00a0;<\/p>\n<p><strong>Projections<\/strong>\u00a0: Films documentaires d\u00e9voilant le potentiel du littoral mauritanien<\/p>\n<p>Dans son allocution, la ministre Zeinebou Ahmednah a soulign\u00e9 :\u00a0<em>&#8220;Sur ces rives o\u00f9 le parfum de l&#8217;histoire rencontre la brise marine, nous annon\u00e7ons d&#8217;une seule voix l&#8217;ouverture sur des tr\u00e9sors naturels uniques. Notre littoral, de Nouadhibou \u00e0 Ndiago, est un registre ouvert de merveilles : eaux pures, plages vierges et biodiversit\u00e9 exceptionnelle.&#8221;<\/em><\/p>\n<p>Plusieurs officiels ont rappel\u00e9 l&#8217;ancrage politique de cet \u00e9v\u00e9nement :<\/p>\n<p><strong>Mme Ahmednah<\/strong>\u00a0: <em>&#8220;Cette saison concr\u00e9tise la vision du Pr\u00e9sident Ghazouani qui appelle les Mauritaniens \u00e0 red\u00e9couvrir leurs terroirs et \u00e0 faire de nos plages des destinations de vacances&#8221; ;<\/em><\/p>\n<p><strong>M. Houssein Meddou<\/strong>(Ministre de la Culture) : <em>&#8220;La pr\u00e9sence de la Premi\u00e8re Dame constitue le plus grand soutien symbolique \u00e0 notre politique touristique&#8221; ;<\/em><\/p>\n<p><strong>M. Mohamed Zeine El Abidine<\/strong>(Patronat) : <em>&#8220;La Mauritanie dispose de 750 km de c\u00f4te dor\u00e9e avec des ressources uniques. Nos investissements ont d\u00e9j\u00e0 cr\u00e9\u00e9 121 unit\u00e9s h\u00f4teli\u00e8res et 752 restaurants&#8221;.<\/em><\/p>\n<p><strong>Impacts \u00e9conomiques et sociaux<\/strong><\/p>\n<p>Les intervenants ont insist\u00e9 sur les retomb\u00e9es transversales :<\/p>\n<p><strong>Fatimetou Abdel Maleck<\/strong>\u00a0(Pr\u00e9sidente de la R\u00e9gion de Nouakchott) : <em>&#8220;Le tourisme stimule l&#8217;entrepreneuriat et cr\u00e9e des emplois pour les jeunes et les femmes, tout en revitalisant l&#8217;artisanat et les services locaux&#8221;\u00a0;<\/em><\/p>\n<p><strong>Taleb Mahjoub<\/strong>\u00a0(Maire de Tevragh-Zeina) : <em>&#8220;Les r\u00e9gions c\u00f4ti\u00e8res combinent atouts climatiques, patrimoniaux et gastronomiques pour en faire des destinations id\u00e9ales&#8221;\u00a0;<\/em><\/p>\n<p><strong>Chiffres cl\u00e9s<\/strong>\u00a0: Annulation de 21,000 billets pour l&#8217;\u00e9tranger suite \u00e0 l&#8217;appel au tourisme int\u00e9rieur, cr\u00e9ations de &#8220;dizaines de milliers d&#8217;emplois&#8221;.<\/p>\n<p><strong>Perspectives diplomatiques<\/strong><\/p>\n<p>M. Meddou a lanc\u00e9 un appel aux ambassadeurs <em>: &#8220;Explorez nos c\u00f4tes et faites conna\u00eetre aux investisseurs les opportunit\u00e9s du secteur touristique mauritanien&#8221;.<\/em><\/p>\n<p>La c\u00e9r\u00e9monie, tenue en pr\u00e9sence de membres du gouvernement, du wali de Nouakchott Ouest et du corps diplomatique, a confirm\u00e9 l&#8217;engagement de l&#8217;\u00c9tat \u00e0 transformer le littoral en vecteur d&#8217;identit\u00e9 nationale et de prosp\u00e9rit\u00e9 partag\u00e9e.<\/p>\n","protected":false},"excerpt":{"rendered":"<p>La Premi\u00e8re Dame de Mauritanie, Dr Mariem Dah, a pr\u00e9sid\u00e9 ce dimanche la c\u00e9r\u00e9monie solennelle de lancement de la saison touristique c\u00f4ti\u00e8re 2025. Plac\u00e9e sous le th\u00e8me \u00e9vocateur &#8220;La C\u00f4te\u2026 Berceau de la nature et espace de d\u00e9couverte&#8221;, cette initiative du minist\u00e8re du Commerce et du Tourisme incarne la vision strat\u00e9gique du Pr\u00e9sident Mohamed Cheikh&#8230;..<\/p>\n","protected":false},"author":12,"featured_media":30035,"comment_status":"open","ping_status":"open","sticky":false,"template":"","format":"standard","meta":{"footnotes":""},"categories":[23,55],"tags":[],"class_list":["post-30034","post","type-post","status-publish","format-standard","has-post-thumbnail","hentry","category-actualite","category-culture"],"yoast_head":"<!-- This site is optimized with the Yoast SEO plugin v27.5 - https:\/\/yoast.com\/product\/yoast-seo-wordpress\/ -->\n<title>Lancement officiel de la saison touristique c\u00f4ti\u00e8re 2025 sous l&#039;\u00e9gide de la Premi\u00e8re Dame - Le Quotidien de Nouakchott<\/title>\n<meta name=\"robots\" content=\"index, follow, max-snippet:-1, max-image-preview:large, max-video-preview:-1\" \/>\n<link rel=\"canonical\" href=\"https:\/\/lequotidien.mr\/?p=30034&lang=fr\" \/>\n<meta property=\"og:locale\" content=\"ar_AR\" \/>\n<meta property=\"og:type\" content=\"article\" \/>\n<meta property=\"og:title\" content=\"Lancement officiel de la saison touristique c\u00f4ti\u00e8re 2025 sous l&#039;\u00e9gide de la Premi\u00e8re Dame - Le Quotidien de Nouakchott\" \/>\n<meta property=\"og:description\" content=\"La Premi\u00e8re Dame de Mauritanie, Dr Mariem Dah, a pr\u00e9sid\u00e9 ce dimanche la c\u00e9r\u00e9monie solennelle de lancement de la saison touristique c\u00f4ti\u00e8re 2025. Plac\u00e9e sous le th\u00e8me \u00e9vocateur &#8220;La C\u00f4te\u2026 Berceau de la nature et espace de d\u00e9couverte&#8221;, cette initiative du minist\u00e8re du Commerce et du Tourisme incarne la vision strat\u00e9gique du Pr\u00e9sident Mohamed Cheikh.....\" \/>\n<meta property=\"og:url\" content=\"https:\/\/lequotidien.mr\/?p=30034&amp;lang=fr\" \/>\n<meta property=\"og:site_name\" content=\"Le Quotidien de Nouakchott\" \/>\n<meta property=\"article:publisher\" content=\"https:\/\/web.facebook.com\/lequotidienmr\" \/>\n<meta property=\"article:published_time\" content=\"2025-08-12T23:34:18+00:00\" \/>\n<meta property=\"og:image\" content=\"https:\/\/lequotidien.mr\/wp-content\/uploads\/2025\/08\/cotes-RIM.jpeg\" \/>\n\t<meta property=\"og:image:width\" content=\"640\" \/>\n\t<meta property=\"og:image:height\" content=\"199\" \/>\n\t<meta property=\"og:image:type\" content=\"image\/jpeg\" \/>\n<meta name=\"author\" content=\"Med Ahmed\" \/>\n<meta name=\"twitter:card\" content=\"summary_large_image\" \/>\n<meta name=\"twitter:creator\" content=\"@lequotidienmr\" \/>\n<meta name=\"twitter:site\" content=\"@lequotidienmr\" \/>\n<meta name=\"twitter:label1\" content=\"\u0643\u064f\u062a\u0628 \u0628\u0648\u0627\u0633\u0637\u0629\" \/>\n\t<meta name=\"twitter:data1\" content=\"Med Ahmed\" \/>\n\t<meta name=\"twitter:label2\" content=\"\u0648\u0642\u062a \u0627\u0644\u0642\u0631\u0627\u0621\u0629 \u0627\u0644\u0645\u064f\u0642\u062f\u0651\u0631\" \/>\n\t<meta name=\"twitter:data2\" content=\"3 \u062f\u0642\u0627\u0626\u0642\" \/>\n<script type=\"application\/ld+json\" class=\"yoast-schema-graph\">{\"@context\":\"https:\\\/\\\/schema.org\",\"@graph\":[{\"@type\":\"Article\",\"@id\":\"https:\\\/\\\/lequotidien.mr\\\/?p=30034&lang=fr#article\",\"isPartOf\":{\"@id\":\"https:\\\/\\\/lequotidien.mr\\\/?p=30034&lang=fr\"},\"author\":{\"name\":\"Med Ahmed\",\"@id\":\"https:\\\/\\\/lequotidien.mr\\\/#\\\/schema\\\/person\\\/d2d350202a4d599685ed8abc25f97596\"},\"headline\":\"Lancement officiel de la saison touristique c\u00f4ti\u00e8re 2025 sous l&#8217;\u00e9gide de la Premi\u00e8re Dame\",\"datePublished\":\"2025-08-12T23:34:18+00:00\",\"mainEntityOfPage\":{\"@id\":\"https:\\\/\\\/lequotidien.mr\\\/?p=30034&lang=fr\"},\"wordCount\":495,\"commentCount\":0,\"publisher\":{\"@id\":\"https:\\\/\\\/lequotidien.mr\\\/#organization\"},\"image\":{\"@id\":\"https:\\\/\\\/lequotidien.mr\\\/?p=30034&lang=fr#primaryimage\"},\"thumbnailUrl\":\"https:\\\/\\\/lequotidien.mr\\\/wp-content\\\/uploads\\\/2025\\\/08\\\/cotes-RIM.jpeg\",\"articleSection\":[\"ACTUALIT\u00c9\",\"Culture\"],\"inLanguage\":\"ar\",\"potentialAction\":[{\"@type\":\"CommentAction\",\"name\":\"Comment\",\"target\":[\"https:\\\/\\\/lequotidien.mr\\\/?p=30034&lang=fr#respond\"]}]},{\"@type\":\"WebPage\",\"@id\":\"https:\\\/\\\/lequotidien.mr\\\/?p=30034&lang=fr\",\"url\":\"https:\\\/\\\/lequotidien.mr\\\/?p=30034&lang=fr\",\"name\":\"Lancement officiel de la saison touristique c\u00f4ti\u00e8re 2025 sous l'\u00e9gide de la Premi\u00e8re Dame - Le Quotidien de Nouakchott\",\"isPartOf\":{\"@id\":\"https:\\\/\\\/lequotidien.mr\\\/#website\"},\"primaryImageOfPage\":{\"@id\":\"https:\\\/\\\/lequotidien.mr\\\/?p=30034&lang=fr#primaryimage\"},\"image\":{\"@id\":\"https:\\\/\\\/lequotidien.mr\\\/?p=30034&lang=fr#primaryimage\"},\"thumbnailUrl\":\"https:\\\/\\\/lequotidien.mr\\\/wp-content\\\/uploads\\\/2025\\\/08\\\/cotes-RIM.jpeg\",\"datePublished\":\"2025-08-12T23:34:18+00:00\",\"breadcrumb\":{\"@id\":\"https:\\\/\\\/lequotidien.mr\\\/?p=30034&lang=fr#breadcrumb\"},\"inLanguage\":\"ar\",\"potentialAction\":[{\"@type\":\"ReadAction\",\"target\":[\"https:\\\/\\\/lequotidien.mr\\\/?p=30034&lang=fr\"]}]},{\"@type\":\"ImageObject\",\"inLanguage\":\"ar\",\"@id\":\"https:\\\/\\\/lequotidien.mr\\\/?p=30034&lang=fr#primaryimage\",\"url\":\"https:\\\/\\\/lequotidien.mr\\\/wp-content\\\/uploads\\\/2025\\\/08\\\/cotes-RIM.jpeg\",\"contentUrl\":\"https:\\\/\\\/lequotidien.mr\\\/wp-content\\\/uploads\\\/2025\\\/08\\\/cotes-RIM.jpeg\",\"width\":640,\"height\":199},{\"@type\":\"BreadcrumbList\",\"@id\":\"https:\\\/\\\/lequotidien.mr\\\/?p=30034&lang=fr#breadcrumb\",\"itemListElement\":[{\"@type\":\"ListItem\",\"position\":1,\"name\":\"Home\",\"item\":\"https:\\\/\\\/lequotidien.mr\\\/\"},{\"@type\":\"ListItem\",\"position\":2,\"name\":\"Lancement officiel de la saison touristique c\u00f4ti\u00e8re 2025 sous l&rsquo;\u00e9gide de la Premi\u00e8re Dame\"}]},{\"@type\":\"WebSite\",\"@id\":\"https:\\\/\\\/lequotidien.mr\\\/#website\",\"url\":\"https:\\\/\\\/lequotidien.mr\\\/\",\"name\":\"Le Quotidien de Nouakchott\",\"description\":\"\u0625\u062e\u0628\u0627\u0631\u064a\u0629 \u0645\u0633\u062a\u0642\u0644\u0629 \u0644\u0644\u0623\u0646\u0628\u0627\u0621 \u0627\u0644\u0639\u0627\u0645\u0629\",\"publisher\":{\"@id\":\"https:\\\/\\\/lequotidien.mr\\\/#organization\"},\"potentialAction\":[{\"@type\":\"SearchAction\",\"target\":{\"@type\":\"EntryPoint\",\"urlTemplate\":\"https:\\\/\\\/lequotidien.mr\\\/?s={search_term_string}\"},\"query-input\":{\"@type\":\"PropertyValueSpecification\",\"valueRequired\":true,\"valueName\":\"search_term_string\"}}],\"inLanguage\":\"ar\"},{\"@type\":\"Organization\",\"@id\":\"https:\\\/\\\/lequotidien.mr\\\/#organization\",\"name\":\"Le Quotidien de Nouakchott\",\"url\":\"https:\\\/\\\/lequotidien.mr\\\/\",\"logo\":{\"@type\":\"ImageObject\",\"inLanguage\":\"ar\",\"@id\":\"https:\\\/\\\/lequotidien.mr\\\/#\\\/schema\\\/logo\\\/image\\\/\",\"url\":\"https:\\\/\\\/lequotidien.mr\\\/wp-content\\\/uploads\\\/2022\\\/11\\\/logolequotidien.jpg\",\"contentUrl\":\"https:\\\/\\\/lequotidien.mr\\\/wp-content\\\/uploads\\\/2022\\\/11\\\/logolequotidien.jpg\",\"width\":290,\"height\":65,\"caption\":\"Le Quotidien de Nouakchott\"},\"image\":{\"@id\":\"https:\\\/\\\/lequotidien.mr\\\/#\\\/schema\\\/logo\\\/image\\\/\"},\"sameAs\":[\"https:\\\/\\\/web.facebook.com\\\/lequotidienmr\",\"https:\\\/\\\/x.com\\\/lequotidienmr\"]},{\"@type\":\"Person\",\"@id\":\"https:\\\/\\\/lequotidien.mr\\\/#\\\/schema\\\/person\\\/d2d350202a4d599685ed8abc25f97596\",\"name\":\"Med Ahmed\",\"image\":{\"@type\":\"ImageObject\",\"inLanguage\":\"ar\",\"@id\":\"https:\\\/\\\/secure.gravatar.com\\\/avatar\\\/fd2acc62ed50732923d1d39c17172c9b04149f142be92310ecc69e1358f94b52?s=96&d=mm&r=g\",\"url\":\"https:\\\/\\\/secure.gravatar.com\\\/avatar\\\/fd2acc62ed50732923d1d39c17172c9b04149f142be92310ecc69e1358f94b52?s=96&d=mm&r=g\",\"contentUrl\":\"https:\\\/\\\/secure.gravatar.com\\\/avatar\\\/fd2acc62ed50732923d1d39c17172c9b04149f142be92310ecc69e1358f94b52?s=96&d=mm&r=g\",\"caption\":\"Med Ahmed\"},\"url\":\"https:\\\/\\\/lequotidien.mr\\\/?author=12\"}]}<\/script>\n<!-- \/ Yoast SEO plugin. -->","yoast_head_json":{"title":"Lancement officiel de la saison touristique c\u00f4ti\u00e8re 2025 sous l'\u00e9gide de la Premi\u00e8re Dame - Le Quotidien de Nouakchott","robots":{"index":"index","follow":"follow","max-snippet":"max-snippet:-1","max-image-preview":"max-image-preview:large","max-video-preview":"max-video-preview:-1"},"canonical":"https:\/\/lequotidien.mr\/?p=30034&lang=fr","og_locale":"ar_AR","og_type":"article","og_title":"Lancement officiel de la saison touristique c\u00f4ti\u00e8re 2025 sous l'\u00e9gide de la Premi\u00e8re Dame - Le Quotidien de Nouakchott","og_description":"La Premi\u00e8re Dame de Mauritanie, Dr Mariem Dah, a pr\u00e9sid\u00e9 ce dimanche la c\u00e9r\u00e9monie solennelle de lancement de la saison touristique c\u00f4ti\u00e8re 2025. Plac\u00e9e sous le th\u00e8me \u00e9vocateur &#8220;La C\u00f4te\u2026 Berceau de la nature et espace de d\u00e9couverte&#8221;, cette initiative du minist\u00e8re du Commerce et du Tourisme incarne la vision strat\u00e9gique du Pr\u00e9sident Mohamed Cheikh.....","og_url":"https:\/\/lequotidien.mr\/?p=30034&lang=fr","og_site_name":"Le Quotidien de Nouakchott","article_publisher":"https:\/\/web.facebook.com\/lequotidienmr","article_published_time":"2025-08-12T23:34:18+00:00","og_image":[{"width":640,"height":199,"url":"https:\/\/lequotidien.mr\/wp-content\/uploads\/2025\/08\/cotes-RIM.jpeg","type":"image\/jpeg"}],"author":"Med Ahmed","twitter_card":"summary_large_image","twitter_creator":"@lequotidienmr","twitter_site":"@lequotidienmr","twitter_misc":{"\u0643\u064f\u062a\u0628 \u0628\u0648\u0627\u0633\u0637\u0629":"Med Ahmed","\u0648\u0642\u062a \u0627\u0644\u0642\u0631\u0627\u0621\u0629 \u0627\u0644\u0645\u064f\u0642\u062f\u0651\u0631":"3 \u062f\u0642\u0627\u0626\u0642"},"schema":{"@context":"https:\/\/schema.org","@graph":[{"@type":"Article","@id":"https:\/\/lequotidien.mr\/?p=30034&lang=fr#article","isPartOf":{"@id":"https:\/\/lequotidien.mr\/?p=30034&lang=fr"},"author":{"name":"Med Ahmed","@id":"https:\/\/lequotidien.mr\/#\/schema\/person\/d2d350202a4d599685ed8abc25f97596"},"headline":"Lancement officiel de la saison touristique c\u00f4ti\u00e8re 2025 sous l&#8217;\u00e9gide de la Premi\u00e8re Dame","datePublished":"2025-08-12T23:34:18+00:00","mainEntityOfPage":{"@id":"https:\/\/lequotidien.mr\/?p=30034&lang=fr"},"wordCount":495,"commentCount":0,"publisher":{"@id":"https:\/\/lequotidien.mr\/#organization"},"image":{"@id":"https:\/\/lequotidien.mr\/?p=30034&lang=fr#primaryimage"},"thumbnailUrl":"https:\/\/lequotidien.mr\/wp-content\/uploads\/2025\/08\/cotes-RIM.jpeg","articleSection":["ACTUALIT\u00c9","Culture"],"inLanguage":"ar","potentialAction":[{"@type":"CommentAction","name":"Comment","target":["https:\/\/lequotidien.mr\/?p=30034&lang=fr#respond"]}]},{"@type":"WebPage","@id":"https:\/\/lequotidien.mr\/?p=30034&lang=fr","url":"https:\/\/lequotidien.mr\/?p=30034&lang=fr","name":"Lancement officiel de la saison touristique c\u00f4ti\u00e8re 2025 sous l'\u00e9gide de la Premi\u00e8re Dame - Le Quotidien de Nouakchott","isPartOf":{"@id":"https:\/\/lequotidien.mr\/#website"},"primaryImageOfPage":{"@id":"https:\/\/lequotidien.mr\/?p=30034&lang=fr#primaryimage"},"image":{"@id":"https:\/\/lequotidien.mr\/?p=30034&lang=fr#primaryimage"},"thumbnailUrl":"https:\/\/lequotidien.mr\/wp-content\/uploads\/2025\/08\/cotes-RIM.jpeg","datePublished":"2025-08-12T23:34:18+00:00","breadcrumb":{"@id":"https:\/\/lequotidien.mr\/?p=30034&lang=fr#breadcrumb"},"inLanguage":"ar","potentialAction":[{"@type":"ReadAction","target":["https:\/\/lequotidien.mr\/?p=30034&lang=fr"]}]},{"@type":"ImageObject","inLanguage":"ar","@id":"https:\/\/lequotidien.mr\/?p=30034&lang=fr#primaryimage","url":"https:\/\/lequotidien.mr\/wp-content\/uploads\/2025\/08\/cotes-RIM.jpeg","contentUrl":"https:\/\/lequotidien.mr\/wp-content\/uploads\/2025\/08\/cotes-RIM.jpeg","width":640,"height":199},{"@type":"BreadcrumbList","@id":"https:\/\/lequotidien.mr\/?p=30034&lang=fr#breadcrumb","itemListElement":[{"@type":"ListItem","position":1,"name":"Home","item":"https:\/\/lequotidien.mr\/"},{"@type":"ListItem","position":2,"name":"Lancement officiel de la saison touristique c\u00f4ti\u00e8re 2025 sous l&rsquo;\u00e9gide de la Premi\u00e8re Dame"}]},{"@type":"WebSite","@id":"https:\/\/lequotidien.mr\/#website","url":"https:\/\/lequotidien.mr\/","name":"Le Quotidien de Nouakchott","description":"\u0625\u062e\u0628\u0627\u0631\u064a\u0629 \u0645\u0633\u062a\u0642\u0644\u0629 \u0644\u0644\u0623\u0646\u0628\u0627\u0621 \u0627\u0644\u0639\u0627\u0645\u0629","publisher":{"@id":"https:\/\/lequotidien.mr\/#organization"},"potentialAction":[{"@type":"SearchAction","target":{"@type":"EntryPoint","urlTemplate":"https:\/\/lequotidien.mr\/?s={search_term_string}"},"query-input":{"@type":"PropertyValueSpecification","valueRequired":true,"valueName":"search_term_string"}}],"inLanguage":"ar"},{"@type":"Organization","@id":"https:\/\/lequotidien.mr\/#organization","name":"Le Quotidien de Nouakchott","url":"https:\/\/lequotidien.mr\/","logo":{"@type":"ImageObject","inLanguage":"ar","@id":"https:\/\/lequotidien.mr\/#\/schema\/logo\/image\/","url":"https:\/\/lequotidien.mr\/wp-content\/uploads\/2022\/11\/logolequotidien.jpg","contentUrl":"https:\/\/lequotidien.mr\/wp-content\/uploads\/2022\/11\/logolequotidien.jpg","width":290,"height":65,"caption":"Le Quotidien de Nouakchott"},"image":{"@id":"https:\/\/lequotidien.mr\/#\/schema\/logo\/image\/"},"sameAs":["https:\/\/web.facebook.com\/lequotidienmr","https:\/\/x.com\/lequotidienmr"]},{"@type":"Person","@id":"https:\/\/lequotidien.mr\/#\/schema\/person\/d2d350202a4d599685ed8abc25f97596","name":"Med Ahmed","image":{"@type":"ImageObject","inLanguage":"ar","@id":"https:\/\/secure.gravatar.com\/avatar\/fd2acc62ed50732923d1d39c17172c9b04149f142be92310ecc69e1358f94b52?s=96&d=mm&r=g","url":"https:\/\/secure.gravatar.com\/avatar\/fd2acc62ed50732923d1d39c17172c9b04149f142be92310ecc69e1358f94b52?s=96&d=mm&r=g","contentUrl":"https:\/\/secure.gravatar.com\/avatar\/fd2acc62ed50732923d1d39c17172c9b04149f142be92310ecc69e1358f94b52?s=96&d=mm&r=g","caption":"Med Ahmed"},"url":"https:\/\/lequotidien.mr\/?author=12"}]}},"_links":{"self":[{"href":"https:\/\/lequotidien.mr\/index.php?rest_route=\/wp\/v2\/posts\/30034","targetHints":{"allow":["GET"]}}],"collection":[{"href":"https:\/\/lequotidien.mr\/index.php?rest_route=\/wp\/v2\/posts"}],"about":[{"href":"https:\/\/lequotidien.mr\/index.php?rest_route=\/wp\/v2\/types\/post"}],"author":[{"embeddable":true,"href":"https:\/\/lequotidien.mr\/index.php?rest_route=\/wp\/v2\/users\/12"}],"replies":[{"embeddable":true,"href":"https:\/\/lequotidien.mr\/index.php?rest_route=%2Fwp%2Fv2%2Fcomments&post=30034"}],"version-history":[{"count":1,"href":"https:\/\/lequotidien.mr\/index.php?rest_route=\/wp\/v2\/posts\/30034\/revisions"}],"predecessor-version":[{"id":30036,"href":"https:\/\/lequotidien.mr\/index.php?rest_route=\/wp\/v2\/posts\/30034\/revisions\/30036"}],"wp:featuredmedia":[{"embeddable":true,"href":"https:\/\/lequotidien.mr\/index.php?rest_route=\/wp\/v2\/media\/30035"}],"wp:attachment":[{"href":"https:\/\/lequotidien.mr\/index.php?rest_route=%2Fwp%2Fv2%2Fmedia&parent=30034"}],"wp:term":[{"taxonomy":"category","embeddable":true,"href":"https:\/\/lequotidien.mr\/index.php?rest_route=%2Fwp%2Fv2%2Fcategories&post=30034"},{"taxonomy":"post_tag","embeddable":true,"href":"https:\/\/lequotidien.mr\/index.php?rest_route=%2Fwp%2Fv2%2Ftags&post=30034"}],"curies":[{"name":"wp","href":"https:\/\/api.w.org\/{rel}","templated":true}]}}