{"id":30031,"date":"2025-08-12T23:03:00","date_gmt":"2025-08-12T23:03:00","guid":{"rendered":"https:\/\/lequotidien.mr\/?p=30031"},"modified":"2025-08-12T23:03:00","modified_gmt":"2025-08-12T23:03:00","slug":"tourisme-signature-dun-accord-entre-le-ministere-du-tourisme-et-celui-de-leducation-pour-le-voyage-des-meilleurs-eleves-a-la-decouverte-de-la-mauritanie","status":"publish","type":"post","link":"https:\/\/lequotidien.mr\/?p=30031&lang=fr","title":{"rendered":"Tourisme : Signature d&#8217;un accord entre le minist\u00e8re du Tourisme et celui de l\u2019Education pour le &#8220;Voyage des meilleurs \u00e9l\u00e8ves \u00e0 la d\u00e9couverte de la Mauritanie&#8221;"},"content":{"rendered":"<p>En marge du lancement de la saison touristique c\u00f4ti\u00e8re 2025, la ministre du Commerce et du Tourisme, Mme Zeinebou Ahmednah, et la ministre de l&#8217;\u00c9ducation et de la R\u00e9forme du syst\u00e8me d&#8217;Enseignement, Mme Houda Babah, ont scell\u00e9 dimanche \u00e0 Nouakchott un partenariat strat\u00e9gique. L&#8217;accord officialise la cr\u00e9ation du programme national de colonies de vacances &#8220;Voyage des meilleurs \u00e9l\u00e8ves pour d\u00e9couvrir la patrie&#8221;, r\u00e9pondant aux directives du Pr\u00e9sident Mohamed Cheikh El Ghazouani.<\/p>\n<p>Ce programme innovant offrira aux \u00e9l\u00e8ves m\u00e9ritants de toutes les wilayas l&#8217;opportunit\u00e9 d&#8217;explorer les richesses de leur pays \u00e0 travers des circuits organis\u00e9s. Les b\u00e9n\u00e9ficiaires d\u00e9couvriront :<\/p>\n<p><strong>-Les sites culturels et historiques embl\u00e9matiques\u00a0;<\/strong><\/p>\n<p><strong>-Les paysages naturels remarquables\u00a0;<\/strong><\/p>\n<p><strong>-Les p\u00f4les touristiques r\u00e9gionaux<\/strong><\/p>\n<p><em>&#8220;Ce voyage \u00e9ducatif vise \u00e0 ancrer l&#8217;amour de la patrie dans le c\u0153ur des nouvelles g\u00e9n\u00e9rations tout en \u00e9largissant leurs horizons culturels&#8221;<\/em>, a soulign\u00e9 Mme Babah lors de la c\u00e9r\u00e9monie.<\/p>\n<p>L&#8217;initiative s&#8217;inscrit dans la vision du Pr\u00e9sident El Ghazouani qui place au c\u0153ur de sa politique :<\/p>\n<p><strong>-Le renforcement des valeurs citoyennes chez les jeunes\u00a0;<\/strong><\/p>\n<p><strong>-La promotion du tourisme int\u00e9rieur\u00a0;<\/strong><\/p>\n<p><strong>-La valorisation du potentiel des r\u00e9gions<\/strong><\/p>\n<p>&#8220;Nous mat\u00e9rialisons ainsi la volont\u00e9 du Chef de l&#8217;\u00c9tat d&#8217;inciter nos concitoyens, particuli\u00e8rement les jeunes, \u00e0 explorer les tr\u00e9sors de notre territoire&#8221;, a d\u00e9clar\u00e9 Mme Ahmednah, rappelant que ce programme &#8220;stimulera \u00e9galement l&#8217;\u00e9conomie locale dans les wilayas de l&#8217;int\u00e9rieur&#8221;.<\/p>\n<p>Les deux minist\u00e8res coordonneront d\u00e9sormais :<\/p>\n<p><strong>-La s\u00e9lection des \u00e9l\u00e8ves m\u00e9ritants sur crit\u00e8res acad\u00e9miques\u00a0;<\/strong><\/p>\n<p><strong>-L&#8217;\u00e9laboration des circuits p\u00e9dagogiques interr\u00e9gionaux\u00a0;<\/strong><\/p>\n<p><strong>-Le calendrier des s\u00e9jours pour 2025-2026<\/strong><\/p>\n<p>Ce partenariat interminist\u00e9riel in\u00e9dit marque une \u00e9tape cruciale dans la politique \u00e9ducative et touristique du pays, transformant les d\u00e9couvertes patrimoniales en leviers d&#8217;apprentissage et de coh\u00e9sion nationale. Les premiers d\u00e9parts sont attendus d\u00e8s les prochaines vacances scolaires.<\/p>\n<p>&nbsp;<\/p>\n","protected":false},"excerpt":{"rendered":"<p>En marge du lancement de la saison touristique c\u00f4ti\u00e8re 2025, la ministre du Commerce et du Tourisme, Mme Zeinebou Ahmednah, et la ministre de l&#8217;\u00c9ducation et de la R\u00e9forme du syst\u00e8me d&#8217;Enseignement, Mme Houda Babah, ont scell\u00e9 dimanche \u00e0 Nouakchott un partenariat strat\u00e9gique. L&#8217;accord officialise la cr\u00e9ation du programme national de colonies de vacances &#8220;Voyage&#8230;..<\/p>\n","protected":false},"author":12,"featured_media":30032,"comment_status":"open","ping_status":"open","sticky":false,"template":"","format":"standard","meta":{"footnotes":""},"categories":[23,55],"tags":[],"class_list":["post-30031","post","type-post","status-publish","format-standard","has-post-thumbnail","hentry","category-actualite","category-culture"],"yoast_head":"<!-- This site is optimized with the Yoast SEO plugin v27.5 - https:\/\/yoast.com\/product\/yoast-seo-wordpress\/ -->\n<title>Tourisme : Signature d&#039;un accord entre le minist\u00e8re du Tourisme et celui de l\u2019Education pour le &quot;Voyage des meilleurs \u00e9l\u00e8ves \u00e0 la d\u00e9couverte de la Mauritanie&quot; - Le Quotidien de Nouakchott<\/title>\n<meta name=\"robots\" content=\"index, follow, max-snippet:-1, max-image-preview:large, max-video-preview:-1\" \/>\n<link rel=\"canonical\" href=\"https:\/\/lequotidien.mr\/?p=30031&lang=fr\" \/>\n<meta property=\"og:locale\" content=\"ar_AR\" \/>\n<meta property=\"og:type\" content=\"article\" \/>\n<meta property=\"og:title\" content=\"Tourisme : Signature d&#039;un accord entre le minist\u00e8re du Tourisme et celui de l\u2019Education pour le &quot;Voyage des meilleurs \u00e9l\u00e8ves \u00e0 la d\u00e9couverte de la Mauritanie&quot; - Le Quotidien de Nouakchott\" \/>\n<meta property=\"og:description\" content=\"En marge du lancement de la saison touristique c\u00f4ti\u00e8re 2025, la ministre du Commerce et du Tourisme, Mme Zeinebou Ahmednah, et la ministre de l&#8217;\u00c9ducation et de la R\u00e9forme du syst\u00e8me d&#8217;Enseignement, Mme Houda Babah, ont scell\u00e9 dimanche \u00e0 Nouakchott un partenariat strat\u00e9gique. L&#8217;accord officialise la cr\u00e9ation du programme national de colonies de vacances &#8220;Voyage.....\" \/>\n<meta property=\"og:url\" content=\"https:\/\/lequotidien.mr\/?p=30031&amp;lang=fr\" \/>\n<meta property=\"og:site_name\" content=\"Le Quotidien de Nouakchott\" \/>\n<meta property=\"article:publisher\" content=\"https:\/\/web.facebook.com\/lequotidienmr\" \/>\n<meta property=\"article:published_time\" content=\"2025-08-12T23:03:00+00:00\" \/>\n<meta property=\"og:image\" content=\"https:\/\/lequotidien.mr\/wp-content\/uploads\/2025\/08\/photo-coloonie-vacances.jpg\" \/>\n\t<meta property=\"og:image:width\" content=\"750\" \/>\n\t<meta property=\"og:image:height\" content=\"430\" \/>\n\t<meta property=\"og:image:type\" content=\"image\/jpeg\" \/>\n<meta name=\"author\" content=\"Med Ahmed\" \/>\n<meta name=\"twitter:card\" content=\"summary_large_image\" \/>\n<meta name=\"twitter:creator\" content=\"@lequotidienmr\" \/>\n<meta name=\"twitter:site\" content=\"@lequotidienmr\" \/>\n<meta name=\"twitter:label1\" content=\"\u0643\u064f\u062a\u0628 \u0628\u0648\u0627\u0633\u0637\u0629\" \/>\n\t<meta name=\"twitter:data1\" content=\"Med Ahmed\" \/>\n\t<meta name=\"twitter:label2\" content=\"\u0648\u0642\u062a \u0627\u0644\u0642\u0631\u0627\u0621\u0629 \u0627\u0644\u0645\u064f\u0642\u062f\u0651\u0631\" \/>\n\t<meta name=\"twitter:data2\" content=\"3 \u062f\u0642\u0627\u0626\u0642\" \/>\n<script type=\"application\/ld+json\" class=\"yoast-schema-graph\">{\"@context\":\"https:\\\/\\\/schema.org\",\"@graph\":[{\"@type\":\"Article\",\"@id\":\"https:\\\/\\\/lequotidien.mr\\\/?p=30031&lang=fr#article\",\"isPartOf\":{\"@id\":\"https:\\\/\\\/lequotidien.mr\\\/?p=30031&lang=fr\"},\"author\":{\"name\":\"Med Ahmed\",\"@id\":\"https:\\\/\\\/lequotidien.mr\\\/#\\\/schema\\\/person\\\/d2d350202a4d599685ed8abc25f97596\"},\"headline\":\"Tourisme : Signature d&#8217;un accord entre le minist\u00e8re du Tourisme et celui de l\u2019Education pour le &#8220;Voyage des meilleurs \u00e9l\u00e8ves \u00e0 la d\u00e9couverte de la Mauritanie&#8221;\",\"datePublished\":\"2025-08-12T23:03:00+00:00\",\"mainEntityOfPage\":{\"@id\":\"https:\\\/\\\/lequotidien.mr\\\/?p=30031&lang=fr\"},\"wordCount\":364,\"commentCount\":0,\"publisher\":{\"@id\":\"https:\\\/\\\/lequotidien.mr\\\/#organization\"},\"image\":{\"@id\":\"https:\\\/\\\/lequotidien.mr\\\/?p=30031&lang=fr#primaryimage\"},\"thumbnailUrl\":\"https:\\\/\\\/lequotidien.mr\\\/wp-content\\\/uploads\\\/2025\\\/08\\\/photo-coloonie-vacances.jpg\",\"articleSection\":[\"ACTUALIT\u00c9\",\"Culture\"],\"inLanguage\":\"ar\",\"potentialAction\":[{\"@type\":\"CommentAction\",\"name\":\"Comment\",\"target\":[\"https:\\\/\\\/lequotidien.mr\\\/?p=30031&lang=fr#respond\"]}]},{\"@type\":\"WebPage\",\"@id\":\"https:\\\/\\\/lequotidien.mr\\\/?p=30031&lang=fr\",\"url\":\"https:\\\/\\\/lequotidien.mr\\\/?p=30031&lang=fr\",\"name\":\"Tourisme : Signature d'un accord entre le minist\u00e8re du Tourisme et celui de l\u2019Education pour le \\\"Voyage des meilleurs \u00e9l\u00e8ves \u00e0 la d\u00e9couverte de la Mauritanie\\\" - Le Quotidien de Nouakchott\",\"isPartOf\":{\"@id\":\"https:\\\/\\\/lequotidien.mr\\\/#website\"},\"primaryImageOfPage\":{\"@id\":\"https:\\\/\\\/lequotidien.mr\\\/?p=30031&lang=fr#primaryimage\"},\"image\":{\"@id\":\"https:\\\/\\\/lequotidien.mr\\\/?p=30031&lang=fr#primaryimage\"},\"thumbnailUrl\":\"https:\\\/\\\/lequotidien.mr\\\/wp-content\\\/uploads\\\/2025\\\/08\\\/photo-coloonie-vacances.jpg\",\"datePublished\":\"2025-08-12T23:03:00+00:00\",\"breadcrumb\":{\"@id\":\"https:\\\/\\\/lequotidien.mr\\\/?p=30031&lang=fr#breadcrumb\"},\"inLanguage\":\"ar\",\"potentialAction\":[{\"@type\":\"ReadAction\",\"target\":[\"https:\\\/\\\/lequotidien.mr\\\/?p=30031&lang=fr\"]}]},{\"@type\":\"ImageObject\",\"inLanguage\":\"ar\",\"@id\":\"https:\\\/\\\/lequotidien.mr\\\/?p=30031&lang=fr#primaryimage\",\"url\":\"https:\\\/\\\/lequotidien.mr\\\/wp-content\\\/uploads\\\/2025\\\/08\\\/photo-coloonie-vacances.jpg\",\"contentUrl\":\"https:\\\/\\\/lequotidien.mr\\\/wp-content\\\/uploads\\\/2025\\\/08\\\/photo-coloonie-vacances.jpg\",\"width\":750,\"height\":430},{\"@type\":\"BreadcrumbList\",\"@id\":\"https:\\\/\\\/lequotidien.mr\\\/?p=30031&lang=fr#breadcrumb\",\"itemListElement\":[{\"@type\":\"ListItem\",\"position\":1,\"name\":\"Home\",\"item\":\"https:\\\/\\\/lequotidien.mr\\\/\"},{\"@type\":\"ListItem\",\"position\":2,\"name\":\"Tourisme : Signature d&rsquo;un accord entre le minist\u00e8re du Tourisme et celui de l\u2019Education pour le \u00ab\u00a0Voyage des meilleurs \u00e9l\u00e8ves \u00e0 la d\u00e9couverte de la Mauritanie\u00a0\u00bb\"}]},{\"@type\":\"WebSite\",\"@id\":\"https:\\\/\\\/lequotidien.mr\\\/#website\",\"url\":\"https:\\\/\\\/lequotidien.mr\\\/\",\"name\":\"Le Quotidien de Nouakchott\",\"description\":\"\u0625\u062e\u0628\u0627\u0631\u064a\u0629 \u0645\u0633\u062a\u0642\u0644\u0629 \u0644\u0644\u0623\u0646\u0628\u0627\u0621 \u0627\u0644\u0639\u0627\u0645\u0629\",\"publisher\":{\"@id\":\"https:\\\/\\\/lequotidien.mr\\\/#organization\"},\"potentialAction\":[{\"@type\":\"SearchAction\",\"target\":{\"@type\":\"EntryPoint\",\"urlTemplate\":\"https:\\\/\\\/lequotidien.mr\\\/?s={search_term_string}\"},\"query-input\":{\"@type\":\"PropertyValueSpecification\",\"valueRequired\":true,\"valueName\":\"search_term_string\"}}],\"inLanguage\":\"ar\"},{\"@type\":\"Organization\",\"@id\":\"https:\\\/\\\/lequotidien.mr\\\/#organization\",\"name\":\"Le Quotidien de Nouakchott\",\"url\":\"https:\\\/\\\/lequotidien.mr\\\/\",\"logo\":{\"@type\":\"ImageObject\",\"inLanguage\":\"ar\",\"@id\":\"https:\\\/\\\/lequotidien.mr\\\/#\\\/schema\\\/logo\\\/image\\\/\",\"url\":\"https:\\\/\\\/lequotidien.mr\\\/wp-content\\\/uploads\\\/2022\\\/11\\\/logolequotidien.jpg\",\"contentUrl\":\"https:\\\/\\\/lequotidien.mr\\\/wp-content\\\/uploads\\\/2022\\\/11\\\/logolequotidien.jpg\",\"width\":290,\"height\":65,\"caption\":\"Le Quotidien de Nouakchott\"},\"image\":{\"@id\":\"https:\\\/\\\/lequotidien.mr\\\/#\\\/schema\\\/logo\\\/image\\\/\"},\"sameAs\":[\"https:\\\/\\\/web.facebook.com\\\/lequotidienmr\",\"https:\\\/\\\/x.com\\\/lequotidienmr\"]},{\"@type\":\"Person\",\"@id\":\"https:\\\/\\\/lequotidien.mr\\\/#\\\/schema\\\/person\\\/d2d350202a4d599685ed8abc25f97596\",\"name\":\"Med Ahmed\",\"image\":{\"@type\":\"ImageObject\",\"inLanguage\":\"ar\",\"@id\":\"https:\\\/\\\/secure.gravatar.com\\\/avatar\\\/fd2acc62ed50732923d1d39c17172c9b04149f142be92310ecc69e1358f94b52?s=96&d=mm&r=g\",\"url\":\"https:\\\/\\\/secure.gravatar.com\\\/avatar\\\/fd2acc62ed50732923d1d39c17172c9b04149f142be92310ecc69e1358f94b52?s=96&d=mm&r=g\",\"contentUrl\":\"https:\\\/\\\/secure.gravatar.com\\\/avatar\\\/fd2acc62ed50732923d1d39c17172c9b04149f142be92310ecc69e1358f94b52?s=96&d=mm&r=g\",\"caption\":\"Med Ahmed\"},\"url\":\"https:\\\/\\\/lequotidien.mr\\\/?author=12\"}]}<\/script>\n<!-- \/ Yoast SEO plugin. -->","yoast_head_json":{"title":"Tourisme : Signature d'un accord entre le minist\u00e8re du Tourisme et celui de l\u2019Education pour le \"Voyage des meilleurs \u00e9l\u00e8ves \u00e0 la d\u00e9couverte de la Mauritanie\" - Le Quotidien de Nouakchott","robots":{"index":"index","follow":"follow","max-snippet":"max-snippet:-1","max-image-preview":"max-image-preview:large","max-video-preview":"max-video-preview:-1"},"canonical":"https:\/\/lequotidien.mr\/?p=30031&lang=fr","og_locale":"ar_AR","og_type":"article","og_title":"Tourisme : Signature d'un accord entre le minist\u00e8re du Tourisme et celui de l\u2019Education pour le \"Voyage des meilleurs \u00e9l\u00e8ves \u00e0 la d\u00e9couverte de la Mauritanie\" - Le Quotidien de Nouakchott","og_description":"En marge du lancement de la saison touristique c\u00f4ti\u00e8re 2025, la ministre du Commerce et du Tourisme, Mme Zeinebou Ahmednah, et la ministre de l&#8217;\u00c9ducation et de la R\u00e9forme du syst\u00e8me d&#8217;Enseignement, Mme Houda Babah, ont scell\u00e9 dimanche \u00e0 Nouakchott un partenariat strat\u00e9gique. L&#8217;accord officialise la cr\u00e9ation du programme national de colonies de vacances &#8220;Voyage.....","og_url":"https:\/\/lequotidien.mr\/?p=30031&lang=fr","og_site_name":"Le Quotidien de Nouakchott","article_publisher":"https:\/\/web.facebook.com\/lequotidienmr","article_published_time":"2025-08-12T23:03:00+00:00","og_image":[{"width":750,"height":430,"url":"https:\/\/lequotidien.mr\/wp-content\/uploads\/2025\/08\/photo-coloonie-vacances.jpg","type":"image\/jpeg"}],"author":"Med Ahmed","twitter_card":"summary_large_image","twitter_creator":"@lequotidienmr","twitter_site":"@lequotidienmr","twitter_misc":{"\u0643\u064f\u062a\u0628 \u0628\u0648\u0627\u0633\u0637\u0629":"Med Ahmed","\u0648\u0642\u062a \u0627\u0644\u0642\u0631\u0627\u0621\u0629 \u0627\u0644\u0645\u064f\u0642\u062f\u0651\u0631":"3 \u062f\u0642\u0627\u0626\u0642"},"schema":{"@context":"https:\/\/schema.org","@graph":[{"@type":"Article","@id":"https:\/\/lequotidien.mr\/?p=30031&lang=fr#article","isPartOf":{"@id":"https:\/\/lequotidien.mr\/?p=30031&lang=fr"},"author":{"name":"Med Ahmed","@id":"https:\/\/lequotidien.mr\/#\/schema\/person\/d2d350202a4d599685ed8abc25f97596"},"headline":"Tourisme : Signature d&#8217;un accord entre le minist\u00e8re du Tourisme et celui de l\u2019Education pour le &#8220;Voyage des meilleurs \u00e9l\u00e8ves \u00e0 la d\u00e9couverte de la Mauritanie&#8221;","datePublished":"2025-08-12T23:03:00+00:00","mainEntityOfPage":{"@id":"https:\/\/lequotidien.mr\/?p=30031&lang=fr"},"wordCount":364,"commentCount":0,"publisher":{"@id":"https:\/\/lequotidien.mr\/#organization"},"image":{"@id":"https:\/\/lequotidien.mr\/?p=30031&lang=fr#primaryimage"},"thumbnailUrl":"https:\/\/lequotidien.mr\/wp-content\/uploads\/2025\/08\/photo-coloonie-vacances.jpg","articleSection":["ACTUALIT\u00c9","Culture"],"inLanguage":"ar","potentialAction":[{"@type":"CommentAction","name":"Comment","target":["https:\/\/lequotidien.mr\/?p=30031&lang=fr#respond"]}]},{"@type":"WebPage","@id":"https:\/\/lequotidien.mr\/?p=30031&lang=fr","url":"https:\/\/lequotidien.mr\/?p=30031&lang=fr","name":"Tourisme : Signature d'un accord entre le minist\u00e8re du Tourisme et celui de l\u2019Education pour le \"Voyage des meilleurs \u00e9l\u00e8ves \u00e0 la d\u00e9couverte de la Mauritanie\" - Le Quotidien de Nouakchott","isPartOf":{"@id":"https:\/\/lequotidien.mr\/#website"},"primaryImageOfPage":{"@id":"https:\/\/lequotidien.mr\/?p=30031&lang=fr#primaryimage"},"image":{"@id":"https:\/\/lequotidien.mr\/?p=30031&lang=fr#primaryimage"},"thumbnailUrl":"https:\/\/lequotidien.mr\/wp-content\/uploads\/2025\/08\/photo-coloonie-vacances.jpg","datePublished":"2025-08-12T23:03:00+00:00","breadcrumb":{"@id":"https:\/\/lequotidien.mr\/?p=30031&lang=fr#breadcrumb"},"inLanguage":"ar","potentialAction":[{"@type":"ReadAction","target":["https:\/\/lequotidien.mr\/?p=30031&lang=fr"]}]},{"@type":"ImageObject","inLanguage":"ar","@id":"https:\/\/lequotidien.mr\/?p=30031&lang=fr#primaryimage","url":"https:\/\/lequotidien.mr\/wp-content\/uploads\/2025\/08\/photo-coloonie-vacances.jpg","contentUrl":"https:\/\/lequotidien.mr\/wp-content\/uploads\/2025\/08\/photo-coloonie-vacances.jpg","width":750,"height":430},{"@type":"BreadcrumbList","@id":"https:\/\/lequotidien.mr\/?p=30031&lang=fr#breadcrumb","itemListElement":[{"@type":"ListItem","position":1,"name":"Home","item":"https:\/\/lequotidien.mr\/"},{"@type":"ListItem","position":2,"name":"Tourisme : Signature d&rsquo;un accord entre le minist\u00e8re du Tourisme et celui de l\u2019Education pour le \u00ab\u00a0Voyage des meilleurs \u00e9l\u00e8ves \u00e0 la d\u00e9couverte de la Mauritanie\u00a0\u00bb"}]},{"@type":"WebSite","@id":"https:\/\/lequotidien.mr\/#website","url":"https:\/\/lequotidien.mr\/","name":"Le Quotidien de Nouakchott","description":"\u0625\u062e\u0628\u0627\u0631\u064a\u0629 \u0645\u0633\u062a\u0642\u0644\u0629 \u0644\u0644\u0623\u0646\u0628\u0627\u0621 \u0627\u0644\u0639\u0627\u0645\u0629","publisher":{"@id":"https:\/\/lequotidien.mr\/#organization"},"potentialAction":[{"@type":"SearchAction","target":{"@type":"EntryPoint","urlTemplate":"https:\/\/lequotidien.mr\/?s={search_term_string}"},"query-input":{"@type":"PropertyValueSpecification","valueRequired":true,"valueName":"search_term_string"}}],"inLanguage":"ar"},{"@type":"Organization","@id":"https:\/\/lequotidien.mr\/#organization","name":"Le Quotidien de Nouakchott","url":"https:\/\/lequotidien.mr\/","logo":{"@type":"ImageObject","inLanguage":"ar","@id":"https:\/\/lequotidien.mr\/#\/schema\/logo\/image\/","url":"https:\/\/lequotidien.mr\/wp-content\/uploads\/2022\/11\/logolequotidien.jpg","contentUrl":"https:\/\/lequotidien.mr\/wp-content\/uploads\/2022\/11\/logolequotidien.jpg","width":290,"height":65,"caption":"Le Quotidien de Nouakchott"},"image":{"@id":"https:\/\/lequotidien.mr\/#\/schema\/logo\/image\/"},"sameAs":["https:\/\/web.facebook.com\/lequotidienmr","https:\/\/x.com\/lequotidienmr"]},{"@type":"Person","@id":"https:\/\/lequotidien.mr\/#\/schema\/person\/d2d350202a4d599685ed8abc25f97596","name":"Med Ahmed","image":{"@type":"ImageObject","inLanguage":"ar","@id":"https:\/\/secure.gravatar.com\/avatar\/fd2acc62ed50732923d1d39c17172c9b04149f142be92310ecc69e1358f94b52?s=96&d=mm&r=g","url":"https:\/\/secure.gravatar.com\/avatar\/fd2acc62ed50732923d1d39c17172c9b04149f142be92310ecc69e1358f94b52?s=96&d=mm&r=g","contentUrl":"https:\/\/secure.gravatar.com\/avatar\/fd2acc62ed50732923d1d39c17172c9b04149f142be92310ecc69e1358f94b52?s=96&d=mm&r=g","caption":"Med Ahmed"},"url":"https:\/\/lequotidien.mr\/?author=12"}]}},"_links":{"self":[{"href":"https:\/\/lequotidien.mr\/index.php?rest_route=\/wp\/v2\/posts\/30031","targetHints":{"allow":["GET"]}}],"collection":[{"href":"https:\/\/lequotidien.mr\/index.php?rest_route=\/wp\/v2\/posts"}],"about":[{"href":"https:\/\/lequotidien.mr\/index.php?rest_route=\/wp\/v2\/types\/post"}],"author":[{"embeddable":true,"href":"https:\/\/lequotidien.mr\/index.php?rest_route=\/wp\/v2\/users\/12"}],"replies":[{"embeddable":true,"href":"https:\/\/lequotidien.mr\/index.php?rest_route=%2Fwp%2Fv2%2Fcomments&post=30031"}],"version-history":[{"count":1,"href":"https:\/\/lequotidien.mr\/index.php?rest_route=\/wp\/v2\/posts\/30031\/revisions"}],"predecessor-version":[{"id":30033,"href":"https:\/\/lequotidien.mr\/index.php?rest_route=\/wp\/v2\/posts\/30031\/revisions\/30033"}],"wp:featuredmedia":[{"embeddable":true,"href":"https:\/\/lequotidien.mr\/index.php?rest_route=\/wp\/v2\/media\/30032"}],"wp:attachment":[{"href":"https:\/\/lequotidien.mr\/index.php?rest_route=%2Fwp%2Fv2%2Fmedia&parent=30031"}],"wp:term":[{"taxonomy":"category","embeddable":true,"href":"https:\/\/lequotidien.mr\/index.php?rest_route=%2Fwp%2Fv2%2Fcategories&post=30031"},{"taxonomy":"post_tag","embeddable":true,"href":"https:\/\/lequotidien.mr\/index.php?rest_route=%2Fwp%2Fv2%2Ftags&post=30031"}],"curies":[{"name":"wp","href":"https:\/\/api.w.org\/{rel}","templated":true}]}}