{"id":30028,"date":"2025-08-12T22:46:51","date_gmt":"2025-08-12T22:46:51","guid":{"rendered":"https:\/\/lequotidien.mr\/?p=30028"},"modified":"2025-08-12T22:46:51","modified_gmt":"2025-08-12T22:46:51","slug":"lancement-officiel-de-la-semaine-nationale-de-la-culture-et-des-arts-2025-vos-vacances-culture-et-tourisme-au-coeur-des-preoccupations","status":"publish","type":"post","link":"https:\/\/lequotidien.mr\/?p=30028&lang=fr","title":{"rendered":"Lancement officiel de la Semaine Nationale de la Culture et des Arts 2025 : &#8220;Vos vacances\u2026 culture et tourisme&#8221; au c\u0153ur des pr\u00e9occupations"},"content":{"rendered":"<p>Sous le haut patronage \u00e9clair\u00e9 du Pr\u00e9sident de la R\u00e9publique, Monsieur Mohamed Cheikh El Ghazouani, le Ministre de la Culture, des Arts, de la Communication et des Relations avec le Parlement, Porte-parole du Gouvernement, Monsieur El Houssein Meddou, a pr\u00e9sid\u00e9, dimanche depuis le Palais des Congr\u00e8s de Nouakchott, la c\u00e9r\u00e9monie solennelle d&#8217;ouverture de la Semaine Nationale de la Culture et des Arts 2025. Plac\u00e9e sous le th\u00e8me \u00e9vocateur &#8220;Vos vacances\u2026 culture et tourisme&#8221;, cette premi\u00e8re \u00e9dition s&#8217;inscrit dans le droit fil des directives pr\u00e9sidentielles encourageant les citoyens \u00e0 d\u00e9couvrir les richesses de leur pays durant les cong\u00e9s.<\/p>\n<p>Cette initiative, qui se d\u00e9roulera jusqu&#8217;au 21 ao\u00fbt, r\u00e9pond \u00e0 la vision du Pr\u00e9sident Ghazouani visant \u00e0 valoriser le tourisme int\u00e9rieur et \u00e0 mettre en lumi\u00e8re les potentiels touristiques, les lieux de divertissement et les paysages magnifiques dont regorge la Mauritanie, particuli\u00e8rement pendant la p\u00e9riode d&#8217;hivernage et la saison traditionnelle de la &#8220;Guetna&#8221;.<\/p>\n<p>Organis\u00e9e par le Minist\u00e8re de la Culture, des Arts et de la Communication, cette semaine promet une riche programmation \u00e9tal\u00e9e sur un mois dans toutes les wilayas du pays, sans exception. Chaque r\u00e9gion b\u00e9n\u00e9ficiera de deux jours d&#8217;animations intenses comprenant :<\/p>\n<p><strong>Des manifestations culturelles et artistiques vari\u00e9es.<\/strong><\/p>\n<p>La pr\u00e9sentation de spectacles patrimoniaux.<\/p>\n<p><strong>-Des concours<\/strong> dans des domaines aussi divers que le Saint Coran, l&#8217;\u00e9loge du Proph\u00e8te (PSL), la po\u00e9sie (classique et populaire), les arts plastiques, le th\u00e9\u00e2tre et les arts populaires\u00a0;<\/p>\n<p><strong>-Des expositions<\/strong> mettant en valeur les sp\u00e9cificit\u00e9s locales\u00a0;<\/p>\n<p><strong>-Des conf\u00e9rences<\/strong>, s\u00e9minaires, soir\u00e9es po\u00e9tiques et musicales, ainsi que des repr\u00e9sentations th\u00e9\u00e2trales.<\/p>\n<p>Dans son discours inaugural, le Ministre El Houssein Meddou a soulign\u00e9 l&#8217;importance capitale de cet \u00e9v\u00e9nement : &#8220;La Semaine Nationale de la Culture et des Arts est un \u00e9v\u00e9nement national important&#8230; un espace doux m\u00ealant utilit\u00e9 et plaisir, pour attirer les chercheurs de jours de science et de nuits de litt\u00e9rature, et les amateurs de divertissement, leur ouvrant des chemins vers les tr\u00e9sors cach\u00e9s de la culture, de l\u2019art et du tourisme dans ce pays&#8221;.<\/p>\n<p><strong>L&#8217;engagement de l&#8217;\u00c9tat pour la culture et les arts<\/strong><\/p>\n<p>Le Ministre Meddou a fermement rappel\u00e9 l&#8217;engagement constant du Pr\u00e9sident de la R\u00e9publique en faveur de la culture et des arts, piliers jug\u00e9s essentiels pour &#8220;la pr\u00e9servation de l\u2019identit\u00e9 nationale, le renforcement de la coh\u00e9sion sociale et la contribution au d\u00e9veloppement durable&#8221;. Il a salu\u00e9 la concr\u00e9tisation de cette vision par le gouvernement du Premier Ministre, Monsieur El Moctar Djay, en citant plusieurs r\u00e9alisations phares :<\/p>\n<p><strong>Patrimoine :<\/strong>\u00a0D\u00e9veloppement majeur du Festival des Villes du Patrimoine (Chinguetti, Oualata, Tichitt, Ouadane, Djeol) avec un investissement d\u00e9passant 20 milliards d&#8217;anciennes ouguiyas et une \u00e9l\u00e9vation des volets scientifiques et artistiques.<\/p>\n<p><strong>Soutien aux festivals :<\/strong>\u00a0Aide g\u00e9n\u00e9reuse \u00e0 de nombreux festivals r\u00e9gionaux.<\/p>\n<p><strong>\u00c9v\u00e9nement litt\u00e9raire majeur :<\/strong>\u00a0Annonce de la premi\u00e8re \u00e9dition du Salon International du Livre de Nouakchott, pr\u00e9vue pour r\u00e9unir des dizaines d&#8217;\u00e9diteurs internationaux.<\/p>\n<p><strong>Arts :<\/strong>\u00a0Cr\u00e9ation de l&#8217;Institut National des Arts, lancement du Prix du Pr\u00e9sident de la R\u00e9publique pour les Beaux-Arts, soutien \u00e0 l&#8217;Union des Jeunes Artistes Plasticiens, cr\u00e9ation d&#8217;une administration d\u00e9di\u00e9e aux arts, organisation du premier Festival de Musique Traditionnelle et facilitation des \u00e9lections de l&#8217;Union des Musiciens Mauritaniens.<\/p>\n<p><strong>Soutien aux cr\u00e9ateurs :<\/strong>\u00a0Prise en charge par l&#8217;\u00c9tat des soins de sant\u00e9 pour de nombreux artistes, po\u00e8tes et intellectuels, &#8220;en reconnaissance de leur r\u00f4le dans le rayonnement de la nation&#8221;.<\/p>\n<p><strong>Une renaissance culturelle nationale<\/strong><\/p>\n<p>Concluant son allocution sur une note profond\u00e9ment symbolique, le Ministre a pr\u00e9sent\u00e9 cette Semaine comme &#8220;un voyage national \u00e0 travers les cartes de la conscience&#8221;, affirmant : &#8220;Chaque wilaya se rassemble autour du flambeau de la culture et de l\u2019art, pour affirmer que la Mauritanie n\u2019a jamais \u00e9t\u00e9 en marge de l\u2019histoire, mais a toujours \u00e9t\u00e9 un c\u0153ur battant dans la caravane de la civilisation, et que ses enfants, en ressuscitant l\u2019h\u00e9ritage des anc\u00eatres, fa\u00e7onnent en m\u00eame temps l\u2019avenir des descendants&#8221;.<\/p>\n<p>La c\u00e9r\u00e9monie d&#8217;ouverture, empreinte de solennit\u00e9, a \u00e9t\u00e9 agr\u00e9ment\u00e9e de prestations po\u00e9tiques et musicales offertes par diverses troupes, donnant un avant-go\u00fbt des festivit\u00e9s \u00e0 venir. \u00c9taient pr\u00e9sents \u00e0 cet \u00e9v\u00e9nement marquant le Wali de Nouakchott Ouest, la Pr\u00e9sidente de la R\u00e9gion de Nouakchott, le Maire de la commune de Tevragh Zeina, le hakem de la moughataa, ainsi qu&#8217;une assembl\u00e9e distingu\u00e9e d&#8217;intellectuels, d&#8217;\u00e9crivains et d&#8217;acteurs du monde culturel mauritanien. Le pays s&#8217;appr\u00eate d\u00e9sormais \u00e0 vibrer au rythme de sa culture durant tout le mois d&#8217;ao\u00fbt.<\/p>\n","protected":false},"excerpt":{"rendered":"<p>Sous le haut patronage \u00e9clair\u00e9 du Pr\u00e9sident de la R\u00e9publique, Monsieur Mohamed Cheikh El Ghazouani, le Ministre de la Culture, des Arts, de la Communication et des Relations avec le Parlement, Porte-parole du Gouvernement, Monsieur El Houssein Meddou, a pr\u00e9sid\u00e9, dimanche depuis le Palais des Congr\u00e8s de Nouakchott, la c\u00e9r\u00e9monie solennelle d&#8217;ouverture de la Semaine&#8230;..<\/p>\n","protected":false},"author":12,"featured_media":30029,"comment_status":"open","ping_status":"open","sticky":false,"template":"","format":"standard","meta":{"footnotes":""},"categories":[23,55],"tags":[],"class_list":["post-30028","post","type-post","status-publish","format-standard","has-post-thumbnail","hentry","category-actualite","category-culture"],"yoast_head":"<!-- This site is optimized with the Yoast SEO plugin v27.5 - https:\/\/yoast.com\/product\/yoast-seo-wordpress\/ -->\n<title>Lancement officiel de la Semaine Nationale de la Culture et des Arts 2025 : &quot;Vos vacances\u2026 culture et tourisme&quot; au c\u0153ur des pr\u00e9occupations - Le Quotidien de Nouakchott<\/title>\n<meta name=\"robots\" content=\"index, follow, max-snippet:-1, max-image-preview:large, max-video-preview:-1\" \/>\n<link rel=\"canonical\" href=\"https:\/\/lequotidien.mr\/?p=30028&lang=fr\" \/>\n<meta property=\"og:locale\" content=\"ar_AR\" \/>\n<meta property=\"og:type\" content=\"article\" \/>\n<meta property=\"og:title\" content=\"Lancement officiel de la Semaine Nationale de la Culture et des Arts 2025 : &quot;Vos vacances\u2026 culture et tourisme&quot; au c\u0153ur des pr\u00e9occupations - Le Quotidien de Nouakchott\" \/>\n<meta property=\"og:description\" content=\"Sous le haut patronage \u00e9clair\u00e9 du Pr\u00e9sident de la R\u00e9publique, Monsieur Mohamed Cheikh El Ghazouani, le Ministre de la Culture, des Arts, de la Communication et des Relations avec le Parlement, Porte-parole du Gouvernement, Monsieur El Houssein Meddou, a pr\u00e9sid\u00e9, dimanche depuis le Palais des Congr\u00e8s de Nouakchott, la c\u00e9r\u00e9monie solennelle d&#8217;ouverture de la Semaine.....\" \/>\n<meta property=\"og:url\" content=\"https:\/\/lequotidien.mr\/?p=30028&amp;lang=fr\" \/>\n<meta property=\"og:site_name\" content=\"Le Quotidien de Nouakchott\" \/>\n<meta property=\"article:publisher\" content=\"https:\/\/web.facebook.com\/lequotidienmr\" \/>\n<meta property=\"article:published_time\" content=\"2025-08-12T22:46:51+00:00\" \/>\n<meta property=\"og:image\" content=\"https:\/\/lequotidien.mr\/wp-content\/uploads\/2025\/08\/photo-semaine-culturelle-2025.jpg\" \/>\n\t<meta property=\"og:image:width\" content=\"750\" \/>\n\t<meta property=\"og:image:height\" content=\"430\" \/>\n\t<meta property=\"og:image:type\" content=\"image\/jpeg\" \/>\n<meta name=\"author\" content=\"Med Ahmed\" \/>\n<meta name=\"twitter:card\" content=\"summary_large_image\" \/>\n<meta name=\"twitter:creator\" content=\"@lequotidienmr\" \/>\n<meta name=\"twitter:site\" content=\"@lequotidienmr\" \/>\n<meta name=\"twitter:label1\" content=\"\u0643\u064f\u062a\u0628 \u0628\u0648\u0627\u0633\u0637\u0629\" \/>\n\t<meta name=\"twitter:data1\" content=\"Med Ahmed\" \/>\n\t<meta name=\"twitter:label2\" content=\"\u0648\u0642\u062a \u0627\u0644\u0642\u0631\u0627\u0621\u0629 \u0627\u0644\u0645\u064f\u0642\u062f\u0651\u0631\" \/>\n\t<meta name=\"twitter:data2\" content=\"6 \u062f\u0642\u0627\u0626\u0642\" \/>\n<script type=\"application\/ld+json\" class=\"yoast-schema-graph\">{\"@context\":\"https:\\\/\\\/schema.org\",\"@graph\":[{\"@type\":\"Article\",\"@id\":\"https:\\\/\\\/lequotidien.mr\\\/?p=30028&lang=fr#article\",\"isPartOf\":{\"@id\":\"https:\\\/\\\/lequotidien.mr\\\/?p=30028&lang=fr\"},\"author\":{\"name\":\"Med Ahmed\",\"@id\":\"https:\\\/\\\/lequotidien.mr\\\/#\\\/schema\\\/person\\\/d2d350202a4d599685ed8abc25f97596\"},\"headline\":\"Lancement officiel de la Semaine Nationale de la Culture et des Arts 2025 : &#8220;Vos vacances\u2026 culture et tourisme&#8221; au c\u0153ur des pr\u00e9occupations\",\"datePublished\":\"2025-08-12T22:46:51+00:00\",\"mainEntityOfPage\":{\"@id\":\"https:\\\/\\\/lequotidien.mr\\\/?p=30028&lang=fr\"},\"wordCount\":842,\"commentCount\":0,\"publisher\":{\"@id\":\"https:\\\/\\\/lequotidien.mr\\\/#organization\"},\"image\":{\"@id\":\"https:\\\/\\\/lequotidien.mr\\\/?p=30028&lang=fr#primaryimage\"},\"thumbnailUrl\":\"https:\\\/\\\/lequotidien.mr\\\/wp-content\\\/uploads\\\/2025\\\/08\\\/photo-semaine-culturelle-2025.jpg\",\"articleSection\":[\"ACTUALIT\u00c9\",\"Culture\"],\"inLanguage\":\"ar\",\"potentialAction\":[{\"@type\":\"CommentAction\",\"name\":\"Comment\",\"target\":[\"https:\\\/\\\/lequotidien.mr\\\/?p=30028&lang=fr#respond\"]}]},{\"@type\":\"WebPage\",\"@id\":\"https:\\\/\\\/lequotidien.mr\\\/?p=30028&lang=fr\",\"url\":\"https:\\\/\\\/lequotidien.mr\\\/?p=30028&lang=fr\",\"name\":\"Lancement officiel de la Semaine Nationale de la Culture et des Arts 2025 : \\\"Vos vacances\u2026 culture et tourisme\\\" au c\u0153ur des pr\u00e9occupations - Le Quotidien de Nouakchott\",\"isPartOf\":{\"@id\":\"https:\\\/\\\/lequotidien.mr\\\/#website\"},\"primaryImageOfPage\":{\"@id\":\"https:\\\/\\\/lequotidien.mr\\\/?p=30028&lang=fr#primaryimage\"},\"image\":{\"@id\":\"https:\\\/\\\/lequotidien.mr\\\/?p=30028&lang=fr#primaryimage\"},\"thumbnailUrl\":\"https:\\\/\\\/lequotidien.mr\\\/wp-content\\\/uploads\\\/2025\\\/08\\\/photo-semaine-culturelle-2025.jpg\",\"datePublished\":\"2025-08-12T22:46:51+00:00\",\"breadcrumb\":{\"@id\":\"https:\\\/\\\/lequotidien.mr\\\/?p=30028&lang=fr#breadcrumb\"},\"inLanguage\":\"ar\",\"potentialAction\":[{\"@type\":\"ReadAction\",\"target\":[\"https:\\\/\\\/lequotidien.mr\\\/?p=30028&lang=fr\"]}]},{\"@type\":\"ImageObject\",\"inLanguage\":\"ar\",\"@id\":\"https:\\\/\\\/lequotidien.mr\\\/?p=30028&lang=fr#primaryimage\",\"url\":\"https:\\\/\\\/lequotidien.mr\\\/wp-content\\\/uploads\\\/2025\\\/08\\\/photo-semaine-culturelle-2025.jpg\",\"contentUrl\":\"https:\\\/\\\/lequotidien.mr\\\/wp-content\\\/uploads\\\/2025\\\/08\\\/photo-semaine-culturelle-2025.jpg\",\"width\":750,\"height\":430},{\"@type\":\"BreadcrumbList\",\"@id\":\"https:\\\/\\\/lequotidien.mr\\\/?p=30028&lang=fr#breadcrumb\",\"itemListElement\":[{\"@type\":\"ListItem\",\"position\":1,\"name\":\"Home\",\"item\":\"https:\\\/\\\/lequotidien.mr\\\/\"},{\"@type\":\"ListItem\",\"position\":2,\"name\":\"Lancement officiel de la Semaine Nationale de la Culture et des Arts 2025 : \u00ab\u00a0Vos vacances\u2026 culture et tourisme\u00a0\u00bb au c\u0153ur des pr\u00e9occupations\"}]},{\"@type\":\"WebSite\",\"@id\":\"https:\\\/\\\/lequotidien.mr\\\/#website\",\"url\":\"https:\\\/\\\/lequotidien.mr\\\/\",\"name\":\"Le Quotidien de Nouakchott\",\"description\":\"\u0625\u062e\u0628\u0627\u0631\u064a\u0629 \u0645\u0633\u062a\u0642\u0644\u0629 \u0644\u0644\u0623\u0646\u0628\u0627\u0621 \u0627\u0644\u0639\u0627\u0645\u0629\",\"publisher\":{\"@id\":\"https:\\\/\\\/lequotidien.mr\\\/#organization\"},\"potentialAction\":[{\"@type\":\"SearchAction\",\"target\":{\"@type\":\"EntryPoint\",\"urlTemplate\":\"https:\\\/\\\/lequotidien.mr\\\/?s={search_term_string}\"},\"query-input\":{\"@type\":\"PropertyValueSpecification\",\"valueRequired\":true,\"valueName\":\"search_term_string\"}}],\"inLanguage\":\"ar\"},{\"@type\":\"Organization\",\"@id\":\"https:\\\/\\\/lequotidien.mr\\\/#organization\",\"name\":\"Le Quotidien de Nouakchott\",\"url\":\"https:\\\/\\\/lequotidien.mr\\\/\",\"logo\":{\"@type\":\"ImageObject\",\"inLanguage\":\"ar\",\"@id\":\"https:\\\/\\\/lequotidien.mr\\\/#\\\/schema\\\/logo\\\/image\\\/\",\"url\":\"https:\\\/\\\/lequotidien.mr\\\/wp-content\\\/uploads\\\/2022\\\/11\\\/logolequotidien.jpg\",\"contentUrl\":\"https:\\\/\\\/lequotidien.mr\\\/wp-content\\\/uploads\\\/2022\\\/11\\\/logolequotidien.jpg\",\"width\":290,\"height\":65,\"caption\":\"Le Quotidien de Nouakchott\"},\"image\":{\"@id\":\"https:\\\/\\\/lequotidien.mr\\\/#\\\/schema\\\/logo\\\/image\\\/\"},\"sameAs\":[\"https:\\\/\\\/web.facebook.com\\\/lequotidienmr\",\"https:\\\/\\\/x.com\\\/lequotidienmr\"]},{\"@type\":\"Person\",\"@id\":\"https:\\\/\\\/lequotidien.mr\\\/#\\\/schema\\\/person\\\/d2d350202a4d599685ed8abc25f97596\",\"name\":\"Med Ahmed\",\"image\":{\"@type\":\"ImageObject\",\"inLanguage\":\"ar\",\"@id\":\"https:\\\/\\\/secure.gravatar.com\\\/avatar\\\/fd2acc62ed50732923d1d39c17172c9b04149f142be92310ecc69e1358f94b52?s=96&d=mm&r=g\",\"url\":\"https:\\\/\\\/secure.gravatar.com\\\/avatar\\\/fd2acc62ed50732923d1d39c17172c9b04149f142be92310ecc69e1358f94b52?s=96&d=mm&r=g\",\"contentUrl\":\"https:\\\/\\\/secure.gravatar.com\\\/avatar\\\/fd2acc62ed50732923d1d39c17172c9b04149f142be92310ecc69e1358f94b52?s=96&d=mm&r=g\",\"caption\":\"Med Ahmed\"},\"url\":\"https:\\\/\\\/lequotidien.mr\\\/?author=12\"}]}<\/script>\n<!-- \/ Yoast SEO plugin. -->","yoast_head_json":{"title":"Lancement officiel de la Semaine Nationale de la Culture et des Arts 2025 : \"Vos vacances\u2026 culture et tourisme\" au c\u0153ur des pr\u00e9occupations - Le Quotidien de Nouakchott","robots":{"index":"index","follow":"follow","max-snippet":"max-snippet:-1","max-image-preview":"max-image-preview:large","max-video-preview":"max-video-preview:-1"},"canonical":"https:\/\/lequotidien.mr\/?p=30028&lang=fr","og_locale":"ar_AR","og_type":"article","og_title":"Lancement officiel de la Semaine Nationale de la Culture et des Arts 2025 : \"Vos vacances\u2026 culture et tourisme\" au c\u0153ur des pr\u00e9occupations - Le Quotidien de Nouakchott","og_description":"Sous le haut patronage \u00e9clair\u00e9 du Pr\u00e9sident de la R\u00e9publique, Monsieur Mohamed Cheikh El Ghazouani, le Ministre de la Culture, des Arts, de la Communication et des Relations avec le Parlement, Porte-parole du Gouvernement, Monsieur El Houssein Meddou, a pr\u00e9sid\u00e9, dimanche depuis le Palais des Congr\u00e8s de Nouakchott, la c\u00e9r\u00e9monie solennelle d&#8217;ouverture de la Semaine.....","og_url":"https:\/\/lequotidien.mr\/?p=30028&lang=fr","og_site_name":"Le Quotidien de Nouakchott","article_publisher":"https:\/\/web.facebook.com\/lequotidienmr","article_published_time":"2025-08-12T22:46:51+00:00","og_image":[{"width":750,"height":430,"url":"https:\/\/lequotidien.mr\/wp-content\/uploads\/2025\/08\/photo-semaine-culturelle-2025.jpg","type":"image\/jpeg"}],"author":"Med Ahmed","twitter_card":"summary_large_image","twitter_creator":"@lequotidienmr","twitter_site":"@lequotidienmr","twitter_misc":{"\u0643\u064f\u062a\u0628 \u0628\u0648\u0627\u0633\u0637\u0629":"Med Ahmed","\u0648\u0642\u062a \u0627\u0644\u0642\u0631\u0627\u0621\u0629 \u0627\u0644\u0645\u064f\u0642\u062f\u0651\u0631":"6 \u062f\u0642\u0627\u0626\u0642"},"schema":{"@context":"https:\/\/schema.org","@graph":[{"@type":"Article","@id":"https:\/\/lequotidien.mr\/?p=30028&lang=fr#article","isPartOf":{"@id":"https:\/\/lequotidien.mr\/?p=30028&lang=fr"},"author":{"name":"Med Ahmed","@id":"https:\/\/lequotidien.mr\/#\/schema\/person\/d2d350202a4d599685ed8abc25f97596"},"headline":"Lancement officiel de la Semaine Nationale de la Culture et des Arts 2025 : &#8220;Vos vacances\u2026 culture et tourisme&#8221; au c\u0153ur des pr\u00e9occupations","datePublished":"2025-08-12T22:46:51+00:00","mainEntityOfPage":{"@id":"https:\/\/lequotidien.mr\/?p=30028&lang=fr"},"wordCount":842,"commentCount":0,"publisher":{"@id":"https:\/\/lequotidien.mr\/#organization"},"image":{"@id":"https:\/\/lequotidien.mr\/?p=30028&lang=fr#primaryimage"},"thumbnailUrl":"https:\/\/lequotidien.mr\/wp-content\/uploads\/2025\/08\/photo-semaine-culturelle-2025.jpg","articleSection":["ACTUALIT\u00c9","Culture"],"inLanguage":"ar","potentialAction":[{"@type":"CommentAction","name":"Comment","target":["https:\/\/lequotidien.mr\/?p=30028&lang=fr#respond"]}]},{"@type":"WebPage","@id":"https:\/\/lequotidien.mr\/?p=30028&lang=fr","url":"https:\/\/lequotidien.mr\/?p=30028&lang=fr","name":"Lancement officiel de la Semaine Nationale de la Culture et des Arts 2025 : \"Vos vacances\u2026 culture et tourisme\" au c\u0153ur des pr\u00e9occupations - Le Quotidien de Nouakchott","isPartOf":{"@id":"https:\/\/lequotidien.mr\/#website"},"primaryImageOfPage":{"@id":"https:\/\/lequotidien.mr\/?p=30028&lang=fr#primaryimage"},"image":{"@id":"https:\/\/lequotidien.mr\/?p=30028&lang=fr#primaryimage"},"thumbnailUrl":"https:\/\/lequotidien.mr\/wp-content\/uploads\/2025\/08\/photo-semaine-culturelle-2025.jpg","datePublished":"2025-08-12T22:46:51+00:00","breadcrumb":{"@id":"https:\/\/lequotidien.mr\/?p=30028&lang=fr#breadcrumb"},"inLanguage":"ar","potentialAction":[{"@type":"ReadAction","target":["https:\/\/lequotidien.mr\/?p=30028&lang=fr"]}]},{"@type":"ImageObject","inLanguage":"ar","@id":"https:\/\/lequotidien.mr\/?p=30028&lang=fr#primaryimage","url":"https:\/\/lequotidien.mr\/wp-content\/uploads\/2025\/08\/photo-semaine-culturelle-2025.jpg","contentUrl":"https:\/\/lequotidien.mr\/wp-content\/uploads\/2025\/08\/photo-semaine-culturelle-2025.jpg","width":750,"height":430},{"@type":"BreadcrumbList","@id":"https:\/\/lequotidien.mr\/?p=30028&lang=fr#breadcrumb","itemListElement":[{"@type":"ListItem","position":1,"name":"Home","item":"https:\/\/lequotidien.mr\/"},{"@type":"ListItem","position":2,"name":"Lancement officiel de la Semaine Nationale de la Culture et des Arts 2025 : \u00ab\u00a0Vos vacances\u2026 culture et tourisme\u00a0\u00bb au c\u0153ur des pr\u00e9occupations"}]},{"@type":"WebSite","@id":"https:\/\/lequotidien.mr\/#website","url":"https:\/\/lequotidien.mr\/","name":"Le Quotidien de Nouakchott","description":"\u0625\u062e\u0628\u0627\u0631\u064a\u0629 \u0645\u0633\u062a\u0642\u0644\u0629 \u0644\u0644\u0623\u0646\u0628\u0627\u0621 \u0627\u0644\u0639\u0627\u0645\u0629","publisher":{"@id":"https:\/\/lequotidien.mr\/#organization"},"potentialAction":[{"@type":"SearchAction","target":{"@type":"EntryPoint","urlTemplate":"https:\/\/lequotidien.mr\/?s={search_term_string}"},"query-input":{"@type":"PropertyValueSpecification","valueRequired":true,"valueName":"search_term_string"}}],"inLanguage":"ar"},{"@type":"Organization","@id":"https:\/\/lequotidien.mr\/#organization","name":"Le Quotidien de Nouakchott","url":"https:\/\/lequotidien.mr\/","logo":{"@type":"ImageObject","inLanguage":"ar","@id":"https:\/\/lequotidien.mr\/#\/schema\/logo\/image\/","url":"https:\/\/lequotidien.mr\/wp-content\/uploads\/2022\/11\/logolequotidien.jpg","contentUrl":"https:\/\/lequotidien.mr\/wp-content\/uploads\/2022\/11\/logolequotidien.jpg","width":290,"height":65,"caption":"Le Quotidien de Nouakchott"},"image":{"@id":"https:\/\/lequotidien.mr\/#\/schema\/logo\/image\/"},"sameAs":["https:\/\/web.facebook.com\/lequotidienmr","https:\/\/x.com\/lequotidienmr"]},{"@type":"Person","@id":"https:\/\/lequotidien.mr\/#\/schema\/person\/d2d350202a4d599685ed8abc25f97596","name":"Med Ahmed","image":{"@type":"ImageObject","inLanguage":"ar","@id":"https:\/\/secure.gravatar.com\/avatar\/fd2acc62ed50732923d1d39c17172c9b04149f142be92310ecc69e1358f94b52?s=96&d=mm&r=g","url":"https:\/\/secure.gravatar.com\/avatar\/fd2acc62ed50732923d1d39c17172c9b04149f142be92310ecc69e1358f94b52?s=96&d=mm&r=g","contentUrl":"https:\/\/secure.gravatar.com\/avatar\/fd2acc62ed50732923d1d39c17172c9b04149f142be92310ecc69e1358f94b52?s=96&d=mm&r=g","caption":"Med Ahmed"},"url":"https:\/\/lequotidien.mr\/?author=12"}]}},"_links":{"self":[{"href":"https:\/\/lequotidien.mr\/index.php?rest_route=\/wp\/v2\/posts\/30028","targetHints":{"allow":["GET"]}}],"collection":[{"href":"https:\/\/lequotidien.mr\/index.php?rest_route=\/wp\/v2\/posts"}],"about":[{"href":"https:\/\/lequotidien.mr\/index.php?rest_route=\/wp\/v2\/types\/post"}],"author":[{"embeddable":true,"href":"https:\/\/lequotidien.mr\/index.php?rest_route=\/wp\/v2\/users\/12"}],"replies":[{"embeddable":true,"href":"https:\/\/lequotidien.mr\/index.php?rest_route=%2Fwp%2Fv2%2Fcomments&post=30028"}],"version-history":[{"count":1,"href":"https:\/\/lequotidien.mr\/index.php?rest_route=\/wp\/v2\/posts\/30028\/revisions"}],"predecessor-version":[{"id":30030,"href":"https:\/\/lequotidien.mr\/index.php?rest_route=\/wp\/v2\/posts\/30028\/revisions\/30030"}],"wp:featuredmedia":[{"embeddable":true,"href":"https:\/\/lequotidien.mr\/index.php?rest_route=\/wp\/v2\/media\/30029"}],"wp:attachment":[{"href":"https:\/\/lequotidien.mr\/index.php?rest_route=%2Fwp%2Fv2%2Fmedia&parent=30028"}],"wp:term":[{"taxonomy":"category","embeddable":true,"href":"https:\/\/lequotidien.mr\/index.php?rest_route=%2Fwp%2Fv2%2Fcategories&post=30028"},{"taxonomy":"post_tag","embeddable":true,"href":"https:\/\/lequotidien.mr\/index.php?rest_route=%2Fwp%2Fv2%2Ftags&post=30028"}],"curies":[{"name":"wp","href":"https:\/\/api.w.org\/{rel}","templated":true}]}}