{"id":29987,"date":"2025-08-10T17:58:06","date_gmt":"2025-08-10T17:58:06","guid":{"rendered":"https:\/\/lequotidien.mr\/?p=29987"},"modified":"2025-08-10T17:58:06","modified_gmt":"2025-08-10T17:58:06","slug":"modernisation-des-marches-frontaliers-le-ministre-gaguih-lance-la-concertation-a-rosso","status":"publish","type":"post","link":"https:\/\/lequotidien.mr\/?p=29987&lang=fr","title":{"rendered":"Modernisation des march\u00e9s frontaliers : Le ministre Gaguih lance la concertation \u00e0 Rosso"},"content":{"rendered":"<p>Le ministre de l\u2019\u00c9levage, M. Mokhtar Gaguih, a pr\u00e9sid\u00e9 dimanche \u00e0 Rosso, \u00e0 c\u00f4t\u00e9 du wali du Trarza, M. Ahmedna Sid Ebba, l\u2019ouverture d\u2019une r\u00e9union de consultation cruciale sur l\u2019avenir des march\u00e9s frontaliers du b\u00e9tail. Cette initiative, organis\u00e9e par le minist\u00e8re, r\u00e9unit d\u00e9l\u00e9gu\u00e9s r\u00e9gionaux, la F\u00e9d\u00e9ration nationale de l\u2019\u00c9levage et la F\u00e9d\u00e9ration des associations pastorales.<\/p>\n<p>L\u2019objectif annonc\u00e9 est clair : dresser un diagnostic pr\u00e9cis de la situation actuelle des march\u00e9s frontaliers et formuler des\u00a0<strong>solutions pratiques<\/strong>\u00a0pour am\u00e9liorer leur infrastructure, leur organisation et leur contr\u00f4le. L\u2019ambition est de moderniser et s\u00e9curiser le commerce du b\u00e9tail, cr\u00e9ant ainsi un\u00a0<strong>environnement organis\u00e9 et rentable<\/strong>\u00a0pour les \u00e9changes transfrontaliers.<\/p>\n<p>Dans son discours inaugural, le ministre Gaguih a rappel\u00e9 le\u00a0<strong>poids \u00e9conomique majeur<\/strong>\u00a0du secteur. &#8220;Le b\u00e9tail national est un pilier essentiel de notre \u00e9conomie, contribuant \u00e0 hauteur d\u2019<strong>environ 10% au PIB<\/strong>&#8220;, a-t-il soulign\u00e9. Il a mis en avant son r\u00f4le vital dans la cr\u00e9ation d&#8217;emplois, la g\u00e9n\u00e9ration de revenus pour &#8220;des milliers de familles&#8221;, la\u00a0<strong>s\u00e9curit\u00e9 alimentaire<\/strong>\u00a0et la pr\u00e9servation du patrimoine pastoral. Le ministre a insist\u00e9 sur le caract\u00e8re\u00a0<strong>strat\u00e9gique des march\u00e9s frontaliers<\/strong>, essentiels pour r\u00e9guler le commerce, garantir les normes sanitaires et faciliter l\u2019exportation directe vers les march\u00e9s r\u00e9gionaux.<\/p>\n<p>M. Gaguih a \u00e9galement salu\u00e9 les efforts des <strong>partenaires techniques et financiers<\/strong>, exprimant une gratitude particuli\u00e8re envers la\u00a0<strong>Banque mondiale <\/strong>pour son soutien au secteur, ainsi qu\u2019envers les organisations professionnelles partenaires du minist\u00e8re.<\/p>\n<p>Le pr\u00e9sident de la r\u00e9gion du Trarza, M. Mohamed Cheikh, a enrichi le d\u00e9bat en qualifiant ces march\u00e9s de &#8220;<strong>plateformes strat\u00e9giques<\/strong>&#8221; allant bien au-del\u00e0 de simples lieux de transaction. &#8220;Ils sont cruciaux pour promouvoir la production et la comp\u00e9titivit\u00e9&#8221;, a-t-il d\u00e9clar\u00e9, pr\u00e9cisant que la strat\u00e9gie d&#8217;exportation repose sur trois piliers : la\u00a0<strong>r\u00e9habilitation et l&#8217;organisation<\/strong>\u00a0des march\u00e9s, un\u00a0<strong>marketing intelligent<\/strong>\u00a0et l\u2019<strong>int\u00e9gration r\u00e9gionale<\/strong>.<\/p>\n<p>Le maire de Rosso, M. Bamba Dermane, a pour sa part salu\u00e9 cette r\u00e9union comme &#8220;une\u00a0<strong>\u00e9tape importante<\/strong>&#8221; pour dynamiser les march\u00e9s frontaliers du b\u00e9tail entre la Mauritanie et ses voisins.<\/p>\n<p>La s\u00e9ance d&#8217;ouverture, tenue en pr\u00e9sence du hakem de Rosso, du pr\u00e9sident de l\u2019Association des maires du Trarza et de cadres du secteur, a \u00e9t\u00e9 suivie de\u00a0<strong>pr\u00e9sentations techniques<\/strong>. Les d\u00e9l\u00e9gu\u00e9s r\u00e9gionaux et repr\u00e9sentants des f\u00e9d\u00e9rations pastorales ont expos\u00e9 la r\u00e9alit\u00e9 du terrain et les d\u00e9fis auxquels sont confront\u00e9s ces march\u00e9s frontaliers.<\/p>\n<p>Cette concertation marque le d\u00e9but d&#8217;un processus visant \u00e0 structurer et s\u00e9curiser un pan vital de l&#8217;\u00e9conomie mauritanienne, affirmant la volont\u00e9 des autorit\u00e9s d&#8217;optimiser le potentiel du commerce transfrontalier du b\u00e9tail.<\/p>\n<p>&nbsp;<\/p>\n","protected":false},"excerpt":{"rendered":"<p>Le ministre de l\u2019\u00c9levage, M. Mokhtar Gaguih, a pr\u00e9sid\u00e9 dimanche \u00e0 Rosso, \u00e0 c\u00f4t\u00e9 du wali du Trarza, M. Ahmedna Sid Ebba, l\u2019ouverture d\u2019une r\u00e9union de consultation cruciale sur l\u2019avenir des march\u00e9s frontaliers du b\u00e9tail. Cette initiative, organis\u00e9e par le minist\u00e8re, r\u00e9unit d\u00e9l\u00e9gu\u00e9s r\u00e9gionaux, la F\u00e9d\u00e9ration nationale de l\u2019\u00c9levage et la F\u00e9d\u00e9ration des associations pastorales&#8230;&#8230;<\/p>\n","protected":false},"author":12,"featured_media":29988,"comment_status":"open","ping_status":"open","sticky":false,"template":"","format":"standard","meta":{"footnotes":""},"categories":[23,49],"tags":[],"class_list":["post-29987","post","type-post","status-publish","format-standard","has-post-thumbnail","hentry","category-actualite","category-economie"],"yoast_head":"<!-- This site is optimized with the Yoast SEO plugin v27.5 - https:\/\/yoast.com\/product\/yoast-seo-wordpress\/ -->\n<title>Modernisation des march\u00e9s frontaliers : Le ministre Gaguih lance la concertation \u00e0 Rosso - Le Quotidien de Nouakchott<\/title>\n<meta name=\"robots\" content=\"index, follow, max-snippet:-1, max-image-preview:large, max-video-preview:-1\" \/>\n<link rel=\"canonical\" href=\"https:\/\/lequotidien.mr\/?p=29987&lang=fr\" \/>\n<meta property=\"og:locale\" content=\"ar_AR\" \/>\n<meta property=\"og:type\" content=\"article\" \/>\n<meta property=\"og:title\" content=\"Modernisation des march\u00e9s frontaliers : Le ministre Gaguih lance la concertation \u00e0 Rosso - Le Quotidien de Nouakchott\" \/>\n<meta property=\"og:description\" content=\"Le ministre de l\u2019\u00c9levage, M. Mokhtar Gaguih, a pr\u00e9sid\u00e9 dimanche \u00e0 Rosso, \u00e0 c\u00f4t\u00e9 du wali du Trarza, M. Ahmedna Sid Ebba, l\u2019ouverture d\u2019une r\u00e9union de consultation cruciale sur l\u2019avenir des march\u00e9s frontaliers du b\u00e9tail. Cette initiative, organis\u00e9e par le minist\u00e8re, r\u00e9unit d\u00e9l\u00e9gu\u00e9s r\u00e9gionaux, la F\u00e9d\u00e9ration nationale de l\u2019\u00c9levage et la F\u00e9d\u00e9ration des associations pastorales......\" \/>\n<meta property=\"og:url\" content=\"https:\/\/lequotidien.mr\/?p=29987&amp;lang=fr\" \/>\n<meta property=\"og:site_name\" content=\"Le Quotidien de Nouakchott\" \/>\n<meta property=\"article:publisher\" content=\"https:\/\/web.facebook.com\/lequotidienmr\" \/>\n<meta property=\"article:published_time\" content=\"2025-08-10T17:58:06+00:00\" \/>\n<meta property=\"og:image\" content=\"https:\/\/lequotidien.mr\/wp-content\/uploads\/2025\/08\/photo-marche-betail.jpg\" \/>\n\t<meta property=\"og:image:width\" content=\"573\" \/>\n\t<meta property=\"og:image:height\" content=\"335\" \/>\n\t<meta property=\"og:image:type\" content=\"image\/jpeg\" \/>\n<meta name=\"author\" content=\"Med Ahmed\" \/>\n<meta name=\"twitter:card\" content=\"summary_large_image\" \/>\n<meta name=\"twitter:creator\" content=\"@lequotidienmr\" \/>\n<meta name=\"twitter:site\" content=\"@lequotidienmr\" \/>\n<meta name=\"twitter:label1\" content=\"\u0643\u064f\u062a\u0628 \u0628\u0648\u0627\u0633\u0637\u0629\" \/>\n\t<meta name=\"twitter:data1\" content=\"Med Ahmed\" \/>\n\t<meta name=\"twitter:label2\" content=\"\u0648\u0642\u062a \u0627\u0644\u0642\u0631\u0627\u0621\u0629 \u0627\u0644\u0645\u064f\u0642\u062f\u0651\u0631\" \/>\n\t<meta name=\"twitter:data2\" content=\"3 \u062f\u0642\u0627\u0626\u0642\" \/>\n<script type=\"application\/ld+json\" class=\"yoast-schema-graph\">{\"@context\":\"https:\\\/\\\/schema.org\",\"@graph\":[{\"@type\":\"Article\",\"@id\":\"https:\\\/\\\/lequotidien.mr\\\/?p=29987&lang=fr#article\",\"isPartOf\":{\"@id\":\"https:\\\/\\\/lequotidien.mr\\\/?p=29987&lang=fr\"},\"author\":{\"name\":\"Med Ahmed\",\"@id\":\"https:\\\/\\\/lequotidien.mr\\\/#\\\/schema\\\/person\\\/d2d350202a4d599685ed8abc25f97596\"},\"headline\":\"Modernisation des march\u00e9s frontaliers : Le ministre Gaguih lance la concertation \u00e0 Rosso\",\"datePublished\":\"2025-08-10T17:58:06+00:00\",\"mainEntityOfPage\":{\"@id\":\"https:\\\/\\\/lequotidien.mr\\\/?p=29987&lang=fr\"},\"wordCount\":506,\"commentCount\":0,\"publisher\":{\"@id\":\"https:\\\/\\\/lequotidien.mr\\\/#organization\"},\"image\":{\"@id\":\"https:\\\/\\\/lequotidien.mr\\\/?p=29987&lang=fr#primaryimage\"},\"thumbnailUrl\":\"https:\\\/\\\/lequotidien.mr\\\/wp-content\\\/uploads\\\/2025\\\/08\\\/photo-marche-betail.jpg\",\"articleSection\":[\"ACTUALIT\u00c9\",\"Economie\"],\"inLanguage\":\"ar\",\"potentialAction\":[{\"@type\":\"CommentAction\",\"name\":\"Comment\",\"target\":[\"https:\\\/\\\/lequotidien.mr\\\/?p=29987&lang=fr#respond\"]}]},{\"@type\":\"WebPage\",\"@id\":\"https:\\\/\\\/lequotidien.mr\\\/?p=29987&lang=fr\",\"url\":\"https:\\\/\\\/lequotidien.mr\\\/?p=29987&lang=fr\",\"name\":\"Modernisation des march\u00e9s frontaliers : Le ministre Gaguih lance la concertation \u00e0 Rosso - Le Quotidien de Nouakchott\",\"isPartOf\":{\"@id\":\"https:\\\/\\\/lequotidien.mr\\\/#website\"},\"primaryImageOfPage\":{\"@id\":\"https:\\\/\\\/lequotidien.mr\\\/?p=29987&lang=fr#primaryimage\"},\"image\":{\"@id\":\"https:\\\/\\\/lequotidien.mr\\\/?p=29987&lang=fr#primaryimage\"},\"thumbnailUrl\":\"https:\\\/\\\/lequotidien.mr\\\/wp-content\\\/uploads\\\/2025\\\/08\\\/photo-marche-betail.jpg\",\"datePublished\":\"2025-08-10T17:58:06+00:00\",\"breadcrumb\":{\"@id\":\"https:\\\/\\\/lequotidien.mr\\\/?p=29987&lang=fr#breadcrumb\"},\"inLanguage\":\"ar\",\"potentialAction\":[{\"@type\":\"ReadAction\",\"target\":[\"https:\\\/\\\/lequotidien.mr\\\/?p=29987&lang=fr\"]}]},{\"@type\":\"ImageObject\",\"inLanguage\":\"ar\",\"@id\":\"https:\\\/\\\/lequotidien.mr\\\/?p=29987&lang=fr#primaryimage\",\"url\":\"https:\\\/\\\/lequotidien.mr\\\/wp-content\\\/uploads\\\/2025\\\/08\\\/photo-marche-betail.jpg\",\"contentUrl\":\"https:\\\/\\\/lequotidien.mr\\\/wp-content\\\/uploads\\\/2025\\\/08\\\/photo-marche-betail.jpg\",\"width\":573,\"height\":335},{\"@type\":\"BreadcrumbList\",\"@id\":\"https:\\\/\\\/lequotidien.mr\\\/?p=29987&lang=fr#breadcrumb\",\"itemListElement\":[{\"@type\":\"ListItem\",\"position\":1,\"name\":\"Home\",\"item\":\"https:\\\/\\\/lequotidien.mr\\\/\"},{\"@type\":\"ListItem\",\"position\":2,\"name\":\"Modernisation des march\u00e9s frontaliers : Le ministre Gaguih lance la concertation \u00e0 Rosso\"}]},{\"@type\":\"WebSite\",\"@id\":\"https:\\\/\\\/lequotidien.mr\\\/#website\",\"url\":\"https:\\\/\\\/lequotidien.mr\\\/\",\"name\":\"Le Quotidien de Nouakchott\",\"description\":\"\u0625\u062e\u0628\u0627\u0631\u064a\u0629 \u0645\u0633\u062a\u0642\u0644\u0629 \u0644\u0644\u0623\u0646\u0628\u0627\u0621 \u0627\u0644\u0639\u0627\u0645\u0629\",\"publisher\":{\"@id\":\"https:\\\/\\\/lequotidien.mr\\\/#organization\"},\"potentialAction\":[{\"@type\":\"SearchAction\",\"target\":{\"@type\":\"EntryPoint\",\"urlTemplate\":\"https:\\\/\\\/lequotidien.mr\\\/?s={search_term_string}\"},\"query-input\":{\"@type\":\"PropertyValueSpecification\",\"valueRequired\":true,\"valueName\":\"search_term_string\"}}],\"inLanguage\":\"ar\"},{\"@type\":\"Organization\",\"@id\":\"https:\\\/\\\/lequotidien.mr\\\/#organization\",\"name\":\"Le Quotidien de Nouakchott\",\"url\":\"https:\\\/\\\/lequotidien.mr\\\/\",\"logo\":{\"@type\":\"ImageObject\",\"inLanguage\":\"ar\",\"@id\":\"https:\\\/\\\/lequotidien.mr\\\/#\\\/schema\\\/logo\\\/image\\\/\",\"url\":\"https:\\\/\\\/lequotidien.mr\\\/wp-content\\\/uploads\\\/2022\\\/11\\\/logolequotidien.jpg\",\"contentUrl\":\"https:\\\/\\\/lequotidien.mr\\\/wp-content\\\/uploads\\\/2022\\\/11\\\/logolequotidien.jpg\",\"width\":290,\"height\":65,\"caption\":\"Le Quotidien de Nouakchott\"},\"image\":{\"@id\":\"https:\\\/\\\/lequotidien.mr\\\/#\\\/schema\\\/logo\\\/image\\\/\"},\"sameAs\":[\"https:\\\/\\\/web.facebook.com\\\/lequotidienmr\",\"https:\\\/\\\/x.com\\\/lequotidienmr\"]},{\"@type\":\"Person\",\"@id\":\"https:\\\/\\\/lequotidien.mr\\\/#\\\/schema\\\/person\\\/d2d350202a4d599685ed8abc25f97596\",\"name\":\"Med Ahmed\",\"image\":{\"@type\":\"ImageObject\",\"inLanguage\":\"ar\",\"@id\":\"https:\\\/\\\/secure.gravatar.com\\\/avatar\\\/fd2acc62ed50732923d1d39c17172c9b04149f142be92310ecc69e1358f94b52?s=96&d=mm&r=g\",\"url\":\"https:\\\/\\\/secure.gravatar.com\\\/avatar\\\/fd2acc62ed50732923d1d39c17172c9b04149f142be92310ecc69e1358f94b52?s=96&d=mm&r=g\",\"contentUrl\":\"https:\\\/\\\/secure.gravatar.com\\\/avatar\\\/fd2acc62ed50732923d1d39c17172c9b04149f142be92310ecc69e1358f94b52?s=96&d=mm&r=g\",\"caption\":\"Med Ahmed\"},\"url\":\"https:\\\/\\\/lequotidien.mr\\\/?author=12\"}]}<\/script>\n<!-- \/ Yoast SEO plugin. -->","yoast_head_json":{"title":"Modernisation des march\u00e9s frontaliers : Le ministre Gaguih lance la concertation \u00e0 Rosso - Le Quotidien de Nouakchott","robots":{"index":"index","follow":"follow","max-snippet":"max-snippet:-1","max-image-preview":"max-image-preview:large","max-video-preview":"max-video-preview:-1"},"canonical":"https:\/\/lequotidien.mr\/?p=29987&lang=fr","og_locale":"ar_AR","og_type":"article","og_title":"Modernisation des march\u00e9s frontaliers : Le ministre Gaguih lance la concertation \u00e0 Rosso - Le Quotidien de Nouakchott","og_description":"Le ministre de l\u2019\u00c9levage, M. Mokhtar Gaguih, a pr\u00e9sid\u00e9 dimanche \u00e0 Rosso, \u00e0 c\u00f4t\u00e9 du wali du Trarza, M. Ahmedna Sid Ebba, l\u2019ouverture d\u2019une r\u00e9union de consultation cruciale sur l\u2019avenir des march\u00e9s frontaliers du b\u00e9tail. Cette initiative, organis\u00e9e par le minist\u00e8re, r\u00e9unit d\u00e9l\u00e9gu\u00e9s r\u00e9gionaux, la F\u00e9d\u00e9ration nationale de l\u2019\u00c9levage et la F\u00e9d\u00e9ration des associations pastorales......","og_url":"https:\/\/lequotidien.mr\/?p=29987&lang=fr","og_site_name":"Le Quotidien de Nouakchott","article_publisher":"https:\/\/web.facebook.com\/lequotidienmr","article_published_time":"2025-08-10T17:58:06+00:00","og_image":[{"width":573,"height":335,"url":"https:\/\/lequotidien.mr\/wp-content\/uploads\/2025\/08\/photo-marche-betail.jpg","type":"image\/jpeg"}],"author":"Med Ahmed","twitter_card":"summary_large_image","twitter_creator":"@lequotidienmr","twitter_site":"@lequotidienmr","twitter_misc":{"\u0643\u064f\u062a\u0628 \u0628\u0648\u0627\u0633\u0637\u0629":"Med Ahmed","\u0648\u0642\u062a \u0627\u0644\u0642\u0631\u0627\u0621\u0629 \u0627\u0644\u0645\u064f\u0642\u062f\u0651\u0631":"3 \u062f\u0642\u0627\u0626\u0642"},"schema":{"@context":"https:\/\/schema.org","@graph":[{"@type":"Article","@id":"https:\/\/lequotidien.mr\/?p=29987&lang=fr#article","isPartOf":{"@id":"https:\/\/lequotidien.mr\/?p=29987&lang=fr"},"author":{"name":"Med Ahmed","@id":"https:\/\/lequotidien.mr\/#\/schema\/person\/d2d350202a4d599685ed8abc25f97596"},"headline":"Modernisation des march\u00e9s frontaliers : Le ministre Gaguih lance la concertation \u00e0 Rosso","datePublished":"2025-08-10T17:58:06+00:00","mainEntityOfPage":{"@id":"https:\/\/lequotidien.mr\/?p=29987&lang=fr"},"wordCount":506,"commentCount":0,"publisher":{"@id":"https:\/\/lequotidien.mr\/#organization"},"image":{"@id":"https:\/\/lequotidien.mr\/?p=29987&lang=fr#primaryimage"},"thumbnailUrl":"https:\/\/lequotidien.mr\/wp-content\/uploads\/2025\/08\/photo-marche-betail.jpg","articleSection":["ACTUALIT\u00c9","Economie"],"inLanguage":"ar","potentialAction":[{"@type":"CommentAction","name":"Comment","target":["https:\/\/lequotidien.mr\/?p=29987&lang=fr#respond"]}]},{"@type":"WebPage","@id":"https:\/\/lequotidien.mr\/?p=29987&lang=fr","url":"https:\/\/lequotidien.mr\/?p=29987&lang=fr","name":"Modernisation des march\u00e9s frontaliers : Le ministre Gaguih lance la concertation \u00e0 Rosso - Le Quotidien de Nouakchott","isPartOf":{"@id":"https:\/\/lequotidien.mr\/#website"},"primaryImageOfPage":{"@id":"https:\/\/lequotidien.mr\/?p=29987&lang=fr#primaryimage"},"image":{"@id":"https:\/\/lequotidien.mr\/?p=29987&lang=fr#primaryimage"},"thumbnailUrl":"https:\/\/lequotidien.mr\/wp-content\/uploads\/2025\/08\/photo-marche-betail.jpg","datePublished":"2025-08-10T17:58:06+00:00","breadcrumb":{"@id":"https:\/\/lequotidien.mr\/?p=29987&lang=fr#breadcrumb"},"inLanguage":"ar","potentialAction":[{"@type":"ReadAction","target":["https:\/\/lequotidien.mr\/?p=29987&lang=fr"]}]},{"@type":"ImageObject","inLanguage":"ar","@id":"https:\/\/lequotidien.mr\/?p=29987&lang=fr#primaryimage","url":"https:\/\/lequotidien.mr\/wp-content\/uploads\/2025\/08\/photo-marche-betail.jpg","contentUrl":"https:\/\/lequotidien.mr\/wp-content\/uploads\/2025\/08\/photo-marche-betail.jpg","width":573,"height":335},{"@type":"BreadcrumbList","@id":"https:\/\/lequotidien.mr\/?p=29987&lang=fr#breadcrumb","itemListElement":[{"@type":"ListItem","position":1,"name":"Home","item":"https:\/\/lequotidien.mr\/"},{"@type":"ListItem","position":2,"name":"Modernisation des march\u00e9s frontaliers : Le ministre Gaguih lance la concertation \u00e0 Rosso"}]},{"@type":"WebSite","@id":"https:\/\/lequotidien.mr\/#website","url":"https:\/\/lequotidien.mr\/","name":"Le Quotidien de Nouakchott","description":"\u0625\u062e\u0628\u0627\u0631\u064a\u0629 \u0645\u0633\u062a\u0642\u0644\u0629 \u0644\u0644\u0623\u0646\u0628\u0627\u0621 \u0627\u0644\u0639\u0627\u0645\u0629","publisher":{"@id":"https:\/\/lequotidien.mr\/#organization"},"potentialAction":[{"@type":"SearchAction","target":{"@type":"EntryPoint","urlTemplate":"https:\/\/lequotidien.mr\/?s={search_term_string}"},"query-input":{"@type":"PropertyValueSpecification","valueRequired":true,"valueName":"search_term_string"}}],"inLanguage":"ar"},{"@type":"Organization","@id":"https:\/\/lequotidien.mr\/#organization","name":"Le Quotidien de Nouakchott","url":"https:\/\/lequotidien.mr\/","logo":{"@type":"ImageObject","inLanguage":"ar","@id":"https:\/\/lequotidien.mr\/#\/schema\/logo\/image\/","url":"https:\/\/lequotidien.mr\/wp-content\/uploads\/2022\/11\/logolequotidien.jpg","contentUrl":"https:\/\/lequotidien.mr\/wp-content\/uploads\/2022\/11\/logolequotidien.jpg","width":290,"height":65,"caption":"Le Quotidien de Nouakchott"},"image":{"@id":"https:\/\/lequotidien.mr\/#\/schema\/logo\/image\/"},"sameAs":["https:\/\/web.facebook.com\/lequotidienmr","https:\/\/x.com\/lequotidienmr"]},{"@type":"Person","@id":"https:\/\/lequotidien.mr\/#\/schema\/person\/d2d350202a4d599685ed8abc25f97596","name":"Med Ahmed","image":{"@type":"ImageObject","inLanguage":"ar","@id":"https:\/\/secure.gravatar.com\/avatar\/fd2acc62ed50732923d1d39c17172c9b04149f142be92310ecc69e1358f94b52?s=96&d=mm&r=g","url":"https:\/\/secure.gravatar.com\/avatar\/fd2acc62ed50732923d1d39c17172c9b04149f142be92310ecc69e1358f94b52?s=96&d=mm&r=g","contentUrl":"https:\/\/secure.gravatar.com\/avatar\/fd2acc62ed50732923d1d39c17172c9b04149f142be92310ecc69e1358f94b52?s=96&d=mm&r=g","caption":"Med Ahmed"},"url":"https:\/\/lequotidien.mr\/?author=12"}]}},"_links":{"self":[{"href":"https:\/\/lequotidien.mr\/index.php?rest_route=\/wp\/v2\/posts\/29987","targetHints":{"allow":["GET"]}}],"collection":[{"href":"https:\/\/lequotidien.mr\/index.php?rest_route=\/wp\/v2\/posts"}],"about":[{"href":"https:\/\/lequotidien.mr\/index.php?rest_route=\/wp\/v2\/types\/post"}],"author":[{"embeddable":true,"href":"https:\/\/lequotidien.mr\/index.php?rest_route=\/wp\/v2\/users\/12"}],"replies":[{"embeddable":true,"href":"https:\/\/lequotidien.mr\/index.php?rest_route=%2Fwp%2Fv2%2Fcomments&post=29987"}],"version-history":[{"count":1,"href":"https:\/\/lequotidien.mr\/index.php?rest_route=\/wp\/v2\/posts\/29987\/revisions"}],"predecessor-version":[{"id":29989,"href":"https:\/\/lequotidien.mr\/index.php?rest_route=\/wp\/v2\/posts\/29987\/revisions\/29989"}],"wp:featuredmedia":[{"embeddable":true,"href":"https:\/\/lequotidien.mr\/index.php?rest_route=\/wp\/v2\/media\/29988"}],"wp:attachment":[{"href":"https:\/\/lequotidien.mr\/index.php?rest_route=%2Fwp%2Fv2%2Fmedia&parent=29987"}],"wp:term":[{"taxonomy":"category","embeddable":true,"href":"https:\/\/lequotidien.mr\/index.php?rest_route=%2Fwp%2Fv2%2Fcategories&post=29987"},{"taxonomy":"post_tag","embeddable":true,"href":"https:\/\/lequotidien.mr\/index.php?rest_route=%2Fwp%2Fv2%2Ftags&post=29987"}],"curies":[{"name":"wp","href":"https:\/\/api.w.org\/{rel}","templated":true}]}}