{"id":29958,"date":"2025-08-09T23:50:59","date_gmt":"2025-08-09T23:50:59","guid":{"rendered":"https:\/\/lequotidien.mr\/?p=29958"},"modified":"2025-08-09T23:50:59","modified_gmt":"2025-08-09T23:50:59","slug":"brakna-atelier-strategique-devaluation-de-la-campagne-nationale-de-vaccination-du-cheptel","status":"publish","type":"post","link":"https:\/\/lequotidien.mr\/?p=29958&lang=fr","title":{"rendered":"Brakna : Atelier strat\u00e9gique d\u2019\u00e9valuation de la campagne nationale de vaccination du cheptel"},"content":{"rendered":"<p>Le Secr\u00e9taire g\u00e9n\u00e9ral du minist\u00e8re de l\u2019\u00c9levage, M. Sadvi Sidi Mohamed, a pr\u00e9sid\u00e9 ce vendredi \u00e0 Aleg, en compagnie de l\u2019adjoint au wali du Brakna, M. Sidi Mohamed Abdellahi El Bounani, l\u2019ouverture d\u2019un atelier crucial consacr\u00e9 \u00e0 l\u2019\u00e9valuation de la campagne nationale de vaccination du cheptel 2024\/2025 et \u00e0 la pr\u00e9paration de la campagne 2025\/2026.<\/p>\n<p>Cet atelier de deux jours, qui r\u00e9unit les d\u00e9l\u00e9gu\u00e9s r\u00e9gionaux de l\u2019\u00c9levage de toutes les wilayas du pays, les acteurs cl\u00e9s du secteur pastoral et le repr\u00e9sentant du programme d\u2019appui au syst\u00e8me pastoral au Sahel (PRAPS 2), vise \u00e0 dresser un bilan et \u00e0 d\u00e9finir les perspectives pour la sant\u00e9 animale nationale.<\/p>\n<p><strong>L&#8217;\u00e9levage, pilier de l&#8217;\u00e9conomie nationale<\/strong><\/p>\n<p>Dans son discours inaugural, M. Sadvi Sidi Mohamed a soulign\u00e9\u00a0<strong>l&#8217;importance capitale du secteur de l&#8217;\u00e9levage<\/strong>\u00a0pour la Mauritanie. Il a rappel\u00e9 que le Pr\u00e9sident de la R\u00e9publique, Son Excellence M. Mohamed Cheikh El Ghazouani, y accorde\u00a0<strong>&#8220;une attention particuli\u00e8re&#8221;<\/strong>\u00a0en raison de son r\u00f4le central dans le syst\u00e8me \u00e9conomique national.<\/p>\n<p>&#8220;Le cheptel est consid\u00e9r\u00e9 comme un\u00a0<strong>pilier essentiel du d\u00e9veloppement \u00e9conomique et social<\/strong>\u00a0dans notre pays&#8221;, a d\u00e9clar\u00e9 le Secr\u00e9taire g\u00e9n\u00e9ral. Il a mis en avant la &#8220;grande richesse en b\u00e9tail&#8221; dont dispose la Mauritanie, une ressource capable de\u00a0<strong>&#8220;contribuer efficacement \u00e0 la cr\u00e9ation d\u2019emplois, \u00e0 la lutte contre la pauvret\u00e9 et \u00e0 la garantie de la s\u00e9curit\u00e9 alimentaire&#8221;<\/strong>.<\/p>\n<p><strong>Bilan et ambitions pour les campagnes de vaccination<\/strong><\/p>\n<p>Le Secr\u00e9taire g\u00e9n\u00e9ral a d\u00e9taill\u00e9 les\u00a0<strong>r\u00e9sultats significatifs<\/strong>\u00a0de la campagne de vaccination 2024\/2025 :<\/p>\n<p><strong>-6 millions de t\u00eates<\/strong>\u00a0d&#8217;ovins et de caprins vaccin\u00e9es contre la peste des petits ruminants (PPR)\u00a0;<\/p>\n<p><strong>-2,5 millions de t\u00eates<\/strong>\u00a0de bovins vaccin\u00e9es contre la p\u00e9ripneumonie contagieuse bovine (PPCB).<\/p>\n<p>Forte de ce bilan, le minist\u00e8re affiche des\u00a0<strong>objectifs ambitieux pour la campagne 2025\/2026<\/strong>\u00a0:<\/p>\n<p>&#8211;<strong>Porter \u00e0\u00a0<\/strong><strong>8 millions<\/strong><strong>\u00a0le nombre d&#8217;ovins et de caprins \u00e0 vacciner contre la PPR<\/strong>\u00a0;<\/p>\n<p><strong>-Vacciner\u00a03 millions<\/strong><strong>\u00a0de t\u00eates de bovins contre la PPCB<\/strong>\u00a0;<\/p>\n<p>Cette augmentation t\u00e9moigne de la volont\u00e9 des autorit\u00e9s d&#8217;intensifier la protection sanitaire du cheptel national.<\/p>\n<p>Plus t\u00f4t dans la c\u00e9r\u00e9monie, le maire de la commune d\u2019Aleg, M. Youssef Cheikh El Ghadi, et le Secr\u00e9taire g\u00e9n\u00e9ral du Rassemblement National des Associations Pastorales, M. Enne Ahmed El Hadj, avaient pris la parole. Ils ont unanimement\u00a0<strong>salu\u00e9 la haute consid\u00e9ration accord\u00e9e par le Pr\u00e9sident El Ghazouani au secteur de l&#8217;\u00e9levage<\/strong>, rappelant son statut de pilier de l&#8217;\u00e9conomie nationale.<\/p>\n<p>L&#8217;ouverture de cet atelier strat\u00e9gique s&#8217;est d\u00e9roul\u00e9e en pr\u00e9sence du hakem de la moughataa d\u2019Aleg, M. Mohamed El Houssein Dieh, et de plusieurs cadres du Minist\u00e8re de l\u2019\u00c9levage, soulignant l&#8217;importance collective attach\u00e9e \u00e0 la sant\u00e9 animale et au d\u00e9veloppement pastoral en Mauritanie. Les travaux permettront de d\u00e9finir les axes concrets pour atteindre les ambitieux objectifs de vaccination de l&#8217;ann\u00e9e \u00e0 venir.<\/p>\n","protected":false},"excerpt":{"rendered":"<p>Le Secr\u00e9taire g\u00e9n\u00e9ral du minist\u00e8re de l\u2019\u00c9levage, M. Sadvi Sidi Mohamed, a pr\u00e9sid\u00e9 ce vendredi \u00e0 Aleg, en compagnie de l\u2019adjoint au wali du Brakna, M. Sidi Mohamed Abdellahi El Bounani, l\u2019ouverture d\u2019un atelier crucial consacr\u00e9 \u00e0 l\u2019\u00e9valuation de la campagne nationale de vaccination du cheptel 2024\/2025 et \u00e0 la pr\u00e9paration de la campagne 2025\/2026&#8230;&#8230;<\/p>\n","protected":false},"author":12,"featured_media":29960,"comment_status":"open","ping_status":"open","sticky":false,"template":"","format":"standard","meta":{"footnotes":""},"categories":[23,49],"tags":[],"class_list":["post-29958","post","type-post","status-publish","format-standard","has-post-thumbnail","hentry","category-actualite","category-economie"],"yoast_head":"<!-- This site is optimized with the Yoast SEO plugin v27.5 - https:\/\/yoast.com\/product\/yoast-seo-wordpress\/ -->\n<title>Brakna : Atelier strat\u00e9gique d\u2019\u00e9valuation de la campagne nationale de vaccination du cheptel - Le Quotidien de Nouakchott<\/title>\n<meta name=\"robots\" content=\"index, follow, max-snippet:-1, max-image-preview:large, max-video-preview:-1\" \/>\n<link rel=\"canonical\" href=\"https:\/\/lequotidien.mr\/?p=29958&lang=fr\" \/>\n<meta property=\"og:locale\" content=\"ar_AR\" \/>\n<meta property=\"og:type\" content=\"article\" \/>\n<meta property=\"og:title\" content=\"Brakna : Atelier strat\u00e9gique d\u2019\u00e9valuation de la campagne nationale de vaccination du cheptel - Le Quotidien de Nouakchott\" \/>\n<meta property=\"og:description\" content=\"Le Secr\u00e9taire g\u00e9n\u00e9ral du minist\u00e8re de l\u2019\u00c9levage, M. Sadvi Sidi Mohamed, a pr\u00e9sid\u00e9 ce vendredi \u00e0 Aleg, en compagnie de l\u2019adjoint au wali du Brakna, M. Sidi Mohamed Abdellahi El Bounani, l\u2019ouverture d\u2019un atelier crucial consacr\u00e9 \u00e0 l\u2019\u00e9valuation de la campagne nationale de vaccination du cheptel 2024\/2025 et \u00e0 la pr\u00e9paration de la campagne 2025\/2026......\" \/>\n<meta property=\"og:url\" content=\"https:\/\/lequotidien.mr\/?p=29958&amp;lang=fr\" \/>\n<meta property=\"og:site_name\" content=\"Le Quotidien de Nouakchott\" \/>\n<meta property=\"article:publisher\" content=\"https:\/\/web.facebook.com\/lequotidienmr\" \/>\n<meta property=\"article:published_time\" content=\"2025-08-09T23:50:59+00:00\" \/>\n<meta property=\"og:image\" content=\"https:\/\/lequotidien.mr\/wp-content\/uploads\/2025\/08\/photo-vaccination-cheptel.jpg\" \/>\n\t<meta property=\"og:image:width\" content=\"577\" \/>\n\t<meta property=\"og:image:height\" content=\"430\" \/>\n\t<meta property=\"og:image:type\" content=\"image\/jpeg\" \/>\n<meta name=\"author\" content=\"Med Ahmed\" \/>\n<meta name=\"twitter:card\" content=\"summary_large_image\" \/>\n<meta name=\"twitter:creator\" content=\"@lequotidienmr\" \/>\n<meta name=\"twitter:site\" content=\"@lequotidienmr\" \/>\n<meta name=\"twitter:label1\" content=\"\u0643\u064f\u062a\u0628 \u0628\u0648\u0627\u0633\u0637\u0629\" \/>\n\t<meta name=\"twitter:data1\" content=\"Med Ahmed\" \/>\n\t<meta name=\"twitter:label2\" content=\"\u0648\u0642\u062a \u0627\u0644\u0642\u0631\u0627\u0621\u0629 \u0627\u0644\u0645\u064f\u0642\u062f\u0651\u0631\" \/>\n\t<meta name=\"twitter:data2\" content=\"4 \u062f\u0642\u0627\u0626\u0642\" \/>\n<script type=\"application\/ld+json\" class=\"yoast-schema-graph\">{\"@context\":\"https:\\\/\\\/schema.org\",\"@graph\":[{\"@type\":\"Article\",\"@id\":\"https:\\\/\\\/lequotidien.mr\\\/?p=29958&lang=fr#article\",\"isPartOf\":{\"@id\":\"https:\\\/\\\/lequotidien.mr\\\/?p=29958&lang=fr\"},\"author\":{\"name\":\"Med Ahmed\",\"@id\":\"https:\\\/\\\/lequotidien.mr\\\/#\\\/schema\\\/person\\\/d2d350202a4d599685ed8abc25f97596\"},\"headline\":\"Brakna : Atelier strat\u00e9gique d\u2019\u00e9valuation de la campagne nationale de vaccination du cheptel\",\"datePublished\":\"2025-08-09T23:50:59+00:00\",\"mainEntityOfPage\":{\"@id\":\"https:\\\/\\\/lequotidien.mr\\\/?p=29958&lang=fr\"},\"wordCount\":528,\"commentCount\":0,\"publisher\":{\"@id\":\"https:\\\/\\\/lequotidien.mr\\\/#organization\"},\"image\":{\"@id\":\"https:\\\/\\\/lequotidien.mr\\\/?p=29958&lang=fr#primaryimage\"},\"thumbnailUrl\":\"https:\\\/\\\/lequotidien.mr\\\/wp-content\\\/uploads\\\/2025\\\/08\\\/photo-vaccination-cheptel.jpg\",\"articleSection\":[\"ACTUALIT\u00c9\",\"Economie\"],\"inLanguage\":\"ar\",\"potentialAction\":[{\"@type\":\"CommentAction\",\"name\":\"Comment\",\"target\":[\"https:\\\/\\\/lequotidien.mr\\\/?p=29958&lang=fr#respond\"]}]},{\"@type\":\"WebPage\",\"@id\":\"https:\\\/\\\/lequotidien.mr\\\/?p=29958&lang=fr\",\"url\":\"https:\\\/\\\/lequotidien.mr\\\/?p=29958&lang=fr\",\"name\":\"Brakna : Atelier strat\u00e9gique d\u2019\u00e9valuation de la campagne nationale de vaccination du cheptel - Le Quotidien de Nouakchott\",\"isPartOf\":{\"@id\":\"https:\\\/\\\/lequotidien.mr\\\/#website\"},\"primaryImageOfPage\":{\"@id\":\"https:\\\/\\\/lequotidien.mr\\\/?p=29958&lang=fr#primaryimage\"},\"image\":{\"@id\":\"https:\\\/\\\/lequotidien.mr\\\/?p=29958&lang=fr#primaryimage\"},\"thumbnailUrl\":\"https:\\\/\\\/lequotidien.mr\\\/wp-content\\\/uploads\\\/2025\\\/08\\\/photo-vaccination-cheptel.jpg\",\"datePublished\":\"2025-08-09T23:50:59+00:00\",\"breadcrumb\":{\"@id\":\"https:\\\/\\\/lequotidien.mr\\\/?p=29958&lang=fr#breadcrumb\"},\"inLanguage\":\"ar\",\"potentialAction\":[{\"@type\":\"ReadAction\",\"target\":[\"https:\\\/\\\/lequotidien.mr\\\/?p=29958&lang=fr\"]}]},{\"@type\":\"ImageObject\",\"inLanguage\":\"ar\",\"@id\":\"https:\\\/\\\/lequotidien.mr\\\/?p=29958&lang=fr#primaryimage\",\"url\":\"https:\\\/\\\/lequotidien.mr\\\/wp-content\\\/uploads\\\/2025\\\/08\\\/photo-vaccination-cheptel.jpg\",\"contentUrl\":\"https:\\\/\\\/lequotidien.mr\\\/wp-content\\\/uploads\\\/2025\\\/08\\\/photo-vaccination-cheptel.jpg\",\"width\":577,\"height\":430},{\"@type\":\"BreadcrumbList\",\"@id\":\"https:\\\/\\\/lequotidien.mr\\\/?p=29958&lang=fr#breadcrumb\",\"itemListElement\":[{\"@type\":\"ListItem\",\"position\":1,\"name\":\"Home\",\"item\":\"https:\\\/\\\/lequotidien.mr\\\/\"},{\"@type\":\"ListItem\",\"position\":2,\"name\":\"Brakna : Atelier strat\u00e9gique d\u2019\u00e9valuation de la campagne nationale de vaccination du cheptel\"}]},{\"@type\":\"WebSite\",\"@id\":\"https:\\\/\\\/lequotidien.mr\\\/#website\",\"url\":\"https:\\\/\\\/lequotidien.mr\\\/\",\"name\":\"Le Quotidien de Nouakchott\",\"description\":\"\u0625\u062e\u0628\u0627\u0631\u064a\u0629 \u0645\u0633\u062a\u0642\u0644\u0629 \u0644\u0644\u0623\u0646\u0628\u0627\u0621 \u0627\u0644\u0639\u0627\u0645\u0629\",\"publisher\":{\"@id\":\"https:\\\/\\\/lequotidien.mr\\\/#organization\"},\"potentialAction\":[{\"@type\":\"SearchAction\",\"target\":{\"@type\":\"EntryPoint\",\"urlTemplate\":\"https:\\\/\\\/lequotidien.mr\\\/?s={search_term_string}\"},\"query-input\":{\"@type\":\"PropertyValueSpecification\",\"valueRequired\":true,\"valueName\":\"search_term_string\"}}],\"inLanguage\":\"ar\"},{\"@type\":\"Organization\",\"@id\":\"https:\\\/\\\/lequotidien.mr\\\/#organization\",\"name\":\"Le Quotidien de Nouakchott\",\"url\":\"https:\\\/\\\/lequotidien.mr\\\/\",\"logo\":{\"@type\":\"ImageObject\",\"inLanguage\":\"ar\",\"@id\":\"https:\\\/\\\/lequotidien.mr\\\/#\\\/schema\\\/logo\\\/image\\\/\",\"url\":\"https:\\\/\\\/lequotidien.mr\\\/wp-content\\\/uploads\\\/2022\\\/11\\\/logolequotidien.jpg\",\"contentUrl\":\"https:\\\/\\\/lequotidien.mr\\\/wp-content\\\/uploads\\\/2022\\\/11\\\/logolequotidien.jpg\",\"width\":290,\"height\":65,\"caption\":\"Le Quotidien de Nouakchott\"},\"image\":{\"@id\":\"https:\\\/\\\/lequotidien.mr\\\/#\\\/schema\\\/logo\\\/image\\\/\"},\"sameAs\":[\"https:\\\/\\\/web.facebook.com\\\/lequotidienmr\",\"https:\\\/\\\/x.com\\\/lequotidienmr\"]},{\"@type\":\"Person\",\"@id\":\"https:\\\/\\\/lequotidien.mr\\\/#\\\/schema\\\/person\\\/d2d350202a4d599685ed8abc25f97596\",\"name\":\"Med Ahmed\",\"image\":{\"@type\":\"ImageObject\",\"inLanguage\":\"ar\",\"@id\":\"https:\\\/\\\/secure.gravatar.com\\\/avatar\\\/fd2acc62ed50732923d1d39c17172c9b04149f142be92310ecc69e1358f94b52?s=96&d=mm&r=g\",\"url\":\"https:\\\/\\\/secure.gravatar.com\\\/avatar\\\/fd2acc62ed50732923d1d39c17172c9b04149f142be92310ecc69e1358f94b52?s=96&d=mm&r=g\",\"contentUrl\":\"https:\\\/\\\/secure.gravatar.com\\\/avatar\\\/fd2acc62ed50732923d1d39c17172c9b04149f142be92310ecc69e1358f94b52?s=96&d=mm&r=g\",\"caption\":\"Med Ahmed\"},\"url\":\"https:\\\/\\\/lequotidien.mr\\\/?author=12\"}]}<\/script>\n<!-- \/ Yoast SEO plugin. -->","yoast_head_json":{"title":"Brakna : Atelier strat\u00e9gique d\u2019\u00e9valuation de la campagne nationale de vaccination du cheptel - Le Quotidien de Nouakchott","robots":{"index":"index","follow":"follow","max-snippet":"max-snippet:-1","max-image-preview":"max-image-preview:large","max-video-preview":"max-video-preview:-1"},"canonical":"https:\/\/lequotidien.mr\/?p=29958&lang=fr","og_locale":"ar_AR","og_type":"article","og_title":"Brakna : Atelier strat\u00e9gique d\u2019\u00e9valuation de la campagne nationale de vaccination du cheptel - Le Quotidien de Nouakchott","og_description":"Le Secr\u00e9taire g\u00e9n\u00e9ral du minist\u00e8re de l\u2019\u00c9levage, M. Sadvi Sidi Mohamed, a pr\u00e9sid\u00e9 ce vendredi \u00e0 Aleg, en compagnie de l\u2019adjoint au wali du Brakna, M. Sidi Mohamed Abdellahi El Bounani, l\u2019ouverture d\u2019un atelier crucial consacr\u00e9 \u00e0 l\u2019\u00e9valuation de la campagne nationale de vaccination du cheptel 2024\/2025 et \u00e0 la pr\u00e9paration de la campagne 2025\/2026......","og_url":"https:\/\/lequotidien.mr\/?p=29958&lang=fr","og_site_name":"Le Quotidien de Nouakchott","article_publisher":"https:\/\/web.facebook.com\/lequotidienmr","article_published_time":"2025-08-09T23:50:59+00:00","og_image":[{"width":577,"height":430,"url":"https:\/\/lequotidien.mr\/wp-content\/uploads\/2025\/08\/photo-vaccination-cheptel.jpg","type":"image\/jpeg"}],"author":"Med Ahmed","twitter_card":"summary_large_image","twitter_creator":"@lequotidienmr","twitter_site":"@lequotidienmr","twitter_misc":{"\u0643\u064f\u062a\u0628 \u0628\u0648\u0627\u0633\u0637\u0629":"Med Ahmed","\u0648\u0642\u062a \u0627\u0644\u0642\u0631\u0627\u0621\u0629 \u0627\u0644\u0645\u064f\u0642\u062f\u0651\u0631":"4 \u062f\u0642\u0627\u0626\u0642"},"schema":{"@context":"https:\/\/schema.org","@graph":[{"@type":"Article","@id":"https:\/\/lequotidien.mr\/?p=29958&lang=fr#article","isPartOf":{"@id":"https:\/\/lequotidien.mr\/?p=29958&lang=fr"},"author":{"name":"Med Ahmed","@id":"https:\/\/lequotidien.mr\/#\/schema\/person\/d2d350202a4d599685ed8abc25f97596"},"headline":"Brakna : Atelier strat\u00e9gique d\u2019\u00e9valuation de la campagne nationale de vaccination du cheptel","datePublished":"2025-08-09T23:50:59+00:00","mainEntityOfPage":{"@id":"https:\/\/lequotidien.mr\/?p=29958&lang=fr"},"wordCount":528,"commentCount":0,"publisher":{"@id":"https:\/\/lequotidien.mr\/#organization"},"image":{"@id":"https:\/\/lequotidien.mr\/?p=29958&lang=fr#primaryimage"},"thumbnailUrl":"https:\/\/lequotidien.mr\/wp-content\/uploads\/2025\/08\/photo-vaccination-cheptel.jpg","articleSection":["ACTUALIT\u00c9","Economie"],"inLanguage":"ar","potentialAction":[{"@type":"CommentAction","name":"Comment","target":["https:\/\/lequotidien.mr\/?p=29958&lang=fr#respond"]}]},{"@type":"WebPage","@id":"https:\/\/lequotidien.mr\/?p=29958&lang=fr","url":"https:\/\/lequotidien.mr\/?p=29958&lang=fr","name":"Brakna : Atelier strat\u00e9gique d\u2019\u00e9valuation de la campagne nationale de vaccination du cheptel - Le Quotidien de Nouakchott","isPartOf":{"@id":"https:\/\/lequotidien.mr\/#website"},"primaryImageOfPage":{"@id":"https:\/\/lequotidien.mr\/?p=29958&lang=fr#primaryimage"},"image":{"@id":"https:\/\/lequotidien.mr\/?p=29958&lang=fr#primaryimage"},"thumbnailUrl":"https:\/\/lequotidien.mr\/wp-content\/uploads\/2025\/08\/photo-vaccination-cheptel.jpg","datePublished":"2025-08-09T23:50:59+00:00","breadcrumb":{"@id":"https:\/\/lequotidien.mr\/?p=29958&lang=fr#breadcrumb"},"inLanguage":"ar","potentialAction":[{"@type":"ReadAction","target":["https:\/\/lequotidien.mr\/?p=29958&lang=fr"]}]},{"@type":"ImageObject","inLanguage":"ar","@id":"https:\/\/lequotidien.mr\/?p=29958&lang=fr#primaryimage","url":"https:\/\/lequotidien.mr\/wp-content\/uploads\/2025\/08\/photo-vaccination-cheptel.jpg","contentUrl":"https:\/\/lequotidien.mr\/wp-content\/uploads\/2025\/08\/photo-vaccination-cheptel.jpg","width":577,"height":430},{"@type":"BreadcrumbList","@id":"https:\/\/lequotidien.mr\/?p=29958&lang=fr#breadcrumb","itemListElement":[{"@type":"ListItem","position":1,"name":"Home","item":"https:\/\/lequotidien.mr\/"},{"@type":"ListItem","position":2,"name":"Brakna : Atelier strat\u00e9gique d\u2019\u00e9valuation de la campagne nationale de vaccination du cheptel"}]},{"@type":"WebSite","@id":"https:\/\/lequotidien.mr\/#website","url":"https:\/\/lequotidien.mr\/","name":"Le Quotidien de Nouakchott","description":"\u0625\u062e\u0628\u0627\u0631\u064a\u0629 \u0645\u0633\u062a\u0642\u0644\u0629 \u0644\u0644\u0623\u0646\u0628\u0627\u0621 \u0627\u0644\u0639\u0627\u0645\u0629","publisher":{"@id":"https:\/\/lequotidien.mr\/#organization"},"potentialAction":[{"@type":"SearchAction","target":{"@type":"EntryPoint","urlTemplate":"https:\/\/lequotidien.mr\/?s={search_term_string}"},"query-input":{"@type":"PropertyValueSpecification","valueRequired":true,"valueName":"search_term_string"}}],"inLanguage":"ar"},{"@type":"Organization","@id":"https:\/\/lequotidien.mr\/#organization","name":"Le Quotidien de Nouakchott","url":"https:\/\/lequotidien.mr\/","logo":{"@type":"ImageObject","inLanguage":"ar","@id":"https:\/\/lequotidien.mr\/#\/schema\/logo\/image\/","url":"https:\/\/lequotidien.mr\/wp-content\/uploads\/2022\/11\/logolequotidien.jpg","contentUrl":"https:\/\/lequotidien.mr\/wp-content\/uploads\/2022\/11\/logolequotidien.jpg","width":290,"height":65,"caption":"Le Quotidien de Nouakchott"},"image":{"@id":"https:\/\/lequotidien.mr\/#\/schema\/logo\/image\/"},"sameAs":["https:\/\/web.facebook.com\/lequotidienmr","https:\/\/x.com\/lequotidienmr"]},{"@type":"Person","@id":"https:\/\/lequotidien.mr\/#\/schema\/person\/d2d350202a4d599685ed8abc25f97596","name":"Med Ahmed","image":{"@type":"ImageObject","inLanguage":"ar","@id":"https:\/\/secure.gravatar.com\/avatar\/fd2acc62ed50732923d1d39c17172c9b04149f142be92310ecc69e1358f94b52?s=96&d=mm&r=g","url":"https:\/\/secure.gravatar.com\/avatar\/fd2acc62ed50732923d1d39c17172c9b04149f142be92310ecc69e1358f94b52?s=96&d=mm&r=g","contentUrl":"https:\/\/secure.gravatar.com\/avatar\/fd2acc62ed50732923d1d39c17172c9b04149f142be92310ecc69e1358f94b52?s=96&d=mm&r=g","caption":"Med Ahmed"},"url":"https:\/\/lequotidien.mr\/?author=12"}]}},"_links":{"self":[{"href":"https:\/\/lequotidien.mr\/index.php?rest_route=\/wp\/v2\/posts\/29958","targetHints":{"allow":["GET"]}}],"collection":[{"href":"https:\/\/lequotidien.mr\/index.php?rest_route=\/wp\/v2\/posts"}],"about":[{"href":"https:\/\/lequotidien.mr\/index.php?rest_route=\/wp\/v2\/types\/post"}],"author":[{"embeddable":true,"href":"https:\/\/lequotidien.mr\/index.php?rest_route=\/wp\/v2\/users\/12"}],"replies":[{"embeddable":true,"href":"https:\/\/lequotidien.mr\/index.php?rest_route=%2Fwp%2Fv2%2Fcomments&post=29958"}],"version-history":[{"count":1,"href":"https:\/\/lequotidien.mr\/index.php?rest_route=\/wp\/v2\/posts\/29958\/revisions"}],"predecessor-version":[{"id":29961,"href":"https:\/\/lequotidien.mr\/index.php?rest_route=\/wp\/v2\/posts\/29958\/revisions\/29961"}],"wp:featuredmedia":[{"embeddable":true,"href":"https:\/\/lequotidien.mr\/index.php?rest_route=\/wp\/v2\/media\/29960"}],"wp:attachment":[{"href":"https:\/\/lequotidien.mr\/index.php?rest_route=%2Fwp%2Fv2%2Fmedia&parent=29958"}],"wp:term":[{"taxonomy":"category","embeddable":true,"href":"https:\/\/lequotidien.mr\/index.php?rest_route=%2Fwp%2Fv2%2Fcategories&post=29958"},{"taxonomy":"post_tag","embeddable":true,"href":"https:\/\/lequotidien.mr\/index.php?rest_route=%2Fwp%2Fv2%2Ftags&post=29958"}],"curies":[{"name":"wp","href":"https:\/\/api.w.org\/{rel}","templated":true}]}}