{"id":29955,"date":"2025-08-09T23:09:21","date_gmt":"2025-08-09T23:09:21","guid":{"rendered":"https:\/\/lequotidien.mr\/?p=29955"},"modified":"2025-08-09T23:09:21","modified_gmt":"2025-08-09T23:09:21","slug":"honneur-aux-meritants-la-premiere-dame-celebre-lexcellence-scolaire","status":"publish","type":"post","link":"https:\/\/lequotidien.mr\/?p=29955&lang=fr","title":{"rendered":"Honneur aux m\u00e9ritants : La Premi\u00e8re Dame c\u00e9l\u00e8bre l&#8217;excellence scolaire"},"content":{"rendered":"<p>Dans une atmosph\u00e8re empreinte de fiert\u00e9 et de c\u00e9l\u00e9bration, la Premi\u00e8re Dame de Mauritanie, Dr Mari\u00e8me Mohamed Fadel Dah, a pr\u00e9sid\u00e9, vendredi soir au Palais pr\u00e9sidentiel de Nouakchott, une c\u00e9r\u00e9monie d&#8217;hommage d\u00e9di\u00e9e aux \u00e9l\u00e8ves ayant brillamment r\u00e9ussi leurs examens nationaux. L&#8217;\u00e9v\u00e9nement s&#8217;est d\u00e9roul\u00e9 en pr\u00e9sence de plusieurs personnalit\u00e9s du secteur \u00e9ducatif et des familles des laur\u00e9ats, dont certains \u00e9l\u00e8ves \u00e0 besoins sp\u00e9cifiques, soulignant ainsi l&#8217;inclusivit\u00e9 de cette reconnaissance.<\/p>\n<p>La c\u00e9r\u00e9monie, marqu\u00e9e par une ambiance festive, a \u00e9t\u00e9 l&#8217;occasion de mettre en lumi\u00e8re les r\u00e9sultats honorables obtenus par la jeunesse mauritanienne. Prenant la parole, la Premi\u00e8re Dame a exprim\u00e9 sa joie de rencontrer les \u00e9l\u00e8ves m\u00e9ritants et leurs parents. Elle a salu\u00e9 &#8220;les efforts collectifs&#8221; ayant conduit \u00e0 cette excellence remarquable, rendant hommage aussi bien au travail des \u00e9l\u00e8ves eux-m\u00eames qu&#8217;au soutien ind\u00e9fectible de leurs familles et du personnel \u00e9ducatif.<\/p>\n<p>Dr Mari\u00e8me Fadel Dah a particuli\u00e8rement soulign\u00e9 la valeur des parcours pr\u00e9sent\u00e9s, voyant dans les &#8220;histoires de r\u00e9ussite et de d\u00e9fi&#8221; entendues ce soir-l\u00e0 le reflet de la r\u00e9alit\u00e9 de &#8220;milliers d&#8217;\u00e9tudiants en Mauritanie qui font face aux difficult\u00e9s avec d\u00e9termination et pers\u00e9v\u00e9rance&#8221;. Elle a \u00e9t\u00e9 sp\u00e9cialement touch\u00e9e par le t\u00e9moignage d&#8217;un \u00e9l\u00e8ve attribuant sa r\u00e9ussite au d\u00e9sir de rendre sa m\u00e8re heureuse, voyant dans cette intention sinc\u00e8re une source de joie universelle.<\/p>\n<p><strong>L&#8217;excellence f\u00e9minine \u00e0 l&#8217;honneur <\/strong><\/p>\n<p>La Premi\u00e8re Dame a mis en exergue un fait marquant de cette ann\u00e9e scolaire : &#8220;l&#8217;excellence remarquable des filles dans divers examens nationaux&#8221;. Elle a qualifi\u00e9 ces &#8220;succ\u00e8s f\u00e9minins historiques&#8221; de v\u00e9ritables &#8220;messages de force et d\u2019inspiration&#8221;, m\u00e9ritant d&#8217;\u00eatre c\u00e9l\u00e9br\u00e9s. C&#8217;est d&#8217;ailleurs cette ambition de c\u00e9l\u00e9bration qui l&#8217;a personnellement incit\u00e9e \u00e0 organiser cette c\u00e9r\u00e9monie, honorant \u00e0 parts \u00e9gales les laur\u00e9ats et les laur\u00e9ates. Elle a exprim\u00e9 le souhait de faire de cet hommage une &#8220;tradition annuelle&#8221;.<\/p>\n<p>Cet hommage, a-t-elle insist\u00e9, ne s&#8217;adressait pas uniquement aux \u00e9tudiants. Il visait \u00e9galement \u00e0 reconna\u00eetre le r\u00f4le crucial des familles : &#8220;les familles qui ont fait de grands efforts pour \u00e9lever, nourrir et soutenir leurs enfants&#8221;. Elle a adress\u00e9 ses remerciements aux m\u00e8res et aux p\u00e8res pour leur contribution essentielle sur le chemin de la r\u00e9ussite.<\/p>\n<p><strong>Investir dans l&#8217;\u00e9ducation pour b\u00e2tir l&#8217;avenir<\/strong><\/p>\n<p>Dans son discours, Dr Mari\u00e8me Fadel Dah a rappel\u00e9 une conviction fondamentale : &#8220;l\u2019investissement dans l\u2019\u00e9ducation est le seul moyen de cr\u00e9er l\u2019avenir&#8221;. Elle a lanc\u00e9 un appel aux laur\u00e9ats pour qu&#8217;ils continuent &#8220;d\u2019exceller dans leur carri\u00e8re universitaire et professionnelle&#8221;, les exhortant \u00e0 &#8220;croire en l\u2019importance de la science comme moyen de changement individuel et collectif&#8221;. Elle a conclu en leur exprimant sa &#8220;fiert\u00e9 personnelle&#8221; et en leur souhaitant &#8220;un avenir radieux&#8221;.<\/p>\n<p>En retour, les repr\u00e9sentants des \u00e9l\u00e8ves distingu\u00e9s ont pris la parole pour saluer &#8220;les efforts d\u00e9ploy\u00e9s par Son Excellence le Pr\u00e9sident de la R\u00e9publique&#8221;. Ils ont reconnu la mise en place de &#8220;conditions d\u2019enseignement appropri\u00e9es&#8221; et la &#8220;grande volont\u00e9&#8221; du chef de l&#8217;\u00c9tat d&#8217;honorer cette g\u00e9n\u00e9ration. Ils ont vu dans l&#8217;hommage rendu par la Premi\u00e8re Dame &#8220;une incitation suppl\u00e9mentaire \u00e0 continuer \u00e0 viser l\u2019excellence&#8221; dans leurs futures \u00e9tudes, soulignant que &#8220;de telles mesures renforcent leur motivation \u00e0 accomplir davantage&#8221;.<\/p>\n<p>La c\u00e9r\u00e9monie s&#8217;est d\u00e9roul\u00e9e en pr\u00e9sence de hautes personnalit\u00e9s, notamment Mme Aissata Ba Yahya, Ministre Conseill\u00e8re du Pr\u00e9sident de la R\u00e9publique, Mme Houda Babah, Ministre de l\u2019\u00c9ducation et de la R\u00e9forme du Syst\u00e8me d\u2019Enseignement, et Mme Safia Ntahah, Ministre de l\u2019Action Sociale, de l\u2019Enfance et de la Famille, t\u00e9moignant de l&#8217;importance accord\u00e9e par les plus hautes autorit\u00e9s \u00e0 la jeunesse et \u00e0 l&#8217;excellence \u00e9ducative en Mauritanie.<\/p>\n<h1><\/h1>\n","protected":false},"excerpt":{"rendered":"<p>Dans une atmosph\u00e8re empreinte de fiert\u00e9 et de c\u00e9l\u00e9bration, la Premi\u00e8re Dame de Mauritanie, Dr Mari\u00e8me Mohamed Fadel Dah, a pr\u00e9sid\u00e9, vendredi soir au Palais pr\u00e9sidentiel de Nouakchott, une c\u00e9r\u00e9monie d&#8217;hommage d\u00e9di\u00e9e aux \u00e9l\u00e8ves ayant brillamment r\u00e9ussi leurs examens nationaux. L&#8217;\u00e9v\u00e9nement s&#8217;est d\u00e9roul\u00e9 en pr\u00e9sence de plusieurs personnalit\u00e9s du secteur \u00e9ducatif et des familles des&#8230;..<\/p>\n","protected":false},"author":12,"featured_media":29956,"comment_status":"open","ping_status":"open","sticky":false,"template":"","format":"standard","meta":{"footnotes":""},"categories":[23,55],"tags":[],"class_list":["post-29955","post","type-post","status-publish","format-standard","has-post-thumbnail","hentry","category-actualite","category-culture"],"yoast_head":"<!-- This site is optimized with the Yoast SEO plugin v27.5 - https:\/\/yoast.com\/product\/yoast-seo-wordpress\/ -->\n<title>Honneur aux m\u00e9ritants : La Premi\u00e8re Dame c\u00e9l\u00e8bre l&#039;excellence scolaire - Le Quotidien de Nouakchott<\/title>\n<meta name=\"robots\" content=\"index, follow, max-snippet:-1, max-image-preview:large, max-video-preview:-1\" \/>\n<link rel=\"canonical\" href=\"https:\/\/lequotidien.mr\/?p=29955&lang=fr\" \/>\n<meta property=\"og:locale\" content=\"ar_AR\" \/>\n<meta property=\"og:type\" content=\"article\" \/>\n<meta property=\"og:title\" content=\"Honneur aux m\u00e9ritants : La Premi\u00e8re Dame c\u00e9l\u00e8bre l&#039;excellence scolaire - Le Quotidien de Nouakchott\" \/>\n<meta property=\"og:description\" content=\"Dans une atmosph\u00e8re empreinte de fiert\u00e9 et de c\u00e9l\u00e9bration, la Premi\u00e8re Dame de Mauritanie, Dr Mari\u00e8me Mohamed Fadel Dah, a pr\u00e9sid\u00e9, vendredi soir au Palais pr\u00e9sidentiel de Nouakchott, une c\u00e9r\u00e9monie d&#8217;hommage d\u00e9di\u00e9e aux \u00e9l\u00e8ves ayant brillamment r\u00e9ussi leurs examens nationaux. L&#8217;\u00e9v\u00e9nement s&#8217;est d\u00e9roul\u00e9 en pr\u00e9sence de plusieurs personnalit\u00e9s du secteur \u00e9ducatif et des familles des.....\" \/>\n<meta property=\"og:url\" content=\"https:\/\/lequotidien.mr\/?p=29955&amp;lang=fr\" \/>\n<meta property=\"og:site_name\" content=\"Le Quotidien de Nouakchott\" \/>\n<meta property=\"article:publisher\" content=\"https:\/\/web.facebook.com\/lequotidienmr\" \/>\n<meta property=\"article:published_time\" content=\"2025-08-09T23:09:21+00:00\" \/>\n<meta property=\"og:image\" content=\"https:\/\/lequotidien.mr\/wp-content\/uploads\/2025\/08\/photo-prix-1ere-dame.gif\" \/>\n\t<meta property=\"og:image:width\" content=\"600\" \/>\n\t<meta property=\"og:image:height\" content=\"360\" \/>\n\t<meta property=\"og:image:type\" content=\"image\/gif\" \/>\n<meta name=\"author\" content=\"Med Ahmed\" \/>\n<meta name=\"twitter:card\" content=\"summary_large_image\" \/>\n<meta name=\"twitter:creator\" content=\"@lequotidienmr\" \/>\n<meta name=\"twitter:site\" content=\"@lequotidienmr\" \/>\n<meta name=\"twitter:label1\" content=\"\u0643\u064f\u062a\u0628 \u0628\u0648\u0627\u0633\u0637\u0629\" \/>\n\t<meta name=\"twitter:data1\" content=\"Med Ahmed\" \/>\n\t<meta name=\"twitter:label2\" content=\"\u0648\u0642\u062a \u0627\u0644\u0642\u0631\u0627\u0621\u0629 \u0627\u0644\u0645\u064f\u0642\u062f\u0651\u0631\" \/>\n\t<meta name=\"twitter:data2\" content=\"5 \u062f\u0642\u0627\u0626\u0642\" \/>\n<script type=\"application\/ld+json\" class=\"yoast-schema-graph\">{\"@context\":\"https:\\\/\\\/schema.org\",\"@graph\":[{\"@type\":\"Article\",\"@id\":\"https:\\\/\\\/lequotidien.mr\\\/?p=29955&lang=fr#article\",\"isPartOf\":{\"@id\":\"https:\\\/\\\/lequotidien.mr\\\/?p=29955&lang=fr\"},\"author\":{\"name\":\"Med Ahmed\",\"@id\":\"https:\\\/\\\/lequotidien.mr\\\/#\\\/schema\\\/person\\\/d2d350202a4d599685ed8abc25f97596\"},\"headline\":\"Honneur aux m\u00e9ritants : La Premi\u00e8re Dame c\u00e9l\u00e8bre l&#8217;excellence scolaire\",\"datePublished\":\"2025-08-09T23:09:21+00:00\",\"mainEntityOfPage\":{\"@id\":\"https:\\\/\\\/lequotidien.mr\\\/?p=29955&lang=fr\"},\"wordCount\":710,\"commentCount\":0,\"publisher\":{\"@id\":\"https:\\\/\\\/lequotidien.mr\\\/#organization\"},\"image\":{\"@id\":\"https:\\\/\\\/lequotidien.mr\\\/?p=29955&lang=fr#primaryimage\"},\"thumbnailUrl\":\"https:\\\/\\\/lequotidien.mr\\\/wp-content\\\/uploads\\\/2025\\\/08\\\/photo-prix-1ere-dame.gif\",\"articleSection\":[\"ACTUALIT\u00c9\",\"Culture\"],\"inLanguage\":\"ar\",\"potentialAction\":[{\"@type\":\"CommentAction\",\"name\":\"Comment\",\"target\":[\"https:\\\/\\\/lequotidien.mr\\\/?p=29955&lang=fr#respond\"]}]},{\"@type\":\"WebPage\",\"@id\":\"https:\\\/\\\/lequotidien.mr\\\/?p=29955&lang=fr\",\"url\":\"https:\\\/\\\/lequotidien.mr\\\/?p=29955&lang=fr\",\"name\":\"Honneur aux m\u00e9ritants : La Premi\u00e8re Dame c\u00e9l\u00e8bre l'excellence scolaire - Le Quotidien de Nouakchott\",\"isPartOf\":{\"@id\":\"https:\\\/\\\/lequotidien.mr\\\/#website\"},\"primaryImageOfPage\":{\"@id\":\"https:\\\/\\\/lequotidien.mr\\\/?p=29955&lang=fr#primaryimage\"},\"image\":{\"@id\":\"https:\\\/\\\/lequotidien.mr\\\/?p=29955&lang=fr#primaryimage\"},\"thumbnailUrl\":\"https:\\\/\\\/lequotidien.mr\\\/wp-content\\\/uploads\\\/2025\\\/08\\\/photo-prix-1ere-dame.gif\",\"datePublished\":\"2025-08-09T23:09:21+00:00\",\"breadcrumb\":{\"@id\":\"https:\\\/\\\/lequotidien.mr\\\/?p=29955&lang=fr#breadcrumb\"},\"inLanguage\":\"ar\",\"potentialAction\":[{\"@type\":\"ReadAction\",\"target\":[\"https:\\\/\\\/lequotidien.mr\\\/?p=29955&lang=fr\"]}]},{\"@type\":\"ImageObject\",\"inLanguage\":\"ar\",\"@id\":\"https:\\\/\\\/lequotidien.mr\\\/?p=29955&lang=fr#primaryimage\",\"url\":\"https:\\\/\\\/lequotidien.mr\\\/wp-content\\\/uploads\\\/2025\\\/08\\\/photo-prix-1ere-dame.gif\",\"contentUrl\":\"https:\\\/\\\/lequotidien.mr\\\/wp-content\\\/uploads\\\/2025\\\/08\\\/photo-prix-1ere-dame.gif\",\"width\":600,\"height\":360},{\"@type\":\"BreadcrumbList\",\"@id\":\"https:\\\/\\\/lequotidien.mr\\\/?p=29955&lang=fr#breadcrumb\",\"itemListElement\":[{\"@type\":\"ListItem\",\"position\":1,\"name\":\"Home\",\"item\":\"https:\\\/\\\/lequotidien.mr\\\/\"},{\"@type\":\"ListItem\",\"position\":2,\"name\":\"Honneur aux m\u00e9ritants : La Premi\u00e8re Dame c\u00e9l\u00e8bre l&rsquo;excellence scolaire\"}]},{\"@type\":\"WebSite\",\"@id\":\"https:\\\/\\\/lequotidien.mr\\\/#website\",\"url\":\"https:\\\/\\\/lequotidien.mr\\\/\",\"name\":\"Le Quotidien de Nouakchott\",\"description\":\"\u0625\u062e\u0628\u0627\u0631\u064a\u0629 \u0645\u0633\u062a\u0642\u0644\u0629 \u0644\u0644\u0623\u0646\u0628\u0627\u0621 \u0627\u0644\u0639\u0627\u0645\u0629\",\"publisher\":{\"@id\":\"https:\\\/\\\/lequotidien.mr\\\/#organization\"},\"potentialAction\":[{\"@type\":\"SearchAction\",\"target\":{\"@type\":\"EntryPoint\",\"urlTemplate\":\"https:\\\/\\\/lequotidien.mr\\\/?s={search_term_string}\"},\"query-input\":{\"@type\":\"PropertyValueSpecification\",\"valueRequired\":true,\"valueName\":\"search_term_string\"}}],\"inLanguage\":\"ar\"},{\"@type\":\"Organization\",\"@id\":\"https:\\\/\\\/lequotidien.mr\\\/#organization\",\"name\":\"Le Quotidien de Nouakchott\",\"url\":\"https:\\\/\\\/lequotidien.mr\\\/\",\"logo\":{\"@type\":\"ImageObject\",\"inLanguage\":\"ar\",\"@id\":\"https:\\\/\\\/lequotidien.mr\\\/#\\\/schema\\\/logo\\\/image\\\/\",\"url\":\"https:\\\/\\\/lequotidien.mr\\\/wp-content\\\/uploads\\\/2022\\\/11\\\/logolequotidien.jpg\",\"contentUrl\":\"https:\\\/\\\/lequotidien.mr\\\/wp-content\\\/uploads\\\/2022\\\/11\\\/logolequotidien.jpg\",\"width\":290,\"height\":65,\"caption\":\"Le Quotidien de Nouakchott\"},\"image\":{\"@id\":\"https:\\\/\\\/lequotidien.mr\\\/#\\\/schema\\\/logo\\\/image\\\/\"},\"sameAs\":[\"https:\\\/\\\/web.facebook.com\\\/lequotidienmr\",\"https:\\\/\\\/x.com\\\/lequotidienmr\"]},{\"@type\":\"Person\",\"@id\":\"https:\\\/\\\/lequotidien.mr\\\/#\\\/schema\\\/person\\\/d2d350202a4d599685ed8abc25f97596\",\"name\":\"Med Ahmed\",\"image\":{\"@type\":\"ImageObject\",\"inLanguage\":\"ar\",\"@id\":\"https:\\\/\\\/secure.gravatar.com\\\/avatar\\\/fd2acc62ed50732923d1d39c17172c9b04149f142be92310ecc69e1358f94b52?s=96&d=mm&r=g\",\"url\":\"https:\\\/\\\/secure.gravatar.com\\\/avatar\\\/fd2acc62ed50732923d1d39c17172c9b04149f142be92310ecc69e1358f94b52?s=96&d=mm&r=g\",\"contentUrl\":\"https:\\\/\\\/secure.gravatar.com\\\/avatar\\\/fd2acc62ed50732923d1d39c17172c9b04149f142be92310ecc69e1358f94b52?s=96&d=mm&r=g\",\"caption\":\"Med Ahmed\"},\"url\":\"https:\\\/\\\/lequotidien.mr\\\/?author=12\"}]}<\/script>\n<!-- \/ Yoast SEO plugin. -->","yoast_head_json":{"title":"Honneur aux m\u00e9ritants : La Premi\u00e8re Dame c\u00e9l\u00e8bre l'excellence scolaire - Le Quotidien de Nouakchott","robots":{"index":"index","follow":"follow","max-snippet":"max-snippet:-1","max-image-preview":"max-image-preview:large","max-video-preview":"max-video-preview:-1"},"canonical":"https:\/\/lequotidien.mr\/?p=29955&lang=fr","og_locale":"ar_AR","og_type":"article","og_title":"Honneur aux m\u00e9ritants : La Premi\u00e8re Dame c\u00e9l\u00e8bre l'excellence scolaire - Le Quotidien de Nouakchott","og_description":"Dans une atmosph\u00e8re empreinte de fiert\u00e9 et de c\u00e9l\u00e9bration, la Premi\u00e8re Dame de Mauritanie, Dr Mari\u00e8me Mohamed Fadel Dah, a pr\u00e9sid\u00e9, vendredi soir au Palais pr\u00e9sidentiel de Nouakchott, une c\u00e9r\u00e9monie d&#8217;hommage d\u00e9di\u00e9e aux \u00e9l\u00e8ves ayant brillamment r\u00e9ussi leurs examens nationaux. L&#8217;\u00e9v\u00e9nement s&#8217;est d\u00e9roul\u00e9 en pr\u00e9sence de plusieurs personnalit\u00e9s du secteur \u00e9ducatif et des familles des.....","og_url":"https:\/\/lequotidien.mr\/?p=29955&lang=fr","og_site_name":"Le Quotidien de Nouakchott","article_publisher":"https:\/\/web.facebook.com\/lequotidienmr","article_published_time":"2025-08-09T23:09:21+00:00","og_image":[{"width":600,"height":360,"url":"https:\/\/lequotidien.mr\/wp-content\/uploads\/2025\/08\/photo-prix-1ere-dame.gif","type":"image\/gif"}],"author":"Med Ahmed","twitter_card":"summary_large_image","twitter_creator":"@lequotidienmr","twitter_site":"@lequotidienmr","twitter_misc":{"\u0643\u064f\u062a\u0628 \u0628\u0648\u0627\u0633\u0637\u0629":"Med Ahmed","\u0648\u0642\u062a \u0627\u0644\u0642\u0631\u0627\u0621\u0629 \u0627\u0644\u0645\u064f\u0642\u062f\u0651\u0631":"5 \u062f\u0642\u0627\u0626\u0642"},"schema":{"@context":"https:\/\/schema.org","@graph":[{"@type":"Article","@id":"https:\/\/lequotidien.mr\/?p=29955&lang=fr#article","isPartOf":{"@id":"https:\/\/lequotidien.mr\/?p=29955&lang=fr"},"author":{"name":"Med Ahmed","@id":"https:\/\/lequotidien.mr\/#\/schema\/person\/d2d350202a4d599685ed8abc25f97596"},"headline":"Honneur aux m\u00e9ritants : La Premi\u00e8re Dame c\u00e9l\u00e8bre l&#8217;excellence scolaire","datePublished":"2025-08-09T23:09:21+00:00","mainEntityOfPage":{"@id":"https:\/\/lequotidien.mr\/?p=29955&lang=fr"},"wordCount":710,"commentCount":0,"publisher":{"@id":"https:\/\/lequotidien.mr\/#organization"},"image":{"@id":"https:\/\/lequotidien.mr\/?p=29955&lang=fr#primaryimage"},"thumbnailUrl":"https:\/\/lequotidien.mr\/wp-content\/uploads\/2025\/08\/photo-prix-1ere-dame.gif","articleSection":["ACTUALIT\u00c9","Culture"],"inLanguage":"ar","potentialAction":[{"@type":"CommentAction","name":"Comment","target":["https:\/\/lequotidien.mr\/?p=29955&lang=fr#respond"]}]},{"@type":"WebPage","@id":"https:\/\/lequotidien.mr\/?p=29955&lang=fr","url":"https:\/\/lequotidien.mr\/?p=29955&lang=fr","name":"Honneur aux m\u00e9ritants : La Premi\u00e8re Dame c\u00e9l\u00e8bre l'excellence scolaire - Le Quotidien de Nouakchott","isPartOf":{"@id":"https:\/\/lequotidien.mr\/#website"},"primaryImageOfPage":{"@id":"https:\/\/lequotidien.mr\/?p=29955&lang=fr#primaryimage"},"image":{"@id":"https:\/\/lequotidien.mr\/?p=29955&lang=fr#primaryimage"},"thumbnailUrl":"https:\/\/lequotidien.mr\/wp-content\/uploads\/2025\/08\/photo-prix-1ere-dame.gif","datePublished":"2025-08-09T23:09:21+00:00","breadcrumb":{"@id":"https:\/\/lequotidien.mr\/?p=29955&lang=fr#breadcrumb"},"inLanguage":"ar","potentialAction":[{"@type":"ReadAction","target":["https:\/\/lequotidien.mr\/?p=29955&lang=fr"]}]},{"@type":"ImageObject","inLanguage":"ar","@id":"https:\/\/lequotidien.mr\/?p=29955&lang=fr#primaryimage","url":"https:\/\/lequotidien.mr\/wp-content\/uploads\/2025\/08\/photo-prix-1ere-dame.gif","contentUrl":"https:\/\/lequotidien.mr\/wp-content\/uploads\/2025\/08\/photo-prix-1ere-dame.gif","width":600,"height":360},{"@type":"BreadcrumbList","@id":"https:\/\/lequotidien.mr\/?p=29955&lang=fr#breadcrumb","itemListElement":[{"@type":"ListItem","position":1,"name":"Home","item":"https:\/\/lequotidien.mr\/"},{"@type":"ListItem","position":2,"name":"Honneur aux m\u00e9ritants : La Premi\u00e8re Dame c\u00e9l\u00e8bre l&rsquo;excellence scolaire"}]},{"@type":"WebSite","@id":"https:\/\/lequotidien.mr\/#website","url":"https:\/\/lequotidien.mr\/","name":"Le Quotidien de Nouakchott","description":"\u0625\u062e\u0628\u0627\u0631\u064a\u0629 \u0645\u0633\u062a\u0642\u0644\u0629 \u0644\u0644\u0623\u0646\u0628\u0627\u0621 \u0627\u0644\u0639\u0627\u0645\u0629","publisher":{"@id":"https:\/\/lequotidien.mr\/#organization"},"potentialAction":[{"@type":"SearchAction","target":{"@type":"EntryPoint","urlTemplate":"https:\/\/lequotidien.mr\/?s={search_term_string}"},"query-input":{"@type":"PropertyValueSpecification","valueRequired":true,"valueName":"search_term_string"}}],"inLanguage":"ar"},{"@type":"Organization","@id":"https:\/\/lequotidien.mr\/#organization","name":"Le Quotidien de Nouakchott","url":"https:\/\/lequotidien.mr\/","logo":{"@type":"ImageObject","inLanguage":"ar","@id":"https:\/\/lequotidien.mr\/#\/schema\/logo\/image\/","url":"https:\/\/lequotidien.mr\/wp-content\/uploads\/2022\/11\/logolequotidien.jpg","contentUrl":"https:\/\/lequotidien.mr\/wp-content\/uploads\/2022\/11\/logolequotidien.jpg","width":290,"height":65,"caption":"Le Quotidien de Nouakchott"},"image":{"@id":"https:\/\/lequotidien.mr\/#\/schema\/logo\/image\/"},"sameAs":["https:\/\/web.facebook.com\/lequotidienmr","https:\/\/x.com\/lequotidienmr"]},{"@type":"Person","@id":"https:\/\/lequotidien.mr\/#\/schema\/person\/d2d350202a4d599685ed8abc25f97596","name":"Med Ahmed","image":{"@type":"ImageObject","inLanguage":"ar","@id":"https:\/\/secure.gravatar.com\/avatar\/fd2acc62ed50732923d1d39c17172c9b04149f142be92310ecc69e1358f94b52?s=96&d=mm&r=g","url":"https:\/\/secure.gravatar.com\/avatar\/fd2acc62ed50732923d1d39c17172c9b04149f142be92310ecc69e1358f94b52?s=96&d=mm&r=g","contentUrl":"https:\/\/secure.gravatar.com\/avatar\/fd2acc62ed50732923d1d39c17172c9b04149f142be92310ecc69e1358f94b52?s=96&d=mm&r=g","caption":"Med Ahmed"},"url":"https:\/\/lequotidien.mr\/?author=12"}]}},"_links":{"self":[{"href":"https:\/\/lequotidien.mr\/index.php?rest_route=\/wp\/v2\/posts\/29955","targetHints":{"allow":["GET"]}}],"collection":[{"href":"https:\/\/lequotidien.mr\/index.php?rest_route=\/wp\/v2\/posts"}],"about":[{"href":"https:\/\/lequotidien.mr\/index.php?rest_route=\/wp\/v2\/types\/post"}],"author":[{"embeddable":true,"href":"https:\/\/lequotidien.mr\/index.php?rest_route=\/wp\/v2\/users\/12"}],"replies":[{"embeddable":true,"href":"https:\/\/lequotidien.mr\/index.php?rest_route=%2Fwp%2Fv2%2Fcomments&post=29955"}],"version-history":[{"count":1,"href":"https:\/\/lequotidien.mr\/index.php?rest_route=\/wp\/v2\/posts\/29955\/revisions"}],"predecessor-version":[{"id":29957,"href":"https:\/\/lequotidien.mr\/index.php?rest_route=\/wp\/v2\/posts\/29955\/revisions\/29957"}],"wp:featuredmedia":[{"embeddable":true,"href":"https:\/\/lequotidien.mr\/index.php?rest_route=\/wp\/v2\/media\/29956"}],"wp:attachment":[{"href":"https:\/\/lequotidien.mr\/index.php?rest_route=%2Fwp%2Fv2%2Fmedia&parent=29955"}],"wp:term":[{"taxonomy":"category","embeddable":true,"href":"https:\/\/lequotidien.mr\/index.php?rest_route=%2Fwp%2Fv2%2Fcategories&post=29955"},{"taxonomy":"post_tag","embeddable":true,"href":"https:\/\/lequotidien.mr\/index.php?rest_route=%2Fwp%2Fv2%2Ftags&post=29955"}],"curies":[{"name":"wp","href":"https:\/\/api.w.org\/{rel}","templated":true}]}}