{"id":29929,"date":"2025-08-09T14:41:38","date_gmt":"2025-08-09T14:41:38","guid":{"rendered":"https:\/\/lequotidien.mr\/?p=29929"},"modified":"2025-08-09T14:41:38","modified_gmt":"2025-08-09T14:41:38","slug":"le-groupe-parlementaire-de-tewassoul-dresse-un-bilan-critique-de-la-session-et-appelle-a-des-mesures-urgentes","status":"publish","type":"post","link":"https:\/\/lequotidien.mr\/?p=29929&lang=fr","title":{"rendered":"Le groupe parlementaire de Tewassoul dresse un bilan critique de la session et appelle \u00e0 des mesures urgentes"},"content":{"rendered":"<p>Le groupe parlementaire du <strong>Rassemblement national pour la r\u00e9forme et le d\u00e9veloppement (Tewassoul)<\/strong> a conclu la deuxi\u00e8me session ordinaire de l\u2019ann\u00e9e 2025 en dressant un constat s\u00e9v\u00e8re de la situation nationale, marqu\u00e9e selon lui par <strong>des crises multiples<\/strong> et par \u00ab l\u2019incapacit\u00e9 du gouvernement \u00e0 y apporter des r\u00e9ponses efficaces \u00bb.<\/p>\n<p>Dans un communiqu\u00e9 publi\u00e9 \u00e0 l\u2019issue des travaux, le groupe a rappel\u00e9 que le contexte international et r\u00e9gional reste exceptionnel, citant en particulier <strong>la poursuite de l\u2019offensive isra\u00e9lienne sur Gaza<\/strong>, qu\u2019il qualifie de \u00ab barbare \u00bb et qui, selon lui, met en lumi\u00e8re \u00ab le mensonge des slogans sur les droits humains et la d\u00e9mocratie, ainsi que la complicit\u00e9 des grandes puissances \u2013 au premier rang desquelles les \u00c9tats-Unis \u2013 et l\u2019impuissance des r\u00e9gimes arabes et islamiques \u00e0 soutenir le peuple palestinien \u00bb. Le groupe a r\u00e9affirm\u00e9 son <strong>soutien ind\u00e9fectible \u00e0 la r\u00e9sistance palestinienne<\/strong> \u00ab jusqu\u2019\u00e0 la victoire et la lib\u00e9ration \u00bb.<\/p>\n<p>Tewassoul estime que les pr\u00e9occupations du citoyen mauritanien ont constitu\u00e9 le c\u0153ur de son action durant la session, avertissant contre l\u2019aggravation de crises qualifi\u00e9es de \u00ab frappantes \u00bb, parmi lesquelles :<\/p>\n<ul>\n<li><strong>P\u00e9nurie d\u2019eau<\/strong> \u00e0 un niveau jug\u00e9 catastrophique \u00e0 Nouakchott et dans de nombreuses villes et villages de l\u2019int\u00e9rieur.<\/li>\n<li><strong>D\u00e9gradation des routes<\/strong> et augmentation des accidents de circulation.<\/li>\n<li><strong>Coupures r\u00e9currentes d\u2019\u00e9lectricit\u00e9<\/strong> dans la capitale et absence quasi totale de courant dans certaines moughataa.<\/li>\n<li><strong>Hausse des prix des produits de base<\/strong>, notamment des carburants.<\/li>\n<li><strong>Absence de b\u00e9n\u00e9fices tangibles pour les citoyens<\/strong> issus de l\u2019exploitation du gaz.<\/li>\n<li><strong>D\u00e9t\u00e9rioration de l\u2019\u00e9ducation et de la sant\u00e9<\/strong>.<\/li>\n<li><strong>Marginalisation du r\u00f4le du Parlement<\/strong>, r\u00e9duit selon eux \u00e0 valider des emprunts, au d\u00e9triment de sa mission de contr\u00f4le.<\/li>\n<\/ul>\n<p>Le groupe a \u00e9galement d\u00e9nonc\u00e9 \u00ab la rotation des m\u00eames figures accus\u00e9es de mauvaise gouvernance \u00bb et \u00ab l\u2019absence de m\u00e9canismes r\u00e9els de reddition des comptes \u00bb.<\/p>\n<p>Pour r\u00e9pondre \u00e0 ces d\u00e9fis, les d\u00e9put\u00e9s de Tewassoul indiquent avoir <strong>interpell\u00e9 sept ministres<\/strong> sur les dysfonctionnements de leurs d\u00e9partements, effectu\u00e9 des <strong>visites de terrain<\/strong> dans plusieurs minist\u00e8res et services publics, et inspect\u00e9 les infrastructures d\u2019eau, d\u2019\u00e9lectricit\u00e9 et de gestion des d\u00e9chets dans diverses wilayas.<br \/>\nIls affirment \u00e9galement avoir organis\u00e9 des <strong>rencontres directes avec les citoyens<\/strong>, particip\u00e9 \u00e0 des <strong>manifestations contre la d\u00e9gradation des services publics<\/strong>, d\u00e9nonc\u00e9 <strong>l\u2019exclusion des m\u00e9decins et enseignants du recrutement<\/strong>, et apport\u00e9 un <strong>soutien humanitaire<\/strong> aux zones frapp\u00e9es par la soif.<\/p>\n<p>En conclusion, Tewassoul appelle le gouvernement \u00e0 :<\/p>\n<ul>\n<li>Mettre en \u0153uvre <strong>un plan urgent<\/strong> pour r\u00e9soudre les crises de l\u2019eau et de l\u2019\u00e9lectricit\u00e9.<\/li>\n<li>\u00c9laborer <strong>une strat\u00e9gie nationale<\/strong> pour r\u00e9duire les accidents de la route.<\/li>\n<li><strong>Faire baisser les prix<\/strong> des produits de base par des mesures concr\u00e8tes.<\/li>\n<li>Consacrer une <strong>part du gaz<\/strong> \u00e0 la production d\u2019\u00e9lectricit\u00e9, conform\u00e9ment aux accords sign\u00e9s.<\/li>\n<li>Garantir l\u2019attribution des <strong>bourses d\u2019\u00e9tudes<\/strong> aux ayants droit.<\/li>\n<li>Traiter la <strong>crise du secteur de la sant\u00e9<\/strong>.<\/li>\n<li>Respecter <strong>le r\u00f4le du Parlement<\/strong> comme institution l\u00e9gislative et de contr\u00f4le ind\u00e9pendante.<\/li>\n<\/ul>\n<p>Le message du groupe se veut clair : sans action rapide et cibl\u00e9e, \u00ab les crises risquent de s\u2019enraciner et de peser durablement sur la stabilit\u00e9 sociale et \u00e9conomique du pays \u00bb.<\/p>\n<p>&nbsp;<\/p>\n","protected":false},"excerpt":{"rendered":"<p>Le groupe parlementaire du Rassemblement national pour la r\u00e9forme et le d\u00e9veloppement (Tewassoul) a conclu la deuxi\u00e8me session ordinaire de l\u2019ann\u00e9e 2025 en dressant un constat s\u00e9v\u00e8re de la situation nationale, marqu\u00e9e selon lui par des crises multiples et par \u00ab l\u2019incapacit\u00e9 du gouvernement \u00e0 y apporter des r\u00e9ponses efficaces \u00bb. Dans un communiqu\u00e9 publi\u00e9&#8230;..<\/p>\n","protected":false},"author":4,"featured_media":29930,"comment_status":"open","ping_status":"open","sticky":false,"template":"","format":"standard","meta":{"footnotes":""},"categories":[23,57],"tags":[],"class_list":["post-29929","post","type-post","status-publish","format-standard","has-post-thumbnail","hentry","category-actualite","category-couverture-specilale"],"yoast_head":"<!-- This site is optimized with the Yoast SEO plugin v27.5 - https:\/\/yoast.com\/product\/yoast-seo-wordpress\/ -->\n<title>Le groupe parlementaire de Tewassoul dresse un bilan critique de la session et appelle \u00e0 des mesures urgentes - Le Quotidien de Nouakchott<\/title>\n<meta name=\"robots\" content=\"index, follow, max-snippet:-1, max-image-preview:large, max-video-preview:-1\" \/>\n<link rel=\"canonical\" href=\"https:\/\/lequotidien.mr\/?p=29929&lang=fr\" \/>\n<meta property=\"og:locale\" content=\"ar_AR\" \/>\n<meta property=\"og:type\" content=\"article\" \/>\n<meta property=\"og:title\" content=\"Le groupe parlementaire de Tewassoul dresse un bilan critique de la session et appelle \u00e0 des mesures urgentes - Le Quotidien de Nouakchott\" \/>\n<meta property=\"og:description\" content=\"Le groupe parlementaire du Rassemblement national pour la r\u00e9forme et le d\u00e9veloppement (Tewassoul) a conclu la deuxi\u00e8me session ordinaire de l\u2019ann\u00e9e 2025 en dressant un constat s\u00e9v\u00e8re de la situation nationale, marqu\u00e9e selon lui par des crises multiples et par \u00ab l\u2019incapacit\u00e9 du gouvernement \u00e0 y apporter des r\u00e9ponses efficaces \u00bb. Dans un communiqu\u00e9 publi\u00e9.....\" \/>\n<meta property=\"og:url\" content=\"https:\/\/lequotidien.mr\/?p=29929&amp;lang=fr\" \/>\n<meta property=\"og:site_name\" content=\"Le Quotidien de Nouakchott\" \/>\n<meta property=\"article:publisher\" content=\"https:\/\/web.facebook.com\/lequotidienmr\" \/>\n<meta property=\"article:published_time\" content=\"2025-08-09T14:41:38+00:00\" \/>\n<meta property=\"og:image\" content=\"https:\/\/lequotidien.mr\/wp-content\/uploads\/2025\/08\/images.jpeg\" \/>\n\t<meta property=\"og:image:width\" content=\"269\" \/>\n\t<meta property=\"og:image:height\" content=\"187\" \/>\n\t<meta property=\"og:image:type\" content=\"image\/jpeg\" \/>\n<meta name=\"author\" content=\"Le Quotidien\" \/>\n<meta name=\"twitter:card\" content=\"summary_large_image\" \/>\n<meta name=\"twitter:creator\" content=\"@lequotidienmr\" \/>\n<meta name=\"twitter:site\" content=\"@lequotidienmr\" \/>\n<meta name=\"twitter:label1\" content=\"\u0643\u064f\u062a\u0628 \u0628\u0648\u0627\u0633\u0637\u0629\" \/>\n\t<meta name=\"twitter:data1\" content=\"Le Quotidien\" \/>\n\t<meta name=\"twitter:label2\" content=\"\u0648\u0642\u062a \u0627\u0644\u0642\u0631\u0627\u0621\u0629 \u0627\u0644\u0645\u064f\u0642\u062f\u0651\u0631\" \/>\n\t<meta name=\"twitter:data2\" content=\"4 \u062f\u0642\u0627\u0626\u0642\" \/>\n<script type=\"application\/ld+json\" class=\"yoast-schema-graph\">{\"@context\":\"https:\\\/\\\/schema.org\",\"@graph\":[{\"@type\":\"Article\",\"@id\":\"https:\\\/\\\/lequotidien.mr\\\/?p=29929&lang=fr#article\",\"isPartOf\":{\"@id\":\"https:\\\/\\\/lequotidien.mr\\\/?p=29929&lang=fr\"},\"author\":{\"name\":\"Le Quotidien\",\"@id\":\"https:\\\/\\\/lequotidien.mr\\\/#\\\/schema\\\/person\\\/f90fcdaa970c60288de4ed2e64a56472\"},\"headline\":\"Le groupe parlementaire de Tewassoul dresse un bilan critique de la session et appelle \u00e0 des mesures urgentes\",\"datePublished\":\"2025-08-09T14:41:38+00:00\",\"mainEntityOfPage\":{\"@id\":\"https:\\\/\\\/lequotidien.mr\\\/?p=29929&lang=fr\"},\"wordCount\":571,\"commentCount\":0,\"publisher\":{\"@id\":\"https:\\\/\\\/lequotidien.mr\\\/#organization\"},\"image\":{\"@id\":\"https:\\\/\\\/lequotidien.mr\\\/?p=29929&lang=fr#primaryimage\"},\"thumbnailUrl\":\"https:\\\/\\\/lequotidien.mr\\\/wp-content\\\/uploads\\\/2025\\\/08\\\/images.jpeg\",\"articleSection\":[\"ACTUALIT\u00c9\",\"Couverture sp\u00e9cilale\"],\"inLanguage\":\"ar\",\"potentialAction\":[{\"@type\":\"CommentAction\",\"name\":\"Comment\",\"target\":[\"https:\\\/\\\/lequotidien.mr\\\/?p=29929&lang=fr#respond\"]}]},{\"@type\":\"WebPage\",\"@id\":\"https:\\\/\\\/lequotidien.mr\\\/?p=29929&lang=fr\",\"url\":\"https:\\\/\\\/lequotidien.mr\\\/?p=29929&lang=fr\",\"name\":\"Le groupe parlementaire de Tewassoul dresse un bilan critique de la session et appelle \u00e0 des mesures urgentes - Le Quotidien de Nouakchott\",\"isPartOf\":{\"@id\":\"https:\\\/\\\/lequotidien.mr\\\/#website\"},\"primaryImageOfPage\":{\"@id\":\"https:\\\/\\\/lequotidien.mr\\\/?p=29929&lang=fr#primaryimage\"},\"image\":{\"@id\":\"https:\\\/\\\/lequotidien.mr\\\/?p=29929&lang=fr#primaryimage\"},\"thumbnailUrl\":\"https:\\\/\\\/lequotidien.mr\\\/wp-content\\\/uploads\\\/2025\\\/08\\\/images.jpeg\",\"datePublished\":\"2025-08-09T14:41:38+00:00\",\"breadcrumb\":{\"@id\":\"https:\\\/\\\/lequotidien.mr\\\/?p=29929&lang=fr#breadcrumb\"},\"inLanguage\":\"ar\",\"potentialAction\":[{\"@type\":\"ReadAction\",\"target\":[\"https:\\\/\\\/lequotidien.mr\\\/?p=29929&lang=fr\"]}]},{\"@type\":\"ImageObject\",\"inLanguage\":\"ar\",\"@id\":\"https:\\\/\\\/lequotidien.mr\\\/?p=29929&lang=fr#primaryimage\",\"url\":\"https:\\\/\\\/lequotidien.mr\\\/wp-content\\\/uploads\\\/2025\\\/08\\\/images.jpeg\",\"contentUrl\":\"https:\\\/\\\/lequotidien.mr\\\/wp-content\\\/uploads\\\/2025\\\/08\\\/images.jpeg\",\"width\":269,\"height\":187},{\"@type\":\"BreadcrumbList\",\"@id\":\"https:\\\/\\\/lequotidien.mr\\\/?p=29929&lang=fr#breadcrumb\",\"itemListElement\":[{\"@type\":\"ListItem\",\"position\":1,\"name\":\"Home\",\"item\":\"https:\\\/\\\/lequotidien.mr\\\/\"},{\"@type\":\"ListItem\",\"position\":2,\"name\":\"Le groupe parlementaire de Tewassoul dresse un bilan critique de la session et appelle \u00e0 des mesures urgentes\"}]},{\"@type\":\"WebSite\",\"@id\":\"https:\\\/\\\/lequotidien.mr\\\/#website\",\"url\":\"https:\\\/\\\/lequotidien.mr\\\/\",\"name\":\"Le Quotidien de Nouakchott\",\"description\":\"\u0625\u062e\u0628\u0627\u0631\u064a\u0629 \u0645\u0633\u062a\u0642\u0644\u0629 \u0644\u0644\u0623\u0646\u0628\u0627\u0621 \u0627\u0644\u0639\u0627\u0645\u0629\",\"publisher\":{\"@id\":\"https:\\\/\\\/lequotidien.mr\\\/#organization\"},\"potentialAction\":[{\"@type\":\"SearchAction\",\"target\":{\"@type\":\"EntryPoint\",\"urlTemplate\":\"https:\\\/\\\/lequotidien.mr\\\/?s={search_term_string}\"},\"query-input\":{\"@type\":\"PropertyValueSpecification\",\"valueRequired\":true,\"valueName\":\"search_term_string\"}}],\"inLanguage\":\"ar\"},{\"@type\":\"Organization\",\"@id\":\"https:\\\/\\\/lequotidien.mr\\\/#organization\",\"name\":\"Le Quotidien de Nouakchott\",\"url\":\"https:\\\/\\\/lequotidien.mr\\\/\",\"logo\":{\"@type\":\"ImageObject\",\"inLanguage\":\"ar\",\"@id\":\"https:\\\/\\\/lequotidien.mr\\\/#\\\/schema\\\/logo\\\/image\\\/\",\"url\":\"https:\\\/\\\/lequotidien.mr\\\/wp-content\\\/uploads\\\/2022\\\/11\\\/logolequotidien.jpg\",\"contentUrl\":\"https:\\\/\\\/lequotidien.mr\\\/wp-content\\\/uploads\\\/2022\\\/11\\\/logolequotidien.jpg\",\"width\":290,\"height\":65,\"caption\":\"Le Quotidien de Nouakchott\"},\"image\":{\"@id\":\"https:\\\/\\\/lequotidien.mr\\\/#\\\/schema\\\/logo\\\/image\\\/\"},\"sameAs\":[\"https:\\\/\\\/web.facebook.com\\\/lequotidienmr\",\"https:\\\/\\\/x.com\\\/lequotidienmr\"]},{\"@type\":\"Person\",\"@id\":\"https:\\\/\\\/lequotidien.mr\\\/#\\\/schema\\\/person\\\/f90fcdaa970c60288de4ed2e64a56472\",\"name\":\"Le Quotidien\",\"image\":{\"@type\":\"ImageObject\",\"inLanguage\":\"ar\",\"@id\":\"https:\\\/\\\/secure.gravatar.com\\\/avatar\\\/374cb39a1a458a912465a93e5a3ce6546886fc3da809a1f10c63e4e8fcbca30f?s=96&d=mm&r=g\",\"url\":\"https:\\\/\\\/secure.gravatar.com\\\/avatar\\\/374cb39a1a458a912465a93e5a3ce6546886fc3da809a1f10c63e4e8fcbca30f?s=96&d=mm&r=g\",\"contentUrl\":\"https:\\\/\\\/secure.gravatar.com\\\/avatar\\\/374cb39a1a458a912465a93e5a3ce6546886fc3da809a1f10c63e4e8fcbca30f?s=96&d=mm&r=g\",\"caption\":\"Le Quotidien\"},\"sameAs\":[\"https:\\\/\\\/lequotidien.mr\\\/\"],\"url\":\"https:\\\/\\\/lequotidien.mr\\\/?author=4\"}]}<\/script>\n<!-- \/ Yoast SEO plugin. -->","yoast_head_json":{"title":"Le groupe parlementaire de Tewassoul dresse un bilan critique de la session et appelle \u00e0 des mesures urgentes - Le Quotidien de Nouakchott","robots":{"index":"index","follow":"follow","max-snippet":"max-snippet:-1","max-image-preview":"max-image-preview:large","max-video-preview":"max-video-preview:-1"},"canonical":"https:\/\/lequotidien.mr\/?p=29929&lang=fr","og_locale":"ar_AR","og_type":"article","og_title":"Le groupe parlementaire de Tewassoul dresse un bilan critique de la session et appelle \u00e0 des mesures urgentes - Le Quotidien de Nouakchott","og_description":"Le groupe parlementaire du Rassemblement national pour la r\u00e9forme et le d\u00e9veloppement (Tewassoul) a conclu la deuxi\u00e8me session ordinaire de l\u2019ann\u00e9e 2025 en dressant un constat s\u00e9v\u00e8re de la situation nationale, marqu\u00e9e selon lui par des crises multiples et par \u00ab l\u2019incapacit\u00e9 du gouvernement \u00e0 y apporter des r\u00e9ponses efficaces \u00bb. Dans un communiqu\u00e9 publi\u00e9.....","og_url":"https:\/\/lequotidien.mr\/?p=29929&lang=fr","og_site_name":"Le Quotidien de Nouakchott","article_publisher":"https:\/\/web.facebook.com\/lequotidienmr","article_published_time":"2025-08-09T14:41:38+00:00","og_image":[{"width":269,"height":187,"url":"https:\/\/lequotidien.mr\/wp-content\/uploads\/2025\/08\/images.jpeg","type":"image\/jpeg"}],"author":"Le Quotidien","twitter_card":"summary_large_image","twitter_creator":"@lequotidienmr","twitter_site":"@lequotidienmr","twitter_misc":{"\u0643\u064f\u062a\u0628 \u0628\u0648\u0627\u0633\u0637\u0629":"Le Quotidien","\u0648\u0642\u062a \u0627\u0644\u0642\u0631\u0627\u0621\u0629 \u0627\u0644\u0645\u064f\u0642\u062f\u0651\u0631":"4 \u062f\u0642\u0627\u0626\u0642"},"schema":{"@context":"https:\/\/schema.org","@graph":[{"@type":"Article","@id":"https:\/\/lequotidien.mr\/?p=29929&lang=fr#article","isPartOf":{"@id":"https:\/\/lequotidien.mr\/?p=29929&lang=fr"},"author":{"name":"Le Quotidien","@id":"https:\/\/lequotidien.mr\/#\/schema\/person\/f90fcdaa970c60288de4ed2e64a56472"},"headline":"Le groupe parlementaire de Tewassoul dresse un bilan critique de la session et appelle \u00e0 des mesures urgentes","datePublished":"2025-08-09T14:41:38+00:00","mainEntityOfPage":{"@id":"https:\/\/lequotidien.mr\/?p=29929&lang=fr"},"wordCount":571,"commentCount":0,"publisher":{"@id":"https:\/\/lequotidien.mr\/#organization"},"image":{"@id":"https:\/\/lequotidien.mr\/?p=29929&lang=fr#primaryimage"},"thumbnailUrl":"https:\/\/lequotidien.mr\/wp-content\/uploads\/2025\/08\/images.jpeg","articleSection":["ACTUALIT\u00c9","Couverture sp\u00e9cilale"],"inLanguage":"ar","potentialAction":[{"@type":"CommentAction","name":"Comment","target":["https:\/\/lequotidien.mr\/?p=29929&lang=fr#respond"]}]},{"@type":"WebPage","@id":"https:\/\/lequotidien.mr\/?p=29929&lang=fr","url":"https:\/\/lequotidien.mr\/?p=29929&lang=fr","name":"Le groupe parlementaire de Tewassoul dresse un bilan critique de la session et appelle \u00e0 des mesures urgentes - Le Quotidien de Nouakchott","isPartOf":{"@id":"https:\/\/lequotidien.mr\/#website"},"primaryImageOfPage":{"@id":"https:\/\/lequotidien.mr\/?p=29929&lang=fr#primaryimage"},"image":{"@id":"https:\/\/lequotidien.mr\/?p=29929&lang=fr#primaryimage"},"thumbnailUrl":"https:\/\/lequotidien.mr\/wp-content\/uploads\/2025\/08\/images.jpeg","datePublished":"2025-08-09T14:41:38+00:00","breadcrumb":{"@id":"https:\/\/lequotidien.mr\/?p=29929&lang=fr#breadcrumb"},"inLanguage":"ar","potentialAction":[{"@type":"ReadAction","target":["https:\/\/lequotidien.mr\/?p=29929&lang=fr"]}]},{"@type":"ImageObject","inLanguage":"ar","@id":"https:\/\/lequotidien.mr\/?p=29929&lang=fr#primaryimage","url":"https:\/\/lequotidien.mr\/wp-content\/uploads\/2025\/08\/images.jpeg","contentUrl":"https:\/\/lequotidien.mr\/wp-content\/uploads\/2025\/08\/images.jpeg","width":269,"height":187},{"@type":"BreadcrumbList","@id":"https:\/\/lequotidien.mr\/?p=29929&lang=fr#breadcrumb","itemListElement":[{"@type":"ListItem","position":1,"name":"Home","item":"https:\/\/lequotidien.mr\/"},{"@type":"ListItem","position":2,"name":"Le groupe parlementaire de Tewassoul dresse un bilan critique de la session et appelle \u00e0 des mesures urgentes"}]},{"@type":"WebSite","@id":"https:\/\/lequotidien.mr\/#website","url":"https:\/\/lequotidien.mr\/","name":"Le Quotidien de Nouakchott","description":"\u0625\u062e\u0628\u0627\u0631\u064a\u0629 \u0645\u0633\u062a\u0642\u0644\u0629 \u0644\u0644\u0623\u0646\u0628\u0627\u0621 \u0627\u0644\u0639\u0627\u0645\u0629","publisher":{"@id":"https:\/\/lequotidien.mr\/#organization"},"potentialAction":[{"@type":"SearchAction","target":{"@type":"EntryPoint","urlTemplate":"https:\/\/lequotidien.mr\/?s={search_term_string}"},"query-input":{"@type":"PropertyValueSpecification","valueRequired":true,"valueName":"search_term_string"}}],"inLanguage":"ar"},{"@type":"Organization","@id":"https:\/\/lequotidien.mr\/#organization","name":"Le Quotidien de Nouakchott","url":"https:\/\/lequotidien.mr\/","logo":{"@type":"ImageObject","inLanguage":"ar","@id":"https:\/\/lequotidien.mr\/#\/schema\/logo\/image\/","url":"https:\/\/lequotidien.mr\/wp-content\/uploads\/2022\/11\/logolequotidien.jpg","contentUrl":"https:\/\/lequotidien.mr\/wp-content\/uploads\/2022\/11\/logolequotidien.jpg","width":290,"height":65,"caption":"Le Quotidien de Nouakchott"},"image":{"@id":"https:\/\/lequotidien.mr\/#\/schema\/logo\/image\/"},"sameAs":["https:\/\/web.facebook.com\/lequotidienmr","https:\/\/x.com\/lequotidienmr"]},{"@type":"Person","@id":"https:\/\/lequotidien.mr\/#\/schema\/person\/f90fcdaa970c60288de4ed2e64a56472","name":"Le Quotidien","image":{"@type":"ImageObject","inLanguage":"ar","@id":"https:\/\/secure.gravatar.com\/avatar\/374cb39a1a458a912465a93e5a3ce6546886fc3da809a1f10c63e4e8fcbca30f?s=96&d=mm&r=g","url":"https:\/\/secure.gravatar.com\/avatar\/374cb39a1a458a912465a93e5a3ce6546886fc3da809a1f10c63e4e8fcbca30f?s=96&d=mm&r=g","contentUrl":"https:\/\/secure.gravatar.com\/avatar\/374cb39a1a458a912465a93e5a3ce6546886fc3da809a1f10c63e4e8fcbca30f?s=96&d=mm&r=g","caption":"Le Quotidien"},"sameAs":["https:\/\/lequotidien.mr\/"],"url":"https:\/\/lequotidien.mr\/?author=4"}]}},"_links":{"self":[{"href":"https:\/\/lequotidien.mr\/index.php?rest_route=\/wp\/v2\/posts\/29929","targetHints":{"allow":["GET"]}}],"collection":[{"href":"https:\/\/lequotidien.mr\/index.php?rest_route=\/wp\/v2\/posts"}],"about":[{"href":"https:\/\/lequotidien.mr\/index.php?rest_route=\/wp\/v2\/types\/post"}],"author":[{"embeddable":true,"href":"https:\/\/lequotidien.mr\/index.php?rest_route=\/wp\/v2\/users\/4"}],"replies":[{"embeddable":true,"href":"https:\/\/lequotidien.mr\/index.php?rest_route=%2Fwp%2Fv2%2Fcomments&post=29929"}],"version-history":[{"count":1,"href":"https:\/\/lequotidien.mr\/index.php?rest_route=\/wp\/v2\/posts\/29929\/revisions"}],"predecessor-version":[{"id":29931,"href":"https:\/\/lequotidien.mr\/index.php?rest_route=\/wp\/v2\/posts\/29929\/revisions\/29931"}],"wp:featuredmedia":[{"embeddable":true,"href":"https:\/\/lequotidien.mr\/index.php?rest_route=\/wp\/v2\/media\/29930"}],"wp:attachment":[{"href":"https:\/\/lequotidien.mr\/index.php?rest_route=%2Fwp%2Fv2%2Fmedia&parent=29929"}],"wp:term":[{"taxonomy":"category","embeddable":true,"href":"https:\/\/lequotidien.mr\/index.php?rest_route=%2Fwp%2Fv2%2Fcategories&post=29929"},{"taxonomy":"post_tag","embeddable":true,"href":"https:\/\/lequotidien.mr\/index.php?rest_route=%2Fwp%2Fv2%2Ftags&post=29929"}],"curies":[{"name":"wp","href":"https:\/\/api.w.org\/{rel}","templated":true}]}}