{"id":29926,"date":"2025-08-09T14:37:57","date_gmt":"2025-08-09T14:37:57","guid":{"rendered":"https:\/\/lequotidien.mr\/?p=29926"},"modified":"2025-08-09T14:37:57","modified_gmt":"2025-08-09T14:37:57","slug":"lancement-de-la-premiere-edition-du-festival-de-touil-pour-lunite-et-la-valorisation-du-patrimoine","status":"publish","type":"post","link":"https:\/\/lequotidien.mr\/?p=29926&lang=fr","title":{"rendered":"Lancement de la premi\u00e8re \u00e9dition du Festival de Touil pour l\u2019unit\u00e9 et la valorisation du patrimoine"},"content":{"rendered":"<p>Le ministre de la Culture, des Arts, de la Communication et des Relations avec le Parlement, porte-parole du gouvernement, <strong>M. El Houssein Ould Meddou<\/strong>, a pr\u00e9sid\u00e9, dans la soir\u00e9e d\u2019hier, la c\u00e9r\u00e9monie d\u2019ouverture de la premi\u00e8re \u00e9dition du <strong>Festival de la moughataa de Touil<\/strong> pour l\u2019unit\u00e9 et la valorisation du patrimoine. L\u2019\u00e9v\u00e9nement s\u2019est d\u00e9roul\u00e9 en pr\u00e9sence du wali du Hodh El Gharbi, <strong>M. Ahmed \u00a0Mamadou Kelly<\/strong>, ainsi que de plusieurs autorit\u00e9s administratives, s\u00e9curitaires et \u00e9lus locaux.<\/p>\n<p>Pr\u00e9vu sur deux jours, le festival a pour objectif de <strong>r\u00e9habiliter le patrimoine culturel et social<\/strong> de la moughataa, tout en renfor\u00e7ant l\u2019esprit d\u2019unit\u00e9 et de solidarit\u00e9 entre ses habitants.<\/p>\n<p>Dans son allocution, le ministre a soulign\u00e9 que sa pr\u00e9sence \u00e0 cette ouverture rev\u00eat une signification particuli\u00e8re, rappelant que la moughataa de Touil illustre concr\u00e8tement l\u2019une des priorit\u00e9s du Pr\u00e9sident de la R\u00e9publique, <strong>M. Mohamed Ould Cheikh El Ghazouani<\/strong> : promouvoir et d\u00e9velopper les zones longtemps enclav\u00e9es. Il a rappel\u00e9 que la localit\u00e9 a r\u00e9cemment \u00e9t\u00e9 \u00e9rig\u00e9e en moughataa, marquant une reconnaissance officielle de son importance et un levier pour son d\u00e9veloppement.<\/p>\n<ol>\n<li>Ould Meddou a \u00e9galement \u00e9voqu\u00e9 les <strong>projets r\u00e9alis\u00e9s dans les domaines \u00e9conomique, social, sanitaire et \u00e9ducatif<\/strong>, citant notamment les interventions du programme d\u2019urgence pour la g\u00e9n\u00e9ralisation de l\u2019acc\u00e8s aux services de base essentiels au d\u00e9veloppement. Il a insist\u00e9 sur l\u2019engagement du gouvernement \u00e0 r\u00e9pondre \u00e0 la principale revendication structurelle des habitants : <strong>le raccordement de la moughataa au r\u00e9seau routier national<\/strong>, conform\u00e9ment \u00e0 la politique visant \u00e0 d\u00e9senclaver toutes les r\u00e9gions du pays.<\/li>\n<\/ol>\n<p>Le ministre a rappel\u00e9 les avanc\u00e9es r\u00e9centes dans la promotion du patrimoine national, notamment la reconnaissance par l\u2019UNESCO de <strong>la mahadra<\/strong> comme cadre \u00e9ducatif et patrimoine culturel immat\u00e9riel, l\u2019inscription de l\u2019\u00e9pop\u00e9e de <strong>Samba Gueladio<\/strong> comme patrimoine mondial, et la classification de la langue sonink\u00e9 comme langue transnationale. Il a \u00e9galement not\u00e9 l\u2019\u00e9lection r\u00e9cente de la Mauritanie au bureau ex\u00e9cutif du comit\u00e9 charg\u00e9 de la mise en \u0153uvre de la Convention sur la diversit\u00e9 culturelle.<\/p>\n<p>Le maire de Touil, <strong>M. Lemana Ould Abid Ould El Mostapha<\/strong>, a salu\u00e9 l\u2019organisation de ce festival, estimant qu\u2019il contribuera \u00e0 <strong>stimuler le d\u00e9veloppement local<\/strong> et \u00e0 mettre en lumi\u00e8re les acquis obtenus ces derni\u00e8res ann\u00e9es au profit de la moughataa.<\/p>\n<p>Le pr\u00e9sident du festival, <strong>M. Afah Cheikh Ahmed Aouker<\/strong>, a pour sa part insist\u00e9 sur l\u2019importance de l\u2019\u00e9v\u00e9nement pour renforcer la coh\u00e9sion sociale et promouvoir les atouts touristiques, agricoles et pastoraux de la r\u00e9gion, tout en redonnant vie \u00e0 son patrimoine intellectuel et culturel.<\/p>\n<p>\u00c0 l\u2019issue de la c\u00e9r\u00e9monie, le ministre et sa d\u00e9l\u00e9gation ont visit\u00e9 les stands de l\u2019exposition organis\u00e9e dans le cadre du festival, o\u00f9 \u00e9taient pr\u00e9sent\u00e9s des produits artisanaux f\u00e9minins, incluant ustensiles m\u00e9nagers, v\u00eatements et instruments traditionnels.<\/p>\n<p>Le programme de l\u2019\u00e9v\u00e9nement pr\u00e9voit \u00e9galement <strong>des activit\u00e9s culturelles et artistiques vari\u00e9es, ainsi que des concours<\/strong> destin\u00e9s \u00e0 impliquer la jeunesse et \u00e0 animer la vie culturelle locale.<\/p>\n<p>&nbsp;<\/p>\n","protected":false},"excerpt":{"rendered":"<p>Le ministre de la Culture, des Arts, de la Communication et des Relations avec le Parlement, porte-parole du gouvernement, M. El Houssein Ould Meddou, a pr\u00e9sid\u00e9, dans la soir\u00e9e d\u2019hier, la c\u00e9r\u00e9monie d\u2019ouverture de la premi\u00e8re \u00e9dition du Festival de la moughataa de Touil pour l\u2019unit\u00e9 et la valorisation du patrimoine. L\u2019\u00e9v\u00e9nement s\u2019est d\u00e9roul\u00e9 en&#8230;..<\/p>\n","protected":false},"author":4,"featured_media":29927,"comment_status":"open","ping_status":"open","sticky":false,"template":"","format":"standard","meta":{"footnotes":""},"categories":[23,55],"tags":[],"class_list":["post-29926","post","type-post","status-publish","format-standard","has-post-thumbnail","hentry","category-actualite","category-culture"],"yoast_head":"<!-- This site is optimized with the Yoast SEO plugin v27.5 - https:\/\/yoast.com\/product\/yoast-seo-wordpress\/ -->\n<title>Lancement de la premi\u00e8re \u00e9dition du Festival de Touil pour l\u2019unit\u00e9 et la valorisation du patrimoine - Le Quotidien de Nouakchott<\/title>\n<meta name=\"robots\" content=\"index, follow, max-snippet:-1, max-image-preview:large, max-video-preview:-1\" \/>\n<link rel=\"canonical\" href=\"https:\/\/lequotidien.mr\/?p=29926&lang=fr\" \/>\n<meta property=\"og:locale\" content=\"ar_AR\" \/>\n<meta property=\"og:type\" content=\"article\" \/>\n<meta property=\"og:title\" content=\"Lancement de la premi\u00e8re \u00e9dition du Festival de Touil pour l\u2019unit\u00e9 et la valorisation du patrimoine - Le Quotidien de Nouakchott\" \/>\n<meta property=\"og:description\" content=\"Le ministre de la Culture, des Arts, de la Communication et des Relations avec le Parlement, porte-parole du gouvernement, M. El Houssein Ould Meddou, a pr\u00e9sid\u00e9, dans la soir\u00e9e d\u2019hier, la c\u00e9r\u00e9monie d\u2019ouverture de la premi\u00e8re \u00e9dition du Festival de la moughataa de Touil pour l\u2019unit\u00e9 et la valorisation du patrimoine. L\u2019\u00e9v\u00e9nement s\u2019est d\u00e9roul\u00e9 en.....\" \/>\n<meta property=\"og:url\" content=\"https:\/\/lequotidien.mr\/?p=29926&amp;lang=fr\" \/>\n<meta property=\"og:site_name\" content=\"Le Quotidien de Nouakchott\" \/>\n<meta property=\"article:publisher\" content=\"https:\/\/web.facebook.com\/lequotidienmr\" \/>\n<meta property=\"article:published_time\" content=\"2025-08-09T14:37:57+00:00\" \/>\n<meta property=\"og:image\" content=\"https:\/\/lequotidien.mr\/wp-content\/uploads\/2025\/08\/09-08-2025-002-750x430-1.jpg\" \/>\n\t<meta property=\"og:image:width\" content=\"750\" \/>\n\t<meta property=\"og:image:height\" content=\"430\" \/>\n\t<meta property=\"og:image:type\" content=\"image\/jpeg\" \/>\n<meta name=\"author\" content=\"Le Quotidien\" \/>\n<meta name=\"twitter:card\" content=\"summary_large_image\" \/>\n<meta name=\"twitter:creator\" content=\"@lequotidienmr\" \/>\n<meta name=\"twitter:site\" content=\"@lequotidienmr\" \/>\n<meta name=\"twitter:label1\" content=\"\u0643\u064f\u062a\u0628 \u0628\u0648\u0627\u0633\u0637\u0629\" \/>\n\t<meta name=\"twitter:data1\" content=\"Le Quotidien\" \/>\n\t<meta name=\"twitter:label2\" content=\"\u0648\u0642\u062a \u0627\u0644\u0642\u0631\u0627\u0621\u0629 \u0627\u0644\u0645\u064f\u0642\u062f\u0651\u0631\" \/>\n\t<meta name=\"twitter:data2\" content=\"4 \u062f\u0642\u0627\u0626\u0642\" \/>\n<script type=\"application\/ld+json\" class=\"yoast-schema-graph\">{\"@context\":\"https:\\\/\\\/schema.org\",\"@graph\":[{\"@type\":\"Article\",\"@id\":\"https:\\\/\\\/lequotidien.mr\\\/?p=29926&lang=fr#article\",\"isPartOf\":{\"@id\":\"https:\\\/\\\/lequotidien.mr\\\/?p=29926&lang=fr\"},\"author\":{\"name\":\"Le Quotidien\",\"@id\":\"https:\\\/\\\/lequotidien.mr\\\/#\\\/schema\\\/person\\\/f90fcdaa970c60288de4ed2e64a56472\"},\"headline\":\"Lancement de la premi\u00e8re \u00e9dition du Festival de Touil pour l\u2019unit\u00e9 et la valorisation du patrimoine\",\"datePublished\":\"2025-08-09T14:37:57+00:00\",\"mainEntityOfPage\":{\"@id\":\"https:\\\/\\\/lequotidien.mr\\\/?p=29926&lang=fr\"},\"wordCount\":567,\"commentCount\":0,\"publisher\":{\"@id\":\"https:\\\/\\\/lequotidien.mr\\\/#organization\"},\"image\":{\"@id\":\"https:\\\/\\\/lequotidien.mr\\\/?p=29926&lang=fr#primaryimage\"},\"thumbnailUrl\":\"https:\\\/\\\/lequotidien.mr\\\/wp-content\\\/uploads\\\/2025\\\/08\\\/09-08-2025-002-750x430-1.jpg\",\"articleSection\":[\"ACTUALIT\u00c9\",\"Culture\"],\"inLanguage\":\"ar\",\"potentialAction\":[{\"@type\":\"CommentAction\",\"name\":\"Comment\",\"target\":[\"https:\\\/\\\/lequotidien.mr\\\/?p=29926&lang=fr#respond\"]}]},{\"@type\":\"WebPage\",\"@id\":\"https:\\\/\\\/lequotidien.mr\\\/?p=29926&lang=fr\",\"url\":\"https:\\\/\\\/lequotidien.mr\\\/?p=29926&lang=fr\",\"name\":\"Lancement de la premi\u00e8re \u00e9dition du Festival de Touil pour l\u2019unit\u00e9 et la valorisation du patrimoine - Le Quotidien de Nouakchott\",\"isPartOf\":{\"@id\":\"https:\\\/\\\/lequotidien.mr\\\/#website\"},\"primaryImageOfPage\":{\"@id\":\"https:\\\/\\\/lequotidien.mr\\\/?p=29926&lang=fr#primaryimage\"},\"image\":{\"@id\":\"https:\\\/\\\/lequotidien.mr\\\/?p=29926&lang=fr#primaryimage\"},\"thumbnailUrl\":\"https:\\\/\\\/lequotidien.mr\\\/wp-content\\\/uploads\\\/2025\\\/08\\\/09-08-2025-002-750x430-1.jpg\",\"datePublished\":\"2025-08-09T14:37:57+00:00\",\"breadcrumb\":{\"@id\":\"https:\\\/\\\/lequotidien.mr\\\/?p=29926&lang=fr#breadcrumb\"},\"inLanguage\":\"ar\",\"potentialAction\":[{\"@type\":\"ReadAction\",\"target\":[\"https:\\\/\\\/lequotidien.mr\\\/?p=29926&lang=fr\"]}]},{\"@type\":\"ImageObject\",\"inLanguage\":\"ar\",\"@id\":\"https:\\\/\\\/lequotidien.mr\\\/?p=29926&lang=fr#primaryimage\",\"url\":\"https:\\\/\\\/lequotidien.mr\\\/wp-content\\\/uploads\\\/2025\\\/08\\\/09-08-2025-002-750x430-1.jpg\",\"contentUrl\":\"https:\\\/\\\/lequotidien.mr\\\/wp-content\\\/uploads\\\/2025\\\/08\\\/09-08-2025-002-750x430-1.jpg\",\"width\":750,\"height\":430},{\"@type\":\"BreadcrumbList\",\"@id\":\"https:\\\/\\\/lequotidien.mr\\\/?p=29926&lang=fr#breadcrumb\",\"itemListElement\":[{\"@type\":\"ListItem\",\"position\":1,\"name\":\"Home\",\"item\":\"https:\\\/\\\/lequotidien.mr\\\/\"},{\"@type\":\"ListItem\",\"position\":2,\"name\":\"Lancement de la premi\u00e8re \u00e9dition du Festival de Touil pour l\u2019unit\u00e9 et la valorisation du patrimoine\"}]},{\"@type\":\"WebSite\",\"@id\":\"https:\\\/\\\/lequotidien.mr\\\/#website\",\"url\":\"https:\\\/\\\/lequotidien.mr\\\/\",\"name\":\"Le Quotidien de Nouakchott\",\"description\":\"\u0625\u062e\u0628\u0627\u0631\u064a\u0629 \u0645\u0633\u062a\u0642\u0644\u0629 \u0644\u0644\u0623\u0646\u0628\u0627\u0621 \u0627\u0644\u0639\u0627\u0645\u0629\",\"publisher\":{\"@id\":\"https:\\\/\\\/lequotidien.mr\\\/#organization\"},\"potentialAction\":[{\"@type\":\"SearchAction\",\"target\":{\"@type\":\"EntryPoint\",\"urlTemplate\":\"https:\\\/\\\/lequotidien.mr\\\/?s={search_term_string}\"},\"query-input\":{\"@type\":\"PropertyValueSpecification\",\"valueRequired\":true,\"valueName\":\"search_term_string\"}}],\"inLanguage\":\"ar\"},{\"@type\":\"Organization\",\"@id\":\"https:\\\/\\\/lequotidien.mr\\\/#organization\",\"name\":\"Le Quotidien de Nouakchott\",\"url\":\"https:\\\/\\\/lequotidien.mr\\\/\",\"logo\":{\"@type\":\"ImageObject\",\"inLanguage\":\"ar\",\"@id\":\"https:\\\/\\\/lequotidien.mr\\\/#\\\/schema\\\/logo\\\/image\\\/\",\"url\":\"https:\\\/\\\/lequotidien.mr\\\/wp-content\\\/uploads\\\/2022\\\/11\\\/logolequotidien.jpg\",\"contentUrl\":\"https:\\\/\\\/lequotidien.mr\\\/wp-content\\\/uploads\\\/2022\\\/11\\\/logolequotidien.jpg\",\"width\":290,\"height\":65,\"caption\":\"Le Quotidien de Nouakchott\"},\"image\":{\"@id\":\"https:\\\/\\\/lequotidien.mr\\\/#\\\/schema\\\/logo\\\/image\\\/\"},\"sameAs\":[\"https:\\\/\\\/web.facebook.com\\\/lequotidienmr\",\"https:\\\/\\\/x.com\\\/lequotidienmr\"]},{\"@type\":\"Person\",\"@id\":\"https:\\\/\\\/lequotidien.mr\\\/#\\\/schema\\\/person\\\/f90fcdaa970c60288de4ed2e64a56472\",\"name\":\"Le Quotidien\",\"image\":{\"@type\":\"ImageObject\",\"inLanguage\":\"ar\",\"@id\":\"https:\\\/\\\/secure.gravatar.com\\\/avatar\\\/374cb39a1a458a912465a93e5a3ce6546886fc3da809a1f10c63e4e8fcbca30f?s=96&d=mm&r=g\",\"url\":\"https:\\\/\\\/secure.gravatar.com\\\/avatar\\\/374cb39a1a458a912465a93e5a3ce6546886fc3da809a1f10c63e4e8fcbca30f?s=96&d=mm&r=g\",\"contentUrl\":\"https:\\\/\\\/secure.gravatar.com\\\/avatar\\\/374cb39a1a458a912465a93e5a3ce6546886fc3da809a1f10c63e4e8fcbca30f?s=96&d=mm&r=g\",\"caption\":\"Le Quotidien\"},\"sameAs\":[\"https:\\\/\\\/lequotidien.mr\\\/\"],\"url\":\"https:\\\/\\\/lequotidien.mr\\\/?author=4\"}]}<\/script>\n<!-- \/ Yoast SEO plugin. -->","yoast_head_json":{"title":"Lancement de la premi\u00e8re \u00e9dition du Festival de Touil pour l\u2019unit\u00e9 et la valorisation du patrimoine - Le Quotidien de Nouakchott","robots":{"index":"index","follow":"follow","max-snippet":"max-snippet:-1","max-image-preview":"max-image-preview:large","max-video-preview":"max-video-preview:-1"},"canonical":"https:\/\/lequotidien.mr\/?p=29926&lang=fr","og_locale":"ar_AR","og_type":"article","og_title":"Lancement de la premi\u00e8re \u00e9dition du Festival de Touil pour l\u2019unit\u00e9 et la valorisation du patrimoine - Le Quotidien de Nouakchott","og_description":"Le ministre de la Culture, des Arts, de la Communication et des Relations avec le Parlement, porte-parole du gouvernement, M. El Houssein Ould Meddou, a pr\u00e9sid\u00e9, dans la soir\u00e9e d\u2019hier, la c\u00e9r\u00e9monie d\u2019ouverture de la premi\u00e8re \u00e9dition du Festival de la moughataa de Touil pour l\u2019unit\u00e9 et la valorisation du patrimoine. L\u2019\u00e9v\u00e9nement s\u2019est d\u00e9roul\u00e9 en.....","og_url":"https:\/\/lequotidien.mr\/?p=29926&lang=fr","og_site_name":"Le Quotidien de Nouakchott","article_publisher":"https:\/\/web.facebook.com\/lequotidienmr","article_published_time":"2025-08-09T14:37:57+00:00","og_image":[{"width":750,"height":430,"url":"https:\/\/lequotidien.mr\/wp-content\/uploads\/2025\/08\/09-08-2025-002-750x430-1.jpg","type":"image\/jpeg"}],"author":"Le Quotidien","twitter_card":"summary_large_image","twitter_creator":"@lequotidienmr","twitter_site":"@lequotidienmr","twitter_misc":{"\u0643\u064f\u062a\u0628 \u0628\u0648\u0627\u0633\u0637\u0629":"Le Quotidien","\u0648\u0642\u062a \u0627\u0644\u0642\u0631\u0627\u0621\u0629 \u0627\u0644\u0645\u064f\u0642\u062f\u0651\u0631":"4 \u062f\u0642\u0627\u0626\u0642"},"schema":{"@context":"https:\/\/schema.org","@graph":[{"@type":"Article","@id":"https:\/\/lequotidien.mr\/?p=29926&lang=fr#article","isPartOf":{"@id":"https:\/\/lequotidien.mr\/?p=29926&lang=fr"},"author":{"name":"Le Quotidien","@id":"https:\/\/lequotidien.mr\/#\/schema\/person\/f90fcdaa970c60288de4ed2e64a56472"},"headline":"Lancement de la premi\u00e8re \u00e9dition du Festival de Touil pour l\u2019unit\u00e9 et la valorisation du patrimoine","datePublished":"2025-08-09T14:37:57+00:00","mainEntityOfPage":{"@id":"https:\/\/lequotidien.mr\/?p=29926&lang=fr"},"wordCount":567,"commentCount":0,"publisher":{"@id":"https:\/\/lequotidien.mr\/#organization"},"image":{"@id":"https:\/\/lequotidien.mr\/?p=29926&lang=fr#primaryimage"},"thumbnailUrl":"https:\/\/lequotidien.mr\/wp-content\/uploads\/2025\/08\/09-08-2025-002-750x430-1.jpg","articleSection":["ACTUALIT\u00c9","Culture"],"inLanguage":"ar","potentialAction":[{"@type":"CommentAction","name":"Comment","target":["https:\/\/lequotidien.mr\/?p=29926&lang=fr#respond"]}]},{"@type":"WebPage","@id":"https:\/\/lequotidien.mr\/?p=29926&lang=fr","url":"https:\/\/lequotidien.mr\/?p=29926&lang=fr","name":"Lancement de la premi\u00e8re \u00e9dition du Festival de Touil pour l\u2019unit\u00e9 et la valorisation du patrimoine - Le Quotidien de Nouakchott","isPartOf":{"@id":"https:\/\/lequotidien.mr\/#website"},"primaryImageOfPage":{"@id":"https:\/\/lequotidien.mr\/?p=29926&lang=fr#primaryimage"},"image":{"@id":"https:\/\/lequotidien.mr\/?p=29926&lang=fr#primaryimage"},"thumbnailUrl":"https:\/\/lequotidien.mr\/wp-content\/uploads\/2025\/08\/09-08-2025-002-750x430-1.jpg","datePublished":"2025-08-09T14:37:57+00:00","breadcrumb":{"@id":"https:\/\/lequotidien.mr\/?p=29926&lang=fr#breadcrumb"},"inLanguage":"ar","potentialAction":[{"@type":"ReadAction","target":["https:\/\/lequotidien.mr\/?p=29926&lang=fr"]}]},{"@type":"ImageObject","inLanguage":"ar","@id":"https:\/\/lequotidien.mr\/?p=29926&lang=fr#primaryimage","url":"https:\/\/lequotidien.mr\/wp-content\/uploads\/2025\/08\/09-08-2025-002-750x430-1.jpg","contentUrl":"https:\/\/lequotidien.mr\/wp-content\/uploads\/2025\/08\/09-08-2025-002-750x430-1.jpg","width":750,"height":430},{"@type":"BreadcrumbList","@id":"https:\/\/lequotidien.mr\/?p=29926&lang=fr#breadcrumb","itemListElement":[{"@type":"ListItem","position":1,"name":"Home","item":"https:\/\/lequotidien.mr\/"},{"@type":"ListItem","position":2,"name":"Lancement de la premi\u00e8re \u00e9dition du Festival de Touil pour l\u2019unit\u00e9 et la valorisation du patrimoine"}]},{"@type":"WebSite","@id":"https:\/\/lequotidien.mr\/#website","url":"https:\/\/lequotidien.mr\/","name":"Le Quotidien de Nouakchott","description":"\u0625\u062e\u0628\u0627\u0631\u064a\u0629 \u0645\u0633\u062a\u0642\u0644\u0629 \u0644\u0644\u0623\u0646\u0628\u0627\u0621 \u0627\u0644\u0639\u0627\u0645\u0629","publisher":{"@id":"https:\/\/lequotidien.mr\/#organization"},"potentialAction":[{"@type":"SearchAction","target":{"@type":"EntryPoint","urlTemplate":"https:\/\/lequotidien.mr\/?s={search_term_string}"},"query-input":{"@type":"PropertyValueSpecification","valueRequired":true,"valueName":"search_term_string"}}],"inLanguage":"ar"},{"@type":"Organization","@id":"https:\/\/lequotidien.mr\/#organization","name":"Le Quotidien de Nouakchott","url":"https:\/\/lequotidien.mr\/","logo":{"@type":"ImageObject","inLanguage":"ar","@id":"https:\/\/lequotidien.mr\/#\/schema\/logo\/image\/","url":"https:\/\/lequotidien.mr\/wp-content\/uploads\/2022\/11\/logolequotidien.jpg","contentUrl":"https:\/\/lequotidien.mr\/wp-content\/uploads\/2022\/11\/logolequotidien.jpg","width":290,"height":65,"caption":"Le Quotidien de Nouakchott"},"image":{"@id":"https:\/\/lequotidien.mr\/#\/schema\/logo\/image\/"},"sameAs":["https:\/\/web.facebook.com\/lequotidienmr","https:\/\/x.com\/lequotidienmr"]},{"@type":"Person","@id":"https:\/\/lequotidien.mr\/#\/schema\/person\/f90fcdaa970c60288de4ed2e64a56472","name":"Le Quotidien","image":{"@type":"ImageObject","inLanguage":"ar","@id":"https:\/\/secure.gravatar.com\/avatar\/374cb39a1a458a912465a93e5a3ce6546886fc3da809a1f10c63e4e8fcbca30f?s=96&d=mm&r=g","url":"https:\/\/secure.gravatar.com\/avatar\/374cb39a1a458a912465a93e5a3ce6546886fc3da809a1f10c63e4e8fcbca30f?s=96&d=mm&r=g","contentUrl":"https:\/\/secure.gravatar.com\/avatar\/374cb39a1a458a912465a93e5a3ce6546886fc3da809a1f10c63e4e8fcbca30f?s=96&d=mm&r=g","caption":"Le Quotidien"},"sameAs":["https:\/\/lequotidien.mr\/"],"url":"https:\/\/lequotidien.mr\/?author=4"}]}},"_links":{"self":[{"href":"https:\/\/lequotidien.mr\/index.php?rest_route=\/wp\/v2\/posts\/29926","targetHints":{"allow":["GET"]}}],"collection":[{"href":"https:\/\/lequotidien.mr\/index.php?rest_route=\/wp\/v2\/posts"}],"about":[{"href":"https:\/\/lequotidien.mr\/index.php?rest_route=\/wp\/v2\/types\/post"}],"author":[{"embeddable":true,"href":"https:\/\/lequotidien.mr\/index.php?rest_route=\/wp\/v2\/users\/4"}],"replies":[{"embeddable":true,"href":"https:\/\/lequotidien.mr\/index.php?rest_route=%2Fwp%2Fv2%2Fcomments&post=29926"}],"version-history":[{"count":1,"href":"https:\/\/lequotidien.mr\/index.php?rest_route=\/wp\/v2\/posts\/29926\/revisions"}],"predecessor-version":[{"id":29928,"href":"https:\/\/lequotidien.mr\/index.php?rest_route=\/wp\/v2\/posts\/29926\/revisions\/29928"}],"wp:featuredmedia":[{"embeddable":true,"href":"https:\/\/lequotidien.mr\/index.php?rest_route=\/wp\/v2\/media\/29927"}],"wp:attachment":[{"href":"https:\/\/lequotidien.mr\/index.php?rest_route=%2Fwp%2Fv2%2Fmedia&parent=29926"}],"wp:term":[{"taxonomy":"category","embeddable":true,"href":"https:\/\/lequotidien.mr\/index.php?rest_route=%2Fwp%2Fv2%2Fcategories&post=29926"},{"taxonomy":"post_tag","embeddable":true,"href":"https:\/\/lequotidien.mr\/index.php?rest_route=%2Fwp%2Fv2%2Ftags&post=29926"}],"curies":[{"name":"wp","href":"https:\/\/api.w.org\/{rel}","templated":true}]}}