{"id":29875,"date":"2025-08-07T17:41:26","date_gmt":"2025-08-07T17:41:26","guid":{"rendered":"https:\/\/lequotidien.mr\/?p=29875"},"modified":"2025-08-07T17:41:26","modified_gmt":"2025-08-07T17:41:26","slug":"lancement-officiel-de-lecotourisme-inauguration-du-parc-national-daouleygatt-par-la-ministre-de-lenvironnement-et-du-developpement-durable","status":"publish","type":"post","link":"https:\/\/lequotidien.mr\/?p=29875&lang=fr","title":{"rendered":"Lancement officiel de l&#8217;\u00e9cotourisme : Inauguration du Parc National d&#8217;Aouleygatt par la Ministre de l\u2019Environnement et du D\u00e9veloppement Durable"},"content":{"rendered":"<p>Dans une d\u00e9marche significative pour le d\u00e9veloppement durable et le tourisme local, la ministre de l\u2019Environnement et du D\u00e9veloppement durable, Mme Messouda Baham Ould Mohamed Laghdaf, a officiellement inaugur\u00e9 le Parc national d\u2019Aouleygatt ce mardi. Accompagn\u00e9e du wali de l\u2019Adrar, M. Ahmedna Sid Ebba, la ministre a marqu\u00e9 le coup d&#8217;envoi de l&#8217;activit\u00e9 touristique \u00e9cologique dans cette r\u00e9gion naturelle d&#8217;exception.<\/p>\n<p>Cette inauguration concr\u00e9tise les directives du Pr\u00e9sident de la R\u00e9publique, M. Mohamed Cheikh El Ghazouani, qui appelle \u00e0 encourager le tourisme local et \u00e0 promouvoir un d\u00e9veloppement \u00e9cologique durable. \u00ab L\u2019ouverture de ce Parc s\u2019inscrit dans le cadre de l\u2019action de notre d\u00e9partement visant \u00e0 mettre en \u0153uvre les directives pr\u00e9sidentielles pour promouvoir le tourisme \u00e9cologique \u00bb, a d\u00e9clar\u00e9 la ministre \u00e0 l\u2019Agence mauritanienne d\u2019information. Elle a pr\u00e9cis\u00e9 que cette initiative repose sur \u00ab l&#8217;exploitation de la riche biodiversit\u00e9 de la zone et la fourniture des infrastructures n\u00e9cessaires \u00e0 l\u2019accueil des touristes. \u00bb<\/p>\n<p><strong>Un site d\u00e9di\u00e9 \u00e0 l&#8217;\u00e9cotourisme et \u00e0 la conservation<\/strong><\/p>\n<p>Le parc d&#8217;Aouleygatt se pr\u00e9sente comme une destination \u00e9cotouristique compl\u00e8te, offrant des installations int\u00e9gr\u00e9es con\u00e7ues pour le confort des visiteurs tout en respectant l&#8217;environnement :<\/p>\n<p><strong>-Un<\/strong>\u00a0<strong>h\u00f4tel \u00e9cologique<\/strong>\u00a0comprenant 10 chambres standard et 5 chambres familiales\u00a0;<\/p>\n<p><strong>-Un complexe de tentes et un<\/strong>\u00a0<strong>village touristique traditionnel<\/strong>, strat\u00e9giquement situ\u00e9s face aux zones d\u2019acclimatation des gazelles et d\u2019autres esp\u00e8ces menac\u00e9es, permettant une observation respectueuse\u00a0;<\/p>\n<p><strong>-Une<\/strong>\u00a0<strong>p\u00e9pini\u00e8re<\/strong>\u00a0d\u2019une capacit\u00e9 de production de 10 000 plants, destin\u00e9s au reboisement, \u00e0 la d\u00e9coration et \u00e0 l\u2019alimentation des animaux herbivores du parc.<\/p>\n<p>Lors de sa visite, la ministre et le wali ont \u00e9galement pu constater d&#8217;autres infrastructures pr\u00eates \u00e0 accueillir les visiteurs : des chambres d\u2019h\u00f4tes \u00e9quip\u00e9es, un restaurant \u00e9cologique, des salles fonctionnant \u00e0 l\u2019\u00e9nergie solaire, et un campement suppl\u00e9mentaire pour augmenter la capacit\u00e9 d\u2019accueil.<\/p>\n<p><strong>Sensibilisation et implication citoyenne<\/strong><\/p>\n<p>Mme Laghdaf a vivement\u00a0<strong>invit\u00e9 les citoyens mauritaniens<\/strong>\u00a0\u00e0 d\u00e9couvrir le parc et \u00e0 profiter de la beaut\u00e9 de sa nature. Elle a particuli\u00e8rement soulign\u00e9 l&#8217;importance d&#8217;<strong>impliquer les enfants<\/strong>\u00a0dans ce type de tourisme \u00e9cologique. \u00ab Cela permet d\u2019\u00e9largir leurs connaissances sur les esp\u00e8ces animales locales et contribue significativement \u00e0 la sensibilisation \u00e0 l\u2019environnement au niveau national \u00bb, a-t-elle expliqu\u00e9.<\/p>\n<p><strong>Engagement r\u00e9gional pour la reforestation et la protection<\/strong><\/p>\n<p>La c\u00e9r\u00e9monie a \u00e9galement \u00e9t\u00e9 l&#8217;occasion de mettre en lumi\u00e8re les efforts environnementaux d\u00e9ploy\u00e9s dans la wilaya de l\u2019Adrar. Le d\u00e9l\u00e9gu\u00e9 r\u00e9gional du minist\u00e8re, M. Mohamed Fadel Limam, a d\u00e9taill\u00e9 un\u00a0<strong>ambitieux programme de reboisement<\/strong>\u00a0sur deux niveaux :<\/p>\n<p><strong>-Production de 45 850 plants <\/strong>pr\u00eats \u00e0 l&#8217;emploi imm\u00e9diat\u00a0;<\/p>\n<p><strong>-Production de 63 000 arbustes <\/strong>destin\u00e9s \u00e0 \u00eatre plant\u00e9s en septembre et octobre prochains pour restaurer le couvert v\u00e9g\u00e9tal dans les zones d\u00e9sertiques.<\/p>\n<p><em>\u00ab La production totale d\u2019arbustes dans nos p\u00e9pini\u00e8res r\u00e9gionales atteint 117 850 plants \u00bb<\/em>, a indiqu\u00e9 M. Limam, pr\u00e9cisant qu&#8217;un programme de\u00a0<strong>distribution gratuite \u00e0 la population locale<\/strong>\u00a0est en place.<\/p>\n<p><strong>Partenariats innovants pour la protection des for\u00eats<\/strong><\/p>\n<p>Le d\u00e9l\u00e9gu\u00e9 a aussi annonc\u00e9 un\u00a0<strong>partenariat mod\u00e8le avec un investisseur national<\/strong>\u00a0pour prot\u00e9ger la for\u00eat class\u00e9e de Gani (commune de T\u00e9kane) via un <em>\u00ab investissement respectueux de l\u2019environnement \u00bb<\/em>. Ce projet comprend :<\/p>\n<p><strong>-La production de miel naturel<\/strong>\u00a0;<\/p>\n<p><strong>-La surveillance de 2 400 hectares de for\u00eat par<\/strong>\u00a0<strong>drones et cam\u00e9ras thermiques\u00a0<\/strong>;<\/p>\n<p><strong>-L\u2019emploi et l\u2019\u00e9quipement de 10 gardes forestiers (avec 6 chevaux et un bateau pneumatique)<\/strong> pour patrouiller efficacement, y compris dans les zones inond\u00e9es et sur les berges du fleuve.<\/p>\n<p>Une recherche est en cours pour appliquer ce m\u00eame mod\u00e8le innovant de protection \u00e0 la for\u00eat class\u00e9e de Keurmour (450 hectares).<\/p>\n<p>La c\u00e9r\u00e9monie d\u2019inauguration s\u2019est d\u00e9roul\u00e9e en pr\u00e9sence des autorit\u00e9s administratives de la moughataa de Ouad Naga et de la d\u00e9l\u00e9gation accompagnant la ministre, marquant un engagement collectif en faveur du d\u00e9veloppement \u00e9cologique et touristique durable de la r\u00e9gion de l&#8217;Adrar. Le Parc National d&#8217;Aouleygatt ouvre ainsi une nouvelle page pour l&#8217;\u00e9cotourisme mauritanien.<\/p>\n","protected":false},"excerpt":{"rendered":"<p>Dans une d\u00e9marche significative pour le d\u00e9veloppement durable et le tourisme local, la ministre de l\u2019Environnement et du D\u00e9veloppement durable, Mme Messouda Baham Ould Mohamed Laghdaf, a officiellement inaugur\u00e9 le Parc national d\u2019Aouleygatt ce mardi. Accompagn\u00e9e du wali de l\u2019Adrar, M. Ahmedna Sid Ebba, la ministre a marqu\u00e9 le coup d&#8217;envoi de l&#8217;activit\u00e9 touristique \u00e9cologique&#8230;..<\/p>\n","protected":false},"author":12,"featured_media":29876,"comment_status":"open","ping_status":"open","sticky":false,"template":"","format":"standard","meta":{"footnotes":""},"categories":[23,55],"tags":[],"class_list":["post-29875","post","type-post","status-publish","format-standard","has-post-thumbnail","hentry","category-actualite","category-culture"],"yoast_head":"<!-- This site is optimized with the Yoast SEO plugin v27.5 - https:\/\/yoast.com\/product\/yoast-seo-wordpress\/ -->\n<title>Lancement officiel de l&#039;\u00e9cotourisme : Inauguration du Parc National d&#039;Aouleygatt par la Ministre de l\u2019Environnement et du D\u00e9veloppement Durable - Le Quotidien de Nouakchott<\/title>\n<meta name=\"robots\" content=\"index, follow, max-snippet:-1, max-image-preview:large, max-video-preview:-1\" \/>\n<link rel=\"canonical\" href=\"https:\/\/lequotidien.mr\/?p=29875&lang=fr\" \/>\n<meta property=\"og:locale\" content=\"ar_AR\" \/>\n<meta property=\"og:type\" content=\"article\" \/>\n<meta property=\"og:title\" content=\"Lancement officiel de l&#039;\u00e9cotourisme : Inauguration du Parc National d&#039;Aouleygatt par la Ministre de l\u2019Environnement et du D\u00e9veloppement Durable - Le Quotidien de Nouakchott\" \/>\n<meta property=\"og:description\" content=\"Dans une d\u00e9marche significative pour le d\u00e9veloppement durable et le tourisme local, la ministre de l\u2019Environnement et du D\u00e9veloppement durable, Mme Messouda Baham Ould Mohamed Laghdaf, a officiellement inaugur\u00e9 le Parc national d\u2019Aouleygatt ce mardi. Accompagn\u00e9e du wali de l\u2019Adrar, M. Ahmedna Sid Ebba, la ministre a marqu\u00e9 le coup d&#8217;envoi de l&#8217;activit\u00e9 touristique \u00e9cologique.....\" \/>\n<meta property=\"og:url\" content=\"https:\/\/lequotidien.mr\/?p=29875&amp;lang=fr\" \/>\n<meta property=\"og:site_name\" content=\"Le Quotidien de Nouakchott\" \/>\n<meta property=\"article:publisher\" content=\"https:\/\/web.facebook.com\/lequotidienmr\" \/>\n<meta property=\"article:published_time\" content=\"2025-08-07T17:41:26+00:00\" \/>\n<meta property=\"og:image\" content=\"https:\/\/lequotidien.mr\/wp-content\/uploads\/2025\/08\/photo-tourisma-ecolo.jpg\" \/>\n\t<meta property=\"og:image:width\" content=\"423\" \/>\n\t<meta property=\"og:image:height\" content=\"430\" \/>\n\t<meta property=\"og:image:type\" content=\"image\/jpeg\" \/>\n<meta name=\"author\" content=\"Med Ahmed\" \/>\n<meta name=\"twitter:card\" content=\"summary_large_image\" \/>\n<meta name=\"twitter:creator\" content=\"@lequotidienmr\" \/>\n<meta name=\"twitter:site\" content=\"@lequotidienmr\" \/>\n<meta name=\"twitter:label1\" content=\"\u0643\u064f\u062a\u0628 \u0628\u0648\u0627\u0633\u0637\u0629\" \/>\n\t<meta name=\"twitter:data1\" content=\"Med Ahmed\" \/>\n\t<meta name=\"twitter:label2\" content=\"\u0648\u0642\u062a \u0627\u0644\u0642\u0631\u0627\u0621\u0629 \u0627\u0644\u0645\u064f\u0642\u062f\u0651\u0631\" \/>\n\t<meta name=\"twitter:data2\" content=\"5 \u062f\u0642\u0627\u0626\u0642\" \/>\n<script type=\"application\/ld+json\" class=\"yoast-schema-graph\">{\"@context\":\"https:\\\/\\\/schema.org\",\"@graph\":[{\"@type\":\"Article\",\"@id\":\"https:\\\/\\\/lequotidien.mr\\\/?p=29875&lang=fr#article\",\"isPartOf\":{\"@id\":\"https:\\\/\\\/lequotidien.mr\\\/?p=29875&lang=fr\"},\"author\":{\"name\":\"Med Ahmed\",\"@id\":\"https:\\\/\\\/lequotidien.mr\\\/#\\\/schema\\\/person\\\/d2d350202a4d599685ed8abc25f97596\"},\"headline\":\"Lancement officiel de l&#8217;\u00e9cotourisme : Inauguration du Parc National d&#8217;Aouleygatt par la Ministre de l\u2019Environnement et du D\u00e9veloppement Durable\",\"datePublished\":\"2025-08-07T17:41:26+00:00\",\"mainEntityOfPage\":{\"@id\":\"https:\\\/\\\/lequotidien.mr\\\/?p=29875&lang=fr\"},\"wordCount\":723,\"commentCount\":0,\"publisher\":{\"@id\":\"https:\\\/\\\/lequotidien.mr\\\/#organization\"},\"image\":{\"@id\":\"https:\\\/\\\/lequotidien.mr\\\/?p=29875&lang=fr#primaryimage\"},\"thumbnailUrl\":\"https:\\\/\\\/lequotidien.mr\\\/wp-content\\\/uploads\\\/2025\\\/08\\\/photo-tourisma-ecolo.jpg\",\"articleSection\":[\"ACTUALIT\u00c9\",\"Culture\"],\"inLanguage\":\"ar\",\"potentialAction\":[{\"@type\":\"CommentAction\",\"name\":\"Comment\",\"target\":[\"https:\\\/\\\/lequotidien.mr\\\/?p=29875&lang=fr#respond\"]}]},{\"@type\":\"WebPage\",\"@id\":\"https:\\\/\\\/lequotidien.mr\\\/?p=29875&lang=fr\",\"url\":\"https:\\\/\\\/lequotidien.mr\\\/?p=29875&lang=fr\",\"name\":\"Lancement officiel de l'\u00e9cotourisme : Inauguration du Parc National d'Aouleygatt par la Ministre de l\u2019Environnement et du D\u00e9veloppement Durable - Le Quotidien de Nouakchott\",\"isPartOf\":{\"@id\":\"https:\\\/\\\/lequotidien.mr\\\/#website\"},\"primaryImageOfPage\":{\"@id\":\"https:\\\/\\\/lequotidien.mr\\\/?p=29875&lang=fr#primaryimage\"},\"image\":{\"@id\":\"https:\\\/\\\/lequotidien.mr\\\/?p=29875&lang=fr#primaryimage\"},\"thumbnailUrl\":\"https:\\\/\\\/lequotidien.mr\\\/wp-content\\\/uploads\\\/2025\\\/08\\\/photo-tourisma-ecolo.jpg\",\"datePublished\":\"2025-08-07T17:41:26+00:00\",\"breadcrumb\":{\"@id\":\"https:\\\/\\\/lequotidien.mr\\\/?p=29875&lang=fr#breadcrumb\"},\"inLanguage\":\"ar\",\"potentialAction\":[{\"@type\":\"ReadAction\",\"target\":[\"https:\\\/\\\/lequotidien.mr\\\/?p=29875&lang=fr\"]}]},{\"@type\":\"ImageObject\",\"inLanguage\":\"ar\",\"@id\":\"https:\\\/\\\/lequotidien.mr\\\/?p=29875&lang=fr#primaryimage\",\"url\":\"https:\\\/\\\/lequotidien.mr\\\/wp-content\\\/uploads\\\/2025\\\/08\\\/photo-tourisma-ecolo.jpg\",\"contentUrl\":\"https:\\\/\\\/lequotidien.mr\\\/wp-content\\\/uploads\\\/2025\\\/08\\\/photo-tourisma-ecolo.jpg\",\"width\":423,\"height\":430},{\"@type\":\"BreadcrumbList\",\"@id\":\"https:\\\/\\\/lequotidien.mr\\\/?p=29875&lang=fr#breadcrumb\",\"itemListElement\":[{\"@type\":\"ListItem\",\"position\":1,\"name\":\"Home\",\"item\":\"https:\\\/\\\/lequotidien.mr\\\/\"},{\"@type\":\"ListItem\",\"position\":2,\"name\":\"Lancement officiel de l&rsquo;\u00e9cotourisme : Inauguration du Parc National d&rsquo;Aouleygatt par la Ministre de l\u2019Environnement et du D\u00e9veloppement Durable\"}]},{\"@type\":\"WebSite\",\"@id\":\"https:\\\/\\\/lequotidien.mr\\\/#website\",\"url\":\"https:\\\/\\\/lequotidien.mr\\\/\",\"name\":\"Le Quotidien de Nouakchott\",\"description\":\"\u0625\u062e\u0628\u0627\u0631\u064a\u0629 \u0645\u0633\u062a\u0642\u0644\u0629 \u0644\u0644\u0623\u0646\u0628\u0627\u0621 \u0627\u0644\u0639\u0627\u0645\u0629\",\"publisher\":{\"@id\":\"https:\\\/\\\/lequotidien.mr\\\/#organization\"},\"potentialAction\":[{\"@type\":\"SearchAction\",\"target\":{\"@type\":\"EntryPoint\",\"urlTemplate\":\"https:\\\/\\\/lequotidien.mr\\\/?s={search_term_string}\"},\"query-input\":{\"@type\":\"PropertyValueSpecification\",\"valueRequired\":true,\"valueName\":\"search_term_string\"}}],\"inLanguage\":\"ar\"},{\"@type\":\"Organization\",\"@id\":\"https:\\\/\\\/lequotidien.mr\\\/#organization\",\"name\":\"Le Quotidien de Nouakchott\",\"url\":\"https:\\\/\\\/lequotidien.mr\\\/\",\"logo\":{\"@type\":\"ImageObject\",\"inLanguage\":\"ar\",\"@id\":\"https:\\\/\\\/lequotidien.mr\\\/#\\\/schema\\\/logo\\\/image\\\/\",\"url\":\"https:\\\/\\\/lequotidien.mr\\\/wp-content\\\/uploads\\\/2022\\\/11\\\/logolequotidien.jpg\",\"contentUrl\":\"https:\\\/\\\/lequotidien.mr\\\/wp-content\\\/uploads\\\/2022\\\/11\\\/logolequotidien.jpg\",\"width\":290,\"height\":65,\"caption\":\"Le Quotidien de Nouakchott\"},\"image\":{\"@id\":\"https:\\\/\\\/lequotidien.mr\\\/#\\\/schema\\\/logo\\\/image\\\/\"},\"sameAs\":[\"https:\\\/\\\/web.facebook.com\\\/lequotidienmr\",\"https:\\\/\\\/x.com\\\/lequotidienmr\"]},{\"@type\":\"Person\",\"@id\":\"https:\\\/\\\/lequotidien.mr\\\/#\\\/schema\\\/person\\\/d2d350202a4d599685ed8abc25f97596\",\"name\":\"Med Ahmed\",\"image\":{\"@type\":\"ImageObject\",\"inLanguage\":\"ar\",\"@id\":\"https:\\\/\\\/secure.gravatar.com\\\/avatar\\\/fd2acc62ed50732923d1d39c17172c9b04149f142be92310ecc69e1358f94b52?s=96&d=mm&r=g\",\"url\":\"https:\\\/\\\/secure.gravatar.com\\\/avatar\\\/fd2acc62ed50732923d1d39c17172c9b04149f142be92310ecc69e1358f94b52?s=96&d=mm&r=g\",\"contentUrl\":\"https:\\\/\\\/secure.gravatar.com\\\/avatar\\\/fd2acc62ed50732923d1d39c17172c9b04149f142be92310ecc69e1358f94b52?s=96&d=mm&r=g\",\"caption\":\"Med Ahmed\"},\"url\":\"https:\\\/\\\/lequotidien.mr\\\/?author=12\"}]}<\/script>\n<!-- \/ Yoast SEO plugin. -->","yoast_head_json":{"title":"Lancement officiel de l'\u00e9cotourisme : Inauguration du Parc National d'Aouleygatt par la Ministre de l\u2019Environnement et du D\u00e9veloppement Durable - Le Quotidien de Nouakchott","robots":{"index":"index","follow":"follow","max-snippet":"max-snippet:-1","max-image-preview":"max-image-preview:large","max-video-preview":"max-video-preview:-1"},"canonical":"https:\/\/lequotidien.mr\/?p=29875&lang=fr","og_locale":"ar_AR","og_type":"article","og_title":"Lancement officiel de l'\u00e9cotourisme : Inauguration du Parc National d'Aouleygatt par la Ministre de l\u2019Environnement et du D\u00e9veloppement Durable - Le Quotidien de Nouakchott","og_description":"Dans une d\u00e9marche significative pour le d\u00e9veloppement durable et le tourisme local, la ministre de l\u2019Environnement et du D\u00e9veloppement durable, Mme Messouda Baham Ould Mohamed Laghdaf, a officiellement inaugur\u00e9 le Parc national d\u2019Aouleygatt ce mardi. Accompagn\u00e9e du wali de l\u2019Adrar, M. Ahmedna Sid Ebba, la ministre a marqu\u00e9 le coup d&#8217;envoi de l&#8217;activit\u00e9 touristique \u00e9cologique.....","og_url":"https:\/\/lequotidien.mr\/?p=29875&lang=fr","og_site_name":"Le Quotidien de Nouakchott","article_publisher":"https:\/\/web.facebook.com\/lequotidienmr","article_published_time":"2025-08-07T17:41:26+00:00","og_image":[{"width":423,"height":430,"url":"https:\/\/lequotidien.mr\/wp-content\/uploads\/2025\/08\/photo-tourisma-ecolo.jpg","type":"image\/jpeg"}],"author":"Med Ahmed","twitter_card":"summary_large_image","twitter_creator":"@lequotidienmr","twitter_site":"@lequotidienmr","twitter_misc":{"\u0643\u064f\u062a\u0628 \u0628\u0648\u0627\u0633\u0637\u0629":"Med Ahmed","\u0648\u0642\u062a \u0627\u0644\u0642\u0631\u0627\u0621\u0629 \u0627\u0644\u0645\u064f\u0642\u062f\u0651\u0631":"5 \u062f\u0642\u0627\u0626\u0642"},"schema":{"@context":"https:\/\/schema.org","@graph":[{"@type":"Article","@id":"https:\/\/lequotidien.mr\/?p=29875&lang=fr#article","isPartOf":{"@id":"https:\/\/lequotidien.mr\/?p=29875&lang=fr"},"author":{"name":"Med Ahmed","@id":"https:\/\/lequotidien.mr\/#\/schema\/person\/d2d350202a4d599685ed8abc25f97596"},"headline":"Lancement officiel de l&#8217;\u00e9cotourisme : Inauguration du Parc National d&#8217;Aouleygatt par la Ministre de l\u2019Environnement et du D\u00e9veloppement Durable","datePublished":"2025-08-07T17:41:26+00:00","mainEntityOfPage":{"@id":"https:\/\/lequotidien.mr\/?p=29875&lang=fr"},"wordCount":723,"commentCount":0,"publisher":{"@id":"https:\/\/lequotidien.mr\/#organization"},"image":{"@id":"https:\/\/lequotidien.mr\/?p=29875&lang=fr#primaryimage"},"thumbnailUrl":"https:\/\/lequotidien.mr\/wp-content\/uploads\/2025\/08\/photo-tourisma-ecolo.jpg","articleSection":["ACTUALIT\u00c9","Culture"],"inLanguage":"ar","potentialAction":[{"@type":"CommentAction","name":"Comment","target":["https:\/\/lequotidien.mr\/?p=29875&lang=fr#respond"]}]},{"@type":"WebPage","@id":"https:\/\/lequotidien.mr\/?p=29875&lang=fr","url":"https:\/\/lequotidien.mr\/?p=29875&lang=fr","name":"Lancement officiel de l'\u00e9cotourisme : Inauguration du Parc National d'Aouleygatt par la Ministre de l\u2019Environnement et du D\u00e9veloppement Durable - Le Quotidien de Nouakchott","isPartOf":{"@id":"https:\/\/lequotidien.mr\/#website"},"primaryImageOfPage":{"@id":"https:\/\/lequotidien.mr\/?p=29875&lang=fr#primaryimage"},"image":{"@id":"https:\/\/lequotidien.mr\/?p=29875&lang=fr#primaryimage"},"thumbnailUrl":"https:\/\/lequotidien.mr\/wp-content\/uploads\/2025\/08\/photo-tourisma-ecolo.jpg","datePublished":"2025-08-07T17:41:26+00:00","breadcrumb":{"@id":"https:\/\/lequotidien.mr\/?p=29875&lang=fr#breadcrumb"},"inLanguage":"ar","potentialAction":[{"@type":"ReadAction","target":["https:\/\/lequotidien.mr\/?p=29875&lang=fr"]}]},{"@type":"ImageObject","inLanguage":"ar","@id":"https:\/\/lequotidien.mr\/?p=29875&lang=fr#primaryimage","url":"https:\/\/lequotidien.mr\/wp-content\/uploads\/2025\/08\/photo-tourisma-ecolo.jpg","contentUrl":"https:\/\/lequotidien.mr\/wp-content\/uploads\/2025\/08\/photo-tourisma-ecolo.jpg","width":423,"height":430},{"@type":"BreadcrumbList","@id":"https:\/\/lequotidien.mr\/?p=29875&lang=fr#breadcrumb","itemListElement":[{"@type":"ListItem","position":1,"name":"Home","item":"https:\/\/lequotidien.mr\/"},{"@type":"ListItem","position":2,"name":"Lancement officiel de l&rsquo;\u00e9cotourisme : Inauguration du Parc National d&rsquo;Aouleygatt par la Ministre de l\u2019Environnement et du D\u00e9veloppement Durable"}]},{"@type":"WebSite","@id":"https:\/\/lequotidien.mr\/#website","url":"https:\/\/lequotidien.mr\/","name":"Le Quotidien de Nouakchott","description":"\u0625\u062e\u0628\u0627\u0631\u064a\u0629 \u0645\u0633\u062a\u0642\u0644\u0629 \u0644\u0644\u0623\u0646\u0628\u0627\u0621 \u0627\u0644\u0639\u0627\u0645\u0629","publisher":{"@id":"https:\/\/lequotidien.mr\/#organization"},"potentialAction":[{"@type":"SearchAction","target":{"@type":"EntryPoint","urlTemplate":"https:\/\/lequotidien.mr\/?s={search_term_string}"},"query-input":{"@type":"PropertyValueSpecification","valueRequired":true,"valueName":"search_term_string"}}],"inLanguage":"ar"},{"@type":"Organization","@id":"https:\/\/lequotidien.mr\/#organization","name":"Le Quotidien de Nouakchott","url":"https:\/\/lequotidien.mr\/","logo":{"@type":"ImageObject","inLanguage":"ar","@id":"https:\/\/lequotidien.mr\/#\/schema\/logo\/image\/","url":"https:\/\/lequotidien.mr\/wp-content\/uploads\/2022\/11\/logolequotidien.jpg","contentUrl":"https:\/\/lequotidien.mr\/wp-content\/uploads\/2022\/11\/logolequotidien.jpg","width":290,"height":65,"caption":"Le Quotidien de Nouakchott"},"image":{"@id":"https:\/\/lequotidien.mr\/#\/schema\/logo\/image\/"},"sameAs":["https:\/\/web.facebook.com\/lequotidienmr","https:\/\/x.com\/lequotidienmr"]},{"@type":"Person","@id":"https:\/\/lequotidien.mr\/#\/schema\/person\/d2d350202a4d599685ed8abc25f97596","name":"Med Ahmed","image":{"@type":"ImageObject","inLanguage":"ar","@id":"https:\/\/secure.gravatar.com\/avatar\/fd2acc62ed50732923d1d39c17172c9b04149f142be92310ecc69e1358f94b52?s=96&d=mm&r=g","url":"https:\/\/secure.gravatar.com\/avatar\/fd2acc62ed50732923d1d39c17172c9b04149f142be92310ecc69e1358f94b52?s=96&d=mm&r=g","contentUrl":"https:\/\/secure.gravatar.com\/avatar\/fd2acc62ed50732923d1d39c17172c9b04149f142be92310ecc69e1358f94b52?s=96&d=mm&r=g","caption":"Med Ahmed"},"url":"https:\/\/lequotidien.mr\/?author=12"}]}},"_links":{"self":[{"href":"https:\/\/lequotidien.mr\/index.php?rest_route=\/wp\/v2\/posts\/29875","targetHints":{"allow":["GET"]}}],"collection":[{"href":"https:\/\/lequotidien.mr\/index.php?rest_route=\/wp\/v2\/posts"}],"about":[{"href":"https:\/\/lequotidien.mr\/index.php?rest_route=\/wp\/v2\/types\/post"}],"author":[{"embeddable":true,"href":"https:\/\/lequotidien.mr\/index.php?rest_route=\/wp\/v2\/users\/12"}],"replies":[{"embeddable":true,"href":"https:\/\/lequotidien.mr\/index.php?rest_route=%2Fwp%2Fv2%2Fcomments&post=29875"}],"version-history":[{"count":1,"href":"https:\/\/lequotidien.mr\/index.php?rest_route=\/wp\/v2\/posts\/29875\/revisions"}],"predecessor-version":[{"id":29877,"href":"https:\/\/lequotidien.mr\/index.php?rest_route=\/wp\/v2\/posts\/29875\/revisions\/29877"}],"wp:featuredmedia":[{"embeddable":true,"href":"https:\/\/lequotidien.mr\/index.php?rest_route=\/wp\/v2\/media\/29876"}],"wp:attachment":[{"href":"https:\/\/lequotidien.mr\/index.php?rest_route=%2Fwp%2Fv2%2Fmedia&parent=29875"}],"wp:term":[{"taxonomy":"category","embeddable":true,"href":"https:\/\/lequotidien.mr\/index.php?rest_route=%2Fwp%2Fv2%2Fcategories&post=29875"},{"taxonomy":"post_tag","embeddable":true,"href":"https:\/\/lequotidien.mr\/index.php?rest_route=%2Fwp%2Fv2%2Ftags&post=29875"}],"curies":[{"name":"wp","href":"https:\/\/api.w.org\/{rel}","templated":true}]}}