{"id":29863,"date":"2025-08-07T13:36:12","date_gmt":"2025-08-07T13:36:12","guid":{"rendered":"https:\/\/lequotidien.mr\/?p=29863"},"modified":"2025-08-07T13:36:12","modified_gmt":"2025-08-07T13:36:12","slug":"crise-de-leau-a-nouakchott-le-ministere-de-lhydraulique-deploie-des-solutions-palliatives","status":"publish","type":"post","link":"https:\/\/lequotidien.mr\/?p=29863&lang=fr","title":{"rendered":"Crise de l&#8217;eau \u00e0 Nouakchott : Le minist\u00e8re de l&#8217;Hydraulique d\u00e9ploie des solutions palliatives"},"content":{"rendered":"<p>Face \u00e0 la crise de la soif qui s\u00e9vit depuis plusieurs jours dans la capitale mauritanienne, le minist\u00e8re de l\u2019Hydraulique et de l\u2019Assainissement a annonc\u00e9, ce mercredi, la mise en \u0153uvre imm\u00e9diate d&#8217;un plan d&#8217;att\u00e9nuation. Ces mesures interviennent en attendant la pleine op\u00e9rationnalit\u00e9 de la nouvelle usine de d\u00e9vasement du syst\u00e8me Aftout Sah\u00e9li, dont l&#8217;installation vient d&#8217;\u00eatre achev\u00e9e.<\/p>\n<p>Dans un communiqu\u00e9 officiel, le minist\u00e8re a d\u00e9taill\u00e9 les actions concr\u00e8tes en cours pour soulager la population :<\/p>\n<p><strong>-Distribution organis\u00e9e en alternance<\/strong>\u00a0entre les quartiers, bas\u00e9e sur les quantit\u00e9s d&#8217;eau disponibles\u00a0;<\/p>\n<p><strong>-Ouverture de nouveaux points de distribution<\/strong>\u00a0d&#8217;eau potable \u00e0 travers la ville\u00a0;<\/p>\n<p><strong>-D\u00e9ploiement et remplissage permanent de r\u00e9servoirs<\/strong>\u00a0dans les quartiers non desservis par le r\u00e9seau principal\u00a0;<\/p>\n<p><strong>-S\u00e9curisation de la connexion<\/strong>\u00a0entre les productions des sources d&#8217;Idini et d&#8217;Aftout Sah\u00e9li pour optimiser la fluidit\u00e9 et la distribution.<\/p>\n<p><strong>Diagnostic de la crise : Le limon (silt) record en cause<\/strong><\/p>\n<p>Le minist\u00e8re a identifi\u00e9 la cause principale de la p\u00e9nurie r\u00e9cente :\u00a0<strong>une augmentation ph\u00e9nom\u00e9nale du niveau de limon<\/strong>\u00a0dans l&#8217;eau du fleuve, d\u00e9passant par moments les\u00a0<strong>3500 unit\u00e9s<\/strong>. Ce ph\u00e9nom\u00e8ne, bien que connu, a atteint cette ann\u00e9e une ampleur sans pr\u00e9c\u00e9dent et plus pr\u00e9coce (fin juillet\/d\u00e9but ao\u00fbt). Il a drastiquement r\u00e9duit la production d&#8217;eau potable du syst\u00e8me\u00a0<strong>Aftout Sah\u00e9li<\/strong>, principale source d&#8217;alimentation de Nouakchott, la faisant chuter \u00e0 seulement\u00a0<strong>50 000 m\u00e8tres cubes par jour<\/strong>\u00a0au lieu de sa capacit\u00e9 normale de\u00a0<strong>150 000 m\u00e8tres cubes<\/strong>.<\/p>\n<p><strong>Aftout Sah\u00e9li et Idini : Capacit\u00e9s actuelles et projets d&#8217;extension<\/strong><\/p>\n<p>Actuellement, l&#8217;approvisionnement de la capitale repose sur deux sources :<\/p>\n<p><strong>-Aftout Sah\u00e9li<\/strong>\u00a0: Capacit\u00e9 normale de 150 000 m\u00b3\/jour (fortement r\u00e9duite par le silt)\u00a0;<\/p>\n<p><strong>-Idini<\/strong>\u00a0: Capacit\u00e9 actuelle de 45 000 m\u00b3\/jour.<\/p>\n<p>Le minist\u00e8re a rassur\u00e9 sur les travaux en cours pour augmenter ces capacit\u00e9s :<\/p>\n<p><strong>-Idini<\/strong>\u00a0: Les travaux visent \u00e0 porter sa production \u00e0\u00a0<strong>100 000 m\u00b3\/jour\u00a0<\/strong>;<\/p>\n<p><strong>-Aftout Sah\u00e9li<\/strong>\u00a0: Une extension majeure du syst\u00e8me d\u00e9butera\u00a0<strong>dans les deux prochains mois<\/strong>\u00a0pour atteindre une capacit\u00e9 de\u00a0<strong>225 000 m\u00b3\/jour<\/strong>.<\/p>\n<p><strong>L&#8217;Usine de d\u00e9vasement : Une r\u00e9ponse cl\u00e9 op\u00e9rationnelle<\/strong><\/p>\n<p>Une lueur d&#8217;espoir provient de l&#8217;ach\u00e8vement\u00a0<strong>en un temps record (moins de 7 mois)<\/strong>\u00a0de la nouvelle installation de d\u00e9vasement pour Aftout Sah\u00e9li. Les travaux, men\u00e9s jour et nuit avec un approvisionnement acc\u00e9l\u00e9r\u00e9 par mer et air, ont permis sa mise en service progressive d\u00e8s\u00a0<strong>mardi 5 ao\u00fbt 2025<\/strong>. Cette usine est cruciale pour traiter l&#8217;eau brute charg\u00e9e de limon, permettant d\u00e9j\u00e0 de restaurer\u00a0<strong>une partie de la capacit\u00e9 de production<\/strong>. Le minist\u00e8re table sur une\u00a0<strong>am\u00e9lioration graduelle de la distribution dans les prochains jours<\/strong>\u00a0au fur et \u00e0 mesure que l&#8217;installation atteindra son plein rendement.<\/p>\n<p><strong>Vision \u00e0 long terme : Le dessalement de l\u2019eau de mer en ligne de mire<\/strong><\/p>\n<p>Parall\u00e8lement aux solutions d&#8217;urgence et aux extensions, le minist\u00e8re travaille activement \u00e0 mobiliser les financements pour un projet structurant : la construction d&#8217;une\u00a0<strong>grande usine de dessalement d&#8217;eau de mer<\/strong>\u00a0\u00e0 Nouakchott. Dot\u00e9e d&#8217;une capacit\u00e9 totale cible de\u00a0<strong>300 000 m\u00b3\/jour<\/strong>, sa premi\u00e8re phase d\u00e9marrera avec\u00a0<strong>100 000 m\u00b3\/jour<\/strong>. Cette infrastructure s&#8217;inscrit dans une\u00a0<strong>vision strat\u00e9gique<\/strong>\u00a0pour garantir un approvisionnement en eau\u00a0<strong>stable et durable<\/strong>\u00a0\u00e0 la capitale, moins d\u00e9pendant des al\u00e9as du fleuve.<\/p>\n<p>Le minist\u00e8re de l\u2019Hydraulique et de l\u2019Assainissement a\u00a0r\u00e9it\u00e9r\u00e9 son engagement ferme \u00e0 servir les citoyens\u00a0et a chaleureusement\u00a0salu\u00e9 leur compr\u00e9hension et leur coop\u00e9ration\u00a0dans ces circonstances exceptionnelles difficiles. Les efforts combin\u00e9s \u2013 solutions imm\u00e9diates, d\u00e9vasement op\u00e9rationnel, extensions en cours et projet de dessalement \u2013 visent \u00e0 r\u00e9sorber durablement la crise actuelle et \u00e0 s\u00e9curiser l&#8217;avenir hydrique de Nouakchott.<\/p>\n<p>&nbsp;<\/p>\n","protected":false},"excerpt":{"rendered":"<p>Face \u00e0 la crise de la soif qui s\u00e9vit depuis plusieurs jours dans la capitale mauritanienne, le minist\u00e8re de l\u2019Hydraulique et de l\u2019Assainissement a annonc\u00e9, ce mercredi, la mise en \u0153uvre imm\u00e9diate d&#8217;un plan d&#8217;att\u00e9nuation. Ces mesures interviennent en attendant la pleine op\u00e9rationnalit\u00e9 de la nouvelle usine de d\u00e9vasement du syst\u00e8me Aftout Sah\u00e9li, dont l&#8217;installation&#8230;..<\/p>\n","protected":false},"author":12,"featured_media":29864,"comment_status":"open","ping_status":"open","sticky":false,"template":"","format":"standard","meta":{"footnotes":""},"categories":[23,49],"tags":[],"class_list":["post-29863","post","type-post","status-publish","format-standard","has-post-thumbnail","hentry","category-actualite","category-economie"],"yoast_head":"<!-- This site is optimized with the Yoast SEO plugin v27.5 - https:\/\/yoast.com\/product\/yoast-seo-wordpress\/ -->\n<title>Crise de l&#039;eau \u00e0 Nouakchott : Le minist\u00e8re de l&#039;Hydraulique d\u00e9ploie des solutions palliatives - Le Quotidien de Nouakchott<\/title>\n<meta name=\"robots\" content=\"index, follow, max-snippet:-1, max-image-preview:large, max-video-preview:-1\" \/>\n<link rel=\"canonical\" href=\"https:\/\/lequotidien.mr\/?p=29863&lang=fr\" \/>\n<meta property=\"og:locale\" content=\"ar_AR\" \/>\n<meta property=\"og:type\" content=\"article\" \/>\n<meta property=\"og:title\" content=\"Crise de l&#039;eau \u00e0 Nouakchott : Le minist\u00e8re de l&#039;Hydraulique d\u00e9ploie des solutions palliatives - Le Quotidien de Nouakchott\" \/>\n<meta property=\"og:description\" content=\"Face \u00e0 la crise de la soif qui s\u00e9vit depuis plusieurs jours dans la capitale mauritanienne, le minist\u00e8re de l\u2019Hydraulique et de l\u2019Assainissement a annonc\u00e9, ce mercredi, la mise en \u0153uvre imm\u00e9diate d&#8217;un plan d&#8217;att\u00e9nuation. Ces mesures interviennent en attendant la pleine op\u00e9rationnalit\u00e9 de la nouvelle usine de d\u00e9vasement du syst\u00e8me Aftout Sah\u00e9li, dont l&#8217;installation.....\" \/>\n<meta property=\"og:url\" content=\"https:\/\/lequotidien.mr\/?p=29863&amp;lang=fr\" \/>\n<meta property=\"og:site_name\" content=\"Le Quotidien de Nouakchott\" \/>\n<meta property=\"article:publisher\" content=\"https:\/\/web.facebook.com\/lequotidienmr\" \/>\n<meta property=\"article:published_time\" content=\"2025-08-07T13:36:12+00:00\" \/>\n<meta property=\"og:image\" content=\"https:\/\/lequotidien.mr\/wp-content\/uploads\/2025\/08\/photo-soif-NKc.jpg\" \/>\n\t<meta property=\"og:image:width\" content=\"400\" \/>\n\t<meta property=\"og:image:height\" content=\"400\" \/>\n\t<meta property=\"og:image:type\" content=\"image\/jpeg\" \/>\n<meta name=\"author\" content=\"Med Ahmed\" \/>\n<meta name=\"twitter:card\" content=\"summary_large_image\" \/>\n<meta name=\"twitter:creator\" content=\"@lequotidienmr\" \/>\n<meta name=\"twitter:site\" content=\"@lequotidienmr\" \/>\n<meta name=\"twitter:label1\" content=\"\u0643\u064f\u062a\u0628 \u0628\u0648\u0627\u0633\u0637\u0629\" \/>\n\t<meta name=\"twitter:data1\" content=\"Med Ahmed\" \/>\n\t<meta name=\"twitter:label2\" content=\"\u0648\u0642\u062a \u0627\u0644\u0642\u0631\u0627\u0621\u0629 \u0627\u0644\u0645\u064f\u0642\u062f\u0651\u0631\" \/>\n\t<meta name=\"twitter:data2\" content=\"5 \u062f\u0642\u0627\u0626\u0642\" \/>\n<script type=\"application\/ld+json\" class=\"yoast-schema-graph\">{\"@context\":\"https:\\\/\\\/schema.org\",\"@graph\":[{\"@type\":\"Article\",\"@id\":\"https:\\\/\\\/lequotidien.mr\\\/?p=29863&lang=fr#article\",\"isPartOf\":{\"@id\":\"https:\\\/\\\/lequotidien.mr\\\/?p=29863&lang=fr\"},\"author\":{\"name\":\"Med Ahmed\",\"@id\":\"https:\\\/\\\/lequotidien.mr\\\/#\\\/schema\\\/person\\\/d2d350202a4d599685ed8abc25f97596\"},\"headline\":\"Crise de l&#8217;eau \u00e0 Nouakchott : Le minist\u00e8re de l&#8217;Hydraulique d\u00e9ploie des solutions palliatives\",\"datePublished\":\"2025-08-07T13:36:12+00:00\",\"mainEntityOfPage\":{\"@id\":\"https:\\\/\\\/lequotidien.mr\\\/?p=29863&lang=fr\"},\"wordCount\":666,\"commentCount\":0,\"publisher\":{\"@id\":\"https:\\\/\\\/lequotidien.mr\\\/#organization\"},\"image\":{\"@id\":\"https:\\\/\\\/lequotidien.mr\\\/?p=29863&lang=fr#primaryimage\"},\"thumbnailUrl\":\"https:\\\/\\\/lequotidien.mr\\\/wp-content\\\/uploads\\\/2025\\\/08\\\/photo-soif-NKc.jpg\",\"articleSection\":[\"ACTUALIT\u00c9\",\"Economie\"],\"inLanguage\":\"ar\",\"potentialAction\":[{\"@type\":\"CommentAction\",\"name\":\"Comment\",\"target\":[\"https:\\\/\\\/lequotidien.mr\\\/?p=29863&lang=fr#respond\"]}]},{\"@type\":\"WebPage\",\"@id\":\"https:\\\/\\\/lequotidien.mr\\\/?p=29863&lang=fr\",\"url\":\"https:\\\/\\\/lequotidien.mr\\\/?p=29863&lang=fr\",\"name\":\"Crise de l'eau \u00e0 Nouakchott : Le minist\u00e8re de l'Hydraulique d\u00e9ploie des solutions palliatives - Le Quotidien de Nouakchott\",\"isPartOf\":{\"@id\":\"https:\\\/\\\/lequotidien.mr\\\/#website\"},\"primaryImageOfPage\":{\"@id\":\"https:\\\/\\\/lequotidien.mr\\\/?p=29863&lang=fr#primaryimage\"},\"image\":{\"@id\":\"https:\\\/\\\/lequotidien.mr\\\/?p=29863&lang=fr#primaryimage\"},\"thumbnailUrl\":\"https:\\\/\\\/lequotidien.mr\\\/wp-content\\\/uploads\\\/2025\\\/08\\\/photo-soif-NKc.jpg\",\"datePublished\":\"2025-08-07T13:36:12+00:00\",\"breadcrumb\":{\"@id\":\"https:\\\/\\\/lequotidien.mr\\\/?p=29863&lang=fr#breadcrumb\"},\"inLanguage\":\"ar\",\"potentialAction\":[{\"@type\":\"ReadAction\",\"target\":[\"https:\\\/\\\/lequotidien.mr\\\/?p=29863&lang=fr\"]}]},{\"@type\":\"ImageObject\",\"inLanguage\":\"ar\",\"@id\":\"https:\\\/\\\/lequotidien.mr\\\/?p=29863&lang=fr#primaryimage\",\"url\":\"https:\\\/\\\/lequotidien.mr\\\/wp-content\\\/uploads\\\/2025\\\/08\\\/photo-soif-NKc.jpg\",\"contentUrl\":\"https:\\\/\\\/lequotidien.mr\\\/wp-content\\\/uploads\\\/2025\\\/08\\\/photo-soif-NKc.jpg\",\"width\":400,\"height\":400},{\"@type\":\"BreadcrumbList\",\"@id\":\"https:\\\/\\\/lequotidien.mr\\\/?p=29863&lang=fr#breadcrumb\",\"itemListElement\":[{\"@type\":\"ListItem\",\"position\":1,\"name\":\"Home\",\"item\":\"https:\\\/\\\/lequotidien.mr\\\/\"},{\"@type\":\"ListItem\",\"position\":2,\"name\":\"Crise de l&rsquo;eau \u00e0 Nouakchott : Le minist\u00e8re de l&rsquo;Hydraulique d\u00e9ploie des solutions palliatives\"}]},{\"@type\":\"WebSite\",\"@id\":\"https:\\\/\\\/lequotidien.mr\\\/#website\",\"url\":\"https:\\\/\\\/lequotidien.mr\\\/\",\"name\":\"Le Quotidien de Nouakchott\",\"description\":\"\u0625\u062e\u0628\u0627\u0631\u064a\u0629 \u0645\u0633\u062a\u0642\u0644\u0629 \u0644\u0644\u0623\u0646\u0628\u0627\u0621 \u0627\u0644\u0639\u0627\u0645\u0629\",\"publisher\":{\"@id\":\"https:\\\/\\\/lequotidien.mr\\\/#organization\"},\"potentialAction\":[{\"@type\":\"SearchAction\",\"target\":{\"@type\":\"EntryPoint\",\"urlTemplate\":\"https:\\\/\\\/lequotidien.mr\\\/?s={search_term_string}\"},\"query-input\":{\"@type\":\"PropertyValueSpecification\",\"valueRequired\":true,\"valueName\":\"search_term_string\"}}],\"inLanguage\":\"ar\"},{\"@type\":\"Organization\",\"@id\":\"https:\\\/\\\/lequotidien.mr\\\/#organization\",\"name\":\"Le Quotidien de Nouakchott\",\"url\":\"https:\\\/\\\/lequotidien.mr\\\/\",\"logo\":{\"@type\":\"ImageObject\",\"inLanguage\":\"ar\",\"@id\":\"https:\\\/\\\/lequotidien.mr\\\/#\\\/schema\\\/logo\\\/image\\\/\",\"url\":\"https:\\\/\\\/lequotidien.mr\\\/wp-content\\\/uploads\\\/2022\\\/11\\\/logolequotidien.jpg\",\"contentUrl\":\"https:\\\/\\\/lequotidien.mr\\\/wp-content\\\/uploads\\\/2022\\\/11\\\/logolequotidien.jpg\",\"width\":290,\"height\":65,\"caption\":\"Le Quotidien de Nouakchott\"},\"image\":{\"@id\":\"https:\\\/\\\/lequotidien.mr\\\/#\\\/schema\\\/logo\\\/image\\\/\"},\"sameAs\":[\"https:\\\/\\\/web.facebook.com\\\/lequotidienmr\",\"https:\\\/\\\/x.com\\\/lequotidienmr\"]},{\"@type\":\"Person\",\"@id\":\"https:\\\/\\\/lequotidien.mr\\\/#\\\/schema\\\/person\\\/d2d350202a4d599685ed8abc25f97596\",\"name\":\"Med Ahmed\",\"image\":{\"@type\":\"ImageObject\",\"inLanguage\":\"ar\",\"@id\":\"https:\\\/\\\/secure.gravatar.com\\\/avatar\\\/fd2acc62ed50732923d1d39c17172c9b04149f142be92310ecc69e1358f94b52?s=96&d=mm&r=g\",\"url\":\"https:\\\/\\\/secure.gravatar.com\\\/avatar\\\/fd2acc62ed50732923d1d39c17172c9b04149f142be92310ecc69e1358f94b52?s=96&d=mm&r=g\",\"contentUrl\":\"https:\\\/\\\/secure.gravatar.com\\\/avatar\\\/fd2acc62ed50732923d1d39c17172c9b04149f142be92310ecc69e1358f94b52?s=96&d=mm&r=g\",\"caption\":\"Med Ahmed\"},\"url\":\"https:\\\/\\\/lequotidien.mr\\\/?author=12\"}]}<\/script>\n<!-- \/ Yoast SEO plugin. -->","yoast_head_json":{"title":"Crise de l'eau \u00e0 Nouakchott : Le minist\u00e8re de l'Hydraulique d\u00e9ploie des solutions palliatives - Le Quotidien de Nouakchott","robots":{"index":"index","follow":"follow","max-snippet":"max-snippet:-1","max-image-preview":"max-image-preview:large","max-video-preview":"max-video-preview:-1"},"canonical":"https:\/\/lequotidien.mr\/?p=29863&lang=fr","og_locale":"ar_AR","og_type":"article","og_title":"Crise de l'eau \u00e0 Nouakchott : Le minist\u00e8re de l'Hydraulique d\u00e9ploie des solutions palliatives - Le Quotidien de Nouakchott","og_description":"Face \u00e0 la crise de la soif qui s\u00e9vit depuis plusieurs jours dans la capitale mauritanienne, le minist\u00e8re de l\u2019Hydraulique et de l\u2019Assainissement a annonc\u00e9, ce mercredi, la mise en \u0153uvre imm\u00e9diate d&#8217;un plan d&#8217;att\u00e9nuation. Ces mesures interviennent en attendant la pleine op\u00e9rationnalit\u00e9 de la nouvelle usine de d\u00e9vasement du syst\u00e8me Aftout Sah\u00e9li, dont l&#8217;installation.....","og_url":"https:\/\/lequotidien.mr\/?p=29863&lang=fr","og_site_name":"Le Quotidien de Nouakchott","article_publisher":"https:\/\/web.facebook.com\/lequotidienmr","article_published_time":"2025-08-07T13:36:12+00:00","og_image":[{"width":400,"height":400,"url":"https:\/\/lequotidien.mr\/wp-content\/uploads\/2025\/08\/photo-soif-NKc.jpg","type":"image\/jpeg"}],"author":"Med Ahmed","twitter_card":"summary_large_image","twitter_creator":"@lequotidienmr","twitter_site":"@lequotidienmr","twitter_misc":{"\u0643\u064f\u062a\u0628 \u0628\u0648\u0627\u0633\u0637\u0629":"Med Ahmed","\u0648\u0642\u062a \u0627\u0644\u0642\u0631\u0627\u0621\u0629 \u0627\u0644\u0645\u064f\u0642\u062f\u0651\u0631":"5 \u062f\u0642\u0627\u0626\u0642"},"schema":{"@context":"https:\/\/schema.org","@graph":[{"@type":"Article","@id":"https:\/\/lequotidien.mr\/?p=29863&lang=fr#article","isPartOf":{"@id":"https:\/\/lequotidien.mr\/?p=29863&lang=fr"},"author":{"name":"Med Ahmed","@id":"https:\/\/lequotidien.mr\/#\/schema\/person\/d2d350202a4d599685ed8abc25f97596"},"headline":"Crise de l&#8217;eau \u00e0 Nouakchott : Le minist\u00e8re de l&#8217;Hydraulique d\u00e9ploie des solutions palliatives","datePublished":"2025-08-07T13:36:12+00:00","mainEntityOfPage":{"@id":"https:\/\/lequotidien.mr\/?p=29863&lang=fr"},"wordCount":666,"commentCount":0,"publisher":{"@id":"https:\/\/lequotidien.mr\/#organization"},"image":{"@id":"https:\/\/lequotidien.mr\/?p=29863&lang=fr#primaryimage"},"thumbnailUrl":"https:\/\/lequotidien.mr\/wp-content\/uploads\/2025\/08\/photo-soif-NKc.jpg","articleSection":["ACTUALIT\u00c9","Economie"],"inLanguage":"ar","potentialAction":[{"@type":"CommentAction","name":"Comment","target":["https:\/\/lequotidien.mr\/?p=29863&lang=fr#respond"]}]},{"@type":"WebPage","@id":"https:\/\/lequotidien.mr\/?p=29863&lang=fr","url":"https:\/\/lequotidien.mr\/?p=29863&lang=fr","name":"Crise de l'eau \u00e0 Nouakchott : Le minist\u00e8re de l'Hydraulique d\u00e9ploie des solutions palliatives - Le Quotidien de Nouakchott","isPartOf":{"@id":"https:\/\/lequotidien.mr\/#website"},"primaryImageOfPage":{"@id":"https:\/\/lequotidien.mr\/?p=29863&lang=fr#primaryimage"},"image":{"@id":"https:\/\/lequotidien.mr\/?p=29863&lang=fr#primaryimage"},"thumbnailUrl":"https:\/\/lequotidien.mr\/wp-content\/uploads\/2025\/08\/photo-soif-NKc.jpg","datePublished":"2025-08-07T13:36:12+00:00","breadcrumb":{"@id":"https:\/\/lequotidien.mr\/?p=29863&lang=fr#breadcrumb"},"inLanguage":"ar","potentialAction":[{"@type":"ReadAction","target":["https:\/\/lequotidien.mr\/?p=29863&lang=fr"]}]},{"@type":"ImageObject","inLanguage":"ar","@id":"https:\/\/lequotidien.mr\/?p=29863&lang=fr#primaryimage","url":"https:\/\/lequotidien.mr\/wp-content\/uploads\/2025\/08\/photo-soif-NKc.jpg","contentUrl":"https:\/\/lequotidien.mr\/wp-content\/uploads\/2025\/08\/photo-soif-NKc.jpg","width":400,"height":400},{"@type":"BreadcrumbList","@id":"https:\/\/lequotidien.mr\/?p=29863&lang=fr#breadcrumb","itemListElement":[{"@type":"ListItem","position":1,"name":"Home","item":"https:\/\/lequotidien.mr\/"},{"@type":"ListItem","position":2,"name":"Crise de l&rsquo;eau \u00e0 Nouakchott : Le minist\u00e8re de l&rsquo;Hydraulique d\u00e9ploie des solutions palliatives"}]},{"@type":"WebSite","@id":"https:\/\/lequotidien.mr\/#website","url":"https:\/\/lequotidien.mr\/","name":"Le Quotidien de Nouakchott","description":"\u0625\u062e\u0628\u0627\u0631\u064a\u0629 \u0645\u0633\u062a\u0642\u0644\u0629 \u0644\u0644\u0623\u0646\u0628\u0627\u0621 \u0627\u0644\u0639\u0627\u0645\u0629","publisher":{"@id":"https:\/\/lequotidien.mr\/#organization"},"potentialAction":[{"@type":"SearchAction","target":{"@type":"EntryPoint","urlTemplate":"https:\/\/lequotidien.mr\/?s={search_term_string}"},"query-input":{"@type":"PropertyValueSpecification","valueRequired":true,"valueName":"search_term_string"}}],"inLanguage":"ar"},{"@type":"Organization","@id":"https:\/\/lequotidien.mr\/#organization","name":"Le Quotidien de Nouakchott","url":"https:\/\/lequotidien.mr\/","logo":{"@type":"ImageObject","inLanguage":"ar","@id":"https:\/\/lequotidien.mr\/#\/schema\/logo\/image\/","url":"https:\/\/lequotidien.mr\/wp-content\/uploads\/2022\/11\/logolequotidien.jpg","contentUrl":"https:\/\/lequotidien.mr\/wp-content\/uploads\/2022\/11\/logolequotidien.jpg","width":290,"height":65,"caption":"Le Quotidien de Nouakchott"},"image":{"@id":"https:\/\/lequotidien.mr\/#\/schema\/logo\/image\/"},"sameAs":["https:\/\/web.facebook.com\/lequotidienmr","https:\/\/x.com\/lequotidienmr"]},{"@type":"Person","@id":"https:\/\/lequotidien.mr\/#\/schema\/person\/d2d350202a4d599685ed8abc25f97596","name":"Med Ahmed","image":{"@type":"ImageObject","inLanguage":"ar","@id":"https:\/\/secure.gravatar.com\/avatar\/fd2acc62ed50732923d1d39c17172c9b04149f142be92310ecc69e1358f94b52?s=96&d=mm&r=g","url":"https:\/\/secure.gravatar.com\/avatar\/fd2acc62ed50732923d1d39c17172c9b04149f142be92310ecc69e1358f94b52?s=96&d=mm&r=g","contentUrl":"https:\/\/secure.gravatar.com\/avatar\/fd2acc62ed50732923d1d39c17172c9b04149f142be92310ecc69e1358f94b52?s=96&d=mm&r=g","caption":"Med Ahmed"},"url":"https:\/\/lequotidien.mr\/?author=12"}]}},"_links":{"self":[{"href":"https:\/\/lequotidien.mr\/index.php?rest_route=\/wp\/v2\/posts\/29863","targetHints":{"allow":["GET"]}}],"collection":[{"href":"https:\/\/lequotidien.mr\/index.php?rest_route=\/wp\/v2\/posts"}],"about":[{"href":"https:\/\/lequotidien.mr\/index.php?rest_route=\/wp\/v2\/types\/post"}],"author":[{"embeddable":true,"href":"https:\/\/lequotidien.mr\/index.php?rest_route=\/wp\/v2\/users\/12"}],"replies":[{"embeddable":true,"href":"https:\/\/lequotidien.mr\/index.php?rest_route=%2Fwp%2Fv2%2Fcomments&post=29863"}],"version-history":[{"count":1,"href":"https:\/\/lequotidien.mr\/index.php?rest_route=\/wp\/v2\/posts\/29863\/revisions"}],"predecessor-version":[{"id":29865,"href":"https:\/\/lequotidien.mr\/index.php?rest_route=\/wp\/v2\/posts\/29863\/revisions\/29865"}],"wp:featuredmedia":[{"embeddable":true,"href":"https:\/\/lequotidien.mr\/index.php?rest_route=\/wp\/v2\/media\/29864"}],"wp:attachment":[{"href":"https:\/\/lequotidien.mr\/index.php?rest_route=%2Fwp%2Fv2%2Fmedia&parent=29863"}],"wp:term":[{"taxonomy":"category","embeddable":true,"href":"https:\/\/lequotidien.mr\/index.php?rest_route=%2Fwp%2Fv2%2Fcategories&post=29863"},{"taxonomy":"post_tag","embeddable":true,"href":"https:\/\/lequotidien.mr\/index.php?rest_route=%2Fwp%2Fv2%2Ftags&post=29863"}],"curies":[{"name":"wp","href":"https:\/\/api.w.org\/{rel}","templated":true}]}}