{"id":29826,"date":"2025-08-05T16:28:33","date_gmt":"2025-08-05T16:28:33","guid":{"rendered":"https:\/\/lequotidien.mr\/?p=29826"},"modified":"2025-08-05T16:28:33","modified_gmt":"2025-08-05T16:28:33","slug":"chronique-judiciaire","status":"publish","type":"post","link":"https:\/\/lequotidien.mr\/?p=29826&lang=fr","title":{"rendered":"Chronique judiciaire"},"content":{"rendered":"<p>Les arcanes du palais de justice de Nouakchott connaissent actuellement une affaire commerciale assez peu commune.<\/p>\n<p>La soci\u00e9t\u00e9 BSA T\u00e9l\u00e9communication qui est actionnaire de l\u2019op\u00e9rateur Mattel, a demand\u00e9 en justice une expertise de la gestion de cette soci\u00e9t\u00e9 portant sur les dix ann\u00e9es 2013-2022 (apr\u00e8s avoir essuy\u00e9 semble-t-il un refus de la part de l\u2019actionnaire majoritaire\/g\u00e9rant).<\/p>\n<p>Durant ces 10 ann\u00e9es, BSA n\u2019\u00e9tait pas au conseil d\u2019administration et n\u2019avait sur la gestion qu\u2019une vague communication adress\u00e9e aux actionnaires une fois par an \u00e0 l\u2019occasion de l\u2019AG des actionnaires.<\/p>\n<p>Cette p\u00e9riode co\u00efncide \u00e9galement pour une large part avec la p\u00e9riode Aziz, de sinistre m\u00e9moire.<\/p>\n<p>BSA a surtout d\u00e9couvert en 2022 des op\u00e9rations financi\u00e8res extr\u00eamement douteuses pass\u00e9es par les gestionnaires \u00e9trangers de la soci\u00e9t\u00e9 Mattel avec l\u2019un des actionnaires mauritaniens proche \u00e0 l\u2019\u00e9poque de Aziz.<\/p>\n<p>BSA a alors imm\u00e9diatement d\u00e9pos\u00e9 une plainte p\u00e9nale contre cet actionnaire et les dirigeants \u00e9trangers impliqu\u00e9s avec lui, plainte dont l\u2019instruction est avanc\u00e9e.<\/p>\n<p>Et c\u2019est \u00e0 l\u2019occasion de ces p\u00e9rip\u00e9ties, qui jettent un grand trouble sur la gestion de la soci\u00e9t\u00e9 Mattel, que BSA a demand\u00e9 cet audit d\u00e9cennal.<\/p>\n<p>Dans la foul\u00e9e, BSA a demand\u00e9 aussi, \u00e0 titre conservatoire, la suspension de la distribution des dividendes en attendant le r\u00e9sultat de l\u2019expertise.<\/p>\n<p>Normalement, un audit ind\u00e9pendant devrait conforter tous les actionnaires et ils doivent tous l\u2019accueillir favorablement.<\/p>\n<p>Il en est de m\u00eame pour la suspension des dividendes, qui n\u2019est qu\u2019une mesure provisoire de bon sens.<\/p>\n<p>Ce ne fut pas le cas pourtant.<\/p>\n<p>L\u2019actionnaire majoritaire tunisien et g\u00e9rant de la soci\u00e9t\u00e9 (Tunisie Telecom) et l\u2019autre actionnaire mauritanien (M. B\u00e9chir El Hassene) se sont ligu\u00e9s pour contrer cette demande.<\/p>\n<p>Et ils mettent \u00e0 contribution la soci\u00e9t\u00e9 Mattel elle-m\u00eame pour servir leurs desseins.<\/p>\n<p>Ainsi, face \u00e0 sa demande l\u00e9gitime, et qui sert l\u2019int\u00e9r\u00eat de la soci\u00e9t\u00e9, c\u2019est \u00e0 dire de tous les actionnaires, BSA se retrouve face \u00e0 cette tro\u00efka (Tunisie Telecom-Bechir-Mattel) qui multiplie les recours, appels et pourvois pour faire \u00e9chapper la gestion \u00e0 cet audit.<\/p>\n<p>Qu\u2019ont-ils donc \u00e0 cacher pour se liguer et s\u2019acharner de la sorte.<\/p>\n<p>C\u2019est ce que l\u2019expertise qui a \u00e9t\u00e9 confirm\u00e9e par la justice ne manquera pas de d\u00e9voiler.<\/p>\n<p>Wait and see\u2026<\/p>\n<p>Melainine\u00a0 Ahmed<\/p>\n","protected":false},"excerpt":{"rendered":"<p>Les arcanes du palais de justice de Nouakchott connaissent actuellement une affaire commerciale assez peu commune. La soci\u00e9t\u00e9 BSA T\u00e9l\u00e9communication qui est actionnaire de l\u2019op\u00e9rateur Mattel, a demand\u00e9 en justice une expertise de la gestion de cette soci\u00e9t\u00e9 portant sur les dix ann\u00e9es 2013-2022 (apr\u00e8s avoir essuy\u00e9 semble-t-il un refus de la part de l\u2019actionnaire&#8230;..<\/p>\n","protected":false},"author":4,"featured_media":29827,"comment_status":"open","ping_status":"open","sticky":false,"template":"","format":"standard","meta":{"footnotes":""},"categories":[23,49,59,57],"tags":[],"class_list":["post-29826","post","type-post","status-publish","format-standard","has-post-thumbnail","hentry","category-actualite","category-economie","category-opinion","category-couverture-specilale"],"yoast_head":"<!-- This site is optimized with the Yoast SEO plugin v27.5 - https:\/\/yoast.com\/product\/yoast-seo-wordpress\/ -->\n<title>Chronique judiciaire - Le Quotidien de Nouakchott<\/title>\n<meta name=\"robots\" content=\"index, follow, max-snippet:-1, max-image-preview:large, max-video-preview:-1\" \/>\n<link rel=\"canonical\" href=\"https:\/\/lequotidien.mr\/?p=29826&lang=fr\" \/>\n<meta property=\"og:locale\" content=\"ar_AR\" \/>\n<meta property=\"og:type\" content=\"article\" \/>\n<meta property=\"og:title\" content=\"Chronique judiciaire - Le Quotidien de Nouakchott\" \/>\n<meta property=\"og:description\" content=\"Les arcanes du palais de justice de Nouakchott connaissent actuellement une affaire commerciale assez peu commune. La soci\u00e9t\u00e9 BSA T\u00e9l\u00e9communication qui est actionnaire de l\u2019op\u00e9rateur Mattel, a demand\u00e9 en justice une expertise de la gestion de cette soci\u00e9t\u00e9 portant sur les dix ann\u00e9es 2013-2022 (apr\u00e8s avoir essuy\u00e9 semble-t-il un refus de la part de l\u2019actionnaire.....\" \/>\n<meta property=\"og:url\" content=\"https:\/\/lequotidien.mr\/?p=29826&amp;lang=fr\" \/>\n<meta property=\"og:site_name\" content=\"Le Quotidien de Nouakchott\" \/>\n<meta property=\"article:publisher\" content=\"https:\/\/web.facebook.com\/lequotidienmr\" \/>\n<meta property=\"article:published_time\" content=\"2025-08-05T16:28:33+00:00\" \/>\n<meta property=\"og:image\" content=\"https:\/\/lequotidien.mr\/wp-content\/uploads\/2025\/08\/mattel.webp\" \/>\n\t<meta property=\"og:image:width\" content=\"473\" \/>\n\t<meta property=\"og:image:height\" content=\"510\" \/>\n\t<meta property=\"og:image:type\" content=\"image\/webp\" \/>\n<meta name=\"author\" content=\"Le Quotidien\" \/>\n<meta name=\"twitter:card\" content=\"summary_large_image\" \/>\n<meta name=\"twitter:creator\" content=\"@lequotidienmr\" \/>\n<meta name=\"twitter:site\" content=\"@lequotidienmr\" \/>\n<meta name=\"twitter:label1\" content=\"\u0643\u064f\u062a\u0628 \u0628\u0648\u0627\u0633\u0637\u0629\" \/>\n\t<meta name=\"twitter:data1\" content=\"Le Quotidien\" \/>\n\t<meta name=\"twitter:label2\" content=\"\u0648\u0642\u062a \u0627\u0644\u0642\u0631\u0627\u0621\u0629 \u0627\u0644\u0645\u064f\u0642\u062f\u0651\u0631\" \/>\n\t<meta name=\"twitter:data2\" content=\"3 \u062f\u0642\u0627\u0626\u0642\" \/>\n<script type=\"application\/ld+json\" class=\"yoast-schema-graph\">{\"@context\":\"https:\\\/\\\/schema.org\",\"@graph\":[{\"@type\":\"Article\",\"@id\":\"https:\\\/\\\/lequotidien.mr\\\/?p=29826&lang=fr#article\",\"isPartOf\":{\"@id\":\"https:\\\/\\\/lequotidien.mr\\\/?p=29826&lang=fr\"},\"author\":{\"name\":\"Le Quotidien\",\"@id\":\"https:\\\/\\\/lequotidien.mr\\\/#\\\/schema\\\/person\\\/f90fcdaa970c60288de4ed2e64a56472\"},\"headline\":\"Chronique judiciaire\",\"datePublished\":\"2025-08-05T16:28:33+00:00\",\"mainEntityOfPage\":{\"@id\":\"https:\\\/\\\/lequotidien.mr\\\/?p=29826&lang=fr\"},\"wordCount\":421,\"commentCount\":0,\"publisher\":{\"@id\":\"https:\\\/\\\/lequotidien.mr\\\/#organization\"},\"image\":{\"@id\":\"https:\\\/\\\/lequotidien.mr\\\/?p=29826&lang=fr#primaryimage\"},\"thumbnailUrl\":\"https:\\\/\\\/lequotidien.mr\\\/wp-content\\\/uploads\\\/2025\\\/08\\\/mattel.webp\",\"articleSection\":[\"ACTUALIT\u00c9\",\"Economie\",\"Opinion\",\"Couverture sp\u00e9cilale\"],\"inLanguage\":\"ar\",\"potentialAction\":[{\"@type\":\"CommentAction\",\"name\":\"Comment\",\"target\":[\"https:\\\/\\\/lequotidien.mr\\\/?p=29826&lang=fr#respond\"]}]},{\"@type\":\"WebPage\",\"@id\":\"https:\\\/\\\/lequotidien.mr\\\/?p=29826&lang=fr\",\"url\":\"https:\\\/\\\/lequotidien.mr\\\/?p=29826&lang=fr\",\"name\":\"Chronique judiciaire - Le Quotidien de Nouakchott\",\"isPartOf\":{\"@id\":\"https:\\\/\\\/lequotidien.mr\\\/#website\"},\"primaryImageOfPage\":{\"@id\":\"https:\\\/\\\/lequotidien.mr\\\/?p=29826&lang=fr#primaryimage\"},\"image\":{\"@id\":\"https:\\\/\\\/lequotidien.mr\\\/?p=29826&lang=fr#primaryimage\"},\"thumbnailUrl\":\"https:\\\/\\\/lequotidien.mr\\\/wp-content\\\/uploads\\\/2025\\\/08\\\/mattel.webp\",\"datePublished\":\"2025-08-05T16:28:33+00:00\",\"breadcrumb\":{\"@id\":\"https:\\\/\\\/lequotidien.mr\\\/?p=29826&lang=fr#breadcrumb\"},\"inLanguage\":\"ar\",\"potentialAction\":[{\"@type\":\"ReadAction\",\"target\":[\"https:\\\/\\\/lequotidien.mr\\\/?p=29826&lang=fr\"]}]},{\"@type\":\"ImageObject\",\"inLanguage\":\"ar\",\"@id\":\"https:\\\/\\\/lequotidien.mr\\\/?p=29826&lang=fr#primaryimage\",\"url\":\"https:\\\/\\\/lequotidien.mr\\\/wp-content\\\/uploads\\\/2025\\\/08\\\/mattel.webp\",\"contentUrl\":\"https:\\\/\\\/lequotidien.mr\\\/wp-content\\\/uploads\\\/2025\\\/08\\\/mattel.webp\",\"width\":473,\"height\":510},{\"@type\":\"BreadcrumbList\",\"@id\":\"https:\\\/\\\/lequotidien.mr\\\/?p=29826&lang=fr#breadcrumb\",\"itemListElement\":[{\"@type\":\"ListItem\",\"position\":1,\"name\":\"Home\",\"item\":\"https:\\\/\\\/lequotidien.mr\\\/\"},{\"@type\":\"ListItem\",\"position\":2,\"name\":\"Chronique judiciaire\"}]},{\"@type\":\"WebSite\",\"@id\":\"https:\\\/\\\/lequotidien.mr\\\/#website\",\"url\":\"https:\\\/\\\/lequotidien.mr\\\/\",\"name\":\"Le Quotidien de Nouakchott\",\"description\":\"\u0625\u062e\u0628\u0627\u0631\u064a\u0629 \u0645\u0633\u062a\u0642\u0644\u0629 \u0644\u0644\u0623\u0646\u0628\u0627\u0621 \u0627\u0644\u0639\u0627\u0645\u0629\",\"publisher\":{\"@id\":\"https:\\\/\\\/lequotidien.mr\\\/#organization\"},\"potentialAction\":[{\"@type\":\"SearchAction\",\"target\":{\"@type\":\"EntryPoint\",\"urlTemplate\":\"https:\\\/\\\/lequotidien.mr\\\/?s={search_term_string}\"},\"query-input\":{\"@type\":\"PropertyValueSpecification\",\"valueRequired\":true,\"valueName\":\"search_term_string\"}}],\"inLanguage\":\"ar\"},{\"@type\":\"Organization\",\"@id\":\"https:\\\/\\\/lequotidien.mr\\\/#organization\",\"name\":\"Le Quotidien de Nouakchott\",\"url\":\"https:\\\/\\\/lequotidien.mr\\\/\",\"logo\":{\"@type\":\"ImageObject\",\"inLanguage\":\"ar\",\"@id\":\"https:\\\/\\\/lequotidien.mr\\\/#\\\/schema\\\/logo\\\/image\\\/\",\"url\":\"https:\\\/\\\/lequotidien.mr\\\/wp-content\\\/uploads\\\/2022\\\/11\\\/logolequotidien.jpg\",\"contentUrl\":\"https:\\\/\\\/lequotidien.mr\\\/wp-content\\\/uploads\\\/2022\\\/11\\\/logolequotidien.jpg\",\"width\":290,\"height\":65,\"caption\":\"Le Quotidien de Nouakchott\"},\"image\":{\"@id\":\"https:\\\/\\\/lequotidien.mr\\\/#\\\/schema\\\/logo\\\/image\\\/\"},\"sameAs\":[\"https:\\\/\\\/web.facebook.com\\\/lequotidienmr\",\"https:\\\/\\\/x.com\\\/lequotidienmr\"]},{\"@type\":\"Person\",\"@id\":\"https:\\\/\\\/lequotidien.mr\\\/#\\\/schema\\\/person\\\/f90fcdaa970c60288de4ed2e64a56472\",\"name\":\"Le Quotidien\",\"image\":{\"@type\":\"ImageObject\",\"inLanguage\":\"ar\",\"@id\":\"https:\\\/\\\/secure.gravatar.com\\\/avatar\\\/374cb39a1a458a912465a93e5a3ce6546886fc3da809a1f10c63e4e8fcbca30f?s=96&d=mm&r=g\",\"url\":\"https:\\\/\\\/secure.gravatar.com\\\/avatar\\\/374cb39a1a458a912465a93e5a3ce6546886fc3da809a1f10c63e4e8fcbca30f?s=96&d=mm&r=g\",\"contentUrl\":\"https:\\\/\\\/secure.gravatar.com\\\/avatar\\\/374cb39a1a458a912465a93e5a3ce6546886fc3da809a1f10c63e4e8fcbca30f?s=96&d=mm&r=g\",\"caption\":\"Le Quotidien\"},\"sameAs\":[\"https:\\\/\\\/lequotidien.mr\\\/\"],\"url\":\"https:\\\/\\\/lequotidien.mr\\\/?author=4\"}]}<\/script>\n<!-- \/ Yoast SEO plugin. -->","yoast_head_json":{"title":"Chronique judiciaire - Le Quotidien de Nouakchott","robots":{"index":"index","follow":"follow","max-snippet":"max-snippet:-1","max-image-preview":"max-image-preview:large","max-video-preview":"max-video-preview:-1"},"canonical":"https:\/\/lequotidien.mr\/?p=29826&lang=fr","og_locale":"ar_AR","og_type":"article","og_title":"Chronique judiciaire - Le Quotidien de Nouakchott","og_description":"Les arcanes du palais de justice de Nouakchott connaissent actuellement une affaire commerciale assez peu commune. La soci\u00e9t\u00e9 BSA T\u00e9l\u00e9communication qui est actionnaire de l\u2019op\u00e9rateur Mattel, a demand\u00e9 en justice une expertise de la gestion de cette soci\u00e9t\u00e9 portant sur les dix ann\u00e9es 2013-2022 (apr\u00e8s avoir essuy\u00e9 semble-t-il un refus de la part de l\u2019actionnaire.....","og_url":"https:\/\/lequotidien.mr\/?p=29826&lang=fr","og_site_name":"Le Quotidien de Nouakchott","article_publisher":"https:\/\/web.facebook.com\/lequotidienmr","article_published_time":"2025-08-05T16:28:33+00:00","og_image":[{"width":473,"height":510,"url":"https:\/\/lequotidien.mr\/wp-content\/uploads\/2025\/08\/mattel.webp","type":"image\/webp"}],"author":"Le Quotidien","twitter_card":"summary_large_image","twitter_creator":"@lequotidienmr","twitter_site":"@lequotidienmr","twitter_misc":{"\u0643\u064f\u062a\u0628 \u0628\u0648\u0627\u0633\u0637\u0629":"Le Quotidien","\u0648\u0642\u062a \u0627\u0644\u0642\u0631\u0627\u0621\u0629 \u0627\u0644\u0645\u064f\u0642\u062f\u0651\u0631":"3 \u062f\u0642\u0627\u0626\u0642"},"schema":{"@context":"https:\/\/schema.org","@graph":[{"@type":"Article","@id":"https:\/\/lequotidien.mr\/?p=29826&lang=fr#article","isPartOf":{"@id":"https:\/\/lequotidien.mr\/?p=29826&lang=fr"},"author":{"name":"Le Quotidien","@id":"https:\/\/lequotidien.mr\/#\/schema\/person\/f90fcdaa970c60288de4ed2e64a56472"},"headline":"Chronique judiciaire","datePublished":"2025-08-05T16:28:33+00:00","mainEntityOfPage":{"@id":"https:\/\/lequotidien.mr\/?p=29826&lang=fr"},"wordCount":421,"commentCount":0,"publisher":{"@id":"https:\/\/lequotidien.mr\/#organization"},"image":{"@id":"https:\/\/lequotidien.mr\/?p=29826&lang=fr#primaryimage"},"thumbnailUrl":"https:\/\/lequotidien.mr\/wp-content\/uploads\/2025\/08\/mattel.webp","articleSection":["ACTUALIT\u00c9","Economie","Opinion","Couverture sp\u00e9cilale"],"inLanguage":"ar","potentialAction":[{"@type":"CommentAction","name":"Comment","target":["https:\/\/lequotidien.mr\/?p=29826&lang=fr#respond"]}]},{"@type":"WebPage","@id":"https:\/\/lequotidien.mr\/?p=29826&lang=fr","url":"https:\/\/lequotidien.mr\/?p=29826&lang=fr","name":"Chronique judiciaire - Le Quotidien de Nouakchott","isPartOf":{"@id":"https:\/\/lequotidien.mr\/#website"},"primaryImageOfPage":{"@id":"https:\/\/lequotidien.mr\/?p=29826&lang=fr#primaryimage"},"image":{"@id":"https:\/\/lequotidien.mr\/?p=29826&lang=fr#primaryimage"},"thumbnailUrl":"https:\/\/lequotidien.mr\/wp-content\/uploads\/2025\/08\/mattel.webp","datePublished":"2025-08-05T16:28:33+00:00","breadcrumb":{"@id":"https:\/\/lequotidien.mr\/?p=29826&lang=fr#breadcrumb"},"inLanguage":"ar","potentialAction":[{"@type":"ReadAction","target":["https:\/\/lequotidien.mr\/?p=29826&lang=fr"]}]},{"@type":"ImageObject","inLanguage":"ar","@id":"https:\/\/lequotidien.mr\/?p=29826&lang=fr#primaryimage","url":"https:\/\/lequotidien.mr\/wp-content\/uploads\/2025\/08\/mattel.webp","contentUrl":"https:\/\/lequotidien.mr\/wp-content\/uploads\/2025\/08\/mattel.webp","width":473,"height":510},{"@type":"BreadcrumbList","@id":"https:\/\/lequotidien.mr\/?p=29826&lang=fr#breadcrumb","itemListElement":[{"@type":"ListItem","position":1,"name":"Home","item":"https:\/\/lequotidien.mr\/"},{"@type":"ListItem","position":2,"name":"Chronique judiciaire"}]},{"@type":"WebSite","@id":"https:\/\/lequotidien.mr\/#website","url":"https:\/\/lequotidien.mr\/","name":"Le Quotidien de Nouakchott","description":"\u0625\u062e\u0628\u0627\u0631\u064a\u0629 \u0645\u0633\u062a\u0642\u0644\u0629 \u0644\u0644\u0623\u0646\u0628\u0627\u0621 \u0627\u0644\u0639\u0627\u0645\u0629","publisher":{"@id":"https:\/\/lequotidien.mr\/#organization"},"potentialAction":[{"@type":"SearchAction","target":{"@type":"EntryPoint","urlTemplate":"https:\/\/lequotidien.mr\/?s={search_term_string}"},"query-input":{"@type":"PropertyValueSpecification","valueRequired":true,"valueName":"search_term_string"}}],"inLanguage":"ar"},{"@type":"Organization","@id":"https:\/\/lequotidien.mr\/#organization","name":"Le Quotidien de Nouakchott","url":"https:\/\/lequotidien.mr\/","logo":{"@type":"ImageObject","inLanguage":"ar","@id":"https:\/\/lequotidien.mr\/#\/schema\/logo\/image\/","url":"https:\/\/lequotidien.mr\/wp-content\/uploads\/2022\/11\/logolequotidien.jpg","contentUrl":"https:\/\/lequotidien.mr\/wp-content\/uploads\/2022\/11\/logolequotidien.jpg","width":290,"height":65,"caption":"Le Quotidien de Nouakchott"},"image":{"@id":"https:\/\/lequotidien.mr\/#\/schema\/logo\/image\/"},"sameAs":["https:\/\/web.facebook.com\/lequotidienmr","https:\/\/x.com\/lequotidienmr"]},{"@type":"Person","@id":"https:\/\/lequotidien.mr\/#\/schema\/person\/f90fcdaa970c60288de4ed2e64a56472","name":"Le Quotidien","image":{"@type":"ImageObject","inLanguage":"ar","@id":"https:\/\/secure.gravatar.com\/avatar\/374cb39a1a458a912465a93e5a3ce6546886fc3da809a1f10c63e4e8fcbca30f?s=96&d=mm&r=g","url":"https:\/\/secure.gravatar.com\/avatar\/374cb39a1a458a912465a93e5a3ce6546886fc3da809a1f10c63e4e8fcbca30f?s=96&d=mm&r=g","contentUrl":"https:\/\/secure.gravatar.com\/avatar\/374cb39a1a458a912465a93e5a3ce6546886fc3da809a1f10c63e4e8fcbca30f?s=96&d=mm&r=g","caption":"Le Quotidien"},"sameAs":["https:\/\/lequotidien.mr\/"],"url":"https:\/\/lequotidien.mr\/?author=4"}]}},"_links":{"self":[{"href":"https:\/\/lequotidien.mr\/index.php?rest_route=\/wp\/v2\/posts\/29826","targetHints":{"allow":["GET"]}}],"collection":[{"href":"https:\/\/lequotidien.mr\/index.php?rest_route=\/wp\/v2\/posts"}],"about":[{"href":"https:\/\/lequotidien.mr\/index.php?rest_route=\/wp\/v2\/types\/post"}],"author":[{"embeddable":true,"href":"https:\/\/lequotidien.mr\/index.php?rest_route=\/wp\/v2\/users\/4"}],"replies":[{"embeddable":true,"href":"https:\/\/lequotidien.mr\/index.php?rest_route=%2Fwp%2Fv2%2Fcomments&post=29826"}],"version-history":[{"count":1,"href":"https:\/\/lequotidien.mr\/index.php?rest_route=\/wp\/v2\/posts\/29826\/revisions"}],"predecessor-version":[{"id":29828,"href":"https:\/\/lequotidien.mr\/index.php?rest_route=\/wp\/v2\/posts\/29826\/revisions\/29828"}],"wp:featuredmedia":[{"embeddable":true,"href":"https:\/\/lequotidien.mr\/index.php?rest_route=\/wp\/v2\/media\/29827"}],"wp:attachment":[{"href":"https:\/\/lequotidien.mr\/index.php?rest_route=%2Fwp%2Fv2%2Fmedia&parent=29826"}],"wp:term":[{"taxonomy":"category","embeddable":true,"href":"https:\/\/lequotidien.mr\/index.php?rest_route=%2Fwp%2Fv2%2Fcategories&post=29826"},{"taxonomy":"post_tag","embeddable":true,"href":"https:\/\/lequotidien.mr\/index.php?rest_route=%2Fwp%2Fv2%2Ftags&post=29826"}],"curies":[{"name":"wp","href":"https:\/\/api.w.org\/{rel}","templated":true}]}}