{"id":29823,"date":"2025-08-05T12:28:25","date_gmt":"2025-08-05T12:28:25","guid":{"rendered":"https:\/\/lequotidien.mr\/?p=29823"},"modified":"2025-08-05T12:28:25","modified_gmt":"2025-08-05T12:28:25","slug":"lancement-a-selibaby-de-la-semaine-internationale-de-lallaitement-maternel-sous-le-theme-lallaitement-maternel-sauve-des-vies","status":"publish","type":"post","link":"https:\/\/lequotidien.mr\/?p=29823&lang=fr","title":{"rendered":"Lancement \u00e0 S\u00e9libaby de la Semaine Internationale de l&#8217;Allaitement Maternel sous le th\u00e8me &#8220;L&#8217;allaitement maternel sauve des vies&#8221;"},"content":{"rendered":"<p>M. <strong>Mohamed Salem Sidi Mohamed El Maaloum<\/strong>, Conseiller charg\u00e9 des Affaires Administratives et Juridiques, a supervis\u00e9 cet apr\u00e8s-midi le lancement solennel de la Semaine Internationale de l&#8217;Allaitement Maternel \u00e0 la Maison des Jeunes de S\u00e9libaby. Plac\u00e9e sous le th\u00e8me \u00e9loquent <strong><em>&#8220;L&#8217;allaitement maternel sauve des vies&#8221;<\/em><\/strong>, cette initiative organis\u00e9e par l&#8217;UNICEF et Action Contre la Faim vise \u00e0 renforcer la sensibilisation sur les bienfaits sanitaires cruciaux de cette pratique.<\/p>\n<p>Dans son allocution, le Conseiller du wali a exprim\u00e9 son honneur de lancer cet \u00e9v\u00e9nement dans la wilaya du Guidimakha. Il a soulign\u00e9 <em>l&#8217;<strong>&#8220;importance capitale&#8221;<\/strong><\/em>\u00a0de l&#8217;allaitement maternel, tant pour l&#8217;enfant, la m\u00e8re que pour la soci\u00e9t\u00e9 enti\u00e8re. <em>&#8220;Sur le plan sanitaire, il prot\u00e8ge contre de nombreuses maladies et renforce l\u2019immunit\u00e9 des enfants. Ses bienfaits pour les enfants, les femmes et la famille en g\u00e9n\u00e9ral sont innombrables&#8221;<\/em>, a-t-il d\u00e9clar\u00e9 avec conviction.<\/p>\n<p><strong>Appel \u00e0 une mobilisation soci\u00e9tale<\/strong><\/p>\n<p>M. El Maaloum a formul\u00e9 un v\u0153u clair : qu&#8217;une <strong><em>&#8220;large sensibilisation soit men\u00e9e au niveau de la soci\u00e9t\u00e9 civile&#8221;<\/em><\/strong>pour encourager les m\u00e8res \u00e0 pratiquer l&#8217;allaitement maternel exclusif pendant les six premiers mois, puis compl\u00e9mentaire jusqu&#8217;\u00e0 l&#8217;\u00e2ge de deux ans. Cet engagement est pr\u00e9sent\u00e9 comme essentiel pour permettre aux enfants de\u00a0<strong><em>&#8220;se d\u00e9velopper naturellement et sainement&#8221;<\/em><\/strong>. Il a chaleureusement remerci\u00e9 l&#8217;UNICEF et Action Contre la Faim pour l&#8217;organisation de cette semaine d\u00e9di\u00e9e, appelant \u00e0 intensifier les efforts de sensibilisation face aux\u00a0<em><strong>&#8220;r\u00e9sultats positifs&#8221; <\/strong><\/em>incontestables de cette pratique.<\/p>\n<p><strong>Soutien unanime des \u00e9lus locaux<\/strong><\/p>\n<p>Plus t\u00f4t dans la c\u00e9r\u00e9monie, M. <strong>Waly Boubou Diawara<\/strong>, Vice-Pr\u00e9sident du Conseil R\u00e9gional, et M. <strong>Oumar Hamady Ba<\/strong>, Maire de S\u00e9libaby, avaient pris la parole. Ils ont tous deux exprim\u00e9 leur\u00a0gratitude envers les organisations internationales\u00a0pour avoir choisi le Guidimakha pour cette c\u00e9l\u00e9bration. Les \u00e9lus ont longuement\u00a0lou\u00e9 les multiples bienfaits sanitaires\u00a0de l&#8217;allaitement maternel, exhortant les m\u00e8res \u00e0 s&#8217;y tenir comme \u00e0 un\u00a0<strong><em>&#8220;choix de sant\u00e9 important&#8221;<\/em><\/strong>\u00a0fondamental pour le bien-\u00eatre des enfants et des femmes elles-m\u00eames.<\/p>\n<p>Le lancement s&#8217;est d\u00e9roul\u00e9 en pr\u00e9sence d&#8217;une d\u00e9l\u00e9gation officielle comprenant : M. <strong>Mohamed Zeid Abdallah<\/strong>, Hakem de la moughataa de S\u00e9libaby, M. <strong>Tandia Wague<\/strong>, Repr\u00e9sentant de l&#8217;UNICEF et M. <strong>Camara Alpha<\/strong>, Repr\u00e9sentant d&#8217;Action Contre la Faim.<\/p>\n<p>Cette mobilisation conjointe des autorit\u00e9s locales et des partenaires internationaux souligne l&#8217;engagement collectif \u00e0 promouvoir l&#8217;allaitement maternel comme un geste salvateur et un fondement essentiel de la sant\u00e9 publique dans la wilaya du Guidimakha.<\/p>\n<p>&nbsp;<\/p>\n","protected":false},"excerpt":{"rendered":"<p>M. Mohamed Salem Sidi Mohamed El Maaloum, Conseiller charg\u00e9 des Affaires Administratives et Juridiques, a supervis\u00e9 cet apr\u00e8s-midi le lancement solennel de la Semaine Internationale de l&#8217;Allaitement Maternel \u00e0 la Maison des Jeunes de S\u00e9libaby. Plac\u00e9e sous le th\u00e8me \u00e9loquent &#8220;L&#8217;allaitement maternel sauve des vies&#8221;, cette initiative organis\u00e9e par l&#8217;UNICEF et Action Contre la Faim&#8230;..<\/p>\n","protected":false},"author":12,"featured_media":29824,"comment_status":"open","ping_status":"open","sticky":false,"template":"","format":"standard","meta":{"footnotes":""},"categories":[23,55],"tags":[],"class_list":["post-29823","post","type-post","status-publish","format-standard","has-post-thumbnail","hentry","category-actualite","category-culture"],"yoast_head":"<!-- This site is optimized with the Yoast SEO plugin v27.5 - https:\/\/yoast.com\/product\/yoast-seo-wordpress\/ -->\n<title>Lancement \u00e0 S\u00e9libaby de la Semaine Internationale de l&#039;Allaitement Maternel sous le th\u00e8me &quot;L&#039;allaitement maternel sauve des vies&quot; - Le Quotidien de Nouakchott<\/title>\n<meta name=\"robots\" content=\"index, follow, max-snippet:-1, max-image-preview:large, max-video-preview:-1\" \/>\n<link rel=\"canonical\" href=\"https:\/\/lequotidien.mr\/?p=29823&lang=fr\" \/>\n<meta property=\"og:locale\" content=\"ar_AR\" \/>\n<meta property=\"og:type\" content=\"article\" \/>\n<meta property=\"og:title\" content=\"Lancement \u00e0 S\u00e9libaby de la Semaine Internationale de l&#039;Allaitement Maternel sous le th\u00e8me &quot;L&#039;allaitement maternel sauve des vies&quot; - Le Quotidien de Nouakchott\" \/>\n<meta property=\"og:description\" content=\"M. Mohamed Salem Sidi Mohamed El Maaloum, Conseiller charg\u00e9 des Affaires Administratives et Juridiques, a supervis\u00e9 cet apr\u00e8s-midi le lancement solennel de la Semaine Internationale de l&#8217;Allaitement Maternel \u00e0 la Maison des Jeunes de S\u00e9libaby. Plac\u00e9e sous le th\u00e8me \u00e9loquent &#8220;L&#8217;allaitement maternel sauve des vies&#8221;, cette initiative organis\u00e9e par l&#8217;UNICEF et Action Contre la Faim.....\" \/>\n<meta property=\"og:url\" content=\"https:\/\/lequotidien.mr\/?p=29823&amp;lang=fr\" \/>\n<meta property=\"og:site_name\" content=\"Le Quotidien de Nouakchott\" \/>\n<meta property=\"article:publisher\" content=\"https:\/\/web.facebook.com\/lequotidienmr\" \/>\n<meta property=\"article:published_time\" content=\"2025-08-05T12:28:25+00:00\" \/>\n<meta property=\"og:image\" content=\"https:\/\/lequotidien.mr\/wp-content\/uploads\/2025\/08\/photo-semaine-intle-allaitement.jpg\" \/>\n\t<meta property=\"og:image:width\" content=\"750\" \/>\n\t<meta property=\"og:image:height\" content=\"430\" \/>\n\t<meta property=\"og:image:type\" content=\"image\/jpeg\" \/>\n<meta name=\"author\" content=\"Med Ahmed\" \/>\n<meta name=\"twitter:card\" content=\"summary_large_image\" \/>\n<meta name=\"twitter:creator\" content=\"@lequotidienmr\" \/>\n<meta name=\"twitter:site\" content=\"@lequotidienmr\" \/>\n<meta name=\"twitter:label1\" content=\"\u0643\u064f\u062a\u0628 \u0628\u0648\u0627\u0633\u0637\u0629\" \/>\n\t<meta name=\"twitter:data1\" content=\"Med Ahmed\" \/>\n\t<meta name=\"twitter:label2\" content=\"\u0648\u0642\u062a \u0627\u0644\u0642\u0631\u0627\u0621\u0629 \u0627\u0644\u0645\u064f\u0642\u062f\u0651\u0631\" \/>\n\t<meta name=\"twitter:data2\" content=\"3 \u062f\u0642\u0627\u0626\u0642\" \/>\n<script type=\"application\/ld+json\" class=\"yoast-schema-graph\">{\"@context\":\"https:\\\/\\\/schema.org\",\"@graph\":[{\"@type\":\"Article\",\"@id\":\"https:\\\/\\\/lequotidien.mr\\\/?p=29823&lang=fr#article\",\"isPartOf\":{\"@id\":\"https:\\\/\\\/lequotidien.mr\\\/?p=29823&lang=fr\"},\"author\":{\"name\":\"Med Ahmed\",\"@id\":\"https:\\\/\\\/lequotidien.mr\\\/#\\\/schema\\\/person\\\/d2d350202a4d599685ed8abc25f97596\"},\"headline\":\"Lancement \u00e0 S\u00e9libaby de la Semaine Internationale de l&#8217;Allaitement Maternel sous le th\u00e8me &#8220;L&#8217;allaitement maternel sauve des vies&#8221;\",\"datePublished\":\"2025-08-05T12:28:25+00:00\",\"mainEntityOfPage\":{\"@id\":\"https:\\\/\\\/lequotidien.mr\\\/?p=29823&lang=fr\"},\"wordCount\":461,\"commentCount\":0,\"publisher\":{\"@id\":\"https:\\\/\\\/lequotidien.mr\\\/#organization\"},\"image\":{\"@id\":\"https:\\\/\\\/lequotidien.mr\\\/?p=29823&lang=fr#primaryimage\"},\"thumbnailUrl\":\"https:\\\/\\\/lequotidien.mr\\\/wp-content\\\/uploads\\\/2025\\\/08\\\/photo-semaine-intle-allaitement.jpg\",\"articleSection\":[\"ACTUALIT\u00c9\",\"Culture\"],\"inLanguage\":\"ar\",\"potentialAction\":[{\"@type\":\"CommentAction\",\"name\":\"Comment\",\"target\":[\"https:\\\/\\\/lequotidien.mr\\\/?p=29823&lang=fr#respond\"]}]},{\"@type\":\"WebPage\",\"@id\":\"https:\\\/\\\/lequotidien.mr\\\/?p=29823&lang=fr\",\"url\":\"https:\\\/\\\/lequotidien.mr\\\/?p=29823&lang=fr\",\"name\":\"Lancement \u00e0 S\u00e9libaby de la Semaine Internationale de l'Allaitement Maternel sous le th\u00e8me \\\"L'allaitement maternel sauve des vies\\\" - Le Quotidien de Nouakchott\",\"isPartOf\":{\"@id\":\"https:\\\/\\\/lequotidien.mr\\\/#website\"},\"primaryImageOfPage\":{\"@id\":\"https:\\\/\\\/lequotidien.mr\\\/?p=29823&lang=fr#primaryimage\"},\"image\":{\"@id\":\"https:\\\/\\\/lequotidien.mr\\\/?p=29823&lang=fr#primaryimage\"},\"thumbnailUrl\":\"https:\\\/\\\/lequotidien.mr\\\/wp-content\\\/uploads\\\/2025\\\/08\\\/photo-semaine-intle-allaitement.jpg\",\"datePublished\":\"2025-08-05T12:28:25+00:00\",\"breadcrumb\":{\"@id\":\"https:\\\/\\\/lequotidien.mr\\\/?p=29823&lang=fr#breadcrumb\"},\"inLanguage\":\"ar\",\"potentialAction\":[{\"@type\":\"ReadAction\",\"target\":[\"https:\\\/\\\/lequotidien.mr\\\/?p=29823&lang=fr\"]}]},{\"@type\":\"ImageObject\",\"inLanguage\":\"ar\",\"@id\":\"https:\\\/\\\/lequotidien.mr\\\/?p=29823&lang=fr#primaryimage\",\"url\":\"https:\\\/\\\/lequotidien.mr\\\/wp-content\\\/uploads\\\/2025\\\/08\\\/photo-semaine-intle-allaitement.jpg\",\"contentUrl\":\"https:\\\/\\\/lequotidien.mr\\\/wp-content\\\/uploads\\\/2025\\\/08\\\/photo-semaine-intle-allaitement.jpg\",\"width\":750,\"height\":430},{\"@type\":\"BreadcrumbList\",\"@id\":\"https:\\\/\\\/lequotidien.mr\\\/?p=29823&lang=fr#breadcrumb\",\"itemListElement\":[{\"@type\":\"ListItem\",\"position\":1,\"name\":\"Home\",\"item\":\"https:\\\/\\\/lequotidien.mr\\\/\"},{\"@type\":\"ListItem\",\"position\":2,\"name\":\"Lancement \u00e0 S\u00e9libaby de la Semaine Internationale de l&rsquo;Allaitement Maternel sous le th\u00e8me \u00ab\u00a0L&rsquo;allaitement maternel sauve des vies\u00a0\u00bb\"}]},{\"@type\":\"WebSite\",\"@id\":\"https:\\\/\\\/lequotidien.mr\\\/#website\",\"url\":\"https:\\\/\\\/lequotidien.mr\\\/\",\"name\":\"Le Quotidien de Nouakchott\",\"description\":\"\u0625\u062e\u0628\u0627\u0631\u064a\u0629 \u0645\u0633\u062a\u0642\u0644\u0629 \u0644\u0644\u0623\u0646\u0628\u0627\u0621 \u0627\u0644\u0639\u0627\u0645\u0629\",\"publisher\":{\"@id\":\"https:\\\/\\\/lequotidien.mr\\\/#organization\"},\"potentialAction\":[{\"@type\":\"SearchAction\",\"target\":{\"@type\":\"EntryPoint\",\"urlTemplate\":\"https:\\\/\\\/lequotidien.mr\\\/?s={search_term_string}\"},\"query-input\":{\"@type\":\"PropertyValueSpecification\",\"valueRequired\":true,\"valueName\":\"search_term_string\"}}],\"inLanguage\":\"ar\"},{\"@type\":\"Organization\",\"@id\":\"https:\\\/\\\/lequotidien.mr\\\/#organization\",\"name\":\"Le Quotidien de Nouakchott\",\"url\":\"https:\\\/\\\/lequotidien.mr\\\/\",\"logo\":{\"@type\":\"ImageObject\",\"inLanguage\":\"ar\",\"@id\":\"https:\\\/\\\/lequotidien.mr\\\/#\\\/schema\\\/logo\\\/image\\\/\",\"url\":\"https:\\\/\\\/lequotidien.mr\\\/wp-content\\\/uploads\\\/2022\\\/11\\\/logolequotidien.jpg\",\"contentUrl\":\"https:\\\/\\\/lequotidien.mr\\\/wp-content\\\/uploads\\\/2022\\\/11\\\/logolequotidien.jpg\",\"width\":290,\"height\":65,\"caption\":\"Le Quotidien de Nouakchott\"},\"image\":{\"@id\":\"https:\\\/\\\/lequotidien.mr\\\/#\\\/schema\\\/logo\\\/image\\\/\"},\"sameAs\":[\"https:\\\/\\\/web.facebook.com\\\/lequotidienmr\",\"https:\\\/\\\/x.com\\\/lequotidienmr\"]},{\"@type\":\"Person\",\"@id\":\"https:\\\/\\\/lequotidien.mr\\\/#\\\/schema\\\/person\\\/d2d350202a4d599685ed8abc25f97596\",\"name\":\"Med Ahmed\",\"image\":{\"@type\":\"ImageObject\",\"inLanguage\":\"ar\",\"@id\":\"https:\\\/\\\/secure.gravatar.com\\\/avatar\\\/fd2acc62ed50732923d1d39c17172c9b04149f142be92310ecc69e1358f94b52?s=96&d=mm&r=g\",\"url\":\"https:\\\/\\\/secure.gravatar.com\\\/avatar\\\/fd2acc62ed50732923d1d39c17172c9b04149f142be92310ecc69e1358f94b52?s=96&d=mm&r=g\",\"contentUrl\":\"https:\\\/\\\/secure.gravatar.com\\\/avatar\\\/fd2acc62ed50732923d1d39c17172c9b04149f142be92310ecc69e1358f94b52?s=96&d=mm&r=g\",\"caption\":\"Med Ahmed\"},\"url\":\"https:\\\/\\\/lequotidien.mr\\\/?author=12\"}]}<\/script>\n<!-- \/ Yoast SEO plugin. -->","yoast_head_json":{"title":"Lancement \u00e0 S\u00e9libaby de la Semaine Internationale de l'Allaitement Maternel sous le th\u00e8me \"L'allaitement maternel sauve des vies\" - Le Quotidien de Nouakchott","robots":{"index":"index","follow":"follow","max-snippet":"max-snippet:-1","max-image-preview":"max-image-preview:large","max-video-preview":"max-video-preview:-1"},"canonical":"https:\/\/lequotidien.mr\/?p=29823&lang=fr","og_locale":"ar_AR","og_type":"article","og_title":"Lancement \u00e0 S\u00e9libaby de la Semaine Internationale de l'Allaitement Maternel sous le th\u00e8me \"L'allaitement maternel sauve des vies\" - Le Quotidien de Nouakchott","og_description":"M. Mohamed Salem Sidi Mohamed El Maaloum, Conseiller charg\u00e9 des Affaires Administratives et Juridiques, a supervis\u00e9 cet apr\u00e8s-midi le lancement solennel de la Semaine Internationale de l&#8217;Allaitement Maternel \u00e0 la Maison des Jeunes de S\u00e9libaby. Plac\u00e9e sous le th\u00e8me \u00e9loquent &#8220;L&#8217;allaitement maternel sauve des vies&#8221;, cette initiative organis\u00e9e par l&#8217;UNICEF et Action Contre la Faim.....","og_url":"https:\/\/lequotidien.mr\/?p=29823&lang=fr","og_site_name":"Le Quotidien de Nouakchott","article_publisher":"https:\/\/web.facebook.com\/lequotidienmr","article_published_time":"2025-08-05T12:28:25+00:00","og_image":[{"width":750,"height":430,"url":"https:\/\/lequotidien.mr\/wp-content\/uploads\/2025\/08\/photo-semaine-intle-allaitement.jpg","type":"image\/jpeg"}],"author":"Med Ahmed","twitter_card":"summary_large_image","twitter_creator":"@lequotidienmr","twitter_site":"@lequotidienmr","twitter_misc":{"\u0643\u064f\u062a\u0628 \u0628\u0648\u0627\u0633\u0637\u0629":"Med Ahmed","\u0648\u0642\u062a \u0627\u0644\u0642\u0631\u0627\u0621\u0629 \u0627\u0644\u0645\u064f\u0642\u062f\u0651\u0631":"3 \u062f\u0642\u0627\u0626\u0642"},"schema":{"@context":"https:\/\/schema.org","@graph":[{"@type":"Article","@id":"https:\/\/lequotidien.mr\/?p=29823&lang=fr#article","isPartOf":{"@id":"https:\/\/lequotidien.mr\/?p=29823&lang=fr"},"author":{"name":"Med Ahmed","@id":"https:\/\/lequotidien.mr\/#\/schema\/person\/d2d350202a4d599685ed8abc25f97596"},"headline":"Lancement \u00e0 S\u00e9libaby de la Semaine Internationale de l&#8217;Allaitement Maternel sous le th\u00e8me &#8220;L&#8217;allaitement maternel sauve des vies&#8221;","datePublished":"2025-08-05T12:28:25+00:00","mainEntityOfPage":{"@id":"https:\/\/lequotidien.mr\/?p=29823&lang=fr"},"wordCount":461,"commentCount":0,"publisher":{"@id":"https:\/\/lequotidien.mr\/#organization"},"image":{"@id":"https:\/\/lequotidien.mr\/?p=29823&lang=fr#primaryimage"},"thumbnailUrl":"https:\/\/lequotidien.mr\/wp-content\/uploads\/2025\/08\/photo-semaine-intle-allaitement.jpg","articleSection":["ACTUALIT\u00c9","Culture"],"inLanguage":"ar","potentialAction":[{"@type":"CommentAction","name":"Comment","target":["https:\/\/lequotidien.mr\/?p=29823&lang=fr#respond"]}]},{"@type":"WebPage","@id":"https:\/\/lequotidien.mr\/?p=29823&lang=fr","url":"https:\/\/lequotidien.mr\/?p=29823&lang=fr","name":"Lancement \u00e0 S\u00e9libaby de la Semaine Internationale de l'Allaitement Maternel sous le th\u00e8me \"L'allaitement maternel sauve des vies\" - Le Quotidien de Nouakchott","isPartOf":{"@id":"https:\/\/lequotidien.mr\/#website"},"primaryImageOfPage":{"@id":"https:\/\/lequotidien.mr\/?p=29823&lang=fr#primaryimage"},"image":{"@id":"https:\/\/lequotidien.mr\/?p=29823&lang=fr#primaryimage"},"thumbnailUrl":"https:\/\/lequotidien.mr\/wp-content\/uploads\/2025\/08\/photo-semaine-intle-allaitement.jpg","datePublished":"2025-08-05T12:28:25+00:00","breadcrumb":{"@id":"https:\/\/lequotidien.mr\/?p=29823&lang=fr#breadcrumb"},"inLanguage":"ar","potentialAction":[{"@type":"ReadAction","target":["https:\/\/lequotidien.mr\/?p=29823&lang=fr"]}]},{"@type":"ImageObject","inLanguage":"ar","@id":"https:\/\/lequotidien.mr\/?p=29823&lang=fr#primaryimage","url":"https:\/\/lequotidien.mr\/wp-content\/uploads\/2025\/08\/photo-semaine-intle-allaitement.jpg","contentUrl":"https:\/\/lequotidien.mr\/wp-content\/uploads\/2025\/08\/photo-semaine-intle-allaitement.jpg","width":750,"height":430},{"@type":"BreadcrumbList","@id":"https:\/\/lequotidien.mr\/?p=29823&lang=fr#breadcrumb","itemListElement":[{"@type":"ListItem","position":1,"name":"Home","item":"https:\/\/lequotidien.mr\/"},{"@type":"ListItem","position":2,"name":"Lancement \u00e0 S\u00e9libaby de la Semaine Internationale de l&rsquo;Allaitement Maternel sous le th\u00e8me \u00ab\u00a0L&rsquo;allaitement maternel sauve des vies\u00a0\u00bb"}]},{"@type":"WebSite","@id":"https:\/\/lequotidien.mr\/#website","url":"https:\/\/lequotidien.mr\/","name":"Le Quotidien de Nouakchott","description":"\u0625\u062e\u0628\u0627\u0631\u064a\u0629 \u0645\u0633\u062a\u0642\u0644\u0629 \u0644\u0644\u0623\u0646\u0628\u0627\u0621 \u0627\u0644\u0639\u0627\u0645\u0629","publisher":{"@id":"https:\/\/lequotidien.mr\/#organization"},"potentialAction":[{"@type":"SearchAction","target":{"@type":"EntryPoint","urlTemplate":"https:\/\/lequotidien.mr\/?s={search_term_string}"},"query-input":{"@type":"PropertyValueSpecification","valueRequired":true,"valueName":"search_term_string"}}],"inLanguage":"ar"},{"@type":"Organization","@id":"https:\/\/lequotidien.mr\/#organization","name":"Le Quotidien de Nouakchott","url":"https:\/\/lequotidien.mr\/","logo":{"@type":"ImageObject","inLanguage":"ar","@id":"https:\/\/lequotidien.mr\/#\/schema\/logo\/image\/","url":"https:\/\/lequotidien.mr\/wp-content\/uploads\/2022\/11\/logolequotidien.jpg","contentUrl":"https:\/\/lequotidien.mr\/wp-content\/uploads\/2022\/11\/logolequotidien.jpg","width":290,"height":65,"caption":"Le Quotidien de Nouakchott"},"image":{"@id":"https:\/\/lequotidien.mr\/#\/schema\/logo\/image\/"},"sameAs":["https:\/\/web.facebook.com\/lequotidienmr","https:\/\/x.com\/lequotidienmr"]},{"@type":"Person","@id":"https:\/\/lequotidien.mr\/#\/schema\/person\/d2d350202a4d599685ed8abc25f97596","name":"Med Ahmed","image":{"@type":"ImageObject","inLanguage":"ar","@id":"https:\/\/secure.gravatar.com\/avatar\/fd2acc62ed50732923d1d39c17172c9b04149f142be92310ecc69e1358f94b52?s=96&d=mm&r=g","url":"https:\/\/secure.gravatar.com\/avatar\/fd2acc62ed50732923d1d39c17172c9b04149f142be92310ecc69e1358f94b52?s=96&d=mm&r=g","contentUrl":"https:\/\/secure.gravatar.com\/avatar\/fd2acc62ed50732923d1d39c17172c9b04149f142be92310ecc69e1358f94b52?s=96&d=mm&r=g","caption":"Med Ahmed"},"url":"https:\/\/lequotidien.mr\/?author=12"}]}},"_links":{"self":[{"href":"https:\/\/lequotidien.mr\/index.php?rest_route=\/wp\/v2\/posts\/29823","targetHints":{"allow":["GET"]}}],"collection":[{"href":"https:\/\/lequotidien.mr\/index.php?rest_route=\/wp\/v2\/posts"}],"about":[{"href":"https:\/\/lequotidien.mr\/index.php?rest_route=\/wp\/v2\/types\/post"}],"author":[{"embeddable":true,"href":"https:\/\/lequotidien.mr\/index.php?rest_route=\/wp\/v2\/users\/12"}],"replies":[{"embeddable":true,"href":"https:\/\/lequotidien.mr\/index.php?rest_route=%2Fwp%2Fv2%2Fcomments&post=29823"}],"version-history":[{"count":1,"href":"https:\/\/lequotidien.mr\/index.php?rest_route=\/wp\/v2\/posts\/29823\/revisions"}],"predecessor-version":[{"id":29825,"href":"https:\/\/lequotidien.mr\/index.php?rest_route=\/wp\/v2\/posts\/29823\/revisions\/29825"}],"wp:featuredmedia":[{"embeddable":true,"href":"https:\/\/lequotidien.mr\/index.php?rest_route=\/wp\/v2\/media\/29824"}],"wp:attachment":[{"href":"https:\/\/lequotidien.mr\/index.php?rest_route=%2Fwp%2Fv2%2Fmedia&parent=29823"}],"wp:term":[{"taxonomy":"category","embeddable":true,"href":"https:\/\/lequotidien.mr\/index.php?rest_route=%2Fwp%2Fv2%2Fcategories&post=29823"},{"taxonomy":"post_tag","embeddable":true,"href":"https:\/\/lequotidien.mr\/index.php?rest_route=%2Fwp%2Fv2%2Ftags&post=29823"}],"curies":[{"name":"wp","href":"https:\/\/api.w.org\/{rel}","templated":true}]}}