{"id":29789,"date":"2025-08-03T22:39:55","date_gmt":"2025-08-03T22:39:55","guid":{"rendered":"https:\/\/lequotidien.mr\/?p=29789"},"modified":"2025-08-03T22:39:55","modified_gmt":"2025-08-03T22:39:55","slug":"environnement-lancement-dune-campagne-majeure-de-boisement-et-densemencement-aerien-le-long-de-la-grande-muraille-verte","status":"publish","type":"post","link":"https:\/\/lequotidien.mr\/?p=29789&lang=fr","title":{"rendered":"Environnement : Lancement d\u2019une campagne majeure de boisement et d\u2019ensemencement a\u00e9rien le long de la Grande Muraille Verte"},"content":{"rendered":"<p>La ministre de l\u2019Environnement et du D\u00e9veloppement Durable, Mme Massouda Baham Mohamed Laghdhaf, accompagn\u00e9e du wali mou\u00e7aid du Hodh El Gharbi, M. Mohamed Abdallahi Cheikh Sidiya, a proc\u00e9d\u00e9 dimanche au lancement officiel d\u2019une\u00a0<strong>ambitieuse campagne de boisement et d\u2019ensemencement a\u00e9rien<\/strong>\u00a0le long du trac\u00e9 mauritanien de la Grande Muraille Verte. Cette op\u00e9ration phare s\u2019inscrit dans le cadre de la\u00a0<strong>Semaine nationale de l\u2019arbre<\/strong>, plac\u00e9e cette ann\u00e9e sous le slogan \u00ab \u0152uvrons pour une Mauritanie verte \u00bb.<\/p>\n<p><strong>Objectifs chiffr\u00e9s et port\u00e9e nationale<\/strong><\/p>\n<p>La campagne vise la\u00a0<strong>r\u00e9habilitation de 4 000 hectares<\/strong>\u00a0de terres d\u00e9grad\u00e9es :<\/p>\n<p><strong>-3 500 hectares<\/strong>\u00a0trait\u00e9s par\u00a0<strong>semis direct a\u00e9rien\u00a0<\/strong>;<\/p>\n<p><strong>-500 hectares<\/strong>\u00a0rebois\u00e9s par\u00a0<strong>plantation traditionnelle<\/strong>.<\/p>\n<p>Les interventions concerneront\u00a0<strong>89 localit\u00e9s<\/strong>\u00a0r\u00e9parties sur les wilayas des\u00a0<strong>deux Hodhs, de l\u2019Assaba, du Tagant, du Brakna et du Trarza<\/strong>.<\/p>\n<p><strong>Une r\u00e9ponse aux directives pr\u00e9sidentielles<\/strong><\/p>\n<p>Dans son allocution, la ministre Laghdhaf a soulign\u00e9 que cette initiative r\u00e9pond auxhautes instructions du Pr\u00e9sident de la R\u00e9publique, M. Mohamed Cheikh El Ghazouani, donn\u00e9es lors du lancement national de la Semaine de l\u2019arbre \u00e0 Nouakchott. Elle a lanc\u00e9 un\u00a0appel pressant aux citoyens et aux acteurs locaux\u00a0:<\/p>\n<p><em>&#8220;Une participation massive aux op\u00e9rations de reboisement est cruciale pour affronter les d\u00e9fis environnementaux majeurs que sont la s\u00e9cheresse, la d\u00e9sertification et les changements climatiques.&#8221;<\/em><br \/>\nElle a insist\u00e9 sur l\u2019importance de\u00a0cultiver une<strong> &#8220;culture environnementale&#8221;<\/strong>\u00a0centr\u00e9e sur la plantation et l\u2019entretien des arbres, saluant le r\u00f4le essentiel des \u00e9lus locaux, des OSC et des organisations de jeunesse et de femmes dans la sensibilisation des populations.<\/p>\n<p><strong>Mobilisation des territoires et innovations techniques<\/strong><\/p>\n<p>Le pr\u00e9sident du Conseil r\u00e9gional du Hodh El Gharbi, M. Jemal Mohamed, a d\u00e9taill\u00e9 les\u00a0actions r\u00e9centes\u00a0de sa wilaya :<\/p>\n<p><strong>-Stabilisation des dunes<\/strong>\u00a0\u00e0 Lamghaiti, Bagdad, Ensafeni, El Kotb et Lakham, prot\u00e9geant les villages et am\u00e9liorant le couvert v\u00e9g\u00e9tal\u00a0;<\/p>\n<p><strong>-Cr\u00e9ation de<\/strong>\u00a0<strong>fermes mod\u00e8les<\/strong>\u00a0(Benaman, al-Jisr, Ahel Sayed al-Abd, Awwainat Awlad Essaid) g\u00e9n\u00e9ratrices d\u2019emplois et soutenant la s\u00e9curit\u00e9 alimentaire\u00a0;<\/p>\n<p><strong>-Mise en place d\u2019une<\/strong>\u00a0<strong>p\u00e9pini\u00e8re mod\u00e8le de 4 hectares \u00e0 Doueirara<\/strong>, \u00e9quip\u00e9e de brise-vent et d\u2019un puits art\u00e9sien solaire, destin\u00e9e \u00e0 devenir une plateforme de production de plants et d\u2019opportunit\u00e9s pour les jeunes et les femmes.<\/p>\n<p>M. Sidna Ahmed Ely, Directeur g\u00e9n\u00e9ral de l\u2019Agence nationale de la Grande Muraille Verte, a pr\u00e9cis\u00e9 les moyens d\u00e9ploy\u00e9s:<\/p>\n<p><strong>-Mobilisation de<\/strong>\u00a0<strong>trois \u00e9quipes de terrain\u00a0<\/strong>;<\/p>\n<p><strong>-Utilisation de<\/strong>\u00a0<strong>drones pour l\u2019ensemencement a\u00e9rien\u00a0<\/strong>;<\/p>\n<p><strong>-Cr\u00e9ation de<\/strong>\u00a0<strong>plus de 1350 jours de travail temporaire<\/strong>\u00a0<strong>pour les populations locales\u00a0;<\/strong><\/p>\n<p><strong>-Lancement d\u2019une<\/strong>\u00a0<strong>vaste campagne m\u00e9diatique de sensibilisation<\/strong>.<\/p>\n<p><strong>Le R\u00f4le central des femmes et des communaut\u00e9s<\/strong><\/p>\n<p>Mme Khdeija Baba Ahmed Saleck, pr\u00e9sidente du\u00a0<strong>R\u00e9seau Vert des Femmes de la Grande Muraille Verte<\/strong>, a mis en avant le travail essentiel de sa plateforme pour restaurer la v\u00e9g\u00e9tation et promouvoir la culture environnementale. Le maire de Doueirara, M. Mohamed Lemine Abeidi, a soulign\u00e9 l\u2019<strong>engagement fort de sa commune<\/strong>\u00a0en faveur du reboisement et la conscience locale de l\u2019importance des arbres pour l\u2019\u00e9conomie rurale. Il a qualifi\u00e9 la campagne de\u00a0<strong>&#8220;mobilisation nationale&#8221;<\/strong>\u00a0renfor\u00e7ant l\u2019esprit de participation.<\/p>\n<p>La c\u00e9r\u00e9monie s\u2019est achev\u00e9e par un geste fort : la\u00a0plantation de 24 000 plants d\u2019arbres locaux\u00a0adapt\u00e9s au climat sur le site de Lamghaiti (60 hectares) de l\u2019Agence Nationale de la GMV, pr\u00e8s d\u2019Aioun. La d\u00e9l\u00e9gation minist\u00e9rielle a \u00e9galement visit\u00e9 la D\u00e9l\u00e9gation R\u00e9gionale de l\u2019Environnement du Hodh El Gharbi et sa p\u00e9pini\u00e8re, en y plantant des arbustes. Cette journ\u00e9e sp\u00e9ciale marque une\u00a0\u00e9tape concr\u00e8te dans la lutte contre la d\u00e9sertification\u00a0et une ambition renouvel\u00e9e pour une &#8220;Mauritanie verte&#8221;.<\/p>\n","protected":false},"excerpt":{"rendered":"<p>La ministre de l\u2019Environnement et du D\u00e9veloppement Durable, Mme Massouda Baham Mohamed Laghdhaf, accompagn\u00e9e du wali mou\u00e7aid du Hodh El Gharbi, M. Mohamed Abdallahi Cheikh Sidiya, a proc\u00e9d\u00e9 dimanche au lancement officiel d\u2019une\u00a0ambitieuse campagne de boisement et d\u2019ensemencement a\u00e9rien\u00a0le long du trac\u00e9 mauritanien de la Grande Muraille Verte. Cette op\u00e9ration phare s\u2019inscrit dans le cadre&#8230;..<\/p>\n","protected":false},"author":12,"featured_media":29791,"comment_status":"open","ping_status":"open","sticky":false,"template":"","format":"standard","meta":{"footnotes":""},"categories":[23,49],"tags":[],"class_list":["post-29789","post","type-post","status-publish","format-standard","has-post-thumbnail","hentry","category-actualite","category-economie"],"yoast_head":"<!-- This site is optimized with the Yoast SEO plugin v27.5 - https:\/\/yoast.com\/product\/yoast-seo-wordpress\/ -->\n<title>Environnement : Lancement d\u2019une campagne majeure de boisement et d\u2019ensemencement a\u00e9rien le long de la Grande Muraille Verte - Le Quotidien de Nouakchott<\/title>\n<meta name=\"robots\" content=\"index, follow, max-snippet:-1, max-image-preview:large, max-video-preview:-1\" \/>\n<link rel=\"canonical\" href=\"https:\/\/lequotidien.mr\/?p=29789&lang=fr\" \/>\n<meta property=\"og:locale\" content=\"ar_AR\" \/>\n<meta property=\"og:type\" content=\"article\" \/>\n<meta property=\"og:title\" content=\"Environnement : Lancement d\u2019une campagne majeure de boisement et d\u2019ensemencement a\u00e9rien le long de la Grande Muraille Verte - Le Quotidien de Nouakchott\" \/>\n<meta property=\"og:description\" content=\"La ministre de l\u2019Environnement et du D\u00e9veloppement Durable, Mme Massouda Baham Mohamed Laghdhaf, accompagn\u00e9e du wali mou\u00e7aid du Hodh El Gharbi, M. Mohamed Abdallahi Cheikh Sidiya, a proc\u00e9d\u00e9 dimanche au lancement officiel d\u2019une\u00a0ambitieuse campagne de boisement et d\u2019ensemencement a\u00e9rien\u00a0le long du trac\u00e9 mauritanien de la Grande Muraille Verte. Cette op\u00e9ration phare s\u2019inscrit dans le cadre.....\" \/>\n<meta property=\"og:url\" content=\"https:\/\/lequotidien.mr\/?p=29789&amp;lang=fr\" \/>\n<meta property=\"og:site_name\" content=\"Le Quotidien de Nouakchott\" \/>\n<meta property=\"article:publisher\" content=\"https:\/\/web.facebook.com\/lequotidienmr\" \/>\n<meta property=\"article:published_time\" content=\"2025-08-03T22:39:55+00:00\" \/>\n<meta property=\"og:image\" content=\"https:\/\/lequotidien.mr\/wp-content\/uploads\/2025\/08\/photo-boisement-Muraille-verte-1.jpg\" \/>\n\t<meta property=\"og:image:width\" content=\"750\" \/>\n\t<meta property=\"og:image:height\" content=\"430\" \/>\n\t<meta property=\"og:image:type\" content=\"image\/jpeg\" \/>\n<meta name=\"author\" content=\"Med Ahmed\" \/>\n<meta name=\"twitter:card\" content=\"summary_large_image\" \/>\n<meta name=\"twitter:creator\" content=\"@lequotidienmr\" \/>\n<meta name=\"twitter:site\" content=\"@lequotidienmr\" \/>\n<meta name=\"twitter:label1\" content=\"\u0643\u064f\u062a\u0628 \u0628\u0648\u0627\u0633\u0637\u0629\" \/>\n\t<meta name=\"twitter:data1\" content=\"Med Ahmed\" \/>\n\t<meta name=\"twitter:label2\" content=\"\u0648\u0642\u062a \u0627\u0644\u0642\u0631\u0627\u0621\u0629 \u0627\u0644\u0645\u064f\u0642\u062f\u0651\u0631\" \/>\n\t<meta name=\"twitter:data2\" content=\"5 \u062f\u0642\u0627\u0626\u0642\" \/>\n<script type=\"application\/ld+json\" class=\"yoast-schema-graph\">{\"@context\":\"https:\\\/\\\/schema.org\",\"@graph\":[{\"@type\":\"Article\",\"@id\":\"https:\\\/\\\/lequotidien.mr\\\/?p=29789&lang=fr#article\",\"isPartOf\":{\"@id\":\"https:\\\/\\\/lequotidien.mr\\\/?p=29789&lang=fr\"},\"author\":{\"name\":\"Med Ahmed\",\"@id\":\"https:\\\/\\\/lequotidien.mr\\\/#\\\/schema\\\/person\\\/d2d350202a4d599685ed8abc25f97596\"},\"headline\":\"Environnement : Lancement d\u2019une campagne majeure de boisement et d\u2019ensemencement a\u00e9rien le long de la Grande Muraille Verte\",\"datePublished\":\"2025-08-03T22:39:55+00:00\",\"mainEntityOfPage\":{\"@id\":\"https:\\\/\\\/lequotidien.mr\\\/?p=29789&lang=fr\"},\"wordCount\":673,\"commentCount\":0,\"publisher\":{\"@id\":\"https:\\\/\\\/lequotidien.mr\\\/#organization\"},\"image\":{\"@id\":\"https:\\\/\\\/lequotidien.mr\\\/?p=29789&lang=fr#primaryimage\"},\"thumbnailUrl\":\"https:\\\/\\\/lequotidien.mr\\\/wp-content\\\/uploads\\\/2025\\\/08\\\/photo-boisement-Muraille-verte-1.jpg\",\"articleSection\":[\"ACTUALIT\u00c9\",\"Economie\"],\"inLanguage\":\"ar\",\"potentialAction\":[{\"@type\":\"CommentAction\",\"name\":\"Comment\",\"target\":[\"https:\\\/\\\/lequotidien.mr\\\/?p=29789&lang=fr#respond\"]}]},{\"@type\":\"WebPage\",\"@id\":\"https:\\\/\\\/lequotidien.mr\\\/?p=29789&lang=fr\",\"url\":\"https:\\\/\\\/lequotidien.mr\\\/?p=29789&lang=fr\",\"name\":\"Environnement : Lancement d\u2019une campagne majeure de boisement et d\u2019ensemencement a\u00e9rien le long de la Grande Muraille Verte - Le Quotidien de Nouakchott\",\"isPartOf\":{\"@id\":\"https:\\\/\\\/lequotidien.mr\\\/#website\"},\"primaryImageOfPage\":{\"@id\":\"https:\\\/\\\/lequotidien.mr\\\/?p=29789&lang=fr#primaryimage\"},\"image\":{\"@id\":\"https:\\\/\\\/lequotidien.mr\\\/?p=29789&lang=fr#primaryimage\"},\"thumbnailUrl\":\"https:\\\/\\\/lequotidien.mr\\\/wp-content\\\/uploads\\\/2025\\\/08\\\/photo-boisement-Muraille-verte-1.jpg\",\"datePublished\":\"2025-08-03T22:39:55+00:00\",\"breadcrumb\":{\"@id\":\"https:\\\/\\\/lequotidien.mr\\\/?p=29789&lang=fr#breadcrumb\"},\"inLanguage\":\"ar\",\"potentialAction\":[{\"@type\":\"ReadAction\",\"target\":[\"https:\\\/\\\/lequotidien.mr\\\/?p=29789&lang=fr\"]}]},{\"@type\":\"ImageObject\",\"inLanguage\":\"ar\",\"@id\":\"https:\\\/\\\/lequotidien.mr\\\/?p=29789&lang=fr#primaryimage\",\"url\":\"https:\\\/\\\/lequotidien.mr\\\/wp-content\\\/uploads\\\/2025\\\/08\\\/photo-boisement-Muraille-verte-1.jpg\",\"contentUrl\":\"https:\\\/\\\/lequotidien.mr\\\/wp-content\\\/uploads\\\/2025\\\/08\\\/photo-boisement-Muraille-verte-1.jpg\",\"width\":750,\"height\":430},{\"@type\":\"BreadcrumbList\",\"@id\":\"https:\\\/\\\/lequotidien.mr\\\/?p=29789&lang=fr#breadcrumb\",\"itemListElement\":[{\"@type\":\"ListItem\",\"position\":1,\"name\":\"Home\",\"item\":\"https:\\\/\\\/lequotidien.mr\\\/\"},{\"@type\":\"ListItem\",\"position\":2,\"name\":\"Environnement : Lancement d\u2019une campagne majeure de boisement et d\u2019ensemencement a\u00e9rien le long de la Grande Muraille Verte\"}]},{\"@type\":\"WebSite\",\"@id\":\"https:\\\/\\\/lequotidien.mr\\\/#website\",\"url\":\"https:\\\/\\\/lequotidien.mr\\\/\",\"name\":\"Le Quotidien de Nouakchott\",\"description\":\"\u0625\u062e\u0628\u0627\u0631\u064a\u0629 \u0645\u0633\u062a\u0642\u0644\u0629 \u0644\u0644\u0623\u0646\u0628\u0627\u0621 \u0627\u0644\u0639\u0627\u0645\u0629\",\"publisher\":{\"@id\":\"https:\\\/\\\/lequotidien.mr\\\/#organization\"},\"potentialAction\":[{\"@type\":\"SearchAction\",\"target\":{\"@type\":\"EntryPoint\",\"urlTemplate\":\"https:\\\/\\\/lequotidien.mr\\\/?s={search_term_string}\"},\"query-input\":{\"@type\":\"PropertyValueSpecification\",\"valueRequired\":true,\"valueName\":\"search_term_string\"}}],\"inLanguage\":\"ar\"},{\"@type\":\"Organization\",\"@id\":\"https:\\\/\\\/lequotidien.mr\\\/#organization\",\"name\":\"Le Quotidien de Nouakchott\",\"url\":\"https:\\\/\\\/lequotidien.mr\\\/\",\"logo\":{\"@type\":\"ImageObject\",\"inLanguage\":\"ar\",\"@id\":\"https:\\\/\\\/lequotidien.mr\\\/#\\\/schema\\\/logo\\\/image\\\/\",\"url\":\"https:\\\/\\\/lequotidien.mr\\\/wp-content\\\/uploads\\\/2022\\\/11\\\/logolequotidien.jpg\",\"contentUrl\":\"https:\\\/\\\/lequotidien.mr\\\/wp-content\\\/uploads\\\/2022\\\/11\\\/logolequotidien.jpg\",\"width\":290,\"height\":65,\"caption\":\"Le Quotidien de Nouakchott\"},\"image\":{\"@id\":\"https:\\\/\\\/lequotidien.mr\\\/#\\\/schema\\\/logo\\\/image\\\/\"},\"sameAs\":[\"https:\\\/\\\/web.facebook.com\\\/lequotidienmr\",\"https:\\\/\\\/x.com\\\/lequotidienmr\"]},{\"@type\":\"Person\",\"@id\":\"https:\\\/\\\/lequotidien.mr\\\/#\\\/schema\\\/person\\\/d2d350202a4d599685ed8abc25f97596\",\"name\":\"Med Ahmed\",\"image\":{\"@type\":\"ImageObject\",\"inLanguage\":\"ar\",\"@id\":\"https:\\\/\\\/secure.gravatar.com\\\/avatar\\\/fd2acc62ed50732923d1d39c17172c9b04149f142be92310ecc69e1358f94b52?s=96&d=mm&r=g\",\"url\":\"https:\\\/\\\/secure.gravatar.com\\\/avatar\\\/fd2acc62ed50732923d1d39c17172c9b04149f142be92310ecc69e1358f94b52?s=96&d=mm&r=g\",\"contentUrl\":\"https:\\\/\\\/secure.gravatar.com\\\/avatar\\\/fd2acc62ed50732923d1d39c17172c9b04149f142be92310ecc69e1358f94b52?s=96&d=mm&r=g\",\"caption\":\"Med Ahmed\"},\"url\":\"https:\\\/\\\/lequotidien.mr\\\/?author=12\"}]}<\/script>\n<!-- \/ Yoast SEO plugin. -->","yoast_head_json":{"title":"Environnement : Lancement d\u2019une campagne majeure de boisement et d\u2019ensemencement a\u00e9rien le long de la Grande Muraille Verte - Le Quotidien de Nouakchott","robots":{"index":"index","follow":"follow","max-snippet":"max-snippet:-1","max-image-preview":"max-image-preview:large","max-video-preview":"max-video-preview:-1"},"canonical":"https:\/\/lequotidien.mr\/?p=29789&lang=fr","og_locale":"ar_AR","og_type":"article","og_title":"Environnement : Lancement d\u2019une campagne majeure de boisement et d\u2019ensemencement a\u00e9rien le long de la Grande Muraille Verte - Le Quotidien de Nouakchott","og_description":"La ministre de l\u2019Environnement et du D\u00e9veloppement Durable, Mme Massouda Baham Mohamed Laghdhaf, accompagn\u00e9e du wali mou\u00e7aid du Hodh El Gharbi, M. Mohamed Abdallahi Cheikh Sidiya, a proc\u00e9d\u00e9 dimanche au lancement officiel d\u2019une\u00a0ambitieuse campagne de boisement et d\u2019ensemencement a\u00e9rien\u00a0le long du trac\u00e9 mauritanien de la Grande Muraille Verte. Cette op\u00e9ration phare s\u2019inscrit dans le cadre.....","og_url":"https:\/\/lequotidien.mr\/?p=29789&lang=fr","og_site_name":"Le Quotidien de Nouakchott","article_publisher":"https:\/\/web.facebook.com\/lequotidienmr","article_published_time":"2025-08-03T22:39:55+00:00","og_image":[{"width":750,"height":430,"url":"https:\/\/lequotidien.mr\/wp-content\/uploads\/2025\/08\/photo-boisement-Muraille-verte-1.jpg","type":"image\/jpeg"}],"author":"Med Ahmed","twitter_card":"summary_large_image","twitter_creator":"@lequotidienmr","twitter_site":"@lequotidienmr","twitter_misc":{"\u0643\u064f\u062a\u0628 \u0628\u0648\u0627\u0633\u0637\u0629":"Med Ahmed","\u0648\u0642\u062a \u0627\u0644\u0642\u0631\u0627\u0621\u0629 \u0627\u0644\u0645\u064f\u0642\u062f\u0651\u0631":"5 \u062f\u0642\u0627\u0626\u0642"},"schema":{"@context":"https:\/\/schema.org","@graph":[{"@type":"Article","@id":"https:\/\/lequotidien.mr\/?p=29789&lang=fr#article","isPartOf":{"@id":"https:\/\/lequotidien.mr\/?p=29789&lang=fr"},"author":{"name":"Med Ahmed","@id":"https:\/\/lequotidien.mr\/#\/schema\/person\/d2d350202a4d599685ed8abc25f97596"},"headline":"Environnement : Lancement d\u2019une campagne majeure de boisement et d\u2019ensemencement a\u00e9rien le long de la Grande Muraille Verte","datePublished":"2025-08-03T22:39:55+00:00","mainEntityOfPage":{"@id":"https:\/\/lequotidien.mr\/?p=29789&lang=fr"},"wordCount":673,"commentCount":0,"publisher":{"@id":"https:\/\/lequotidien.mr\/#organization"},"image":{"@id":"https:\/\/lequotidien.mr\/?p=29789&lang=fr#primaryimage"},"thumbnailUrl":"https:\/\/lequotidien.mr\/wp-content\/uploads\/2025\/08\/photo-boisement-Muraille-verte-1.jpg","articleSection":["ACTUALIT\u00c9","Economie"],"inLanguage":"ar","potentialAction":[{"@type":"CommentAction","name":"Comment","target":["https:\/\/lequotidien.mr\/?p=29789&lang=fr#respond"]}]},{"@type":"WebPage","@id":"https:\/\/lequotidien.mr\/?p=29789&lang=fr","url":"https:\/\/lequotidien.mr\/?p=29789&lang=fr","name":"Environnement : Lancement d\u2019une campagne majeure de boisement et d\u2019ensemencement a\u00e9rien le long de la Grande Muraille Verte - Le Quotidien de Nouakchott","isPartOf":{"@id":"https:\/\/lequotidien.mr\/#website"},"primaryImageOfPage":{"@id":"https:\/\/lequotidien.mr\/?p=29789&lang=fr#primaryimage"},"image":{"@id":"https:\/\/lequotidien.mr\/?p=29789&lang=fr#primaryimage"},"thumbnailUrl":"https:\/\/lequotidien.mr\/wp-content\/uploads\/2025\/08\/photo-boisement-Muraille-verte-1.jpg","datePublished":"2025-08-03T22:39:55+00:00","breadcrumb":{"@id":"https:\/\/lequotidien.mr\/?p=29789&lang=fr#breadcrumb"},"inLanguage":"ar","potentialAction":[{"@type":"ReadAction","target":["https:\/\/lequotidien.mr\/?p=29789&lang=fr"]}]},{"@type":"ImageObject","inLanguage":"ar","@id":"https:\/\/lequotidien.mr\/?p=29789&lang=fr#primaryimage","url":"https:\/\/lequotidien.mr\/wp-content\/uploads\/2025\/08\/photo-boisement-Muraille-verte-1.jpg","contentUrl":"https:\/\/lequotidien.mr\/wp-content\/uploads\/2025\/08\/photo-boisement-Muraille-verte-1.jpg","width":750,"height":430},{"@type":"BreadcrumbList","@id":"https:\/\/lequotidien.mr\/?p=29789&lang=fr#breadcrumb","itemListElement":[{"@type":"ListItem","position":1,"name":"Home","item":"https:\/\/lequotidien.mr\/"},{"@type":"ListItem","position":2,"name":"Environnement : Lancement d\u2019une campagne majeure de boisement et d\u2019ensemencement a\u00e9rien le long de la Grande Muraille Verte"}]},{"@type":"WebSite","@id":"https:\/\/lequotidien.mr\/#website","url":"https:\/\/lequotidien.mr\/","name":"Le Quotidien de Nouakchott","description":"\u0625\u062e\u0628\u0627\u0631\u064a\u0629 \u0645\u0633\u062a\u0642\u0644\u0629 \u0644\u0644\u0623\u0646\u0628\u0627\u0621 \u0627\u0644\u0639\u0627\u0645\u0629","publisher":{"@id":"https:\/\/lequotidien.mr\/#organization"},"potentialAction":[{"@type":"SearchAction","target":{"@type":"EntryPoint","urlTemplate":"https:\/\/lequotidien.mr\/?s={search_term_string}"},"query-input":{"@type":"PropertyValueSpecification","valueRequired":true,"valueName":"search_term_string"}}],"inLanguage":"ar"},{"@type":"Organization","@id":"https:\/\/lequotidien.mr\/#organization","name":"Le Quotidien de Nouakchott","url":"https:\/\/lequotidien.mr\/","logo":{"@type":"ImageObject","inLanguage":"ar","@id":"https:\/\/lequotidien.mr\/#\/schema\/logo\/image\/","url":"https:\/\/lequotidien.mr\/wp-content\/uploads\/2022\/11\/logolequotidien.jpg","contentUrl":"https:\/\/lequotidien.mr\/wp-content\/uploads\/2022\/11\/logolequotidien.jpg","width":290,"height":65,"caption":"Le Quotidien de Nouakchott"},"image":{"@id":"https:\/\/lequotidien.mr\/#\/schema\/logo\/image\/"},"sameAs":["https:\/\/web.facebook.com\/lequotidienmr","https:\/\/x.com\/lequotidienmr"]},{"@type":"Person","@id":"https:\/\/lequotidien.mr\/#\/schema\/person\/d2d350202a4d599685ed8abc25f97596","name":"Med Ahmed","image":{"@type":"ImageObject","inLanguage":"ar","@id":"https:\/\/secure.gravatar.com\/avatar\/fd2acc62ed50732923d1d39c17172c9b04149f142be92310ecc69e1358f94b52?s=96&d=mm&r=g","url":"https:\/\/secure.gravatar.com\/avatar\/fd2acc62ed50732923d1d39c17172c9b04149f142be92310ecc69e1358f94b52?s=96&d=mm&r=g","contentUrl":"https:\/\/secure.gravatar.com\/avatar\/fd2acc62ed50732923d1d39c17172c9b04149f142be92310ecc69e1358f94b52?s=96&d=mm&r=g","caption":"Med Ahmed"},"url":"https:\/\/lequotidien.mr\/?author=12"}]}},"_links":{"self":[{"href":"https:\/\/lequotidien.mr\/index.php?rest_route=\/wp\/v2\/posts\/29789","targetHints":{"allow":["GET"]}}],"collection":[{"href":"https:\/\/lequotidien.mr\/index.php?rest_route=\/wp\/v2\/posts"}],"about":[{"href":"https:\/\/lequotidien.mr\/index.php?rest_route=\/wp\/v2\/types\/post"}],"author":[{"embeddable":true,"href":"https:\/\/lequotidien.mr\/index.php?rest_route=\/wp\/v2\/users\/12"}],"replies":[{"embeddable":true,"href":"https:\/\/lequotidien.mr\/index.php?rest_route=%2Fwp%2Fv2%2Fcomments&post=29789"}],"version-history":[{"count":1,"href":"https:\/\/lequotidien.mr\/index.php?rest_route=\/wp\/v2\/posts\/29789\/revisions"}],"predecessor-version":[{"id":29792,"href":"https:\/\/lequotidien.mr\/index.php?rest_route=\/wp\/v2\/posts\/29789\/revisions\/29792"}],"wp:featuredmedia":[{"embeddable":true,"href":"https:\/\/lequotidien.mr\/index.php?rest_route=\/wp\/v2\/media\/29791"}],"wp:attachment":[{"href":"https:\/\/lequotidien.mr\/index.php?rest_route=%2Fwp%2Fv2%2Fmedia&parent=29789"}],"wp:term":[{"taxonomy":"category","embeddable":true,"href":"https:\/\/lequotidien.mr\/index.php?rest_route=%2Fwp%2Fv2%2Fcategories&post=29789"},{"taxonomy":"post_tag","embeddable":true,"href":"https:\/\/lequotidien.mr\/index.php?rest_route=%2Fwp%2Fv2%2Ftags&post=29789"}],"curies":[{"name":"wp","href":"https:\/\/api.w.org\/{rel}","templated":true}]}}