{"id":29786,"date":"2025-08-03T22:01:17","date_gmt":"2025-08-03T22:01:17","guid":{"rendered":"https:\/\/lequotidien.mr\/?p=29786"},"modified":"2025-08-03T22:01:17","modified_gmt":"2025-08-03T22:01:17","slug":"adrar-lancement-en-grande-pompe-du-premier-festival-de-tawaz-pour-la-culture-et-le-developpement","status":"publish","type":"post","link":"https:\/\/lequotidien.mr\/?p=29786&lang=fr","title":{"rendered":"Adrar : Lancement en grande pompe du premier Festival de Tawaz pour la culture et le d\u00e9veloppement"},"content":{"rendered":"<p>Le wali de l\u2019Adrar, M. Abdallahi Mohamed Mahmoud, a pr\u00e9sid\u00e9 samedi soir la c\u00e9r\u00e9monie d\u2019ouverture de la\u00a0<strong>premi\u00e8re \u00e9dition du Festival de Tawaz pour la culture et le d\u00e9veloppement<\/strong>, au nom du ministre de la Culture, des Arts, de la Communication et des Relations avec le Parlement. Cet \u00e9v\u00e9nement phare, qui se d\u00e9roulera sur trois jours, marque une \u00e9tape cruciale dans la promotion du patrimoine et du tourisme local, en r\u00e9ponse directe aux directives du Pr\u00e9sident de la R\u00e9publique, M. Mohamed Cheikh El Ghazouani.<\/p>\n<p><strong>Un \u00e9v\u00e9nement multisectoriel sous haute patronage<\/strong><\/p>\n<p>Organis\u00e9 en partenariat avec les minist\u00e8res de la\u00a0Culture\u00a0et de la\u00a0Formation professionnelle, de l\u2019Artisanat et des M\u00e9tiers, ainsi qu\u2019avec plusieurs institutions \u00e9conomiques et touristiques nationales, le festival vise \u00e0 dynamiser la wilaya de l\u2019Adrar. Dans son allocution, le wali a soulign\u00e9 :<\/p>\n<p><em>&#8220;Ce festival incarne la vision pr\u00e9sidentielle de soutien au tourisme national. C\u2019est une opportunit\u00e9 unique de renforcer les liens familiaux et de r\u00e9v\u00e9ler les richesses culturelles et touristiques de notre r\u00e9gion.&#8221;<\/em><br \/>\nIl a invit\u00e9 les participants \u00e0 s\u2019immerger dans les activit\u00e9s refl\u00e9tant la diversit\u00e9 culturelle locale, leur souhaitant\u00a0<em>&#8220;un agr\u00e9able s\u00e9jour en terre d\u2019Adrar&#8221;<\/em>.<\/p>\n<p><strong>Une impulsion pour le d\u00e9veloppement local<\/strong><\/p>\n<p>Le pr\u00e9sident de la r\u00e9gion d\u2019Adrar, M. Mohamed Chrif Abdallahi, a salu\u00e9 l\u2019initiative comme un\u00a0<em>&#8220;v\u00e9ritable tremplin&#8221;<\/em>\u00a0\u00e9conomique :<\/p>\n<p><em>&#8220;Gr\u00e2ce aux opportunit\u00e9s d\u2019emploi et d\u2019investissement g\u00e9n\u00e9r\u00e9es, ce festival cr\u00e9era une valeur ajout\u00e9e pour notre population et consolidera la position de l\u2019Adrar comme destination culturelle de premier plan.&#8221;<\/em><\/p>\n<p>Le maire de Tawaz, M. Sid\u2019Ahmed Meinatt, a quant \u00e0 lui soulign\u00e9 l\u2019importance de l\u2019\u00e9v\u00e9nement pour\u00a0pr\u00e9server le patrimoine\u00a0et\u00a0raviver l\u2019esprit d\u2019appartenance nationale, tout en remerciant le chef de l\u2019\u00c9tat pour son soutien ind\u00e9fectible \u00e0 la culture mauritanienne.<\/p>\n<p><strong>Hommage aux acteurs cl\u00e9s et ancrage historique<\/strong><\/p>\n<p>Mme Zeinab Dalahi El Hadi, pr\u00e9sidente du festival, a rendu hommage au r\u00f4le central des\u00a0<strong>femmes d\u2019Adrar<\/strong>\u00a0dans la promotion du d\u00e9veloppement local et de la coh\u00e9sion sociale. Parall\u00e8lement, M. Ahmed Merhbe Khnafer, secr\u00e9taire g\u00e9n\u00e9ral de la F\u00e9d\u00e9ration nationale du tourisme, a salu\u00e9 l\u2019approche gouvernementale stimulant\u00a0<em>&#8220;le tourisme et le circuit \u00e9conomique&#8221;<\/em>.<\/p>\n<p>L\u2019historien M. Mohamed Fadel Sidi Ethmane, pr\u00e9sident de la commission scientifique, a rappel\u00e9 les fondements spirituels de l\u2019oasis de Tawaz :<\/p>\n<p><em>&#8220;Fond\u00e9e au XIXe si\u00e8cle sur des valeurs de pi\u00e9t\u00e9, de g\u00e9n\u00e9rosit\u00e9 et de tol\u00e9rance, cette terre symbolise notre h\u00e9ritage ancestral.&#8221;<\/em><\/p>\n<p>En pr\u00e9sence du ministre de la Formation professionnelle, M. Mohamed Maalainine Eyih, et de hauts fonctionnaires, la soir\u00e9e d\u2019ouverture a m\u00eal\u00e9\u00a0chants traditionnels,\u00a0r\u00e9citations po\u00e9tiques\u00a0et\u00a0pi\u00e8ces de th\u00e9\u00e2tre\u00a0c\u00e9l\u00e9brant l\u2019unit\u00e9 nationale et le potentiel touristique mauritanien. Ces performances artistiques ont offert un \u00e9crin vivant aux ambitions du festival : redonner \u00e0 la vall\u00e9e de Tawaz sa splendeur culturelle tout en tra\u00e7ant une voie vers le d\u00e9veloppement socio-\u00e9conomique.<\/p>\n","protected":false},"excerpt":{"rendered":"<p>Le wali de l\u2019Adrar, M. Abdallahi Mohamed Mahmoud, a pr\u00e9sid\u00e9 samedi soir la c\u00e9r\u00e9monie d\u2019ouverture de la\u00a0premi\u00e8re \u00e9dition du Festival de Tawaz pour la culture et le d\u00e9veloppement, au nom du ministre de la Culture, des Arts, de la Communication et des Relations avec le Parlement. Cet \u00e9v\u00e9nement phare, qui se d\u00e9roulera sur trois jours,&#8230;..<\/p>\n","protected":false},"author":12,"featured_media":29787,"comment_status":"open","ping_status":"open","sticky":false,"template":"","format":"standard","meta":{"footnotes":""},"categories":[23,49,55],"tags":[],"class_list":["post-29786","post","type-post","status-publish","format-standard","has-post-thumbnail","hentry","category-actualite","category-economie","category-culture"],"yoast_head":"<!-- This site is optimized with the Yoast SEO plugin v27.5 - https:\/\/yoast.com\/product\/yoast-seo-wordpress\/ -->\n<title>Adrar : Lancement en grande pompe du premier Festival de Tawaz pour la culture et le d\u00e9veloppement - Le Quotidien de Nouakchott<\/title>\n<meta name=\"robots\" content=\"index, follow, max-snippet:-1, max-image-preview:large, max-video-preview:-1\" \/>\n<link rel=\"canonical\" href=\"https:\/\/lequotidien.mr\/?p=29786&lang=fr\" \/>\n<meta property=\"og:locale\" content=\"ar_AR\" \/>\n<meta property=\"og:type\" content=\"article\" \/>\n<meta property=\"og:title\" content=\"Adrar : Lancement en grande pompe du premier Festival de Tawaz pour la culture et le d\u00e9veloppement - Le Quotidien de Nouakchott\" \/>\n<meta property=\"og:description\" content=\"Le wali de l\u2019Adrar, M. Abdallahi Mohamed Mahmoud, a pr\u00e9sid\u00e9 samedi soir la c\u00e9r\u00e9monie d\u2019ouverture de la\u00a0premi\u00e8re \u00e9dition du Festival de Tawaz pour la culture et le d\u00e9veloppement, au nom du ministre de la Culture, des Arts, de la Communication et des Relations avec le Parlement. Cet \u00e9v\u00e9nement phare, qui se d\u00e9roulera sur trois jours,.....\" \/>\n<meta property=\"og:url\" content=\"https:\/\/lequotidien.mr\/?p=29786&amp;lang=fr\" \/>\n<meta property=\"og:site_name\" content=\"Le Quotidien de Nouakchott\" \/>\n<meta property=\"article:publisher\" content=\"https:\/\/web.facebook.com\/lequotidienmr\" \/>\n<meta property=\"article:published_time\" content=\"2025-08-03T22:01:17+00:00\" \/>\n<meta property=\"og:image\" content=\"https:\/\/lequotidien.mr\/wp-content\/uploads\/2025\/08\/photo-festival-Tawaz.jpg\" \/>\n\t<meta property=\"og:image:width\" content=\"750\" \/>\n\t<meta property=\"og:image:height\" content=\"430\" \/>\n\t<meta property=\"og:image:type\" content=\"image\/jpeg\" \/>\n<meta name=\"author\" content=\"Med Ahmed\" \/>\n<meta name=\"twitter:card\" content=\"summary_large_image\" \/>\n<meta name=\"twitter:creator\" content=\"@lequotidienmr\" \/>\n<meta name=\"twitter:site\" content=\"@lequotidienmr\" \/>\n<meta name=\"twitter:label1\" content=\"\u0643\u064f\u062a\u0628 \u0628\u0648\u0627\u0633\u0637\u0629\" \/>\n\t<meta name=\"twitter:data1\" content=\"Med Ahmed\" \/>\n\t<meta name=\"twitter:label2\" content=\"\u0648\u0642\u062a \u0627\u0644\u0642\u0631\u0627\u0621\u0629 \u0627\u0644\u0645\u064f\u0642\u062f\u0651\u0631\" \/>\n\t<meta name=\"twitter:data2\" content=\"4 \u062f\u0642\u0627\u0626\u0642\" \/>\n<script type=\"application\/ld+json\" class=\"yoast-schema-graph\">{\"@context\":\"https:\\\/\\\/schema.org\",\"@graph\":[{\"@type\":\"Article\",\"@id\":\"https:\\\/\\\/lequotidien.mr\\\/?p=29786&lang=fr#article\",\"isPartOf\":{\"@id\":\"https:\\\/\\\/lequotidien.mr\\\/?p=29786&lang=fr\"},\"author\":{\"name\":\"Med Ahmed\",\"@id\":\"https:\\\/\\\/lequotidien.mr\\\/#\\\/schema\\\/person\\\/d2d350202a4d599685ed8abc25f97596\"},\"headline\":\"Adrar : Lancement en grande pompe du premier Festival de Tawaz pour la culture et le d\u00e9veloppement\",\"datePublished\":\"2025-08-03T22:01:17+00:00\",\"mainEntityOfPage\":{\"@id\":\"https:\\\/\\\/lequotidien.mr\\\/?p=29786&lang=fr\"},\"wordCount\":548,\"commentCount\":0,\"publisher\":{\"@id\":\"https:\\\/\\\/lequotidien.mr\\\/#organization\"},\"image\":{\"@id\":\"https:\\\/\\\/lequotidien.mr\\\/?p=29786&lang=fr#primaryimage\"},\"thumbnailUrl\":\"https:\\\/\\\/lequotidien.mr\\\/wp-content\\\/uploads\\\/2025\\\/08\\\/photo-festival-Tawaz.jpg\",\"articleSection\":[\"ACTUALIT\u00c9\",\"Economie\",\"Culture\"],\"inLanguage\":\"ar\",\"potentialAction\":[{\"@type\":\"CommentAction\",\"name\":\"Comment\",\"target\":[\"https:\\\/\\\/lequotidien.mr\\\/?p=29786&lang=fr#respond\"]}]},{\"@type\":\"WebPage\",\"@id\":\"https:\\\/\\\/lequotidien.mr\\\/?p=29786&lang=fr\",\"url\":\"https:\\\/\\\/lequotidien.mr\\\/?p=29786&lang=fr\",\"name\":\"Adrar : Lancement en grande pompe du premier Festival de Tawaz pour la culture et le d\u00e9veloppement - Le Quotidien de Nouakchott\",\"isPartOf\":{\"@id\":\"https:\\\/\\\/lequotidien.mr\\\/#website\"},\"primaryImageOfPage\":{\"@id\":\"https:\\\/\\\/lequotidien.mr\\\/?p=29786&lang=fr#primaryimage\"},\"image\":{\"@id\":\"https:\\\/\\\/lequotidien.mr\\\/?p=29786&lang=fr#primaryimage\"},\"thumbnailUrl\":\"https:\\\/\\\/lequotidien.mr\\\/wp-content\\\/uploads\\\/2025\\\/08\\\/photo-festival-Tawaz.jpg\",\"datePublished\":\"2025-08-03T22:01:17+00:00\",\"breadcrumb\":{\"@id\":\"https:\\\/\\\/lequotidien.mr\\\/?p=29786&lang=fr#breadcrumb\"},\"inLanguage\":\"ar\",\"potentialAction\":[{\"@type\":\"ReadAction\",\"target\":[\"https:\\\/\\\/lequotidien.mr\\\/?p=29786&lang=fr\"]}]},{\"@type\":\"ImageObject\",\"inLanguage\":\"ar\",\"@id\":\"https:\\\/\\\/lequotidien.mr\\\/?p=29786&lang=fr#primaryimage\",\"url\":\"https:\\\/\\\/lequotidien.mr\\\/wp-content\\\/uploads\\\/2025\\\/08\\\/photo-festival-Tawaz.jpg\",\"contentUrl\":\"https:\\\/\\\/lequotidien.mr\\\/wp-content\\\/uploads\\\/2025\\\/08\\\/photo-festival-Tawaz.jpg\",\"width\":750,\"height\":430},{\"@type\":\"BreadcrumbList\",\"@id\":\"https:\\\/\\\/lequotidien.mr\\\/?p=29786&lang=fr#breadcrumb\",\"itemListElement\":[{\"@type\":\"ListItem\",\"position\":1,\"name\":\"Home\",\"item\":\"https:\\\/\\\/lequotidien.mr\\\/\"},{\"@type\":\"ListItem\",\"position\":2,\"name\":\"Adrar : Lancement en grande pompe du premier Festival de Tawaz pour la culture et le d\u00e9veloppement\"}]},{\"@type\":\"WebSite\",\"@id\":\"https:\\\/\\\/lequotidien.mr\\\/#website\",\"url\":\"https:\\\/\\\/lequotidien.mr\\\/\",\"name\":\"Le Quotidien de Nouakchott\",\"description\":\"\u0625\u062e\u0628\u0627\u0631\u064a\u0629 \u0645\u0633\u062a\u0642\u0644\u0629 \u0644\u0644\u0623\u0646\u0628\u0627\u0621 \u0627\u0644\u0639\u0627\u0645\u0629\",\"publisher\":{\"@id\":\"https:\\\/\\\/lequotidien.mr\\\/#organization\"},\"potentialAction\":[{\"@type\":\"SearchAction\",\"target\":{\"@type\":\"EntryPoint\",\"urlTemplate\":\"https:\\\/\\\/lequotidien.mr\\\/?s={search_term_string}\"},\"query-input\":{\"@type\":\"PropertyValueSpecification\",\"valueRequired\":true,\"valueName\":\"search_term_string\"}}],\"inLanguage\":\"ar\"},{\"@type\":\"Organization\",\"@id\":\"https:\\\/\\\/lequotidien.mr\\\/#organization\",\"name\":\"Le Quotidien de Nouakchott\",\"url\":\"https:\\\/\\\/lequotidien.mr\\\/\",\"logo\":{\"@type\":\"ImageObject\",\"inLanguage\":\"ar\",\"@id\":\"https:\\\/\\\/lequotidien.mr\\\/#\\\/schema\\\/logo\\\/image\\\/\",\"url\":\"https:\\\/\\\/lequotidien.mr\\\/wp-content\\\/uploads\\\/2022\\\/11\\\/logolequotidien.jpg\",\"contentUrl\":\"https:\\\/\\\/lequotidien.mr\\\/wp-content\\\/uploads\\\/2022\\\/11\\\/logolequotidien.jpg\",\"width\":290,\"height\":65,\"caption\":\"Le Quotidien de Nouakchott\"},\"image\":{\"@id\":\"https:\\\/\\\/lequotidien.mr\\\/#\\\/schema\\\/logo\\\/image\\\/\"},\"sameAs\":[\"https:\\\/\\\/web.facebook.com\\\/lequotidienmr\",\"https:\\\/\\\/x.com\\\/lequotidienmr\"]},{\"@type\":\"Person\",\"@id\":\"https:\\\/\\\/lequotidien.mr\\\/#\\\/schema\\\/person\\\/d2d350202a4d599685ed8abc25f97596\",\"name\":\"Med Ahmed\",\"image\":{\"@type\":\"ImageObject\",\"inLanguage\":\"ar\",\"@id\":\"https:\\\/\\\/secure.gravatar.com\\\/avatar\\\/fd2acc62ed50732923d1d39c17172c9b04149f142be92310ecc69e1358f94b52?s=96&d=mm&r=g\",\"url\":\"https:\\\/\\\/secure.gravatar.com\\\/avatar\\\/fd2acc62ed50732923d1d39c17172c9b04149f142be92310ecc69e1358f94b52?s=96&d=mm&r=g\",\"contentUrl\":\"https:\\\/\\\/secure.gravatar.com\\\/avatar\\\/fd2acc62ed50732923d1d39c17172c9b04149f142be92310ecc69e1358f94b52?s=96&d=mm&r=g\",\"caption\":\"Med Ahmed\"},\"url\":\"https:\\\/\\\/lequotidien.mr\\\/?author=12\"}]}<\/script>\n<!-- \/ Yoast SEO plugin. -->","yoast_head_json":{"title":"Adrar : Lancement en grande pompe du premier Festival de Tawaz pour la culture et le d\u00e9veloppement - Le Quotidien de Nouakchott","robots":{"index":"index","follow":"follow","max-snippet":"max-snippet:-1","max-image-preview":"max-image-preview:large","max-video-preview":"max-video-preview:-1"},"canonical":"https:\/\/lequotidien.mr\/?p=29786&lang=fr","og_locale":"ar_AR","og_type":"article","og_title":"Adrar : Lancement en grande pompe du premier Festival de Tawaz pour la culture et le d\u00e9veloppement - Le Quotidien de Nouakchott","og_description":"Le wali de l\u2019Adrar, M. Abdallahi Mohamed Mahmoud, a pr\u00e9sid\u00e9 samedi soir la c\u00e9r\u00e9monie d\u2019ouverture de la\u00a0premi\u00e8re \u00e9dition du Festival de Tawaz pour la culture et le d\u00e9veloppement, au nom du ministre de la Culture, des Arts, de la Communication et des Relations avec le Parlement. Cet \u00e9v\u00e9nement phare, qui se d\u00e9roulera sur trois jours,.....","og_url":"https:\/\/lequotidien.mr\/?p=29786&lang=fr","og_site_name":"Le Quotidien de Nouakchott","article_publisher":"https:\/\/web.facebook.com\/lequotidienmr","article_published_time":"2025-08-03T22:01:17+00:00","og_image":[{"width":750,"height":430,"url":"https:\/\/lequotidien.mr\/wp-content\/uploads\/2025\/08\/photo-festival-Tawaz.jpg","type":"image\/jpeg"}],"author":"Med Ahmed","twitter_card":"summary_large_image","twitter_creator":"@lequotidienmr","twitter_site":"@lequotidienmr","twitter_misc":{"\u0643\u064f\u062a\u0628 \u0628\u0648\u0627\u0633\u0637\u0629":"Med Ahmed","\u0648\u0642\u062a \u0627\u0644\u0642\u0631\u0627\u0621\u0629 \u0627\u0644\u0645\u064f\u0642\u062f\u0651\u0631":"4 \u062f\u0642\u0627\u0626\u0642"},"schema":{"@context":"https:\/\/schema.org","@graph":[{"@type":"Article","@id":"https:\/\/lequotidien.mr\/?p=29786&lang=fr#article","isPartOf":{"@id":"https:\/\/lequotidien.mr\/?p=29786&lang=fr"},"author":{"name":"Med Ahmed","@id":"https:\/\/lequotidien.mr\/#\/schema\/person\/d2d350202a4d599685ed8abc25f97596"},"headline":"Adrar : Lancement en grande pompe du premier Festival de Tawaz pour la culture et le d\u00e9veloppement","datePublished":"2025-08-03T22:01:17+00:00","mainEntityOfPage":{"@id":"https:\/\/lequotidien.mr\/?p=29786&lang=fr"},"wordCount":548,"commentCount":0,"publisher":{"@id":"https:\/\/lequotidien.mr\/#organization"},"image":{"@id":"https:\/\/lequotidien.mr\/?p=29786&lang=fr#primaryimage"},"thumbnailUrl":"https:\/\/lequotidien.mr\/wp-content\/uploads\/2025\/08\/photo-festival-Tawaz.jpg","articleSection":["ACTUALIT\u00c9","Economie","Culture"],"inLanguage":"ar","potentialAction":[{"@type":"CommentAction","name":"Comment","target":["https:\/\/lequotidien.mr\/?p=29786&lang=fr#respond"]}]},{"@type":"WebPage","@id":"https:\/\/lequotidien.mr\/?p=29786&lang=fr","url":"https:\/\/lequotidien.mr\/?p=29786&lang=fr","name":"Adrar : Lancement en grande pompe du premier Festival de Tawaz pour la culture et le d\u00e9veloppement - Le Quotidien de Nouakchott","isPartOf":{"@id":"https:\/\/lequotidien.mr\/#website"},"primaryImageOfPage":{"@id":"https:\/\/lequotidien.mr\/?p=29786&lang=fr#primaryimage"},"image":{"@id":"https:\/\/lequotidien.mr\/?p=29786&lang=fr#primaryimage"},"thumbnailUrl":"https:\/\/lequotidien.mr\/wp-content\/uploads\/2025\/08\/photo-festival-Tawaz.jpg","datePublished":"2025-08-03T22:01:17+00:00","breadcrumb":{"@id":"https:\/\/lequotidien.mr\/?p=29786&lang=fr#breadcrumb"},"inLanguage":"ar","potentialAction":[{"@type":"ReadAction","target":["https:\/\/lequotidien.mr\/?p=29786&lang=fr"]}]},{"@type":"ImageObject","inLanguage":"ar","@id":"https:\/\/lequotidien.mr\/?p=29786&lang=fr#primaryimage","url":"https:\/\/lequotidien.mr\/wp-content\/uploads\/2025\/08\/photo-festival-Tawaz.jpg","contentUrl":"https:\/\/lequotidien.mr\/wp-content\/uploads\/2025\/08\/photo-festival-Tawaz.jpg","width":750,"height":430},{"@type":"BreadcrumbList","@id":"https:\/\/lequotidien.mr\/?p=29786&lang=fr#breadcrumb","itemListElement":[{"@type":"ListItem","position":1,"name":"Home","item":"https:\/\/lequotidien.mr\/"},{"@type":"ListItem","position":2,"name":"Adrar : Lancement en grande pompe du premier Festival de Tawaz pour la culture et le d\u00e9veloppement"}]},{"@type":"WebSite","@id":"https:\/\/lequotidien.mr\/#website","url":"https:\/\/lequotidien.mr\/","name":"Le Quotidien de Nouakchott","description":"\u0625\u062e\u0628\u0627\u0631\u064a\u0629 \u0645\u0633\u062a\u0642\u0644\u0629 \u0644\u0644\u0623\u0646\u0628\u0627\u0621 \u0627\u0644\u0639\u0627\u0645\u0629","publisher":{"@id":"https:\/\/lequotidien.mr\/#organization"},"potentialAction":[{"@type":"SearchAction","target":{"@type":"EntryPoint","urlTemplate":"https:\/\/lequotidien.mr\/?s={search_term_string}"},"query-input":{"@type":"PropertyValueSpecification","valueRequired":true,"valueName":"search_term_string"}}],"inLanguage":"ar"},{"@type":"Organization","@id":"https:\/\/lequotidien.mr\/#organization","name":"Le Quotidien de Nouakchott","url":"https:\/\/lequotidien.mr\/","logo":{"@type":"ImageObject","inLanguage":"ar","@id":"https:\/\/lequotidien.mr\/#\/schema\/logo\/image\/","url":"https:\/\/lequotidien.mr\/wp-content\/uploads\/2022\/11\/logolequotidien.jpg","contentUrl":"https:\/\/lequotidien.mr\/wp-content\/uploads\/2022\/11\/logolequotidien.jpg","width":290,"height":65,"caption":"Le Quotidien de Nouakchott"},"image":{"@id":"https:\/\/lequotidien.mr\/#\/schema\/logo\/image\/"},"sameAs":["https:\/\/web.facebook.com\/lequotidienmr","https:\/\/x.com\/lequotidienmr"]},{"@type":"Person","@id":"https:\/\/lequotidien.mr\/#\/schema\/person\/d2d350202a4d599685ed8abc25f97596","name":"Med Ahmed","image":{"@type":"ImageObject","inLanguage":"ar","@id":"https:\/\/secure.gravatar.com\/avatar\/fd2acc62ed50732923d1d39c17172c9b04149f142be92310ecc69e1358f94b52?s=96&d=mm&r=g","url":"https:\/\/secure.gravatar.com\/avatar\/fd2acc62ed50732923d1d39c17172c9b04149f142be92310ecc69e1358f94b52?s=96&d=mm&r=g","contentUrl":"https:\/\/secure.gravatar.com\/avatar\/fd2acc62ed50732923d1d39c17172c9b04149f142be92310ecc69e1358f94b52?s=96&d=mm&r=g","caption":"Med Ahmed"},"url":"https:\/\/lequotidien.mr\/?author=12"}]}},"_links":{"self":[{"href":"https:\/\/lequotidien.mr\/index.php?rest_route=\/wp\/v2\/posts\/29786","targetHints":{"allow":["GET"]}}],"collection":[{"href":"https:\/\/lequotidien.mr\/index.php?rest_route=\/wp\/v2\/posts"}],"about":[{"href":"https:\/\/lequotidien.mr\/index.php?rest_route=\/wp\/v2\/types\/post"}],"author":[{"embeddable":true,"href":"https:\/\/lequotidien.mr\/index.php?rest_route=\/wp\/v2\/users\/12"}],"replies":[{"embeddable":true,"href":"https:\/\/lequotidien.mr\/index.php?rest_route=%2Fwp%2Fv2%2Fcomments&post=29786"}],"version-history":[{"count":1,"href":"https:\/\/lequotidien.mr\/index.php?rest_route=\/wp\/v2\/posts\/29786\/revisions"}],"predecessor-version":[{"id":29788,"href":"https:\/\/lequotidien.mr\/index.php?rest_route=\/wp\/v2\/posts\/29786\/revisions\/29788"}],"wp:featuredmedia":[{"embeddable":true,"href":"https:\/\/lequotidien.mr\/index.php?rest_route=\/wp\/v2\/media\/29787"}],"wp:attachment":[{"href":"https:\/\/lequotidien.mr\/index.php?rest_route=%2Fwp%2Fv2%2Fmedia&parent=29786"}],"wp:term":[{"taxonomy":"category","embeddable":true,"href":"https:\/\/lequotidien.mr\/index.php?rest_route=%2Fwp%2Fv2%2Fcategories&post=29786"},{"taxonomy":"post_tag","embeddable":true,"href":"https:\/\/lequotidien.mr\/index.php?rest_route=%2Fwp%2Fv2%2Ftags&post=29786"}],"curies":[{"name":"wp","href":"https:\/\/api.w.org\/{rel}","templated":true}]}}