{"id":29739,"date":"2025-08-01T13:36:57","date_gmt":"2025-08-01T13:36:57","guid":{"rendered":"https:\/\/lequotidien.mr\/?p=29739"},"modified":"2025-08-01T13:36:57","modified_gmt":"2025-08-01T13:36:57","slug":"tout-notre-soutien-a-ely-ould-bakar-quand-proteger-la-mer-devient-un-crime","status":"publish","type":"post","link":"https:\/\/lequotidien.mr\/?p=29739&lang=fr","title":{"rendered":"Tout notre soutien \u00e0 Ely Ould Bakar : quand prot\u00e9ger la mer devient un crime"},"content":{"rendered":"<p><strong>\u00a0<\/strong><strong>Par Le Quotidien de Nouakchott<\/strong><\/p>\n<p>Dans un pays qui borde l\u2019oc\u00e9an et qui tire l\u2019essentiel de sa richesse de ses ressources halieutiques, on aurait pu croire que d\u00e9fendre la mer serait un acte noble. Un acte encourag\u00e9, soutenu, honor\u00e9. Mais en Mauritanie, en 2025, il semble que ce soit devenu une faute. Pire : un d\u00e9lit. Ely Ould Bakar en est aujourd\u2019hui l\u2019illustration vivante \u2013 et tragique.<\/p>\n<p>Ely Ould Bakar est un militant \u00e9cologiste. Un vrai. De ceux qui ne se contentent pas de slogans. Depuis des ann\u00e9es, il sillonne les quais de Nouadhibou, discute avec les p\u00eacheurs, alerte les autorit\u00e9s, publie des vid\u00e9os p\u00e9dagogiques, d\u00e9nonce les abus des bateaux industriels, pointe du doigt les rejets toxiques et les violations r\u00e9p\u00e9t\u00e9es du code de la p\u00eache.<\/p>\n<p>Il n\u2019a jamais bloqu\u00e9 une route.<br \/>\nIl n\u2019a jamais commis de violence.<br \/>\nIl n\u2019a jamais appel\u00e9 \u00e0 la r\u00e9volte.<\/p>\n<p>Et pourtant, aujourd\u2019hui, il est derri\u00e8re les barreaux.<\/p>\n<p>Ce que l\u2019on reproche \u00e0 Ely n\u2019a jamais \u00e9t\u00e9 clairement expliqu\u00e9 publiquement. Et pour cause : il n\u2019a rien fait d\u2019autre qu\u2019agir l\u00e0 o\u00f9 l\u2019\u00c9tat aurait d\u00fb \u00eatre en premi\u00e8re ligne. Il a inform\u00e9. Il a sensibilis\u00e9. Il a d\u00e9rang\u00e9.<\/p>\n<p>Il a parl\u00e9 de cette mer qu\u2019on vide, de ces filets d\u00e9rivants qui raclent tout, de ces bateaux-usines qui exploitent sans rel\u00e2che les c\u00f4tes mauritaniennes avec des licences douteuses. Il a rappel\u00e9 que les poissons ne se reproduisent pas dans un oc\u00e9an pollu\u00e9. Que les communaut\u00e9s de p\u00eache artisanale, marginalis\u00e9es, sont les premi\u00e8res victimes d\u2019un syst\u00e8me de plus en plus opaque. Il a appel\u00e9 \u00e0 une conscience maritime collective.<\/p>\n<p>R\u00e9sultat ? Il est arr\u00eat\u00e9, d\u00e9tenu, r\u00e9duit au silence.<\/p>\n<p>Le cas d\u2019Ely Ould Bakar devrait alerter. Il ne s\u2019agit pas ici d\u2019un simple diff\u00e9rend administratif ou d\u2019un malentendu passager. Sa d\u00e9tention envoie un message gla\u00e7ant \u00e0 tous les citoyens :<br \/>\n<strong>&#8220;Si vous d\u00e9noncez, vous paierez.&#8221;<\/strong><\/p>\n<p>Alors que le monde entier c\u00e9l\u00e8bre les d\u00e9fenseurs de l\u2019environnement, leur attribue des prix, leur ouvre les portes des conf\u00e9rences internationales, la Mauritanie enferme l\u2019un des siens. Quelle ironie am\u00e8re.<\/p>\n<p>Dans un monde normal, Ely aurait re\u00e7u une m\u00e9daille, un prix pour l\u2019environnement, ou \u00e0 tout le moins, une invitation officielle \u00e0 la Journ\u00e9e de la mer.<br \/>\nDans notre r\u00e9alit\u00e9 invers\u00e9e, <strong>on r\u00e9compense ceux qui d\u00e9truisent, et on emprisonne ceux qui alertent.<\/strong><\/p>\n<p>Mais Ely n\u2019est pas seul. Et il ne doit pas \u00eatre seul.<\/p>\n<p><strong>Nous sommes tous Ely\u00a0!<\/strong><\/p>\n<p>Sa d\u00e9tention n\u2019est pas qu\u2019une injustice individuelle. C\u2019est un test collectif. C\u2019est notre rapport \u00e0 la libert\u00e9, \u00e0 la v\u00e9rit\u00e9, \u00e0 l\u2019engagement, qui est en jeu.<\/p>\n<p>Si nous restons silencieux aujourd\u2019hui, demain il n\u2019y aura plus de vigies.<br \/>\nIl ne restera que l\u2019indiff\u00e9rence\u2026 et la mer morte.<\/p>\n<p>Gardons \u00e0 l\u2019esprit la c\u00e9l\u00e8bre citation du pasteur allemand Martin Niem\u00f6ller\u00a0: \u00ab\u00a0quand ils sont venus les socialistes\u2026.\u00a0\u00bb<\/p>\n<p><strong>Lib\u00e9rez Ely Ould Bakar !<\/strong><br \/>\nIl n\u2019est pas un d\u00e9linquant. Il est une conscience \u00e9cologique.<br \/>\nIl est de ceux qui d\u00e9fendent, sans haine, un bien commun que nous devrions tous prot\u00e9ger.<\/p>\n<p>&nbsp;<\/p>\n<p><strong>Le silence ne sauvera pas la mer. Ely, peut-\u00eatre.<br \/>\nEt avec lui, ce qu\u2019il reste d\u2019espoir pour une mer vivante.<\/strong><\/p>\n<p>MSS<\/p>\n","protected":false},"excerpt":{"rendered":"<p>\u00a0Par Le Quotidien de Nouakchott Dans un pays qui borde l\u2019oc\u00e9an et qui tire l\u2019essentiel de sa richesse de ses ressources halieutiques, on aurait pu croire que d\u00e9fendre la mer serait un acte noble. Un acte encourag\u00e9, soutenu, honor\u00e9. Mais en Mauritanie, en 2025, il semble que ce soit devenu une faute. Pire : un&#8230;..<\/p>\n","protected":false},"author":4,"featured_media":29740,"comment_status":"open","ping_status":"open","sticky":false,"template":"","format":"standard","meta":{"footnotes":""},"categories":[23,59,57],"tags":[],"class_list":["post-29739","post","type-post","status-publish","format-standard","has-post-thumbnail","hentry","category-actualite","category-opinion","category-couverture-specilale"],"yoast_head":"<!-- This site is optimized with the Yoast SEO plugin v27.5 - https:\/\/yoast.com\/product\/yoast-seo-wordpress\/ -->\n<title>Tout notre soutien \u00e0 Ely Ould Bakar : quand prot\u00e9ger la mer devient un crime - Le Quotidien de Nouakchott<\/title>\n<meta name=\"robots\" content=\"index, follow, max-snippet:-1, max-image-preview:large, max-video-preview:-1\" \/>\n<link rel=\"canonical\" href=\"https:\/\/lequotidien.mr\/?p=29739&lang=fr\" \/>\n<meta property=\"og:locale\" content=\"ar_AR\" \/>\n<meta property=\"og:type\" content=\"article\" \/>\n<meta property=\"og:title\" content=\"Tout notre soutien \u00e0 Ely Ould Bakar : quand prot\u00e9ger la mer devient un crime - Le Quotidien de Nouakchott\" \/>\n<meta property=\"og:description\" content=\"\u00a0Par Le Quotidien de Nouakchott Dans un pays qui borde l\u2019oc\u00e9an et qui tire l\u2019essentiel de sa richesse de ses ressources halieutiques, on aurait pu croire que d\u00e9fendre la mer serait un acte noble. Un acte encourag\u00e9, soutenu, honor\u00e9. Mais en Mauritanie, en 2025, il semble que ce soit devenu une faute. Pire : un.....\" \/>\n<meta property=\"og:url\" content=\"https:\/\/lequotidien.mr\/?p=29739&amp;lang=fr\" \/>\n<meta property=\"og:site_name\" content=\"Le Quotidien de Nouakchott\" \/>\n<meta property=\"article:publisher\" content=\"https:\/\/web.facebook.com\/lequotidienmr\" \/>\n<meta property=\"article:published_time\" content=\"2025-08-01T13:36:57+00:00\" \/>\n<meta property=\"og:image\" content=\"https:\/\/lequotidien.mr\/wp-content\/uploads\/2025\/08\/479179438_122186610152099263_1101616474272932414_n.jpg\" \/>\n\t<meta property=\"og:image:width\" content=\"1920\" \/>\n\t<meta property=\"og:image:height\" content=\"1920\" \/>\n\t<meta property=\"og:image:type\" content=\"image\/jpeg\" \/>\n<meta name=\"author\" content=\"Le Quotidien\" \/>\n<meta name=\"twitter:card\" content=\"summary_large_image\" \/>\n<meta name=\"twitter:creator\" content=\"@lequotidienmr\" \/>\n<meta name=\"twitter:site\" content=\"@lequotidienmr\" \/>\n<meta name=\"twitter:label1\" content=\"\u0643\u064f\u062a\u0628 \u0628\u0648\u0627\u0633\u0637\u0629\" \/>\n\t<meta name=\"twitter:data1\" content=\"Le Quotidien\" \/>\n\t<meta name=\"twitter:label2\" content=\"\u0648\u0642\u062a \u0627\u0644\u0642\u0631\u0627\u0621\u0629 \u0627\u0644\u0645\u064f\u0642\u062f\u0651\u0631\" \/>\n\t<meta name=\"twitter:data2\" content=\"4 \u062f\u0642\u0627\u0626\u0642\" \/>\n<script type=\"application\/ld+json\" class=\"yoast-schema-graph\">{\"@context\":\"https:\\\/\\\/schema.org\",\"@graph\":[{\"@type\":\"Article\",\"@id\":\"https:\\\/\\\/lequotidien.mr\\\/?p=29739&lang=fr#article\",\"isPartOf\":{\"@id\":\"https:\\\/\\\/lequotidien.mr\\\/?p=29739&lang=fr\"},\"author\":{\"name\":\"Le Quotidien\",\"@id\":\"https:\\\/\\\/lequotidien.mr\\\/#\\\/schema\\\/person\\\/f90fcdaa970c60288de4ed2e64a56472\"},\"headline\":\"Tout notre soutien \u00e0 Ely Ould Bakar : quand prot\u00e9ger la mer devient un crime\",\"datePublished\":\"2025-08-01T13:36:57+00:00\",\"mainEntityOfPage\":{\"@id\":\"https:\\\/\\\/lequotidien.mr\\\/?p=29739&lang=fr\"},\"wordCount\":602,\"commentCount\":0,\"publisher\":{\"@id\":\"https:\\\/\\\/lequotidien.mr\\\/#organization\"},\"image\":{\"@id\":\"https:\\\/\\\/lequotidien.mr\\\/?p=29739&lang=fr#primaryimage\"},\"thumbnailUrl\":\"https:\\\/\\\/lequotidien.mr\\\/wp-content\\\/uploads\\\/2025\\\/08\\\/479179438_122186610152099263_1101616474272932414_n.jpg\",\"articleSection\":[\"ACTUALIT\u00c9\",\"Opinion\",\"Couverture sp\u00e9cilale\"],\"inLanguage\":\"ar\",\"potentialAction\":[{\"@type\":\"CommentAction\",\"name\":\"Comment\",\"target\":[\"https:\\\/\\\/lequotidien.mr\\\/?p=29739&lang=fr#respond\"]}]},{\"@type\":\"WebPage\",\"@id\":\"https:\\\/\\\/lequotidien.mr\\\/?p=29739&lang=fr\",\"url\":\"https:\\\/\\\/lequotidien.mr\\\/?p=29739&lang=fr\",\"name\":\"Tout notre soutien \u00e0 Ely Ould Bakar : quand prot\u00e9ger la mer devient un crime - Le Quotidien de Nouakchott\",\"isPartOf\":{\"@id\":\"https:\\\/\\\/lequotidien.mr\\\/#website\"},\"primaryImageOfPage\":{\"@id\":\"https:\\\/\\\/lequotidien.mr\\\/?p=29739&lang=fr#primaryimage\"},\"image\":{\"@id\":\"https:\\\/\\\/lequotidien.mr\\\/?p=29739&lang=fr#primaryimage\"},\"thumbnailUrl\":\"https:\\\/\\\/lequotidien.mr\\\/wp-content\\\/uploads\\\/2025\\\/08\\\/479179438_122186610152099263_1101616474272932414_n.jpg\",\"datePublished\":\"2025-08-01T13:36:57+00:00\",\"breadcrumb\":{\"@id\":\"https:\\\/\\\/lequotidien.mr\\\/?p=29739&lang=fr#breadcrumb\"},\"inLanguage\":\"ar\",\"potentialAction\":[{\"@type\":\"ReadAction\",\"target\":[\"https:\\\/\\\/lequotidien.mr\\\/?p=29739&lang=fr\"]}]},{\"@type\":\"ImageObject\",\"inLanguage\":\"ar\",\"@id\":\"https:\\\/\\\/lequotidien.mr\\\/?p=29739&lang=fr#primaryimage\",\"url\":\"https:\\\/\\\/lequotidien.mr\\\/wp-content\\\/uploads\\\/2025\\\/08\\\/479179438_122186610152099263_1101616474272932414_n.jpg\",\"contentUrl\":\"https:\\\/\\\/lequotidien.mr\\\/wp-content\\\/uploads\\\/2025\\\/08\\\/479179438_122186610152099263_1101616474272932414_n.jpg\",\"width\":1920,\"height\":1920},{\"@type\":\"BreadcrumbList\",\"@id\":\"https:\\\/\\\/lequotidien.mr\\\/?p=29739&lang=fr#breadcrumb\",\"itemListElement\":[{\"@type\":\"ListItem\",\"position\":1,\"name\":\"Home\",\"item\":\"https:\\\/\\\/lequotidien.mr\\\/\"},{\"@type\":\"ListItem\",\"position\":2,\"name\":\"Tout notre soutien \u00e0 Ely Ould Bakar : quand prot\u00e9ger la mer devient un crime\"}]},{\"@type\":\"WebSite\",\"@id\":\"https:\\\/\\\/lequotidien.mr\\\/#website\",\"url\":\"https:\\\/\\\/lequotidien.mr\\\/\",\"name\":\"Le Quotidien de Nouakchott\",\"description\":\"\u0625\u062e\u0628\u0627\u0631\u064a\u0629 \u0645\u0633\u062a\u0642\u0644\u0629 \u0644\u0644\u0623\u0646\u0628\u0627\u0621 \u0627\u0644\u0639\u0627\u0645\u0629\",\"publisher\":{\"@id\":\"https:\\\/\\\/lequotidien.mr\\\/#organization\"},\"potentialAction\":[{\"@type\":\"SearchAction\",\"target\":{\"@type\":\"EntryPoint\",\"urlTemplate\":\"https:\\\/\\\/lequotidien.mr\\\/?s={search_term_string}\"},\"query-input\":{\"@type\":\"PropertyValueSpecification\",\"valueRequired\":true,\"valueName\":\"search_term_string\"}}],\"inLanguage\":\"ar\"},{\"@type\":\"Organization\",\"@id\":\"https:\\\/\\\/lequotidien.mr\\\/#organization\",\"name\":\"Le Quotidien de Nouakchott\",\"url\":\"https:\\\/\\\/lequotidien.mr\\\/\",\"logo\":{\"@type\":\"ImageObject\",\"inLanguage\":\"ar\",\"@id\":\"https:\\\/\\\/lequotidien.mr\\\/#\\\/schema\\\/logo\\\/image\\\/\",\"url\":\"https:\\\/\\\/lequotidien.mr\\\/wp-content\\\/uploads\\\/2022\\\/11\\\/logolequotidien.jpg\",\"contentUrl\":\"https:\\\/\\\/lequotidien.mr\\\/wp-content\\\/uploads\\\/2022\\\/11\\\/logolequotidien.jpg\",\"width\":290,\"height\":65,\"caption\":\"Le Quotidien de Nouakchott\"},\"image\":{\"@id\":\"https:\\\/\\\/lequotidien.mr\\\/#\\\/schema\\\/logo\\\/image\\\/\"},\"sameAs\":[\"https:\\\/\\\/web.facebook.com\\\/lequotidienmr\",\"https:\\\/\\\/x.com\\\/lequotidienmr\"]},{\"@type\":\"Person\",\"@id\":\"https:\\\/\\\/lequotidien.mr\\\/#\\\/schema\\\/person\\\/f90fcdaa970c60288de4ed2e64a56472\",\"name\":\"Le Quotidien\",\"image\":{\"@type\":\"ImageObject\",\"inLanguage\":\"ar\",\"@id\":\"https:\\\/\\\/secure.gravatar.com\\\/avatar\\\/374cb39a1a458a912465a93e5a3ce6546886fc3da809a1f10c63e4e8fcbca30f?s=96&d=mm&r=g\",\"url\":\"https:\\\/\\\/secure.gravatar.com\\\/avatar\\\/374cb39a1a458a912465a93e5a3ce6546886fc3da809a1f10c63e4e8fcbca30f?s=96&d=mm&r=g\",\"contentUrl\":\"https:\\\/\\\/secure.gravatar.com\\\/avatar\\\/374cb39a1a458a912465a93e5a3ce6546886fc3da809a1f10c63e4e8fcbca30f?s=96&d=mm&r=g\",\"caption\":\"Le Quotidien\"},\"sameAs\":[\"https:\\\/\\\/lequotidien.mr\\\/\"],\"url\":\"https:\\\/\\\/lequotidien.mr\\\/?author=4\"}]}<\/script>\n<!-- \/ Yoast SEO plugin. -->","yoast_head_json":{"title":"Tout notre soutien \u00e0 Ely Ould Bakar : quand prot\u00e9ger la mer devient un crime - Le Quotidien de Nouakchott","robots":{"index":"index","follow":"follow","max-snippet":"max-snippet:-1","max-image-preview":"max-image-preview:large","max-video-preview":"max-video-preview:-1"},"canonical":"https:\/\/lequotidien.mr\/?p=29739&lang=fr","og_locale":"ar_AR","og_type":"article","og_title":"Tout notre soutien \u00e0 Ely Ould Bakar : quand prot\u00e9ger la mer devient un crime - Le Quotidien de Nouakchott","og_description":"\u00a0Par Le Quotidien de Nouakchott Dans un pays qui borde l\u2019oc\u00e9an et qui tire l\u2019essentiel de sa richesse de ses ressources halieutiques, on aurait pu croire que d\u00e9fendre la mer serait un acte noble. Un acte encourag\u00e9, soutenu, honor\u00e9. Mais en Mauritanie, en 2025, il semble que ce soit devenu une faute. Pire : un.....","og_url":"https:\/\/lequotidien.mr\/?p=29739&lang=fr","og_site_name":"Le Quotidien de Nouakchott","article_publisher":"https:\/\/web.facebook.com\/lequotidienmr","article_published_time":"2025-08-01T13:36:57+00:00","og_image":[{"width":1920,"height":1920,"url":"https:\/\/lequotidien.mr\/wp-content\/uploads\/2025\/08\/479179438_122186610152099263_1101616474272932414_n.jpg","type":"image\/jpeg"}],"author":"Le Quotidien","twitter_card":"summary_large_image","twitter_creator":"@lequotidienmr","twitter_site":"@lequotidienmr","twitter_misc":{"\u0643\u064f\u062a\u0628 \u0628\u0648\u0627\u0633\u0637\u0629":"Le Quotidien","\u0648\u0642\u062a \u0627\u0644\u0642\u0631\u0627\u0621\u0629 \u0627\u0644\u0645\u064f\u0642\u062f\u0651\u0631":"4 \u062f\u0642\u0627\u0626\u0642"},"schema":{"@context":"https:\/\/schema.org","@graph":[{"@type":"Article","@id":"https:\/\/lequotidien.mr\/?p=29739&lang=fr#article","isPartOf":{"@id":"https:\/\/lequotidien.mr\/?p=29739&lang=fr"},"author":{"name":"Le Quotidien","@id":"https:\/\/lequotidien.mr\/#\/schema\/person\/f90fcdaa970c60288de4ed2e64a56472"},"headline":"Tout notre soutien \u00e0 Ely Ould Bakar : quand prot\u00e9ger la mer devient un crime","datePublished":"2025-08-01T13:36:57+00:00","mainEntityOfPage":{"@id":"https:\/\/lequotidien.mr\/?p=29739&lang=fr"},"wordCount":602,"commentCount":0,"publisher":{"@id":"https:\/\/lequotidien.mr\/#organization"},"image":{"@id":"https:\/\/lequotidien.mr\/?p=29739&lang=fr#primaryimage"},"thumbnailUrl":"https:\/\/lequotidien.mr\/wp-content\/uploads\/2025\/08\/479179438_122186610152099263_1101616474272932414_n.jpg","articleSection":["ACTUALIT\u00c9","Opinion","Couverture sp\u00e9cilale"],"inLanguage":"ar","potentialAction":[{"@type":"CommentAction","name":"Comment","target":["https:\/\/lequotidien.mr\/?p=29739&lang=fr#respond"]}]},{"@type":"WebPage","@id":"https:\/\/lequotidien.mr\/?p=29739&lang=fr","url":"https:\/\/lequotidien.mr\/?p=29739&lang=fr","name":"Tout notre soutien \u00e0 Ely Ould Bakar : quand prot\u00e9ger la mer devient un crime - Le Quotidien de Nouakchott","isPartOf":{"@id":"https:\/\/lequotidien.mr\/#website"},"primaryImageOfPage":{"@id":"https:\/\/lequotidien.mr\/?p=29739&lang=fr#primaryimage"},"image":{"@id":"https:\/\/lequotidien.mr\/?p=29739&lang=fr#primaryimage"},"thumbnailUrl":"https:\/\/lequotidien.mr\/wp-content\/uploads\/2025\/08\/479179438_122186610152099263_1101616474272932414_n.jpg","datePublished":"2025-08-01T13:36:57+00:00","breadcrumb":{"@id":"https:\/\/lequotidien.mr\/?p=29739&lang=fr#breadcrumb"},"inLanguage":"ar","potentialAction":[{"@type":"ReadAction","target":["https:\/\/lequotidien.mr\/?p=29739&lang=fr"]}]},{"@type":"ImageObject","inLanguage":"ar","@id":"https:\/\/lequotidien.mr\/?p=29739&lang=fr#primaryimage","url":"https:\/\/lequotidien.mr\/wp-content\/uploads\/2025\/08\/479179438_122186610152099263_1101616474272932414_n.jpg","contentUrl":"https:\/\/lequotidien.mr\/wp-content\/uploads\/2025\/08\/479179438_122186610152099263_1101616474272932414_n.jpg","width":1920,"height":1920},{"@type":"BreadcrumbList","@id":"https:\/\/lequotidien.mr\/?p=29739&lang=fr#breadcrumb","itemListElement":[{"@type":"ListItem","position":1,"name":"Home","item":"https:\/\/lequotidien.mr\/"},{"@type":"ListItem","position":2,"name":"Tout notre soutien \u00e0 Ely Ould Bakar : quand prot\u00e9ger la mer devient un crime"}]},{"@type":"WebSite","@id":"https:\/\/lequotidien.mr\/#website","url":"https:\/\/lequotidien.mr\/","name":"Le Quotidien de Nouakchott","description":"\u0625\u062e\u0628\u0627\u0631\u064a\u0629 \u0645\u0633\u062a\u0642\u0644\u0629 \u0644\u0644\u0623\u0646\u0628\u0627\u0621 \u0627\u0644\u0639\u0627\u0645\u0629","publisher":{"@id":"https:\/\/lequotidien.mr\/#organization"},"potentialAction":[{"@type":"SearchAction","target":{"@type":"EntryPoint","urlTemplate":"https:\/\/lequotidien.mr\/?s={search_term_string}"},"query-input":{"@type":"PropertyValueSpecification","valueRequired":true,"valueName":"search_term_string"}}],"inLanguage":"ar"},{"@type":"Organization","@id":"https:\/\/lequotidien.mr\/#organization","name":"Le Quotidien de Nouakchott","url":"https:\/\/lequotidien.mr\/","logo":{"@type":"ImageObject","inLanguage":"ar","@id":"https:\/\/lequotidien.mr\/#\/schema\/logo\/image\/","url":"https:\/\/lequotidien.mr\/wp-content\/uploads\/2022\/11\/logolequotidien.jpg","contentUrl":"https:\/\/lequotidien.mr\/wp-content\/uploads\/2022\/11\/logolequotidien.jpg","width":290,"height":65,"caption":"Le Quotidien de Nouakchott"},"image":{"@id":"https:\/\/lequotidien.mr\/#\/schema\/logo\/image\/"},"sameAs":["https:\/\/web.facebook.com\/lequotidienmr","https:\/\/x.com\/lequotidienmr"]},{"@type":"Person","@id":"https:\/\/lequotidien.mr\/#\/schema\/person\/f90fcdaa970c60288de4ed2e64a56472","name":"Le Quotidien","image":{"@type":"ImageObject","inLanguage":"ar","@id":"https:\/\/secure.gravatar.com\/avatar\/374cb39a1a458a912465a93e5a3ce6546886fc3da809a1f10c63e4e8fcbca30f?s=96&d=mm&r=g","url":"https:\/\/secure.gravatar.com\/avatar\/374cb39a1a458a912465a93e5a3ce6546886fc3da809a1f10c63e4e8fcbca30f?s=96&d=mm&r=g","contentUrl":"https:\/\/secure.gravatar.com\/avatar\/374cb39a1a458a912465a93e5a3ce6546886fc3da809a1f10c63e4e8fcbca30f?s=96&d=mm&r=g","caption":"Le Quotidien"},"sameAs":["https:\/\/lequotidien.mr\/"],"url":"https:\/\/lequotidien.mr\/?author=4"}]}},"_links":{"self":[{"href":"https:\/\/lequotidien.mr\/index.php?rest_route=\/wp\/v2\/posts\/29739","targetHints":{"allow":["GET"]}}],"collection":[{"href":"https:\/\/lequotidien.mr\/index.php?rest_route=\/wp\/v2\/posts"}],"about":[{"href":"https:\/\/lequotidien.mr\/index.php?rest_route=\/wp\/v2\/types\/post"}],"author":[{"embeddable":true,"href":"https:\/\/lequotidien.mr\/index.php?rest_route=\/wp\/v2\/users\/4"}],"replies":[{"embeddable":true,"href":"https:\/\/lequotidien.mr\/index.php?rest_route=%2Fwp%2Fv2%2Fcomments&post=29739"}],"version-history":[{"count":1,"href":"https:\/\/lequotidien.mr\/index.php?rest_route=\/wp\/v2\/posts\/29739\/revisions"}],"predecessor-version":[{"id":29741,"href":"https:\/\/lequotidien.mr\/index.php?rest_route=\/wp\/v2\/posts\/29739\/revisions\/29741"}],"wp:featuredmedia":[{"embeddable":true,"href":"https:\/\/lequotidien.mr\/index.php?rest_route=\/wp\/v2\/media\/29740"}],"wp:attachment":[{"href":"https:\/\/lequotidien.mr\/index.php?rest_route=%2Fwp%2Fv2%2Fmedia&parent=29739"}],"wp:term":[{"taxonomy":"category","embeddable":true,"href":"https:\/\/lequotidien.mr\/index.php?rest_route=%2Fwp%2Fv2%2Fcategories&post=29739"},{"taxonomy":"post_tag","embeddable":true,"href":"https:\/\/lequotidien.mr\/index.php?rest_route=%2Fwp%2Fv2%2Ftags&post=29739"}],"curies":[{"name":"wp","href":"https:\/\/api.w.org\/{rel}","templated":true}]}}