{"id":29731,"date":"2025-07-31T23:27:21","date_gmt":"2025-07-31T23:27:21","guid":{"rendered":"https:\/\/lequotidien.mr\/?p=29731"},"modified":"2025-07-31T23:27:21","modified_gmt":"2025-07-31T23:27:21","slug":"signature-dun-partenariat-public-prive-pour-un-complexe-sucrier-a-foum-gleita-446-millions-usd","status":"publish","type":"post","link":"https:\/\/lequotidien.mr\/?p=29731&lang=fr","title":{"rendered":"Signature d&#8217;un partenariat public-priv\u00e9 pour un complexe sucrier \u00e0 Foum Gleita (446 millions USD)"},"content":{"rendered":"<p>Un pas d\u00e9cisif vers l&#8217;autosuffisance en sucre et la transformation agro-industrielle a \u00e9t\u00e9 franchi ce jeudi. Le ministre de l\u2019\u00c9conomie et des Finances, M. Sid\u2019Ahmed Bouh, et son homologue de l\u2019Agriculture et de la Souverainet\u00e9 Alimentaire, M. Memma Beibatta, ont sign\u00e9 un contrat de partenariat public-priv\u00e9 (PPP) crucial pour la r\u00e9alisation du complexe agro-industriel de production de sucre dans la r\u00e9gion de Foum Gleita.<\/p>\n<p><strong>Un projet structurant pour la souverainet\u00e9 alimentaire<\/strong><\/p>\n<p>D&#8217;un investissement colossal de\u00a0<strong>446 millions de dollars<\/strong>, ce projet vise \u00e0\u00a0<strong>renforcer significativement la s\u00e9curit\u00e9 alimentaire<\/strong>\u00a0de la Mauritanie et \u00e0 atteindre son\u00a0<strong>autosuffisance en sucre<\/strong>. La production effective devrait d\u00e9marrer dans un d\u00e9lai de trois ans suivant la signature. Le contrat s&#8217;\u00e9tale sur une dur\u00e9e de\u00a0<strong>30 ans<\/strong>, b\u00e9n\u00e9ficiant d&#8217;un immense potentiel agricole avec\u00a0<strong>17 000 hectares<\/strong>\u00a0de terres disponibles et une capacit\u00e9 en eau du barrage de Foum Gleita atteignant\u00a0<strong>500 millions de m\u00e8tres cubes<\/strong>, extensible \u00e0\u00a0<strong>1,1 milliard de m\u00e8tres cubes<\/strong>.<\/p>\n<p>Lors de son allocution, le ministre de l\u2019\u00c9conomie et des Finances, M. Sid\u2019Ahmed Bouh, a soulign\u00e9 l&#8217;impact \u00e9conomique imm\u00e9diat du projet : <em>&#8220;Ce projet permettra d\u2019<strong>\u00e9conomiser des devises<\/strong>\u00a0qui \u00e9taient d\u00e9pens\u00e9es pour l\u2019acquisition du sucre, essentiel \u00e0 la consommation quotidienne de chaque citoyen&#8221;<\/em>. Il a ajout\u00e9 qu&#8217;il constituait un <em>&#8220;<strong>levier pour l\u2019agriculture et l\u2019industrialisation<\/strong>\u00a0dans le secteur agricole en g\u00e9n\u00e9ral&#8221;<\/em>.<\/p>\n<p><strong>Coop\u00e9ration internationale et expertise<\/strong><\/p>\n<p>M. Bouh a pr\u00e9cis\u00e9 que ce PPP serait pilot\u00e9 par une alliance d&#8217;entreprises, notamment le <strong>groupe soudanais Al-Badri<\/strong>, illustrant ainsi le\u00a0<strong>renforcement des relations entre la Mauritanie et le Soudan<\/strong>. Il a \u00e9galement mis en avant l&#8217;expertise br\u00e9silienne, garante de l&#8217;efficacit\u00e9 et de la qualit\u00e9 des travaux : <em>&#8220;L\u2019expertise accumul\u00e9e par le\u00a0<strong>Br\u00e9sil <\/strong>dans les projets de culture et de production de sucre constitue une garantie suppl\u00e9mentaire&#8221;<\/em>.<\/p>\n<p>Le ministre a annonc\u00e9 que le lancement effectif du projet \u00e9tait imminent et a insist\u00e9 sur ses retomb\u00e9es sociales : &#8220;Le projet cr\u00e9era de\u00a0nombreuses opportunit\u00e9s d\u2019emploi\u00a0en Mauritanie, et la\u00a0population locale aura plus de chances\u00a0que d\u2019autres de b\u00e9n\u00e9ficier directement&#8221;.<\/p>\n<p><strong>Objectif d&#8217;autosuffisance \u00e0 63%<\/strong><\/p>\n<p>M. Mohamed Taghioullah Cheikh Bouye, Directeur g\u00e9n\u00e9ral de la Soci\u00e9t\u00e9 Mauritanienne du Sucre et de ses D\u00e9riv\u00e9s, a quantifi\u00e9 l&#8217;impact attendu d\u00e8s la premi\u00e8re phase : &#8220;La signature de cet accord&#8230; permettra une <strong>autosuffisance en sucre de 63%<\/strong>de la consommation locale de sucre en Mauritanie&#8221;. Un bond significatif pour r\u00e9duire la d\u00e9pendance aux importations.<\/p>\n<p>La c\u00e9r\u00e9monie de signature, tenue au Minist\u00e8re de l\u2019\u00c9conomie et des Finances, s&#8217;est d\u00e9roul\u00e9e en pr\u00e9sence de M. Ashraf Ibrahim Ahmed Bakhit, Directeur g\u00e9n\u00e9ral du consortium b\u00e9n\u00e9ficiaire d\u00e9nomm\u00e9 &#8220;<strong>Soci\u00e9t\u00e9 Nationale du Sucre (SNS)<\/strong>&#8220;. \u00c9taient \u00e9galement pr\u00e9sents de nombreux hauts fonctionnaires des deux minist\u00e8res, ainsi que les\u00a0<strong>ambassadeurs du Soudan et du Br\u00e9sil<\/strong>\u00a0accr\u00e9dit\u00e9s en Mauritanie, soulignant la dimension strat\u00e9gique et partenariale internationale du projet.<\/p>\n<p>La signature de ce PPP marque le d\u00e9but concret d&#8217;un projet transformateur pour la r\u00e9gion de Foum Gleita et pour toute la Mauritanie. En combinant ressources naturelles, investissement massif, expertise internationale et volont\u00e9 politique, le complexe sucrier ambitionne de s\u00e9curiser l&#8217;approvisionnement national en sucre, de dynamiser l&#8217;agriculture irrigu\u00e9e, de cr\u00e9er des emplois locaux et de positionner le pays sur la voie d&#8217;une plus grande souverainet\u00e9 alimentaire et industrielle.<\/p>\n","protected":false},"excerpt":{"rendered":"<p>Un pas d\u00e9cisif vers l&#8217;autosuffisance en sucre et la transformation agro-industrielle a \u00e9t\u00e9 franchi ce jeudi. Le ministre de l\u2019\u00c9conomie et des Finances, M. Sid\u2019Ahmed Bouh, et son homologue de l\u2019Agriculture et de la Souverainet\u00e9 Alimentaire, M. Memma Beibatta, ont sign\u00e9 un contrat de partenariat public-priv\u00e9 (PPP) crucial pour la r\u00e9alisation du complexe agro-industriel de&#8230;..<\/p>\n","protected":false},"author":12,"featured_media":29732,"comment_status":"open","ping_status":"open","sticky":false,"template":"","format":"standard","meta":{"footnotes":""},"categories":[23,49],"tags":[],"class_list":["post-29731","post","type-post","status-publish","format-standard","has-post-thumbnail","hentry","category-actualite","category-economie"],"yoast_head":"<!-- This site is optimized with the Yoast SEO plugin v27.5 - https:\/\/yoast.com\/product\/yoast-seo-wordpress\/ -->\n<title>Signature d&#039;un partenariat public-priv\u00e9 pour un complexe sucrier \u00e0 Foum Gleita (446 millions USD) - Le Quotidien de Nouakchott<\/title>\n<meta name=\"robots\" content=\"index, follow, max-snippet:-1, max-image-preview:large, max-video-preview:-1\" \/>\n<link rel=\"canonical\" href=\"https:\/\/lequotidien.mr\/?p=29731&lang=fr\" \/>\n<meta property=\"og:locale\" content=\"ar_AR\" \/>\n<meta property=\"og:type\" content=\"article\" \/>\n<meta property=\"og:title\" content=\"Signature d&#039;un partenariat public-priv\u00e9 pour un complexe sucrier \u00e0 Foum Gleita (446 millions USD) - Le Quotidien de Nouakchott\" \/>\n<meta property=\"og:description\" content=\"Un pas d\u00e9cisif vers l&#8217;autosuffisance en sucre et la transformation agro-industrielle a \u00e9t\u00e9 franchi ce jeudi. Le ministre de l\u2019\u00c9conomie et des Finances, M. Sid\u2019Ahmed Bouh, et son homologue de l\u2019Agriculture et de la Souverainet\u00e9 Alimentaire, M. Memma Beibatta, ont sign\u00e9 un contrat de partenariat public-priv\u00e9 (PPP) crucial pour la r\u00e9alisation du complexe agro-industriel de.....\" \/>\n<meta property=\"og:url\" content=\"https:\/\/lequotidien.mr\/?p=29731&amp;lang=fr\" \/>\n<meta property=\"og:site_name\" content=\"Le Quotidien de Nouakchott\" \/>\n<meta property=\"article:publisher\" content=\"https:\/\/web.facebook.com\/lequotidienmr\" \/>\n<meta property=\"article:published_time\" content=\"2025-07-31T23:27:21+00:00\" \/>\n<meta property=\"og:image\" content=\"https:\/\/lequotidien.mr\/wp-content\/uploads\/2025\/07\/photo-sucre-Foum-Gleita.jpg\" \/>\n\t<meta property=\"og:image:width\" content=\"750\" \/>\n\t<meta property=\"og:image:height\" content=\"430\" \/>\n\t<meta property=\"og:image:type\" content=\"image\/jpeg\" \/>\n<meta name=\"author\" content=\"Med Ahmed\" \/>\n<meta name=\"twitter:card\" content=\"summary_large_image\" \/>\n<meta name=\"twitter:creator\" content=\"@lequotidienmr\" \/>\n<meta name=\"twitter:site\" content=\"@lequotidienmr\" \/>\n<meta name=\"twitter:label1\" content=\"\u0643\u064f\u062a\u0628 \u0628\u0648\u0627\u0633\u0637\u0629\" \/>\n\t<meta name=\"twitter:data1\" content=\"Med Ahmed\" \/>\n\t<meta name=\"twitter:label2\" content=\"\u0648\u0642\u062a \u0627\u0644\u0642\u0631\u0627\u0621\u0629 \u0627\u0644\u0645\u064f\u0642\u062f\u0651\u0631\" \/>\n\t<meta name=\"twitter:data2\" content=\"4 \u062f\u0642\u0627\u0626\u0642\" \/>\n<script type=\"application\/ld+json\" class=\"yoast-schema-graph\">{\"@context\":\"https:\\\/\\\/schema.org\",\"@graph\":[{\"@type\":\"Article\",\"@id\":\"https:\\\/\\\/lequotidien.mr\\\/?p=29731&lang=fr#article\",\"isPartOf\":{\"@id\":\"https:\\\/\\\/lequotidien.mr\\\/?p=29731&lang=fr\"},\"author\":{\"name\":\"Med Ahmed\",\"@id\":\"https:\\\/\\\/lequotidien.mr\\\/#\\\/schema\\\/person\\\/d2d350202a4d599685ed8abc25f97596\"},\"headline\":\"Signature d&#8217;un partenariat public-priv\u00e9 pour un complexe sucrier \u00e0 Foum Gleita (446 millions USD)\",\"datePublished\":\"2025-07-31T23:27:21+00:00\",\"mainEntityOfPage\":{\"@id\":\"https:\\\/\\\/lequotidien.mr\\\/?p=29731&lang=fr\"},\"wordCount\":604,\"commentCount\":0,\"publisher\":{\"@id\":\"https:\\\/\\\/lequotidien.mr\\\/#organization\"},\"image\":{\"@id\":\"https:\\\/\\\/lequotidien.mr\\\/?p=29731&lang=fr#primaryimage\"},\"thumbnailUrl\":\"https:\\\/\\\/lequotidien.mr\\\/wp-content\\\/uploads\\\/2025\\\/07\\\/photo-sucre-Foum-Gleita.jpg\",\"articleSection\":[\"ACTUALIT\u00c9\",\"Economie\"],\"inLanguage\":\"ar\",\"potentialAction\":[{\"@type\":\"CommentAction\",\"name\":\"Comment\",\"target\":[\"https:\\\/\\\/lequotidien.mr\\\/?p=29731&lang=fr#respond\"]}]},{\"@type\":\"WebPage\",\"@id\":\"https:\\\/\\\/lequotidien.mr\\\/?p=29731&lang=fr\",\"url\":\"https:\\\/\\\/lequotidien.mr\\\/?p=29731&lang=fr\",\"name\":\"Signature d'un partenariat public-priv\u00e9 pour un complexe sucrier \u00e0 Foum Gleita (446 millions USD) - Le Quotidien de Nouakchott\",\"isPartOf\":{\"@id\":\"https:\\\/\\\/lequotidien.mr\\\/#website\"},\"primaryImageOfPage\":{\"@id\":\"https:\\\/\\\/lequotidien.mr\\\/?p=29731&lang=fr#primaryimage\"},\"image\":{\"@id\":\"https:\\\/\\\/lequotidien.mr\\\/?p=29731&lang=fr#primaryimage\"},\"thumbnailUrl\":\"https:\\\/\\\/lequotidien.mr\\\/wp-content\\\/uploads\\\/2025\\\/07\\\/photo-sucre-Foum-Gleita.jpg\",\"datePublished\":\"2025-07-31T23:27:21+00:00\",\"breadcrumb\":{\"@id\":\"https:\\\/\\\/lequotidien.mr\\\/?p=29731&lang=fr#breadcrumb\"},\"inLanguage\":\"ar\",\"potentialAction\":[{\"@type\":\"ReadAction\",\"target\":[\"https:\\\/\\\/lequotidien.mr\\\/?p=29731&lang=fr\"]}]},{\"@type\":\"ImageObject\",\"inLanguage\":\"ar\",\"@id\":\"https:\\\/\\\/lequotidien.mr\\\/?p=29731&lang=fr#primaryimage\",\"url\":\"https:\\\/\\\/lequotidien.mr\\\/wp-content\\\/uploads\\\/2025\\\/07\\\/photo-sucre-Foum-Gleita.jpg\",\"contentUrl\":\"https:\\\/\\\/lequotidien.mr\\\/wp-content\\\/uploads\\\/2025\\\/07\\\/photo-sucre-Foum-Gleita.jpg\",\"width\":750,\"height\":430},{\"@type\":\"BreadcrumbList\",\"@id\":\"https:\\\/\\\/lequotidien.mr\\\/?p=29731&lang=fr#breadcrumb\",\"itemListElement\":[{\"@type\":\"ListItem\",\"position\":1,\"name\":\"Home\",\"item\":\"https:\\\/\\\/lequotidien.mr\\\/\"},{\"@type\":\"ListItem\",\"position\":2,\"name\":\"Signature d&rsquo;un partenariat public-priv\u00e9 pour un complexe sucrier \u00e0 Foum Gleita (446 millions USD)\"}]},{\"@type\":\"WebSite\",\"@id\":\"https:\\\/\\\/lequotidien.mr\\\/#website\",\"url\":\"https:\\\/\\\/lequotidien.mr\\\/\",\"name\":\"Le Quotidien de Nouakchott\",\"description\":\"\u0625\u062e\u0628\u0627\u0631\u064a\u0629 \u0645\u0633\u062a\u0642\u0644\u0629 \u0644\u0644\u0623\u0646\u0628\u0627\u0621 \u0627\u0644\u0639\u0627\u0645\u0629\",\"publisher\":{\"@id\":\"https:\\\/\\\/lequotidien.mr\\\/#organization\"},\"potentialAction\":[{\"@type\":\"SearchAction\",\"target\":{\"@type\":\"EntryPoint\",\"urlTemplate\":\"https:\\\/\\\/lequotidien.mr\\\/?s={search_term_string}\"},\"query-input\":{\"@type\":\"PropertyValueSpecification\",\"valueRequired\":true,\"valueName\":\"search_term_string\"}}],\"inLanguage\":\"ar\"},{\"@type\":\"Organization\",\"@id\":\"https:\\\/\\\/lequotidien.mr\\\/#organization\",\"name\":\"Le Quotidien de Nouakchott\",\"url\":\"https:\\\/\\\/lequotidien.mr\\\/\",\"logo\":{\"@type\":\"ImageObject\",\"inLanguage\":\"ar\",\"@id\":\"https:\\\/\\\/lequotidien.mr\\\/#\\\/schema\\\/logo\\\/image\\\/\",\"url\":\"https:\\\/\\\/lequotidien.mr\\\/wp-content\\\/uploads\\\/2022\\\/11\\\/logolequotidien.jpg\",\"contentUrl\":\"https:\\\/\\\/lequotidien.mr\\\/wp-content\\\/uploads\\\/2022\\\/11\\\/logolequotidien.jpg\",\"width\":290,\"height\":65,\"caption\":\"Le Quotidien de Nouakchott\"},\"image\":{\"@id\":\"https:\\\/\\\/lequotidien.mr\\\/#\\\/schema\\\/logo\\\/image\\\/\"},\"sameAs\":[\"https:\\\/\\\/web.facebook.com\\\/lequotidienmr\",\"https:\\\/\\\/x.com\\\/lequotidienmr\"]},{\"@type\":\"Person\",\"@id\":\"https:\\\/\\\/lequotidien.mr\\\/#\\\/schema\\\/person\\\/d2d350202a4d599685ed8abc25f97596\",\"name\":\"Med Ahmed\",\"image\":{\"@type\":\"ImageObject\",\"inLanguage\":\"ar\",\"@id\":\"https:\\\/\\\/secure.gravatar.com\\\/avatar\\\/fd2acc62ed50732923d1d39c17172c9b04149f142be92310ecc69e1358f94b52?s=96&d=mm&r=g\",\"url\":\"https:\\\/\\\/secure.gravatar.com\\\/avatar\\\/fd2acc62ed50732923d1d39c17172c9b04149f142be92310ecc69e1358f94b52?s=96&d=mm&r=g\",\"contentUrl\":\"https:\\\/\\\/secure.gravatar.com\\\/avatar\\\/fd2acc62ed50732923d1d39c17172c9b04149f142be92310ecc69e1358f94b52?s=96&d=mm&r=g\",\"caption\":\"Med Ahmed\"},\"url\":\"https:\\\/\\\/lequotidien.mr\\\/?author=12\"}]}<\/script>\n<!-- \/ Yoast SEO plugin. -->","yoast_head_json":{"title":"Signature d'un partenariat public-priv\u00e9 pour un complexe sucrier \u00e0 Foum Gleita (446 millions USD) - Le Quotidien de Nouakchott","robots":{"index":"index","follow":"follow","max-snippet":"max-snippet:-1","max-image-preview":"max-image-preview:large","max-video-preview":"max-video-preview:-1"},"canonical":"https:\/\/lequotidien.mr\/?p=29731&lang=fr","og_locale":"ar_AR","og_type":"article","og_title":"Signature d'un partenariat public-priv\u00e9 pour un complexe sucrier \u00e0 Foum Gleita (446 millions USD) - Le Quotidien de Nouakchott","og_description":"Un pas d\u00e9cisif vers l&#8217;autosuffisance en sucre et la transformation agro-industrielle a \u00e9t\u00e9 franchi ce jeudi. Le ministre de l\u2019\u00c9conomie et des Finances, M. Sid\u2019Ahmed Bouh, et son homologue de l\u2019Agriculture et de la Souverainet\u00e9 Alimentaire, M. Memma Beibatta, ont sign\u00e9 un contrat de partenariat public-priv\u00e9 (PPP) crucial pour la r\u00e9alisation du complexe agro-industriel de.....","og_url":"https:\/\/lequotidien.mr\/?p=29731&lang=fr","og_site_name":"Le Quotidien de Nouakchott","article_publisher":"https:\/\/web.facebook.com\/lequotidienmr","article_published_time":"2025-07-31T23:27:21+00:00","og_image":[{"width":750,"height":430,"url":"https:\/\/lequotidien.mr\/wp-content\/uploads\/2025\/07\/photo-sucre-Foum-Gleita.jpg","type":"image\/jpeg"}],"author":"Med Ahmed","twitter_card":"summary_large_image","twitter_creator":"@lequotidienmr","twitter_site":"@lequotidienmr","twitter_misc":{"\u0643\u064f\u062a\u0628 \u0628\u0648\u0627\u0633\u0637\u0629":"Med Ahmed","\u0648\u0642\u062a \u0627\u0644\u0642\u0631\u0627\u0621\u0629 \u0627\u0644\u0645\u064f\u0642\u062f\u0651\u0631":"4 \u062f\u0642\u0627\u0626\u0642"},"schema":{"@context":"https:\/\/schema.org","@graph":[{"@type":"Article","@id":"https:\/\/lequotidien.mr\/?p=29731&lang=fr#article","isPartOf":{"@id":"https:\/\/lequotidien.mr\/?p=29731&lang=fr"},"author":{"name":"Med Ahmed","@id":"https:\/\/lequotidien.mr\/#\/schema\/person\/d2d350202a4d599685ed8abc25f97596"},"headline":"Signature d&#8217;un partenariat public-priv\u00e9 pour un complexe sucrier \u00e0 Foum Gleita (446 millions USD)","datePublished":"2025-07-31T23:27:21+00:00","mainEntityOfPage":{"@id":"https:\/\/lequotidien.mr\/?p=29731&lang=fr"},"wordCount":604,"commentCount":0,"publisher":{"@id":"https:\/\/lequotidien.mr\/#organization"},"image":{"@id":"https:\/\/lequotidien.mr\/?p=29731&lang=fr#primaryimage"},"thumbnailUrl":"https:\/\/lequotidien.mr\/wp-content\/uploads\/2025\/07\/photo-sucre-Foum-Gleita.jpg","articleSection":["ACTUALIT\u00c9","Economie"],"inLanguage":"ar","potentialAction":[{"@type":"CommentAction","name":"Comment","target":["https:\/\/lequotidien.mr\/?p=29731&lang=fr#respond"]}]},{"@type":"WebPage","@id":"https:\/\/lequotidien.mr\/?p=29731&lang=fr","url":"https:\/\/lequotidien.mr\/?p=29731&lang=fr","name":"Signature d'un partenariat public-priv\u00e9 pour un complexe sucrier \u00e0 Foum Gleita (446 millions USD) - Le Quotidien de Nouakchott","isPartOf":{"@id":"https:\/\/lequotidien.mr\/#website"},"primaryImageOfPage":{"@id":"https:\/\/lequotidien.mr\/?p=29731&lang=fr#primaryimage"},"image":{"@id":"https:\/\/lequotidien.mr\/?p=29731&lang=fr#primaryimage"},"thumbnailUrl":"https:\/\/lequotidien.mr\/wp-content\/uploads\/2025\/07\/photo-sucre-Foum-Gleita.jpg","datePublished":"2025-07-31T23:27:21+00:00","breadcrumb":{"@id":"https:\/\/lequotidien.mr\/?p=29731&lang=fr#breadcrumb"},"inLanguage":"ar","potentialAction":[{"@type":"ReadAction","target":["https:\/\/lequotidien.mr\/?p=29731&lang=fr"]}]},{"@type":"ImageObject","inLanguage":"ar","@id":"https:\/\/lequotidien.mr\/?p=29731&lang=fr#primaryimage","url":"https:\/\/lequotidien.mr\/wp-content\/uploads\/2025\/07\/photo-sucre-Foum-Gleita.jpg","contentUrl":"https:\/\/lequotidien.mr\/wp-content\/uploads\/2025\/07\/photo-sucre-Foum-Gleita.jpg","width":750,"height":430},{"@type":"BreadcrumbList","@id":"https:\/\/lequotidien.mr\/?p=29731&lang=fr#breadcrumb","itemListElement":[{"@type":"ListItem","position":1,"name":"Home","item":"https:\/\/lequotidien.mr\/"},{"@type":"ListItem","position":2,"name":"Signature d&rsquo;un partenariat public-priv\u00e9 pour un complexe sucrier \u00e0 Foum Gleita (446 millions USD)"}]},{"@type":"WebSite","@id":"https:\/\/lequotidien.mr\/#website","url":"https:\/\/lequotidien.mr\/","name":"Le Quotidien de Nouakchott","description":"\u0625\u062e\u0628\u0627\u0631\u064a\u0629 \u0645\u0633\u062a\u0642\u0644\u0629 \u0644\u0644\u0623\u0646\u0628\u0627\u0621 \u0627\u0644\u0639\u0627\u0645\u0629","publisher":{"@id":"https:\/\/lequotidien.mr\/#organization"},"potentialAction":[{"@type":"SearchAction","target":{"@type":"EntryPoint","urlTemplate":"https:\/\/lequotidien.mr\/?s={search_term_string}"},"query-input":{"@type":"PropertyValueSpecification","valueRequired":true,"valueName":"search_term_string"}}],"inLanguage":"ar"},{"@type":"Organization","@id":"https:\/\/lequotidien.mr\/#organization","name":"Le Quotidien de Nouakchott","url":"https:\/\/lequotidien.mr\/","logo":{"@type":"ImageObject","inLanguage":"ar","@id":"https:\/\/lequotidien.mr\/#\/schema\/logo\/image\/","url":"https:\/\/lequotidien.mr\/wp-content\/uploads\/2022\/11\/logolequotidien.jpg","contentUrl":"https:\/\/lequotidien.mr\/wp-content\/uploads\/2022\/11\/logolequotidien.jpg","width":290,"height":65,"caption":"Le Quotidien de Nouakchott"},"image":{"@id":"https:\/\/lequotidien.mr\/#\/schema\/logo\/image\/"},"sameAs":["https:\/\/web.facebook.com\/lequotidienmr","https:\/\/x.com\/lequotidienmr"]},{"@type":"Person","@id":"https:\/\/lequotidien.mr\/#\/schema\/person\/d2d350202a4d599685ed8abc25f97596","name":"Med Ahmed","image":{"@type":"ImageObject","inLanguage":"ar","@id":"https:\/\/secure.gravatar.com\/avatar\/fd2acc62ed50732923d1d39c17172c9b04149f142be92310ecc69e1358f94b52?s=96&d=mm&r=g","url":"https:\/\/secure.gravatar.com\/avatar\/fd2acc62ed50732923d1d39c17172c9b04149f142be92310ecc69e1358f94b52?s=96&d=mm&r=g","contentUrl":"https:\/\/secure.gravatar.com\/avatar\/fd2acc62ed50732923d1d39c17172c9b04149f142be92310ecc69e1358f94b52?s=96&d=mm&r=g","caption":"Med Ahmed"},"url":"https:\/\/lequotidien.mr\/?author=12"}]}},"_links":{"self":[{"href":"https:\/\/lequotidien.mr\/index.php?rest_route=\/wp\/v2\/posts\/29731","targetHints":{"allow":["GET"]}}],"collection":[{"href":"https:\/\/lequotidien.mr\/index.php?rest_route=\/wp\/v2\/posts"}],"about":[{"href":"https:\/\/lequotidien.mr\/index.php?rest_route=\/wp\/v2\/types\/post"}],"author":[{"embeddable":true,"href":"https:\/\/lequotidien.mr\/index.php?rest_route=\/wp\/v2\/users\/12"}],"replies":[{"embeddable":true,"href":"https:\/\/lequotidien.mr\/index.php?rest_route=%2Fwp%2Fv2%2Fcomments&post=29731"}],"version-history":[{"count":1,"href":"https:\/\/lequotidien.mr\/index.php?rest_route=\/wp\/v2\/posts\/29731\/revisions"}],"predecessor-version":[{"id":29733,"href":"https:\/\/lequotidien.mr\/index.php?rest_route=\/wp\/v2\/posts\/29731\/revisions\/29733"}],"wp:featuredmedia":[{"embeddable":true,"href":"https:\/\/lequotidien.mr\/index.php?rest_route=\/wp\/v2\/media\/29732"}],"wp:attachment":[{"href":"https:\/\/lequotidien.mr\/index.php?rest_route=%2Fwp%2Fv2%2Fmedia&parent=29731"}],"wp:term":[{"taxonomy":"category","embeddable":true,"href":"https:\/\/lequotidien.mr\/index.php?rest_route=%2Fwp%2Fv2%2Fcategories&post=29731"},{"taxonomy":"post_tag","embeddable":true,"href":"https:\/\/lequotidien.mr\/index.php?rest_route=%2Fwp%2Fv2%2Ftags&post=29731"}],"curies":[{"name":"wp","href":"https:\/\/api.w.org\/{rel}","templated":true}]}}