{"id":29728,"date":"2025-07-31T22:59:32","date_gmt":"2025-07-31T22:59:32","guid":{"rendered":"https:\/\/lequotidien.mr\/?p=29728"},"modified":"2025-07-31T22:59:32","modified_gmt":"2025-07-31T22:59:32","slug":"mines-et-energie-creation-de-la-federation-mauritanienne-de-lenergie-et-de-lelectricite-femelec-pour-booster-le-secteur","status":"publish","type":"post","link":"https:\/\/lequotidien.mr\/?p=29728&lang=fr","title":{"rendered":"Mines et \u00e9nergie : Cr\u00e9ation de la F\u00e9d\u00e9ration Mauritanienne de l&#8217;\u00c9nergie et de l&#8217;\u00c9lectricit\u00e9 (FEMELEC) pour booster le secteur"},"content":{"rendered":"<p>Un pas majeur pour structurer et dynamiser le secteur \u00e9nerg\u00e9tique mauritanien a \u00e9t\u00e9 franchi ce jeudi \u00e0 Nouakchott. Sous la supervision du Ministre de l&#8217;\u00c9nergie et du P\u00e9trole, M. Mohamed Khaled, et en pr\u00e9sence du Pr\u00e9sident de l&#8217;Union Nationale du Patronat Mauritanien (UNPM), M. Mohamed Zein El Abidine Cheikh Ahmed, l&#8217;assembl\u00e9e g\u00e9n\u00e9rale constitutive a officiellement donn\u00e9 naissance \u00e0 la\u00a0<strong>F\u00e9d\u00e9ration Mauritanienne de l\u2019\u00c9nergie et de l\u2019\u00c9lectricit\u00e9 (FEMELEC)<\/strong>.<\/p>\n<p>Cette nouvelle structure, salu\u00e9e comme une initiative cruciale, vise \u00e0 unifier les efforts des acteurs priv\u00e9s du secteur \u00e9nerg\u00e9tique. Son objectif principal est d&#8217;accompagner la strat\u00e9gie nationale ambitieuse en mati\u00e8re d&#8217;\u00e9nergie et de stimuler le d\u00e9veloppement \u00e9conomique et social du pays. Elle se pr\u00e9sente comme une plateforme essentielle pour coordonner les actions et renforcer le partenariat public-priv\u00e9 en vue d&#8217;atteindre les grands objectifs de d\u00e9veloppement nationaux.<\/p>\n<p><strong>Un moment historique pour l&#8217;\u00e9nergie mauritanienne<\/strong><\/p>\n<p>Dans son discours inaugural, le Ministre Mohamed Khaled a qualifi\u00e9 l&#8217;\u00e9v\u00e9nement d&#8217;<em><strong>&#8220;historique&#8221;<\/strong><\/em>, affirmant que la FEMELEC constituera\u00a0<em><strong>&#8220;un pilier solide pour soutenir le secteur de l\u2019\u00e9nergie, consid\u00e9r\u00e9 comme un pilier strat\u00e9gique et vital pour le d\u00e9veloppement en Mauritanie&#8221;<\/strong><\/em>. Il a mis en avant les progr\u00e8s significatifs r\u00e9alis\u00e9s sous les hautes directives du Pr\u00e9sident de la R\u00e9publique, M. Mohamed Cheikh El Ghazouani, notamment :<\/p>\n<p>L&#8217;entr\u00e9e de la Mauritanie dans le cercle des pays exportateurs de gaz gr\u00e2ce au champ\u00a0<strong>Grand Tortue Ahmeyim (GTA)<\/strong>.<\/p>\n<p>Le lancement de nombreux projets d&#8217;\u00e9lectricit\u00e9 et l&#8217;extension des programmes d&#8217;urgence pour renforcer le r\u00e9seau \u00e0 Nouakchott et \u00e0 l&#8217;int\u00e9rieur du pays.<\/p>\n<p>L&#8217;adh\u00e9sion du pays \u00e0 de grandes initiatives internationales comme\u00a0<strong>&#8220;Desert to Power&#8221;<\/strong>\u00a0et\u00a0<strong>&#8220;M300&#8221;<\/strong>, t\u00e9moignant de la confiance internationale.<\/p>\n<p>La mobilisation r\u00e9ussie de financements massifs pour des projets strat\u00e9giques, tels que la ligne haute tension\u00a0<strong>Nouakchott-N\u00e9ma<\/strong>\u00a0et les centrales solaires associ\u00e9es.<\/p>\n<p>Le Ministre a conclu en exprimant son souhait que la FEMELEC joue un r\u00f4le central dans le\u00a0renforcement du contenu local\u00a0et la\u00a0qualification des ressources humaines nationales.<\/p>\n<p><strong>Le secteur priv\u00e9 mobilis\u00e9<\/strong><\/p>\n<p>Le Pr\u00e9sident de l&#8217;UNPM, M. Mohamed Zein El Abidine Cheikh Ahmed, a pour sa part salu\u00e9 les\u00a0<em><strong>&#8220;efforts consid\u00e9rables&#8221;<\/strong>\u00a0<\/em>du gouvernement pour renforcer les infrastructures et fournir une \u00e9lectricit\u00e9 abordable, ouvrant la voie \u00e0 la\u00a0<em><strong>&#8220;cr\u00e9ation d\u2019une base industrielle solide et \u00e0 la construction d\u2019une \u00e9conomie moderne, inclusive et comp\u00e9titive&#8221;<\/strong><\/em>. Il a r\u00e9affirm\u00e9 la conscience de l&#8217;UNPM quant \u00e0 l&#8217;importance strat\u00e9gique du secteur \u00e9nerg\u00e9tique, justifiant ainsi son soutien total \u00e0 la cr\u00e9ation de la FEMELEC. Il a exprim\u00e9 la volont\u00e9 du secteur priv\u00e9 de contribuer pleinement aux efforts pour promouvoir ce secteur et de travailler avec tous les partenaires vers l&#8217;objectif commun de faire de la Mauritanie un\u00a0<em><strong>&#8220;centre r\u00e9gional pour l\u2019\u00e9nergie propre et durable&#8221;<\/strong><\/em>.<\/p>\n<p>M. Lemrabott Tangi, pr\u00e9sident du comit\u00e9 pr\u00e9paratoire, a expliqu\u00e9 que la cr\u00e9ation de la FEMELEC r\u00e9pondait <strong>&#8220;aux d\u00e9fis et aux ambitions du secteur&#8221;<\/strong>, avec pour buts d&#8217;unifier les efforts, d&#8217;am\u00e9liorer l&#8217;efficacit\u00e9 des services \u00e9nerg\u00e9tiques et de promouvoir l&#8217;investissement dans les \u00e9nergies renouvelables, au service des objectifs de d\u00e9veloppement durable. Il a remerci\u00e9 l&#8217;UNPM pour son soutien et les membres du comit\u00e9 de supervision pour leur travail pr\u00e9paratoire.<\/p>\n<p><strong>Une feuille de route claire pour la FEMELEC<\/strong><\/p>\n<p>\u00c9lu premier pr\u00e9sident de la nouvelle f\u00e9d\u00e9ration, M. Hattar Kewwar a exprim\u00e9 sa gratitude pour la confiance accord\u00e9e et sa conscience de la lourde responsabilit\u00e9. Il a situ\u00e9 le travail de la FEMELEC dans le cadre de la politique d&#8217;acc\u00e9l\u00e9ration de l&#8217;\u00e9lectrification de la Mauritanie, align\u00e9e sur la<em>\u00a0<strong>&#8220;strat\u00e9gie globale du r\u00e9seau d\u2019ici 2030&#8221;<\/strong><\/em>, les\u00a0<strong>Objectifs de D\u00e9veloppement Durable (ODD)<\/strong>\u00a0et la\u00a0<strong>Strat\u00e9gie de Croissance Acc\u00e9l\u00e9r\u00e9e et de Prosp\u00e9rit\u00e9 Partag\u00e9e (SCAPP)<\/strong>, soutenue par des partenaires comme la Banque Mondiale et la Banque Africaine de D\u00e9veloppement.<\/p>\n<p>M. Kewwar a d\u00e9taill\u00e9 les principaux objectifs de la FEMELEC :<\/p>\n<p><strong>-Contribuer aux objectifs strat\u00e9giques gouvernementaux :<\/strong>\u00a0Acc\u00e8s universel \u00e0 l&#8217;\u00e9lectricit\u00e9 d&#8217;ici 2030, porter la part des \u00e9nergies renouvelables \u00e0 70%, et atteindre 50% de participation priv\u00e9e dans les investissements de production\u00a0;<\/p>\n<p><strong>-Soutenir l&#8217;ambition r\u00e9gionale :<\/strong>\u00a0Faire de la Mauritanie un centre \u00e9nerg\u00e9tique r\u00e9gional, capitalisant sur le gaz liqu\u00e9fi\u00e9 et l&#8217;hydrog\u00e8ne vert\u00a0;<\/p>\n<p><strong>-Structurer le secteur priv\u00e9 national :<\/strong>\u00a0Organiser et d\u00e9velopper les entreprises pour renforcer le partenariat public-priv\u00e9\u00a0;<\/p>\n<p><strong>-D\u00e9fendre les int\u00e9r\u00eats des entreprises nationales :<\/strong>\u00a0Dans le cadre des exigences de contenu local\u00a0;<\/p>\n<p><strong>-Renforcer les comp\u00e9tences nationales :<\/strong>\u00a0Et assurer une participation active aux r\u00e9formes sectorielles.<\/p>\n<p>Le nouveau pr\u00e9sident a lanc\u00e9 un appel \u00e0 tous les acteurs pour\u00a0<em><strong>&#8220;travailler main dans la main&#8221;<\/strong><\/em>\u00a0et \u00e9crire une nouvelle page de\u00a0partenariat et d&#8217;int\u00e9gration efficaces, au service de la vision de d\u00e9veloppement de la Mauritanie. La cr\u00e9ation de la FEMELEC marque ainsi une \u00e9tape structurante pour mobiliser toute la fili\u00e8re \u00e9nerg\u00e9tique nationale vers des objectifs ambitieux de d\u00e9veloppement et de leadership r\u00e9gional.<\/p>\n<p>&nbsp;<\/p>\n","protected":false},"excerpt":{"rendered":"<p>Un pas majeur pour structurer et dynamiser le secteur \u00e9nerg\u00e9tique mauritanien a \u00e9t\u00e9 franchi ce jeudi \u00e0 Nouakchott. Sous la supervision du Ministre de l&#8217;\u00c9nergie et du P\u00e9trole, M. Mohamed Khaled, et en pr\u00e9sence du Pr\u00e9sident de l&#8217;Union Nationale du Patronat Mauritanien (UNPM), M. Mohamed Zein El Abidine Cheikh Ahmed, l&#8217;assembl\u00e9e g\u00e9n\u00e9rale constitutive a officiellement&#8230;..<\/p>\n","protected":false},"author":12,"featured_media":29729,"comment_status":"open","ping_status":"open","sticky":false,"template":"","format":"standard","meta":{"footnotes":""},"categories":[23,49],"tags":[],"class_list":["post-29728","post","type-post","status-publish","format-standard","has-post-thumbnail","hentry","category-actualite","category-economie"],"yoast_head":"<!-- This site is optimized with the Yoast SEO plugin v27.5 - https:\/\/yoast.com\/product\/yoast-seo-wordpress\/ -->\n<title>Mines et \u00e9nergie : Cr\u00e9ation de la F\u00e9d\u00e9ration Mauritanienne de l&#039;\u00c9nergie et de l&#039;\u00c9lectricit\u00e9 (FEMELEC) pour booster le secteur - Le Quotidien de Nouakchott<\/title>\n<meta name=\"robots\" content=\"index, follow, max-snippet:-1, max-image-preview:large, max-video-preview:-1\" \/>\n<link rel=\"canonical\" href=\"https:\/\/lequotidien.mr\/?p=29728&lang=fr\" \/>\n<meta property=\"og:locale\" content=\"ar_AR\" \/>\n<meta property=\"og:type\" content=\"article\" \/>\n<meta property=\"og:title\" content=\"Mines et \u00e9nergie : Cr\u00e9ation de la F\u00e9d\u00e9ration Mauritanienne de l&#039;\u00c9nergie et de l&#039;\u00c9lectricit\u00e9 (FEMELEC) pour booster le secteur - Le Quotidien de Nouakchott\" \/>\n<meta property=\"og:description\" content=\"Un pas majeur pour structurer et dynamiser le secteur \u00e9nerg\u00e9tique mauritanien a \u00e9t\u00e9 franchi ce jeudi \u00e0 Nouakchott. Sous la supervision du Ministre de l&#8217;\u00c9nergie et du P\u00e9trole, M. Mohamed Khaled, et en pr\u00e9sence du Pr\u00e9sident de l&#8217;Union Nationale du Patronat Mauritanien (UNPM), M. Mohamed Zein El Abidine Cheikh Ahmed, l&#8217;assembl\u00e9e g\u00e9n\u00e9rale constitutive a officiellement.....\" \/>\n<meta property=\"og:url\" content=\"https:\/\/lequotidien.mr\/?p=29728&amp;lang=fr\" \/>\n<meta property=\"og:site_name\" content=\"Le Quotidien de Nouakchott\" \/>\n<meta property=\"article:publisher\" content=\"https:\/\/web.facebook.com\/lequotidienmr\" \/>\n<meta property=\"article:published_time\" content=\"2025-07-31T22:59:32+00:00\" \/>\n<meta property=\"og:image\" content=\"https:\/\/lequotidien.mr\/wp-content\/uploads\/2025\/07\/photo-Federation-FMEE.jpg\" \/>\n\t<meta property=\"og:image:width\" content=\"750\" \/>\n\t<meta property=\"og:image:height\" content=\"430\" \/>\n\t<meta property=\"og:image:type\" content=\"image\/jpeg\" \/>\n<meta name=\"author\" content=\"Med Ahmed\" \/>\n<meta name=\"twitter:card\" content=\"summary_large_image\" \/>\n<meta name=\"twitter:creator\" content=\"@lequotidienmr\" \/>\n<meta name=\"twitter:site\" content=\"@lequotidienmr\" \/>\n<meta name=\"twitter:label1\" content=\"\u0643\u064f\u062a\u0628 \u0628\u0648\u0627\u0633\u0637\u0629\" \/>\n\t<meta name=\"twitter:data1\" content=\"Med Ahmed\" \/>\n\t<meta name=\"twitter:label2\" content=\"\u0648\u0642\u062a \u0627\u0644\u0642\u0631\u0627\u0621\u0629 \u0627\u0644\u0645\u064f\u0642\u062f\u0651\u0631\" \/>\n\t<meta name=\"twitter:data2\" content=\"6 \u062f\u0642\u0627\u0626\u0642\" \/>\n<script type=\"application\/ld+json\" class=\"yoast-schema-graph\">{\"@context\":\"https:\\\/\\\/schema.org\",\"@graph\":[{\"@type\":\"Article\",\"@id\":\"https:\\\/\\\/lequotidien.mr\\\/?p=29728&lang=fr#article\",\"isPartOf\":{\"@id\":\"https:\\\/\\\/lequotidien.mr\\\/?p=29728&lang=fr\"},\"author\":{\"name\":\"Med Ahmed\",\"@id\":\"https:\\\/\\\/lequotidien.mr\\\/#\\\/schema\\\/person\\\/d2d350202a4d599685ed8abc25f97596\"},\"headline\":\"Mines et \u00e9nergie : Cr\u00e9ation de la F\u00e9d\u00e9ration Mauritanienne de l&#8217;\u00c9nergie et de l&#8217;\u00c9lectricit\u00e9 (FEMELEC) pour booster le secteur\",\"datePublished\":\"2025-07-31T22:59:32+00:00\",\"mainEntityOfPage\":{\"@id\":\"https:\\\/\\\/lequotidien.mr\\\/?p=29728&lang=fr\"},\"wordCount\":894,\"commentCount\":0,\"publisher\":{\"@id\":\"https:\\\/\\\/lequotidien.mr\\\/#organization\"},\"image\":{\"@id\":\"https:\\\/\\\/lequotidien.mr\\\/?p=29728&lang=fr#primaryimage\"},\"thumbnailUrl\":\"https:\\\/\\\/lequotidien.mr\\\/wp-content\\\/uploads\\\/2025\\\/07\\\/photo-Federation-FMEE.jpg\",\"articleSection\":[\"ACTUALIT\u00c9\",\"Economie\"],\"inLanguage\":\"ar\",\"potentialAction\":[{\"@type\":\"CommentAction\",\"name\":\"Comment\",\"target\":[\"https:\\\/\\\/lequotidien.mr\\\/?p=29728&lang=fr#respond\"]}]},{\"@type\":\"WebPage\",\"@id\":\"https:\\\/\\\/lequotidien.mr\\\/?p=29728&lang=fr\",\"url\":\"https:\\\/\\\/lequotidien.mr\\\/?p=29728&lang=fr\",\"name\":\"Mines et \u00e9nergie : Cr\u00e9ation de la F\u00e9d\u00e9ration Mauritanienne de l'\u00c9nergie et de l'\u00c9lectricit\u00e9 (FEMELEC) pour booster le secteur - Le Quotidien de Nouakchott\",\"isPartOf\":{\"@id\":\"https:\\\/\\\/lequotidien.mr\\\/#website\"},\"primaryImageOfPage\":{\"@id\":\"https:\\\/\\\/lequotidien.mr\\\/?p=29728&lang=fr#primaryimage\"},\"image\":{\"@id\":\"https:\\\/\\\/lequotidien.mr\\\/?p=29728&lang=fr#primaryimage\"},\"thumbnailUrl\":\"https:\\\/\\\/lequotidien.mr\\\/wp-content\\\/uploads\\\/2025\\\/07\\\/photo-Federation-FMEE.jpg\",\"datePublished\":\"2025-07-31T22:59:32+00:00\",\"breadcrumb\":{\"@id\":\"https:\\\/\\\/lequotidien.mr\\\/?p=29728&lang=fr#breadcrumb\"},\"inLanguage\":\"ar\",\"potentialAction\":[{\"@type\":\"ReadAction\",\"target\":[\"https:\\\/\\\/lequotidien.mr\\\/?p=29728&lang=fr\"]}]},{\"@type\":\"ImageObject\",\"inLanguage\":\"ar\",\"@id\":\"https:\\\/\\\/lequotidien.mr\\\/?p=29728&lang=fr#primaryimage\",\"url\":\"https:\\\/\\\/lequotidien.mr\\\/wp-content\\\/uploads\\\/2025\\\/07\\\/photo-Federation-FMEE.jpg\",\"contentUrl\":\"https:\\\/\\\/lequotidien.mr\\\/wp-content\\\/uploads\\\/2025\\\/07\\\/photo-Federation-FMEE.jpg\",\"width\":750,\"height\":430},{\"@type\":\"BreadcrumbList\",\"@id\":\"https:\\\/\\\/lequotidien.mr\\\/?p=29728&lang=fr#breadcrumb\",\"itemListElement\":[{\"@type\":\"ListItem\",\"position\":1,\"name\":\"Home\",\"item\":\"https:\\\/\\\/lequotidien.mr\\\/\"},{\"@type\":\"ListItem\",\"position\":2,\"name\":\"Mines et \u00e9nergie : Cr\u00e9ation de la F\u00e9d\u00e9ration Mauritanienne de l&rsquo;\u00c9nergie et de l&rsquo;\u00c9lectricit\u00e9 (FEMELEC) pour booster le secteur\"}]},{\"@type\":\"WebSite\",\"@id\":\"https:\\\/\\\/lequotidien.mr\\\/#website\",\"url\":\"https:\\\/\\\/lequotidien.mr\\\/\",\"name\":\"Le Quotidien de Nouakchott\",\"description\":\"\u0625\u062e\u0628\u0627\u0631\u064a\u0629 \u0645\u0633\u062a\u0642\u0644\u0629 \u0644\u0644\u0623\u0646\u0628\u0627\u0621 \u0627\u0644\u0639\u0627\u0645\u0629\",\"publisher\":{\"@id\":\"https:\\\/\\\/lequotidien.mr\\\/#organization\"},\"potentialAction\":[{\"@type\":\"SearchAction\",\"target\":{\"@type\":\"EntryPoint\",\"urlTemplate\":\"https:\\\/\\\/lequotidien.mr\\\/?s={search_term_string}\"},\"query-input\":{\"@type\":\"PropertyValueSpecification\",\"valueRequired\":true,\"valueName\":\"search_term_string\"}}],\"inLanguage\":\"ar\"},{\"@type\":\"Organization\",\"@id\":\"https:\\\/\\\/lequotidien.mr\\\/#organization\",\"name\":\"Le Quotidien de Nouakchott\",\"url\":\"https:\\\/\\\/lequotidien.mr\\\/\",\"logo\":{\"@type\":\"ImageObject\",\"inLanguage\":\"ar\",\"@id\":\"https:\\\/\\\/lequotidien.mr\\\/#\\\/schema\\\/logo\\\/image\\\/\",\"url\":\"https:\\\/\\\/lequotidien.mr\\\/wp-content\\\/uploads\\\/2022\\\/11\\\/logolequotidien.jpg\",\"contentUrl\":\"https:\\\/\\\/lequotidien.mr\\\/wp-content\\\/uploads\\\/2022\\\/11\\\/logolequotidien.jpg\",\"width\":290,\"height\":65,\"caption\":\"Le Quotidien de Nouakchott\"},\"image\":{\"@id\":\"https:\\\/\\\/lequotidien.mr\\\/#\\\/schema\\\/logo\\\/image\\\/\"},\"sameAs\":[\"https:\\\/\\\/web.facebook.com\\\/lequotidienmr\",\"https:\\\/\\\/x.com\\\/lequotidienmr\"]},{\"@type\":\"Person\",\"@id\":\"https:\\\/\\\/lequotidien.mr\\\/#\\\/schema\\\/person\\\/d2d350202a4d599685ed8abc25f97596\",\"name\":\"Med Ahmed\",\"image\":{\"@type\":\"ImageObject\",\"inLanguage\":\"ar\",\"@id\":\"https:\\\/\\\/secure.gravatar.com\\\/avatar\\\/fd2acc62ed50732923d1d39c17172c9b04149f142be92310ecc69e1358f94b52?s=96&d=mm&r=g\",\"url\":\"https:\\\/\\\/secure.gravatar.com\\\/avatar\\\/fd2acc62ed50732923d1d39c17172c9b04149f142be92310ecc69e1358f94b52?s=96&d=mm&r=g\",\"contentUrl\":\"https:\\\/\\\/secure.gravatar.com\\\/avatar\\\/fd2acc62ed50732923d1d39c17172c9b04149f142be92310ecc69e1358f94b52?s=96&d=mm&r=g\",\"caption\":\"Med Ahmed\"},\"url\":\"https:\\\/\\\/lequotidien.mr\\\/?author=12\"}]}<\/script>\n<!-- \/ Yoast SEO plugin. -->","yoast_head_json":{"title":"Mines et \u00e9nergie : Cr\u00e9ation de la F\u00e9d\u00e9ration Mauritanienne de l'\u00c9nergie et de l'\u00c9lectricit\u00e9 (FEMELEC) pour booster le secteur - Le Quotidien de Nouakchott","robots":{"index":"index","follow":"follow","max-snippet":"max-snippet:-1","max-image-preview":"max-image-preview:large","max-video-preview":"max-video-preview:-1"},"canonical":"https:\/\/lequotidien.mr\/?p=29728&lang=fr","og_locale":"ar_AR","og_type":"article","og_title":"Mines et \u00e9nergie : Cr\u00e9ation de la F\u00e9d\u00e9ration Mauritanienne de l'\u00c9nergie et de l'\u00c9lectricit\u00e9 (FEMELEC) pour booster le secteur - Le Quotidien de Nouakchott","og_description":"Un pas majeur pour structurer et dynamiser le secteur \u00e9nerg\u00e9tique mauritanien a \u00e9t\u00e9 franchi ce jeudi \u00e0 Nouakchott. Sous la supervision du Ministre de l&#8217;\u00c9nergie et du P\u00e9trole, M. Mohamed Khaled, et en pr\u00e9sence du Pr\u00e9sident de l&#8217;Union Nationale du Patronat Mauritanien (UNPM), M. Mohamed Zein El Abidine Cheikh Ahmed, l&#8217;assembl\u00e9e g\u00e9n\u00e9rale constitutive a officiellement.....","og_url":"https:\/\/lequotidien.mr\/?p=29728&lang=fr","og_site_name":"Le Quotidien de Nouakchott","article_publisher":"https:\/\/web.facebook.com\/lequotidienmr","article_published_time":"2025-07-31T22:59:32+00:00","og_image":[{"width":750,"height":430,"url":"https:\/\/lequotidien.mr\/wp-content\/uploads\/2025\/07\/photo-Federation-FMEE.jpg","type":"image\/jpeg"}],"author":"Med Ahmed","twitter_card":"summary_large_image","twitter_creator":"@lequotidienmr","twitter_site":"@lequotidienmr","twitter_misc":{"\u0643\u064f\u062a\u0628 \u0628\u0648\u0627\u0633\u0637\u0629":"Med Ahmed","\u0648\u0642\u062a \u0627\u0644\u0642\u0631\u0627\u0621\u0629 \u0627\u0644\u0645\u064f\u0642\u062f\u0651\u0631":"6 \u062f\u0642\u0627\u0626\u0642"},"schema":{"@context":"https:\/\/schema.org","@graph":[{"@type":"Article","@id":"https:\/\/lequotidien.mr\/?p=29728&lang=fr#article","isPartOf":{"@id":"https:\/\/lequotidien.mr\/?p=29728&lang=fr"},"author":{"name":"Med Ahmed","@id":"https:\/\/lequotidien.mr\/#\/schema\/person\/d2d350202a4d599685ed8abc25f97596"},"headline":"Mines et \u00e9nergie : Cr\u00e9ation de la F\u00e9d\u00e9ration Mauritanienne de l&#8217;\u00c9nergie et de l&#8217;\u00c9lectricit\u00e9 (FEMELEC) pour booster le secteur","datePublished":"2025-07-31T22:59:32+00:00","mainEntityOfPage":{"@id":"https:\/\/lequotidien.mr\/?p=29728&lang=fr"},"wordCount":894,"commentCount":0,"publisher":{"@id":"https:\/\/lequotidien.mr\/#organization"},"image":{"@id":"https:\/\/lequotidien.mr\/?p=29728&lang=fr#primaryimage"},"thumbnailUrl":"https:\/\/lequotidien.mr\/wp-content\/uploads\/2025\/07\/photo-Federation-FMEE.jpg","articleSection":["ACTUALIT\u00c9","Economie"],"inLanguage":"ar","potentialAction":[{"@type":"CommentAction","name":"Comment","target":["https:\/\/lequotidien.mr\/?p=29728&lang=fr#respond"]}]},{"@type":"WebPage","@id":"https:\/\/lequotidien.mr\/?p=29728&lang=fr","url":"https:\/\/lequotidien.mr\/?p=29728&lang=fr","name":"Mines et \u00e9nergie : Cr\u00e9ation de la F\u00e9d\u00e9ration Mauritanienne de l'\u00c9nergie et de l'\u00c9lectricit\u00e9 (FEMELEC) pour booster le secteur - Le Quotidien de Nouakchott","isPartOf":{"@id":"https:\/\/lequotidien.mr\/#website"},"primaryImageOfPage":{"@id":"https:\/\/lequotidien.mr\/?p=29728&lang=fr#primaryimage"},"image":{"@id":"https:\/\/lequotidien.mr\/?p=29728&lang=fr#primaryimage"},"thumbnailUrl":"https:\/\/lequotidien.mr\/wp-content\/uploads\/2025\/07\/photo-Federation-FMEE.jpg","datePublished":"2025-07-31T22:59:32+00:00","breadcrumb":{"@id":"https:\/\/lequotidien.mr\/?p=29728&lang=fr#breadcrumb"},"inLanguage":"ar","potentialAction":[{"@type":"ReadAction","target":["https:\/\/lequotidien.mr\/?p=29728&lang=fr"]}]},{"@type":"ImageObject","inLanguage":"ar","@id":"https:\/\/lequotidien.mr\/?p=29728&lang=fr#primaryimage","url":"https:\/\/lequotidien.mr\/wp-content\/uploads\/2025\/07\/photo-Federation-FMEE.jpg","contentUrl":"https:\/\/lequotidien.mr\/wp-content\/uploads\/2025\/07\/photo-Federation-FMEE.jpg","width":750,"height":430},{"@type":"BreadcrumbList","@id":"https:\/\/lequotidien.mr\/?p=29728&lang=fr#breadcrumb","itemListElement":[{"@type":"ListItem","position":1,"name":"Home","item":"https:\/\/lequotidien.mr\/"},{"@type":"ListItem","position":2,"name":"Mines et \u00e9nergie : Cr\u00e9ation de la F\u00e9d\u00e9ration Mauritanienne de l&rsquo;\u00c9nergie et de l&rsquo;\u00c9lectricit\u00e9 (FEMELEC) pour booster le secteur"}]},{"@type":"WebSite","@id":"https:\/\/lequotidien.mr\/#website","url":"https:\/\/lequotidien.mr\/","name":"Le Quotidien de Nouakchott","description":"\u0625\u062e\u0628\u0627\u0631\u064a\u0629 \u0645\u0633\u062a\u0642\u0644\u0629 \u0644\u0644\u0623\u0646\u0628\u0627\u0621 \u0627\u0644\u0639\u0627\u0645\u0629","publisher":{"@id":"https:\/\/lequotidien.mr\/#organization"},"potentialAction":[{"@type":"SearchAction","target":{"@type":"EntryPoint","urlTemplate":"https:\/\/lequotidien.mr\/?s={search_term_string}"},"query-input":{"@type":"PropertyValueSpecification","valueRequired":true,"valueName":"search_term_string"}}],"inLanguage":"ar"},{"@type":"Organization","@id":"https:\/\/lequotidien.mr\/#organization","name":"Le Quotidien de Nouakchott","url":"https:\/\/lequotidien.mr\/","logo":{"@type":"ImageObject","inLanguage":"ar","@id":"https:\/\/lequotidien.mr\/#\/schema\/logo\/image\/","url":"https:\/\/lequotidien.mr\/wp-content\/uploads\/2022\/11\/logolequotidien.jpg","contentUrl":"https:\/\/lequotidien.mr\/wp-content\/uploads\/2022\/11\/logolequotidien.jpg","width":290,"height":65,"caption":"Le Quotidien de Nouakchott"},"image":{"@id":"https:\/\/lequotidien.mr\/#\/schema\/logo\/image\/"},"sameAs":["https:\/\/web.facebook.com\/lequotidienmr","https:\/\/x.com\/lequotidienmr"]},{"@type":"Person","@id":"https:\/\/lequotidien.mr\/#\/schema\/person\/d2d350202a4d599685ed8abc25f97596","name":"Med Ahmed","image":{"@type":"ImageObject","inLanguage":"ar","@id":"https:\/\/secure.gravatar.com\/avatar\/fd2acc62ed50732923d1d39c17172c9b04149f142be92310ecc69e1358f94b52?s=96&d=mm&r=g","url":"https:\/\/secure.gravatar.com\/avatar\/fd2acc62ed50732923d1d39c17172c9b04149f142be92310ecc69e1358f94b52?s=96&d=mm&r=g","contentUrl":"https:\/\/secure.gravatar.com\/avatar\/fd2acc62ed50732923d1d39c17172c9b04149f142be92310ecc69e1358f94b52?s=96&d=mm&r=g","caption":"Med Ahmed"},"url":"https:\/\/lequotidien.mr\/?author=12"}]}},"_links":{"self":[{"href":"https:\/\/lequotidien.mr\/index.php?rest_route=\/wp\/v2\/posts\/29728","targetHints":{"allow":["GET"]}}],"collection":[{"href":"https:\/\/lequotidien.mr\/index.php?rest_route=\/wp\/v2\/posts"}],"about":[{"href":"https:\/\/lequotidien.mr\/index.php?rest_route=\/wp\/v2\/types\/post"}],"author":[{"embeddable":true,"href":"https:\/\/lequotidien.mr\/index.php?rest_route=\/wp\/v2\/users\/12"}],"replies":[{"embeddable":true,"href":"https:\/\/lequotidien.mr\/index.php?rest_route=%2Fwp%2Fv2%2Fcomments&post=29728"}],"version-history":[{"count":1,"href":"https:\/\/lequotidien.mr\/index.php?rest_route=\/wp\/v2\/posts\/29728\/revisions"}],"predecessor-version":[{"id":29730,"href":"https:\/\/lequotidien.mr\/index.php?rest_route=\/wp\/v2\/posts\/29728\/revisions\/29730"}],"wp:featuredmedia":[{"embeddable":true,"href":"https:\/\/lequotidien.mr\/index.php?rest_route=\/wp\/v2\/media\/29729"}],"wp:attachment":[{"href":"https:\/\/lequotidien.mr\/index.php?rest_route=%2Fwp%2Fv2%2Fmedia&parent=29728"}],"wp:term":[{"taxonomy":"category","embeddable":true,"href":"https:\/\/lequotidien.mr\/index.php?rest_route=%2Fwp%2Fv2%2Fcategories&post=29728"},{"taxonomy":"post_tag","embeddable":true,"href":"https:\/\/lequotidien.mr\/index.php?rest_route=%2Fwp%2Fv2%2Ftags&post=29728"}],"curies":[{"name":"wp","href":"https:\/\/api.w.org\/{rel}","templated":true}]}}