{"id":29702,"date":"2025-07-30T23:30:18","date_gmt":"2025-07-30T23:30:18","guid":{"rendered":"https:\/\/lequotidien.mr\/?p=29702"},"modified":"2025-07-30T23:30:18","modified_gmt":"2025-07-30T23:30:18","slug":"formation-professionnelle-un-atelier-strategique-a-boghe-pour-la-revision-de-la-mise-en-oeuvre-du-plan-daction-et-detablissement-du-systeme-qualite-dans-la-formation-professionnelle","status":"publish","type":"post","link":"https:\/\/lequotidien.mr\/?p=29702&lang=fr","title":{"rendered":"Formation professionnelle: Un atelier strat\u00e9gique \u00e0 Bogh\u00e9 pour la r\u00e9vision de la mise en \u0153uvre du plan d\u2019action et d\u2019\u00e9tablissement du syst\u00e8me qualit\u00e9 dans la formation professionnelle"},"content":{"rendered":"<p>Sous la supervision du ministre de la Formation Professionnelle, de l\u2019Artisanat et des M\u00e9tiers,\u00a0<strong>M. Mohamed Maaelainine Eyih<\/strong>, et en pr\u00e9sence du wali de Brakna,\u00a0<strong>M. Mohamed Saleck<\/strong>, un atelier trimestriel d\u00e9cisif a \u00e9t\u00e9 lanc\u00e9 ce mercredi \u00e0 l\u2019\u00c9cole d\u2019Enseignement Technique et Professionnel de Bogh\u00e9. Objectif central : r\u00e9viser le plan d\u2019action annuel et implanter un\u00a0<strong>syst\u00e8me qualit\u00e9<\/strong>\u00a0dans les institutions de formation technique et professionnelle.<\/p>\n<p>L\u2019\u00e9v\u00e9nement a rassembl\u00e9 : les directeurs d\u2019institutions de formation professionnelle\u00a0; les inspecteurs p\u00e9dagogiques\u00a0; des repr\u00e9sentants des partenaires techniques et financiers (locaux et internationaux)\u00a0; des cadres cl\u00e9s du minist\u00e8re.<\/p>\n<p><strong>Priorit\u00e9s minist\u00e9rielles : Ad\u00e9quation march\u00e9-emploi et qualit\u00e9<\/strong><\/p>\n<p>Dans son allocution,\u00a0<strong>M. Eyih<\/strong>\u00a0a soulign\u00e9\u00a0 que <em>\u00ab Cet atelier est crucial pour \u00e9valuer nos r\u00e9alisations pass\u00e9es et redessiner une carte de formation align\u00e9e sur les besoins du march\u00e9 du travail national. \u00bb<\/em><br \/>\nIl a salu\u00e9 les\u00a0progr\u00e8s accomplis\u00a0dans le cadre du programme du Pr\u00e9sident\u00a0<strong>M. Mohamed Cheikh Ghazouani<\/strong>, tout en remerciant les partenaires pour leur soutien continu au d\u00e9veloppement du secteur.<\/p>\n<p><strong>Engagements concrets et perspectives<\/strong><\/p>\n<p>Plusieurs intervenants ont enrichi les d\u00e9bats :<\/p>\n<p><strong>M. Mahfoudh Hbib<\/strong>(Directeur G\u00e9n\u00e9ral de la Formation) : <em>\u00ab L\u2019application du syst\u00e8me qualit\u00e9, d\u00e9j\u00e0 initi\u00e9e dans certaines institutions, donne des r\u00e9sultats encourageants vers des normes internationales. \u00bb<\/em><\/p>\n<p><strong>M. Baba Salihi<\/strong> (Kinross Mauritanie) a\u00a0r\u00e9affirm\u00e9 le soutien du groupe aux formations dans les\u00a0<strong>secteurs miniers et gaziers<\/strong>.<\/p>\n<p><strong>M. Amanatoullah Kharachi<\/strong>(Projet &#8220;Idrim&#8221;, Minist\u00e8re de l\u2019\u00c9nergie) : <em>\u00ab L\u2019\u00e9quipement de l\u2019\u00c9cole des Mines, P\u00e9trole et Gaz \u2013 futur \u00e9tablissement mod\u00e8le \u2013 sera une priorit\u00e9. \u00bb<\/em><\/p>\n<p><strong>Feuille de route technique<\/strong><\/p>\n<p>L\u2019atelier aborde des axes strat\u00e9giques via :<\/p>\n<p><strong>-Des pr\u00e9sentations sur les<\/strong>\u00a0<strong>m\u00e9canismes du syst\u00e8me qualit\u00e9\u00a0;<\/strong><\/p>\n<p><strong>-La nouvelle<\/strong>\u00a0<strong>carte de formation 2025-2026\u00a0;<\/strong><\/p>\n<p><strong>-Le d\u00e9veloppement de l\u2019\u00c9cole de la deuxi\u00e8me chance\u00a0;<\/strong><\/p>\n<p><strong>-Le<\/strong>\u00a0<strong>portail \u00e9lectronique sectoriel\u00a0;<\/strong><\/p>\n<p><strong>-Des sessions de diagnostic participatif pour renforcer l\u2019efficacit\u00e9 du secteur.<\/strong><\/p>\n<p><strong>M. Ba Adama Moussa<\/strong>, maire de Bogh\u00e9, a salu\u00e9 le\u00a0<strong>r\u00f4le vital de l\u2019\u00e9cole professionnelle <\/strong>pour la jeunesse du Brakna, tandis que le directeur de l\u2019\u00e9tablissement h\u00f4te, <strong>M. Mrabih Abdou Razzagh<\/strong>, a exprim\u00e9 sa fiert\u00e9 d\u2019accueillir l\u2019\u00e9v\u00e9nement.<\/p>\n","protected":false},"excerpt":{"rendered":"<p>Sous la supervision du ministre de la Formation Professionnelle, de l\u2019Artisanat et des M\u00e9tiers,\u00a0M. Mohamed Maaelainine Eyih, et en pr\u00e9sence du wali de Brakna,\u00a0M. Mohamed Saleck, un atelier trimestriel d\u00e9cisif a \u00e9t\u00e9 lanc\u00e9 ce mercredi \u00e0 l\u2019\u00c9cole d\u2019Enseignement Technique et Professionnel de Bogh\u00e9. Objectif central : r\u00e9viser le plan d\u2019action annuel et implanter un\u00a0syst\u00e8me qualit\u00e9\u00a0dans&#8230;..<\/p>\n","protected":false},"author":12,"featured_media":29703,"comment_status":"open","ping_status":"open","sticky":false,"template":"","format":"standard","meta":{"footnotes":""},"categories":[23,49],"tags":[],"class_list":["post-29702","post","type-post","status-publish","format-standard","has-post-thumbnail","hentry","category-actualite","category-economie"],"yoast_head":"<!-- This site is optimized with the Yoast SEO plugin v27.5 - https:\/\/yoast.com\/product\/yoast-seo-wordpress\/ -->\n<title>Formation professionnelle: Un atelier strat\u00e9gique \u00e0 Bogh\u00e9 pour la r\u00e9vision de la mise en \u0153uvre du plan d\u2019action et d\u2019\u00e9tablissement du syst\u00e8me qualit\u00e9 dans la formation professionnelle - Le Quotidien de Nouakchott<\/title>\n<meta name=\"robots\" content=\"index, follow, max-snippet:-1, max-image-preview:large, max-video-preview:-1\" \/>\n<link rel=\"canonical\" href=\"https:\/\/lequotidien.mr\/?p=29702&lang=fr\" \/>\n<meta property=\"og:locale\" content=\"ar_AR\" \/>\n<meta property=\"og:type\" content=\"article\" \/>\n<meta property=\"og:title\" content=\"Formation professionnelle: Un atelier strat\u00e9gique \u00e0 Bogh\u00e9 pour la r\u00e9vision de la mise en \u0153uvre du plan d\u2019action et d\u2019\u00e9tablissement du syst\u00e8me qualit\u00e9 dans la formation professionnelle - Le Quotidien de Nouakchott\" \/>\n<meta property=\"og:description\" content=\"Sous la supervision du ministre de la Formation Professionnelle, de l\u2019Artisanat et des M\u00e9tiers,\u00a0M. Mohamed Maaelainine Eyih, et en pr\u00e9sence du wali de Brakna,\u00a0M. Mohamed Saleck, un atelier trimestriel d\u00e9cisif a \u00e9t\u00e9 lanc\u00e9 ce mercredi \u00e0 l\u2019\u00c9cole d\u2019Enseignement Technique et Professionnel de Bogh\u00e9. Objectif central : r\u00e9viser le plan d\u2019action annuel et implanter un\u00a0syst\u00e8me qualit\u00e9\u00a0dans.....\" \/>\n<meta property=\"og:url\" content=\"https:\/\/lequotidien.mr\/?p=29702&amp;lang=fr\" \/>\n<meta property=\"og:site_name\" content=\"Le Quotidien de Nouakchott\" \/>\n<meta property=\"article:publisher\" content=\"https:\/\/web.facebook.com\/lequotidienmr\" \/>\n<meta property=\"article:published_time\" content=\"2025-07-30T23:30:18+00:00\" \/>\n<meta property=\"og:image\" content=\"https:\/\/lequotidien.mr\/wp-content\/uploads\/2025\/07\/photo-ateliet-plan-daction-Brakna.jpg\" \/>\n\t<meta property=\"og:image:width\" content=\"645\" \/>\n\t<meta property=\"og:image:height\" content=\"335\" \/>\n\t<meta property=\"og:image:type\" content=\"image\/jpeg\" \/>\n<meta name=\"author\" content=\"Med Ahmed\" \/>\n<meta name=\"twitter:card\" content=\"summary_large_image\" \/>\n<meta name=\"twitter:creator\" content=\"@lequotidienmr\" \/>\n<meta name=\"twitter:site\" content=\"@lequotidienmr\" \/>\n<meta name=\"twitter:label1\" content=\"\u0643\u064f\u062a\u0628 \u0628\u0648\u0627\u0633\u0637\u0629\" \/>\n\t<meta name=\"twitter:data1\" content=\"Med Ahmed\" \/>\n\t<meta name=\"twitter:label2\" content=\"\u0648\u0642\u062a \u0627\u0644\u0642\u0631\u0627\u0621\u0629 \u0627\u0644\u0645\u064f\u0642\u062f\u0651\u0631\" \/>\n\t<meta name=\"twitter:data2\" content=\"3 \u062f\u0642\u0627\u0626\u0642\" \/>\n<script type=\"application\/ld+json\" class=\"yoast-schema-graph\">{\"@context\":\"https:\\\/\\\/schema.org\",\"@graph\":[{\"@type\":\"Article\",\"@id\":\"https:\\\/\\\/lequotidien.mr\\\/?p=29702&lang=fr#article\",\"isPartOf\":{\"@id\":\"https:\\\/\\\/lequotidien.mr\\\/?p=29702&lang=fr\"},\"author\":{\"name\":\"Med Ahmed\",\"@id\":\"https:\\\/\\\/lequotidien.mr\\\/#\\\/schema\\\/person\\\/d2d350202a4d599685ed8abc25f97596\"},\"headline\":\"Formation professionnelle: Un atelier strat\u00e9gique \u00e0 Bogh\u00e9 pour la r\u00e9vision de la mise en \u0153uvre du plan d\u2019action et d\u2019\u00e9tablissement du syst\u00e8me qualit\u00e9 dans la formation professionnelle\",\"datePublished\":\"2025-07-30T23:30:18+00:00\",\"mainEntityOfPage\":{\"@id\":\"https:\\\/\\\/lequotidien.mr\\\/?p=29702&lang=fr\"},\"wordCount\":406,\"commentCount\":0,\"publisher\":{\"@id\":\"https:\\\/\\\/lequotidien.mr\\\/#organization\"},\"image\":{\"@id\":\"https:\\\/\\\/lequotidien.mr\\\/?p=29702&lang=fr#primaryimage\"},\"thumbnailUrl\":\"https:\\\/\\\/lequotidien.mr\\\/wp-content\\\/uploads\\\/2025\\\/07\\\/photo-ateliet-plan-daction-Brakna.jpg\",\"articleSection\":[\"ACTUALIT\u00c9\",\"Economie\"],\"inLanguage\":\"ar\",\"potentialAction\":[{\"@type\":\"CommentAction\",\"name\":\"Comment\",\"target\":[\"https:\\\/\\\/lequotidien.mr\\\/?p=29702&lang=fr#respond\"]}]},{\"@type\":\"WebPage\",\"@id\":\"https:\\\/\\\/lequotidien.mr\\\/?p=29702&lang=fr\",\"url\":\"https:\\\/\\\/lequotidien.mr\\\/?p=29702&lang=fr\",\"name\":\"Formation professionnelle: Un atelier strat\u00e9gique \u00e0 Bogh\u00e9 pour la r\u00e9vision de la mise en \u0153uvre du plan d\u2019action et d\u2019\u00e9tablissement du syst\u00e8me qualit\u00e9 dans la formation professionnelle - Le Quotidien de Nouakchott\",\"isPartOf\":{\"@id\":\"https:\\\/\\\/lequotidien.mr\\\/#website\"},\"primaryImageOfPage\":{\"@id\":\"https:\\\/\\\/lequotidien.mr\\\/?p=29702&lang=fr#primaryimage\"},\"image\":{\"@id\":\"https:\\\/\\\/lequotidien.mr\\\/?p=29702&lang=fr#primaryimage\"},\"thumbnailUrl\":\"https:\\\/\\\/lequotidien.mr\\\/wp-content\\\/uploads\\\/2025\\\/07\\\/photo-ateliet-plan-daction-Brakna.jpg\",\"datePublished\":\"2025-07-30T23:30:18+00:00\",\"breadcrumb\":{\"@id\":\"https:\\\/\\\/lequotidien.mr\\\/?p=29702&lang=fr#breadcrumb\"},\"inLanguage\":\"ar\",\"potentialAction\":[{\"@type\":\"ReadAction\",\"target\":[\"https:\\\/\\\/lequotidien.mr\\\/?p=29702&lang=fr\"]}]},{\"@type\":\"ImageObject\",\"inLanguage\":\"ar\",\"@id\":\"https:\\\/\\\/lequotidien.mr\\\/?p=29702&lang=fr#primaryimage\",\"url\":\"https:\\\/\\\/lequotidien.mr\\\/wp-content\\\/uploads\\\/2025\\\/07\\\/photo-ateliet-plan-daction-Brakna.jpg\",\"contentUrl\":\"https:\\\/\\\/lequotidien.mr\\\/wp-content\\\/uploads\\\/2025\\\/07\\\/photo-ateliet-plan-daction-Brakna.jpg\",\"width\":645,\"height\":335},{\"@type\":\"BreadcrumbList\",\"@id\":\"https:\\\/\\\/lequotidien.mr\\\/?p=29702&lang=fr#breadcrumb\",\"itemListElement\":[{\"@type\":\"ListItem\",\"position\":1,\"name\":\"Home\",\"item\":\"https:\\\/\\\/lequotidien.mr\\\/\"},{\"@type\":\"ListItem\",\"position\":2,\"name\":\"Formation professionnelle: Un atelier strat\u00e9gique \u00e0 Bogh\u00e9 pour la r\u00e9vision de la mise en \u0153uvre du plan d\u2019action et d\u2019\u00e9tablissement du syst\u00e8me qualit\u00e9 dans la formation professionnelle\"}]},{\"@type\":\"WebSite\",\"@id\":\"https:\\\/\\\/lequotidien.mr\\\/#website\",\"url\":\"https:\\\/\\\/lequotidien.mr\\\/\",\"name\":\"Le Quotidien de Nouakchott\",\"description\":\"\u0625\u062e\u0628\u0627\u0631\u064a\u0629 \u0645\u0633\u062a\u0642\u0644\u0629 \u0644\u0644\u0623\u0646\u0628\u0627\u0621 \u0627\u0644\u0639\u0627\u0645\u0629\",\"publisher\":{\"@id\":\"https:\\\/\\\/lequotidien.mr\\\/#organization\"},\"potentialAction\":[{\"@type\":\"SearchAction\",\"target\":{\"@type\":\"EntryPoint\",\"urlTemplate\":\"https:\\\/\\\/lequotidien.mr\\\/?s={search_term_string}\"},\"query-input\":{\"@type\":\"PropertyValueSpecification\",\"valueRequired\":true,\"valueName\":\"search_term_string\"}}],\"inLanguage\":\"ar\"},{\"@type\":\"Organization\",\"@id\":\"https:\\\/\\\/lequotidien.mr\\\/#organization\",\"name\":\"Le Quotidien de Nouakchott\",\"url\":\"https:\\\/\\\/lequotidien.mr\\\/\",\"logo\":{\"@type\":\"ImageObject\",\"inLanguage\":\"ar\",\"@id\":\"https:\\\/\\\/lequotidien.mr\\\/#\\\/schema\\\/logo\\\/image\\\/\",\"url\":\"https:\\\/\\\/lequotidien.mr\\\/wp-content\\\/uploads\\\/2022\\\/11\\\/logolequotidien.jpg\",\"contentUrl\":\"https:\\\/\\\/lequotidien.mr\\\/wp-content\\\/uploads\\\/2022\\\/11\\\/logolequotidien.jpg\",\"width\":290,\"height\":65,\"caption\":\"Le Quotidien de Nouakchott\"},\"image\":{\"@id\":\"https:\\\/\\\/lequotidien.mr\\\/#\\\/schema\\\/logo\\\/image\\\/\"},\"sameAs\":[\"https:\\\/\\\/web.facebook.com\\\/lequotidienmr\",\"https:\\\/\\\/x.com\\\/lequotidienmr\"]},{\"@type\":\"Person\",\"@id\":\"https:\\\/\\\/lequotidien.mr\\\/#\\\/schema\\\/person\\\/d2d350202a4d599685ed8abc25f97596\",\"name\":\"Med Ahmed\",\"image\":{\"@type\":\"ImageObject\",\"inLanguage\":\"ar\",\"@id\":\"https:\\\/\\\/secure.gravatar.com\\\/avatar\\\/fd2acc62ed50732923d1d39c17172c9b04149f142be92310ecc69e1358f94b52?s=96&d=mm&r=g\",\"url\":\"https:\\\/\\\/secure.gravatar.com\\\/avatar\\\/fd2acc62ed50732923d1d39c17172c9b04149f142be92310ecc69e1358f94b52?s=96&d=mm&r=g\",\"contentUrl\":\"https:\\\/\\\/secure.gravatar.com\\\/avatar\\\/fd2acc62ed50732923d1d39c17172c9b04149f142be92310ecc69e1358f94b52?s=96&d=mm&r=g\",\"caption\":\"Med Ahmed\"},\"url\":\"https:\\\/\\\/lequotidien.mr\\\/?author=12\"}]}<\/script>\n<!-- \/ Yoast SEO plugin. -->","yoast_head_json":{"title":"Formation professionnelle: Un atelier strat\u00e9gique \u00e0 Bogh\u00e9 pour la r\u00e9vision de la mise en \u0153uvre du plan d\u2019action et d\u2019\u00e9tablissement du syst\u00e8me qualit\u00e9 dans la formation professionnelle - Le Quotidien de Nouakchott","robots":{"index":"index","follow":"follow","max-snippet":"max-snippet:-1","max-image-preview":"max-image-preview:large","max-video-preview":"max-video-preview:-1"},"canonical":"https:\/\/lequotidien.mr\/?p=29702&lang=fr","og_locale":"ar_AR","og_type":"article","og_title":"Formation professionnelle: Un atelier strat\u00e9gique \u00e0 Bogh\u00e9 pour la r\u00e9vision de la mise en \u0153uvre du plan d\u2019action et d\u2019\u00e9tablissement du syst\u00e8me qualit\u00e9 dans la formation professionnelle - Le Quotidien de Nouakchott","og_description":"Sous la supervision du ministre de la Formation Professionnelle, de l\u2019Artisanat et des M\u00e9tiers,\u00a0M. Mohamed Maaelainine Eyih, et en pr\u00e9sence du wali de Brakna,\u00a0M. Mohamed Saleck, un atelier trimestriel d\u00e9cisif a \u00e9t\u00e9 lanc\u00e9 ce mercredi \u00e0 l\u2019\u00c9cole d\u2019Enseignement Technique et Professionnel de Bogh\u00e9. Objectif central : r\u00e9viser le plan d\u2019action annuel et implanter un\u00a0syst\u00e8me qualit\u00e9\u00a0dans.....","og_url":"https:\/\/lequotidien.mr\/?p=29702&lang=fr","og_site_name":"Le Quotidien de Nouakchott","article_publisher":"https:\/\/web.facebook.com\/lequotidienmr","article_published_time":"2025-07-30T23:30:18+00:00","og_image":[{"width":645,"height":335,"url":"https:\/\/lequotidien.mr\/wp-content\/uploads\/2025\/07\/photo-ateliet-plan-daction-Brakna.jpg","type":"image\/jpeg"}],"author":"Med Ahmed","twitter_card":"summary_large_image","twitter_creator":"@lequotidienmr","twitter_site":"@lequotidienmr","twitter_misc":{"\u0643\u064f\u062a\u0628 \u0628\u0648\u0627\u0633\u0637\u0629":"Med Ahmed","\u0648\u0642\u062a \u0627\u0644\u0642\u0631\u0627\u0621\u0629 \u0627\u0644\u0645\u064f\u0642\u062f\u0651\u0631":"3 \u062f\u0642\u0627\u0626\u0642"},"schema":{"@context":"https:\/\/schema.org","@graph":[{"@type":"Article","@id":"https:\/\/lequotidien.mr\/?p=29702&lang=fr#article","isPartOf":{"@id":"https:\/\/lequotidien.mr\/?p=29702&lang=fr"},"author":{"name":"Med Ahmed","@id":"https:\/\/lequotidien.mr\/#\/schema\/person\/d2d350202a4d599685ed8abc25f97596"},"headline":"Formation professionnelle: Un atelier strat\u00e9gique \u00e0 Bogh\u00e9 pour la r\u00e9vision de la mise en \u0153uvre du plan d\u2019action et d\u2019\u00e9tablissement du syst\u00e8me qualit\u00e9 dans la formation professionnelle","datePublished":"2025-07-30T23:30:18+00:00","mainEntityOfPage":{"@id":"https:\/\/lequotidien.mr\/?p=29702&lang=fr"},"wordCount":406,"commentCount":0,"publisher":{"@id":"https:\/\/lequotidien.mr\/#organization"},"image":{"@id":"https:\/\/lequotidien.mr\/?p=29702&lang=fr#primaryimage"},"thumbnailUrl":"https:\/\/lequotidien.mr\/wp-content\/uploads\/2025\/07\/photo-ateliet-plan-daction-Brakna.jpg","articleSection":["ACTUALIT\u00c9","Economie"],"inLanguage":"ar","potentialAction":[{"@type":"CommentAction","name":"Comment","target":["https:\/\/lequotidien.mr\/?p=29702&lang=fr#respond"]}]},{"@type":"WebPage","@id":"https:\/\/lequotidien.mr\/?p=29702&lang=fr","url":"https:\/\/lequotidien.mr\/?p=29702&lang=fr","name":"Formation professionnelle: Un atelier strat\u00e9gique \u00e0 Bogh\u00e9 pour la r\u00e9vision de la mise en \u0153uvre du plan d\u2019action et d\u2019\u00e9tablissement du syst\u00e8me qualit\u00e9 dans la formation professionnelle - Le Quotidien de Nouakchott","isPartOf":{"@id":"https:\/\/lequotidien.mr\/#website"},"primaryImageOfPage":{"@id":"https:\/\/lequotidien.mr\/?p=29702&lang=fr#primaryimage"},"image":{"@id":"https:\/\/lequotidien.mr\/?p=29702&lang=fr#primaryimage"},"thumbnailUrl":"https:\/\/lequotidien.mr\/wp-content\/uploads\/2025\/07\/photo-ateliet-plan-daction-Brakna.jpg","datePublished":"2025-07-30T23:30:18+00:00","breadcrumb":{"@id":"https:\/\/lequotidien.mr\/?p=29702&lang=fr#breadcrumb"},"inLanguage":"ar","potentialAction":[{"@type":"ReadAction","target":["https:\/\/lequotidien.mr\/?p=29702&lang=fr"]}]},{"@type":"ImageObject","inLanguage":"ar","@id":"https:\/\/lequotidien.mr\/?p=29702&lang=fr#primaryimage","url":"https:\/\/lequotidien.mr\/wp-content\/uploads\/2025\/07\/photo-ateliet-plan-daction-Brakna.jpg","contentUrl":"https:\/\/lequotidien.mr\/wp-content\/uploads\/2025\/07\/photo-ateliet-plan-daction-Brakna.jpg","width":645,"height":335},{"@type":"BreadcrumbList","@id":"https:\/\/lequotidien.mr\/?p=29702&lang=fr#breadcrumb","itemListElement":[{"@type":"ListItem","position":1,"name":"Home","item":"https:\/\/lequotidien.mr\/"},{"@type":"ListItem","position":2,"name":"Formation professionnelle: Un atelier strat\u00e9gique \u00e0 Bogh\u00e9 pour la r\u00e9vision de la mise en \u0153uvre du plan d\u2019action et d\u2019\u00e9tablissement du syst\u00e8me qualit\u00e9 dans la formation professionnelle"}]},{"@type":"WebSite","@id":"https:\/\/lequotidien.mr\/#website","url":"https:\/\/lequotidien.mr\/","name":"Le Quotidien de Nouakchott","description":"\u0625\u062e\u0628\u0627\u0631\u064a\u0629 \u0645\u0633\u062a\u0642\u0644\u0629 \u0644\u0644\u0623\u0646\u0628\u0627\u0621 \u0627\u0644\u0639\u0627\u0645\u0629","publisher":{"@id":"https:\/\/lequotidien.mr\/#organization"},"potentialAction":[{"@type":"SearchAction","target":{"@type":"EntryPoint","urlTemplate":"https:\/\/lequotidien.mr\/?s={search_term_string}"},"query-input":{"@type":"PropertyValueSpecification","valueRequired":true,"valueName":"search_term_string"}}],"inLanguage":"ar"},{"@type":"Organization","@id":"https:\/\/lequotidien.mr\/#organization","name":"Le Quotidien de Nouakchott","url":"https:\/\/lequotidien.mr\/","logo":{"@type":"ImageObject","inLanguage":"ar","@id":"https:\/\/lequotidien.mr\/#\/schema\/logo\/image\/","url":"https:\/\/lequotidien.mr\/wp-content\/uploads\/2022\/11\/logolequotidien.jpg","contentUrl":"https:\/\/lequotidien.mr\/wp-content\/uploads\/2022\/11\/logolequotidien.jpg","width":290,"height":65,"caption":"Le Quotidien de Nouakchott"},"image":{"@id":"https:\/\/lequotidien.mr\/#\/schema\/logo\/image\/"},"sameAs":["https:\/\/web.facebook.com\/lequotidienmr","https:\/\/x.com\/lequotidienmr"]},{"@type":"Person","@id":"https:\/\/lequotidien.mr\/#\/schema\/person\/d2d350202a4d599685ed8abc25f97596","name":"Med Ahmed","image":{"@type":"ImageObject","inLanguage":"ar","@id":"https:\/\/secure.gravatar.com\/avatar\/fd2acc62ed50732923d1d39c17172c9b04149f142be92310ecc69e1358f94b52?s=96&d=mm&r=g","url":"https:\/\/secure.gravatar.com\/avatar\/fd2acc62ed50732923d1d39c17172c9b04149f142be92310ecc69e1358f94b52?s=96&d=mm&r=g","contentUrl":"https:\/\/secure.gravatar.com\/avatar\/fd2acc62ed50732923d1d39c17172c9b04149f142be92310ecc69e1358f94b52?s=96&d=mm&r=g","caption":"Med Ahmed"},"url":"https:\/\/lequotidien.mr\/?author=12"}]}},"_links":{"self":[{"href":"https:\/\/lequotidien.mr\/index.php?rest_route=\/wp\/v2\/posts\/29702","targetHints":{"allow":["GET"]}}],"collection":[{"href":"https:\/\/lequotidien.mr\/index.php?rest_route=\/wp\/v2\/posts"}],"about":[{"href":"https:\/\/lequotidien.mr\/index.php?rest_route=\/wp\/v2\/types\/post"}],"author":[{"embeddable":true,"href":"https:\/\/lequotidien.mr\/index.php?rest_route=\/wp\/v2\/users\/12"}],"replies":[{"embeddable":true,"href":"https:\/\/lequotidien.mr\/index.php?rest_route=%2Fwp%2Fv2%2Fcomments&post=29702"}],"version-history":[{"count":1,"href":"https:\/\/lequotidien.mr\/index.php?rest_route=\/wp\/v2\/posts\/29702\/revisions"}],"predecessor-version":[{"id":29704,"href":"https:\/\/lequotidien.mr\/index.php?rest_route=\/wp\/v2\/posts\/29702\/revisions\/29704"}],"wp:featuredmedia":[{"embeddable":true,"href":"https:\/\/lequotidien.mr\/index.php?rest_route=\/wp\/v2\/media\/29703"}],"wp:attachment":[{"href":"https:\/\/lequotidien.mr\/index.php?rest_route=%2Fwp%2Fv2%2Fmedia&parent=29702"}],"wp:term":[{"taxonomy":"category","embeddable":true,"href":"https:\/\/lequotidien.mr\/index.php?rest_route=%2Fwp%2Fv2%2Fcategories&post=29702"},{"taxonomy":"post_tag","embeddable":true,"href":"https:\/\/lequotidien.mr\/index.php?rest_route=%2Fwp%2Fv2%2Ftags&post=29702"}],"curies":[{"name":"wp","href":"https:\/\/api.w.org\/{rel}","templated":true}]}}