{"id":29694,"date":"2025-07-30T21:21:35","date_gmt":"2025-07-30T21:21:35","guid":{"rendered":"https:\/\/lequotidien.mr\/?p=29694"},"modified":"2025-07-30T21:21:35","modified_gmt":"2025-07-30T21:21:35","slug":"niger-plaidoyer-pour-la-liberation-de-mohamed-bazoum","status":"publish","type":"post","link":"https:\/\/lequotidien.mr\/?p=29694&lang=fr","title":{"rendered":"Niger : plaidoyer pour la lib\u00e9ration de Mohamed Bazoum"},"content":{"rendered":"<p>Par Mohamed Ould Bouamatou<\/p>\n<p><em>\u00ab Sa d\u00e9tention arbitraire n\u2019est pas un scandale isol\u00e9 : c\u2019est une d\u00e9claration de guerre contre la libert\u00e9, la justice et l\u2019aspiration collective du Niger \u00e0 un avenir meilleur \u00bb<\/em>, assure le pr\u00e9sident de la Fondation pour l\u2019\u00e9galit\u00e9 des chances en Afrique<\/p>\n<p>&nbsp;<\/p>\n<p>Deux ans que Mohamed Bazoum, pr\u00e9sident d\u00e9mocratiquement \u00e9lu du Niger, est s\u00e9questr\u00e9, trahi par ceux qui avaient jur\u00e9 de le prot\u00e9ger. Le 26 juillet n\u2019est pas une simple date dans le calendrier ; c\u2019est une blessure b\u00e9ante dans le c\u0153ur de la d\u00e9mocratie nig\u00e9rienne, un affront \u00e0 la volont\u00e9 souveraine d\u2019un peuple. La d\u00e9tention arbitraire de Mohamed Bazoum n\u2019est pas un scandale isol\u00e9 : c\u2019est une d\u00e9claration de guerre contre la libert\u00e9, la justice et l\u2019aspiration collective du Niger \u00e0 un avenir meilleur. Elu en 2021 par un vote clair et transparent, Bazoum incarnait l\u2019espoir d\u2019un Niger uni, prosp\u00e8re et libre. Dans son discours d\u2019investiture, il annon\u00e7ait avec conviction : \u00ab Je me suis battu depuis mon jeune \u00e2ge pour la promotion de la d\u00e9mocratie, parce que j\u2019en ai toujours esp\u00e9r\u00e9 deux choses totalement ins\u00e9parables : la libert\u00e9 et la justice. \u00bb Ces paroles r\u00e9sonnent aujourd\u2019hui comme un cri \u00e9touff\u00e9 depuis sa ge\u00f4le, o\u00f9 il fait face \u00e0 l\u2019injustice et \u00e0 l\u2019acharnement de ren\u00e9gats rong\u00e9s par la jalousie et l\u2019antipatriotisme. Ces individus, en pi\u00e9tinant leur serment, ne se contentent pas de bafouer la volont\u00e9 populaire ; ils encha\u00eenent un homme qui incarne la dignit\u00e9 d\u2019une nation enti\u00e8re. En renversant un pr\u00e9sident l\u00e9gitimement \u00e9lu, les putschistes ne se contentent pas de trahir un homme : ils volent l\u2019avenir d\u2019un peuple, sapent la confiance dans les institutions et plongent le pays dans l\u2019instabilit\u00e9 Gangr\u00e8ne. Les coups d\u2019Etat et les changements anticonstitutionnels, comme celui qui a renvers\u00e9 Bazoum, sont une gangr\u00e8ne pour l\u2019Afrique et le monde. Ils ne sont pas de simples luttes de pouvoir ; ils sont un vol organis\u00e9 de la souverainet\u00e9 populaire, un sabotage des institutions d\u00e9mocratiques construites au prix d\u2019efforts collectifs. En renversant un pr\u00e9sident l\u00e9gitimement \u00e9lu, les putschistes ne se contentent pas de trahir un homme : ils volent l\u2019avenir d\u2019un peuple, sapent la confiance dans les institutions et plongent le pays dans l\u2019instabilit\u00e9. Chaque jour de captivit\u00e9 de Mohamed Bazoum est un crachat au visage du peuple nig\u00e9rien, une insulte \u00e0 l\u2019id\u00e9al d\u00e9mocratique qu\u2019il d\u00e9fend. Chaque heure de silence international est une complicit\u00e9 tacite avec les fossoyeurs de la libert\u00e9. Les coups d\u2019Etat ne sont pas une solution aux d\u00e9fis d\u2019un pays ; ils sont une violation des droits fondamentaux \u00e0 la libert\u00e9, \u00e0 la justice et \u00e0 l\u2019autod\u00e9termination. Ils remplacent le dialogue et le consensus par la force brute, substituant l\u2019honneur du service public \u00e0 la soif de pouvoir. Il faut exiger, maintenant, la lib\u00e9ration imm\u00e9diate et sans condition de Mohamed Bazoum. La communaut\u00e9 internationale \u2014 ONU, Union Africaine, Cedeao, partenaires du Niger \u2014 doit agir avec la plus grande fermet\u00e9. Mohamed Bazoum n\u2019est pas seulement un homme ; il est le symbole vivant d\u2019une vision de justice, d\u2019unit\u00e9 et de d\u00e9mocratie qui doit triompher. Lib\u00e9rer Bazoum, c\u2019est rendre au Niger sa dignit\u00e9, son avenir et sa souverainet\u00e9. Mohamed Ould Bouamatou est pr\u00e9sident de la Fondation pour l\u2019\u00e9galit\u00e9 des chances en Afrique.<\/p>\n","protected":false},"excerpt":{"rendered":"<p>Par Mohamed Ould Bouamatou \u00ab Sa d\u00e9tention arbitraire n\u2019est pas un scandale isol\u00e9 : c\u2019est une d\u00e9claration de guerre contre la libert\u00e9, la justice et l\u2019aspiration collective du Niger \u00e0 un avenir meilleur \u00bb, assure le pr\u00e9sident de la Fondation pour l\u2019\u00e9galit\u00e9 des chances en Afrique &nbsp; Deux ans que Mohamed Bazoum, pr\u00e9sident d\u00e9mocratiquement \u00e9lu&#8230;..<\/p>\n","protected":false},"author":4,"featured_media":29695,"comment_status":"open","ping_status":"open","sticky":false,"template":"","format":"standard","meta":{"footnotes":""},"categories":[23,59,57],"tags":[],"class_list":["post-29694","post","type-post","status-publish","format-standard","has-post-thumbnail","hentry","category-actualite","category-opinion","category-couverture-specilale"],"yoast_head":"<!-- This site is optimized with the Yoast SEO plugin v27.5 - https:\/\/yoast.com\/product\/yoast-seo-wordpress\/ -->\n<title>Niger : plaidoyer pour la lib\u00e9ration de Mohamed Bazoum - Le Quotidien de Nouakchott<\/title>\n<meta name=\"robots\" content=\"index, follow, max-snippet:-1, max-image-preview:large, max-video-preview:-1\" \/>\n<link rel=\"canonical\" href=\"https:\/\/lequotidien.mr\/?p=29694&lang=fr\" \/>\n<meta property=\"og:locale\" content=\"ar_AR\" \/>\n<meta property=\"og:type\" content=\"article\" \/>\n<meta property=\"og:title\" content=\"Niger : plaidoyer pour la lib\u00e9ration de Mohamed Bazoum - Le Quotidien de Nouakchott\" \/>\n<meta property=\"og:description\" content=\"Par Mohamed Ould Bouamatou \u00ab Sa d\u00e9tention arbitraire n\u2019est pas un scandale isol\u00e9 : c\u2019est une d\u00e9claration de guerre contre la libert\u00e9, la justice et l\u2019aspiration collective du Niger \u00e0 un avenir meilleur \u00bb, assure le pr\u00e9sident de la Fondation pour l\u2019\u00e9galit\u00e9 des chances en Afrique &nbsp; Deux ans que Mohamed Bazoum, pr\u00e9sident d\u00e9mocratiquement \u00e9lu.....\" \/>\n<meta property=\"og:url\" content=\"https:\/\/lequotidien.mr\/?p=29694&amp;lang=fr\" \/>\n<meta property=\"og:site_name\" content=\"Le Quotidien de Nouakchott\" \/>\n<meta property=\"article:publisher\" content=\"https:\/\/web.facebook.com\/lequotidienmr\" \/>\n<meta property=\"article:published_time\" content=\"2025-07-30T21:21:35+00:00\" \/>\n<meta property=\"og:image\" content=\"https:\/\/lequotidien.mr\/wp-content\/uploads\/2025\/07\/bazoum.jpg\" \/>\n\t<meta property=\"og:image:width\" content=\"629\" \/>\n\t<meta property=\"og:image:height\" content=\"327\" \/>\n\t<meta property=\"og:image:type\" content=\"image\/jpeg\" \/>\n<meta name=\"author\" content=\"Le Quotidien\" \/>\n<meta name=\"twitter:card\" content=\"summary_large_image\" \/>\n<meta name=\"twitter:creator\" content=\"@lequotidienmr\" \/>\n<meta name=\"twitter:site\" content=\"@lequotidienmr\" \/>\n<meta name=\"twitter:label1\" content=\"\u0643\u064f\u062a\u0628 \u0628\u0648\u0627\u0633\u0637\u0629\" \/>\n\t<meta name=\"twitter:data1\" content=\"Le Quotidien\" \/>\n\t<meta name=\"twitter:label2\" content=\"\u0648\u0642\u062a \u0627\u0644\u0642\u0631\u0627\u0621\u0629 \u0627\u0644\u0645\u064f\u0642\u062f\u0651\u0631\" \/>\n\t<meta name=\"twitter:data2\" content=\"4 \u062f\u0642\u0627\u0626\u0642\" \/>\n<script type=\"application\/ld+json\" class=\"yoast-schema-graph\">{\"@context\":\"https:\\\/\\\/schema.org\",\"@graph\":[{\"@type\":\"Article\",\"@id\":\"https:\\\/\\\/lequotidien.mr\\\/?p=29694&lang=fr#article\",\"isPartOf\":{\"@id\":\"https:\\\/\\\/lequotidien.mr\\\/?p=29694&lang=fr\"},\"author\":{\"name\":\"Le Quotidien\",\"@id\":\"https:\\\/\\\/lequotidien.mr\\\/#\\\/schema\\\/person\\\/f90fcdaa970c60288de4ed2e64a56472\"},\"headline\":\"Niger : plaidoyer pour la lib\u00e9ration de Mohamed Bazoum\",\"datePublished\":\"2025-07-30T21:21:35+00:00\",\"mainEntityOfPage\":{\"@id\":\"https:\\\/\\\/lequotidien.mr\\\/?p=29694&lang=fr\"},\"wordCount\":595,\"commentCount\":0,\"publisher\":{\"@id\":\"https:\\\/\\\/lequotidien.mr\\\/#organization\"},\"image\":{\"@id\":\"https:\\\/\\\/lequotidien.mr\\\/?p=29694&lang=fr#primaryimage\"},\"thumbnailUrl\":\"https:\\\/\\\/lequotidien.mr\\\/wp-content\\\/uploads\\\/2025\\\/07\\\/bazoum.jpg\",\"articleSection\":[\"ACTUALIT\u00c9\",\"Opinion\",\"Couverture sp\u00e9cilale\"],\"inLanguage\":\"ar\",\"potentialAction\":[{\"@type\":\"CommentAction\",\"name\":\"Comment\",\"target\":[\"https:\\\/\\\/lequotidien.mr\\\/?p=29694&lang=fr#respond\"]}]},{\"@type\":\"WebPage\",\"@id\":\"https:\\\/\\\/lequotidien.mr\\\/?p=29694&lang=fr\",\"url\":\"https:\\\/\\\/lequotidien.mr\\\/?p=29694&lang=fr\",\"name\":\"Niger : plaidoyer pour la lib\u00e9ration de Mohamed Bazoum - Le Quotidien de Nouakchott\",\"isPartOf\":{\"@id\":\"https:\\\/\\\/lequotidien.mr\\\/#website\"},\"primaryImageOfPage\":{\"@id\":\"https:\\\/\\\/lequotidien.mr\\\/?p=29694&lang=fr#primaryimage\"},\"image\":{\"@id\":\"https:\\\/\\\/lequotidien.mr\\\/?p=29694&lang=fr#primaryimage\"},\"thumbnailUrl\":\"https:\\\/\\\/lequotidien.mr\\\/wp-content\\\/uploads\\\/2025\\\/07\\\/bazoum.jpg\",\"datePublished\":\"2025-07-30T21:21:35+00:00\",\"breadcrumb\":{\"@id\":\"https:\\\/\\\/lequotidien.mr\\\/?p=29694&lang=fr#breadcrumb\"},\"inLanguage\":\"ar\",\"potentialAction\":[{\"@type\":\"ReadAction\",\"target\":[\"https:\\\/\\\/lequotidien.mr\\\/?p=29694&lang=fr\"]}]},{\"@type\":\"ImageObject\",\"inLanguage\":\"ar\",\"@id\":\"https:\\\/\\\/lequotidien.mr\\\/?p=29694&lang=fr#primaryimage\",\"url\":\"https:\\\/\\\/lequotidien.mr\\\/wp-content\\\/uploads\\\/2025\\\/07\\\/bazoum.jpg\",\"contentUrl\":\"https:\\\/\\\/lequotidien.mr\\\/wp-content\\\/uploads\\\/2025\\\/07\\\/bazoum.jpg\",\"width\":629,\"height\":327},{\"@type\":\"BreadcrumbList\",\"@id\":\"https:\\\/\\\/lequotidien.mr\\\/?p=29694&lang=fr#breadcrumb\",\"itemListElement\":[{\"@type\":\"ListItem\",\"position\":1,\"name\":\"Home\",\"item\":\"https:\\\/\\\/lequotidien.mr\\\/\"},{\"@type\":\"ListItem\",\"position\":2,\"name\":\"Niger : plaidoyer pour la lib\u00e9ration de Mohamed Bazoum\"}]},{\"@type\":\"WebSite\",\"@id\":\"https:\\\/\\\/lequotidien.mr\\\/#website\",\"url\":\"https:\\\/\\\/lequotidien.mr\\\/\",\"name\":\"Le Quotidien de Nouakchott\",\"description\":\"\u0625\u062e\u0628\u0627\u0631\u064a\u0629 \u0645\u0633\u062a\u0642\u0644\u0629 \u0644\u0644\u0623\u0646\u0628\u0627\u0621 \u0627\u0644\u0639\u0627\u0645\u0629\",\"publisher\":{\"@id\":\"https:\\\/\\\/lequotidien.mr\\\/#organization\"},\"potentialAction\":[{\"@type\":\"SearchAction\",\"target\":{\"@type\":\"EntryPoint\",\"urlTemplate\":\"https:\\\/\\\/lequotidien.mr\\\/?s={search_term_string}\"},\"query-input\":{\"@type\":\"PropertyValueSpecification\",\"valueRequired\":true,\"valueName\":\"search_term_string\"}}],\"inLanguage\":\"ar\"},{\"@type\":\"Organization\",\"@id\":\"https:\\\/\\\/lequotidien.mr\\\/#organization\",\"name\":\"Le Quotidien de Nouakchott\",\"url\":\"https:\\\/\\\/lequotidien.mr\\\/\",\"logo\":{\"@type\":\"ImageObject\",\"inLanguage\":\"ar\",\"@id\":\"https:\\\/\\\/lequotidien.mr\\\/#\\\/schema\\\/logo\\\/image\\\/\",\"url\":\"https:\\\/\\\/lequotidien.mr\\\/wp-content\\\/uploads\\\/2022\\\/11\\\/logolequotidien.jpg\",\"contentUrl\":\"https:\\\/\\\/lequotidien.mr\\\/wp-content\\\/uploads\\\/2022\\\/11\\\/logolequotidien.jpg\",\"width\":290,\"height\":65,\"caption\":\"Le Quotidien de Nouakchott\"},\"image\":{\"@id\":\"https:\\\/\\\/lequotidien.mr\\\/#\\\/schema\\\/logo\\\/image\\\/\"},\"sameAs\":[\"https:\\\/\\\/web.facebook.com\\\/lequotidienmr\",\"https:\\\/\\\/x.com\\\/lequotidienmr\"]},{\"@type\":\"Person\",\"@id\":\"https:\\\/\\\/lequotidien.mr\\\/#\\\/schema\\\/person\\\/f90fcdaa970c60288de4ed2e64a56472\",\"name\":\"Le Quotidien\",\"image\":{\"@type\":\"ImageObject\",\"inLanguage\":\"ar\",\"@id\":\"https:\\\/\\\/secure.gravatar.com\\\/avatar\\\/374cb39a1a458a912465a93e5a3ce6546886fc3da809a1f10c63e4e8fcbca30f?s=96&d=mm&r=g\",\"url\":\"https:\\\/\\\/secure.gravatar.com\\\/avatar\\\/374cb39a1a458a912465a93e5a3ce6546886fc3da809a1f10c63e4e8fcbca30f?s=96&d=mm&r=g\",\"contentUrl\":\"https:\\\/\\\/secure.gravatar.com\\\/avatar\\\/374cb39a1a458a912465a93e5a3ce6546886fc3da809a1f10c63e4e8fcbca30f?s=96&d=mm&r=g\",\"caption\":\"Le Quotidien\"},\"sameAs\":[\"https:\\\/\\\/lequotidien.mr\\\/\"],\"url\":\"https:\\\/\\\/lequotidien.mr\\\/?author=4\"}]}<\/script>\n<!-- \/ Yoast SEO plugin. -->","yoast_head_json":{"title":"Niger : plaidoyer pour la lib\u00e9ration de Mohamed Bazoum - Le Quotidien de Nouakchott","robots":{"index":"index","follow":"follow","max-snippet":"max-snippet:-1","max-image-preview":"max-image-preview:large","max-video-preview":"max-video-preview:-1"},"canonical":"https:\/\/lequotidien.mr\/?p=29694&lang=fr","og_locale":"ar_AR","og_type":"article","og_title":"Niger : plaidoyer pour la lib\u00e9ration de Mohamed Bazoum - Le Quotidien de Nouakchott","og_description":"Par Mohamed Ould Bouamatou \u00ab Sa d\u00e9tention arbitraire n\u2019est pas un scandale isol\u00e9 : c\u2019est une d\u00e9claration de guerre contre la libert\u00e9, la justice et l\u2019aspiration collective du Niger \u00e0 un avenir meilleur \u00bb, assure le pr\u00e9sident de la Fondation pour l\u2019\u00e9galit\u00e9 des chances en Afrique &nbsp; Deux ans que Mohamed Bazoum, pr\u00e9sident d\u00e9mocratiquement \u00e9lu.....","og_url":"https:\/\/lequotidien.mr\/?p=29694&lang=fr","og_site_name":"Le Quotidien de Nouakchott","article_publisher":"https:\/\/web.facebook.com\/lequotidienmr","article_published_time":"2025-07-30T21:21:35+00:00","og_image":[{"width":629,"height":327,"url":"https:\/\/lequotidien.mr\/wp-content\/uploads\/2025\/07\/bazoum.jpg","type":"image\/jpeg"}],"author":"Le Quotidien","twitter_card":"summary_large_image","twitter_creator":"@lequotidienmr","twitter_site":"@lequotidienmr","twitter_misc":{"\u0643\u064f\u062a\u0628 \u0628\u0648\u0627\u0633\u0637\u0629":"Le Quotidien","\u0648\u0642\u062a \u0627\u0644\u0642\u0631\u0627\u0621\u0629 \u0627\u0644\u0645\u064f\u0642\u062f\u0651\u0631":"4 \u062f\u0642\u0627\u0626\u0642"},"schema":{"@context":"https:\/\/schema.org","@graph":[{"@type":"Article","@id":"https:\/\/lequotidien.mr\/?p=29694&lang=fr#article","isPartOf":{"@id":"https:\/\/lequotidien.mr\/?p=29694&lang=fr"},"author":{"name":"Le Quotidien","@id":"https:\/\/lequotidien.mr\/#\/schema\/person\/f90fcdaa970c60288de4ed2e64a56472"},"headline":"Niger : plaidoyer pour la lib\u00e9ration de Mohamed Bazoum","datePublished":"2025-07-30T21:21:35+00:00","mainEntityOfPage":{"@id":"https:\/\/lequotidien.mr\/?p=29694&lang=fr"},"wordCount":595,"commentCount":0,"publisher":{"@id":"https:\/\/lequotidien.mr\/#organization"},"image":{"@id":"https:\/\/lequotidien.mr\/?p=29694&lang=fr#primaryimage"},"thumbnailUrl":"https:\/\/lequotidien.mr\/wp-content\/uploads\/2025\/07\/bazoum.jpg","articleSection":["ACTUALIT\u00c9","Opinion","Couverture sp\u00e9cilale"],"inLanguage":"ar","potentialAction":[{"@type":"CommentAction","name":"Comment","target":["https:\/\/lequotidien.mr\/?p=29694&lang=fr#respond"]}]},{"@type":"WebPage","@id":"https:\/\/lequotidien.mr\/?p=29694&lang=fr","url":"https:\/\/lequotidien.mr\/?p=29694&lang=fr","name":"Niger : plaidoyer pour la lib\u00e9ration de Mohamed Bazoum - Le Quotidien de Nouakchott","isPartOf":{"@id":"https:\/\/lequotidien.mr\/#website"},"primaryImageOfPage":{"@id":"https:\/\/lequotidien.mr\/?p=29694&lang=fr#primaryimage"},"image":{"@id":"https:\/\/lequotidien.mr\/?p=29694&lang=fr#primaryimage"},"thumbnailUrl":"https:\/\/lequotidien.mr\/wp-content\/uploads\/2025\/07\/bazoum.jpg","datePublished":"2025-07-30T21:21:35+00:00","breadcrumb":{"@id":"https:\/\/lequotidien.mr\/?p=29694&lang=fr#breadcrumb"},"inLanguage":"ar","potentialAction":[{"@type":"ReadAction","target":["https:\/\/lequotidien.mr\/?p=29694&lang=fr"]}]},{"@type":"ImageObject","inLanguage":"ar","@id":"https:\/\/lequotidien.mr\/?p=29694&lang=fr#primaryimage","url":"https:\/\/lequotidien.mr\/wp-content\/uploads\/2025\/07\/bazoum.jpg","contentUrl":"https:\/\/lequotidien.mr\/wp-content\/uploads\/2025\/07\/bazoum.jpg","width":629,"height":327},{"@type":"BreadcrumbList","@id":"https:\/\/lequotidien.mr\/?p=29694&lang=fr#breadcrumb","itemListElement":[{"@type":"ListItem","position":1,"name":"Home","item":"https:\/\/lequotidien.mr\/"},{"@type":"ListItem","position":2,"name":"Niger : plaidoyer pour la lib\u00e9ration de Mohamed Bazoum"}]},{"@type":"WebSite","@id":"https:\/\/lequotidien.mr\/#website","url":"https:\/\/lequotidien.mr\/","name":"Le Quotidien de Nouakchott","description":"\u0625\u062e\u0628\u0627\u0631\u064a\u0629 \u0645\u0633\u062a\u0642\u0644\u0629 \u0644\u0644\u0623\u0646\u0628\u0627\u0621 \u0627\u0644\u0639\u0627\u0645\u0629","publisher":{"@id":"https:\/\/lequotidien.mr\/#organization"},"potentialAction":[{"@type":"SearchAction","target":{"@type":"EntryPoint","urlTemplate":"https:\/\/lequotidien.mr\/?s={search_term_string}"},"query-input":{"@type":"PropertyValueSpecification","valueRequired":true,"valueName":"search_term_string"}}],"inLanguage":"ar"},{"@type":"Organization","@id":"https:\/\/lequotidien.mr\/#organization","name":"Le Quotidien de Nouakchott","url":"https:\/\/lequotidien.mr\/","logo":{"@type":"ImageObject","inLanguage":"ar","@id":"https:\/\/lequotidien.mr\/#\/schema\/logo\/image\/","url":"https:\/\/lequotidien.mr\/wp-content\/uploads\/2022\/11\/logolequotidien.jpg","contentUrl":"https:\/\/lequotidien.mr\/wp-content\/uploads\/2022\/11\/logolequotidien.jpg","width":290,"height":65,"caption":"Le Quotidien de Nouakchott"},"image":{"@id":"https:\/\/lequotidien.mr\/#\/schema\/logo\/image\/"},"sameAs":["https:\/\/web.facebook.com\/lequotidienmr","https:\/\/x.com\/lequotidienmr"]},{"@type":"Person","@id":"https:\/\/lequotidien.mr\/#\/schema\/person\/f90fcdaa970c60288de4ed2e64a56472","name":"Le Quotidien","image":{"@type":"ImageObject","inLanguage":"ar","@id":"https:\/\/secure.gravatar.com\/avatar\/374cb39a1a458a912465a93e5a3ce6546886fc3da809a1f10c63e4e8fcbca30f?s=96&d=mm&r=g","url":"https:\/\/secure.gravatar.com\/avatar\/374cb39a1a458a912465a93e5a3ce6546886fc3da809a1f10c63e4e8fcbca30f?s=96&d=mm&r=g","contentUrl":"https:\/\/secure.gravatar.com\/avatar\/374cb39a1a458a912465a93e5a3ce6546886fc3da809a1f10c63e4e8fcbca30f?s=96&d=mm&r=g","caption":"Le Quotidien"},"sameAs":["https:\/\/lequotidien.mr\/"],"url":"https:\/\/lequotidien.mr\/?author=4"}]}},"_links":{"self":[{"href":"https:\/\/lequotidien.mr\/index.php?rest_route=\/wp\/v2\/posts\/29694","targetHints":{"allow":["GET"]}}],"collection":[{"href":"https:\/\/lequotidien.mr\/index.php?rest_route=\/wp\/v2\/posts"}],"about":[{"href":"https:\/\/lequotidien.mr\/index.php?rest_route=\/wp\/v2\/types\/post"}],"author":[{"embeddable":true,"href":"https:\/\/lequotidien.mr\/index.php?rest_route=\/wp\/v2\/users\/4"}],"replies":[{"embeddable":true,"href":"https:\/\/lequotidien.mr\/index.php?rest_route=%2Fwp%2Fv2%2Fcomments&post=29694"}],"version-history":[{"count":1,"href":"https:\/\/lequotidien.mr\/index.php?rest_route=\/wp\/v2\/posts\/29694\/revisions"}],"predecessor-version":[{"id":29696,"href":"https:\/\/lequotidien.mr\/index.php?rest_route=\/wp\/v2\/posts\/29694\/revisions\/29696"}],"wp:featuredmedia":[{"embeddable":true,"href":"https:\/\/lequotidien.mr\/index.php?rest_route=\/wp\/v2\/media\/29695"}],"wp:attachment":[{"href":"https:\/\/lequotidien.mr\/index.php?rest_route=%2Fwp%2Fv2%2Fmedia&parent=29694"}],"wp:term":[{"taxonomy":"category","embeddable":true,"href":"https:\/\/lequotidien.mr\/index.php?rest_route=%2Fwp%2Fv2%2Fcategories&post=29694"},{"taxonomy":"post_tag","embeddable":true,"href":"https:\/\/lequotidien.mr\/index.php?rest_route=%2Fwp%2Fv2%2Ftags&post=29694"}],"curies":[{"name":"wp","href":"https:\/\/api.w.org\/{rel}","templated":true}]}}