{"id":29690,"date":"2025-07-30T22:14:43","date_gmt":"2025-07-30T22:14:43","guid":{"rendered":"https:\/\/lequotidien.mr\/?p=29690"},"modified":"2025-07-30T22:14:43","modified_gmt":"2025-07-30T22:14:43","slug":"promotion-de-lemploi-un-accord-innovant-entre-letat-et-la-bnm-pour-booster-lemploi-notamment-des-personnes-handicapees","status":"publish","type":"post","link":"https:\/\/lequotidien.mr\/?p=29690&lang=fr","title":{"rendered":"Promotion de l\u2019emploi : Un accord innovant entre l&#8217;\u00c9tat et la BNM pour booster l&#8217;emploi, notamment des personnes handicap\u00e9es"},"content":{"rendered":"<p>Une initiative concr\u00e8te pour dynamiser le march\u00e9 de l&#8217;emploi local, avec un accent particulier sur l&#8217;inclusion, a \u00e9t\u00e9 lanc\u00e9e ce mercredi \u00e0 Nouakchott. Sous la supervision du Ministre de l\u2019Autonomisation des Jeunes, de l\u2019Emploi, des Sports et du Service civique, M. Mohamed Abdallahi Louly\u00a0; le ministre et la Banque Nationale de Mauritanie (BNM) ont sign\u00e9 un accord majeur. Cet accord pr\u00e9voit une\u00a0<strong>contribution financi\u00e8re de 50 millions d\u2019anciennes ouguiyas (MRO)<\/strong>\u00a0de la BNM vers le\u00a0compte de soutien \u00e0 l\u2019emploi des personnes handicap\u00e9es.<\/p>\n<p><strong>Un partenariat strat\u00e9gique pour l&#8217;emploi <\/strong><\/p>\n<p>L&#8217;accord, sign\u00e9 par M. Hamadi El Bekaye, Directeur G\u00e9n\u00e9ral de l\u2019Emploi, et M. Meimou Lab, Directeur Ex\u00e9cutif de la BNM, d\u00e9passe le simple geste financier. Il mat\u00e9rialise une\u00a0<strong>synergie public-priv\u00e9<\/strong>\u00a0essentielle pour relever les d\u00e9fis de l&#8217;emploi en Mauritanie. Son objectif central est triple :<\/p>\n<p><strong>-Promouvoir l&#8217;int\u00e9gration socio-professionnelle<\/strong>\u00a0d&#8217;une cat\u00e9gorie vuln\u00e9rable\u00a0;<\/p>\n<p><strong>-Soutenir le pouvoir d&#8217;achat<\/strong>\u00a0en aidant \u00e0 supporter les charges de la vie\u00a0;<\/p>\n<p><strong>-Int\u00e9grer durablement<\/strong>\u00a0les b\u00e9n\u00e9ficiaires dans le tissu \u00e9conomique national.<\/p>\n<p><strong>Un m\u00e9canisme innovant pour faciliter l&#8217;acc\u00e8s \u00e0 l&#8217;emploi <\/strong><\/p>\n<p>L&#8217;accord introduit un\u00a0<strong>dispositif volontaire alternatif<\/strong>\u00a0particuli\u00e8rement novateur. Il offre une solution aux institutions et entreprises qui, pour diverses raisons, ne peuvent recruter directement des personnes handicap\u00e9es. Celles-ci peuvent d\u00e9sormais\u00a0<strong>contribuer volontairement<\/strong>\u00a0\u00e0 un fonds d\u00e9di\u00e9. Ce fonds financera ensuite :<\/p>\n<p><strong>-Le<\/strong>\u00a0<strong>soutien \u00e0 l&#8217;emploi<\/strong>\u00a0des personnes handicap\u00e9es\u00a0;<\/p>\n<p><strong>-Des<\/strong>\u00a0<strong>projets d&#8217;entrepreneuriat<\/strong>\u00a0sp\u00e9cifiquement con\u00e7us en leur faveur.<\/p>\n<p>Ce m\u00e9canisme flexible \u00e9largit significativement les possibilit\u00e9s de participation du secteur priv\u00e9 \u00e0 la politique nationale d&#8217;emploi et d&#8217;inclusion.<\/p>\n<p><strong>Engagement du secteur priv\u00e9 et vision inclusive <\/strong><\/p>\n<p>M. Mohamed Abdallahi Noueigued, Pr\u00e9sident du groupe BNM, a plac\u00e9 cet accord dans une perspective large de promotion de l&#8217;emploi et des droits :<\/p>\n<p><strong>-Droit \u00e0 l&#8217;emploi et au d\u00e9veloppement :<\/strong>\u00a0Il a affirm\u00e9 que la contribution est &#8220;une expression sinc\u00e8re de la foi in\u00e9branlable dans le droit de chaque individu&#8230; \u00e0 une vie digne et \u00e0 une participation active au processus de d\u00e9veloppement national&#8221;\u00a0;<\/p>\n<p><strong>-N\u00e9cessit\u00e9 de l&#8217;inclusion :<\/strong>\u00a0<em>&#8220;Les personnes ayant des besoins sp\u00e9cifiques&#8230; font partie int\u00e9grante de son tissu (soci\u00e9tal)&#8221;<\/em>, m\u00e9ritant des &#8220;opportunit\u00e9s de formation, de qualification et d\u2019emploi adapt\u00e9es&#8221;.<\/p>\n<p>M. Noueigued a lanc\u00e9 un appel clair aux <em>&#8220;hommes d\u2019affaires et acteurs \u00e9conomiques&#8221;<\/em> pour qu&#8217;ils contribuent \u00e0 leur tour au soutien de cette cat\u00e9gorie, r\u00e9affirmant l&#8217;engagement de son groupe aux c\u00f4t\u00e9s de l&#8217;\u00c9tat dans les domaines cl\u00e9s de la formation et de l&#8217;emploi.<\/p>\n<p><strong>Validation par la soci\u00e9t\u00e9 civile et alignement politique <\/strong><\/p>\n<p>M. Lehbouss El Id, Pr\u00e9sident de la F\u00e9d\u00e9ration Mauritanienne des Associations Nationales des Personnes Handicap\u00e9es, a salu\u00e9 cet accord comme une preuve de la conjugaison efficace des efforts entre secteurs public et priv\u00e9.<\/p>\n<p>Pour lui, il s\u2019agit de l&#8217;incarnation de la\u00a0volont\u00e9 politique du Pr\u00e9sident de la R\u00e9publique,<strong> M. Mohamed Cheikh El Ghazouani<\/strong>, d&#8217;impliquer toutes les cat\u00e9gories<em>, &#8220;en particulier les plus vuln\u00e9rables&#8221;<\/em>, dans la dynamique de d\u00e9veloppement et d&#8217;acc\u00e8s \u00e0 l&#8217;emploi.<\/p>\n<p>Cette signature marque donc une avanc\u00e9e significative dans la politique de promotion de l&#8217;emploi en Mauritanie. Au-del\u00e0 du montant, l&#8217;accord cr\u00e9e un\u00a0<strong>levier financier et un m\u00e9canisme pratique<\/strong>\u00a0pour favoriser l&#8217;acc\u00e8s \u00e0 l&#8217;emploi et \u00e0 l&#8217;entreprenariat pour les personnes handicap\u00e9es, d\u00e9montrant une approche innovante de partenariat public-priv\u00e9. Il r\u00e9pond \u00e0 un imp\u00e9ratif d&#8217;\u00e9quit\u00e9 sociale tout en renfor\u00e7ant le tissu \u00e9conomique national par une meilleure inclusion. L&#8217;appel de la BNM \u00e0 d&#8217;autres acteurs \u00e9conomiques ouvre la voie \u00e0 une mobilisation plus large pour faire de l&#8217;emploi accessible et inclusif une r\u00e9alit\u00e9 tangible en Mauritanie.<\/p>\n","protected":false},"excerpt":{"rendered":"<p>Une initiative concr\u00e8te pour dynamiser le march\u00e9 de l&#8217;emploi local, avec un accent particulier sur l&#8217;inclusion, a \u00e9t\u00e9 lanc\u00e9e ce mercredi \u00e0 Nouakchott. Sous la supervision du Ministre de l\u2019Autonomisation des Jeunes, de l\u2019Emploi, des Sports et du Service civique, M. Mohamed Abdallahi Louly\u00a0; le ministre et la Banque Nationale de Mauritanie (BNM) ont sign\u00e9&#8230;..<\/p>\n","protected":false},"author":12,"featured_media":29697,"comment_status":"open","ping_status":"open","sticky":false,"template":"","format":"standard","meta":{"footnotes":""},"categories":[23,49],"tags":[],"class_list":["post-29690","post","type-post","status-publish","format-standard","has-post-thumbnail","hentry","category-actualite","category-economie"],"yoast_head":"<!-- This site is optimized with the Yoast SEO plugin v27.5 - https:\/\/yoast.com\/product\/yoast-seo-wordpress\/ -->\n<title>Promotion de l\u2019emploi : Un accord innovant entre l&#039;\u00c9tat et la BNM pour booster l&#039;emploi, notamment des personnes handicap\u00e9es - Le Quotidien de Nouakchott<\/title>\n<meta name=\"robots\" content=\"index, follow, max-snippet:-1, max-image-preview:large, max-video-preview:-1\" \/>\n<link rel=\"canonical\" href=\"https:\/\/lequotidien.mr\/?p=29690&lang=fr\" \/>\n<meta property=\"og:locale\" content=\"ar_AR\" \/>\n<meta property=\"og:type\" content=\"article\" \/>\n<meta property=\"og:title\" content=\"Promotion de l\u2019emploi : Un accord innovant entre l&#039;\u00c9tat et la BNM pour booster l&#039;emploi, notamment des personnes handicap\u00e9es - Le Quotidien de Nouakchott\" \/>\n<meta property=\"og:description\" content=\"Une initiative concr\u00e8te pour dynamiser le march\u00e9 de l&#8217;emploi local, avec un accent particulier sur l&#8217;inclusion, a \u00e9t\u00e9 lanc\u00e9e ce mercredi \u00e0 Nouakchott. Sous la supervision du Ministre de l\u2019Autonomisation des Jeunes, de l\u2019Emploi, des Sports et du Service civique, M. Mohamed Abdallahi Louly\u00a0; le ministre et la Banque Nationale de Mauritanie (BNM) ont sign\u00e9.....\" \/>\n<meta property=\"og:url\" content=\"https:\/\/lequotidien.mr\/?p=29690&amp;lang=fr\" \/>\n<meta property=\"og:site_name\" content=\"Le Quotidien de Nouakchott\" \/>\n<meta property=\"article:publisher\" content=\"https:\/\/web.facebook.com\/lequotidienmr\" \/>\n<meta property=\"article:published_time\" content=\"2025-07-30T22:14:43+00:00\" \/>\n<meta property=\"og:image\" content=\"https:\/\/lequotidien.mr\/wp-content\/uploads\/2025\/07\/photo-Mntere-BNM_-emploi.jpg\" \/>\n\t<meta property=\"og:image:width\" content=\"750\" \/>\n\t<meta property=\"og:image:height\" content=\"430\" \/>\n\t<meta property=\"og:image:type\" content=\"image\/jpeg\" \/>\n<meta name=\"author\" content=\"Med Ahmed\" \/>\n<meta name=\"twitter:card\" content=\"summary_large_image\" \/>\n<meta name=\"twitter:creator\" content=\"@lequotidienmr\" \/>\n<meta name=\"twitter:site\" content=\"@lequotidienmr\" \/>\n<meta name=\"twitter:label1\" content=\"\u0643\u064f\u062a\u0628 \u0628\u0648\u0627\u0633\u0637\u0629\" \/>\n\t<meta name=\"twitter:data1\" content=\"Med Ahmed\" \/>\n\t<meta name=\"twitter:label2\" content=\"\u0648\u0642\u062a \u0627\u0644\u0642\u0631\u0627\u0621\u0629 \u0627\u0644\u0645\u064f\u0642\u062f\u0651\u0631\" \/>\n\t<meta name=\"twitter:data2\" content=\"5 \u062f\u0642\u0627\u0626\u0642\" \/>\n<script type=\"application\/ld+json\" class=\"yoast-schema-graph\">{\"@context\":\"https:\\\/\\\/schema.org\",\"@graph\":[{\"@type\":\"Article\",\"@id\":\"https:\\\/\\\/lequotidien.mr\\\/?p=29690&lang=fr#article\",\"isPartOf\":{\"@id\":\"https:\\\/\\\/lequotidien.mr\\\/?p=29690&lang=fr\"},\"author\":{\"name\":\"Med Ahmed\",\"@id\":\"https:\\\/\\\/lequotidien.mr\\\/#\\\/schema\\\/person\\\/d2d350202a4d599685ed8abc25f97596\"},\"headline\":\"Promotion de l\u2019emploi : Un accord innovant entre l&#8217;\u00c9tat et la BNM pour booster l&#8217;emploi, notamment des personnes handicap\u00e9es\",\"datePublished\":\"2025-07-30T22:14:43+00:00\",\"mainEntityOfPage\":{\"@id\":\"https:\\\/\\\/lequotidien.mr\\\/?p=29690&lang=fr\"},\"wordCount\":667,\"commentCount\":0,\"publisher\":{\"@id\":\"https:\\\/\\\/lequotidien.mr\\\/#organization\"},\"image\":{\"@id\":\"https:\\\/\\\/lequotidien.mr\\\/?p=29690&lang=fr#primaryimage\"},\"thumbnailUrl\":\"https:\\\/\\\/lequotidien.mr\\\/wp-content\\\/uploads\\\/2025\\\/07\\\/photo-Mntere-BNM_-emploi.jpg\",\"articleSection\":[\"ACTUALIT\u00c9\",\"Economie\"],\"inLanguage\":\"ar\",\"potentialAction\":[{\"@type\":\"CommentAction\",\"name\":\"Comment\",\"target\":[\"https:\\\/\\\/lequotidien.mr\\\/?p=29690&lang=fr#respond\"]}]},{\"@type\":\"WebPage\",\"@id\":\"https:\\\/\\\/lequotidien.mr\\\/?p=29690&lang=fr\",\"url\":\"https:\\\/\\\/lequotidien.mr\\\/?p=29690&lang=fr\",\"name\":\"Promotion de l\u2019emploi : Un accord innovant entre l'\u00c9tat et la BNM pour booster l'emploi, notamment des personnes handicap\u00e9es - Le Quotidien de Nouakchott\",\"isPartOf\":{\"@id\":\"https:\\\/\\\/lequotidien.mr\\\/#website\"},\"primaryImageOfPage\":{\"@id\":\"https:\\\/\\\/lequotidien.mr\\\/?p=29690&lang=fr#primaryimage\"},\"image\":{\"@id\":\"https:\\\/\\\/lequotidien.mr\\\/?p=29690&lang=fr#primaryimage\"},\"thumbnailUrl\":\"https:\\\/\\\/lequotidien.mr\\\/wp-content\\\/uploads\\\/2025\\\/07\\\/photo-Mntere-BNM_-emploi.jpg\",\"datePublished\":\"2025-07-30T22:14:43+00:00\",\"breadcrumb\":{\"@id\":\"https:\\\/\\\/lequotidien.mr\\\/?p=29690&lang=fr#breadcrumb\"},\"inLanguage\":\"ar\",\"potentialAction\":[{\"@type\":\"ReadAction\",\"target\":[\"https:\\\/\\\/lequotidien.mr\\\/?p=29690&lang=fr\"]}]},{\"@type\":\"ImageObject\",\"inLanguage\":\"ar\",\"@id\":\"https:\\\/\\\/lequotidien.mr\\\/?p=29690&lang=fr#primaryimage\",\"url\":\"https:\\\/\\\/lequotidien.mr\\\/wp-content\\\/uploads\\\/2025\\\/07\\\/photo-Mntere-BNM_-emploi.jpg\",\"contentUrl\":\"https:\\\/\\\/lequotidien.mr\\\/wp-content\\\/uploads\\\/2025\\\/07\\\/photo-Mntere-BNM_-emploi.jpg\",\"width\":750,\"height\":430},{\"@type\":\"BreadcrumbList\",\"@id\":\"https:\\\/\\\/lequotidien.mr\\\/?p=29690&lang=fr#breadcrumb\",\"itemListElement\":[{\"@type\":\"ListItem\",\"position\":1,\"name\":\"Home\",\"item\":\"https:\\\/\\\/lequotidien.mr\\\/\"},{\"@type\":\"ListItem\",\"position\":2,\"name\":\"Promotion de l\u2019emploi : Un accord innovant entre l&rsquo;\u00c9tat et la BNM pour booster l&#8217;emploi, notamment des personnes handicap\u00e9es\"}]},{\"@type\":\"WebSite\",\"@id\":\"https:\\\/\\\/lequotidien.mr\\\/#website\",\"url\":\"https:\\\/\\\/lequotidien.mr\\\/\",\"name\":\"Le Quotidien de Nouakchott\",\"description\":\"\u0625\u062e\u0628\u0627\u0631\u064a\u0629 \u0645\u0633\u062a\u0642\u0644\u0629 \u0644\u0644\u0623\u0646\u0628\u0627\u0621 \u0627\u0644\u0639\u0627\u0645\u0629\",\"publisher\":{\"@id\":\"https:\\\/\\\/lequotidien.mr\\\/#organization\"},\"potentialAction\":[{\"@type\":\"SearchAction\",\"target\":{\"@type\":\"EntryPoint\",\"urlTemplate\":\"https:\\\/\\\/lequotidien.mr\\\/?s={search_term_string}\"},\"query-input\":{\"@type\":\"PropertyValueSpecification\",\"valueRequired\":true,\"valueName\":\"search_term_string\"}}],\"inLanguage\":\"ar\"},{\"@type\":\"Organization\",\"@id\":\"https:\\\/\\\/lequotidien.mr\\\/#organization\",\"name\":\"Le Quotidien de Nouakchott\",\"url\":\"https:\\\/\\\/lequotidien.mr\\\/\",\"logo\":{\"@type\":\"ImageObject\",\"inLanguage\":\"ar\",\"@id\":\"https:\\\/\\\/lequotidien.mr\\\/#\\\/schema\\\/logo\\\/image\\\/\",\"url\":\"https:\\\/\\\/lequotidien.mr\\\/wp-content\\\/uploads\\\/2022\\\/11\\\/logolequotidien.jpg\",\"contentUrl\":\"https:\\\/\\\/lequotidien.mr\\\/wp-content\\\/uploads\\\/2022\\\/11\\\/logolequotidien.jpg\",\"width\":290,\"height\":65,\"caption\":\"Le Quotidien de Nouakchott\"},\"image\":{\"@id\":\"https:\\\/\\\/lequotidien.mr\\\/#\\\/schema\\\/logo\\\/image\\\/\"},\"sameAs\":[\"https:\\\/\\\/web.facebook.com\\\/lequotidienmr\",\"https:\\\/\\\/x.com\\\/lequotidienmr\"]},{\"@type\":\"Person\",\"@id\":\"https:\\\/\\\/lequotidien.mr\\\/#\\\/schema\\\/person\\\/d2d350202a4d599685ed8abc25f97596\",\"name\":\"Med Ahmed\",\"image\":{\"@type\":\"ImageObject\",\"inLanguage\":\"ar\",\"@id\":\"https:\\\/\\\/secure.gravatar.com\\\/avatar\\\/fd2acc62ed50732923d1d39c17172c9b04149f142be92310ecc69e1358f94b52?s=96&d=mm&r=g\",\"url\":\"https:\\\/\\\/secure.gravatar.com\\\/avatar\\\/fd2acc62ed50732923d1d39c17172c9b04149f142be92310ecc69e1358f94b52?s=96&d=mm&r=g\",\"contentUrl\":\"https:\\\/\\\/secure.gravatar.com\\\/avatar\\\/fd2acc62ed50732923d1d39c17172c9b04149f142be92310ecc69e1358f94b52?s=96&d=mm&r=g\",\"caption\":\"Med Ahmed\"},\"url\":\"https:\\\/\\\/lequotidien.mr\\\/?author=12\"}]}<\/script>\n<!-- \/ Yoast SEO plugin. -->","yoast_head_json":{"title":"Promotion de l\u2019emploi : Un accord innovant entre l'\u00c9tat et la BNM pour booster l'emploi, notamment des personnes handicap\u00e9es - Le Quotidien de Nouakchott","robots":{"index":"index","follow":"follow","max-snippet":"max-snippet:-1","max-image-preview":"max-image-preview:large","max-video-preview":"max-video-preview:-1"},"canonical":"https:\/\/lequotidien.mr\/?p=29690&lang=fr","og_locale":"ar_AR","og_type":"article","og_title":"Promotion de l\u2019emploi : Un accord innovant entre l'\u00c9tat et la BNM pour booster l'emploi, notamment des personnes handicap\u00e9es - Le Quotidien de Nouakchott","og_description":"Une initiative concr\u00e8te pour dynamiser le march\u00e9 de l&#8217;emploi local, avec un accent particulier sur l&#8217;inclusion, a \u00e9t\u00e9 lanc\u00e9e ce mercredi \u00e0 Nouakchott. Sous la supervision du Ministre de l\u2019Autonomisation des Jeunes, de l\u2019Emploi, des Sports et du Service civique, M. Mohamed Abdallahi Louly\u00a0; le ministre et la Banque Nationale de Mauritanie (BNM) ont sign\u00e9.....","og_url":"https:\/\/lequotidien.mr\/?p=29690&lang=fr","og_site_name":"Le Quotidien de Nouakchott","article_publisher":"https:\/\/web.facebook.com\/lequotidienmr","article_published_time":"2025-07-30T22:14:43+00:00","og_image":[{"width":750,"height":430,"url":"https:\/\/lequotidien.mr\/wp-content\/uploads\/2025\/07\/photo-Mntere-BNM_-emploi.jpg","type":"image\/jpeg"}],"author":"Med Ahmed","twitter_card":"summary_large_image","twitter_creator":"@lequotidienmr","twitter_site":"@lequotidienmr","twitter_misc":{"\u0643\u064f\u062a\u0628 \u0628\u0648\u0627\u0633\u0637\u0629":"Med Ahmed","\u0648\u0642\u062a \u0627\u0644\u0642\u0631\u0627\u0621\u0629 \u0627\u0644\u0645\u064f\u0642\u062f\u0651\u0631":"5 \u062f\u0642\u0627\u0626\u0642"},"schema":{"@context":"https:\/\/schema.org","@graph":[{"@type":"Article","@id":"https:\/\/lequotidien.mr\/?p=29690&lang=fr#article","isPartOf":{"@id":"https:\/\/lequotidien.mr\/?p=29690&lang=fr"},"author":{"name":"Med Ahmed","@id":"https:\/\/lequotidien.mr\/#\/schema\/person\/d2d350202a4d599685ed8abc25f97596"},"headline":"Promotion de l\u2019emploi : Un accord innovant entre l&#8217;\u00c9tat et la BNM pour booster l&#8217;emploi, notamment des personnes handicap\u00e9es","datePublished":"2025-07-30T22:14:43+00:00","mainEntityOfPage":{"@id":"https:\/\/lequotidien.mr\/?p=29690&lang=fr"},"wordCount":667,"commentCount":0,"publisher":{"@id":"https:\/\/lequotidien.mr\/#organization"},"image":{"@id":"https:\/\/lequotidien.mr\/?p=29690&lang=fr#primaryimage"},"thumbnailUrl":"https:\/\/lequotidien.mr\/wp-content\/uploads\/2025\/07\/photo-Mntere-BNM_-emploi.jpg","articleSection":["ACTUALIT\u00c9","Economie"],"inLanguage":"ar","potentialAction":[{"@type":"CommentAction","name":"Comment","target":["https:\/\/lequotidien.mr\/?p=29690&lang=fr#respond"]}]},{"@type":"WebPage","@id":"https:\/\/lequotidien.mr\/?p=29690&lang=fr","url":"https:\/\/lequotidien.mr\/?p=29690&lang=fr","name":"Promotion de l\u2019emploi : Un accord innovant entre l'\u00c9tat et la BNM pour booster l'emploi, notamment des personnes handicap\u00e9es - Le Quotidien de Nouakchott","isPartOf":{"@id":"https:\/\/lequotidien.mr\/#website"},"primaryImageOfPage":{"@id":"https:\/\/lequotidien.mr\/?p=29690&lang=fr#primaryimage"},"image":{"@id":"https:\/\/lequotidien.mr\/?p=29690&lang=fr#primaryimage"},"thumbnailUrl":"https:\/\/lequotidien.mr\/wp-content\/uploads\/2025\/07\/photo-Mntere-BNM_-emploi.jpg","datePublished":"2025-07-30T22:14:43+00:00","breadcrumb":{"@id":"https:\/\/lequotidien.mr\/?p=29690&lang=fr#breadcrumb"},"inLanguage":"ar","potentialAction":[{"@type":"ReadAction","target":["https:\/\/lequotidien.mr\/?p=29690&lang=fr"]}]},{"@type":"ImageObject","inLanguage":"ar","@id":"https:\/\/lequotidien.mr\/?p=29690&lang=fr#primaryimage","url":"https:\/\/lequotidien.mr\/wp-content\/uploads\/2025\/07\/photo-Mntere-BNM_-emploi.jpg","contentUrl":"https:\/\/lequotidien.mr\/wp-content\/uploads\/2025\/07\/photo-Mntere-BNM_-emploi.jpg","width":750,"height":430},{"@type":"BreadcrumbList","@id":"https:\/\/lequotidien.mr\/?p=29690&lang=fr#breadcrumb","itemListElement":[{"@type":"ListItem","position":1,"name":"Home","item":"https:\/\/lequotidien.mr\/"},{"@type":"ListItem","position":2,"name":"Promotion de l\u2019emploi : Un accord innovant entre l&rsquo;\u00c9tat et la BNM pour booster l&#8217;emploi, notamment des personnes handicap\u00e9es"}]},{"@type":"WebSite","@id":"https:\/\/lequotidien.mr\/#website","url":"https:\/\/lequotidien.mr\/","name":"Le Quotidien de Nouakchott","description":"\u0625\u062e\u0628\u0627\u0631\u064a\u0629 \u0645\u0633\u062a\u0642\u0644\u0629 \u0644\u0644\u0623\u0646\u0628\u0627\u0621 \u0627\u0644\u0639\u0627\u0645\u0629","publisher":{"@id":"https:\/\/lequotidien.mr\/#organization"},"potentialAction":[{"@type":"SearchAction","target":{"@type":"EntryPoint","urlTemplate":"https:\/\/lequotidien.mr\/?s={search_term_string}"},"query-input":{"@type":"PropertyValueSpecification","valueRequired":true,"valueName":"search_term_string"}}],"inLanguage":"ar"},{"@type":"Organization","@id":"https:\/\/lequotidien.mr\/#organization","name":"Le Quotidien de Nouakchott","url":"https:\/\/lequotidien.mr\/","logo":{"@type":"ImageObject","inLanguage":"ar","@id":"https:\/\/lequotidien.mr\/#\/schema\/logo\/image\/","url":"https:\/\/lequotidien.mr\/wp-content\/uploads\/2022\/11\/logolequotidien.jpg","contentUrl":"https:\/\/lequotidien.mr\/wp-content\/uploads\/2022\/11\/logolequotidien.jpg","width":290,"height":65,"caption":"Le Quotidien de Nouakchott"},"image":{"@id":"https:\/\/lequotidien.mr\/#\/schema\/logo\/image\/"},"sameAs":["https:\/\/web.facebook.com\/lequotidienmr","https:\/\/x.com\/lequotidienmr"]},{"@type":"Person","@id":"https:\/\/lequotidien.mr\/#\/schema\/person\/d2d350202a4d599685ed8abc25f97596","name":"Med Ahmed","image":{"@type":"ImageObject","inLanguage":"ar","@id":"https:\/\/secure.gravatar.com\/avatar\/fd2acc62ed50732923d1d39c17172c9b04149f142be92310ecc69e1358f94b52?s=96&d=mm&r=g","url":"https:\/\/secure.gravatar.com\/avatar\/fd2acc62ed50732923d1d39c17172c9b04149f142be92310ecc69e1358f94b52?s=96&d=mm&r=g","contentUrl":"https:\/\/secure.gravatar.com\/avatar\/fd2acc62ed50732923d1d39c17172c9b04149f142be92310ecc69e1358f94b52?s=96&d=mm&r=g","caption":"Med Ahmed"},"url":"https:\/\/lequotidien.mr\/?author=12"}]}},"_links":{"self":[{"href":"https:\/\/lequotidien.mr\/index.php?rest_route=\/wp\/v2\/posts\/29690","targetHints":{"allow":["GET"]}}],"collection":[{"href":"https:\/\/lequotidien.mr\/index.php?rest_route=\/wp\/v2\/posts"}],"about":[{"href":"https:\/\/lequotidien.mr\/index.php?rest_route=\/wp\/v2\/types\/post"}],"author":[{"embeddable":true,"href":"https:\/\/lequotidien.mr\/index.php?rest_route=\/wp\/v2\/users\/12"}],"replies":[{"embeddable":true,"href":"https:\/\/lequotidien.mr\/index.php?rest_route=%2Fwp%2Fv2%2Fcomments&post=29690"}],"version-history":[{"count":1,"href":"https:\/\/lequotidien.mr\/index.php?rest_route=\/wp\/v2\/posts\/29690\/revisions"}],"predecessor-version":[{"id":29698,"href":"https:\/\/lequotidien.mr\/index.php?rest_route=\/wp\/v2\/posts\/29690\/revisions\/29698"}],"wp:featuredmedia":[{"embeddable":true,"href":"https:\/\/lequotidien.mr\/index.php?rest_route=\/wp\/v2\/media\/29697"}],"wp:attachment":[{"href":"https:\/\/lequotidien.mr\/index.php?rest_route=%2Fwp%2Fv2%2Fmedia&parent=29690"}],"wp:term":[{"taxonomy":"category","embeddable":true,"href":"https:\/\/lequotidien.mr\/index.php?rest_route=%2Fwp%2Fv2%2Fcategories&post=29690"},{"taxonomy":"post_tag","embeddable":true,"href":"https:\/\/lequotidien.mr\/index.php?rest_route=%2Fwp%2Fv2%2Ftags&post=29690"}],"curies":[{"name":"wp","href":"https:\/\/api.w.org\/{rel}","templated":true}]}}