{"id":29672,"date":"2025-07-30T10:33:46","date_gmt":"2025-07-30T10:33:46","guid":{"rendered":"https:\/\/lequotidien.mr\/?p=29672"},"modified":"2025-07-30T10:33:46","modified_gmt":"2025-07-30T10:33:46","slug":"lancement-de-conferences-sur-lautonomisation-des-jeunes-dans-toutes-les-wilayas","status":"publish","type":"post","link":"https:\/\/lequotidien.mr\/?p=29672&lang=fr","title":{"rendered":"Lancement de conf\u00e9rences sur l\u2019autonomisation des jeunes dans toutes les Wilayas"},"content":{"rendered":"<p>Sous l\u2019impulsion du Minist\u00e8re de l\u2019Autonomisation des Jeunes, de l\u2019Emploi, des Sports et du Service civique, une initiative d\u2019envergure nationale a pris son envol mardi dernier. Les premi\u00e8res activit\u00e9s de la Conf\u00e9rence nationale sur l\u2019autonomisation des jeunes ont \u00e9t\u00e9 lanc\u00e9es simultan\u00e9ment dans toutes les capitales r\u00e9gionales du pays, marquant le d\u00e9but d\u2019un vaste programme destin\u00e9 \u00e0 mobiliser et \u00e0 outiller la jeunesse mauritanienne.<\/p>\n<p>Cette s\u00e9rie de conf\u00e9rences r\u00e9gionales incarne une \u00e9tape strat\u00e9gique majeure. Elle vise \u00e0 f\u00e9d\u00e9rer les \u00e9nergies de la jeunesse sur l\u2019ensemble du territoire autour d\u2019un programme global ax\u00e9 sur l\u2019int\u00e9gration socio-\u00e9conomique, la formation professionnelle, la participation politique active et l\u2019autonomisation r\u00e9elle. Comme l&#8217;ont unanimement soulign\u00e9 les autorit\u00e9s lors des premi\u00e8res c\u00e9r\u00e9monies d&#8217;ouverture \u00e0 Ka\u00e9di (Gorgol), Nouadhibou (Daklet NDB), Tidjikja (Tagant), Aleg (Brakna), Atar (Adrar), Zouerate (Tiris Zemmour) et Rosso (Trarza), cette initiative concr\u00e9tise la vision et l\u2019engagement fort du Pr\u00e9sident de la R\u00e9publique, Monsieur Mohamed Cheikh El Ghazouani.<\/p>\n<p>&#8220;Ce mandat sera pour les jeunes et par les jeunes&#8221;, a rappel\u00e9 le Wali du Gorgol, M. Mohamed El Mokhtar Abdi, \u00e0 Ka\u00e9di, \u00e9cho fid\u00e8le des d\u00e9clarations faites par ses homologues dans les autres wilayas. Cet engagement pr\u00e9sidentiel, au c\u0153ur du programme &#8220;Mon ambition pour la patrie&#8221;, place r\u00e9solument la jeunesse comme acteur principal du d\u00e9veloppement national.<\/p>\n<p><strong>Des objectifs communs, des activit\u00e9s cibl\u00e9es<\/strong><\/p>\n<p>Partout, les objectifs affich\u00e9s convergent :<\/p>\n<p><strong>-Stimuler l&#8217;esprit d&#8217;innovation et d&#8217;initiative<\/strong>\u00a0chez les jeunes\u00a0;<\/p>\n<p><strong>-Renforcer leur engagement<\/strong>\u00a0et leur participation \u00e0 la promotion des politiques de d\u00e9veloppement et sociales\u00a0;<\/p>\n<p><strong>-Valoriser leur r\u00f4le indispensable<\/strong>\u00a0comme force vive sur les grandes questions nationales\u00a0;<\/p>\n<p><strong>-D\u00e9couvrir et r\u00e9compenser les talents<\/strong>\u00a0dans divers domaines.<\/p>\n<p>Pour y parvenir, un programme riche et vari\u00e9 sera d\u00e9ploy\u00e9 en\u00a0<strong>trois phases<\/strong>\u00a0selon les coordinateurs r\u00e9gionaux, comme M. Mohamed Oudeika (Gorgol) ou M. Ismail Najachi (Nouadhibou). Des \u00e9quipes de terrain sillonneront les 63 Moughataas du pays durant les mois de juillet et ao\u00fbt pour y organiser :<\/p>\n<p><strong>-Rencontres et s\u00e9minaires<\/strong>\u00a0de sensibilisation et de renforcement des comp\u00e9tences (entrepreneuriat, recherche d&#8217;emploi)\u00a0;<\/p>\n<p><strong>-Ateliers de formation<\/strong>\u00a0pratiques\u00a0;<\/p>\n<p><strong>-Cinq concours nationaux<\/strong>\u00a0r\u00e9compensant les meilleurs projets et initiatives dans des domaines cl\u00e9s :<\/p>\n<p><strong>Meilleures initiatives\/projets pour l&#8217;autonomisation des jeunes.<\/strong><\/p>\n<p><strong>Meilleurs projets de grandes, moyennes et petites entreprises (PME).<\/strong><\/p>\n<p><strong>Meilleures initiatives dans le domaine du service civique.<\/strong><\/p>\n<p><strong>Concours culturels et artistiques<\/strong>\u00a0(Po\u00e9sie, Th\u00e9\u00e2tre, Musique, Danse, Patrimoine).<\/p>\n<p><strong>Comp\u00e9titions sportives.<\/strong><\/p>\n<p><strong>Des activit\u00e9s culturelles, artistiques et sportives<\/strong>\u00a0serviront de support pour animer la vie locale, favoriser l&#8217;\u00e9panouissement et la coh\u00e9sion.<\/p>\n<p><strong>Mobilisation g\u00e9n\u00e9rale et attentes fortes<\/strong><\/p>\n<p>L&#8217;enthousiasme \u00e9tait palpable lors des inaugurations, en pr\u00e9sence des Walis, des Hakems, des maires, des responsables r\u00e9gionaux des minist\u00e8res concern\u00e9s, des chefs des services s\u00e9curitaires et militaires, et d&#8217;une jeunesse nombreuse et impliqu\u00e9e.<\/p>\n<p>\u00c0\u00a0<strong>Nouadhibou<\/strong>, la Maire adjointe, Mme Mana Chekar, a soulign\u00e9 que &#8220;investir dans la jeunesse n\u2019est pas une option, mais un devoir et une n\u00e9cessit\u00e9&#8221;.<\/p>\n<p>\u00c0\u00a0<strong>Tidjikja<\/strong>\u00a0(Tagant), le Wali M. Mohamed Ahmed Mouloud a appel\u00e9 les jeunes &#8220;\u00e0 \u00eatre \u00e0 la hauteur de la confiance qui leur est accord\u00e9e&#8221;.<\/p>\n<p>\u00c0\u00a0<strong>Aleg<\/strong>\u00a0(Brakna), le Wali Mou\u00e7aid Sidi Mohamed Abdallahi Ould Bounani a insist\u00e9 sur la promotion de &#8220;l&#8217;esprit de comp\u00e9tition positive&#8221; et de &#8220;la culture du volontariat&#8221;.<\/p>\n<p>\u00c0\u00a0<strong>Atar<\/strong>\u00a0(Adrar), le Coordinateur M. El Ghawth Ghassem a annonc\u00e9 que la conf\u00e9rence serait &#8220;couronn\u00e9e par une rencontre nationale r\u00e9unissant les jeunes autour du Pr\u00e9sident de la R\u00e9publique&#8221;.<\/p>\n<p>\u00c0\u00a0<strong>Zouerate<\/strong>\u00a0(Tiris Zemmour), le Wali M. Tiyeb Mohamed Mahmoud a mis en avant &#8220;l&#8217;opportunit\u00e9 pour explorer le potentiel des jeunes&#8230; et rechercher les moyens leur permettant de contribuer positivement et efficacement \u00e0 la construction de la nation&#8221;.<\/p>\n<p>\u00c0\u00a0<strong>Rosso<\/strong>\u00a0(Trarza), la Coordinatrice Mme Khadija Lekweiry a soulign\u00e9 la volont\u00e9 de &#8220;faire de la culture un moteur de d\u00e9veloppement \u00e9conomique et social&#8221;.<\/p>\n<p><strong>Une dynamique prometteuse<\/strong><\/p>\n<p>Le lancement r\u00e9ussi de ces conf\u00e9rences dans toutes les r\u00e9gions marque le d\u00e9but d&#8217;une dynamique nationale profond\u00e9ment ancr\u00e9e dans les territoires. En cherchant \u00e0 impliquer &#8220;toutes les couches et cat\u00e9gories de la jeunesse mauritanienne&#8221; sans exception, comme l&#8217;ont r\u00e9p\u00e9t\u00e9 les coordinateurs, cette initiative offre une plateforme unique. Elle vise non seulement \u00e0 former et \u00e0 informer, mais surtout \u00e0 \u00e9couter, \u00e0 valoriser et \u00e0 responsabiliser la jeunesse, consid\u00e9r\u00e9e comme le v\u00e9ritable levier du d\u00e9veloppement et de la stabilit\u00e9 future de la Mauritanie. Les prochaines semaines, riches en activit\u00e9s locales et en d\u00e9couvertes de talents, seront cruciales pour donner corps \u00e0 cette ambition nationale.<\/p>\n","protected":false},"excerpt":{"rendered":"<p>Sous l\u2019impulsion du Minist\u00e8re de l\u2019Autonomisation des Jeunes, de l\u2019Emploi, des Sports et du Service civique, une initiative d\u2019envergure nationale a pris son envol mardi dernier. Les premi\u00e8res activit\u00e9s de la Conf\u00e9rence nationale sur l\u2019autonomisation des jeunes ont \u00e9t\u00e9 lanc\u00e9es simultan\u00e9ment dans toutes les capitales r\u00e9gionales du pays, marquant le d\u00e9but d\u2019un vaste programme destin\u00e9&#8230;..<\/p>\n","protected":false},"author":12,"featured_media":29673,"comment_status":"open","ping_status":"open","sticky":false,"template":"","format":"standard","meta":{"footnotes":""},"categories":[23,49,55],"tags":[],"class_list":["post-29672","post","type-post","status-publish","format-standard","has-post-thumbnail","hentry","category-actualite","category-economie","category-culture"],"yoast_head":"<!-- This site is optimized with the Yoast SEO plugin v27.5 - https:\/\/yoast.com\/product\/yoast-seo-wordpress\/ -->\n<title>Lancement de conf\u00e9rences sur l\u2019autonomisation des jeunes dans toutes les Wilayas - Le Quotidien de Nouakchott<\/title>\n<meta name=\"robots\" content=\"index, follow, max-snippet:-1, max-image-preview:large, max-video-preview:-1\" \/>\n<link rel=\"canonical\" href=\"https:\/\/lequotidien.mr\/?p=29672&lang=fr\" \/>\n<meta property=\"og:locale\" content=\"ar_AR\" \/>\n<meta property=\"og:type\" content=\"article\" \/>\n<meta property=\"og:title\" content=\"Lancement de conf\u00e9rences sur l\u2019autonomisation des jeunes dans toutes les Wilayas - Le Quotidien de Nouakchott\" \/>\n<meta property=\"og:description\" content=\"Sous l\u2019impulsion du Minist\u00e8re de l\u2019Autonomisation des Jeunes, de l\u2019Emploi, des Sports et du Service civique, une initiative d\u2019envergure nationale a pris son envol mardi dernier. Les premi\u00e8res activit\u00e9s de la Conf\u00e9rence nationale sur l\u2019autonomisation des jeunes ont \u00e9t\u00e9 lanc\u00e9es simultan\u00e9ment dans toutes les capitales r\u00e9gionales du pays, marquant le d\u00e9but d\u2019un vaste programme destin\u00e9.....\" \/>\n<meta property=\"og:url\" content=\"https:\/\/lequotidien.mr\/?p=29672&amp;lang=fr\" \/>\n<meta property=\"og:site_name\" content=\"Le Quotidien de Nouakchott\" \/>\n<meta property=\"article:publisher\" content=\"https:\/\/web.facebook.com\/lequotidienmr\" \/>\n<meta property=\"article:published_time\" content=\"2025-07-30T10:33:46+00:00\" \/>\n<meta property=\"og:image\" content=\"https:\/\/lequotidien.mr\/wp-content\/uploads\/2025\/07\/Carte-RIM-_-Autonomisation-jeunes.jpeg\" \/>\n\t<meta property=\"og:image:width\" content=\"480\" \/>\n\t<meta property=\"og:image:height\" content=\"571\" \/>\n\t<meta property=\"og:image:type\" content=\"image\/jpeg\" \/>\n<meta name=\"author\" content=\"Med Ahmed\" \/>\n<meta name=\"twitter:card\" content=\"summary_large_image\" \/>\n<meta name=\"twitter:creator\" content=\"@lequotidienmr\" \/>\n<meta name=\"twitter:site\" content=\"@lequotidienmr\" \/>\n<meta name=\"twitter:label1\" content=\"\u0643\u064f\u062a\u0628 \u0628\u0648\u0627\u0633\u0637\u0629\" \/>\n\t<meta name=\"twitter:data1\" content=\"Med Ahmed\" \/>\n\t<meta name=\"twitter:label2\" content=\"\u0648\u0642\u062a \u0627\u0644\u0642\u0631\u0627\u0621\u0629 \u0627\u0644\u0645\u064f\u0642\u062f\u0651\u0631\" \/>\n\t<meta name=\"twitter:data2\" content=\"6 \u062f\u0642\u0627\u0626\u0642\" \/>\n<script type=\"application\/ld+json\" class=\"yoast-schema-graph\">{\"@context\":\"https:\\\/\\\/schema.org\",\"@graph\":[{\"@type\":\"Article\",\"@id\":\"https:\\\/\\\/lequotidien.mr\\\/?p=29672&lang=fr#article\",\"isPartOf\":{\"@id\":\"https:\\\/\\\/lequotidien.mr\\\/?p=29672&lang=fr\"},\"author\":{\"name\":\"Med Ahmed\",\"@id\":\"https:\\\/\\\/lequotidien.mr\\\/#\\\/schema\\\/person\\\/d2d350202a4d599685ed8abc25f97596\"},\"headline\":\"Lancement de conf\u00e9rences sur l\u2019autonomisation des jeunes dans toutes les Wilayas\",\"datePublished\":\"2025-07-30T10:33:46+00:00\",\"mainEntityOfPage\":{\"@id\":\"https:\\\/\\\/lequotidien.mr\\\/?p=29672&lang=fr\"},\"wordCount\":805,\"commentCount\":0,\"publisher\":{\"@id\":\"https:\\\/\\\/lequotidien.mr\\\/#organization\"},\"image\":{\"@id\":\"https:\\\/\\\/lequotidien.mr\\\/?p=29672&lang=fr#primaryimage\"},\"thumbnailUrl\":\"https:\\\/\\\/lequotidien.mr\\\/wp-content\\\/uploads\\\/2025\\\/07\\\/Carte-RIM-_-Autonomisation-jeunes.jpeg\",\"articleSection\":[\"ACTUALIT\u00c9\",\"Economie\",\"Culture\"],\"inLanguage\":\"ar\",\"potentialAction\":[{\"@type\":\"CommentAction\",\"name\":\"Comment\",\"target\":[\"https:\\\/\\\/lequotidien.mr\\\/?p=29672&lang=fr#respond\"]}]},{\"@type\":\"WebPage\",\"@id\":\"https:\\\/\\\/lequotidien.mr\\\/?p=29672&lang=fr\",\"url\":\"https:\\\/\\\/lequotidien.mr\\\/?p=29672&lang=fr\",\"name\":\"Lancement de conf\u00e9rences sur l\u2019autonomisation des jeunes dans toutes les Wilayas - Le Quotidien de Nouakchott\",\"isPartOf\":{\"@id\":\"https:\\\/\\\/lequotidien.mr\\\/#website\"},\"primaryImageOfPage\":{\"@id\":\"https:\\\/\\\/lequotidien.mr\\\/?p=29672&lang=fr#primaryimage\"},\"image\":{\"@id\":\"https:\\\/\\\/lequotidien.mr\\\/?p=29672&lang=fr#primaryimage\"},\"thumbnailUrl\":\"https:\\\/\\\/lequotidien.mr\\\/wp-content\\\/uploads\\\/2025\\\/07\\\/Carte-RIM-_-Autonomisation-jeunes.jpeg\",\"datePublished\":\"2025-07-30T10:33:46+00:00\",\"breadcrumb\":{\"@id\":\"https:\\\/\\\/lequotidien.mr\\\/?p=29672&lang=fr#breadcrumb\"},\"inLanguage\":\"ar\",\"potentialAction\":[{\"@type\":\"ReadAction\",\"target\":[\"https:\\\/\\\/lequotidien.mr\\\/?p=29672&lang=fr\"]}]},{\"@type\":\"ImageObject\",\"inLanguage\":\"ar\",\"@id\":\"https:\\\/\\\/lequotidien.mr\\\/?p=29672&lang=fr#primaryimage\",\"url\":\"https:\\\/\\\/lequotidien.mr\\\/wp-content\\\/uploads\\\/2025\\\/07\\\/Carte-RIM-_-Autonomisation-jeunes.jpeg\",\"contentUrl\":\"https:\\\/\\\/lequotidien.mr\\\/wp-content\\\/uploads\\\/2025\\\/07\\\/Carte-RIM-_-Autonomisation-jeunes.jpeg\",\"width\":480,\"height\":571},{\"@type\":\"BreadcrumbList\",\"@id\":\"https:\\\/\\\/lequotidien.mr\\\/?p=29672&lang=fr#breadcrumb\",\"itemListElement\":[{\"@type\":\"ListItem\",\"position\":1,\"name\":\"Home\",\"item\":\"https:\\\/\\\/lequotidien.mr\\\/\"},{\"@type\":\"ListItem\",\"position\":2,\"name\":\"Lancement de conf\u00e9rences sur l\u2019autonomisation des jeunes dans toutes les Wilayas\"}]},{\"@type\":\"WebSite\",\"@id\":\"https:\\\/\\\/lequotidien.mr\\\/#website\",\"url\":\"https:\\\/\\\/lequotidien.mr\\\/\",\"name\":\"Le Quotidien de Nouakchott\",\"description\":\"\u0625\u062e\u0628\u0627\u0631\u064a\u0629 \u0645\u0633\u062a\u0642\u0644\u0629 \u0644\u0644\u0623\u0646\u0628\u0627\u0621 \u0627\u0644\u0639\u0627\u0645\u0629\",\"publisher\":{\"@id\":\"https:\\\/\\\/lequotidien.mr\\\/#organization\"},\"potentialAction\":[{\"@type\":\"SearchAction\",\"target\":{\"@type\":\"EntryPoint\",\"urlTemplate\":\"https:\\\/\\\/lequotidien.mr\\\/?s={search_term_string}\"},\"query-input\":{\"@type\":\"PropertyValueSpecification\",\"valueRequired\":true,\"valueName\":\"search_term_string\"}}],\"inLanguage\":\"ar\"},{\"@type\":\"Organization\",\"@id\":\"https:\\\/\\\/lequotidien.mr\\\/#organization\",\"name\":\"Le Quotidien de Nouakchott\",\"url\":\"https:\\\/\\\/lequotidien.mr\\\/\",\"logo\":{\"@type\":\"ImageObject\",\"inLanguage\":\"ar\",\"@id\":\"https:\\\/\\\/lequotidien.mr\\\/#\\\/schema\\\/logo\\\/image\\\/\",\"url\":\"https:\\\/\\\/lequotidien.mr\\\/wp-content\\\/uploads\\\/2022\\\/11\\\/logolequotidien.jpg\",\"contentUrl\":\"https:\\\/\\\/lequotidien.mr\\\/wp-content\\\/uploads\\\/2022\\\/11\\\/logolequotidien.jpg\",\"width\":290,\"height\":65,\"caption\":\"Le Quotidien de Nouakchott\"},\"image\":{\"@id\":\"https:\\\/\\\/lequotidien.mr\\\/#\\\/schema\\\/logo\\\/image\\\/\"},\"sameAs\":[\"https:\\\/\\\/web.facebook.com\\\/lequotidienmr\",\"https:\\\/\\\/x.com\\\/lequotidienmr\"]},{\"@type\":\"Person\",\"@id\":\"https:\\\/\\\/lequotidien.mr\\\/#\\\/schema\\\/person\\\/d2d350202a4d599685ed8abc25f97596\",\"name\":\"Med Ahmed\",\"image\":{\"@type\":\"ImageObject\",\"inLanguage\":\"ar\",\"@id\":\"https:\\\/\\\/secure.gravatar.com\\\/avatar\\\/fd2acc62ed50732923d1d39c17172c9b04149f142be92310ecc69e1358f94b52?s=96&d=mm&r=g\",\"url\":\"https:\\\/\\\/secure.gravatar.com\\\/avatar\\\/fd2acc62ed50732923d1d39c17172c9b04149f142be92310ecc69e1358f94b52?s=96&d=mm&r=g\",\"contentUrl\":\"https:\\\/\\\/secure.gravatar.com\\\/avatar\\\/fd2acc62ed50732923d1d39c17172c9b04149f142be92310ecc69e1358f94b52?s=96&d=mm&r=g\",\"caption\":\"Med Ahmed\"},\"url\":\"https:\\\/\\\/lequotidien.mr\\\/?author=12\"}]}<\/script>\n<!-- \/ Yoast SEO plugin. -->","yoast_head_json":{"title":"Lancement de conf\u00e9rences sur l\u2019autonomisation des jeunes dans toutes les Wilayas - Le Quotidien de Nouakchott","robots":{"index":"index","follow":"follow","max-snippet":"max-snippet:-1","max-image-preview":"max-image-preview:large","max-video-preview":"max-video-preview:-1"},"canonical":"https:\/\/lequotidien.mr\/?p=29672&lang=fr","og_locale":"ar_AR","og_type":"article","og_title":"Lancement de conf\u00e9rences sur l\u2019autonomisation des jeunes dans toutes les Wilayas - Le Quotidien de Nouakchott","og_description":"Sous l\u2019impulsion du Minist\u00e8re de l\u2019Autonomisation des Jeunes, de l\u2019Emploi, des Sports et du Service civique, une initiative d\u2019envergure nationale a pris son envol mardi dernier. Les premi\u00e8res activit\u00e9s de la Conf\u00e9rence nationale sur l\u2019autonomisation des jeunes ont \u00e9t\u00e9 lanc\u00e9es simultan\u00e9ment dans toutes les capitales r\u00e9gionales du pays, marquant le d\u00e9but d\u2019un vaste programme destin\u00e9.....","og_url":"https:\/\/lequotidien.mr\/?p=29672&lang=fr","og_site_name":"Le Quotidien de Nouakchott","article_publisher":"https:\/\/web.facebook.com\/lequotidienmr","article_published_time":"2025-07-30T10:33:46+00:00","og_image":[{"width":480,"height":571,"url":"https:\/\/lequotidien.mr\/wp-content\/uploads\/2025\/07\/Carte-RIM-_-Autonomisation-jeunes.jpeg","type":"image\/jpeg"}],"author":"Med Ahmed","twitter_card":"summary_large_image","twitter_creator":"@lequotidienmr","twitter_site":"@lequotidienmr","twitter_misc":{"\u0643\u064f\u062a\u0628 \u0628\u0648\u0627\u0633\u0637\u0629":"Med Ahmed","\u0648\u0642\u062a \u0627\u0644\u0642\u0631\u0627\u0621\u0629 \u0627\u0644\u0645\u064f\u0642\u062f\u0651\u0631":"6 \u062f\u0642\u0627\u0626\u0642"},"schema":{"@context":"https:\/\/schema.org","@graph":[{"@type":"Article","@id":"https:\/\/lequotidien.mr\/?p=29672&lang=fr#article","isPartOf":{"@id":"https:\/\/lequotidien.mr\/?p=29672&lang=fr"},"author":{"name":"Med Ahmed","@id":"https:\/\/lequotidien.mr\/#\/schema\/person\/d2d350202a4d599685ed8abc25f97596"},"headline":"Lancement de conf\u00e9rences sur l\u2019autonomisation des jeunes dans toutes les Wilayas","datePublished":"2025-07-30T10:33:46+00:00","mainEntityOfPage":{"@id":"https:\/\/lequotidien.mr\/?p=29672&lang=fr"},"wordCount":805,"commentCount":0,"publisher":{"@id":"https:\/\/lequotidien.mr\/#organization"},"image":{"@id":"https:\/\/lequotidien.mr\/?p=29672&lang=fr#primaryimage"},"thumbnailUrl":"https:\/\/lequotidien.mr\/wp-content\/uploads\/2025\/07\/Carte-RIM-_-Autonomisation-jeunes.jpeg","articleSection":["ACTUALIT\u00c9","Economie","Culture"],"inLanguage":"ar","potentialAction":[{"@type":"CommentAction","name":"Comment","target":["https:\/\/lequotidien.mr\/?p=29672&lang=fr#respond"]}]},{"@type":"WebPage","@id":"https:\/\/lequotidien.mr\/?p=29672&lang=fr","url":"https:\/\/lequotidien.mr\/?p=29672&lang=fr","name":"Lancement de conf\u00e9rences sur l\u2019autonomisation des jeunes dans toutes les Wilayas - Le Quotidien de Nouakchott","isPartOf":{"@id":"https:\/\/lequotidien.mr\/#website"},"primaryImageOfPage":{"@id":"https:\/\/lequotidien.mr\/?p=29672&lang=fr#primaryimage"},"image":{"@id":"https:\/\/lequotidien.mr\/?p=29672&lang=fr#primaryimage"},"thumbnailUrl":"https:\/\/lequotidien.mr\/wp-content\/uploads\/2025\/07\/Carte-RIM-_-Autonomisation-jeunes.jpeg","datePublished":"2025-07-30T10:33:46+00:00","breadcrumb":{"@id":"https:\/\/lequotidien.mr\/?p=29672&lang=fr#breadcrumb"},"inLanguage":"ar","potentialAction":[{"@type":"ReadAction","target":["https:\/\/lequotidien.mr\/?p=29672&lang=fr"]}]},{"@type":"ImageObject","inLanguage":"ar","@id":"https:\/\/lequotidien.mr\/?p=29672&lang=fr#primaryimage","url":"https:\/\/lequotidien.mr\/wp-content\/uploads\/2025\/07\/Carte-RIM-_-Autonomisation-jeunes.jpeg","contentUrl":"https:\/\/lequotidien.mr\/wp-content\/uploads\/2025\/07\/Carte-RIM-_-Autonomisation-jeunes.jpeg","width":480,"height":571},{"@type":"BreadcrumbList","@id":"https:\/\/lequotidien.mr\/?p=29672&lang=fr#breadcrumb","itemListElement":[{"@type":"ListItem","position":1,"name":"Home","item":"https:\/\/lequotidien.mr\/"},{"@type":"ListItem","position":2,"name":"Lancement de conf\u00e9rences sur l\u2019autonomisation des jeunes dans toutes les Wilayas"}]},{"@type":"WebSite","@id":"https:\/\/lequotidien.mr\/#website","url":"https:\/\/lequotidien.mr\/","name":"Le Quotidien de Nouakchott","description":"\u0625\u062e\u0628\u0627\u0631\u064a\u0629 \u0645\u0633\u062a\u0642\u0644\u0629 \u0644\u0644\u0623\u0646\u0628\u0627\u0621 \u0627\u0644\u0639\u0627\u0645\u0629","publisher":{"@id":"https:\/\/lequotidien.mr\/#organization"},"potentialAction":[{"@type":"SearchAction","target":{"@type":"EntryPoint","urlTemplate":"https:\/\/lequotidien.mr\/?s={search_term_string}"},"query-input":{"@type":"PropertyValueSpecification","valueRequired":true,"valueName":"search_term_string"}}],"inLanguage":"ar"},{"@type":"Organization","@id":"https:\/\/lequotidien.mr\/#organization","name":"Le Quotidien de Nouakchott","url":"https:\/\/lequotidien.mr\/","logo":{"@type":"ImageObject","inLanguage":"ar","@id":"https:\/\/lequotidien.mr\/#\/schema\/logo\/image\/","url":"https:\/\/lequotidien.mr\/wp-content\/uploads\/2022\/11\/logolequotidien.jpg","contentUrl":"https:\/\/lequotidien.mr\/wp-content\/uploads\/2022\/11\/logolequotidien.jpg","width":290,"height":65,"caption":"Le Quotidien de Nouakchott"},"image":{"@id":"https:\/\/lequotidien.mr\/#\/schema\/logo\/image\/"},"sameAs":["https:\/\/web.facebook.com\/lequotidienmr","https:\/\/x.com\/lequotidienmr"]},{"@type":"Person","@id":"https:\/\/lequotidien.mr\/#\/schema\/person\/d2d350202a4d599685ed8abc25f97596","name":"Med Ahmed","image":{"@type":"ImageObject","inLanguage":"ar","@id":"https:\/\/secure.gravatar.com\/avatar\/fd2acc62ed50732923d1d39c17172c9b04149f142be92310ecc69e1358f94b52?s=96&d=mm&r=g","url":"https:\/\/secure.gravatar.com\/avatar\/fd2acc62ed50732923d1d39c17172c9b04149f142be92310ecc69e1358f94b52?s=96&d=mm&r=g","contentUrl":"https:\/\/secure.gravatar.com\/avatar\/fd2acc62ed50732923d1d39c17172c9b04149f142be92310ecc69e1358f94b52?s=96&d=mm&r=g","caption":"Med Ahmed"},"url":"https:\/\/lequotidien.mr\/?author=12"}]}},"_links":{"self":[{"href":"https:\/\/lequotidien.mr\/index.php?rest_route=\/wp\/v2\/posts\/29672","targetHints":{"allow":["GET"]}}],"collection":[{"href":"https:\/\/lequotidien.mr\/index.php?rest_route=\/wp\/v2\/posts"}],"about":[{"href":"https:\/\/lequotidien.mr\/index.php?rest_route=\/wp\/v2\/types\/post"}],"author":[{"embeddable":true,"href":"https:\/\/lequotidien.mr\/index.php?rest_route=\/wp\/v2\/users\/12"}],"replies":[{"embeddable":true,"href":"https:\/\/lequotidien.mr\/index.php?rest_route=%2Fwp%2Fv2%2Fcomments&post=29672"}],"version-history":[{"count":1,"href":"https:\/\/lequotidien.mr\/index.php?rest_route=\/wp\/v2\/posts\/29672\/revisions"}],"predecessor-version":[{"id":29674,"href":"https:\/\/lequotidien.mr\/index.php?rest_route=\/wp\/v2\/posts\/29672\/revisions\/29674"}],"wp:featuredmedia":[{"embeddable":true,"href":"https:\/\/lequotidien.mr\/index.php?rest_route=\/wp\/v2\/media\/29673"}],"wp:attachment":[{"href":"https:\/\/lequotidien.mr\/index.php?rest_route=%2Fwp%2Fv2%2Fmedia&parent=29672"}],"wp:term":[{"taxonomy":"category","embeddable":true,"href":"https:\/\/lequotidien.mr\/index.php?rest_route=%2Fwp%2Fv2%2Fcategories&post=29672"},{"taxonomy":"post_tag","embeddable":true,"href":"https:\/\/lequotidien.mr\/index.php?rest_route=%2Fwp%2Fv2%2Ftags&post=29672"}],"curies":[{"name":"wp","href":"https:\/\/api.w.org\/{rel}","templated":true}]}}