{"id":2966,"date":"2023-01-10T10:27:14","date_gmt":"2023-01-10T10:27:14","guid":{"rendered":"https:\/\/lequotidien.mr\/?p=2966"},"modified":"2023-01-10T10:27:14","modified_gmt":"2023-01-10T10:27:14","slug":"la-mauritanie-representee-au-congres-minier-mondial-en-arabie-saoudite","status":"publish","type":"post","link":"https:\/\/lequotidien.mr\/?p=2966&lang=fr","title":{"rendered":"La Mauritanie repr\u00e9sent\u00e9e au congr\u00e8s minier mondial en Arabie Saoudite"},"content":{"rendered":"<p><strong>Sahara M\u00e9dias<\/strong>\u00a0&#8211; Riadh, la capitale saoudienne, accueille mardi et pendant trois jours, la deuxi\u00e8me \u00e9dition du congr\u00e8s minier mondial \u00e0 laquelle participent plus de 200 intervenants venus de diff\u00e9rents pays du monde.<\/p>\n<p>La Mauritanie sera repr\u00e9sent\u00e9e \u00e0 ce congr\u00e8s par le ministre du p\u00e9trole, de l\u2019\u00e9nergie et des mines Abdessalam ould Mohamed Saleh.<\/p>\n<p>Ce congr\u00e8s qui se tient sous le haut patronage du roi Selmane Ibn Abdel Aziz Al Saoud examinera un ensemble de sujets li\u00e9s au secteur minier, les d\u00e9veloppements \u00e9conomiques et environnementaux dans le monde qui affectent l\u2019industrie mini\u00e8re dans la r\u00e9gion, les pratiques environnementales et sociales de par la concurrence et l\u2019\u00e9galit\u00e9 des chances.<\/p>\n<p>Il se penchera \u00e9galement sur ce que sera la soci\u00e9t\u00e9 mini\u00e8re dans l\u2019avenir, l\u2019ad\u00e9quation entre l\u2019offre et la demande et le r\u00f4le de la r\u00e9gion pour combler le foss\u00e9.<\/p>\n<p>Lors d\u2019une conf\u00e9rence de presse, l\u2019ing\u00e9nieur Khaled El Moudeyfir, vice-ministre saoudien des industries et la richesse mini\u00e8re a dit que ce congr\u00e8s constitue une tribune mondiale globale qui offre l\u2019opportunit\u00e9 aux investisseurs, les soci\u00e9t\u00e9s mini\u00e8res et les parties concern\u00e9es par les mines de par le monde, de se rencontrer et d\u2019\u00eatre \u00e9difi\u00e9s sur les possibilit\u00e9s et les opportunit\u00e9s du secteur minier dans les r\u00e9gions naissantes.<\/p>\n<p>Ce congr\u00e8s doit \u00eatre pr\u00e9c\u00e9d\u00e9 de la deuxi\u00e8me conf\u00e9rence minist\u00e9rielle annuelle le 10 janvier avec la participation de 60 pays repr\u00e9sent\u00e9s par 40 ministres et 18 hauts responsables en plus de 10 organisations r\u00e9gionales et internationales.<\/p>\n<p>La r\u00e9union abordera une s\u00e9rie de sujets, notamment le d\u00e9veloppement de la r\u00e9gion, l\u2019augmentation de ses contributions aux cha\u00eenes de valeur et d\u2019approvisionnement des min\u00e9raux critiques, la promotion d\u2019une exploitation mini\u00e8re responsable et durable et l\u2019augmentation de la valeur de la richesse min\u00e9rale de la r\u00e9gion.<\/p>\n","protected":false},"excerpt":{"rendered":"<p>Sahara M\u00e9dias\u00a0&#8211; Riadh, la capitale saoudienne, accueille mardi et pendant trois jours, la deuxi\u00e8me \u00e9dition du congr\u00e8s minier mondial \u00e0 laquelle participent plus de 200 intervenants venus de diff\u00e9rents pays du monde. La Mauritanie sera repr\u00e9sent\u00e9e \u00e0 ce congr\u00e8s par le ministre du p\u00e9trole, de l\u2019\u00e9nergie et des mines Abdessalam ould Mohamed Saleh. Ce congr\u00e8s&#8230;..<\/p>\n","protected":false},"author":5,"featured_media":2967,"comment_status":"open","ping_status":"open","sticky":false,"template":"","format":"standard","meta":{"footnotes":""},"categories":[23,49],"tags":[],"class_list":["post-2966","post","type-post","status-publish","format-standard","has-post-thumbnail","hentry","category-actualite","category-economie"],"yoast_head":"<!-- This site is optimized with the Yoast SEO plugin v27.5 - https:\/\/yoast.com\/product\/yoast-seo-wordpress\/ -->\n<title>La Mauritanie repr\u00e9sent\u00e9e au congr\u00e8s minier mondial en Arabie Saoudite - Le Quotidien de Nouakchott<\/title>\n<meta name=\"robots\" content=\"index, follow, max-snippet:-1, max-image-preview:large, max-video-preview:-1\" \/>\n<link rel=\"canonical\" href=\"https:\/\/lequotidien.mr\/?p=2966&lang=fr\" \/>\n<meta property=\"og:locale\" content=\"ar_AR\" \/>\n<meta property=\"og:type\" content=\"article\" \/>\n<meta property=\"og:title\" content=\"La Mauritanie repr\u00e9sent\u00e9e au congr\u00e8s minier mondial en Arabie Saoudite - Le Quotidien de Nouakchott\" \/>\n<meta property=\"og:description\" content=\"Sahara M\u00e9dias\u00a0&#8211; Riadh, la capitale saoudienne, accueille mardi et pendant trois jours, la deuxi\u00e8me \u00e9dition du congr\u00e8s minier mondial \u00e0 laquelle participent plus de 200 intervenants venus de diff\u00e9rents pays du monde. La Mauritanie sera repr\u00e9sent\u00e9e \u00e0 ce congr\u00e8s par le ministre du p\u00e9trole, de l\u2019\u00e9nergie et des mines Abdessalam ould Mohamed Saleh. Ce congr\u00e8s.....\" \/>\n<meta property=\"og:url\" content=\"https:\/\/lequotidien.mr\/?p=2966&amp;lang=fr\" \/>\n<meta property=\"og:site_name\" content=\"Le Quotidien de Nouakchott\" \/>\n<meta property=\"article:publisher\" content=\"https:\/\/web.facebook.com\/lequotidienmr\" \/>\n<meta property=\"article:published_time\" content=\"2023-01-10T10:27:14+00:00\" \/>\n<meta property=\"og:image\" content=\"https:\/\/lequotidien.mr\/wp-content\/uploads\/2023\/01\/ministre_petrole_abdessalam_apim_WQg3LmN_X3.jpg\" \/>\n\t<meta property=\"og:image:width\" content=\"1600\" \/>\n\t<meta property=\"og:image:height\" content=\"1068\" \/>\n\t<meta property=\"og:image:type\" content=\"image\/jpeg\" \/>\n<meta name=\"author\" content=\"Gayi Diawara\" \/>\n<meta name=\"twitter:card\" content=\"summary_large_image\" \/>\n<meta name=\"twitter:creator\" content=\"@lequotidienmr\" \/>\n<meta name=\"twitter:site\" content=\"@lequotidienmr\" \/>\n<meta name=\"twitter:label1\" content=\"\u0643\u064f\u062a\u0628 \u0628\u0648\u0627\u0633\u0637\u0629\" \/>\n\t<meta name=\"twitter:data1\" content=\"Gayi Diawara\" \/>\n\t<meta name=\"twitter:label2\" content=\"\u0648\u0642\u062a \u0627\u0644\u0642\u0631\u0627\u0621\u0629 \u0627\u0644\u0645\u064f\u0642\u062f\u0651\u0631\" \/>\n\t<meta name=\"twitter:data2\" content=\"\u062f\u0642\u064a\u0642\u062a\u0627\u0646\" \/>\n<script type=\"application\/ld+json\" class=\"yoast-schema-graph\">{\"@context\":\"https:\\\/\\\/schema.org\",\"@graph\":[{\"@type\":\"Article\",\"@id\":\"https:\\\/\\\/lequotidien.mr\\\/?p=2966&lang=fr#article\",\"isPartOf\":{\"@id\":\"https:\\\/\\\/lequotidien.mr\\\/?p=2966&lang=fr\"},\"author\":{\"name\":\"Gayi Diawara\",\"@id\":\"https:\\\/\\\/lequotidien.mr\\\/#\\\/schema\\\/person\\\/1077c8abd5640a6514b909318d271dee\"},\"headline\":\"La Mauritanie repr\u00e9sent\u00e9e au congr\u00e8s minier mondial en Arabie Saoudite\",\"datePublished\":\"2023-01-10T10:27:14+00:00\",\"mainEntityOfPage\":{\"@id\":\"https:\\\/\\\/lequotidien.mr\\\/?p=2966&lang=fr\"},\"wordCount\":351,\"commentCount\":0,\"publisher\":{\"@id\":\"https:\\\/\\\/lequotidien.mr\\\/#organization\"},\"image\":{\"@id\":\"https:\\\/\\\/lequotidien.mr\\\/?p=2966&lang=fr#primaryimage\"},\"thumbnailUrl\":\"https:\\\/\\\/lequotidien.mr\\\/wp-content\\\/uploads\\\/2023\\\/01\\\/ministre_petrole_abdessalam_apim_WQg3LmN_X3.jpg\",\"articleSection\":[\"ACTUALIT\u00c9\",\"Economie\"],\"inLanguage\":\"ar\",\"potentialAction\":[{\"@type\":\"CommentAction\",\"name\":\"Comment\",\"target\":[\"https:\\\/\\\/lequotidien.mr\\\/?p=2966&lang=fr#respond\"]}]},{\"@type\":\"WebPage\",\"@id\":\"https:\\\/\\\/lequotidien.mr\\\/?p=2966&lang=fr\",\"url\":\"https:\\\/\\\/lequotidien.mr\\\/?p=2966&lang=fr\",\"name\":\"La Mauritanie repr\u00e9sent\u00e9e au congr\u00e8s minier mondial en Arabie Saoudite - Le Quotidien de Nouakchott\",\"isPartOf\":{\"@id\":\"https:\\\/\\\/lequotidien.mr\\\/#website\"},\"primaryImageOfPage\":{\"@id\":\"https:\\\/\\\/lequotidien.mr\\\/?p=2966&lang=fr#primaryimage\"},\"image\":{\"@id\":\"https:\\\/\\\/lequotidien.mr\\\/?p=2966&lang=fr#primaryimage\"},\"thumbnailUrl\":\"https:\\\/\\\/lequotidien.mr\\\/wp-content\\\/uploads\\\/2023\\\/01\\\/ministre_petrole_abdessalam_apim_WQg3LmN_X3.jpg\",\"datePublished\":\"2023-01-10T10:27:14+00:00\",\"breadcrumb\":{\"@id\":\"https:\\\/\\\/lequotidien.mr\\\/?p=2966&lang=fr#breadcrumb\"},\"inLanguage\":\"ar\",\"potentialAction\":[{\"@type\":\"ReadAction\",\"target\":[\"https:\\\/\\\/lequotidien.mr\\\/?p=2966&lang=fr\"]}]},{\"@type\":\"ImageObject\",\"inLanguage\":\"ar\",\"@id\":\"https:\\\/\\\/lequotidien.mr\\\/?p=2966&lang=fr#primaryimage\",\"url\":\"https:\\\/\\\/lequotidien.mr\\\/wp-content\\\/uploads\\\/2023\\\/01\\\/ministre_petrole_abdessalam_apim_WQg3LmN_X3.jpg\",\"contentUrl\":\"https:\\\/\\\/lequotidien.mr\\\/wp-content\\\/uploads\\\/2023\\\/01\\\/ministre_petrole_abdessalam_apim_WQg3LmN_X3.jpg\",\"width\":1600,\"height\":1068},{\"@type\":\"BreadcrumbList\",\"@id\":\"https:\\\/\\\/lequotidien.mr\\\/?p=2966&lang=fr#breadcrumb\",\"itemListElement\":[{\"@type\":\"ListItem\",\"position\":1,\"name\":\"Home\",\"item\":\"https:\\\/\\\/lequotidien.mr\\\/\"},{\"@type\":\"ListItem\",\"position\":2,\"name\":\"La Mauritanie repr\u00e9sent\u00e9e au congr\u00e8s minier mondial en Arabie Saoudite\"}]},{\"@type\":\"WebSite\",\"@id\":\"https:\\\/\\\/lequotidien.mr\\\/#website\",\"url\":\"https:\\\/\\\/lequotidien.mr\\\/\",\"name\":\"Le Quotidien de Nouakchott\",\"description\":\"\u0625\u062e\u0628\u0627\u0631\u064a\u0629 \u0645\u0633\u062a\u0642\u0644\u0629 \u0644\u0644\u0623\u0646\u0628\u0627\u0621 \u0627\u0644\u0639\u0627\u0645\u0629\",\"publisher\":{\"@id\":\"https:\\\/\\\/lequotidien.mr\\\/#organization\"},\"potentialAction\":[{\"@type\":\"SearchAction\",\"target\":{\"@type\":\"EntryPoint\",\"urlTemplate\":\"https:\\\/\\\/lequotidien.mr\\\/?s={search_term_string}\"},\"query-input\":{\"@type\":\"PropertyValueSpecification\",\"valueRequired\":true,\"valueName\":\"search_term_string\"}}],\"inLanguage\":\"ar\"},{\"@type\":\"Organization\",\"@id\":\"https:\\\/\\\/lequotidien.mr\\\/#organization\",\"name\":\"Le Quotidien de Nouakchott\",\"url\":\"https:\\\/\\\/lequotidien.mr\\\/\",\"logo\":{\"@type\":\"ImageObject\",\"inLanguage\":\"ar\",\"@id\":\"https:\\\/\\\/lequotidien.mr\\\/#\\\/schema\\\/logo\\\/image\\\/\",\"url\":\"https:\\\/\\\/lequotidien.mr\\\/wp-content\\\/uploads\\\/2022\\\/11\\\/logolequotidien.jpg\",\"contentUrl\":\"https:\\\/\\\/lequotidien.mr\\\/wp-content\\\/uploads\\\/2022\\\/11\\\/logolequotidien.jpg\",\"width\":290,\"height\":65,\"caption\":\"Le Quotidien de Nouakchott\"},\"image\":{\"@id\":\"https:\\\/\\\/lequotidien.mr\\\/#\\\/schema\\\/logo\\\/image\\\/\"},\"sameAs\":[\"https:\\\/\\\/web.facebook.com\\\/lequotidienmr\",\"https:\\\/\\\/x.com\\\/lequotidienmr\"]},{\"@type\":\"Person\",\"@id\":\"https:\\\/\\\/lequotidien.mr\\\/#\\\/schema\\\/person\\\/1077c8abd5640a6514b909318d271dee\",\"name\":\"Gayi Diawara\",\"image\":{\"@type\":\"ImageObject\",\"inLanguage\":\"ar\",\"@id\":\"https:\\\/\\\/secure.gravatar.com\\\/avatar\\\/63ea8db1e19a6d2d608b24c0f78b5f3a7d6e0bc11959fec273410af333e4d0ac?s=96&d=mm&r=g\",\"url\":\"https:\\\/\\\/secure.gravatar.com\\\/avatar\\\/63ea8db1e19a6d2d608b24c0f78b5f3a7d6e0bc11959fec273410af333e4d0ac?s=96&d=mm&r=g\",\"contentUrl\":\"https:\\\/\\\/secure.gravatar.com\\\/avatar\\\/63ea8db1e19a6d2d608b24c0f78b5f3a7d6e0bc11959fec273410af333e4d0ac?s=96&d=mm&r=g\",\"caption\":\"Gayi Diawara\"},\"sameAs\":[\"http:\\\/\\\/lequotidien.mr\"],\"url\":\"https:\\\/\\\/lequotidien.mr\\\/?author=5\"}]}<\/script>\n<!-- \/ Yoast SEO plugin. -->","yoast_head_json":{"title":"La Mauritanie repr\u00e9sent\u00e9e au congr\u00e8s minier mondial en Arabie Saoudite - Le Quotidien de Nouakchott","robots":{"index":"index","follow":"follow","max-snippet":"max-snippet:-1","max-image-preview":"max-image-preview:large","max-video-preview":"max-video-preview:-1"},"canonical":"https:\/\/lequotidien.mr\/?p=2966&lang=fr","og_locale":"ar_AR","og_type":"article","og_title":"La Mauritanie repr\u00e9sent\u00e9e au congr\u00e8s minier mondial en Arabie Saoudite - Le Quotidien de Nouakchott","og_description":"Sahara M\u00e9dias\u00a0&#8211; Riadh, la capitale saoudienne, accueille mardi et pendant trois jours, la deuxi\u00e8me \u00e9dition du congr\u00e8s minier mondial \u00e0 laquelle participent plus de 200 intervenants venus de diff\u00e9rents pays du monde. La Mauritanie sera repr\u00e9sent\u00e9e \u00e0 ce congr\u00e8s par le ministre du p\u00e9trole, de l\u2019\u00e9nergie et des mines Abdessalam ould Mohamed Saleh. Ce congr\u00e8s.....","og_url":"https:\/\/lequotidien.mr\/?p=2966&lang=fr","og_site_name":"Le Quotidien de Nouakchott","article_publisher":"https:\/\/web.facebook.com\/lequotidienmr","article_published_time":"2023-01-10T10:27:14+00:00","og_image":[{"width":1600,"height":1068,"url":"https:\/\/lequotidien.mr\/wp-content\/uploads\/2023\/01\/ministre_petrole_abdessalam_apim_WQg3LmN_X3.jpg","type":"image\/jpeg"}],"author":"Gayi Diawara","twitter_card":"summary_large_image","twitter_creator":"@lequotidienmr","twitter_site":"@lequotidienmr","twitter_misc":{"\u0643\u064f\u062a\u0628 \u0628\u0648\u0627\u0633\u0637\u0629":"Gayi Diawara","\u0648\u0642\u062a \u0627\u0644\u0642\u0631\u0627\u0621\u0629 \u0627\u0644\u0645\u064f\u0642\u062f\u0651\u0631":"\u062f\u0642\u064a\u0642\u062a\u0627\u0646"},"schema":{"@context":"https:\/\/schema.org","@graph":[{"@type":"Article","@id":"https:\/\/lequotidien.mr\/?p=2966&lang=fr#article","isPartOf":{"@id":"https:\/\/lequotidien.mr\/?p=2966&lang=fr"},"author":{"name":"Gayi Diawara","@id":"https:\/\/lequotidien.mr\/#\/schema\/person\/1077c8abd5640a6514b909318d271dee"},"headline":"La Mauritanie repr\u00e9sent\u00e9e au congr\u00e8s minier mondial en Arabie Saoudite","datePublished":"2023-01-10T10:27:14+00:00","mainEntityOfPage":{"@id":"https:\/\/lequotidien.mr\/?p=2966&lang=fr"},"wordCount":351,"commentCount":0,"publisher":{"@id":"https:\/\/lequotidien.mr\/#organization"},"image":{"@id":"https:\/\/lequotidien.mr\/?p=2966&lang=fr#primaryimage"},"thumbnailUrl":"https:\/\/lequotidien.mr\/wp-content\/uploads\/2023\/01\/ministre_petrole_abdessalam_apim_WQg3LmN_X3.jpg","articleSection":["ACTUALIT\u00c9","Economie"],"inLanguage":"ar","potentialAction":[{"@type":"CommentAction","name":"Comment","target":["https:\/\/lequotidien.mr\/?p=2966&lang=fr#respond"]}]},{"@type":"WebPage","@id":"https:\/\/lequotidien.mr\/?p=2966&lang=fr","url":"https:\/\/lequotidien.mr\/?p=2966&lang=fr","name":"La Mauritanie repr\u00e9sent\u00e9e au congr\u00e8s minier mondial en Arabie Saoudite - Le Quotidien de Nouakchott","isPartOf":{"@id":"https:\/\/lequotidien.mr\/#website"},"primaryImageOfPage":{"@id":"https:\/\/lequotidien.mr\/?p=2966&lang=fr#primaryimage"},"image":{"@id":"https:\/\/lequotidien.mr\/?p=2966&lang=fr#primaryimage"},"thumbnailUrl":"https:\/\/lequotidien.mr\/wp-content\/uploads\/2023\/01\/ministre_petrole_abdessalam_apim_WQg3LmN_X3.jpg","datePublished":"2023-01-10T10:27:14+00:00","breadcrumb":{"@id":"https:\/\/lequotidien.mr\/?p=2966&lang=fr#breadcrumb"},"inLanguage":"ar","potentialAction":[{"@type":"ReadAction","target":["https:\/\/lequotidien.mr\/?p=2966&lang=fr"]}]},{"@type":"ImageObject","inLanguage":"ar","@id":"https:\/\/lequotidien.mr\/?p=2966&lang=fr#primaryimage","url":"https:\/\/lequotidien.mr\/wp-content\/uploads\/2023\/01\/ministre_petrole_abdessalam_apim_WQg3LmN_X3.jpg","contentUrl":"https:\/\/lequotidien.mr\/wp-content\/uploads\/2023\/01\/ministre_petrole_abdessalam_apim_WQg3LmN_X3.jpg","width":1600,"height":1068},{"@type":"BreadcrumbList","@id":"https:\/\/lequotidien.mr\/?p=2966&lang=fr#breadcrumb","itemListElement":[{"@type":"ListItem","position":1,"name":"Home","item":"https:\/\/lequotidien.mr\/"},{"@type":"ListItem","position":2,"name":"La Mauritanie repr\u00e9sent\u00e9e au congr\u00e8s minier mondial en Arabie Saoudite"}]},{"@type":"WebSite","@id":"https:\/\/lequotidien.mr\/#website","url":"https:\/\/lequotidien.mr\/","name":"Le Quotidien de Nouakchott","description":"\u0625\u062e\u0628\u0627\u0631\u064a\u0629 \u0645\u0633\u062a\u0642\u0644\u0629 \u0644\u0644\u0623\u0646\u0628\u0627\u0621 \u0627\u0644\u0639\u0627\u0645\u0629","publisher":{"@id":"https:\/\/lequotidien.mr\/#organization"},"potentialAction":[{"@type":"SearchAction","target":{"@type":"EntryPoint","urlTemplate":"https:\/\/lequotidien.mr\/?s={search_term_string}"},"query-input":{"@type":"PropertyValueSpecification","valueRequired":true,"valueName":"search_term_string"}}],"inLanguage":"ar"},{"@type":"Organization","@id":"https:\/\/lequotidien.mr\/#organization","name":"Le Quotidien de Nouakchott","url":"https:\/\/lequotidien.mr\/","logo":{"@type":"ImageObject","inLanguage":"ar","@id":"https:\/\/lequotidien.mr\/#\/schema\/logo\/image\/","url":"https:\/\/lequotidien.mr\/wp-content\/uploads\/2022\/11\/logolequotidien.jpg","contentUrl":"https:\/\/lequotidien.mr\/wp-content\/uploads\/2022\/11\/logolequotidien.jpg","width":290,"height":65,"caption":"Le Quotidien de Nouakchott"},"image":{"@id":"https:\/\/lequotidien.mr\/#\/schema\/logo\/image\/"},"sameAs":["https:\/\/web.facebook.com\/lequotidienmr","https:\/\/x.com\/lequotidienmr"]},{"@type":"Person","@id":"https:\/\/lequotidien.mr\/#\/schema\/person\/1077c8abd5640a6514b909318d271dee","name":"Gayi Diawara","image":{"@type":"ImageObject","inLanguage":"ar","@id":"https:\/\/secure.gravatar.com\/avatar\/63ea8db1e19a6d2d608b24c0f78b5f3a7d6e0bc11959fec273410af333e4d0ac?s=96&d=mm&r=g","url":"https:\/\/secure.gravatar.com\/avatar\/63ea8db1e19a6d2d608b24c0f78b5f3a7d6e0bc11959fec273410af333e4d0ac?s=96&d=mm&r=g","contentUrl":"https:\/\/secure.gravatar.com\/avatar\/63ea8db1e19a6d2d608b24c0f78b5f3a7d6e0bc11959fec273410af333e4d0ac?s=96&d=mm&r=g","caption":"Gayi Diawara"},"sameAs":["http:\/\/lequotidien.mr"],"url":"https:\/\/lequotidien.mr\/?author=5"}]}},"_links":{"self":[{"href":"https:\/\/lequotidien.mr\/index.php?rest_route=\/wp\/v2\/posts\/2966","targetHints":{"allow":["GET"]}}],"collection":[{"href":"https:\/\/lequotidien.mr\/index.php?rest_route=\/wp\/v2\/posts"}],"about":[{"href":"https:\/\/lequotidien.mr\/index.php?rest_route=\/wp\/v2\/types\/post"}],"author":[{"embeddable":true,"href":"https:\/\/lequotidien.mr\/index.php?rest_route=\/wp\/v2\/users\/5"}],"replies":[{"embeddable":true,"href":"https:\/\/lequotidien.mr\/index.php?rest_route=%2Fwp%2Fv2%2Fcomments&post=2966"}],"version-history":[{"count":1,"href":"https:\/\/lequotidien.mr\/index.php?rest_route=\/wp\/v2\/posts\/2966\/revisions"}],"predecessor-version":[{"id":2968,"href":"https:\/\/lequotidien.mr\/index.php?rest_route=\/wp\/v2\/posts\/2966\/revisions\/2968"}],"wp:featuredmedia":[{"embeddable":true,"href":"https:\/\/lequotidien.mr\/index.php?rest_route=\/wp\/v2\/media\/2967"}],"wp:attachment":[{"href":"https:\/\/lequotidien.mr\/index.php?rest_route=%2Fwp%2Fv2%2Fmedia&parent=2966"}],"wp:term":[{"taxonomy":"category","embeddable":true,"href":"https:\/\/lequotidien.mr\/index.php?rest_route=%2Fwp%2Fv2%2Fcategories&post=2966"},{"taxonomy":"post_tag","embeddable":true,"href":"https:\/\/lequotidien.mr\/index.php?rest_route=%2Fwp%2Fv2%2Ftags&post=2966"}],"curies":[{"name":"wp","href":"https:\/\/api.w.org\/{rel}","templated":true}]}}