{"id":29642,"date":"2025-07-28T23:47:32","date_gmt":"2025-07-28T23:47:32","guid":{"rendered":"https:\/\/lequotidien.mr\/?p=29642"},"modified":"2025-07-28T23:47:32","modified_gmt":"2025-07-28T23:47:32","slug":"kiffa-vibre-au-rythme-des-dattes-la-ministre-du-tourisme-salue-un-festival-levant-pour-le-tourisme-interieur","status":"publish","type":"post","link":"https:\/\/lequotidien.mr\/?p=29642&lang=fr","title":{"rendered":"Kiffa vibre au rythme des dattes : La Ministre du tourisme salue un Festival &#8220;Levant&#8221; pour le tourisme int\u00e9rieur"},"content":{"rendered":"<p>En marge du\u00a0<strong>4\u00e8me Festival International des Dattes<\/strong>, la Ministre du Commerce et du Tourisme, Mme Zeinabou Ahmadnah, a exprim\u00e9 son enthousiasme pour l&#8217;ambiance dynamique et la mobilisation observ\u00e9es \u00e0 Kiffa. Lors d&#8217;une visite officielle ce week-end, elle a soulign\u00e9 le r\u00f4le cl\u00e9 de cet \u00e9v\u00e9nement dans la promotion du\u00a0<strong>tourisme int\u00e9rieur<\/strong>, r\u00e9pondant ainsi aux directives du Pr\u00e9sident de la R\u00e9publique, Mohamed Cheikh El Ghazouani.<\/p>\n<p><strong>Une vitrine culturelle et \u00e9conomique<\/strong><\/p>\n<p>Accompagn\u00e9e du Ministre de la Culture, El Hussein Medou, et du wali de l&#8217;Assaba, Ahmedou Adahi Khteira, Mme Ahmadnah a salu\u00e9 :<\/p>\n<p><strong>-La forte participation<\/strong>\u00a0\u00e0 l&#8217;exposition des dattes, mettant en lumi\u00e8re la diversit\u00e9 des productions locales\u00a0;<\/p>\n<p><strong>-L&#8217;engouement<\/strong>\u00a0pour les activit\u00e9s culturelles en marge du festival, t\u00e9moignant du &#8220;potentiel culturel et civilisationnel&#8221; de la wilaya.<\/p>\n<p><em>&#8220;Ce festival est un levier essentiel pour dynamiser l&#8217;\u00e9conomie locale et valoriser notre patrimoine&#8221;<\/em>, a-t-elle d\u00e9clar\u00e9, soulignant l&#8217;alignement avec la vision pr\u00e9sidentielle incitant fonctionnaires et citoyens \u00e0 d\u00e9couvrir l&#8217;int\u00e9rieur du pays.<\/p>\n<p><strong>Inspection des infrastructures touristiques<\/strong><\/p>\n<p>La d\u00e9l\u00e9gation minist\u00e9rielle a men\u00e9 une\u00a0<strong>tourn\u00e9e d&#8217;inspection<\/strong>\u00a0strat\u00e9gique :<\/p>\n<p><strong>-H\u00f4tels et Sites Touristiques<\/strong>\u00a0: \u00c9valuation des capacit\u00e9s d&#8217;accueil et des services, avec des \u00e9changes d\u00e9taill\u00e9s sur leur r\u00f4le dans le d\u00e9veloppement du tourisme domestique\u00a0;<\/p>\n<p><strong>-Mus\u00e9e Banahi Sidi<\/strong>\u00a0: D\u00e9couverte des collections documentant la r\u00e9sistance anticoloniale, soulignant la\u00a0<strong>dimension historique<\/strong>\u00a0de Kiffa comme pilier identitaire mauritanien.<\/p>\n<p><strong>Perspectives saisonni\u00e8res prometteuses<\/strong><\/p>\n<p>La ministre a par ailleurs not\u00e9 des\u00a0<strong>indicateurs positifs<\/strong>\u00a0pour la saison touristique :<\/p>\n<p><strong>-Pr\u00e9visions pluviom\u00e9triques favorables<\/strong>, annon\u00e7ant un environnement naturel attractif\u00a0;<\/p>\n<p><strong>-Ambiance propice<\/strong>\u00a0d\u00e9j\u00e0 palpable pour les visiteurs nationaux et internationaux.<br \/>\nElle a remerci\u00e9 les autorit\u00e9s locales pour leurs efforts d&#8217;accueil, cruciales pour attirer les vacanciers mauritaniens dans la wilaya.<\/p>\n<p><strong>Un engagement gouvernemental clair<\/strong><\/p>\n<p>Dans son allocution, Mme Ahmadnah a rappel\u00e9 la\u00a0<strong>double mission<\/strong>\u00a0du festival :<\/p>\n<p><em>&#8220;Conjuguer valorisation agricole (les dattes) et activation du tourisme int\u00e9rieur, conform\u00e9ment \u00e0 la feuille de route du Pr\u00e9sident Ghazouani pour soutenir les \u00e9conomies r\u00e9gionales.&#8221;<\/em><br \/>\nCette \u00e9dition confirme Kiffa comme un\u00a0<strong>p\u00f4le \u00e9mergent<\/strong>\u00a0du tourisme culturel et patrimonial, renforc\u00e9 par des infrastructures en d\u00e9veloppement et une mobilisation institutionnelle sans pr\u00e9c\u00e9dent.<\/p>\n<p><strong>\u00c0 retenir<\/strong><strong>\u00a0:<br \/>\n<\/strong>&#8211;<strong>20+ vari\u00e9t\u00e9s de dattes<\/strong>\u00a0expos\u00e9es<br \/>\n&#8211;<strong>Mus\u00e9e Banahi Sidi<\/strong>\u00a0: Symbole de r\u00e9sistance nationale<br \/>\n&#8211;<strong>Strat\u00e9gie gouvernementale<\/strong>\u00a0active pour booster le tourisme int\u00e9rieur<br \/>\n<strong>-S<\/strong><strong>aison touristique 2025<\/strong>\u00a0annonc\u00e9e sous de bons auspices<\/p>\n<p>Ce festival s&#8217;impose ainsi comme un mod\u00e8le de synergie entre\u00a0<strong>agriculture, culture et tourisme<\/strong>, au service du d\u00e9veloppement territorial mauritanien.<\/p>\n<p>&nbsp;<\/p>\n","protected":false},"excerpt":{"rendered":"<p>En marge du\u00a04\u00e8me Festival International des Dattes, la Ministre du Commerce et du Tourisme, Mme Zeinabou Ahmadnah, a exprim\u00e9 son enthousiasme pour l&#8217;ambiance dynamique et la mobilisation observ\u00e9es \u00e0 Kiffa. Lors d&#8217;une visite officielle ce week-end, elle a soulign\u00e9 le r\u00f4le cl\u00e9 de cet \u00e9v\u00e9nement dans la promotion du\u00a0tourisme int\u00e9rieur, r\u00e9pondant ainsi aux directives du&#8230;..<\/p>\n","protected":false},"author":12,"featured_media":29643,"comment_status":"open","ping_status":"open","sticky":false,"template":"","format":"standard","meta":{"footnotes":""},"categories":[23,49],"tags":[],"class_list":["post-29642","post","type-post","status-publish","format-standard","has-post-thumbnail","hentry","category-actualite","category-economie"],"yoast_head":"<!-- This site is optimized with the Yoast SEO plugin v27.5 - https:\/\/yoast.com\/product\/yoast-seo-wordpress\/ -->\n<title>Kiffa vibre au rythme des dattes : La Ministre du tourisme salue un Festival &quot;Levant&quot; pour le tourisme int\u00e9rieur - Le Quotidien de Nouakchott<\/title>\n<meta name=\"robots\" content=\"index, follow, max-snippet:-1, max-image-preview:large, max-video-preview:-1\" \/>\n<link rel=\"canonical\" href=\"https:\/\/lequotidien.mr\/?p=29642&lang=fr\" \/>\n<meta property=\"og:locale\" content=\"ar_AR\" \/>\n<meta property=\"og:type\" content=\"article\" \/>\n<meta property=\"og:title\" content=\"Kiffa vibre au rythme des dattes : La Ministre du tourisme salue un Festival &quot;Levant&quot; pour le tourisme int\u00e9rieur - Le Quotidien de Nouakchott\" \/>\n<meta property=\"og:description\" content=\"En marge du\u00a04\u00e8me Festival International des Dattes, la Ministre du Commerce et du Tourisme, Mme Zeinabou Ahmadnah, a exprim\u00e9 son enthousiasme pour l&#8217;ambiance dynamique et la mobilisation observ\u00e9es \u00e0 Kiffa. Lors d&#8217;une visite officielle ce week-end, elle a soulign\u00e9 le r\u00f4le cl\u00e9 de cet \u00e9v\u00e9nement dans la promotion du\u00a0tourisme int\u00e9rieur, r\u00e9pondant ainsi aux directives du.....\" \/>\n<meta property=\"og:url\" content=\"https:\/\/lequotidien.mr\/?p=29642&amp;lang=fr\" \/>\n<meta property=\"og:site_name\" content=\"Le Quotidien de Nouakchott\" \/>\n<meta property=\"article:publisher\" content=\"https:\/\/web.facebook.com\/lequotidienmr\" \/>\n<meta property=\"article:published_time\" content=\"2025-07-28T23:47:32+00:00\" \/>\n<meta property=\"og:image\" content=\"https:\/\/lequotidien.mr\/wp-content\/uploads\/2025\/07\/photo-potentialites-tourisme.jpg\" \/>\n\t<meta property=\"og:image:width\" content=\"750\" \/>\n\t<meta property=\"og:image:height\" content=\"430\" \/>\n\t<meta property=\"og:image:type\" content=\"image\/jpeg\" \/>\n<meta name=\"author\" content=\"Med Ahmed\" \/>\n<meta name=\"twitter:card\" content=\"summary_large_image\" \/>\n<meta name=\"twitter:creator\" content=\"@lequotidienmr\" \/>\n<meta name=\"twitter:site\" content=\"@lequotidienmr\" \/>\n<meta name=\"twitter:label1\" content=\"\u0643\u064f\u062a\u0628 \u0628\u0648\u0627\u0633\u0637\u0629\" \/>\n\t<meta name=\"twitter:data1\" content=\"Med Ahmed\" \/>\n\t<meta name=\"twitter:label2\" content=\"\u0648\u0642\u062a \u0627\u0644\u0642\u0631\u0627\u0621\u0629 \u0627\u0644\u0645\u064f\u0642\u062f\u0651\u0631\" \/>\n\t<meta name=\"twitter:data2\" content=\"3 \u062f\u0642\u0627\u0626\u0642\" \/>\n<script type=\"application\/ld+json\" class=\"yoast-schema-graph\">{\"@context\":\"https:\\\/\\\/schema.org\",\"@graph\":[{\"@type\":\"Article\",\"@id\":\"https:\\\/\\\/lequotidien.mr\\\/?p=29642&lang=fr#article\",\"isPartOf\":{\"@id\":\"https:\\\/\\\/lequotidien.mr\\\/?p=29642&lang=fr\"},\"author\":{\"name\":\"Med Ahmed\",\"@id\":\"https:\\\/\\\/lequotidien.mr\\\/#\\\/schema\\\/person\\\/d2d350202a4d599685ed8abc25f97596\"},\"headline\":\"Kiffa vibre au rythme des dattes : La Ministre du tourisme salue un Festival &#8220;Levant&#8221; pour le tourisme int\u00e9rieur\",\"datePublished\":\"2025-07-28T23:47:32+00:00\",\"mainEntityOfPage\":{\"@id\":\"https:\\\/\\\/lequotidien.mr\\\/?p=29642&lang=fr\"},\"wordCount\":460,\"commentCount\":0,\"publisher\":{\"@id\":\"https:\\\/\\\/lequotidien.mr\\\/#organization\"},\"image\":{\"@id\":\"https:\\\/\\\/lequotidien.mr\\\/?p=29642&lang=fr#primaryimage\"},\"thumbnailUrl\":\"https:\\\/\\\/lequotidien.mr\\\/wp-content\\\/uploads\\\/2025\\\/07\\\/photo-potentialites-tourisme.jpg\",\"articleSection\":[\"ACTUALIT\u00c9\",\"Economie\"],\"inLanguage\":\"ar\",\"potentialAction\":[{\"@type\":\"CommentAction\",\"name\":\"Comment\",\"target\":[\"https:\\\/\\\/lequotidien.mr\\\/?p=29642&lang=fr#respond\"]}]},{\"@type\":\"WebPage\",\"@id\":\"https:\\\/\\\/lequotidien.mr\\\/?p=29642&lang=fr\",\"url\":\"https:\\\/\\\/lequotidien.mr\\\/?p=29642&lang=fr\",\"name\":\"Kiffa vibre au rythme des dattes : La Ministre du tourisme salue un Festival \\\"Levant\\\" pour le tourisme int\u00e9rieur - Le Quotidien de Nouakchott\",\"isPartOf\":{\"@id\":\"https:\\\/\\\/lequotidien.mr\\\/#website\"},\"primaryImageOfPage\":{\"@id\":\"https:\\\/\\\/lequotidien.mr\\\/?p=29642&lang=fr#primaryimage\"},\"image\":{\"@id\":\"https:\\\/\\\/lequotidien.mr\\\/?p=29642&lang=fr#primaryimage\"},\"thumbnailUrl\":\"https:\\\/\\\/lequotidien.mr\\\/wp-content\\\/uploads\\\/2025\\\/07\\\/photo-potentialites-tourisme.jpg\",\"datePublished\":\"2025-07-28T23:47:32+00:00\",\"breadcrumb\":{\"@id\":\"https:\\\/\\\/lequotidien.mr\\\/?p=29642&lang=fr#breadcrumb\"},\"inLanguage\":\"ar\",\"potentialAction\":[{\"@type\":\"ReadAction\",\"target\":[\"https:\\\/\\\/lequotidien.mr\\\/?p=29642&lang=fr\"]}]},{\"@type\":\"ImageObject\",\"inLanguage\":\"ar\",\"@id\":\"https:\\\/\\\/lequotidien.mr\\\/?p=29642&lang=fr#primaryimage\",\"url\":\"https:\\\/\\\/lequotidien.mr\\\/wp-content\\\/uploads\\\/2025\\\/07\\\/photo-potentialites-tourisme.jpg\",\"contentUrl\":\"https:\\\/\\\/lequotidien.mr\\\/wp-content\\\/uploads\\\/2025\\\/07\\\/photo-potentialites-tourisme.jpg\",\"width\":750,\"height\":430},{\"@type\":\"BreadcrumbList\",\"@id\":\"https:\\\/\\\/lequotidien.mr\\\/?p=29642&lang=fr#breadcrumb\",\"itemListElement\":[{\"@type\":\"ListItem\",\"position\":1,\"name\":\"Home\",\"item\":\"https:\\\/\\\/lequotidien.mr\\\/\"},{\"@type\":\"ListItem\",\"position\":2,\"name\":\"Kiffa vibre au rythme des dattes : La Ministre du tourisme salue un Festival \u00ab\u00a0Levant\u00a0\u00bb pour le tourisme int\u00e9rieur\"}]},{\"@type\":\"WebSite\",\"@id\":\"https:\\\/\\\/lequotidien.mr\\\/#website\",\"url\":\"https:\\\/\\\/lequotidien.mr\\\/\",\"name\":\"Le Quotidien de Nouakchott\",\"description\":\"\u0625\u062e\u0628\u0627\u0631\u064a\u0629 \u0645\u0633\u062a\u0642\u0644\u0629 \u0644\u0644\u0623\u0646\u0628\u0627\u0621 \u0627\u0644\u0639\u0627\u0645\u0629\",\"publisher\":{\"@id\":\"https:\\\/\\\/lequotidien.mr\\\/#organization\"},\"potentialAction\":[{\"@type\":\"SearchAction\",\"target\":{\"@type\":\"EntryPoint\",\"urlTemplate\":\"https:\\\/\\\/lequotidien.mr\\\/?s={search_term_string}\"},\"query-input\":{\"@type\":\"PropertyValueSpecification\",\"valueRequired\":true,\"valueName\":\"search_term_string\"}}],\"inLanguage\":\"ar\"},{\"@type\":\"Organization\",\"@id\":\"https:\\\/\\\/lequotidien.mr\\\/#organization\",\"name\":\"Le Quotidien de Nouakchott\",\"url\":\"https:\\\/\\\/lequotidien.mr\\\/\",\"logo\":{\"@type\":\"ImageObject\",\"inLanguage\":\"ar\",\"@id\":\"https:\\\/\\\/lequotidien.mr\\\/#\\\/schema\\\/logo\\\/image\\\/\",\"url\":\"https:\\\/\\\/lequotidien.mr\\\/wp-content\\\/uploads\\\/2022\\\/11\\\/logolequotidien.jpg\",\"contentUrl\":\"https:\\\/\\\/lequotidien.mr\\\/wp-content\\\/uploads\\\/2022\\\/11\\\/logolequotidien.jpg\",\"width\":290,\"height\":65,\"caption\":\"Le Quotidien de Nouakchott\"},\"image\":{\"@id\":\"https:\\\/\\\/lequotidien.mr\\\/#\\\/schema\\\/logo\\\/image\\\/\"},\"sameAs\":[\"https:\\\/\\\/web.facebook.com\\\/lequotidienmr\",\"https:\\\/\\\/x.com\\\/lequotidienmr\"]},{\"@type\":\"Person\",\"@id\":\"https:\\\/\\\/lequotidien.mr\\\/#\\\/schema\\\/person\\\/d2d350202a4d599685ed8abc25f97596\",\"name\":\"Med Ahmed\",\"image\":{\"@type\":\"ImageObject\",\"inLanguage\":\"ar\",\"@id\":\"https:\\\/\\\/secure.gravatar.com\\\/avatar\\\/fd2acc62ed50732923d1d39c17172c9b04149f142be92310ecc69e1358f94b52?s=96&d=mm&r=g\",\"url\":\"https:\\\/\\\/secure.gravatar.com\\\/avatar\\\/fd2acc62ed50732923d1d39c17172c9b04149f142be92310ecc69e1358f94b52?s=96&d=mm&r=g\",\"contentUrl\":\"https:\\\/\\\/secure.gravatar.com\\\/avatar\\\/fd2acc62ed50732923d1d39c17172c9b04149f142be92310ecc69e1358f94b52?s=96&d=mm&r=g\",\"caption\":\"Med Ahmed\"},\"url\":\"https:\\\/\\\/lequotidien.mr\\\/?author=12\"}]}<\/script>\n<!-- \/ Yoast SEO plugin. -->","yoast_head_json":{"title":"Kiffa vibre au rythme des dattes : La Ministre du tourisme salue un Festival \"Levant\" pour le tourisme int\u00e9rieur - Le Quotidien de Nouakchott","robots":{"index":"index","follow":"follow","max-snippet":"max-snippet:-1","max-image-preview":"max-image-preview:large","max-video-preview":"max-video-preview:-1"},"canonical":"https:\/\/lequotidien.mr\/?p=29642&lang=fr","og_locale":"ar_AR","og_type":"article","og_title":"Kiffa vibre au rythme des dattes : La Ministre du tourisme salue un Festival \"Levant\" pour le tourisme int\u00e9rieur - Le Quotidien de Nouakchott","og_description":"En marge du\u00a04\u00e8me Festival International des Dattes, la Ministre du Commerce et du Tourisme, Mme Zeinabou Ahmadnah, a exprim\u00e9 son enthousiasme pour l&#8217;ambiance dynamique et la mobilisation observ\u00e9es \u00e0 Kiffa. Lors d&#8217;une visite officielle ce week-end, elle a soulign\u00e9 le r\u00f4le cl\u00e9 de cet \u00e9v\u00e9nement dans la promotion du\u00a0tourisme int\u00e9rieur, r\u00e9pondant ainsi aux directives du.....","og_url":"https:\/\/lequotidien.mr\/?p=29642&lang=fr","og_site_name":"Le Quotidien de Nouakchott","article_publisher":"https:\/\/web.facebook.com\/lequotidienmr","article_published_time":"2025-07-28T23:47:32+00:00","og_image":[{"width":750,"height":430,"url":"https:\/\/lequotidien.mr\/wp-content\/uploads\/2025\/07\/photo-potentialites-tourisme.jpg","type":"image\/jpeg"}],"author":"Med Ahmed","twitter_card":"summary_large_image","twitter_creator":"@lequotidienmr","twitter_site":"@lequotidienmr","twitter_misc":{"\u0643\u064f\u062a\u0628 \u0628\u0648\u0627\u0633\u0637\u0629":"Med Ahmed","\u0648\u0642\u062a \u0627\u0644\u0642\u0631\u0627\u0621\u0629 \u0627\u0644\u0645\u064f\u0642\u062f\u0651\u0631":"3 \u062f\u0642\u0627\u0626\u0642"},"schema":{"@context":"https:\/\/schema.org","@graph":[{"@type":"Article","@id":"https:\/\/lequotidien.mr\/?p=29642&lang=fr#article","isPartOf":{"@id":"https:\/\/lequotidien.mr\/?p=29642&lang=fr"},"author":{"name":"Med Ahmed","@id":"https:\/\/lequotidien.mr\/#\/schema\/person\/d2d350202a4d599685ed8abc25f97596"},"headline":"Kiffa vibre au rythme des dattes : La Ministre du tourisme salue un Festival &#8220;Levant&#8221; pour le tourisme int\u00e9rieur","datePublished":"2025-07-28T23:47:32+00:00","mainEntityOfPage":{"@id":"https:\/\/lequotidien.mr\/?p=29642&lang=fr"},"wordCount":460,"commentCount":0,"publisher":{"@id":"https:\/\/lequotidien.mr\/#organization"},"image":{"@id":"https:\/\/lequotidien.mr\/?p=29642&lang=fr#primaryimage"},"thumbnailUrl":"https:\/\/lequotidien.mr\/wp-content\/uploads\/2025\/07\/photo-potentialites-tourisme.jpg","articleSection":["ACTUALIT\u00c9","Economie"],"inLanguage":"ar","potentialAction":[{"@type":"CommentAction","name":"Comment","target":["https:\/\/lequotidien.mr\/?p=29642&lang=fr#respond"]}]},{"@type":"WebPage","@id":"https:\/\/lequotidien.mr\/?p=29642&lang=fr","url":"https:\/\/lequotidien.mr\/?p=29642&lang=fr","name":"Kiffa vibre au rythme des dattes : La Ministre du tourisme salue un Festival \"Levant\" pour le tourisme int\u00e9rieur - Le Quotidien de Nouakchott","isPartOf":{"@id":"https:\/\/lequotidien.mr\/#website"},"primaryImageOfPage":{"@id":"https:\/\/lequotidien.mr\/?p=29642&lang=fr#primaryimage"},"image":{"@id":"https:\/\/lequotidien.mr\/?p=29642&lang=fr#primaryimage"},"thumbnailUrl":"https:\/\/lequotidien.mr\/wp-content\/uploads\/2025\/07\/photo-potentialites-tourisme.jpg","datePublished":"2025-07-28T23:47:32+00:00","breadcrumb":{"@id":"https:\/\/lequotidien.mr\/?p=29642&lang=fr#breadcrumb"},"inLanguage":"ar","potentialAction":[{"@type":"ReadAction","target":["https:\/\/lequotidien.mr\/?p=29642&lang=fr"]}]},{"@type":"ImageObject","inLanguage":"ar","@id":"https:\/\/lequotidien.mr\/?p=29642&lang=fr#primaryimage","url":"https:\/\/lequotidien.mr\/wp-content\/uploads\/2025\/07\/photo-potentialites-tourisme.jpg","contentUrl":"https:\/\/lequotidien.mr\/wp-content\/uploads\/2025\/07\/photo-potentialites-tourisme.jpg","width":750,"height":430},{"@type":"BreadcrumbList","@id":"https:\/\/lequotidien.mr\/?p=29642&lang=fr#breadcrumb","itemListElement":[{"@type":"ListItem","position":1,"name":"Home","item":"https:\/\/lequotidien.mr\/"},{"@type":"ListItem","position":2,"name":"Kiffa vibre au rythme des dattes : La Ministre du tourisme salue un Festival \u00ab\u00a0Levant\u00a0\u00bb pour le tourisme int\u00e9rieur"}]},{"@type":"WebSite","@id":"https:\/\/lequotidien.mr\/#website","url":"https:\/\/lequotidien.mr\/","name":"Le Quotidien de Nouakchott","description":"\u0625\u062e\u0628\u0627\u0631\u064a\u0629 \u0645\u0633\u062a\u0642\u0644\u0629 \u0644\u0644\u0623\u0646\u0628\u0627\u0621 \u0627\u0644\u0639\u0627\u0645\u0629","publisher":{"@id":"https:\/\/lequotidien.mr\/#organization"},"potentialAction":[{"@type":"SearchAction","target":{"@type":"EntryPoint","urlTemplate":"https:\/\/lequotidien.mr\/?s={search_term_string}"},"query-input":{"@type":"PropertyValueSpecification","valueRequired":true,"valueName":"search_term_string"}}],"inLanguage":"ar"},{"@type":"Organization","@id":"https:\/\/lequotidien.mr\/#organization","name":"Le Quotidien de Nouakchott","url":"https:\/\/lequotidien.mr\/","logo":{"@type":"ImageObject","inLanguage":"ar","@id":"https:\/\/lequotidien.mr\/#\/schema\/logo\/image\/","url":"https:\/\/lequotidien.mr\/wp-content\/uploads\/2022\/11\/logolequotidien.jpg","contentUrl":"https:\/\/lequotidien.mr\/wp-content\/uploads\/2022\/11\/logolequotidien.jpg","width":290,"height":65,"caption":"Le Quotidien de Nouakchott"},"image":{"@id":"https:\/\/lequotidien.mr\/#\/schema\/logo\/image\/"},"sameAs":["https:\/\/web.facebook.com\/lequotidienmr","https:\/\/x.com\/lequotidienmr"]},{"@type":"Person","@id":"https:\/\/lequotidien.mr\/#\/schema\/person\/d2d350202a4d599685ed8abc25f97596","name":"Med Ahmed","image":{"@type":"ImageObject","inLanguage":"ar","@id":"https:\/\/secure.gravatar.com\/avatar\/fd2acc62ed50732923d1d39c17172c9b04149f142be92310ecc69e1358f94b52?s=96&d=mm&r=g","url":"https:\/\/secure.gravatar.com\/avatar\/fd2acc62ed50732923d1d39c17172c9b04149f142be92310ecc69e1358f94b52?s=96&d=mm&r=g","contentUrl":"https:\/\/secure.gravatar.com\/avatar\/fd2acc62ed50732923d1d39c17172c9b04149f142be92310ecc69e1358f94b52?s=96&d=mm&r=g","caption":"Med Ahmed"},"url":"https:\/\/lequotidien.mr\/?author=12"}]}},"_links":{"self":[{"href":"https:\/\/lequotidien.mr\/index.php?rest_route=\/wp\/v2\/posts\/29642","targetHints":{"allow":["GET"]}}],"collection":[{"href":"https:\/\/lequotidien.mr\/index.php?rest_route=\/wp\/v2\/posts"}],"about":[{"href":"https:\/\/lequotidien.mr\/index.php?rest_route=\/wp\/v2\/types\/post"}],"author":[{"embeddable":true,"href":"https:\/\/lequotidien.mr\/index.php?rest_route=\/wp\/v2\/users\/12"}],"replies":[{"embeddable":true,"href":"https:\/\/lequotidien.mr\/index.php?rest_route=%2Fwp%2Fv2%2Fcomments&post=29642"}],"version-history":[{"count":1,"href":"https:\/\/lequotidien.mr\/index.php?rest_route=\/wp\/v2\/posts\/29642\/revisions"}],"predecessor-version":[{"id":29644,"href":"https:\/\/lequotidien.mr\/index.php?rest_route=\/wp\/v2\/posts\/29642\/revisions\/29644"}],"wp:featuredmedia":[{"embeddable":true,"href":"https:\/\/lequotidien.mr\/index.php?rest_route=\/wp\/v2\/media\/29643"}],"wp:attachment":[{"href":"https:\/\/lequotidien.mr\/index.php?rest_route=%2Fwp%2Fv2%2Fmedia&parent=29642"}],"wp:term":[{"taxonomy":"category","embeddable":true,"href":"https:\/\/lequotidien.mr\/index.php?rest_route=%2Fwp%2Fv2%2Fcategories&post=29642"},{"taxonomy":"post_tag","embeddable":true,"href":"https:\/\/lequotidien.mr\/index.php?rest_route=%2Fwp%2Fv2%2Ftags&post=29642"}],"curies":[{"name":"wp","href":"https:\/\/api.w.org\/{rel}","templated":true}]}}