{"id":29636,"date":"2025-07-28T23:21:35","date_gmt":"2025-07-28T23:21:35","guid":{"rendered":"https:\/\/lequotidien.mr\/?p=29636"},"modified":"2025-07-28T23:21:35","modified_gmt":"2025-07-28T23:21:35","slug":"maladies-chroniques-la-camec-rassure-que-les-stocks-sont-suffisants-et-la-distribution-transparente","status":"publish","type":"post","link":"https:\/\/lequotidien.mr\/?p=29636&lang=fr","title":{"rendered":"Maladies chroniques : la CAMEC rassure que les stocks sont suffisants et la distribution transparente"},"content":{"rendered":"<p>La Centrale d\u2019Achat des M\u00e9dicaments et des Consommables M\u00e9dicaux (CAMEC) a apport\u00e9 une assurance cruciale aux patients mauritaniens : les m\u00e9dicaments essentiels pour les maladies chroniques sont disponibles en quantit\u00e9s suffisantes dans ses entrep\u00f4ts centraux. Cette d\u00e9claration officielle vise \u00e0 rassurer la population sur la continuit\u00e9 des traitements vitaux.<\/p>\n<p><strong>Un large spectre de pathologies couvert<\/strong><\/p>\n<p>Lors d&#8217;un point d&#8217;information d\u00e9di\u00e9, la CAMEC a pr\u00e9cis\u00e9 l&#8217;\u00e9tendue de sa couverture :\u00a0<strong>plus de 320 classes pharmaceutiques diff\u00e9rentes<\/strong>, enregistr\u00e9es et approuv\u00e9es par le minist\u00e8re de la Sant\u00e9, sont actuellement en stock. Ces m\u00e9dicaments couvrent les traitements de base pour les principales maladies chroniques, notamment : le diab\u00e8te, l&#8217;hypertension art\u00e9rielle, les affections cardiologiques les anticoagulants, et bien d&#8217;autres pathologies n\u00e9cessitant un traitement au long cours.<\/p>\n<p><strong>Un m\u00e9canisme digitalis\u00e9 pour plus de transparence et d&#8217;efficacit\u00e9<\/strong><\/p>\n<p>La Centrale a fortement soulign\u00e9 l&#8217;importance du\u00a0<strong>syst\u00e8me digitalis\u00e9<\/strong>\u00a0qu&#8217;elle utilise pour la distribution. Ce m\u00e9canisme moderne est con\u00e7u pour garantir deux aspects fondamentaux :<\/p>\n<p><strong>-La Transparence :<\/strong>\u00a0Le suivi num\u00e9rique permet une tra\u00e7abilit\u00e9 claire des m\u00e9dicaments, de leur r\u00e9ception \u00e0 leur distribution finale\u00a0;<\/p>\n<p><strong>-La Fluidit\u00e9 :<\/strong>\u00a0Il optimise l&#8217;approvisionnement des structures sanitaires (h\u00f4pitaux, pharmacies, etc.), r\u00e9duisant les d\u00e9lais et les risques de rupture.<\/p>\n<p><strong>Des contr\u00f4les stricts pour assurer qualit\u00e9 et s\u00e9curit\u00e9<\/strong><\/p>\n<p>La CAMEC a r\u00e9affirm\u00e9 que l&#8217;ensemble de la cha\u00eene logistique \u2013 de l&#8217;<strong>approvisionnement p\u00e9riodique aupr\u00e8s de fournisseurs priv\u00e9s<\/strong>\u00a0jusqu&#8217;au\u00a0<strong>stockage<\/strong>\u00a0et \u00e0 la\u00a0<strong>distribution<\/strong>\u00a0\u2013 est soumis \u00e0 un\u00a0<strong>contr\u00f4le technique et administratif rigoureux<\/strong>. Cette vigilance permanente s&#8217;inscrit dans le strict cadre de l&#8217;application des\u00a0<strong>normes nationales en vigueur<\/strong>, avec un double objectif : <strong>garantir la qualit\u00e9 et la s\u00e9curit\u00e9 des m\u00e9dicaments<\/strong>\u00a0mis \u00e0 disposition des patients\u00a0; et <strong>pr\u00e9venir toute interruption<\/strong>\u00a0dans l&#8217;approvisionnement de ces traitements essentiels.<\/p>\n<p>Cette communication de la CAMEC intervient pour confirmer la stabilit\u00e9 de la cha\u00eene d&#8217;approvisionnement en m\u00e9dicaments chroniques et mettre en avant les efforts d\u00e9ploy\u00e9s pour assurer un acc\u00e8s fiable et s\u00e9curis\u00e9 \u00e0 ces th\u00e9rapies indispensables pour des milliers de Mauritaniens, gr\u00e2ce \u00e0 une gestion modernis\u00e9e et contr\u00f4l\u00e9e.<\/p>\n<p>&nbsp;<\/p>\n","protected":false},"excerpt":{"rendered":"<p>La Centrale d\u2019Achat des M\u00e9dicaments et des Consommables M\u00e9dicaux (CAMEC) a apport\u00e9 une assurance cruciale aux patients mauritaniens : les m\u00e9dicaments essentiels pour les maladies chroniques sont disponibles en quantit\u00e9s suffisantes dans ses entrep\u00f4ts centraux. Cette d\u00e9claration officielle vise \u00e0 rassurer la population sur la continuit\u00e9 des traitements vitaux. Un large spectre de pathologies couvert&#8230;..<\/p>\n","protected":false},"author":12,"featured_media":29637,"comment_status":"open","ping_status":"open","sticky":false,"template":"","format":"standard","meta":{"footnotes":""},"categories":[23,49],"tags":[],"class_list":["post-29636","post","type-post","status-publish","format-standard","has-post-thumbnail","hentry","category-actualite","category-economie"],"yoast_head":"<!-- This site is optimized with the Yoast SEO plugin v27.5 - https:\/\/yoast.com\/product\/yoast-seo-wordpress\/ -->\n<title>Maladies chroniques : la CAMEC rassure que les stocks sont suffisants et la distribution transparente - Le Quotidien de Nouakchott<\/title>\n<meta name=\"robots\" content=\"index, follow, max-snippet:-1, max-image-preview:large, max-video-preview:-1\" \/>\n<link rel=\"canonical\" href=\"https:\/\/lequotidien.mr\/?p=29636&lang=fr\" \/>\n<meta property=\"og:locale\" content=\"ar_AR\" \/>\n<meta property=\"og:type\" content=\"article\" \/>\n<meta property=\"og:title\" content=\"Maladies chroniques : la CAMEC rassure que les stocks sont suffisants et la distribution transparente - Le Quotidien de Nouakchott\" \/>\n<meta property=\"og:description\" content=\"La Centrale d\u2019Achat des M\u00e9dicaments et des Consommables M\u00e9dicaux (CAMEC) a apport\u00e9 une assurance cruciale aux patients mauritaniens : les m\u00e9dicaments essentiels pour les maladies chroniques sont disponibles en quantit\u00e9s suffisantes dans ses entrep\u00f4ts centraux. Cette d\u00e9claration officielle vise \u00e0 rassurer la population sur la continuit\u00e9 des traitements vitaux. Un large spectre de pathologies couvert.....\" \/>\n<meta property=\"og:url\" content=\"https:\/\/lequotidien.mr\/?p=29636&amp;lang=fr\" \/>\n<meta property=\"og:site_name\" content=\"Le Quotidien de Nouakchott\" \/>\n<meta property=\"article:publisher\" content=\"https:\/\/web.facebook.com\/lequotidienmr\" \/>\n<meta property=\"article:published_time\" content=\"2025-07-28T23:21:35+00:00\" \/>\n<meta property=\"og:image\" content=\"https:\/\/lequotidien.mr\/wp-content\/uploads\/2025\/07\/photo-CAMEC.jpg\" \/>\n\t<meta property=\"og:image:width\" content=\"750\" \/>\n\t<meta property=\"og:image:height\" content=\"430\" \/>\n\t<meta property=\"og:image:type\" content=\"image\/jpeg\" \/>\n<meta name=\"author\" content=\"Med Ahmed\" \/>\n<meta name=\"twitter:card\" content=\"summary_large_image\" \/>\n<meta name=\"twitter:creator\" content=\"@lequotidienmr\" \/>\n<meta name=\"twitter:site\" content=\"@lequotidienmr\" \/>\n<meta name=\"twitter:label1\" content=\"\u0643\u064f\u062a\u0628 \u0628\u0648\u0627\u0633\u0637\u0629\" \/>\n\t<meta name=\"twitter:data1\" content=\"Med Ahmed\" \/>\n\t<meta name=\"twitter:label2\" content=\"\u0648\u0642\u062a \u0627\u0644\u0642\u0631\u0627\u0621\u0629 \u0627\u0644\u0645\u064f\u0642\u062f\u0651\u0631\" \/>\n\t<meta name=\"twitter:data2\" content=\"3 \u062f\u0642\u0627\u0626\u0642\" \/>\n<script type=\"application\/ld+json\" class=\"yoast-schema-graph\">{\"@context\":\"https:\\\/\\\/schema.org\",\"@graph\":[{\"@type\":\"Article\",\"@id\":\"https:\\\/\\\/lequotidien.mr\\\/?p=29636&lang=fr#article\",\"isPartOf\":{\"@id\":\"https:\\\/\\\/lequotidien.mr\\\/?p=29636&lang=fr\"},\"author\":{\"name\":\"Med Ahmed\",\"@id\":\"https:\\\/\\\/lequotidien.mr\\\/#\\\/schema\\\/person\\\/d2d350202a4d599685ed8abc25f97596\"},\"headline\":\"Maladies chroniques : la CAMEC rassure que les stocks sont suffisants et la distribution transparente\",\"datePublished\":\"2025-07-28T23:21:35+00:00\",\"mainEntityOfPage\":{\"@id\":\"https:\\\/\\\/lequotidien.mr\\\/?p=29636&lang=fr\"},\"wordCount\":390,\"commentCount\":0,\"publisher\":{\"@id\":\"https:\\\/\\\/lequotidien.mr\\\/#organization\"},\"image\":{\"@id\":\"https:\\\/\\\/lequotidien.mr\\\/?p=29636&lang=fr#primaryimage\"},\"thumbnailUrl\":\"https:\\\/\\\/lequotidien.mr\\\/wp-content\\\/uploads\\\/2025\\\/07\\\/photo-CAMEC.jpg\",\"articleSection\":[\"ACTUALIT\u00c9\",\"Economie\"],\"inLanguage\":\"ar\",\"potentialAction\":[{\"@type\":\"CommentAction\",\"name\":\"Comment\",\"target\":[\"https:\\\/\\\/lequotidien.mr\\\/?p=29636&lang=fr#respond\"]}]},{\"@type\":\"WebPage\",\"@id\":\"https:\\\/\\\/lequotidien.mr\\\/?p=29636&lang=fr\",\"url\":\"https:\\\/\\\/lequotidien.mr\\\/?p=29636&lang=fr\",\"name\":\"Maladies chroniques : la CAMEC rassure que les stocks sont suffisants et la distribution transparente - Le Quotidien de Nouakchott\",\"isPartOf\":{\"@id\":\"https:\\\/\\\/lequotidien.mr\\\/#website\"},\"primaryImageOfPage\":{\"@id\":\"https:\\\/\\\/lequotidien.mr\\\/?p=29636&lang=fr#primaryimage\"},\"image\":{\"@id\":\"https:\\\/\\\/lequotidien.mr\\\/?p=29636&lang=fr#primaryimage\"},\"thumbnailUrl\":\"https:\\\/\\\/lequotidien.mr\\\/wp-content\\\/uploads\\\/2025\\\/07\\\/photo-CAMEC.jpg\",\"datePublished\":\"2025-07-28T23:21:35+00:00\",\"breadcrumb\":{\"@id\":\"https:\\\/\\\/lequotidien.mr\\\/?p=29636&lang=fr#breadcrumb\"},\"inLanguage\":\"ar\",\"potentialAction\":[{\"@type\":\"ReadAction\",\"target\":[\"https:\\\/\\\/lequotidien.mr\\\/?p=29636&lang=fr\"]}]},{\"@type\":\"ImageObject\",\"inLanguage\":\"ar\",\"@id\":\"https:\\\/\\\/lequotidien.mr\\\/?p=29636&lang=fr#primaryimage\",\"url\":\"https:\\\/\\\/lequotidien.mr\\\/wp-content\\\/uploads\\\/2025\\\/07\\\/photo-CAMEC.jpg\",\"contentUrl\":\"https:\\\/\\\/lequotidien.mr\\\/wp-content\\\/uploads\\\/2025\\\/07\\\/photo-CAMEC.jpg\",\"width\":750,\"height\":430},{\"@type\":\"BreadcrumbList\",\"@id\":\"https:\\\/\\\/lequotidien.mr\\\/?p=29636&lang=fr#breadcrumb\",\"itemListElement\":[{\"@type\":\"ListItem\",\"position\":1,\"name\":\"Home\",\"item\":\"https:\\\/\\\/lequotidien.mr\\\/\"},{\"@type\":\"ListItem\",\"position\":2,\"name\":\"Maladies chroniques : la CAMEC rassure que les stocks sont suffisants et la distribution transparente\"}]},{\"@type\":\"WebSite\",\"@id\":\"https:\\\/\\\/lequotidien.mr\\\/#website\",\"url\":\"https:\\\/\\\/lequotidien.mr\\\/\",\"name\":\"Le Quotidien de Nouakchott\",\"description\":\"\u0625\u062e\u0628\u0627\u0631\u064a\u0629 \u0645\u0633\u062a\u0642\u0644\u0629 \u0644\u0644\u0623\u0646\u0628\u0627\u0621 \u0627\u0644\u0639\u0627\u0645\u0629\",\"publisher\":{\"@id\":\"https:\\\/\\\/lequotidien.mr\\\/#organization\"},\"potentialAction\":[{\"@type\":\"SearchAction\",\"target\":{\"@type\":\"EntryPoint\",\"urlTemplate\":\"https:\\\/\\\/lequotidien.mr\\\/?s={search_term_string}\"},\"query-input\":{\"@type\":\"PropertyValueSpecification\",\"valueRequired\":true,\"valueName\":\"search_term_string\"}}],\"inLanguage\":\"ar\"},{\"@type\":\"Organization\",\"@id\":\"https:\\\/\\\/lequotidien.mr\\\/#organization\",\"name\":\"Le Quotidien de Nouakchott\",\"url\":\"https:\\\/\\\/lequotidien.mr\\\/\",\"logo\":{\"@type\":\"ImageObject\",\"inLanguage\":\"ar\",\"@id\":\"https:\\\/\\\/lequotidien.mr\\\/#\\\/schema\\\/logo\\\/image\\\/\",\"url\":\"https:\\\/\\\/lequotidien.mr\\\/wp-content\\\/uploads\\\/2022\\\/11\\\/logolequotidien.jpg\",\"contentUrl\":\"https:\\\/\\\/lequotidien.mr\\\/wp-content\\\/uploads\\\/2022\\\/11\\\/logolequotidien.jpg\",\"width\":290,\"height\":65,\"caption\":\"Le Quotidien de Nouakchott\"},\"image\":{\"@id\":\"https:\\\/\\\/lequotidien.mr\\\/#\\\/schema\\\/logo\\\/image\\\/\"},\"sameAs\":[\"https:\\\/\\\/web.facebook.com\\\/lequotidienmr\",\"https:\\\/\\\/x.com\\\/lequotidienmr\"]},{\"@type\":\"Person\",\"@id\":\"https:\\\/\\\/lequotidien.mr\\\/#\\\/schema\\\/person\\\/d2d350202a4d599685ed8abc25f97596\",\"name\":\"Med Ahmed\",\"image\":{\"@type\":\"ImageObject\",\"inLanguage\":\"ar\",\"@id\":\"https:\\\/\\\/secure.gravatar.com\\\/avatar\\\/fd2acc62ed50732923d1d39c17172c9b04149f142be92310ecc69e1358f94b52?s=96&d=mm&r=g\",\"url\":\"https:\\\/\\\/secure.gravatar.com\\\/avatar\\\/fd2acc62ed50732923d1d39c17172c9b04149f142be92310ecc69e1358f94b52?s=96&d=mm&r=g\",\"contentUrl\":\"https:\\\/\\\/secure.gravatar.com\\\/avatar\\\/fd2acc62ed50732923d1d39c17172c9b04149f142be92310ecc69e1358f94b52?s=96&d=mm&r=g\",\"caption\":\"Med Ahmed\"},\"url\":\"https:\\\/\\\/lequotidien.mr\\\/?author=12\"}]}<\/script>\n<!-- \/ Yoast SEO plugin. -->","yoast_head_json":{"title":"Maladies chroniques : la CAMEC rassure que les stocks sont suffisants et la distribution transparente - Le Quotidien de Nouakchott","robots":{"index":"index","follow":"follow","max-snippet":"max-snippet:-1","max-image-preview":"max-image-preview:large","max-video-preview":"max-video-preview:-1"},"canonical":"https:\/\/lequotidien.mr\/?p=29636&lang=fr","og_locale":"ar_AR","og_type":"article","og_title":"Maladies chroniques : la CAMEC rassure que les stocks sont suffisants et la distribution transparente - Le Quotidien de Nouakchott","og_description":"La Centrale d\u2019Achat des M\u00e9dicaments et des Consommables M\u00e9dicaux (CAMEC) a apport\u00e9 une assurance cruciale aux patients mauritaniens : les m\u00e9dicaments essentiels pour les maladies chroniques sont disponibles en quantit\u00e9s suffisantes dans ses entrep\u00f4ts centraux. Cette d\u00e9claration officielle vise \u00e0 rassurer la population sur la continuit\u00e9 des traitements vitaux. Un large spectre de pathologies couvert.....","og_url":"https:\/\/lequotidien.mr\/?p=29636&lang=fr","og_site_name":"Le Quotidien de Nouakchott","article_publisher":"https:\/\/web.facebook.com\/lequotidienmr","article_published_time":"2025-07-28T23:21:35+00:00","og_image":[{"width":750,"height":430,"url":"https:\/\/lequotidien.mr\/wp-content\/uploads\/2025\/07\/photo-CAMEC.jpg","type":"image\/jpeg"}],"author":"Med Ahmed","twitter_card":"summary_large_image","twitter_creator":"@lequotidienmr","twitter_site":"@lequotidienmr","twitter_misc":{"\u0643\u064f\u062a\u0628 \u0628\u0648\u0627\u0633\u0637\u0629":"Med Ahmed","\u0648\u0642\u062a \u0627\u0644\u0642\u0631\u0627\u0621\u0629 \u0627\u0644\u0645\u064f\u0642\u062f\u0651\u0631":"3 \u062f\u0642\u0627\u0626\u0642"},"schema":{"@context":"https:\/\/schema.org","@graph":[{"@type":"Article","@id":"https:\/\/lequotidien.mr\/?p=29636&lang=fr#article","isPartOf":{"@id":"https:\/\/lequotidien.mr\/?p=29636&lang=fr"},"author":{"name":"Med Ahmed","@id":"https:\/\/lequotidien.mr\/#\/schema\/person\/d2d350202a4d599685ed8abc25f97596"},"headline":"Maladies chroniques : la CAMEC rassure que les stocks sont suffisants et la distribution transparente","datePublished":"2025-07-28T23:21:35+00:00","mainEntityOfPage":{"@id":"https:\/\/lequotidien.mr\/?p=29636&lang=fr"},"wordCount":390,"commentCount":0,"publisher":{"@id":"https:\/\/lequotidien.mr\/#organization"},"image":{"@id":"https:\/\/lequotidien.mr\/?p=29636&lang=fr#primaryimage"},"thumbnailUrl":"https:\/\/lequotidien.mr\/wp-content\/uploads\/2025\/07\/photo-CAMEC.jpg","articleSection":["ACTUALIT\u00c9","Economie"],"inLanguage":"ar","potentialAction":[{"@type":"CommentAction","name":"Comment","target":["https:\/\/lequotidien.mr\/?p=29636&lang=fr#respond"]}]},{"@type":"WebPage","@id":"https:\/\/lequotidien.mr\/?p=29636&lang=fr","url":"https:\/\/lequotidien.mr\/?p=29636&lang=fr","name":"Maladies chroniques : la CAMEC rassure que les stocks sont suffisants et la distribution transparente - Le Quotidien de Nouakchott","isPartOf":{"@id":"https:\/\/lequotidien.mr\/#website"},"primaryImageOfPage":{"@id":"https:\/\/lequotidien.mr\/?p=29636&lang=fr#primaryimage"},"image":{"@id":"https:\/\/lequotidien.mr\/?p=29636&lang=fr#primaryimage"},"thumbnailUrl":"https:\/\/lequotidien.mr\/wp-content\/uploads\/2025\/07\/photo-CAMEC.jpg","datePublished":"2025-07-28T23:21:35+00:00","breadcrumb":{"@id":"https:\/\/lequotidien.mr\/?p=29636&lang=fr#breadcrumb"},"inLanguage":"ar","potentialAction":[{"@type":"ReadAction","target":["https:\/\/lequotidien.mr\/?p=29636&lang=fr"]}]},{"@type":"ImageObject","inLanguage":"ar","@id":"https:\/\/lequotidien.mr\/?p=29636&lang=fr#primaryimage","url":"https:\/\/lequotidien.mr\/wp-content\/uploads\/2025\/07\/photo-CAMEC.jpg","contentUrl":"https:\/\/lequotidien.mr\/wp-content\/uploads\/2025\/07\/photo-CAMEC.jpg","width":750,"height":430},{"@type":"BreadcrumbList","@id":"https:\/\/lequotidien.mr\/?p=29636&lang=fr#breadcrumb","itemListElement":[{"@type":"ListItem","position":1,"name":"Home","item":"https:\/\/lequotidien.mr\/"},{"@type":"ListItem","position":2,"name":"Maladies chroniques : la CAMEC rassure que les stocks sont suffisants et la distribution transparente"}]},{"@type":"WebSite","@id":"https:\/\/lequotidien.mr\/#website","url":"https:\/\/lequotidien.mr\/","name":"Le Quotidien de Nouakchott","description":"\u0625\u062e\u0628\u0627\u0631\u064a\u0629 \u0645\u0633\u062a\u0642\u0644\u0629 \u0644\u0644\u0623\u0646\u0628\u0627\u0621 \u0627\u0644\u0639\u0627\u0645\u0629","publisher":{"@id":"https:\/\/lequotidien.mr\/#organization"},"potentialAction":[{"@type":"SearchAction","target":{"@type":"EntryPoint","urlTemplate":"https:\/\/lequotidien.mr\/?s={search_term_string}"},"query-input":{"@type":"PropertyValueSpecification","valueRequired":true,"valueName":"search_term_string"}}],"inLanguage":"ar"},{"@type":"Organization","@id":"https:\/\/lequotidien.mr\/#organization","name":"Le Quotidien de Nouakchott","url":"https:\/\/lequotidien.mr\/","logo":{"@type":"ImageObject","inLanguage":"ar","@id":"https:\/\/lequotidien.mr\/#\/schema\/logo\/image\/","url":"https:\/\/lequotidien.mr\/wp-content\/uploads\/2022\/11\/logolequotidien.jpg","contentUrl":"https:\/\/lequotidien.mr\/wp-content\/uploads\/2022\/11\/logolequotidien.jpg","width":290,"height":65,"caption":"Le Quotidien de Nouakchott"},"image":{"@id":"https:\/\/lequotidien.mr\/#\/schema\/logo\/image\/"},"sameAs":["https:\/\/web.facebook.com\/lequotidienmr","https:\/\/x.com\/lequotidienmr"]},{"@type":"Person","@id":"https:\/\/lequotidien.mr\/#\/schema\/person\/d2d350202a4d599685ed8abc25f97596","name":"Med Ahmed","image":{"@type":"ImageObject","inLanguage":"ar","@id":"https:\/\/secure.gravatar.com\/avatar\/fd2acc62ed50732923d1d39c17172c9b04149f142be92310ecc69e1358f94b52?s=96&d=mm&r=g","url":"https:\/\/secure.gravatar.com\/avatar\/fd2acc62ed50732923d1d39c17172c9b04149f142be92310ecc69e1358f94b52?s=96&d=mm&r=g","contentUrl":"https:\/\/secure.gravatar.com\/avatar\/fd2acc62ed50732923d1d39c17172c9b04149f142be92310ecc69e1358f94b52?s=96&d=mm&r=g","caption":"Med Ahmed"},"url":"https:\/\/lequotidien.mr\/?author=12"}]}},"_links":{"self":[{"href":"https:\/\/lequotidien.mr\/index.php?rest_route=\/wp\/v2\/posts\/29636","targetHints":{"allow":["GET"]}}],"collection":[{"href":"https:\/\/lequotidien.mr\/index.php?rest_route=\/wp\/v2\/posts"}],"about":[{"href":"https:\/\/lequotidien.mr\/index.php?rest_route=\/wp\/v2\/types\/post"}],"author":[{"embeddable":true,"href":"https:\/\/lequotidien.mr\/index.php?rest_route=\/wp\/v2\/users\/12"}],"replies":[{"embeddable":true,"href":"https:\/\/lequotidien.mr\/index.php?rest_route=%2Fwp%2Fv2%2Fcomments&post=29636"}],"version-history":[{"count":1,"href":"https:\/\/lequotidien.mr\/index.php?rest_route=\/wp\/v2\/posts\/29636\/revisions"}],"predecessor-version":[{"id":29638,"href":"https:\/\/lequotidien.mr\/index.php?rest_route=\/wp\/v2\/posts\/29636\/revisions\/29638"}],"wp:featuredmedia":[{"embeddable":true,"href":"https:\/\/lequotidien.mr\/index.php?rest_route=\/wp\/v2\/media\/29637"}],"wp:attachment":[{"href":"https:\/\/lequotidien.mr\/index.php?rest_route=%2Fwp%2Fv2%2Fmedia&parent=29636"}],"wp:term":[{"taxonomy":"category","embeddable":true,"href":"https:\/\/lequotidien.mr\/index.php?rest_route=%2Fwp%2Fv2%2Fcategories&post=29636"},{"taxonomy":"post_tag","embeddable":true,"href":"https:\/\/lequotidien.mr\/index.php?rest_route=%2Fwp%2Fv2%2Ftags&post=29636"}],"curies":[{"name":"wp","href":"https:\/\/api.w.org\/{rel}","templated":true}]}}