{"id":29624,"date":"2025-07-28T20:35:45","date_gmt":"2025-07-28T20:35:45","guid":{"rendered":"https:\/\/lequotidien.mr\/?p=29624"},"modified":"2025-07-28T20:35:45","modified_gmt":"2025-07-28T20:35:45","slug":"renouvellement-du-bureau-de-lassemblee-nationale-un-jeu-de-chaises-musicales-sans","status":"publish","type":"post","link":"https:\/\/lequotidien.mr\/?p=29624&lang=fr","title":{"rendered":"Renouvellement du bureau de l\u2019Assembl\u00e9e nationale : un jeu de chaises musicales sans \u00a0"},"content":{"rendered":"<p>Ce lundi 28 juillet 2025, l\u2019Assembl\u00e9e nationale mauritanienne a proc\u00e9d\u00e9 au renouvellement statutaire de ses instances internes, avec l\u2019\u00e9lection des vice-pr\u00e9sidents, des secr\u00e9taires, du gestionnaire financier et de la rapporteuse g\u00e9n\u00e9rale du budget. Un exercice routinier pr\u00e9sent\u00e9 comme une formalit\u00e9 d\u00e9mocratique. Mais \u00e0 y regarder de plus pr\u00e8s, cette op\u00e9ration <strong>ressemble davantage \u00e0 une reconduction m\u00e9canique des \u00e9quilibres existants qu\u2019\u00e0 une respiration d\u00e9mocratique.<\/strong><\/p>\n<p>Une majorit\u00e9 omnipr\u00e9sente, un pluralisme d\u00e9coratif<\/p>\n<p>Sur les 14 postes renouvel\u00e9s, <strong>le parti au pouvoir, El Insaf, s\u2019adjuge \u00e0 lui seul 9 si\u00e8ges<\/strong>, dont le poste de premier vice-pr\u00e9sident, trois autres postes de vice-pr\u00e9sidents, le poste de Questeur, et pas moins de trois postes de secr\u00e9taires.<\/p>\n<p>Cette mainmise \u00e9crasante traduit une r\u00e9alit\u00e9 peu reluisante : <strong>la majorit\u00e9 continue de confondre gestion institutionnelle et logique partisane.<\/strong> L\u2019Assembl\u00e9e nationale, cens\u00e9e incarner le pluralisme, devient un prolongement de l\u2019ex\u00e9cutif, verrouillant toute possibilit\u00e9 de contre-pouvoir r\u00e9el.<\/p>\n<p>Certes, les partis d\u2019opposition ou apparent\u00e9s (Tawassoul, le Mouvement pour la justice et la d\u00e9mocratie, Sawab) ont sauv\u00e9 les apparences en obtenant quelques postes, mais toujours marginaux. Des strapontins plus symboliques que strat\u00e9giques.<\/p>\n<p>Une reconduction sans d\u00e9bat ni surprise<\/p>\n<p>Le renouvellement s\u2019est d\u00e9roul\u00e9 sans heurts, sans v\u00e9ritable d\u00e9bat, <strong>sans m\u00eame que ne soient \u00e9voqu\u00e9s les d\u00e9fis structurels de la l\u00e9gislature<\/strong> : absence de contr\u00f4le parlementaire fort, transparence budg\u00e9taire d\u00e9faillante, absence d\u2019interpellations s\u00e9rieuses sur la gestion publique.<\/p>\n<p>Dans un pays confront\u00e9 \u00e0 des enjeux majeurs \u2014 ch\u00f4mage end\u00e9mique, d\u00e9t\u00e9rioration des services publics, ins\u00e9curit\u00e9 alimentaire \u2014, l\u2019Assembl\u00e9e nationale aurait pu profiter de ce moment pour <strong>poser les bases d\u2019un changement de m\u00e9thode<\/strong>, en \u00e9lisant des profils engag\u00e9s, critiques, et repr\u00e9sentatifs de la diversit\u00e9 sociale et r\u00e9gionale du pays. Il n\u2019en fut rien.<\/p>\n<h3>Un simulacre de renouvellement<\/h3>\n<p>Le plus frappant dans cette nouvelle composition est <strong>l&#8217;absence totale de figures nouvelles ou issues de la soci\u00e9t\u00e9 civile<\/strong>, ou encore de personnalit\u00e9s connues pour leurs prises de position ind\u00e9pendantes. On retrouve plut\u00f4t un entre-soi politique, une reproduction des m\u00eames alliances, des m\u00eames calculs, des m\u00eames \u00e9quilibres de fa\u00e7ade.<\/p>\n<p>Ce pr\u00e9tendu renouvellement <strong>refl\u00e8te un immobilisme institutionnalis\u00e9<\/strong>, o\u00f9 les si\u00e8ges sont redistribu\u00e9s entre les factions du m\u00eame \u00e9chiquier, sans d\u00e9bat public, sans enjeux d\u00e9mocratiques visibles, et sans ambition de r\u00e9forme parlementaire.<\/p>\n<h3>O\u00f9 est pass\u00e9e la promesse de rupture ?<\/h3>\n<p>Alors que le pr\u00e9sident de la R\u00e9publique avait promis au d\u00e9but de son mandat une nouvelle \u00e8re institutionnelle, o\u00f9 l\u2019\u00c9tat de droit et la responsabilit\u00e9 devaient devenir des priorit\u00e9s, <strong>les actes parlementaires ne suivent toujours pas ces ambitions<\/strong>. Le renouvellement du bureau de l\u2019Assembl\u00e9e, qui aurait pu symboliser un tournant, reste dans la continuit\u00e9 d\u2019un syst\u00e8me politique ferm\u00e9, centr\u00e9 sur la reproduction du pouvoir, et sourd aux attentes d\u2019une soci\u00e9t\u00e9 en mutation.<\/p>\n<h3>Conclusion : une formalit\u00e9 politicienne de plus<\/h3>\n<p>Le renouvellement du bureau de l\u2019Assembl\u00e9e nationale ne constitue ni une surprise, ni un espoir. C\u2019est <strong>un rite sans \u00e2me<\/strong>, vid\u00e9 de son potentiel d\u00e9mocratique. Tant que cette institution ne sera pas con\u00e7ue comme un v\u00e9ritable contre-pouvoir, avec une repr\u00e9sentativit\u00e9 assum\u00e9e et des figures capables d\u2019exercer une critique constructive, <strong>elle restera une chambre d\u2019enregistrement, plus utile au pouvoir qu\u2019au peuple.<\/strong><\/p>\n<p>Mauritanie, encore une occasion manqu\u00e9e.<\/p>\n<p>Voici la <strong>liste compl\u00e8te du nouveau bureau de l\u2019Assembl\u00e9e nationale mauritanienne<\/strong> \u00e9lue le lundi 28 juillet 2025, avec une large domination du parti au pouvoir <strong>El Insaf<\/strong> :<\/p>\n<p>&nbsp;<\/p>\n<h3><strong>Vice-pr\u00e9sidents :<\/strong><\/h3>\n<ol>\n<li><strong>1er vice-pr\u00e9sident<\/strong> : Sydney Sokhna <em>(Insaf)<\/em><\/li>\n<li><strong>2e vice-pr\u00e9sident<\/strong> : Ahmedou Mohamed Mahmoud M\u2019Ballah <em>(Tawassoul)<\/em><\/li>\n<li><strong>3e vice-pr\u00e9sident<\/strong> : El Hassan Cheikh Baha<\/li>\n<li><strong>4e vice-pr\u00e9sidente<\/strong> : Ghlaywa Aman Lehdhana <em>Insaf)<\/em><\/li>\n<li><strong>5e vice-pr\u00e9sident<\/strong> : Mohamed Vih Baraka Abah <em>(Insaf)<\/em><\/li>\n<\/ol>\n<h3><strong>Questeur :<\/strong><\/h3>\n<ul>\n<li><strong>Babah Cheikhna Ahmed Babou<\/strong> <em>( Insaf)<\/em><\/li>\n<\/ul>\n<h3><strong>Secr\u00e9taires du bureau :<\/strong><\/h3>\n<ol>\n<li><strong>1er secr\u00e9taire<\/strong> : Lemrabet Mohamed Mohamed <em>(Parti El Adala)<\/em><\/li>\n<li><strong>2e secr\u00e9taire<\/strong> : Saadani Mohamed Khaitour <em>( Insaf)<\/em><\/li>\n<li><strong>3e secr\u00e9taire<\/strong> : Khalidou Samba Sow <em>(AJD\/MR \u2013 Alliance pour la Justice et la D\u00e9mocratie\/ Mouvement pour le Renouveau)<\/em><\/li>\n<li><strong>4e secr\u00e9taire<\/strong> : Mohamed El Mokhtar Sghir Embarek <em>( Insaf)<\/em><\/li>\n<li><strong>5e secr\u00e9taire<\/strong> : Nouha Ammar Abidine Sidi <em>( Insaf)<\/em><\/li>\n<\/ol>\n<h3><strong>Rapporteuse g\u00e9n\u00e9rale du budget :<\/strong><\/h3>\n<ul>\n<li><strong>Mariam Cheikh Samba Gueye<\/strong> <em>(Parti Sawab)<\/em><\/li>\n<\/ul>\n<h3><\/h3>\n<p><strong>9 postes sur 14<\/strong> sont occup\u00e9s par le <strong>parti El Insaf<\/strong>, confirmant sa position h\u00e9g\u00e9monique au sein de l\u2019h\u00e9micycle.<\/p>\n<p>Les partis d\u2019opposition ou minoritaires (Tewassoul, AJD\/MR, Sawab, El Adala) n\u2019obtiennent <strong>que des postes secondaires<\/strong>, sans capacit\u00e9 r\u00e9elle d\u2019influence sur l\u2019agenda parlementaire.<\/p>\n<p><strong>Aucune figure ind\u00e9pendante, syndicale ou issue de la soci\u00e9t\u00e9 civile<\/strong> ne figure dans cette nouvelle \u00e9quipe, illustrant un verrouillage partisan du fonctionnement de l\u2019Assembl\u00e9e.<\/p>\n<p>Ce bureau refl\u00e8te un \u00e9quilibre politique rigide, loin d\u2019incarner la diversit\u00e9 sociale ou g\u00e9n\u00e9rationnelle du pays.<\/p>\n<p>&nbsp;<\/p>\n","protected":false},"excerpt":{"rendered":"<p>Ce lundi 28 juillet 2025, l\u2019Assembl\u00e9e nationale mauritanienne a proc\u00e9d\u00e9 au renouvellement statutaire de ses instances internes, avec l\u2019\u00e9lection des vice-pr\u00e9sidents, des secr\u00e9taires, du gestionnaire financier et de la rapporteuse g\u00e9n\u00e9rale du budget. Un exercice routinier pr\u00e9sent\u00e9 comme une formalit\u00e9 d\u00e9mocratique. Mais \u00e0 y regarder de plus pr\u00e8s, cette op\u00e9ration ressemble davantage \u00e0 une reconduction&#8230;..<\/p>\n","protected":false},"author":4,"featured_media":29625,"comment_status":"open","ping_status":"open","sticky":false,"template":"","format":"standard","meta":{"footnotes":""},"categories":[23,57],"tags":[],"class_list":["post-29624","post","type-post","status-publish","format-standard","has-post-thumbnail","hentry","category-actualite","category-couverture-specilale"],"yoast_head":"<!-- This site is optimized with the Yoast SEO plugin v27.5 - https:\/\/yoast.com\/product\/yoast-seo-wordpress\/ -->\n<title>Renouvellement du bureau de l\u2019Assembl\u00e9e nationale : un jeu de chaises musicales sans \u00a0 - Le Quotidien de Nouakchott<\/title>\n<meta name=\"robots\" content=\"index, follow, max-snippet:-1, max-image-preview:large, max-video-preview:-1\" \/>\n<link rel=\"canonical\" href=\"https:\/\/lequotidien.mr\/?p=29624&lang=fr\" \/>\n<meta property=\"og:locale\" content=\"ar_AR\" \/>\n<meta property=\"og:type\" content=\"article\" \/>\n<meta property=\"og:title\" content=\"Renouvellement du bureau de l\u2019Assembl\u00e9e nationale : un jeu de chaises musicales sans \u00a0 - Le Quotidien de Nouakchott\" \/>\n<meta property=\"og:description\" content=\"Ce lundi 28 juillet 2025, l\u2019Assembl\u00e9e nationale mauritanienne a proc\u00e9d\u00e9 au renouvellement statutaire de ses instances internes, avec l\u2019\u00e9lection des vice-pr\u00e9sidents, des secr\u00e9taires, du gestionnaire financier et de la rapporteuse g\u00e9n\u00e9rale du budget. Un exercice routinier pr\u00e9sent\u00e9 comme une formalit\u00e9 d\u00e9mocratique. Mais \u00e0 y regarder de plus pr\u00e8s, cette op\u00e9ration ressemble davantage \u00e0 une reconduction.....\" \/>\n<meta property=\"og:url\" content=\"https:\/\/lequotidien.mr\/?p=29624&amp;lang=fr\" \/>\n<meta property=\"og:site_name\" content=\"Le Quotidien de Nouakchott\" \/>\n<meta property=\"article:publisher\" content=\"https:\/\/web.facebook.com\/lequotidienmr\" \/>\n<meta property=\"article:published_time\" content=\"2025-07-28T20:35:45+00:00\" \/>\n<meta property=\"og:image\" content=\"https:\/\/lequotidien.mr\/wp-content\/uploads\/2025\/07\/unnamed-2.webp\" \/>\n\t<meta property=\"og:image:width\" content=\"680\" \/>\n\t<meta property=\"og:image:height\" content=\"373\" \/>\n\t<meta property=\"og:image:type\" content=\"image\/webp\" \/>\n<meta name=\"author\" content=\"Le Quotidien\" \/>\n<meta name=\"twitter:card\" content=\"summary_large_image\" \/>\n<meta name=\"twitter:creator\" content=\"@lequotidienmr\" \/>\n<meta name=\"twitter:site\" content=\"@lequotidienmr\" \/>\n<meta name=\"twitter:label1\" content=\"\u0643\u064f\u062a\u0628 \u0628\u0648\u0627\u0633\u0637\u0629\" \/>\n\t<meta name=\"twitter:data1\" content=\"Le Quotidien\" \/>\n\t<meta name=\"twitter:label2\" content=\"\u0648\u0642\u062a \u0627\u0644\u0642\u0631\u0627\u0621\u0629 \u0627\u0644\u0645\u064f\u0642\u062f\u0651\u0631\" \/>\n\t<meta name=\"twitter:data2\" content=\"6 \u062f\u0642\u0627\u0626\u0642\" \/>\n<script type=\"application\/ld+json\" class=\"yoast-schema-graph\">{\"@context\":\"https:\\\/\\\/schema.org\",\"@graph\":[{\"@type\":\"Article\",\"@id\":\"https:\\\/\\\/lequotidien.mr\\\/?p=29624&lang=fr#article\",\"isPartOf\":{\"@id\":\"https:\\\/\\\/lequotidien.mr\\\/?p=29624&lang=fr\"},\"author\":{\"name\":\"Le Quotidien\",\"@id\":\"https:\\\/\\\/lequotidien.mr\\\/#\\\/schema\\\/person\\\/f90fcdaa970c60288de4ed2e64a56472\"},\"headline\":\"Renouvellement du bureau de l\u2019Assembl\u00e9e nationale : un jeu de chaises musicales sans \u00a0\",\"datePublished\":\"2025-07-28T20:35:45+00:00\",\"mainEntityOfPage\":{\"@id\":\"https:\\\/\\\/lequotidien.mr\\\/?p=29624&lang=fr\"},\"wordCount\":854,\"commentCount\":0,\"publisher\":{\"@id\":\"https:\\\/\\\/lequotidien.mr\\\/#organization\"},\"image\":{\"@id\":\"https:\\\/\\\/lequotidien.mr\\\/?p=29624&lang=fr#primaryimage\"},\"thumbnailUrl\":\"https:\\\/\\\/lequotidien.mr\\\/wp-content\\\/uploads\\\/2025\\\/07\\\/unnamed-2.webp\",\"articleSection\":[\"ACTUALIT\u00c9\",\"Couverture sp\u00e9cilale\"],\"inLanguage\":\"ar\",\"potentialAction\":[{\"@type\":\"CommentAction\",\"name\":\"Comment\",\"target\":[\"https:\\\/\\\/lequotidien.mr\\\/?p=29624&lang=fr#respond\"]}]},{\"@type\":\"WebPage\",\"@id\":\"https:\\\/\\\/lequotidien.mr\\\/?p=29624&lang=fr\",\"url\":\"https:\\\/\\\/lequotidien.mr\\\/?p=29624&lang=fr\",\"name\":\"Renouvellement du bureau de l\u2019Assembl\u00e9e nationale : un jeu de chaises musicales sans \u00a0 - Le Quotidien de Nouakchott\",\"isPartOf\":{\"@id\":\"https:\\\/\\\/lequotidien.mr\\\/#website\"},\"primaryImageOfPage\":{\"@id\":\"https:\\\/\\\/lequotidien.mr\\\/?p=29624&lang=fr#primaryimage\"},\"image\":{\"@id\":\"https:\\\/\\\/lequotidien.mr\\\/?p=29624&lang=fr#primaryimage\"},\"thumbnailUrl\":\"https:\\\/\\\/lequotidien.mr\\\/wp-content\\\/uploads\\\/2025\\\/07\\\/unnamed-2.webp\",\"datePublished\":\"2025-07-28T20:35:45+00:00\",\"breadcrumb\":{\"@id\":\"https:\\\/\\\/lequotidien.mr\\\/?p=29624&lang=fr#breadcrumb\"},\"inLanguage\":\"ar\",\"potentialAction\":[{\"@type\":\"ReadAction\",\"target\":[\"https:\\\/\\\/lequotidien.mr\\\/?p=29624&lang=fr\"]}]},{\"@type\":\"ImageObject\",\"inLanguage\":\"ar\",\"@id\":\"https:\\\/\\\/lequotidien.mr\\\/?p=29624&lang=fr#primaryimage\",\"url\":\"https:\\\/\\\/lequotidien.mr\\\/wp-content\\\/uploads\\\/2025\\\/07\\\/unnamed-2.webp\",\"contentUrl\":\"https:\\\/\\\/lequotidien.mr\\\/wp-content\\\/uploads\\\/2025\\\/07\\\/unnamed-2.webp\",\"width\":680,\"height\":373},{\"@type\":\"BreadcrumbList\",\"@id\":\"https:\\\/\\\/lequotidien.mr\\\/?p=29624&lang=fr#breadcrumb\",\"itemListElement\":[{\"@type\":\"ListItem\",\"position\":1,\"name\":\"Home\",\"item\":\"https:\\\/\\\/lequotidien.mr\\\/\"},{\"@type\":\"ListItem\",\"position\":2,\"name\":\"Renouvellement du bureau de l\u2019Assembl\u00e9e nationale : un jeu de chaises musicales sans \u00a0\"}]},{\"@type\":\"WebSite\",\"@id\":\"https:\\\/\\\/lequotidien.mr\\\/#website\",\"url\":\"https:\\\/\\\/lequotidien.mr\\\/\",\"name\":\"Le Quotidien de Nouakchott\",\"description\":\"\u0625\u062e\u0628\u0627\u0631\u064a\u0629 \u0645\u0633\u062a\u0642\u0644\u0629 \u0644\u0644\u0623\u0646\u0628\u0627\u0621 \u0627\u0644\u0639\u0627\u0645\u0629\",\"publisher\":{\"@id\":\"https:\\\/\\\/lequotidien.mr\\\/#organization\"},\"potentialAction\":[{\"@type\":\"SearchAction\",\"target\":{\"@type\":\"EntryPoint\",\"urlTemplate\":\"https:\\\/\\\/lequotidien.mr\\\/?s={search_term_string}\"},\"query-input\":{\"@type\":\"PropertyValueSpecification\",\"valueRequired\":true,\"valueName\":\"search_term_string\"}}],\"inLanguage\":\"ar\"},{\"@type\":\"Organization\",\"@id\":\"https:\\\/\\\/lequotidien.mr\\\/#organization\",\"name\":\"Le Quotidien de Nouakchott\",\"url\":\"https:\\\/\\\/lequotidien.mr\\\/\",\"logo\":{\"@type\":\"ImageObject\",\"inLanguage\":\"ar\",\"@id\":\"https:\\\/\\\/lequotidien.mr\\\/#\\\/schema\\\/logo\\\/image\\\/\",\"url\":\"https:\\\/\\\/lequotidien.mr\\\/wp-content\\\/uploads\\\/2022\\\/11\\\/logolequotidien.jpg\",\"contentUrl\":\"https:\\\/\\\/lequotidien.mr\\\/wp-content\\\/uploads\\\/2022\\\/11\\\/logolequotidien.jpg\",\"width\":290,\"height\":65,\"caption\":\"Le Quotidien de Nouakchott\"},\"image\":{\"@id\":\"https:\\\/\\\/lequotidien.mr\\\/#\\\/schema\\\/logo\\\/image\\\/\"},\"sameAs\":[\"https:\\\/\\\/web.facebook.com\\\/lequotidienmr\",\"https:\\\/\\\/x.com\\\/lequotidienmr\"]},{\"@type\":\"Person\",\"@id\":\"https:\\\/\\\/lequotidien.mr\\\/#\\\/schema\\\/person\\\/f90fcdaa970c60288de4ed2e64a56472\",\"name\":\"Le Quotidien\",\"image\":{\"@type\":\"ImageObject\",\"inLanguage\":\"ar\",\"@id\":\"https:\\\/\\\/secure.gravatar.com\\\/avatar\\\/374cb39a1a458a912465a93e5a3ce6546886fc3da809a1f10c63e4e8fcbca30f?s=96&d=mm&r=g\",\"url\":\"https:\\\/\\\/secure.gravatar.com\\\/avatar\\\/374cb39a1a458a912465a93e5a3ce6546886fc3da809a1f10c63e4e8fcbca30f?s=96&d=mm&r=g\",\"contentUrl\":\"https:\\\/\\\/secure.gravatar.com\\\/avatar\\\/374cb39a1a458a912465a93e5a3ce6546886fc3da809a1f10c63e4e8fcbca30f?s=96&d=mm&r=g\",\"caption\":\"Le Quotidien\"},\"sameAs\":[\"https:\\\/\\\/lequotidien.mr\\\/\"],\"url\":\"https:\\\/\\\/lequotidien.mr\\\/?author=4\"}]}<\/script>\n<!-- \/ Yoast SEO plugin. -->","yoast_head_json":{"title":"Renouvellement du bureau de l\u2019Assembl\u00e9e nationale : un jeu de chaises musicales sans \u00a0 - Le Quotidien de Nouakchott","robots":{"index":"index","follow":"follow","max-snippet":"max-snippet:-1","max-image-preview":"max-image-preview:large","max-video-preview":"max-video-preview:-1"},"canonical":"https:\/\/lequotidien.mr\/?p=29624&lang=fr","og_locale":"ar_AR","og_type":"article","og_title":"Renouvellement du bureau de l\u2019Assembl\u00e9e nationale : un jeu de chaises musicales sans \u00a0 - Le Quotidien de Nouakchott","og_description":"Ce lundi 28 juillet 2025, l\u2019Assembl\u00e9e nationale mauritanienne a proc\u00e9d\u00e9 au renouvellement statutaire de ses instances internes, avec l\u2019\u00e9lection des vice-pr\u00e9sidents, des secr\u00e9taires, du gestionnaire financier et de la rapporteuse g\u00e9n\u00e9rale du budget. Un exercice routinier pr\u00e9sent\u00e9 comme une formalit\u00e9 d\u00e9mocratique. Mais \u00e0 y regarder de plus pr\u00e8s, cette op\u00e9ration ressemble davantage \u00e0 une reconduction.....","og_url":"https:\/\/lequotidien.mr\/?p=29624&lang=fr","og_site_name":"Le Quotidien de Nouakchott","article_publisher":"https:\/\/web.facebook.com\/lequotidienmr","article_published_time":"2025-07-28T20:35:45+00:00","og_image":[{"width":680,"height":373,"url":"https:\/\/lequotidien.mr\/wp-content\/uploads\/2025\/07\/unnamed-2.webp","type":"image\/webp"}],"author":"Le Quotidien","twitter_card":"summary_large_image","twitter_creator":"@lequotidienmr","twitter_site":"@lequotidienmr","twitter_misc":{"\u0643\u064f\u062a\u0628 \u0628\u0648\u0627\u0633\u0637\u0629":"Le Quotidien","\u0648\u0642\u062a \u0627\u0644\u0642\u0631\u0627\u0621\u0629 \u0627\u0644\u0645\u064f\u0642\u062f\u0651\u0631":"6 \u062f\u0642\u0627\u0626\u0642"},"schema":{"@context":"https:\/\/schema.org","@graph":[{"@type":"Article","@id":"https:\/\/lequotidien.mr\/?p=29624&lang=fr#article","isPartOf":{"@id":"https:\/\/lequotidien.mr\/?p=29624&lang=fr"},"author":{"name":"Le Quotidien","@id":"https:\/\/lequotidien.mr\/#\/schema\/person\/f90fcdaa970c60288de4ed2e64a56472"},"headline":"Renouvellement du bureau de l\u2019Assembl\u00e9e nationale : un jeu de chaises musicales sans \u00a0","datePublished":"2025-07-28T20:35:45+00:00","mainEntityOfPage":{"@id":"https:\/\/lequotidien.mr\/?p=29624&lang=fr"},"wordCount":854,"commentCount":0,"publisher":{"@id":"https:\/\/lequotidien.mr\/#organization"},"image":{"@id":"https:\/\/lequotidien.mr\/?p=29624&lang=fr#primaryimage"},"thumbnailUrl":"https:\/\/lequotidien.mr\/wp-content\/uploads\/2025\/07\/unnamed-2.webp","articleSection":["ACTUALIT\u00c9","Couverture sp\u00e9cilale"],"inLanguage":"ar","potentialAction":[{"@type":"CommentAction","name":"Comment","target":["https:\/\/lequotidien.mr\/?p=29624&lang=fr#respond"]}]},{"@type":"WebPage","@id":"https:\/\/lequotidien.mr\/?p=29624&lang=fr","url":"https:\/\/lequotidien.mr\/?p=29624&lang=fr","name":"Renouvellement du bureau de l\u2019Assembl\u00e9e nationale : un jeu de chaises musicales sans \u00a0 - Le Quotidien de Nouakchott","isPartOf":{"@id":"https:\/\/lequotidien.mr\/#website"},"primaryImageOfPage":{"@id":"https:\/\/lequotidien.mr\/?p=29624&lang=fr#primaryimage"},"image":{"@id":"https:\/\/lequotidien.mr\/?p=29624&lang=fr#primaryimage"},"thumbnailUrl":"https:\/\/lequotidien.mr\/wp-content\/uploads\/2025\/07\/unnamed-2.webp","datePublished":"2025-07-28T20:35:45+00:00","breadcrumb":{"@id":"https:\/\/lequotidien.mr\/?p=29624&lang=fr#breadcrumb"},"inLanguage":"ar","potentialAction":[{"@type":"ReadAction","target":["https:\/\/lequotidien.mr\/?p=29624&lang=fr"]}]},{"@type":"ImageObject","inLanguage":"ar","@id":"https:\/\/lequotidien.mr\/?p=29624&lang=fr#primaryimage","url":"https:\/\/lequotidien.mr\/wp-content\/uploads\/2025\/07\/unnamed-2.webp","contentUrl":"https:\/\/lequotidien.mr\/wp-content\/uploads\/2025\/07\/unnamed-2.webp","width":680,"height":373},{"@type":"BreadcrumbList","@id":"https:\/\/lequotidien.mr\/?p=29624&lang=fr#breadcrumb","itemListElement":[{"@type":"ListItem","position":1,"name":"Home","item":"https:\/\/lequotidien.mr\/"},{"@type":"ListItem","position":2,"name":"Renouvellement du bureau de l\u2019Assembl\u00e9e nationale : un jeu de chaises musicales sans \u00a0"}]},{"@type":"WebSite","@id":"https:\/\/lequotidien.mr\/#website","url":"https:\/\/lequotidien.mr\/","name":"Le Quotidien de Nouakchott","description":"\u0625\u062e\u0628\u0627\u0631\u064a\u0629 \u0645\u0633\u062a\u0642\u0644\u0629 \u0644\u0644\u0623\u0646\u0628\u0627\u0621 \u0627\u0644\u0639\u0627\u0645\u0629","publisher":{"@id":"https:\/\/lequotidien.mr\/#organization"},"potentialAction":[{"@type":"SearchAction","target":{"@type":"EntryPoint","urlTemplate":"https:\/\/lequotidien.mr\/?s={search_term_string}"},"query-input":{"@type":"PropertyValueSpecification","valueRequired":true,"valueName":"search_term_string"}}],"inLanguage":"ar"},{"@type":"Organization","@id":"https:\/\/lequotidien.mr\/#organization","name":"Le Quotidien de Nouakchott","url":"https:\/\/lequotidien.mr\/","logo":{"@type":"ImageObject","inLanguage":"ar","@id":"https:\/\/lequotidien.mr\/#\/schema\/logo\/image\/","url":"https:\/\/lequotidien.mr\/wp-content\/uploads\/2022\/11\/logolequotidien.jpg","contentUrl":"https:\/\/lequotidien.mr\/wp-content\/uploads\/2022\/11\/logolequotidien.jpg","width":290,"height":65,"caption":"Le Quotidien de Nouakchott"},"image":{"@id":"https:\/\/lequotidien.mr\/#\/schema\/logo\/image\/"},"sameAs":["https:\/\/web.facebook.com\/lequotidienmr","https:\/\/x.com\/lequotidienmr"]},{"@type":"Person","@id":"https:\/\/lequotidien.mr\/#\/schema\/person\/f90fcdaa970c60288de4ed2e64a56472","name":"Le Quotidien","image":{"@type":"ImageObject","inLanguage":"ar","@id":"https:\/\/secure.gravatar.com\/avatar\/374cb39a1a458a912465a93e5a3ce6546886fc3da809a1f10c63e4e8fcbca30f?s=96&d=mm&r=g","url":"https:\/\/secure.gravatar.com\/avatar\/374cb39a1a458a912465a93e5a3ce6546886fc3da809a1f10c63e4e8fcbca30f?s=96&d=mm&r=g","contentUrl":"https:\/\/secure.gravatar.com\/avatar\/374cb39a1a458a912465a93e5a3ce6546886fc3da809a1f10c63e4e8fcbca30f?s=96&d=mm&r=g","caption":"Le Quotidien"},"sameAs":["https:\/\/lequotidien.mr\/"],"url":"https:\/\/lequotidien.mr\/?author=4"}]}},"_links":{"self":[{"href":"https:\/\/lequotidien.mr\/index.php?rest_route=\/wp\/v2\/posts\/29624","targetHints":{"allow":["GET"]}}],"collection":[{"href":"https:\/\/lequotidien.mr\/index.php?rest_route=\/wp\/v2\/posts"}],"about":[{"href":"https:\/\/lequotidien.mr\/index.php?rest_route=\/wp\/v2\/types\/post"}],"author":[{"embeddable":true,"href":"https:\/\/lequotidien.mr\/index.php?rest_route=\/wp\/v2\/users\/4"}],"replies":[{"embeddable":true,"href":"https:\/\/lequotidien.mr\/index.php?rest_route=%2Fwp%2Fv2%2Fcomments&post=29624"}],"version-history":[{"count":1,"href":"https:\/\/lequotidien.mr\/index.php?rest_route=\/wp\/v2\/posts\/29624\/revisions"}],"predecessor-version":[{"id":29626,"href":"https:\/\/lequotidien.mr\/index.php?rest_route=\/wp\/v2\/posts\/29624\/revisions\/29626"}],"wp:featuredmedia":[{"embeddable":true,"href":"https:\/\/lequotidien.mr\/index.php?rest_route=\/wp\/v2\/media\/29625"}],"wp:attachment":[{"href":"https:\/\/lequotidien.mr\/index.php?rest_route=%2Fwp%2Fv2%2Fmedia&parent=29624"}],"wp:term":[{"taxonomy":"category","embeddable":true,"href":"https:\/\/lequotidien.mr\/index.php?rest_route=%2Fwp%2Fv2%2Fcategories&post=29624"},{"taxonomy":"post_tag","embeddable":true,"href":"https:\/\/lequotidien.mr\/index.php?rest_route=%2Fwp%2Fv2%2Ftags&post=29624"}],"curies":[{"name":"wp","href":"https:\/\/api.w.org\/{rel}","templated":true}]}}