{"id":29618,"date":"2025-07-28T20:23:10","date_gmt":"2025-07-28T20:23:10","guid":{"rendered":"https:\/\/lequotidien.mr\/?p=29618"},"modified":"2025-07-28T20:23:10","modified_gmt":"2025-07-28T20:23:10","slug":"a-nouadhibou-une-visite-presidentielle-aux-allures-de-vitrine-sur-fond-de-fractures-non-resolues","status":"publish","type":"post","link":"https:\/\/lequotidien.mr\/?p=29618&lang=fr","title":{"rendered":"\u00c0 Nouadhibou, une visite pr\u00e9sidentielle aux allures de vitrine\u2026 sur fond de fractures non r\u00e9solues"},"content":{"rendered":"<p>Lundi 28 juillet 2025, la ville de Nouadhibou a \u00e9t\u00e9 le th\u00e9\u00e2tre d\u2019une intense activit\u00e9 pr\u00e9sidentielle. Le chef de l\u2019\u00c9tat, Mohamed Ould Cheikh El Ghazouani, y a inaugur\u00e9 plusieurs infrastructures majeures : le complexe industriel \u00ab <em>Smek<\/em> \u00bb pour la valorisation des petits p\u00e9lagiques, le lancement du c\u00e2ble sous-marin EllaLink, la pose de la premi\u00e8re pierre pour l\u2019extension du quai du port autonome, ainsi que celle d\u2019une \u00e9cole de formation aux TIC. Une journ\u00e9e riche en symboles, traduisant l\u2019ambition pr\u00e9sidentielle de faire de Nouadhibou une plateforme \u00e9conomique et num\u00e9rique d\u2019envergure.<\/p>\n<p>Mais au-del\u00e0 des c\u00e9r\u00e9monies et des chiffres affich\u00e9s, la ville peine toujours \u00e0 cacher ses fractures. Loin des discours officiels, <strong>la r\u00e9alit\u00e9 du quotidien nouadhibien demeure celle d\u2019une population en proie \u00e0 des difficult\u00e9s structurelles<\/strong>, entre services de base d\u00e9faillants, ch\u00f4mage massif, pollution chronique et sentiment d\u2019abandon.<\/p>\n<h3>Une ambition industrielle affich\u00e9e\u2026<\/h3>\n<p>Le pr\u00e9sident a tout d\u2019abord inaugur\u00e9 le complexe industriel \u00ab Smek \u00bb, fruit d\u2019un partenariat entre la SMCP, l\u2019Organisation arabe pour l\u2019investissement agricole et des investisseurs nationaux. Avec ses <strong>28 millions de dollars d\u2019investissement<\/strong>, ses <strong>400 tonnes de capacit\u00e9 journali\u00e8re<\/strong> et ses <strong>10 000 tonnes de capacit\u00e9 de stockage<\/strong>, le site promet de transformer la p\u00eache aux petits p\u00e9lagiques en source majeure d\u2019emplois et de valeur ajout\u00e9e.<\/p>\n<p>Un peu plus loin, au port autonome, la pose de la premi\u00e8re pierre pour la r\u00e9habilitation du quai commercial marque \u00e9galement un pas important. Co\u00fbt estim\u00e9 : <strong>451 millions MRU<\/strong>. Objectif : relancer un outil strat\u00e9gique \u00e0 l\u2019arr\u00eat, \u00e0 cause de la v\u00e9tust\u00e9 de ses infrastructures.<\/p>\n<p>Sur le plan num\u00e9rique, le lancement du <strong>c\u00e2ble sous-marin EllaLink<\/strong> reliant la Mauritanie \u00e0 l\u2019Europe promet de faire du pays un hub r\u00e9gional en connectivit\u00e9 internet. Une annonce ambitieuse, soutenue par l\u2019UE et la BEI \u00e0 hauteur de <strong>plus de 43 millions d\u2019euros<\/strong>, cens\u00e9e am\u00e9liorer la vitesse d\u2019internet et baisser les co\u00fbts de 20%.<\/p>\n<p>Enfin, la premi\u00e8re pierre d\u2019un <strong>\u00e9tablissement technique d\u00e9di\u00e9 aux TIC<\/strong> a \u00e9t\u00e9 pos\u00e9e, avec 9 salles de cours, 16 laboratoires et des logements pour \u00e9tudiants, pour un montant de <strong>174 millions MRU<\/strong>.<\/p>\n<h3>\u2026 mais une ville en panne de services essentiels<\/h3>\n<p>Ces projets, s\u2019ils sont prometteurs sur le papier, <strong>contrastent cruellement avec les r\u00e9alit\u00e9s que vivent les habitants de Nouadhibou<\/strong>.<\/p>\n<ul>\n<li><strong>Une route nationale \u00e0 l\u2019agonie<\/strong> : il suffit d\u2019emprunter la RN1 entre Nouakchott et Nouadhibou pour se rendre compte de l\u2019\u00e9tat d\u00e9plorable de cette art\u00e8re vitale. Les camions y circulent au ralenti, les accidents s\u2019y multiplient, et les d\u00e9lais logistiques sapent toute ambition de comp\u00e9titivit\u00e9.<\/li>\n<li><strong>P\u00e9nurie d\u2019eau chronique<\/strong> : Nouadhibou, ville c\u00f4ti\u00e8re, manque paradoxalement d\u2019eau. Les coupures sont fr\u00e9quentes, les citernes priv\u00e9es prolif\u00e8rent, et les quartiers p\u00e9riph\u00e9riques restent marginalis\u00e9s. Aucune mention de projet structurant sur l\u2019eau durant la visite pr\u00e9sidentielle.<\/li>\n<li><strong>\u00c9lectricit\u00e9 intermittente<\/strong> : alors m\u00eame que le c\u00e2ble EllaLink promet une r\u00e9volution num\u00e9rique, l\u2019\u00e9lectricit\u00e9 locale reste instable. Coupures \u00e0 r\u00e9p\u00e9tition, groupes \u00e9lectrog\u00e8nes omnipr\u00e9sents : <strong>comment r\u00eaver de num\u00e9rique sans \u00e9nergie fiable ?<\/strong><\/li>\n<li><strong>Pollution \u00e0 tous les \u00e9tages<\/strong> : d\u00e9chets plastiques omnipr\u00e9sents, odeurs naus\u00e9abondes de farine de poisson, nappes de gasoil au port : <strong>la capitale \u00e9conomique est aussi une zone sinistr\u00e9e sur le plan environnemental<\/strong>, malgr\u00e9 les grands discours sur la durabilit\u00e9.<\/li>\n<li><strong>Un ch\u00f4mage qui mine la jeunesse<\/strong> : malgr\u00e9 les annonces d\u2019emplois directs et indirects, <strong>le sentiment d\u2019exclusion demeure fort chez les jeunes<\/strong>, peu ou pas concern\u00e9s par ces projets structur\u00e9s, souvent confi\u00e9s \u00e0 des entreprises ext\u00e9rieures sans r\u00e9elle implication locale.<\/li>\n<\/ul>\n<p>Un d\u00e9cor soign\u00e9\u2026 mais un quotidien d\u00e9grad\u00e9<\/p>\n<p>La visite du pr\u00e9sident a mobilis\u00e9 l\u2019ensemble de l\u2019administration locale, des cadres, et une partie des m\u00e9dias nationaux. Le d\u00e9cor \u00e9tait parfait. Mais <strong>le contraste entre l\u2019image projet\u00e9e et la r\u00e9alit\u00e9 v\u00e9cue est saisissant<\/strong>.<\/p>\n<p>Des milliers de jeunes sortent chaque ann\u00e9e des \u00e9tablissements sans perspective d\u2019emploi. Les quartiers p\u00e9riph\u00e9riques s\u2019\u00e9tendent sans assainissement ni routes. Et <strong>aucun \u00e9change direct n\u2019a \u00e9t\u00e9 pr\u00e9vu avec les populations sur leurs priorit\u00e9s imm\u00e9diates : acc\u00e8s \u00e0 l\u2019eau, soins, s\u00e9curit\u00e9, emploi.<\/strong><\/p>\n<h3>Une visite symbolique\u2026 ou symptomatique ?<\/h3>\n<p>Le Pr\u00e9sident Ghazouani a sans doute voulu donner un signal fort : Nouadhibou reste au c\u0153ur de sa vision de d\u00e9veloppement. Mais <strong>tant que les promesses restent concentr\u00e9es sur les grandes infrastructures sans impact direct sur le quotidien des citoyens<\/strong>, le scepticisme persistera.<\/p>\n<p>Car pour les habitants, <strong>le vrai d\u00e9fi n\u2019est pas de se connecter \u00e0 l\u2019Europe \u00e0 200 Gbit\/s\u2026 mais d\u2019avoir de l\u2019eau courante, une route praticable, un emploi digne et un environnement sain.<\/strong><\/p>\n<h3>Conclusion : un \u00e9lan \u00e0 confirmer\u2026 sur le terrain<\/h3>\n<p>Nouadhibou n\u2019a pas besoin que de symboles. Elle a besoin d\u2019un plan de sauvetage global : urbain, social, \u00e9cologique. Les investissements industriels sont importants, mais <strong>ils doivent s\u2019accompagner d\u2019une refonte des services publics, d\u2019une meilleure gouvernance locale et d\u2019une vraie inclusion citoyenne<\/strong>.<\/p>\n<p>Autrement, ces projets risquent, comme tant d\u2019autres, de rejoindre la longue liste des infrastructures d\u00e9connect\u00e9es des urgences de la population. La capitale \u00e9conomique m\u00e9rite plus que des fondations pos\u00e9es au pas de course : elle m\u00e9rite une vision \u00e0 la hauteur de ses attentes.<\/p>\n","protected":false},"excerpt":{"rendered":"<p>Lundi 28 juillet 2025, la ville de Nouadhibou a \u00e9t\u00e9 le th\u00e9\u00e2tre d\u2019une intense activit\u00e9 pr\u00e9sidentielle. Le chef de l\u2019\u00c9tat, Mohamed Ould Cheikh El Ghazouani, y a inaugur\u00e9 plusieurs infrastructures majeures : le complexe industriel \u00ab Smek \u00bb pour la valorisation des petits p\u00e9lagiques, le lancement du c\u00e2ble sous-marin EllaLink, la pose de la premi\u00e8re&#8230;..<\/p>\n","protected":false},"author":4,"featured_media":29619,"comment_status":"open","ping_status":"open","sticky":false,"template":"","format":"standard","meta":{"footnotes":""},"categories":[23,57],"tags":[],"class_list":["post-29618","post","type-post","status-publish","format-standard","has-post-thumbnail","hentry","category-actualite","category-couverture-specilale"],"yoast_head":"<!-- This site is optimized with the Yoast SEO plugin v27.5 - https:\/\/yoast.com\/product\/yoast-seo-wordpress\/ -->\n<title>\u00c0 Nouadhibou, une visite pr\u00e9sidentielle aux allures de vitrine\u2026 sur fond de fractures non r\u00e9solues - Le Quotidien de Nouakchott<\/title>\n<meta name=\"robots\" content=\"index, follow, max-snippet:-1, max-image-preview:large, max-video-preview:-1\" \/>\n<link rel=\"canonical\" href=\"https:\/\/lequotidien.mr\/?p=29618&lang=fr\" \/>\n<meta property=\"og:locale\" content=\"ar_AR\" \/>\n<meta property=\"og:type\" content=\"article\" \/>\n<meta property=\"og:title\" content=\"\u00c0 Nouadhibou, une visite pr\u00e9sidentielle aux allures de vitrine\u2026 sur fond de fractures non r\u00e9solues - Le Quotidien de Nouakchott\" \/>\n<meta property=\"og:description\" content=\"Lundi 28 juillet 2025, la ville de Nouadhibou a \u00e9t\u00e9 le th\u00e9\u00e2tre d\u2019une intense activit\u00e9 pr\u00e9sidentielle. Le chef de l\u2019\u00c9tat, Mohamed Ould Cheikh El Ghazouani, y a inaugur\u00e9 plusieurs infrastructures majeures : le complexe industriel \u00ab Smek \u00bb pour la valorisation des petits p\u00e9lagiques, le lancement du c\u00e2ble sous-marin EllaLink, la pose de la premi\u00e8re.....\" \/>\n<meta property=\"og:url\" content=\"https:\/\/lequotidien.mr\/?p=29618&amp;lang=fr\" \/>\n<meta property=\"og:site_name\" content=\"Le Quotidien de Nouakchott\" \/>\n<meta property=\"article:publisher\" content=\"https:\/\/web.facebook.com\/lequotidienmr\" \/>\n<meta property=\"article:published_time\" content=\"2025-07-28T20:23:10+00:00\" \/>\n<meta property=\"og:image\" content=\"https:\/\/lequotidien.mr\/wp-content\/uploads\/2025\/07\/\u0662\u0660\u0662\u0665\u0660\u0667\u0662\u0668_\u0661\u0668\u0660\u0665\u0665\u0661-750x430-1.jpg\" \/>\n\t<meta property=\"og:image:width\" content=\"750\" \/>\n\t<meta property=\"og:image:height\" content=\"430\" \/>\n\t<meta property=\"og:image:type\" content=\"image\/jpeg\" \/>\n<meta name=\"author\" content=\"Le Quotidien\" \/>\n<meta name=\"twitter:card\" content=\"summary_large_image\" \/>\n<meta name=\"twitter:creator\" content=\"@lequotidienmr\" \/>\n<meta name=\"twitter:site\" content=\"@lequotidienmr\" \/>\n<meta name=\"twitter:label1\" content=\"\u0643\u064f\u062a\u0628 \u0628\u0648\u0627\u0633\u0637\u0629\" \/>\n\t<meta name=\"twitter:data1\" content=\"Le Quotidien\" \/>\n\t<meta name=\"twitter:label2\" content=\"\u0648\u0642\u062a \u0627\u0644\u0642\u0631\u0627\u0621\u0629 \u0627\u0644\u0645\u064f\u0642\u062f\u0651\u0631\" \/>\n\t<meta name=\"twitter:data2\" content=\"6 \u062f\u0642\u0627\u0626\u0642\" \/>\n<script type=\"application\/ld+json\" class=\"yoast-schema-graph\">{\"@context\":\"https:\\\/\\\/schema.org\",\"@graph\":[{\"@type\":\"Article\",\"@id\":\"https:\\\/\\\/lequotidien.mr\\\/?p=29618&lang=fr#article\",\"isPartOf\":{\"@id\":\"https:\\\/\\\/lequotidien.mr\\\/?p=29618&lang=fr\"},\"author\":{\"name\":\"Le Quotidien\",\"@id\":\"https:\\\/\\\/lequotidien.mr\\\/#\\\/schema\\\/person\\\/f90fcdaa970c60288de4ed2e64a56472\"},\"headline\":\"\u00c0 Nouadhibou, une visite pr\u00e9sidentielle aux allures de vitrine\u2026 sur fond de fractures non r\u00e9solues\",\"datePublished\":\"2025-07-28T20:23:10+00:00\",\"mainEntityOfPage\":{\"@id\":\"https:\\\/\\\/lequotidien.mr\\\/?p=29618&lang=fr\"},\"wordCount\":932,\"commentCount\":0,\"publisher\":{\"@id\":\"https:\\\/\\\/lequotidien.mr\\\/#organization\"},\"image\":{\"@id\":\"https:\\\/\\\/lequotidien.mr\\\/?p=29618&lang=fr#primaryimage\"},\"thumbnailUrl\":\"https:\\\/\\\/lequotidien.mr\\\/wp-content\\\/uploads\\\/2025\\\/07\\\/\u0662\u0660\u0662\u0665\u0660\u0667\u0662\u0668_\u0661\u0668\u0660\u0665\u0665\u0661-750x430-1.jpg\",\"articleSection\":[\"ACTUALIT\u00c9\",\"Couverture sp\u00e9cilale\"],\"inLanguage\":\"ar\",\"potentialAction\":[{\"@type\":\"CommentAction\",\"name\":\"Comment\",\"target\":[\"https:\\\/\\\/lequotidien.mr\\\/?p=29618&lang=fr#respond\"]}]},{\"@type\":\"WebPage\",\"@id\":\"https:\\\/\\\/lequotidien.mr\\\/?p=29618&lang=fr\",\"url\":\"https:\\\/\\\/lequotidien.mr\\\/?p=29618&lang=fr\",\"name\":\"\u00c0 Nouadhibou, une visite pr\u00e9sidentielle aux allures de vitrine\u2026 sur fond de fractures non r\u00e9solues - Le Quotidien de Nouakchott\",\"isPartOf\":{\"@id\":\"https:\\\/\\\/lequotidien.mr\\\/#website\"},\"primaryImageOfPage\":{\"@id\":\"https:\\\/\\\/lequotidien.mr\\\/?p=29618&lang=fr#primaryimage\"},\"image\":{\"@id\":\"https:\\\/\\\/lequotidien.mr\\\/?p=29618&lang=fr#primaryimage\"},\"thumbnailUrl\":\"https:\\\/\\\/lequotidien.mr\\\/wp-content\\\/uploads\\\/2025\\\/07\\\/\u0662\u0660\u0662\u0665\u0660\u0667\u0662\u0668_\u0661\u0668\u0660\u0665\u0665\u0661-750x430-1.jpg\",\"datePublished\":\"2025-07-28T20:23:10+00:00\",\"breadcrumb\":{\"@id\":\"https:\\\/\\\/lequotidien.mr\\\/?p=29618&lang=fr#breadcrumb\"},\"inLanguage\":\"ar\",\"potentialAction\":[{\"@type\":\"ReadAction\",\"target\":[\"https:\\\/\\\/lequotidien.mr\\\/?p=29618&lang=fr\"]}]},{\"@type\":\"ImageObject\",\"inLanguage\":\"ar\",\"@id\":\"https:\\\/\\\/lequotidien.mr\\\/?p=29618&lang=fr#primaryimage\",\"url\":\"https:\\\/\\\/lequotidien.mr\\\/wp-content\\\/uploads\\\/2025\\\/07\\\/\u0662\u0660\u0662\u0665\u0660\u0667\u0662\u0668_\u0661\u0668\u0660\u0665\u0665\u0661-750x430-1.jpg\",\"contentUrl\":\"https:\\\/\\\/lequotidien.mr\\\/wp-content\\\/uploads\\\/2025\\\/07\\\/\u0662\u0660\u0662\u0665\u0660\u0667\u0662\u0668_\u0661\u0668\u0660\u0665\u0665\u0661-750x430-1.jpg\",\"width\":750,\"height\":430},{\"@type\":\"BreadcrumbList\",\"@id\":\"https:\\\/\\\/lequotidien.mr\\\/?p=29618&lang=fr#breadcrumb\",\"itemListElement\":[{\"@type\":\"ListItem\",\"position\":1,\"name\":\"Home\",\"item\":\"https:\\\/\\\/lequotidien.mr\\\/\"},{\"@type\":\"ListItem\",\"position\":2,\"name\":\"\u00c0 Nouadhibou, une visite pr\u00e9sidentielle aux allures de vitrine\u2026 sur fond de fractures non r\u00e9solues\"}]},{\"@type\":\"WebSite\",\"@id\":\"https:\\\/\\\/lequotidien.mr\\\/#website\",\"url\":\"https:\\\/\\\/lequotidien.mr\\\/\",\"name\":\"Le Quotidien de Nouakchott\",\"description\":\"\u0625\u062e\u0628\u0627\u0631\u064a\u0629 \u0645\u0633\u062a\u0642\u0644\u0629 \u0644\u0644\u0623\u0646\u0628\u0627\u0621 \u0627\u0644\u0639\u0627\u0645\u0629\",\"publisher\":{\"@id\":\"https:\\\/\\\/lequotidien.mr\\\/#organization\"},\"potentialAction\":[{\"@type\":\"SearchAction\",\"target\":{\"@type\":\"EntryPoint\",\"urlTemplate\":\"https:\\\/\\\/lequotidien.mr\\\/?s={search_term_string}\"},\"query-input\":{\"@type\":\"PropertyValueSpecification\",\"valueRequired\":true,\"valueName\":\"search_term_string\"}}],\"inLanguage\":\"ar\"},{\"@type\":\"Organization\",\"@id\":\"https:\\\/\\\/lequotidien.mr\\\/#organization\",\"name\":\"Le Quotidien de Nouakchott\",\"url\":\"https:\\\/\\\/lequotidien.mr\\\/\",\"logo\":{\"@type\":\"ImageObject\",\"inLanguage\":\"ar\",\"@id\":\"https:\\\/\\\/lequotidien.mr\\\/#\\\/schema\\\/logo\\\/image\\\/\",\"url\":\"https:\\\/\\\/lequotidien.mr\\\/wp-content\\\/uploads\\\/2022\\\/11\\\/logolequotidien.jpg\",\"contentUrl\":\"https:\\\/\\\/lequotidien.mr\\\/wp-content\\\/uploads\\\/2022\\\/11\\\/logolequotidien.jpg\",\"width\":290,\"height\":65,\"caption\":\"Le Quotidien de Nouakchott\"},\"image\":{\"@id\":\"https:\\\/\\\/lequotidien.mr\\\/#\\\/schema\\\/logo\\\/image\\\/\"},\"sameAs\":[\"https:\\\/\\\/web.facebook.com\\\/lequotidienmr\",\"https:\\\/\\\/x.com\\\/lequotidienmr\"]},{\"@type\":\"Person\",\"@id\":\"https:\\\/\\\/lequotidien.mr\\\/#\\\/schema\\\/person\\\/f90fcdaa970c60288de4ed2e64a56472\",\"name\":\"Le Quotidien\",\"image\":{\"@type\":\"ImageObject\",\"inLanguage\":\"ar\",\"@id\":\"https:\\\/\\\/secure.gravatar.com\\\/avatar\\\/374cb39a1a458a912465a93e5a3ce6546886fc3da809a1f10c63e4e8fcbca30f?s=96&d=mm&r=g\",\"url\":\"https:\\\/\\\/secure.gravatar.com\\\/avatar\\\/374cb39a1a458a912465a93e5a3ce6546886fc3da809a1f10c63e4e8fcbca30f?s=96&d=mm&r=g\",\"contentUrl\":\"https:\\\/\\\/secure.gravatar.com\\\/avatar\\\/374cb39a1a458a912465a93e5a3ce6546886fc3da809a1f10c63e4e8fcbca30f?s=96&d=mm&r=g\",\"caption\":\"Le Quotidien\"},\"sameAs\":[\"https:\\\/\\\/lequotidien.mr\\\/\"],\"url\":\"https:\\\/\\\/lequotidien.mr\\\/?author=4\"}]}<\/script>\n<!-- \/ Yoast SEO plugin. -->","yoast_head_json":{"title":"\u00c0 Nouadhibou, une visite pr\u00e9sidentielle aux allures de vitrine\u2026 sur fond de fractures non r\u00e9solues - Le Quotidien de Nouakchott","robots":{"index":"index","follow":"follow","max-snippet":"max-snippet:-1","max-image-preview":"max-image-preview:large","max-video-preview":"max-video-preview:-1"},"canonical":"https:\/\/lequotidien.mr\/?p=29618&lang=fr","og_locale":"ar_AR","og_type":"article","og_title":"\u00c0 Nouadhibou, une visite pr\u00e9sidentielle aux allures de vitrine\u2026 sur fond de fractures non r\u00e9solues - Le Quotidien de Nouakchott","og_description":"Lundi 28 juillet 2025, la ville de Nouadhibou a \u00e9t\u00e9 le th\u00e9\u00e2tre d\u2019une intense activit\u00e9 pr\u00e9sidentielle. Le chef de l\u2019\u00c9tat, Mohamed Ould Cheikh El Ghazouani, y a inaugur\u00e9 plusieurs infrastructures majeures : le complexe industriel \u00ab Smek \u00bb pour la valorisation des petits p\u00e9lagiques, le lancement du c\u00e2ble sous-marin EllaLink, la pose de la premi\u00e8re.....","og_url":"https:\/\/lequotidien.mr\/?p=29618&lang=fr","og_site_name":"Le Quotidien de Nouakchott","article_publisher":"https:\/\/web.facebook.com\/lequotidienmr","article_published_time":"2025-07-28T20:23:10+00:00","og_image":[{"width":750,"height":430,"url":"https:\/\/lequotidien.mr\/wp-content\/uploads\/2025\/07\/\u0662\u0660\u0662\u0665\u0660\u0667\u0662\u0668_\u0661\u0668\u0660\u0665\u0665\u0661-750x430-1.jpg","type":"image\/jpeg"}],"author":"Le Quotidien","twitter_card":"summary_large_image","twitter_creator":"@lequotidienmr","twitter_site":"@lequotidienmr","twitter_misc":{"\u0643\u064f\u062a\u0628 \u0628\u0648\u0627\u0633\u0637\u0629":"Le Quotidien","\u0648\u0642\u062a \u0627\u0644\u0642\u0631\u0627\u0621\u0629 \u0627\u0644\u0645\u064f\u0642\u062f\u0651\u0631":"6 \u062f\u0642\u0627\u0626\u0642"},"schema":{"@context":"https:\/\/schema.org","@graph":[{"@type":"Article","@id":"https:\/\/lequotidien.mr\/?p=29618&lang=fr#article","isPartOf":{"@id":"https:\/\/lequotidien.mr\/?p=29618&lang=fr"},"author":{"name":"Le Quotidien","@id":"https:\/\/lequotidien.mr\/#\/schema\/person\/f90fcdaa970c60288de4ed2e64a56472"},"headline":"\u00c0 Nouadhibou, une visite pr\u00e9sidentielle aux allures de vitrine\u2026 sur fond de fractures non r\u00e9solues","datePublished":"2025-07-28T20:23:10+00:00","mainEntityOfPage":{"@id":"https:\/\/lequotidien.mr\/?p=29618&lang=fr"},"wordCount":932,"commentCount":0,"publisher":{"@id":"https:\/\/lequotidien.mr\/#organization"},"image":{"@id":"https:\/\/lequotidien.mr\/?p=29618&lang=fr#primaryimage"},"thumbnailUrl":"https:\/\/lequotidien.mr\/wp-content\/uploads\/2025\/07\/\u0662\u0660\u0662\u0665\u0660\u0667\u0662\u0668_\u0661\u0668\u0660\u0665\u0665\u0661-750x430-1.jpg","articleSection":["ACTUALIT\u00c9","Couverture sp\u00e9cilale"],"inLanguage":"ar","potentialAction":[{"@type":"CommentAction","name":"Comment","target":["https:\/\/lequotidien.mr\/?p=29618&lang=fr#respond"]}]},{"@type":"WebPage","@id":"https:\/\/lequotidien.mr\/?p=29618&lang=fr","url":"https:\/\/lequotidien.mr\/?p=29618&lang=fr","name":"\u00c0 Nouadhibou, une visite pr\u00e9sidentielle aux allures de vitrine\u2026 sur fond de fractures non r\u00e9solues - Le Quotidien de Nouakchott","isPartOf":{"@id":"https:\/\/lequotidien.mr\/#website"},"primaryImageOfPage":{"@id":"https:\/\/lequotidien.mr\/?p=29618&lang=fr#primaryimage"},"image":{"@id":"https:\/\/lequotidien.mr\/?p=29618&lang=fr#primaryimage"},"thumbnailUrl":"https:\/\/lequotidien.mr\/wp-content\/uploads\/2025\/07\/\u0662\u0660\u0662\u0665\u0660\u0667\u0662\u0668_\u0661\u0668\u0660\u0665\u0665\u0661-750x430-1.jpg","datePublished":"2025-07-28T20:23:10+00:00","breadcrumb":{"@id":"https:\/\/lequotidien.mr\/?p=29618&lang=fr#breadcrumb"},"inLanguage":"ar","potentialAction":[{"@type":"ReadAction","target":["https:\/\/lequotidien.mr\/?p=29618&lang=fr"]}]},{"@type":"ImageObject","inLanguage":"ar","@id":"https:\/\/lequotidien.mr\/?p=29618&lang=fr#primaryimage","url":"https:\/\/lequotidien.mr\/wp-content\/uploads\/2025\/07\/\u0662\u0660\u0662\u0665\u0660\u0667\u0662\u0668_\u0661\u0668\u0660\u0665\u0665\u0661-750x430-1.jpg","contentUrl":"https:\/\/lequotidien.mr\/wp-content\/uploads\/2025\/07\/\u0662\u0660\u0662\u0665\u0660\u0667\u0662\u0668_\u0661\u0668\u0660\u0665\u0665\u0661-750x430-1.jpg","width":750,"height":430},{"@type":"BreadcrumbList","@id":"https:\/\/lequotidien.mr\/?p=29618&lang=fr#breadcrumb","itemListElement":[{"@type":"ListItem","position":1,"name":"Home","item":"https:\/\/lequotidien.mr\/"},{"@type":"ListItem","position":2,"name":"\u00c0 Nouadhibou, une visite pr\u00e9sidentielle aux allures de vitrine\u2026 sur fond de fractures non r\u00e9solues"}]},{"@type":"WebSite","@id":"https:\/\/lequotidien.mr\/#website","url":"https:\/\/lequotidien.mr\/","name":"Le Quotidien de Nouakchott","description":"\u0625\u062e\u0628\u0627\u0631\u064a\u0629 \u0645\u0633\u062a\u0642\u0644\u0629 \u0644\u0644\u0623\u0646\u0628\u0627\u0621 \u0627\u0644\u0639\u0627\u0645\u0629","publisher":{"@id":"https:\/\/lequotidien.mr\/#organization"},"potentialAction":[{"@type":"SearchAction","target":{"@type":"EntryPoint","urlTemplate":"https:\/\/lequotidien.mr\/?s={search_term_string}"},"query-input":{"@type":"PropertyValueSpecification","valueRequired":true,"valueName":"search_term_string"}}],"inLanguage":"ar"},{"@type":"Organization","@id":"https:\/\/lequotidien.mr\/#organization","name":"Le Quotidien de Nouakchott","url":"https:\/\/lequotidien.mr\/","logo":{"@type":"ImageObject","inLanguage":"ar","@id":"https:\/\/lequotidien.mr\/#\/schema\/logo\/image\/","url":"https:\/\/lequotidien.mr\/wp-content\/uploads\/2022\/11\/logolequotidien.jpg","contentUrl":"https:\/\/lequotidien.mr\/wp-content\/uploads\/2022\/11\/logolequotidien.jpg","width":290,"height":65,"caption":"Le Quotidien de Nouakchott"},"image":{"@id":"https:\/\/lequotidien.mr\/#\/schema\/logo\/image\/"},"sameAs":["https:\/\/web.facebook.com\/lequotidienmr","https:\/\/x.com\/lequotidienmr"]},{"@type":"Person","@id":"https:\/\/lequotidien.mr\/#\/schema\/person\/f90fcdaa970c60288de4ed2e64a56472","name":"Le Quotidien","image":{"@type":"ImageObject","inLanguage":"ar","@id":"https:\/\/secure.gravatar.com\/avatar\/374cb39a1a458a912465a93e5a3ce6546886fc3da809a1f10c63e4e8fcbca30f?s=96&d=mm&r=g","url":"https:\/\/secure.gravatar.com\/avatar\/374cb39a1a458a912465a93e5a3ce6546886fc3da809a1f10c63e4e8fcbca30f?s=96&d=mm&r=g","contentUrl":"https:\/\/secure.gravatar.com\/avatar\/374cb39a1a458a912465a93e5a3ce6546886fc3da809a1f10c63e4e8fcbca30f?s=96&d=mm&r=g","caption":"Le Quotidien"},"sameAs":["https:\/\/lequotidien.mr\/"],"url":"https:\/\/lequotidien.mr\/?author=4"}]}},"_links":{"self":[{"href":"https:\/\/lequotidien.mr\/index.php?rest_route=\/wp\/v2\/posts\/29618","targetHints":{"allow":["GET"]}}],"collection":[{"href":"https:\/\/lequotidien.mr\/index.php?rest_route=\/wp\/v2\/posts"}],"about":[{"href":"https:\/\/lequotidien.mr\/index.php?rest_route=\/wp\/v2\/types\/post"}],"author":[{"embeddable":true,"href":"https:\/\/lequotidien.mr\/index.php?rest_route=\/wp\/v2\/users\/4"}],"replies":[{"embeddable":true,"href":"https:\/\/lequotidien.mr\/index.php?rest_route=%2Fwp%2Fv2%2Fcomments&post=29618"}],"version-history":[{"count":1,"href":"https:\/\/lequotidien.mr\/index.php?rest_route=\/wp\/v2\/posts\/29618\/revisions"}],"predecessor-version":[{"id":29620,"href":"https:\/\/lequotidien.mr\/index.php?rest_route=\/wp\/v2\/posts\/29618\/revisions\/29620"}],"wp:featuredmedia":[{"embeddable":true,"href":"https:\/\/lequotidien.mr\/index.php?rest_route=\/wp\/v2\/media\/29619"}],"wp:attachment":[{"href":"https:\/\/lequotidien.mr\/index.php?rest_route=%2Fwp%2Fv2%2Fmedia&parent=29618"}],"wp:term":[{"taxonomy":"category","embeddable":true,"href":"https:\/\/lequotidien.mr\/index.php?rest_route=%2Fwp%2Fv2%2Fcategories&post=29618"},{"taxonomy":"post_tag","embeddable":true,"href":"https:\/\/lequotidien.mr\/index.php?rest_route=%2Fwp%2Fv2%2Ftags&post=29618"}],"curies":[{"name":"wp","href":"https:\/\/api.w.org\/{rel}","templated":true}]}}