{"id":29581,"date":"2025-07-26T23:57:18","date_gmt":"2025-07-26T23:57:18","guid":{"rendered":"https:\/\/lequotidien.mr\/?p=29581"},"modified":"2025-07-26T23:57:18","modified_gmt":"2025-07-26T23:57:18","slug":"kiffa-accueille-le-colloque-scientifique-du-4eme-festival-international-des-dattes-de-mauritanie","status":"publish","type":"post","link":"https:\/\/lequotidien.mr\/?p=29581&lang=fr","title":{"rendered":"Kiffa accueille le colloque scientifique du 4\u00e8me Festival International des Dattes de Mauritanie"},"content":{"rendered":"<p>Le 4\u00e8me Festival International des Dattes de Mauritanie a entam\u00e9 sa dimension scientifique ce samedi \u00e0 Kiffa, sous la supervision de M. Ahmed Salem El Arbi, Secr\u00e9taire G\u00e9n\u00e9ral du Minist\u00e8re de l\u2019Agriculture et de la Souverainet\u00e9 Alimentaire. Le lancement des colloques scientifiques marque un temps fort de cet \u00e9v\u00e9nement d\u00e9di\u00e9 \u00e0 l&#8217;or brun du d\u00e9sert.<\/p>\n<p>Dans son discours d&#8217;ouverture, M. El Arbi a exprim\u00e9 sa satisfaction de pr\u00e9sider ce forum d\u00e9di\u00e9 \u00e0 la recherche sur le palmier dattier. Il a vivement encourag\u00e9 les participants \u2013 chercheurs, ing\u00e9nieurs agronomes et agriculteurs \u2013 \u00e0 &#8220;interagir avec les expos\u00e9s scientifiques&#8221; et \u00e0 &#8220;enrichir les d\u00e9bats par leurs questions&#8221;, soulignant l&#8217;importance cruciale de ces \u00e9changes pour la fili\u00e8re.<\/p>\n<p><strong>Le Minist\u00e8re mobilis\u00e9 pour la fili\u00e8re phoenicicole<\/strong><\/p>\n<p>Le Secr\u00e9taire G\u00e9n\u00e9ral a rappel\u00e9 l&#8217;engagement du Minist\u00e8re en tant que tutelle : &#8220;Des mesures ont \u00e9t\u00e9 prises pour appuyer la fili\u00e8re du palmier dattier, notamment l&#8217;acquisition de nouvelles vari\u00e9t\u00e9s \u00e0 haute valeur nutritive destin\u00e9es \u00e0 \u00eatre introduites dans les oasis du pays&#8221;. Il a insist\u00e9 sur la valeur pratique de ce colloque, particuli\u00e8rement pour les agriculteurs, une cat\u00e9gorie mise \u00e0 l&#8217;honneur dans cette 4\u00e8me \u00e9dition avec la pr\u00e9sence de producteurs mauritaniens ayant &#8220;enregistr\u00e9 des succ\u00e8s&#8221; pour partager leur exp\u00e9rience.<\/p>\n<p>M. El Arbi a annonc\u00e9 l&#8217;objectif concret du colloque : &#8220;L&#8217;\u00e9laboration d&#8217;un plan d&#8217;action pratique bas\u00e9 sur les recommandations scientifiques formul\u00e9es par les chercheurs et ing\u00e9nieurs&#8221;. Ce plan sera adopt\u00e9 comme &#8220;principale conclusion&#8221; des travaux, assurant ainsi un lien direct entre la recherche et l&#8217;application sur le terrain.<\/p>\n<p><strong>Une reconnaissance internationale et un savoir partag\u00e9<\/strong><\/p>\n<p>M. Abdel Wehab El Boukhari Zayed, Secr\u00e9taire G\u00e9n\u00e9ral du Prix Khalifa International pour le palmier et l\u2019innovation agricole (\u00c9mirats arabes unis), a salu\u00e9 l&#8217;\u00e9v\u00e9nement comme une &#8220;tradition scientifique de haut niveau&#8221; refl\u00e9tant l&#8217;engagement commun pour d\u00e9velopper le secteur en Mauritanie. Il a exprim\u00e9 la gratitude de son institution (relevant du cabinet pr\u00e9sidentiel \u00e9mirati et de l&#8217;institution du patrimoine humain Zayed) envers les experts et chercheurs venus de neuf pays (Mauritanie, \u00c9mirats arabes unis, \u00c9gypte, Jordanie, Maroc, Soudan, Pakistan, Syrie, Mexique) pour leurs &#8220;efforts et contributions appr\u00e9ciables&#8221;.<\/p>\n<p>M. Zayed a conclu en soulignant que &#8220;le savoir scientifique repr\u00e9sente le principal pilier pour tout d\u00e9veloppement durable du secteur agricole&#8221;, qualifiant le colloque de &#8220;levier technique&#8221; essentiel pour l&#8217;\u00e9change d&#8217;exp\u00e9riences et la pr\u00e9sentation des derni\u00e8res innovations en mati\u00e8re de production de dattes.<\/p>\n<p>Ce lancement des colloques place ainsi la science et l&#8217;innovation au c\u0153ur du Festival International des Dattes de Kiffa, avec l&#8217;ambition claire de transformer les connaissances partag\u00e9es en actions concr\u00e8tes pour renforcer la fili\u00e8re phoenicicole mauritanienne.<\/p>\n","protected":false},"excerpt":{"rendered":"<p>Le 4\u00e8me Festival International des Dattes de Mauritanie a entam\u00e9 sa dimension scientifique ce samedi \u00e0 Kiffa, sous la supervision de M. Ahmed Salem El Arbi, Secr\u00e9taire G\u00e9n\u00e9ral du Minist\u00e8re de l\u2019Agriculture et de la Souverainet\u00e9 Alimentaire. Le lancement des colloques scientifiques marque un temps fort de cet \u00e9v\u00e9nement d\u00e9di\u00e9 \u00e0 l&#8217;or brun du d\u00e9sert&#8230;&#8230;<\/p>\n","protected":false},"author":12,"featured_media":29582,"comment_status":"open","ping_status":"open","sticky":false,"template":"","format":"standard","meta":{"footnotes":""},"categories":[23,49,55],"tags":[],"class_list":["post-29581","post","type-post","status-publish","format-standard","has-post-thumbnail","hentry","category-actualite","category-economie","category-culture"],"yoast_head":"<!-- This site is optimized with the Yoast SEO plugin v27.5 - https:\/\/yoast.com\/product\/yoast-seo-wordpress\/ -->\n<title>Kiffa accueille le colloque scientifique du 4\u00e8me Festival International des Dattes de Mauritanie - Le Quotidien de Nouakchott<\/title>\n<meta name=\"robots\" content=\"index, follow, max-snippet:-1, max-image-preview:large, max-video-preview:-1\" \/>\n<link rel=\"canonical\" href=\"https:\/\/lequotidien.mr\/?p=29581&lang=fr\" \/>\n<meta property=\"og:locale\" content=\"ar_AR\" \/>\n<meta property=\"og:type\" content=\"article\" \/>\n<meta property=\"og:title\" content=\"Kiffa accueille le colloque scientifique du 4\u00e8me Festival International des Dattes de Mauritanie - Le Quotidien de Nouakchott\" \/>\n<meta property=\"og:description\" content=\"Le 4\u00e8me Festival International des Dattes de Mauritanie a entam\u00e9 sa dimension scientifique ce samedi \u00e0 Kiffa, sous la supervision de M. Ahmed Salem El Arbi, Secr\u00e9taire G\u00e9n\u00e9ral du Minist\u00e8re de l\u2019Agriculture et de la Souverainet\u00e9 Alimentaire. Le lancement des colloques scientifiques marque un temps fort de cet \u00e9v\u00e9nement d\u00e9di\u00e9 \u00e0 l&#8217;or brun du d\u00e9sert......\" \/>\n<meta property=\"og:url\" content=\"https:\/\/lequotidien.mr\/?p=29581&amp;lang=fr\" \/>\n<meta property=\"og:site_name\" content=\"Le Quotidien de Nouakchott\" \/>\n<meta property=\"article:publisher\" content=\"https:\/\/web.facebook.com\/lequotidienmr\" \/>\n<meta property=\"article:published_time\" content=\"2025-07-26T23:57:18+00:00\" \/>\n<meta property=\"og:image\" content=\"https:\/\/lequotidien.mr\/wp-content\/uploads\/2025\/07\/photo-4eme-festival-dattes.jpg\" \/>\n\t<meta property=\"og:image:width\" content=\"750\" \/>\n\t<meta property=\"og:image:height\" content=\"430\" \/>\n\t<meta property=\"og:image:type\" content=\"image\/jpeg\" \/>\n<meta name=\"author\" content=\"Med Ahmed\" \/>\n<meta name=\"twitter:card\" content=\"summary_large_image\" \/>\n<meta name=\"twitter:creator\" content=\"@lequotidienmr\" \/>\n<meta name=\"twitter:site\" content=\"@lequotidienmr\" \/>\n<meta name=\"twitter:label1\" content=\"\u0643\u064f\u062a\u0628 \u0628\u0648\u0627\u0633\u0637\u0629\" \/>\n\t<meta name=\"twitter:data1\" content=\"Med Ahmed\" \/>\n\t<meta name=\"twitter:label2\" content=\"\u0648\u0642\u062a \u0627\u0644\u0642\u0631\u0627\u0621\u0629 \u0627\u0644\u0645\u064f\u0642\u062f\u0651\u0631\" \/>\n\t<meta name=\"twitter:data2\" content=\"4 \u062f\u0642\u0627\u0626\u0642\" \/>\n<script type=\"application\/ld+json\" class=\"yoast-schema-graph\">{\"@context\":\"https:\\\/\\\/schema.org\",\"@graph\":[{\"@type\":\"Article\",\"@id\":\"https:\\\/\\\/lequotidien.mr\\\/?p=29581&lang=fr#article\",\"isPartOf\":{\"@id\":\"https:\\\/\\\/lequotidien.mr\\\/?p=29581&lang=fr\"},\"author\":{\"name\":\"Med Ahmed\",\"@id\":\"https:\\\/\\\/lequotidien.mr\\\/#\\\/schema\\\/person\\\/d2d350202a4d599685ed8abc25f97596\"},\"headline\":\"Kiffa accueille le colloque scientifique du 4\u00e8me Festival International des Dattes de Mauritanie\",\"datePublished\":\"2025-07-26T23:57:18+00:00\",\"mainEntityOfPage\":{\"@id\":\"https:\\\/\\\/lequotidien.mr\\\/?p=29581&lang=fr\"},\"wordCount\":490,\"commentCount\":0,\"publisher\":{\"@id\":\"https:\\\/\\\/lequotidien.mr\\\/#organization\"},\"image\":{\"@id\":\"https:\\\/\\\/lequotidien.mr\\\/?p=29581&lang=fr#primaryimage\"},\"thumbnailUrl\":\"https:\\\/\\\/lequotidien.mr\\\/wp-content\\\/uploads\\\/2025\\\/07\\\/photo-4eme-festival-dattes.jpg\",\"articleSection\":[\"ACTUALIT\u00c9\",\"Economie\",\"Culture\"],\"inLanguage\":\"ar\",\"potentialAction\":[{\"@type\":\"CommentAction\",\"name\":\"Comment\",\"target\":[\"https:\\\/\\\/lequotidien.mr\\\/?p=29581&lang=fr#respond\"]}]},{\"@type\":\"WebPage\",\"@id\":\"https:\\\/\\\/lequotidien.mr\\\/?p=29581&lang=fr\",\"url\":\"https:\\\/\\\/lequotidien.mr\\\/?p=29581&lang=fr\",\"name\":\"Kiffa accueille le colloque scientifique du 4\u00e8me Festival International des Dattes de Mauritanie - Le Quotidien de Nouakchott\",\"isPartOf\":{\"@id\":\"https:\\\/\\\/lequotidien.mr\\\/#website\"},\"primaryImageOfPage\":{\"@id\":\"https:\\\/\\\/lequotidien.mr\\\/?p=29581&lang=fr#primaryimage\"},\"image\":{\"@id\":\"https:\\\/\\\/lequotidien.mr\\\/?p=29581&lang=fr#primaryimage\"},\"thumbnailUrl\":\"https:\\\/\\\/lequotidien.mr\\\/wp-content\\\/uploads\\\/2025\\\/07\\\/photo-4eme-festival-dattes.jpg\",\"datePublished\":\"2025-07-26T23:57:18+00:00\",\"breadcrumb\":{\"@id\":\"https:\\\/\\\/lequotidien.mr\\\/?p=29581&lang=fr#breadcrumb\"},\"inLanguage\":\"ar\",\"potentialAction\":[{\"@type\":\"ReadAction\",\"target\":[\"https:\\\/\\\/lequotidien.mr\\\/?p=29581&lang=fr\"]}]},{\"@type\":\"ImageObject\",\"inLanguage\":\"ar\",\"@id\":\"https:\\\/\\\/lequotidien.mr\\\/?p=29581&lang=fr#primaryimage\",\"url\":\"https:\\\/\\\/lequotidien.mr\\\/wp-content\\\/uploads\\\/2025\\\/07\\\/photo-4eme-festival-dattes.jpg\",\"contentUrl\":\"https:\\\/\\\/lequotidien.mr\\\/wp-content\\\/uploads\\\/2025\\\/07\\\/photo-4eme-festival-dattes.jpg\",\"width\":750,\"height\":430},{\"@type\":\"BreadcrumbList\",\"@id\":\"https:\\\/\\\/lequotidien.mr\\\/?p=29581&lang=fr#breadcrumb\",\"itemListElement\":[{\"@type\":\"ListItem\",\"position\":1,\"name\":\"Home\",\"item\":\"https:\\\/\\\/lequotidien.mr\\\/\"},{\"@type\":\"ListItem\",\"position\":2,\"name\":\"Kiffa accueille le colloque scientifique du 4\u00e8me Festival International des Dattes de Mauritanie\"}]},{\"@type\":\"WebSite\",\"@id\":\"https:\\\/\\\/lequotidien.mr\\\/#website\",\"url\":\"https:\\\/\\\/lequotidien.mr\\\/\",\"name\":\"Le Quotidien de Nouakchott\",\"description\":\"\u0625\u062e\u0628\u0627\u0631\u064a\u0629 \u0645\u0633\u062a\u0642\u0644\u0629 \u0644\u0644\u0623\u0646\u0628\u0627\u0621 \u0627\u0644\u0639\u0627\u0645\u0629\",\"publisher\":{\"@id\":\"https:\\\/\\\/lequotidien.mr\\\/#organization\"},\"potentialAction\":[{\"@type\":\"SearchAction\",\"target\":{\"@type\":\"EntryPoint\",\"urlTemplate\":\"https:\\\/\\\/lequotidien.mr\\\/?s={search_term_string}\"},\"query-input\":{\"@type\":\"PropertyValueSpecification\",\"valueRequired\":true,\"valueName\":\"search_term_string\"}}],\"inLanguage\":\"ar\"},{\"@type\":\"Organization\",\"@id\":\"https:\\\/\\\/lequotidien.mr\\\/#organization\",\"name\":\"Le Quotidien de Nouakchott\",\"url\":\"https:\\\/\\\/lequotidien.mr\\\/\",\"logo\":{\"@type\":\"ImageObject\",\"inLanguage\":\"ar\",\"@id\":\"https:\\\/\\\/lequotidien.mr\\\/#\\\/schema\\\/logo\\\/image\\\/\",\"url\":\"https:\\\/\\\/lequotidien.mr\\\/wp-content\\\/uploads\\\/2022\\\/11\\\/logolequotidien.jpg\",\"contentUrl\":\"https:\\\/\\\/lequotidien.mr\\\/wp-content\\\/uploads\\\/2022\\\/11\\\/logolequotidien.jpg\",\"width\":290,\"height\":65,\"caption\":\"Le Quotidien de Nouakchott\"},\"image\":{\"@id\":\"https:\\\/\\\/lequotidien.mr\\\/#\\\/schema\\\/logo\\\/image\\\/\"},\"sameAs\":[\"https:\\\/\\\/web.facebook.com\\\/lequotidienmr\",\"https:\\\/\\\/x.com\\\/lequotidienmr\"]},{\"@type\":\"Person\",\"@id\":\"https:\\\/\\\/lequotidien.mr\\\/#\\\/schema\\\/person\\\/d2d350202a4d599685ed8abc25f97596\",\"name\":\"Med Ahmed\",\"image\":{\"@type\":\"ImageObject\",\"inLanguage\":\"ar\",\"@id\":\"https:\\\/\\\/secure.gravatar.com\\\/avatar\\\/fd2acc62ed50732923d1d39c17172c9b04149f142be92310ecc69e1358f94b52?s=96&d=mm&r=g\",\"url\":\"https:\\\/\\\/secure.gravatar.com\\\/avatar\\\/fd2acc62ed50732923d1d39c17172c9b04149f142be92310ecc69e1358f94b52?s=96&d=mm&r=g\",\"contentUrl\":\"https:\\\/\\\/secure.gravatar.com\\\/avatar\\\/fd2acc62ed50732923d1d39c17172c9b04149f142be92310ecc69e1358f94b52?s=96&d=mm&r=g\",\"caption\":\"Med Ahmed\"},\"url\":\"https:\\\/\\\/lequotidien.mr\\\/?author=12\"}]}<\/script>\n<!-- \/ Yoast SEO plugin. -->","yoast_head_json":{"title":"Kiffa accueille le colloque scientifique du 4\u00e8me Festival International des Dattes de Mauritanie - Le Quotidien de Nouakchott","robots":{"index":"index","follow":"follow","max-snippet":"max-snippet:-1","max-image-preview":"max-image-preview:large","max-video-preview":"max-video-preview:-1"},"canonical":"https:\/\/lequotidien.mr\/?p=29581&lang=fr","og_locale":"ar_AR","og_type":"article","og_title":"Kiffa accueille le colloque scientifique du 4\u00e8me Festival International des Dattes de Mauritanie - Le Quotidien de Nouakchott","og_description":"Le 4\u00e8me Festival International des Dattes de Mauritanie a entam\u00e9 sa dimension scientifique ce samedi \u00e0 Kiffa, sous la supervision de M. Ahmed Salem El Arbi, Secr\u00e9taire G\u00e9n\u00e9ral du Minist\u00e8re de l\u2019Agriculture et de la Souverainet\u00e9 Alimentaire. Le lancement des colloques scientifiques marque un temps fort de cet \u00e9v\u00e9nement d\u00e9di\u00e9 \u00e0 l&#8217;or brun du d\u00e9sert......","og_url":"https:\/\/lequotidien.mr\/?p=29581&lang=fr","og_site_name":"Le Quotidien de Nouakchott","article_publisher":"https:\/\/web.facebook.com\/lequotidienmr","article_published_time":"2025-07-26T23:57:18+00:00","og_image":[{"width":750,"height":430,"url":"https:\/\/lequotidien.mr\/wp-content\/uploads\/2025\/07\/photo-4eme-festival-dattes.jpg","type":"image\/jpeg"}],"author":"Med Ahmed","twitter_card":"summary_large_image","twitter_creator":"@lequotidienmr","twitter_site":"@lequotidienmr","twitter_misc":{"\u0643\u064f\u062a\u0628 \u0628\u0648\u0627\u0633\u0637\u0629":"Med Ahmed","\u0648\u0642\u062a \u0627\u0644\u0642\u0631\u0627\u0621\u0629 \u0627\u0644\u0645\u064f\u0642\u062f\u0651\u0631":"4 \u062f\u0642\u0627\u0626\u0642"},"schema":{"@context":"https:\/\/schema.org","@graph":[{"@type":"Article","@id":"https:\/\/lequotidien.mr\/?p=29581&lang=fr#article","isPartOf":{"@id":"https:\/\/lequotidien.mr\/?p=29581&lang=fr"},"author":{"name":"Med Ahmed","@id":"https:\/\/lequotidien.mr\/#\/schema\/person\/d2d350202a4d599685ed8abc25f97596"},"headline":"Kiffa accueille le colloque scientifique du 4\u00e8me Festival International des Dattes de Mauritanie","datePublished":"2025-07-26T23:57:18+00:00","mainEntityOfPage":{"@id":"https:\/\/lequotidien.mr\/?p=29581&lang=fr"},"wordCount":490,"commentCount":0,"publisher":{"@id":"https:\/\/lequotidien.mr\/#organization"},"image":{"@id":"https:\/\/lequotidien.mr\/?p=29581&lang=fr#primaryimage"},"thumbnailUrl":"https:\/\/lequotidien.mr\/wp-content\/uploads\/2025\/07\/photo-4eme-festival-dattes.jpg","articleSection":["ACTUALIT\u00c9","Economie","Culture"],"inLanguage":"ar","potentialAction":[{"@type":"CommentAction","name":"Comment","target":["https:\/\/lequotidien.mr\/?p=29581&lang=fr#respond"]}]},{"@type":"WebPage","@id":"https:\/\/lequotidien.mr\/?p=29581&lang=fr","url":"https:\/\/lequotidien.mr\/?p=29581&lang=fr","name":"Kiffa accueille le colloque scientifique du 4\u00e8me Festival International des Dattes de Mauritanie - Le Quotidien de Nouakchott","isPartOf":{"@id":"https:\/\/lequotidien.mr\/#website"},"primaryImageOfPage":{"@id":"https:\/\/lequotidien.mr\/?p=29581&lang=fr#primaryimage"},"image":{"@id":"https:\/\/lequotidien.mr\/?p=29581&lang=fr#primaryimage"},"thumbnailUrl":"https:\/\/lequotidien.mr\/wp-content\/uploads\/2025\/07\/photo-4eme-festival-dattes.jpg","datePublished":"2025-07-26T23:57:18+00:00","breadcrumb":{"@id":"https:\/\/lequotidien.mr\/?p=29581&lang=fr#breadcrumb"},"inLanguage":"ar","potentialAction":[{"@type":"ReadAction","target":["https:\/\/lequotidien.mr\/?p=29581&lang=fr"]}]},{"@type":"ImageObject","inLanguage":"ar","@id":"https:\/\/lequotidien.mr\/?p=29581&lang=fr#primaryimage","url":"https:\/\/lequotidien.mr\/wp-content\/uploads\/2025\/07\/photo-4eme-festival-dattes.jpg","contentUrl":"https:\/\/lequotidien.mr\/wp-content\/uploads\/2025\/07\/photo-4eme-festival-dattes.jpg","width":750,"height":430},{"@type":"BreadcrumbList","@id":"https:\/\/lequotidien.mr\/?p=29581&lang=fr#breadcrumb","itemListElement":[{"@type":"ListItem","position":1,"name":"Home","item":"https:\/\/lequotidien.mr\/"},{"@type":"ListItem","position":2,"name":"Kiffa accueille le colloque scientifique du 4\u00e8me Festival International des Dattes de Mauritanie"}]},{"@type":"WebSite","@id":"https:\/\/lequotidien.mr\/#website","url":"https:\/\/lequotidien.mr\/","name":"Le Quotidien de Nouakchott","description":"\u0625\u062e\u0628\u0627\u0631\u064a\u0629 \u0645\u0633\u062a\u0642\u0644\u0629 \u0644\u0644\u0623\u0646\u0628\u0627\u0621 \u0627\u0644\u0639\u0627\u0645\u0629","publisher":{"@id":"https:\/\/lequotidien.mr\/#organization"},"potentialAction":[{"@type":"SearchAction","target":{"@type":"EntryPoint","urlTemplate":"https:\/\/lequotidien.mr\/?s={search_term_string}"},"query-input":{"@type":"PropertyValueSpecification","valueRequired":true,"valueName":"search_term_string"}}],"inLanguage":"ar"},{"@type":"Organization","@id":"https:\/\/lequotidien.mr\/#organization","name":"Le Quotidien de Nouakchott","url":"https:\/\/lequotidien.mr\/","logo":{"@type":"ImageObject","inLanguage":"ar","@id":"https:\/\/lequotidien.mr\/#\/schema\/logo\/image\/","url":"https:\/\/lequotidien.mr\/wp-content\/uploads\/2022\/11\/logolequotidien.jpg","contentUrl":"https:\/\/lequotidien.mr\/wp-content\/uploads\/2022\/11\/logolequotidien.jpg","width":290,"height":65,"caption":"Le Quotidien de Nouakchott"},"image":{"@id":"https:\/\/lequotidien.mr\/#\/schema\/logo\/image\/"},"sameAs":["https:\/\/web.facebook.com\/lequotidienmr","https:\/\/x.com\/lequotidienmr"]},{"@type":"Person","@id":"https:\/\/lequotidien.mr\/#\/schema\/person\/d2d350202a4d599685ed8abc25f97596","name":"Med Ahmed","image":{"@type":"ImageObject","inLanguage":"ar","@id":"https:\/\/secure.gravatar.com\/avatar\/fd2acc62ed50732923d1d39c17172c9b04149f142be92310ecc69e1358f94b52?s=96&d=mm&r=g","url":"https:\/\/secure.gravatar.com\/avatar\/fd2acc62ed50732923d1d39c17172c9b04149f142be92310ecc69e1358f94b52?s=96&d=mm&r=g","contentUrl":"https:\/\/secure.gravatar.com\/avatar\/fd2acc62ed50732923d1d39c17172c9b04149f142be92310ecc69e1358f94b52?s=96&d=mm&r=g","caption":"Med Ahmed"},"url":"https:\/\/lequotidien.mr\/?author=12"}]}},"_links":{"self":[{"href":"https:\/\/lequotidien.mr\/index.php?rest_route=\/wp\/v2\/posts\/29581","targetHints":{"allow":["GET"]}}],"collection":[{"href":"https:\/\/lequotidien.mr\/index.php?rest_route=\/wp\/v2\/posts"}],"about":[{"href":"https:\/\/lequotidien.mr\/index.php?rest_route=\/wp\/v2\/types\/post"}],"author":[{"embeddable":true,"href":"https:\/\/lequotidien.mr\/index.php?rest_route=\/wp\/v2\/users\/12"}],"replies":[{"embeddable":true,"href":"https:\/\/lequotidien.mr\/index.php?rest_route=%2Fwp%2Fv2%2Fcomments&post=29581"}],"version-history":[{"count":1,"href":"https:\/\/lequotidien.mr\/index.php?rest_route=\/wp\/v2\/posts\/29581\/revisions"}],"predecessor-version":[{"id":29583,"href":"https:\/\/lequotidien.mr\/index.php?rest_route=\/wp\/v2\/posts\/29581\/revisions\/29583"}],"wp:featuredmedia":[{"embeddable":true,"href":"https:\/\/lequotidien.mr\/index.php?rest_route=\/wp\/v2\/media\/29582"}],"wp:attachment":[{"href":"https:\/\/lequotidien.mr\/index.php?rest_route=%2Fwp%2Fv2%2Fmedia&parent=29581"}],"wp:term":[{"taxonomy":"category","embeddable":true,"href":"https:\/\/lequotidien.mr\/index.php?rest_route=%2Fwp%2Fv2%2Fcategories&post=29581"},{"taxonomy":"post_tag","embeddable":true,"href":"https:\/\/lequotidien.mr\/index.php?rest_route=%2Fwp%2Fv2%2Ftags&post=29581"}],"curies":[{"name":"wp","href":"https:\/\/api.w.org\/{rel}","templated":true}]}}