{"id":29575,"date":"2025-07-26T23:33:23","date_gmt":"2025-07-26T23:33:23","guid":{"rendered":"https:\/\/lequotidien.mr\/?p=29575"},"modified":"2025-07-28T20:20:54","modified_gmt":"2025-07-28T20:20:54","slug":"le-premier-ministre-moctar-djay-consulte-le-secteur-prive-sur-les-defis-de-lindustrialisation-nouakchott-jeudi-25-juillet-2025-le-premier-ministre-m-moctar-djay-a-preside-ce-jeudi-une","status":"publish","type":"post","link":"https:\/\/lequotidien.mr\/?p=29575&lang=fr","title":{"rendered":"Le Premier ministre, M. Moctar Djay, a pr\u00e9sid\u00e9 ce jeudi une r\u00e9union de concertation cruciale avec la F\u00e9d\u00e9ration nationale de l\u2019industrie (FNI)"},"content":{"rendered":"<p>Le Premier ministre, M. Moctar Djay, a pr\u00e9sid\u00e9 ce jeudi une r\u00e9union de concertation cruciale avec la F\u00e9d\u00e9ration nationale de l\u2019industrie (FNI) dans la salle de r\u00e9union du Premier minist\u00e8re. Cette rencontre s&#8217;est tenue en pr\u00e9sence du pr\u00e9sident de l\u2019Union nationale du patronat de Mauritanie (UNPM), M. Mohamed Zeine El Abidine Cheikh Ahmed.<\/p>\n<p>Cette initiative s&#8217;inscrit dans une s\u00e9rie de consultations engag\u00e9es par le gouvernement avec les diff\u00e9rentes composantes de l&#8217;UNPM. Comme l&#8217;a rappel\u00e9 le Premier ministre, ces \u00e9changes r\u00e9pondent aux directives de Son Excellence le Pr\u00e9sident de la R\u00e9publique, M. Mohamed Cheikh El Ghazouani. L&#8217;objectif central est d&#8217;identifier pr\u00e9cis\u00e9ment les obstacles freinant la croissance et le progr\u00e8s du secteur priv\u00e9 national, moteur essentiel de l&#8217;\u00e9conomie.<\/p>\n<p>Au cours de la r\u00e9union, le Premier ministre Djay et son \u00e9quipe ont \u00e9cout\u00e9 attentivement les interventions des repr\u00e9sentants du secteur industriel. Ceux-ci ont expos\u00e9 les d\u00e9fis communs entravant le processus d&#8217;industrialisation en Mauritanie, ainsi que les difficult\u00e9s sp\u00e9cifiques rencontr\u00e9es dans leurs diff\u00e9rents domaines d&#8217;activit\u00e9.<\/p>\n<p><strong>Feuille de route gouvernementale<\/strong><\/p>\n<p>Prenant la parole \u00e0 l&#8217;issue de ces \u00e9changes, le chef du gouvernement a r\u00e9affirm\u00e9 la vision \u00e9conomique du Pr\u00e9sident de la R\u00e9publique. &#8220;La vision de Son Excellence le Pr\u00e9sident de la R\u00e9publique pour le d\u00e9veloppement de l\u2019\u00e9conomie du pays est bas\u00e9e sur la promotion du secteur priv\u00e9 et l\u2019aplanissement des difficult\u00e9s&#8221;, a d\u00e9clar\u00e9 M. Djay. Il a soulign\u00e9 le r\u00f4le central d\u00e9volu au secteur priv\u00e9 dans le d\u00e9veloppement national et l&#8217;acc\u00e9l\u00e9ration de la croissance \u00e9conomique.<\/p>\n<p>En application de cette vision, le Premier ministre a indiqu\u00e9 que le gouvernement travaille activement sur &#8220;un plan strat\u00e9gique progressif&#8221;. Ce plan ambitieux vise \u00e0 apporter des solutions aux probl\u00e8mes structurels identifi\u00e9s comme \u00e9tant les freins majeurs \u00e0 une v\u00e9ritable &#8220;renaissance&#8221; \u00e9conomique du pays. &#8220;Sans r\u00e9soudre ces probl\u00e8mes centraux, il n\u2019y a pas de renaissance possible&#8221;, a-t-il insist\u00e9.<\/p>\n<p><strong>Appel \u00e0 la coh\u00e9sion du secteur priv\u00e9<\/strong><\/p>\n<p>Le Premier ministre a \u00e9galement lanc\u00e9 un appel fort \u00e0 la responsabilit\u00e9 et \u00e0 l&#8217;unit\u00e9 des acteurs \u00e9conomiques priv\u00e9s. Il a soulign\u00e9 &#8220;la n\u00e9cessit\u00e9 d\u2019une coordination entre les composantes du secteur priv\u00e9 pour r\u00e9soudre les probl\u00e8mes internes&#8221;. Selon lui, sans cette coordination et cette r\u00e9solution des difficult\u00e9s internes au secteur, &#8220;les solutions qui seront adopt\u00e9es [par le gouvernement] resteront incompl\u00e8tes et en de\u00e7\u00e0 du niveau requis&#8221;.<\/p>\n<p>Cette r\u00e9union marque une \u00e9tape importante dans le dialogue continu entre le gouvernement et le secteur priv\u00e9 mauritanien. Elle d\u00e9montre la volont\u00e9 des autorit\u00e9s, sous l&#8217;impulsion du Pr\u00e9sident El Ghazouani, de placer le d\u00e9veloppement industriel et la facilitation des affaires au c\u0153ur de leur strat\u00e9gie pour une \u00e9conomie nationale plus robuste et diversifi\u00e9e. Les attentes sont d\u00e9sormais tourn\u00e9es vers la concr\u00e9tisation du plan strat\u00e9gique gouvernemental et la r\u00e9ponse aux pr\u00e9occupations soulev\u00e9es par les industriels.<\/p>\n<p>&nbsp;<\/p>\n","protected":false},"excerpt":{"rendered":"<p>Le Premier ministre, M. Moctar Djay, a pr\u00e9sid\u00e9 ce jeudi une r\u00e9union de concertation cruciale avec la F\u00e9d\u00e9ration nationale de l\u2019industrie (FNI) dans la salle de r\u00e9union du Premier minist\u00e8re. Cette rencontre s&#8217;est tenue en pr\u00e9sence du pr\u00e9sident de l\u2019Union nationale du patronat de Mauritanie (UNPM), M. Mohamed Zeine El Abidine Cheikh Ahmed. Cette initiative&#8230;..<\/p>\n","protected":false},"author":12,"featured_media":29576,"comment_status":"open","ping_status":"open","sticky":false,"template":"","format":"standard","meta":{"footnotes":""},"categories":[23,49],"tags":[],"class_list":["post-29575","post","type-post","status-publish","format-standard","has-post-thumbnail","hentry","category-actualite","category-economie"],"yoast_head":"<!-- This site is optimized with the Yoast SEO plugin v27.5 - https:\/\/yoast.com\/product\/yoast-seo-wordpress\/ -->\n<title>Le Premier ministre, M. Moctar Djay, a pr\u00e9sid\u00e9 ce jeudi une r\u00e9union de concertation cruciale avec la F\u00e9d\u00e9ration nationale de l\u2019industrie (FNI) - Le Quotidien de Nouakchott<\/title>\n<meta name=\"robots\" content=\"index, follow, max-snippet:-1, max-image-preview:large, max-video-preview:-1\" \/>\n<link rel=\"canonical\" href=\"https:\/\/lequotidien.mr\/?p=29575&lang=fr\" \/>\n<meta property=\"og:locale\" content=\"ar_AR\" \/>\n<meta property=\"og:type\" content=\"article\" \/>\n<meta property=\"og:title\" content=\"Le Premier ministre, M. Moctar Djay, a pr\u00e9sid\u00e9 ce jeudi une r\u00e9union de concertation cruciale avec la F\u00e9d\u00e9ration nationale de l\u2019industrie (FNI) - Le Quotidien de Nouakchott\" \/>\n<meta property=\"og:description\" content=\"Le Premier ministre, M. Moctar Djay, a pr\u00e9sid\u00e9 ce jeudi une r\u00e9union de concertation cruciale avec la F\u00e9d\u00e9ration nationale de l\u2019industrie (FNI) dans la salle de r\u00e9union du Premier minist\u00e8re. Cette rencontre s&#8217;est tenue en pr\u00e9sence du pr\u00e9sident de l\u2019Union nationale du patronat de Mauritanie (UNPM), M. Mohamed Zeine El Abidine Cheikh Ahmed. Cette initiative.....\" \/>\n<meta property=\"og:url\" content=\"https:\/\/lequotidien.mr\/?p=29575&amp;lang=fr\" \/>\n<meta property=\"og:site_name\" content=\"Le Quotidien de Nouakchott\" \/>\n<meta property=\"article:publisher\" content=\"https:\/\/web.facebook.com\/lequotidienmr\" \/>\n<meta property=\"article:published_time\" content=\"2025-07-26T23:33:23+00:00\" \/>\n<meta property=\"article:modified_time\" content=\"2025-07-28T20:20:54+00:00\" \/>\n<meta property=\"og:image\" content=\"https:\/\/lequotidien.mr\/wp-content\/uploads\/2025\/07\/photo-PM-_-federation.jpg\" \/>\n\t<meta property=\"og:image:width\" content=\"750\" \/>\n\t<meta property=\"og:image:height\" content=\"430\" \/>\n\t<meta property=\"og:image:type\" content=\"image\/jpeg\" \/>\n<meta name=\"author\" content=\"Med Ahmed\" \/>\n<meta name=\"twitter:card\" content=\"summary_large_image\" \/>\n<meta name=\"twitter:creator\" content=\"@lequotidienmr\" \/>\n<meta name=\"twitter:site\" content=\"@lequotidienmr\" \/>\n<meta name=\"twitter:label1\" content=\"\u0643\u064f\u062a\u0628 \u0628\u0648\u0627\u0633\u0637\u0629\" \/>\n\t<meta name=\"twitter:data1\" content=\"Med Ahmed\" \/>\n\t<meta name=\"twitter:label2\" content=\"\u0648\u0642\u062a \u0627\u0644\u0642\u0631\u0627\u0621\u0629 \u0627\u0644\u0645\u064f\u0642\u062f\u0651\u0631\" \/>\n\t<meta name=\"twitter:data2\" content=\"4 \u062f\u0642\u0627\u0626\u0642\" \/>\n<script type=\"application\/ld+json\" class=\"yoast-schema-graph\">{\"@context\":\"https:\\\/\\\/schema.org\",\"@graph\":[{\"@type\":\"Article\",\"@id\":\"https:\\\/\\\/lequotidien.mr\\\/?p=29575&lang=fr#article\",\"isPartOf\":{\"@id\":\"https:\\\/\\\/lequotidien.mr\\\/?p=29575&lang=fr\"},\"author\":{\"name\":\"Med Ahmed\",\"@id\":\"https:\\\/\\\/lequotidien.mr\\\/#\\\/schema\\\/person\\\/d2d350202a4d599685ed8abc25f97596\"},\"headline\":\"Le Premier ministre, M. Moctar Djay, a pr\u00e9sid\u00e9 ce jeudi une r\u00e9union de concertation cruciale avec la F\u00e9d\u00e9ration nationale de l\u2019industrie (FNI)\",\"datePublished\":\"2025-07-26T23:33:23+00:00\",\"dateModified\":\"2025-07-28T20:20:54+00:00\",\"mainEntityOfPage\":{\"@id\":\"https:\\\/\\\/lequotidien.mr\\\/?p=29575&lang=fr\"},\"wordCount\":554,\"commentCount\":0,\"publisher\":{\"@id\":\"https:\\\/\\\/lequotidien.mr\\\/#organization\"},\"image\":{\"@id\":\"https:\\\/\\\/lequotidien.mr\\\/?p=29575&lang=fr#primaryimage\"},\"thumbnailUrl\":\"https:\\\/\\\/lequotidien.mr\\\/wp-content\\\/uploads\\\/2025\\\/07\\\/photo-PM-_-federation.jpg\",\"articleSection\":[\"ACTUALIT\u00c9\",\"Economie\"],\"inLanguage\":\"ar\",\"potentialAction\":[{\"@type\":\"CommentAction\",\"name\":\"Comment\",\"target\":[\"https:\\\/\\\/lequotidien.mr\\\/?p=29575&lang=fr#respond\"]}]},{\"@type\":\"WebPage\",\"@id\":\"https:\\\/\\\/lequotidien.mr\\\/?p=29575&lang=fr\",\"url\":\"https:\\\/\\\/lequotidien.mr\\\/?p=29575&lang=fr\",\"name\":\"Le Premier ministre, M. Moctar Djay, a pr\u00e9sid\u00e9 ce jeudi une r\u00e9union de concertation cruciale avec la F\u00e9d\u00e9ration nationale de l\u2019industrie (FNI) - Le Quotidien de Nouakchott\",\"isPartOf\":{\"@id\":\"https:\\\/\\\/lequotidien.mr\\\/#website\"},\"primaryImageOfPage\":{\"@id\":\"https:\\\/\\\/lequotidien.mr\\\/?p=29575&lang=fr#primaryimage\"},\"image\":{\"@id\":\"https:\\\/\\\/lequotidien.mr\\\/?p=29575&lang=fr#primaryimage\"},\"thumbnailUrl\":\"https:\\\/\\\/lequotidien.mr\\\/wp-content\\\/uploads\\\/2025\\\/07\\\/photo-PM-_-federation.jpg\",\"datePublished\":\"2025-07-26T23:33:23+00:00\",\"dateModified\":\"2025-07-28T20:20:54+00:00\",\"breadcrumb\":{\"@id\":\"https:\\\/\\\/lequotidien.mr\\\/?p=29575&lang=fr#breadcrumb\"},\"inLanguage\":\"ar\",\"potentialAction\":[{\"@type\":\"ReadAction\",\"target\":[\"https:\\\/\\\/lequotidien.mr\\\/?p=29575&lang=fr\"]}]},{\"@type\":\"ImageObject\",\"inLanguage\":\"ar\",\"@id\":\"https:\\\/\\\/lequotidien.mr\\\/?p=29575&lang=fr#primaryimage\",\"url\":\"https:\\\/\\\/lequotidien.mr\\\/wp-content\\\/uploads\\\/2025\\\/07\\\/photo-PM-_-federation.jpg\",\"contentUrl\":\"https:\\\/\\\/lequotidien.mr\\\/wp-content\\\/uploads\\\/2025\\\/07\\\/photo-PM-_-federation.jpg\",\"width\":750,\"height\":430},{\"@type\":\"BreadcrumbList\",\"@id\":\"https:\\\/\\\/lequotidien.mr\\\/?p=29575&lang=fr#breadcrumb\",\"itemListElement\":[{\"@type\":\"ListItem\",\"position\":1,\"name\":\"Home\",\"item\":\"https:\\\/\\\/lequotidien.mr\\\/\"},{\"@type\":\"ListItem\",\"position\":2,\"name\":\"Le Premier ministre, M. Moctar Djay, a pr\u00e9sid\u00e9 ce jeudi une r\u00e9union de concertation cruciale avec la F\u00e9d\u00e9ration nationale de l\u2019industrie (FNI)\"}]},{\"@type\":\"WebSite\",\"@id\":\"https:\\\/\\\/lequotidien.mr\\\/#website\",\"url\":\"https:\\\/\\\/lequotidien.mr\\\/\",\"name\":\"Le Quotidien de Nouakchott\",\"description\":\"\u0625\u062e\u0628\u0627\u0631\u064a\u0629 \u0645\u0633\u062a\u0642\u0644\u0629 \u0644\u0644\u0623\u0646\u0628\u0627\u0621 \u0627\u0644\u0639\u0627\u0645\u0629\",\"publisher\":{\"@id\":\"https:\\\/\\\/lequotidien.mr\\\/#organization\"},\"potentialAction\":[{\"@type\":\"SearchAction\",\"target\":{\"@type\":\"EntryPoint\",\"urlTemplate\":\"https:\\\/\\\/lequotidien.mr\\\/?s={search_term_string}\"},\"query-input\":{\"@type\":\"PropertyValueSpecification\",\"valueRequired\":true,\"valueName\":\"search_term_string\"}}],\"inLanguage\":\"ar\"},{\"@type\":\"Organization\",\"@id\":\"https:\\\/\\\/lequotidien.mr\\\/#organization\",\"name\":\"Le Quotidien de Nouakchott\",\"url\":\"https:\\\/\\\/lequotidien.mr\\\/\",\"logo\":{\"@type\":\"ImageObject\",\"inLanguage\":\"ar\",\"@id\":\"https:\\\/\\\/lequotidien.mr\\\/#\\\/schema\\\/logo\\\/image\\\/\",\"url\":\"https:\\\/\\\/lequotidien.mr\\\/wp-content\\\/uploads\\\/2022\\\/11\\\/logolequotidien.jpg\",\"contentUrl\":\"https:\\\/\\\/lequotidien.mr\\\/wp-content\\\/uploads\\\/2022\\\/11\\\/logolequotidien.jpg\",\"width\":290,\"height\":65,\"caption\":\"Le Quotidien de Nouakchott\"},\"image\":{\"@id\":\"https:\\\/\\\/lequotidien.mr\\\/#\\\/schema\\\/logo\\\/image\\\/\"},\"sameAs\":[\"https:\\\/\\\/web.facebook.com\\\/lequotidienmr\",\"https:\\\/\\\/x.com\\\/lequotidienmr\"]},{\"@type\":\"Person\",\"@id\":\"https:\\\/\\\/lequotidien.mr\\\/#\\\/schema\\\/person\\\/d2d350202a4d599685ed8abc25f97596\",\"name\":\"Med Ahmed\",\"image\":{\"@type\":\"ImageObject\",\"inLanguage\":\"ar\",\"@id\":\"https:\\\/\\\/secure.gravatar.com\\\/avatar\\\/fd2acc62ed50732923d1d39c17172c9b04149f142be92310ecc69e1358f94b52?s=96&d=mm&r=g\",\"url\":\"https:\\\/\\\/secure.gravatar.com\\\/avatar\\\/fd2acc62ed50732923d1d39c17172c9b04149f142be92310ecc69e1358f94b52?s=96&d=mm&r=g\",\"contentUrl\":\"https:\\\/\\\/secure.gravatar.com\\\/avatar\\\/fd2acc62ed50732923d1d39c17172c9b04149f142be92310ecc69e1358f94b52?s=96&d=mm&r=g\",\"caption\":\"Med Ahmed\"},\"url\":\"https:\\\/\\\/lequotidien.mr\\\/?author=12\"}]}<\/script>\n<!-- \/ Yoast SEO plugin. -->","yoast_head_json":{"title":"Le Premier ministre, M. Moctar Djay, a pr\u00e9sid\u00e9 ce jeudi une r\u00e9union de concertation cruciale avec la F\u00e9d\u00e9ration nationale de l\u2019industrie (FNI) - Le Quotidien de Nouakchott","robots":{"index":"index","follow":"follow","max-snippet":"max-snippet:-1","max-image-preview":"max-image-preview:large","max-video-preview":"max-video-preview:-1"},"canonical":"https:\/\/lequotidien.mr\/?p=29575&lang=fr","og_locale":"ar_AR","og_type":"article","og_title":"Le Premier ministre, M. Moctar Djay, a pr\u00e9sid\u00e9 ce jeudi une r\u00e9union de concertation cruciale avec la F\u00e9d\u00e9ration nationale de l\u2019industrie (FNI) - Le Quotidien de Nouakchott","og_description":"Le Premier ministre, M. Moctar Djay, a pr\u00e9sid\u00e9 ce jeudi une r\u00e9union de concertation cruciale avec la F\u00e9d\u00e9ration nationale de l\u2019industrie (FNI) dans la salle de r\u00e9union du Premier minist\u00e8re. Cette rencontre s&#8217;est tenue en pr\u00e9sence du pr\u00e9sident de l\u2019Union nationale du patronat de Mauritanie (UNPM), M. Mohamed Zeine El Abidine Cheikh Ahmed. Cette initiative.....","og_url":"https:\/\/lequotidien.mr\/?p=29575&lang=fr","og_site_name":"Le Quotidien de Nouakchott","article_publisher":"https:\/\/web.facebook.com\/lequotidienmr","article_published_time":"2025-07-26T23:33:23+00:00","article_modified_time":"2025-07-28T20:20:54+00:00","og_image":[{"width":750,"height":430,"url":"https:\/\/lequotidien.mr\/wp-content\/uploads\/2025\/07\/photo-PM-_-federation.jpg","type":"image\/jpeg"}],"author":"Med Ahmed","twitter_card":"summary_large_image","twitter_creator":"@lequotidienmr","twitter_site":"@lequotidienmr","twitter_misc":{"\u0643\u064f\u062a\u0628 \u0628\u0648\u0627\u0633\u0637\u0629":"Med Ahmed","\u0648\u0642\u062a \u0627\u0644\u0642\u0631\u0627\u0621\u0629 \u0627\u0644\u0645\u064f\u0642\u062f\u0651\u0631":"4 \u062f\u0642\u0627\u0626\u0642"},"schema":{"@context":"https:\/\/schema.org","@graph":[{"@type":"Article","@id":"https:\/\/lequotidien.mr\/?p=29575&lang=fr#article","isPartOf":{"@id":"https:\/\/lequotidien.mr\/?p=29575&lang=fr"},"author":{"name":"Med Ahmed","@id":"https:\/\/lequotidien.mr\/#\/schema\/person\/d2d350202a4d599685ed8abc25f97596"},"headline":"Le Premier ministre, M. Moctar Djay, a pr\u00e9sid\u00e9 ce jeudi une r\u00e9union de concertation cruciale avec la F\u00e9d\u00e9ration nationale de l\u2019industrie (FNI)","datePublished":"2025-07-26T23:33:23+00:00","dateModified":"2025-07-28T20:20:54+00:00","mainEntityOfPage":{"@id":"https:\/\/lequotidien.mr\/?p=29575&lang=fr"},"wordCount":554,"commentCount":0,"publisher":{"@id":"https:\/\/lequotidien.mr\/#organization"},"image":{"@id":"https:\/\/lequotidien.mr\/?p=29575&lang=fr#primaryimage"},"thumbnailUrl":"https:\/\/lequotidien.mr\/wp-content\/uploads\/2025\/07\/photo-PM-_-federation.jpg","articleSection":["ACTUALIT\u00c9","Economie"],"inLanguage":"ar","potentialAction":[{"@type":"CommentAction","name":"Comment","target":["https:\/\/lequotidien.mr\/?p=29575&lang=fr#respond"]}]},{"@type":"WebPage","@id":"https:\/\/lequotidien.mr\/?p=29575&lang=fr","url":"https:\/\/lequotidien.mr\/?p=29575&lang=fr","name":"Le Premier ministre, M. Moctar Djay, a pr\u00e9sid\u00e9 ce jeudi une r\u00e9union de concertation cruciale avec la F\u00e9d\u00e9ration nationale de l\u2019industrie (FNI) - Le Quotidien de Nouakchott","isPartOf":{"@id":"https:\/\/lequotidien.mr\/#website"},"primaryImageOfPage":{"@id":"https:\/\/lequotidien.mr\/?p=29575&lang=fr#primaryimage"},"image":{"@id":"https:\/\/lequotidien.mr\/?p=29575&lang=fr#primaryimage"},"thumbnailUrl":"https:\/\/lequotidien.mr\/wp-content\/uploads\/2025\/07\/photo-PM-_-federation.jpg","datePublished":"2025-07-26T23:33:23+00:00","dateModified":"2025-07-28T20:20:54+00:00","breadcrumb":{"@id":"https:\/\/lequotidien.mr\/?p=29575&lang=fr#breadcrumb"},"inLanguage":"ar","potentialAction":[{"@type":"ReadAction","target":["https:\/\/lequotidien.mr\/?p=29575&lang=fr"]}]},{"@type":"ImageObject","inLanguage":"ar","@id":"https:\/\/lequotidien.mr\/?p=29575&lang=fr#primaryimage","url":"https:\/\/lequotidien.mr\/wp-content\/uploads\/2025\/07\/photo-PM-_-federation.jpg","contentUrl":"https:\/\/lequotidien.mr\/wp-content\/uploads\/2025\/07\/photo-PM-_-federation.jpg","width":750,"height":430},{"@type":"BreadcrumbList","@id":"https:\/\/lequotidien.mr\/?p=29575&lang=fr#breadcrumb","itemListElement":[{"@type":"ListItem","position":1,"name":"Home","item":"https:\/\/lequotidien.mr\/"},{"@type":"ListItem","position":2,"name":"Le Premier ministre, M. Moctar Djay, a pr\u00e9sid\u00e9 ce jeudi une r\u00e9union de concertation cruciale avec la F\u00e9d\u00e9ration nationale de l\u2019industrie (FNI)"}]},{"@type":"WebSite","@id":"https:\/\/lequotidien.mr\/#website","url":"https:\/\/lequotidien.mr\/","name":"Le Quotidien de Nouakchott","description":"\u0625\u062e\u0628\u0627\u0631\u064a\u0629 \u0645\u0633\u062a\u0642\u0644\u0629 \u0644\u0644\u0623\u0646\u0628\u0627\u0621 \u0627\u0644\u0639\u0627\u0645\u0629","publisher":{"@id":"https:\/\/lequotidien.mr\/#organization"},"potentialAction":[{"@type":"SearchAction","target":{"@type":"EntryPoint","urlTemplate":"https:\/\/lequotidien.mr\/?s={search_term_string}"},"query-input":{"@type":"PropertyValueSpecification","valueRequired":true,"valueName":"search_term_string"}}],"inLanguage":"ar"},{"@type":"Organization","@id":"https:\/\/lequotidien.mr\/#organization","name":"Le Quotidien de Nouakchott","url":"https:\/\/lequotidien.mr\/","logo":{"@type":"ImageObject","inLanguage":"ar","@id":"https:\/\/lequotidien.mr\/#\/schema\/logo\/image\/","url":"https:\/\/lequotidien.mr\/wp-content\/uploads\/2022\/11\/logolequotidien.jpg","contentUrl":"https:\/\/lequotidien.mr\/wp-content\/uploads\/2022\/11\/logolequotidien.jpg","width":290,"height":65,"caption":"Le Quotidien de Nouakchott"},"image":{"@id":"https:\/\/lequotidien.mr\/#\/schema\/logo\/image\/"},"sameAs":["https:\/\/web.facebook.com\/lequotidienmr","https:\/\/x.com\/lequotidienmr"]},{"@type":"Person","@id":"https:\/\/lequotidien.mr\/#\/schema\/person\/d2d350202a4d599685ed8abc25f97596","name":"Med Ahmed","image":{"@type":"ImageObject","inLanguage":"ar","@id":"https:\/\/secure.gravatar.com\/avatar\/fd2acc62ed50732923d1d39c17172c9b04149f142be92310ecc69e1358f94b52?s=96&d=mm&r=g","url":"https:\/\/secure.gravatar.com\/avatar\/fd2acc62ed50732923d1d39c17172c9b04149f142be92310ecc69e1358f94b52?s=96&d=mm&r=g","contentUrl":"https:\/\/secure.gravatar.com\/avatar\/fd2acc62ed50732923d1d39c17172c9b04149f142be92310ecc69e1358f94b52?s=96&d=mm&r=g","caption":"Med Ahmed"},"url":"https:\/\/lequotidien.mr\/?author=12"}]}},"_links":{"self":[{"href":"https:\/\/lequotidien.mr\/index.php?rest_route=\/wp\/v2\/posts\/29575","targetHints":{"allow":["GET"]}}],"collection":[{"href":"https:\/\/lequotidien.mr\/index.php?rest_route=\/wp\/v2\/posts"}],"about":[{"href":"https:\/\/lequotidien.mr\/index.php?rest_route=\/wp\/v2\/types\/post"}],"author":[{"embeddable":true,"href":"https:\/\/lequotidien.mr\/index.php?rest_route=\/wp\/v2\/users\/12"}],"replies":[{"embeddable":true,"href":"https:\/\/lequotidien.mr\/index.php?rest_route=%2Fwp%2Fv2%2Fcomments&post=29575"}],"version-history":[{"count":2,"href":"https:\/\/lequotidien.mr\/index.php?rest_route=\/wp\/v2\/posts\/29575\/revisions"}],"predecessor-version":[{"id":29617,"href":"https:\/\/lequotidien.mr\/index.php?rest_route=\/wp\/v2\/posts\/29575\/revisions\/29617"}],"wp:featuredmedia":[{"embeddable":true,"href":"https:\/\/lequotidien.mr\/index.php?rest_route=\/wp\/v2\/media\/29576"}],"wp:attachment":[{"href":"https:\/\/lequotidien.mr\/index.php?rest_route=%2Fwp%2Fv2%2Fmedia&parent=29575"}],"wp:term":[{"taxonomy":"category","embeddable":true,"href":"https:\/\/lequotidien.mr\/index.php?rest_route=%2Fwp%2Fv2%2Fcategories&post=29575"},{"taxonomy":"post_tag","embeddable":true,"href":"https:\/\/lequotidien.mr\/index.php?rest_route=%2Fwp%2Fv2%2Ftags&post=29575"}],"curies":[{"name":"wp","href":"https:\/\/api.w.org\/{rel}","templated":true}]}}